{"id":73010,"date":"2024-06-28T16:23:58","date_gmt":"2024-06-28T14:23:58","guid":{"rendered":"https:\/\/lightweb.dev\/l\/svm-temp\/?p=73010"},"modified":"2024-06-28T16:29:42","modified_gmt":"2024-06-28T14:29:42","slug":"seatrade-med-atervander-till-malaga","status":"publish","type":"post","link":"https:\/\/lightweb.dev\/l\/svm-temp\/nyheter\/seatrade-med-atervander-till-malaga\/","title":{"rendered":"Seatrade Med \u00e5terv\u00e4nder till M\u00e1laga"},"content":{"rendered":"<p><strong>M\u00e1laga st\u00e5r som v\u00e4rd f\u00f6r Medelhavets st\u00f6rsta kryssningsm\u00e4ssa, Seatrade Med, mellan 11 och 12 september.\u00a0<\/strong><\/p>\n<p><span style=\"font-weight: 400;\">Det blir andra g\u00e5ngen som utst\u00e4llningen h\u00e5lls i Palacio de Ferias. Ungef\u00e4r 2 000 personer fr\u00e5n branschen, cirka 200 representanter fr\u00e5n v\u00e4rldens ledande kryssningstf\u00f6retag och omkring 180 utst\u00e4llningsf\u00f6retag fr\u00e5n 80 olika l\u00e4nder kommer att samlas under de tv\u00e5 dagarna.\u00a0<\/span><\/p>\n<p><span style=\"font-weight: 400;\">Detta blir andra \u00e5ret i rad som Seatrade Med h\u00e5lls i M\u00e1laga. Det har aldrig h\u00e4nt tidigare att det \u00e5terv\u00e4nder till samma stad tv\u00e5 \u00e5r i rad. Men f\u00f6rra \u00e5ret blev en stor succ\u00e9 och d\u00e4rf\u00f6r har man \u00e5terigen valt Andalusiens huvudstad. Chiara Giorgio, Seatrades globala varum\u00e4rkeschef, s\u00e4ger att \u201cM\u00e1laga \u00e4r redo att v\u00e4lkomna v\u00e4rldens kryssningsgemenskap\u201d.\u00a0<\/span><\/p>\n<h2><span style=\"font-weight: 400;\">H\u00e5llbar turism<\/span><\/h2>\n<p><span style=\"font-weight: 400;\">N\u00e4r platsen f\u00f6r \u00e5rets upplaga tillk\u00e4nnagavs sade chefen f\u00f6r hamnmyndigheten i M\u00e1laga, Carlos Rubio, att Palmeras de la Sorpresas, precis som i fjol, kommer att f\u00f6rvandlas f\u00f6r att efterlikna d\u00e4cket p\u00e5 ett kryssningsfartyg. D\u00e4r kommer det bjudas p\u00e5 rekreationsaktiviteter, matdemonstrationer och konserter. Kryssningsf\u00f6retagen kommer \u00e4ven ha b\u00e5s d\u00e4r de visar upp sina resealternativ f\u00f6r de som planerar att boka en kryssning.\u00a0<\/span><\/p>\n<p><span style=\"font-weight: 400;\">\u201cSeatrade Med \u00e4r ett unikt tillf\u00e4lle att etablera kontakter mellan frakt- och kryssningsfartyg s\u00e5 att deras chefer kan l\u00e4ra k\u00e4nna stadens infrastruktur, dess attraktioner, gastronomi och njuta av ett bra klimat,\u201d f\u00f6rklarade Rubio. Som tillade att kryssningssektorn bidrar med en halv miljon bes\u00f6kare under \u00e5ret, framf\u00f6rallt p\u00e5 v\u00e5ren och h\u00f6sten.\u00a0\u00a0\u00a0\u00a0\u00a0\u00a0<\/span><\/p>\n<p><span style=\"font-weight: 400;\">Han sade ocks\u00e5 att det \u00e4r en v\u00e4ldigt h\u00e5llbar typ av turism eftersom f\u00f6retagen och hamnarna investerar kraftigt i planer f\u00f6r att kunna ladda fartygen med el n\u00e4r de har lagt till och d\u00e4rmed kan sl\u00e5 av sina motorer.\u00a0<\/span><\/p>\n<p><span style=\"font-weight: 400;\">Enligt Rubio \u00e4r Medelhavet den n\u00e4st viktigaste platsen i v\u00e4rlden f\u00f6r denna typ av turism. Det utg\u00f6r 21,5 procent av den totala marknaden och under det senaste \u00e5ret har antalet passagerare \u00f6kat med 6,6 procent. Totalt seglar 172 kryssningsfartyg p\u00e5 v\u00e4rldens hav och 40 procent av dem utg\u00e5r fr\u00e5n Medelhavet. Totalt r\u00f6r sig 7 miljoner m\u00e4nniskor \u00f6ver havet varje \u00e5r, varav 73 procent g\u00f6r det i den v\u00e4stra delen, d\u00e4r M\u00e1laga ligger.\u00a0<\/span><\/p>\n<p><span style=\"font-weight: 400;\">Regionregeringens delegat f\u00f6r turism i M\u00e1laga, Gemma del Corral, kallar Seatrade Med f\u00f6r ett utm\u00e4rkt tillf\u00e4lle att knyta staden n\u00e4rmare denna sektor.\u00a0<\/span><\/p>\n","protected":false},"excerpt":{"rendered":"<p>M\u00e1laga st\u00e5r som v\u00e4rd f\u00f6r Medelhavets st\u00f6rsta kryssningsm\u00e4ssa, Seatrade Med, mellan 11 och 12 september.\u00a0<\/p>\n","protected":false},"author":14,"featured_media":57732,"comment_status":"closed","ping_status":"closed","sticky":false,"template":"","format":"standard","meta":{"_et_pb_use_builder":"","_et_pb_old_content":"","_et_gb_content_width":"","footnotes":""},"categories":[395,3],"tags":[],"class_list":["post-73010","post","type-post","status-publish","format-standard","has-post-thumbnail","hentry","category-arkiv-nyheter","category-nyheter"],"yoast_head":"<!-- This site is optimized with the Yoast SEO Premium plugin v26.2 (Yoast SEO v27.5) - https:\/\/yoast.com\/product\/yoast-seo-premium-wordpress\/ -->\n<title>Seatrade Med \u00e5terv\u00e4nder till M\u00e1laga - Svenska Magasinet<\/title>\n<meta name=\"robots\" content=\"noindex, follow, max-snippet:-1, max-image-preview:large, max-video-preview:-1\" \/>\n<meta property=\"og:locale\" content=\"sv_SE\" \/>\n<meta property=\"og:type\" content=\"article\" \/>\n<meta property=\"og:title\" content=\"Seatrade Med \u00e5terv\u00e4nder till M\u00e1laga\" \/>\n<meta property=\"og:description\" content=\"M\u00e1laga st\u00e5r som v\u00e4rd f\u00f6r Medelhavets st\u00f6rsta kryssningsm\u00e4ssa, Seatrade Med, mellan 11 och 12 september.\u00a0\" \/>\n<meta property=\"og:url\" content=\"https:\/\/lightweb.dev\/l\/svm-temp\/artiklar\/event-och-massor\/seatrade-med-atervander-till-malaga\/\" \/>\n<meta property=\"og:site_name\" content=\"Svenska Magasinet\" \/>\n<meta property=\"article:publisher\" content=\"https:\/\/www.facebook.com\/svenskamagasinet\" \/>\n<meta property=\"article:published_time\" content=\"2024-06-28T14:23:58+00:00\" \/>\n<meta property=\"article:modified_time\" content=\"2024-06-28T14:29:42+00:00\" \/>\n<meta property=\"og:image\" content=\"https:\/\/lightweb.dev\/l\/svm-temp\/wp-content\/uploads\/2022\/09\/FcoNutkXEAA0ri4-Stor.jpeg\" \/>\n\t<meta property=\"og:image:width\" content=\"1280\" \/>\n\t<meta property=\"og:image:height\" content=\"960\" \/>\n\t<meta property=\"og:image:type\" content=\"image\/jpeg\" \/>\n<meta name=\"author\" content=\"Robbie Eriksson\" \/>\n<meta name=\"twitter:card\" content=\"summary_large_image\" \/>\n<meta name=\"twitter:creator\" content=\"@SvenskaMagasine\" \/>\n<meta name=\"twitter:site\" content=\"@SvenskaMagasine\" \/>\n<script type=\"application\/ld+json\" class=\"yoast-schema-graph\">{\"@context\":\"https:\\\/\\\/schema.org\",\"@graph\":[{\"@type\":\"Article\",\"@id\":\"https:\\\/\\\/lightweb.dev\\\/l\\\/svm-temp\\\/artiklar\\\/event-och-massor\\\/seatrade-med-atervander-till-malaga\\\/#article\",\"isPartOf\":{\"@id\":\"https:\\\/\\\/lightweb.dev\\\/l\\\/svm-temp\\\/artiklar\\\/event-och-massor\\\/seatrade-med-atervander-till-malaga\\\/\"},\"author\":{\"name\":\"Robbie Eriksson\",\"@id\":\"https:\\\/\\\/lightweb.dev\\\/l\\\/svm-temp\\\/#\\\/schema\\\/person\\\/caffe038990d25722f5a04a03c906a2b\"},\"headline\":\"Seatrade Med \u00e5terv\u00e4nder till M\u00e1laga\",\"datePublished\":\"2024-06-28T14:23:58+00:00\",\"dateModified\":\"2024-06-28T14:29:42+00:00\",\"mainEntityOfPage\":{\"@id\":\"https:\\\/\\\/lightweb.dev\\\/l\\\/svm-temp\\\/artiklar\\\/event-och-massor\\\/seatrade-med-atervander-till-malaga\\\/\"},\"wordCount\":427,\"publisher\":{\"@id\":\"https:\\\/\\\/lightweb.dev\\\/l\\\/svm-temp\\\/#organization\"},\"image\":{\"@id\":\"https:\\\/\\\/lightweb.dev\\\/l\\\/svm-temp\\\/artiklar\\\/event-och-massor\\\/seatrade-med-atervander-till-malaga\\\/#primaryimage\"},\"thumbnailUrl\":\"https:\\\/\\\/lightweb.dev\\\/l\\\/svm-temp\\\/wp-content\\\/uploads\\\/2022\\\/09\\\/FcoNutkXEAA0ri4-Stor.jpeg\",\"articleSection\":[\"Arkiv\",\"Nyheter\"],\"inLanguage\":\"sv-SE\"},{\"@type\":\"WebPage\",\"@id\":\"https:\\\/\\\/lightweb.dev\\\/l\\\/svm-temp\\\/artiklar\\\/event-och-massor\\\/seatrade-med-atervander-till-malaga\\\/\",\"url\":\"https:\\\/\\\/lightweb.dev\\\/l\\\/svm-temp\\\/artiklar\\\/event-och-massor\\\/seatrade-med-atervander-till-malaga\\\/\",\"name\":\"Seatrade Med \u00e5terv\u00e4nder till M\u00e1laga - Svenska Magasinet\",\"isPartOf\":{\"@id\":\"https:\\\/\\\/lightweb.dev\\\/l\\\/svm-temp\\\/#website\"},\"primaryImageOfPage\":{\"@id\":\"https:\\\/\\\/lightweb.dev\\\/l\\\/svm-temp\\\/artiklar\\\/event-och-massor\\\/seatrade-med-atervander-till-malaga\\\/#primaryimage\"},\"image\":{\"@id\":\"https:\\\/\\\/lightweb.dev\\\/l\\\/svm-temp\\\/artiklar\\\/event-och-massor\\\/seatrade-med-atervander-till-malaga\\\/#primaryimage\"},\"thumbnailUrl\":\"https:\\\/\\\/lightweb.dev\\\/l\\\/svm-temp\\\/wp-content\\\/uploads\\\/2022\\\/09\\\/FcoNutkXEAA0ri4-Stor.jpeg\",\"datePublished\":\"2024-06-28T14:23:58+00:00\",\"dateModified\":\"2024-06-28T14:29:42+00:00\",\"breadcrumb\":{\"@id\":\"https:\\\/\\\/lightweb.dev\\\/l\\\/svm-temp\\\/artiklar\\\/event-och-massor\\\/seatrade-med-atervander-till-malaga\\\/#breadcrumb\"},\"inLanguage\":\"sv-SE\",\"potentialAction\":[{\"@type\":\"ReadAction\",\"target\":[\"https:\\\/\\\/lightweb.dev\\\/l\\\/svm-temp\\\/artiklar\\\/event-och-massor\\\/seatrade-med-atervander-till-malaga\\\/\"]}]},{\"@type\":\"ImageObject\",\"inLanguage\":\"sv-SE\",\"@id\":\"https:\\\/\\\/lightweb.dev\\\/l\\\/svm-temp\\\/artiklar\\\/event-och-massor\\\/seatrade-med-atervander-till-malaga\\\/#primaryimage\",\"url\":\"https:\\\/\\\/lightweb.dev\\\/l\\\/svm-temp\\\/wp-content\\\/uploads\\\/2022\\\/09\\\/FcoNutkXEAA0ri4-Stor.jpeg\",\"contentUrl\":\"https:\\\/\\\/lightweb.dev\\\/l\\\/svm-temp\\\/wp-content\\\/uploads\\\/2022\\\/09\\\/FcoNutkXEAA0ri4-Stor.jpeg\",\"width\":1280,\"height\":960,\"caption\":\"Seatrade Med \u00e4r kryssningsturismens egen m\u00e4ssa\"},{\"@type\":\"BreadcrumbList\",\"@id\":\"https:\\\/\\\/lightweb.dev\\\/l\\\/svm-temp\\\/artiklar\\\/event-och-massor\\\/seatrade-med-atervander-till-malaga\\\/#breadcrumb\",\"itemListElement\":[{\"@type\":\"ListItem\",\"position\":1,\"name\":\"Hem\",\"item\":\"https:\\\/\\\/lightweb.dev\\\/l\\\/svm-temp\\\/\"},{\"@type\":\"ListItem\",\"position\":2,\"name\":\"Seatrade Med \u00e5terv\u00e4nder till M\u00e1laga\"}]},{\"@type\":\"WebSite\",\"@id\":\"https:\\\/\\\/lightweb.dev\\\/l\\\/svm-temp\\\/#website\",\"url\":\"https:\\\/\\\/lightweb.dev\\\/l\\\/svm-temp\\\/\",\"name\":\"Svenska Magasinet\",\"description\":\"Dina Spanska nyheter p&aring; Svenska\",\"publisher\":{\"@id\":\"https:\\\/\\\/lightweb.dev\\\/l\\\/svm-temp\\\/#organization\"},\"potentialAction\":[{\"@type\":\"SearchAction\",\"target\":{\"@type\":\"EntryPoint\",\"urlTemplate\":\"https:\\\/\\\/lightweb.dev\\\/l\\\/svm-temp\\\/?s={search_term_string}\"},\"query-input\":{\"@type\":\"PropertyValueSpecification\",\"valueRequired\":true,\"valueName\":\"search_term_string\"}}],\"inLanguage\":\"sv-SE\"},{\"@type\":\"Organization\",\"@id\":\"https:\\\/\\\/lightweb.dev\\\/l\\\/svm-temp\\\/#organization\",\"name\":\"Melkerson y Nott SL\",\"alternateName\":\"Svenska Magasinet\",\"url\":\"https:\\\/\\\/lightweb.dev\\\/l\\\/svm-temp\\\/\",\"logo\":{\"@type\":\"ImageObject\",\"inLanguage\":\"sv-SE\",\"@id\":\"https:\\\/\\\/lightweb.dev\\\/l\\\/svm-temp\\\/#\\\/schema\\\/logo\\\/image\\\/\",\"url\":\"https:\\\/\\\/lightweb.dev\\\/l\\\/svm-temp\\\/wp-content\\\/uploads\\\/2025\\\/02\\\/SvM-logo-Xtra-Centrerad-SVART.png\",\"contentUrl\":\"https:\\\/\\\/lightweb.dev\\\/l\\\/svm-temp\\\/wp-content\\\/uploads\\\/2025\\\/02\\\/SvM-logo-Xtra-Centrerad-SVART.png\",\"width\":300,\"height\":99,\"caption\":\"Melkerson y Nott SL\"},\"image\":{\"@id\":\"https:\\\/\\\/lightweb.dev\\\/l\\\/svm-temp\\\/#\\\/schema\\\/logo\\\/image\\\/\"},\"sameAs\":[\"https:\\\/\\\/www.facebook.com\\\/svenskamagasinet\",\"https:\\\/\\\/x.com\\\/SvenskaMagasine\"]},{\"@type\":\"Person\",\"@id\":\"https:\\\/\\\/lightweb.dev\\\/l\\\/svm-temp\\\/#\\\/schema\\\/person\\\/caffe038990d25722f5a04a03c906a2b\",\"name\":\"Robbie Eriksson\",\"sameAs\":[\"https:\\\/\\\/lightweb.dev\\\/l\\\/svm-temp\"],\"url\":\"https:\\\/\\\/lightweb.dev\\\/l\\\/svm-temp\\\/reporter\\\/robbie-eriksson\\\/\"}]}<\/script>\n<!-- \/ Yoast SEO Premium plugin. -->","yoast_head_json":{"title":"Seatrade Med \u00e5terv\u00e4nder till M\u00e1laga - Svenska Magasinet","robots":{"index":"noindex","follow":"follow","max-snippet":"max-snippet:-1","max-image-preview":"max-image-preview:large","max-video-preview":"max-video-preview:-1"},"og_locale":"sv_SE","og_type":"article","og_title":"Seatrade Med \u00e5terv\u00e4nder till M\u00e1laga","og_description":"M\u00e1laga st\u00e5r som v\u00e4rd f\u00f6r Medelhavets st\u00f6rsta kryssningsm\u00e4ssa, Seatrade Med, mellan 11 och 12 september.\u00a0","og_url":"https:\/\/lightweb.dev\/l\/svm-temp\/artiklar\/event-och-massor\/seatrade-med-atervander-till-malaga\/","og_site_name":"Svenska Magasinet","article_publisher":"https:\/\/www.facebook.com\/svenskamagasinet","article_published_time":"2024-06-28T14:23:58+00:00","article_modified_time":"2024-06-28T14:29:42+00:00","og_image":[{"width":1280,"height":960,"url":"https:\/\/lightweb.dev\/l\/svm-temp\/wp-content\/uploads\/2022\/09\/FcoNutkXEAA0ri4-Stor.jpeg","type":"image\/jpeg"}],"author":"Robbie Eriksson","twitter_card":"summary_large_image","twitter_creator":"@SvenskaMagasine","twitter_site":"@SvenskaMagasine","schema":{"@context":"https:\/\/schema.org","@graph":[{"@type":"Article","@id":"https:\/\/lightweb.dev\/l\/svm-temp\/artiklar\/event-och-massor\/seatrade-med-atervander-till-malaga\/#article","isPartOf":{"@id":"https:\/\/lightweb.dev\/l\/svm-temp\/artiklar\/event-och-massor\/seatrade-med-atervander-till-malaga\/"},"author":{"name":"Robbie Eriksson","@id":"https:\/\/lightweb.dev\/l\/svm-temp\/#\/schema\/person\/caffe038990d25722f5a04a03c906a2b"},"headline":"Seatrade Med \u00e5terv\u00e4nder till M\u00e1laga","datePublished":"2024-06-28T14:23:58+00:00","dateModified":"2024-06-28T14:29:42+00:00","mainEntityOfPage":{"@id":"https:\/\/lightweb.dev\/l\/svm-temp\/artiklar\/event-och-massor\/seatrade-med-atervander-till-malaga\/"},"wordCount":427,"publisher":{"@id":"https:\/\/lightweb.dev\/l\/svm-temp\/#organization"},"image":{"@id":"https:\/\/lightweb.dev\/l\/svm-temp\/artiklar\/event-och-massor\/seatrade-med-atervander-till-malaga\/#primaryimage"},"thumbnailUrl":"https:\/\/lightweb.dev\/l\/svm-temp\/wp-content\/uploads\/2022\/09\/FcoNutkXEAA0ri4-Stor.jpeg","articleSection":["Arkiv","Nyheter"],"inLanguage":"sv-SE"},{"@type":"WebPage","@id":"https:\/\/lightweb.dev\/l\/svm-temp\/artiklar\/event-och-massor\/seatrade-med-atervander-till-malaga\/","url":"https:\/\/lightweb.dev\/l\/svm-temp\/artiklar\/event-och-massor\/seatrade-med-atervander-till-malaga\/","name":"Seatrade Med \u00e5terv\u00e4nder till M\u00e1laga - Svenska Magasinet","isPartOf":{"@id":"https:\/\/lightweb.dev\/l\/svm-temp\/#website"},"primaryImageOfPage":{"@id":"https:\/\/lightweb.dev\/l\/svm-temp\/artiklar\/event-och-massor\/seatrade-med-atervander-till-malaga\/#primaryimage"},"image":{"@id":"https:\/\/lightweb.dev\/l\/svm-temp\/artiklar\/event-och-massor\/seatrade-med-atervander-till-malaga\/#primaryimage"},"thumbnailUrl":"https:\/\/lightweb.dev\/l\/svm-temp\/wp-content\/uploads\/2022\/09\/FcoNutkXEAA0ri4-Stor.jpeg","datePublished":"2024-06-28T14:23:58+00:00","dateModified":"2024-06-28T14:29:42+00:00","breadcrumb":{"@id":"https:\/\/lightweb.dev\/l\/svm-temp\/artiklar\/event-och-massor\/seatrade-med-atervander-till-malaga\/#breadcrumb"},"inLanguage":"sv-SE","potentialAction":[{"@type":"ReadAction","target":["https:\/\/lightweb.dev\/l\/svm-temp\/artiklar\/event-och-massor\/seatrade-med-atervander-till-malaga\/"]}]},{"@type":"ImageObject","inLanguage":"sv-SE","@id":"https:\/\/lightweb.dev\/l\/svm-temp\/artiklar\/event-och-massor\/seatrade-med-atervander-till-malaga\/#primaryimage","url":"https:\/\/lightweb.dev\/l\/svm-temp\/wp-content\/uploads\/2022\/09\/FcoNutkXEAA0ri4-Stor.jpeg","contentUrl":"https:\/\/lightweb.dev\/l\/svm-temp\/wp-content\/uploads\/2022\/09\/FcoNutkXEAA0ri4-Stor.jpeg","width":1280,"height":960,"caption":"Seatrade Med \u00e4r kryssningsturismens egen m\u00e4ssa"},{"@type":"BreadcrumbList","@id":"https:\/\/lightweb.dev\/l\/svm-temp\/artiklar\/event-och-massor\/seatrade-med-atervander-till-malaga\/#breadcrumb","itemListElement":[{"@type":"ListItem","position":1,"name":"Hem","item":"https:\/\/lightweb.dev\/l\/svm-temp\/"},{"@type":"ListItem","position":2,"name":"Seatrade Med \u00e5terv\u00e4nder till M\u00e1laga"}]},{"@type":"WebSite","@id":"https:\/\/lightweb.dev\/l\/svm-temp\/#website","url":"https:\/\/lightweb.dev\/l\/svm-temp\/","name":"Svenska Magasinet","description":"Dina Spanska nyheter p&aring; Svenska","publisher":{"@id":"https:\/\/lightweb.dev\/l\/svm-temp\/#organization"},"potentialAction":[{"@type":"SearchAction","target":{"@type":"EntryPoint","urlTemplate":"https:\/\/lightweb.dev\/l\/svm-temp\/?s={search_term_string}"},"query-input":{"@type":"PropertyValueSpecification","valueRequired":true,"valueName":"search_term_string"}}],"inLanguage":"sv-SE"},{"@type":"Organization","@id":"https:\/\/lightweb.dev\/l\/svm-temp\/#organization","name":"Melkerson y Nott SL","alternateName":"Svenska Magasinet","url":"https:\/\/lightweb.dev\/l\/svm-temp\/","logo":{"@type":"ImageObject","inLanguage":"sv-SE","@id":"https:\/\/lightweb.dev\/l\/svm-temp\/#\/schema\/logo\/image\/","url":"https:\/\/lightweb.dev\/l\/svm-temp\/wp-content\/uploads\/2025\/02\/SvM-logo-Xtra-Centrerad-SVART.png","contentUrl":"https:\/\/lightweb.dev\/l\/svm-temp\/wp-content\/uploads\/2025\/02\/SvM-logo-Xtra-Centrerad-SVART.png","width":300,"height":99,"caption":"Melkerson y Nott SL"},"image":{"@id":"https:\/\/lightweb.dev\/l\/svm-temp\/#\/schema\/logo\/image\/"},"sameAs":["https:\/\/www.facebook.com\/svenskamagasinet","https:\/\/x.com\/SvenskaMagasine"]},{"@type":"Person","@id":"https:\/\/lightweb.dev\/l\/svm-temp\/#\/schema\/person\/caffe038990d25722f5a04a03c906a2b","name":"Robbie Eriksson","sameAs":["https:\/\/lightweb.dev\/l\/svm-temp"],"url":"https:\/\/lightweb.dev\/l\/svm-temp\/reporter\/robbie-eriksson\/"}]}},"_links":{"self":[{"href":"https:\/\/lightweb.dev\/l\/svm-temp\/wp-json\/wp\/v2\/posts\/73010","targetHints":{"allow":["GET"]}}],"collection":[{"href":"https:\/\/lightweb.dev\/l\/svm-temp\/wp-json\/wp\/v2\/posts"}],"about":[{"href":"https:\/\/lightweb.dev\/l\/svm-temp\/wp-json\/wp\/v2\/types\/post"}],"author":[{"embeddable":true,"href":"https:\/\/lightweb.dev\/l\/svm-temp\/wp-json\/wp\/v2\/users\/14"}],"replies":[{"embeddable":true,"href":"https:\/\/lightweb.dev\/l\/svm-temp\/wp-json\/wp\/v2\/comments?post=73010"}],"version-history":[{"count":0,"href":"https:\/\/lightweb.dev\/l\/svm-temp\/wp-json\/wp\/v2\/posts\/73010\/revisions"}],"wp:featuredmedia":[{"embeddable":true,"href":"https:\/\/lightweb.dev\/l\/svm-temp\/wp-json\/wp\/v2\/media\/57732"}],"wp:attachment":[{"href":"https:\/\/lightweb.dev\/l\/svm-temp\/wp-json\/wp\/v2\/media?parent=73010"}],"wp:term":[{"taxonomy":"category","embeddable":true,"href":"https:\/\/lightweb.dev\/l\/svm-temp\/wp-json\/wp\/v2\/categories?post=73010"},{"taxonomy":"post_tag","embeddable":true,"href":"https:\/\/lightweb.dev\/l\/svm-temp\/wp-json\/wp\/v2\/tags?post=73010"}],"curies":[{"name":"wp","href":"https:\/\/api.w.org\/{rel}","templated":true}]}}