{"id":73018,"date":"2024-07-01T16:17:28","date_gmt":"2024-07-01T14:17:28","guid":{"rendered":"https:\/\/lightweb.dev\/l\/svm-temp\/?p=73018"},"modified":"2024-07-01T16:17:28","modified_gmt":"2024-07-01T14:17:28","slug":"forare-som-varnar-andra-om-alkoholkontroller-kan-straffas","status":"publish","type":"post","link":"https:\/\/lightweb.dev\/l\/svm-temp\/nyheter\/forare-som-varnar-andra-om-alkoholkontroller-kan-straffas\/","title":{"rendered":"F\u00f6rare som varnar andra om alkoholkontroller kan straffas"},"content":{"rendered":"<p><strong>DGT vill kunna straffa personer som varnar andra om var polisen har sina alkohol- och drogkontroller p\u00e5 spanska v\u00e4gar.\u00a0<\/strong><\/p>\n<p><span style=\"font-weight: 400;\">Det spanska trafikverket (DGT) vill straffa f\u00f6rare som upplyser andra om var polisen har drog- och alkoholkontroller l\u00e4ngs v\u00e4garna. N\u00e5got som ofta sker via sociala medier eller meddelandetj\u00e4nster. DGT anser att detta beteende inte \u00e4r \u201cmedborgerligt\u201d med tanke p\u00e5 att alkoholp\u00e5verkade f\u00f6rare \u00e4r den n\u00e4st vanligaste faktorn bakom d\u00f6dsolyckor i trafiken.\u00a0<\/span><\/p>\n<p><span style=\"font-weight: 400;\">Inrikesminister Fernando Grande-Marlaska har sagt \u00e5t DGT att unders\u00f6ka m\u00f6jligheten att g\u00f6ra denna typ av upplysningar olaglig. N\u00e5got som redan har gjorts i Frankrike och Schweiz.\u00a0<\/span><\/p>\n<p><span style=\"font-weight: 400;\">Under en presskonferens d\u00e4r man f\u00f6rra veckan visade DGTs sommarkampanj passade ministern p\u00e5 att f\u00f6rd\u00f6ma detta beteende, som han kallar sj\u00e4lviskt och att det &#8221;underminerar polisens arbete mot rattfylla, som \u00e4r en fundamental del av s\u00e4kerheten p\u00e5 v\u00e4garna\u201d.\u00a0<\/span><\/p>\n<p><span style=\"font-weight: 400;\">Sommarens upplysningskampanj fokuserar i h\u00f6g grad p\u00e5 effekten som alkohol och droger har p\u00e5 en f\u00f6rare. \u201cDe forts\u00e4tter att vara ett av de st\u00f6rsta problemen f\u00f6r trafiks\u00e4kerheten i v\u00e5rt land och i hela Europa\u201d, sade Grande-Marlaska. D\u00e4rf\u00f6r p\u00e5minner kampanjen om farorna med att k\u00f6ra under p\u00e5verkan av dessa substanser.\u00a0<\/span><\/p>\n<p><span style=\"font-weight: 400;\">DGTs budskap handlar om att trafiks\u00e4kerhet \u00e4r ett personligt och medvetet val som f\u00f6raren g\u00f6r f\u00f6r att f\u00f6lja lagar och regler och undvika olyckor. \u00c5rets slogan lyder: \u201cV\u00e4gen bryr sig inte hur mycket du har druckit. Bara noll har noll konsekvenser\u201d.\u00a0<\/span><\/p>\n<p><span style=\"font-weight: 400;\">\u201cVi vill visa konsekvenserna av f\u00f6rbjudna beteenden i trafiken som visar ignorans mot samh\u00e4llet. Vi f\u00f6rs\u00f6ker understryka att s\u00e4ker k\u00f6rning \u00e4r ett personligt beslut, att respektera s\u00e4kerhetsregler \u00e4r ett medvetet val som m\u00e5ste g\u00f6ras varje g\u00e5ng man k\u00f6r,\u201d sade ministern. I 29 procent av alla olyckor i trafiken med d\u00f6dlig utg\u00e5ng \u00e4r orsaken att en f\u00f6rare har druckit alkohol. Kampanjen sprids nu i media och p\u00e5 sociala n\u00e4tverk.\u00a0<\/span><\/p>\n<p><span style=\"font-weight: 400;\">Olyckorna \u00f6kar<\/span><\/p>\n<p><span style=\"font-weight: 400;\">Fram till den 23 april i \u00e5r hade 507 personer d\u00f6tt i trafikolyckor. Det \u00e4r 27 fler \u00e4n f\u00f6rra \u00e5ret, vilket motsvarar en \u00f6kning p\u00e5 6 procent. Juli och augusti \u00e4r de m\u00e5nader p\u00e5 \u00e5ret d\u00e5 flest personer ger sig ut p\u00e5 v\u00e4garna. 2023 dog 238 personer och 959 skadades allvarligt under denna period.\u00a0<\/span><\/p>\n<p><span style=\"font-weight: 400;\">Kampanjen riktar sig ocks\u00e5 s\u00e4rskilt till de som k\u00f6r motorcykel. Motorcyklar utg\u00f6r bara 3 procent av den totala trafiken men st\u00e5r f\u00f6r 25 procent av d\u00f6dsolyckorna.\u00a0<\/span><\/p>\n<p>&nbsp;<\/p>\n","protected":false},"excerpt":{"rendered":"<p>DGT vill kunna straffa personer som varnar andra om var polisen har sina alkohol- och drogkontroller p\u00e5 spanska v\u00e4gar.\u00a0<\/p>\n","protected":false},"author":14,"featured_media":73019,"comment_status":"closed","ping_status":"closed","sticky":false,"template":"","format":"standard","meta":{"_et_pb_use_builder":"","_et_pb_old_content":"","_et_gb_content_width":"","footnotes":""},"categories":[395,3],"tags":[],"class_list":["post-73018","post","type-post","status-publish","format-standard","has-post-thumbnail","hentry","category-arkiv-nyheter","category-nyheter"],"yoast_head":"<!-- This site is optimized with the Yoast SEO Premium plugin v26.2 (Yoast SEO v27.5) - https:\/\/yoast.com\/product\/yoast-seo-premium-wordpress\/ -->\n<title>F\u00f6rare som varnar andra om alkoholkontroller kan straffas - Svenska Magasinet<\/title>\n<meta name=\"robots\" content=\"noindex, follow, max-snippet:-1, max-image-preview:large, max-video-preview:-1\" \/>\n<meta property=\"og:locale\" content=\"sv_SE\" \/>\n<meta property=\"og:type\" content=\"article\" \/>\n<meta property=\"og:title\" content=\"F\u00f6rare som varnar andra om alkoholkontroller kan straffas\" \/>\n<meta property=\"og:description\" content=\"DGT vill kunna straffa personer som varnar andra om var polisen har sina alkohol- och drogkontroller p\u00e5 spanska v\u00e4gar.\u00a0\" \/>\n<meta property=\"og:url\" content=\"https:\/\/lightweb.dev\/l\/svm-temp\/nyheter\/forare-som-varnar-andra-om-alkoholkontroller-kan-straffas\/\" \/>\n<meta property=\"og:site_name\" content=\"Svenska Magasinet\" \/>\n<meta property=\"article:publisher\" content=\"https:\/\/www.facebook.com\/svenskamagasinet\" \/>\n<meta property=\"article:published_time\" content=\"2024-07-01T14:17:28+00:00\" \/>\n<meta property=\"og:image\" content=\"https:\/\/lightweb.dev\/l\/svm-temp\/wp-content\/uploads\/2024\/07\/marlaska-kUbD-U101072592324x1-1200x840@Diario-Sur.jpg\" \/>\n\t<meta property=\"og:image:width\" content=\"1200\" \/>\n\t<meta property=\"og:image:height\" content=\"840\" \/>\n\t<meta property=\"og:image:type\" content=\"image\/jpeg\" \/>\n<meta name=\"author\" content=\"Robbie Eriksson\" \/>\n<meta name=\"twitter:card\" content=\"summary_large_image\" \/>\n<meta name=\"twitter:creator\" content=\"@SvenskaMagasine\" \/>\n<meta name=\"twitter:site\" content=\"@SvenskaMagasine\" \/>\n<script type=\"application\/ld+json\" class=\"yoast-schema-graph\">{\"@context\":\"https:\\\/\\\/schema.org\",\"@graph\":[{\"@type\":\"Article\",\"@id\":\"https:\\\/\\\/lightweb.dev\\\/l\\\/svm-temp\\\/nyheter\\\/forare-som-varnar-andra-om-alkoholkontroller-kan-straffas\\\/#article\",\"isPartOf\":{\"@id\":\"https:\\\/\\\/lightweb.dev\\\/l\\\/svm-temp\\\/nyheter\\\/forare-som-varnar-andra-om-alkoholkontroller-kan-straffas\\\/\"},\"author\":{\"name\":\"Robbie Eriksson\",\"@id\":\"https:\\\/\\\/lightweb.dev\\\/l\\\/svm-temp\\\/#\\\/schema\\\/person\\\/caffe038990d25722f5a04a03c906a2b\"},\"headline\":\"F\u00f6rare som varnar andra om alkoholkontroller kan straffas\",\"datePublished\":\"2024-07-01T14:17:28+00:00\",\"mainEntityOfPage\":{\"@id\":\"https:\\\/\\\/lightweb.dev\\\/l\\\/svm-temp\\\/nyheter\\\/forare-som-varnar-andra-om-alkoholkontroller-kan-straffas\\\/\"},\"wordCount\":438,\"publisher\":{\"@id\":\"https:\\\/\\\/lightweb.dev\\\/l\\\/svm-temp\\\/#organization\"},\"image\":{\"@id\":\"https:\\\/\\\/lightweb.dev\\\/l\\\/svm-temp\\\/nyheter\\\/forare-som-varnar-andra-om-alkoholkontroller-kan-straffas\\\/#primaryimage\"},\"thumbnailUrl\":\"https:\\\/\\\/lightweb.dev\\\/l\\\/svm-temp\\\/wp-content\\\/uploads\\\/2024\\\/07\\\/marlaska-kUbD-U101072592324x1-1200x840@Diario-Sur.jpg\",\"articleSection\":[\"Arkiv\",\"Nyheter\"],\"inLanguage\":\"sv-SE\"},{\"@type\":\"WebPage\",\"@id\":\"https:\\\/\\\/lightweb.dev\\\/l\\\/svm-temp\\\/nyheter\\\/forare-som-varnar-andra-om-alkoholkontroller-kan-straffas\\\/\",\"url\":\"https:\\\/\\\/lightweb.dev\\\/l\\\/svm-temp\\\/nyheter\\\/forare-som-varnar-andra-om-alkoholkontroller-kan-straffas\\\/\",\"name\":\"F\u00f6rare som varnar andra om alkoholkontroller kan straffas - Svenska Magasinet\",\"isPartOf\":{\"@id\":\"https:\\\/\\\/lightweb.dev\\\/l\\\/svm-temp\\\/#website\"},\"primaryImageOfPage\":{\"@id\":\"https:\\\/\\\/lightweb.dev\\\/l\\\/svm-temp\\\/nyheter\\\/forare-som-varnar-andra-om-alkoholkontroller-kan-straffas\\\/#primaryimage\"},\"image\":{\"@id\":\"https:\\\/\\\/lightweb.dev\\\/l\\\/svm-temp\\\/nyheter\\\/forare-som-varnar-andra-om-alkoholkontroller-kan-straffas\\\/#primaryimage\"},\"thumbnailUrl\":\"https:\\\/\\\/lightweb.dev\\\/l\\\/svm-temp\\\/wp-content\\\/uploads\\\/2024\\\/07\\\/marlaska-kUbD-U101072592324x1-1200x840@Diario-Sur.jpg\",\"datePublished\":\"2024-07-01T14:17:28+00:00\",\"breadcrumb\":{\"@id\":\"https:\\\/\\\/lightweb.dev\\\/l\\\/svm-temp\\\/nyheter\\\/forare-som-varnar-andra-om-alkoholkontroller-kan-straffas\\\/#breadcrumb\"},\"inLanguage\":\"sv-SE\",\"potentialAction\":[{\"@type\":\"ReadAction\",\"target\":[\"https:\\\/\\\/lightweb.dev\\\/l\\\/svm-temp\\\/nyheter\\\/forare-som-varnar-andra-om-alkoholkontroller-kan-straffas\\\/\"]}]},{\"@type\":\"ImageObject\",\"inLanguage\":\"sv-SE\",\"@id\":\"https:\\\/\\\/lightweb.dev\\\/l\\\/svm-temp\\\/nyheter\\\/forare-som-varnar-andra-om-alkoholkontroller-kan-straffas\\\/#primaryimage\",\"url\":\"https:\\\/\\\/lightweb.dev\\\/l\\\/svm-temp\\\/wp-content\\\/uploads\\\/2024\\\/07\\\/marlaska-kUbD-U101072592324x1-1200x840@Diario-Sur.jpg\",\"contentUrl\":\"https:\\\/\\\/lightweb.dev\\\/l\\\/svm-temp\\\/wp-content\\\/uploads\\\/2024\\\/07\\\/marlaska-kUbD-U101072592324x1-1200x840@Diario-Sur.jpg\",\"width\":1200,\"height\":840,\"caption\":\"Fernando Grande-Marlaska under presskonferensen. (Bild: R.C.)\"},{\"@type\":\"BreadcrumbList\",\"@id\":\"https:\\\/\\\/lightweb.dev\\\/l\\\/svm-temp\\\/nyheter\\\/forare-som-varnar-andra-om-alkoholkontroller-kan-straffas\\\/#breadcrumb\",\"itemListElement\":[{\"@type\":\"ListItem\",\"position\":1,\"name\":\"Hem\",\"item\":\"https:\\\/\\\/lightweb.dev\\\/l\\\/svm-temp\\\/\"},{\"@type\":\"ListItem\",\"position\":2,\"name\":\"F\u00f6rare som varnar andra om alkoholkontroller kan straffas\"}]},{\"@type\":\"WebSite\",\"@id\":\"https:\\\/\\\/lightweb.dev\\\/l\\\/svm-temp\\\/#website\",\"url\":\"https:\\\/\\\/lightweb.dev\\\/l\\\/svm-temp\\\/\",\"name\":\"Svenska Magasinet\",\"description\":\"Dina Spanska nyheter p&aring; Svenska\",\"publisher\":{\"@id\":\"https:\\\/\\\/lightweb.dev\\\/l\\\/svm-temp\\\/#organization\"},\"potentialAction\":[{\"@type\":\"SearchAction\",\"target\":{\"@type\":\"EntryPoint\",\"urlTemplate\":\"https:\\\/\\\/lightweb.dev\\\/l\\\/svm-temp\\\/?s={search_term_string}\"},\"query-input\":{\"@type\":\"PropertyValueSpecification\",\"valueRequired\":true,\"valueName\":\"search_term_string\"}}],\"inLanguage\":\"sv-SE\"},{\"@type\":\"Organization\",\"@id\":\"https:\\\/\\\/lightweb.dev\\\/l\\\/svm-temp\\\/#organization\",\"name\":\"Melkerson y Nott SL\",\"alternateName\":\"Svenska Magasinet\",\"url\":\"https:\\\/\\\/lightweb.dev\\\/l\\\/svm-temp\\\/\",\"logo\":{\"@type\":\"ImageObject\",\"inLanguage\":\"sv-SE\",\"@id\":\"https:\\\/\\\/lightweb.dev\\\/l\\\/svm-temp\\\/#\\\/schema\\\/logo\\\/image\\\/\",\"url\":\"https:\\\/\\\/lightweb.dev\\\/l\\\/svm-temp\\\/wp-content\\\/uploads\\\/2025\\\/02\\\/SvM-logo-Xtra-Centrerad-SVART.png\",\"contentUrl\":\"https:\\\/\\\/lightweb.dev\\\/l\\\/svm-temp\\\/wp-content\\\/uploads\\\/2025\\\/02\\\/SvM-logo-Xtra-Centrerad-SVART.png\",\"width\":300,\"height\":99,\"caption\":\"Melkerson y Nott SL\"},\"image\":{\"@id\":\"https:\\\/\\\/lightweb.dev\\\/l\\\/svm-temp\\\/#\\\/schema\\\/logo\\\/image\\\/\"},\"sameAs\":[\"https:\\\/\\\/www.facebook.com\\\/svenskamagasinet\",\"https:\\\/\\\/x.com\\\/SvenskaMagasine\"]},{\"@type\":\"Person\",\"@id\":\"https:\\\/\\\/lightweb.dev\\\/l\\\/svm-temp\\\/#\\\/schema\\\/person\\\/caffe038990d25722f5a04a03c906a2b\",\"name\":\"Robbie Eriksson\",\"sameAs\":[\"https:\\\/\\\/lightweb.dev\\\/l\\\/svm-temp\"],\"url\":\"https:\\\/\\\/lightweb.dev\\\/l\\\/svm-temp\\\/reporter\\\/robbie-eriksson\\\/\"}]}<\/script>\n<!-- \/ Yoast SEO Premium plugin. -->","yoast_head_json":{"title":"F\u00f6rare som varnar andra om alkoholkontroller kan straffas - Svenska Magasinet","robots":{"index":"noindex","follow":"follow","max-snippet":"max-snippet:-1","max-image-preview":"max-image-preview:large","max-video-preview":"max-video-preview:-1"},"og_locale":"sv_SE","og_type":"article","og_title":"F\u00f6rare som varnar andra om alkoholkontroller kan straffas","og_description":"DGT vill kunna straffa personer som varnar andra om var polisen har sina alkohol- och drogkontroller p\u00e5 spanska v\u00e4gar.\u00a0","og_url":"https:\/\/lightweb.dev\/l\/svm-temp\/nyheter\/forare-som-varnar-andra-om-alkoholkontroller-kan-straffas\/","og_site_name":"Svenska Magasinet","article_publisher":"https:\/\/www.facebook.com\/svenskamagasinet","article_published_time":"2024-07-01T14:17:28+00:00","og_image":[{"width":1200,"height":840,"url":"https:\/\/lightweb.dev\/l\/svm-temp\/wp-content\/uploads\/2024\/07\/marlaska-kUbD-U101072592324x1-1200x840@Diario-Sur.jpg","type":"image\/jpeg"}],"author":"Robbie Eriksson","twitter_card":"summary_large_image","twitter_creator":"@SvenskaMagasine","twitter_site":"@SvenskaMagasine","schema":{"@context":"https:\/\/schema.org","@graph":[{"@type":"Article","@id":"https:\/\/lightweb.dev\/l\/svm-temp\/nyheter\/forare-som-varnar-andra-om-alkoholkontroller-kan-straffas\/#article","isPartOf":{"@id":"https:\/\/lightweb.dev\/l\/svm-temp\/nyheter\/forare-som-varnar-andra-om-alkoholkontroller-kan-straffas\/"},"author":{"name":"Robbie Eriksson","@id":"https:\/\/lightweb.dev\/l\/svm-temp\/#\/schema\/person\/caffe038990d25722f5a04a03c906a2b"},"headline":"F\u00f6rare som varnar andra om alkoholkontroller kan straffas","datePublished":"2024-07-01T14:17:28+00:00","mainEntityOfPage":{"@id":"https:\/\/lightweb.dev\/l\/svm-temp\/nyheter\/forare-som-varnar-andra-om-alkoholkontroller-kan-straffas\/"},"wordCount":438,"publisher":{"@id":"https:\/\/lightweb.dev\/l\/svm-temp\/#organization"},"image":{"@id":"https:\/\/lightweb.dev\/l\/svm-temp\/nyheter\/forare-som-varnar-andra-om-alkoholkontroller-kan-straffas\/#primaryimage"},"thumbnailUrl":"https:\/\/lightweb.dev\/l\/svm-temp\/wp-content\/uploads\/2024\/07\/marlaska-kUbD-U101072592324x1-1200x840@Diario-Sur.jpg","articleSection":["Arkiv","Nyheter"],"inLanguage":"sv-SE"},{"@type":"WebPage","@id":"https:\/\/lightweb.dev\/l\/svm-temp\/nyheter\/forare-som-varnar-andra-om-alkoholkontroller-kan-straffas\/","url":"https:\/\/lightweb.dev\/l\/svm-temp\/nyheter\/forare-som-varnar-andra-om-alkoholkontroller-kan-straffas\/","name":"F\u00f6rare som varnar andra om alkoholkontroller kan straffas - Svenska Magasinet","isPartOf":{"@id":"https:\/\/lightweb.dev\/l\/svm-temp\/#website"},"primaryImageOfPage":{"@id":"https:\/\/lightweb.dev\/l\/svm-temp\/nyheter\/forare-som-varnar-andra-om-alkoholkontroller-kan-straffas\/#primaryimage"},"image":{"@id":"https:\/\/lightweb.dev\/l\/svm-temp\/nyheter\/forare-som-varnar-andra-om-alkoholkontroller-kan-straffas\/#primaryimage"},"thumbnailUrl":"https:\/\/lightweb.dev\/l\/svm-temp\/wp-content\/uploads\/2024\/07\/marlaska-kUbD-U101072592324x1-1200x840@Diario-Sur.jpg","datePublished":"2024-07-01T14:17:28+00:00","breadcrumb":{"@id":"https:\/\/lightweb.dev\/l\/svm-temp\/nyheter\/forare-som-varnar-andra-om-alkoholkontroller-kan-straffas\/#breadcrumb"},"inLanguage":"sv-SE","potentialAction":[{"@type":"ReadAction","target":["https:\/\/lightweb.dev\/l\/svm-temp\/nyheter\/forare-som-varnar-andra-om-alkoholkontroller-kan-straffas\/"]}]},{"@type":"ImageObject","inLanguage":"sv-SE","@id":"https:\/\/lightweb.dev\/l\/svm-temp\/nyheter\/forare-som-varnar-andra-om-alkoholkontroller-kan-straffas\/#primaryimage","url":"https:\/\/lightweb.dev\/l\/svm-temp\/wp-content\/uploads\/2024\/07\/marlaska-kUbD-U101072592324x1-1200x840@Diario-Sur.jpg","contentUrl":"https:\/\/lightweb.dev\/l\/svm-temp\/wp-content\/uploads\/2024\/07\/marlaska-kUbD-U101072592324x1-1200x840@Diario-Sur.jpg","width":1200,"height":840,"caption":"Fernando Grande-Marlaska under presskonferensen. (Bild: R.C.)"},{"@type":"BreadcrumbList","@id":"https:\/\/lightweb.dev\/l\/svm-temp\/nyheter\/forare-som-varnar-andra-om-alkoholkontroller-kan-straffas\/#breadcrumb","itemListElement":[{"@type":"ListItem","position":1,"name":"Hem","item":"https:\/\/lightweb.dev\/l\/svm-temp\/"},{"@type":"ListItem","position":2,"name":"F\u00f6rare som varnar andra om alkoholkontroller kan straffas"}]},{"@type":"WebSite","@id":"https:\/\/lightweb.dev\/l\/svm-temp\/#website","url":"https:\/\/lightweb.dev\/l\/svm-temp\/","name":"Svenska Magasinet","description":"Dina Spanska nyheter p&aring; Svenska","publisher":{"@id":"https:\/\/lightweb.dev\/l\/svm-temp\/#organization"},"potentialAction":[{"@type":"SearchAction","target":{"@type":"EntryPoint","urlTemplate":"https:\/\/lightweb.dev\/l\/svm-temp\/?s={search_term_string}"},"query-input":{"@type":"PropertyValueSpecification","valueRequired":true,"valueName":"search_term_string"}}],"inLanguage":"sv-SE"},{"@type":"Organization","@id":"https:\/\/lightweb.dev\/l\/svm-temp\/#organization","name":"Melkerson y Nott SL","alternateName":"Svenska Magasinet","url":"https:\/\/lightweb.dev\/l\/svm-temp\/","logo":{"@type":"ImageObject","inLanguage":"sv-SE","@id":"https:\/\/lightweb.dev\/l\/svm-temp\/#\/schema\/logo\/image\/","url":"https:\/\/lightweb.dev\/l\/svm-temp\/wp-content\/uploads\/2025\/02\/SvM-logo-Xtra-Centrerad-SVART.png","contentUrl":"https:\/\/lightweb.dev\/l\/svm-temp\/wp-content\/uploads\/2025\/02\/SvM-logo-Xtra-Centrerad-SVART.png","width":300,"height":99,"caption":"Melkerson y Nott SL"},"image":{"@id":"https:\/\/lightweb.dev\/l\/svm-temp\/#\/schema\/logo\/image\/"},"sameAs":["https:\/\/www.facebook.com\/svenskamagasinet","https:\/\/x.com\/SvenskaMagasine"]},{"@type":"Person","@id":"https:\/\/lightweb.dev\/l\/svm-temp\/#\/schema\/person\/caffe038990d25722f5a04a03c906a2b","name":"Robbie Eriksson","sameAs":["https:\/\/lightweb.dev\/l\/svm-temp"],"url":"https:\/\/lightweb.dev\/l\/svm-temp\/reporter\/robbie-eriksson\/"}]}},"_links":{"self":[{"href":"https:\/\/lightweb.dev\/l\/svm-temp\/wp-json\/wp\/v2\/posts\/73018","targetHints":{"allow":["GET"]}}],"collection":[{"href":"https:\/\/lightweb.dev\/l\/svm-temp\/wp-json\/wp\/v2\/posts"}],"about":[{"href":"https:\/\/lightweb.dev\/l\/svm-temp\/wp-json\/wp\/v2\/types\/post"}],"author":[{"embeddable":true,"href":"https:\/\/lightweb.dev\/l\/svm-temp\/wp-json\/wp\/v2\/users\/14"}],"replies":[{"embeddable":true,"href":"https:\/\/lightweb.dev\/l\/svm-temp\/wp-json\/wp\/v2\/comments?post=73018"}],"version-history":[{"count":0,"href":"https:\/\/lightweb.dev\/l\/svm-temp\/wp-json\/wp\/v2\/posts\/73018\/revisions"}],"wp:featuredmedia":[{"embeddable":true,"href":"https:\/\/lightweb.dev\/l\/svm-temp\/wp-json\/wp\/v2\/media\/73019"}],"wp:attachment":[{"href":"https:\/\/lightweb.dev\/l\/svm-temp\/wp-json\/wp\/v2\/media?parent=73018"}],"wp:term":[{"taxonomy":"category","embeddable":true,"href":"https:\/\/lightweb.dev\/l\/svm-temp\/wp-json\/wp\/v2\/categories?post=73018"},{"taxonomy":"post_tag","embeddable":true,"href":"https:\/\/lightweb.dev\/l\/svm-temp\/wp-json\/wp\/v2\/tags?post=73018"}],"curies":[{"name":"wp","href":"https:\/\/api.w.org\/{rel}","templated":true}]}}