{"id":73168,"date":"2024-08-05T18:43:49","date_gmt":"2024-08-05T16:43:49","guid":{"rendered":"https:\/\/lightweb.dev\/l\/svm-temp\/?p=73168"},"modified":"2024-08-05T18:47:01","modified_gmt":"2024-08-05T16:47:01","slug":"sa-fungerar-lokalpolisens-hittegodsavdelning","status":"publish","type":"post","link":"https:\/\/lightweb.dev\/l\/svm-temp\/artiklar\/sa-fungerar-lokalpolisens-hittegodsavdelning\/","title":{"rendered":"S\u00e5 fungerar lokalpolisens hittegodsavdelning"},"content":{"rendered":"<p><strong>Under fjol\u00e5ret f\u00f6rlorade n\u00e4stan 2.200 personer n\u00e5gon \u00e4godel som hamnade p\u00e5 lokalpolisens hittegodsavdelning i Fuengirola. Hittegods \u00e4r ett upphittat f\u00f6rem\u00e5l som n\u00e5gon har tappat bort eller gl\u00f6mt kvar.<\/strong><\/p>\n<p><strong>En tredjedel av de borttappade f\u00f6rem\u00e5len n\u00e5r \u00e4garen igen.<\/strong><\/p>\n<p><img loading=\"lazy\" decoding=\"async\" class=\"size-medium wp-image-73174 alignleft\" src=\"https:\/\/lightweb.dev\/l\/svm-temp\/wp-content\/uploads\/2024\/07\/Huvudbild-stor-300x225.jpeg\" alt=\"\" width=\"300\" height=\"225\" srcset=\"https:\/\/lightweb.dev\/l\/svm-temp\/wp-content\/uploads\/2024\/07\/Huvudbild-stor-300x225.jpeg 300w, https:\/\/lightweb.dev\/l\/svm-temp\/wp-content\/uploads\/2024\/07\/Huvudbild-stor-900x675.jpeg 900w, https:\/\/lightweb.dev\/l\/svm-temp\/wp-content\/uploads\/2024\/07\/Huvudbild-stor-768x576.jpeg 768w, https:\/\/lightweb.dev\/l\/svm-temp\/wp-content\/uploads\/2024\/07\/Huvudbild-stor-610x458.jpeg 610w, https:\/\/lightweb.dev\/l\/svm-temp\/wp-content\/uploads\/2024\/07\/Huvudbild-stor-1080x810.jpeg 1080w, https:\/\/lightweb.dev\/l\/svm-temp\/wp-content\/uploads\/2024\/07\/Huvudbild-stor-600x450.jpeg 600w, https:\/\/lightweb.dev\/l\/svm-temp\/wp-content\/uploads\/2024\/07\/Huvudbild-stor.jpeg 1280w\" sizes=\"(max-width: 300px) 100vw, 300px\" \/><\/p>\n<p>Pl\u00e5nb\u00f6cker, nycklar och mobiltelefoner \u00e4r vanligast. Och det finns \u00e4rliga m\u00e4nniskor som l\u00e4mnar in upphittade pl\u00e5nb\u00f6cker med kontanter.<\/p>\n<p>Fuengirolas hittegodsavdelning ligger i lokalpolishuset vid Plaza Espa\u00f1a.<\/p>\n<p>F\u00f6rutom att lokalpolisen hj\u00e4lper till n\u00e4r n\u00e5got som \u00e4r borttappat har blivit upphittat kan du som har tappat n\u00e5got g\u00f6ra en anm\u00e4lan.<\/p>\n<h2><strong>M\u00e4rkliga saker<\/strong><\/h2>\n<div id=\"attachment_73171\" style=\"width: 310px\" class=\"wp-caption alignright\"><img loading=\"lazy\" decoding=\"async\" aria-describedby=\"caption-attachment-73171\" class=\"size-medium wp-image-73171\" src=\"https:\/\/lightweb.dev\/l\/svm-temp\/wp-content\/uploads\/2024\/07\/Foremal-stor-300x225.jpeg\" alt=\"\" width=\"300\" height=\"225\" srcset=\"https:\/\/lightweb.dev\/l\/svm-temp\/wp-content\/uploads\/2024\/07\/Foremal-stor-300x225.jpeg 300w, https:\/\/lightweb.dev\/l\/svm-temp\/wp-content\/uploads\/2024\/07\/Foremal-stor-900x675.jpeg 900w, https:\/\/lightweb.dev\/l\/svm-temp\/wp-content\/uploads\/2024\/07\/Foremal-stor-768x576.jpeg 768w, https:\/\/lightweb.dev\/l\/svm-temp\/wp-content\/uploads\/2024\/07\/Foremal-stor-610x458.jpeg 610w, https:\/\/lightweb.dev\/l\/svm-temp\/wp-content\/uploads\/2024\/07\/Foremal-stor-1080x810.jpeg 1080w, https:\/\/lightweb.dev\/l\/svm-temp\/wp-content\/uploads\/2024\/07\/Foremal-stor-600x450.jpeg 600w, https:\/\/lightweb.dev\/l\/svm-temp\/wp-content\/uploads\/2024\/07\/Foremal-stor.jpeg 1280w\" sizes=\"(max-width: 300px) 100vw, 300px\" \/><p id=\"caption-attachment-73171\" class=\"wp-caption-text\">Varje borttappat f\u00f6rem\u00e5l f\u00e5r ett nummer.<\/p><\/div>\n<p>Ibland kan en f\u00f6rlustanm\u00e4lan best\u00e5 av m\u00e4rkliga saker. Som n\u00e4r lokalpolisen Miguel Puertas fick ett samtal och n\u00e5gon fr\u00e5gade om de hittat tre urnor med askan av tre d\u00f6da personer.<\/p>\n<p>Det l\u00e4t f\u00f6rst som ett sk\u00e4mt men Miguel fortsatte att lyssna. Det visade sig att en familjemedlem med psykiska problem hade tagit urnorna med askan fr\u00e5n bostaden. De anh\u00f6riga visste inte var personen hade placerat dem. Av det sk\u00e4let ringde de hittegodsavdelningen p\u00e5 lokalplishuset i Fuengirola.<\/p>\n<p>Har ni f\u00e5tt in n\u00e5gra urnor, fr\u00e5gade personen. Men svaret var nej.<\/p>\n<h2><strong>Sju f\u00f6rem\u00e5l per dag<\/strong><\/h2>\n<p>I Fuengirola &#8211; med sina 80.000 inv\u00e5nare &#8211; f\u00e5r hittegodsavdelningen in sex eller sju f\u00f6rem\u00e5l om dagen. Under h\u00f6gs\u00e4songen hanterar polisen fler upphittade f\u00f6rem\u00e5l. Under augusti ifjol kom det in 300 f\u00f6rem\u00e5l.<\/p>\n<div id=\"attachment_73170\" style=\"width: 310px\" class=\"wp-caption alignleft\"><img loading=\"lazy\" decoding=\"async\" aria-describedby=\"caption-attachment-73170\" class=\"size-medium wp-image-73170\" src=\"https:\/\/lightweb.dev\/l\/svm-temp\/wp-content\/uploads\/2024\/07\/Planbok-stor-300x225.jpeg\" alt=\"\" width=\"300\" height=\"225\" srcset=\"https:\/\/lightweb.dev\/l\/svm-temp\/wp-content\/uploads\/2024\/07\/Planbok-stor-300x225.jpeg 300w, https:\/\/lightweb.dev\/l\/svm-temp\/wp-content\/uploads\/2024\/07\/Planbok-stor-900x675.jpeg 900w, https:\/\/lightweb.dev\/l\/svm-temp\/wp-content\/uploads\/2024\/07\/Planbok-stor-768x576.jpeg 768w, https:\/\/lightweb.dev\/l\/svm-temp\/wp-content\/uploads\/2024\/07\/Planbok-stor-610x458.jpeg 610w, https:\/\/lightweb.dev\/l\/svm-temp\/wp-content\/uploads\/2024\/07\/Planbok-stor-1080x810.jpeg 1080w, https:\/\/lightweb.dev\/l\/svm-temp\/wp-content\/uploads\/2024\/07\/Planbok-stor-600x450.jpeg 600w, https:\/\/lightweb.dev\/l\/svm-temp\/wp-content\/uploads\/2024\/07\/Planbok-stor.jpeg 1280w\" sizes=\"(max-width: 300px) 100vw, 300px\" \/><p id=\"caption-attachment-73170\" class=\"wp-caption-text\">Enbart upphittade pl\u00e5nb\u00f6cker under 2024 fyller flera l\u00e5dor<\/p><\/div>\n<p>Det vill s\u00e4ga \u00f6ver 300 personer f\u00f6rlorade en eller flera personliga tillh\u00f6righeter den m\u00e5naden. Ett registrerat fall motsvarar en person vilket g\u00f6r att det kan r\u00f6ra sig om flera f\u00f6rlorade personliga tillh\u00f6righeter som en resv\u00e4ska full med saker.<\/p>\n<p>Flest f\u00f6rem\u00e5l kommer in p\u00e5 sommaren d\u00e5 m\u00e5nga turister \u00e4r i stan. Toppen n\u00e5s i augusti.<\/p>\n<p>&#8211; Men \u00e4ven i maj och oktober med Feria Internacional de Los Pa\u00edses och vanliga ferian med m\u00e5nga bes\u00f6kare g\u00f6r att antalet borttappade f\u00f6rem\u00e5l \u00f6kar, s\u00e4ger Jose Luis Ponce Mart\u00edn, kommunalr\u00e5d med ansvar f\u00f6r turism och s\u00e4kerhet.<\/p>\n<h2><strong>N\u00e4r turister tappar f\u00f6rem\u00e5l, hur agerar ni d\u00e5?<\/strong><\/h2>\n<p>&#8211; Ofta \u00e5terv\u00e4nder m\u00e5nga till sina heml\u00e4nder inom bara n\u00e5gra dagar. Vi g\u00f6r en aktiv s\u00f6kning n\u00e4r vi f\u00e5r in borttappade saker. Vi kanske har namn eller andra uppgifter och kontaktar Sveriges ambassad.<\/p>\n<h2><strong>\u00c5terl\u00e4mnade <\/strong><\/h2>\n<p>Totalt registrerade lokalpolisen i Fuengirola 2.195 fall under 2023. Av alla lyckades polisen sp\u00e5ra och lokalisera \u00e4garna till 614 f\u00f6rem\u00e5l. Flera av dem s\u00f6kte upp hittegodsavdelningen.<\/p>\n<p>Det \u00e4r inte bara en siffra. Bakom varje siffra d\u00f6ljer det sig en historia om n\u00e5gon som har f\u00f6rlorat n\u00e5got v\u00e4rdefullt.<\/p>\n<div id=\"attachment_73172\" style=\"width: 310px\" class=\"wp-caption alignleft\"><img loading=\"lazy\" decoding=\"async\" aria-describedby=\"caption-attachment-73172\" class=\"size-medium wp-image-73172\" src=\"https:\/\/lightweb.dev\/l\/svm-temp\/wp-content\/uploads\/2024\/07\/Mobiler-stor-300x225.jpeg\" alt=\"\" width=\"300\" height=\"225\" srcset=\"https:\/\/lightweb.dev\/l\/svm-temp\/wp-content\/uploads\/2024\/07\/Mobiler-stor-300x225.jpeg 300w, https:\/\/lightweb.dev\/l\/svm-temp\/wp-content\/uploads\/2024\/07\/Mobiler-stor-900x675.jpeg 900w, https:\/\/lightweb.dev\/l\/svm-temp\/wp-content\/uploads\/2024\/07\/Mobiler-stor-768x576.jpeg 768w, https:\/\/lightweb.dev\/l\/svm-temp\/wp-content\/uploads\/2024\/07\/Mobiler-stor-610x458.jpeg 610w, https:\/\/lightweb.dev\/l\/svm-temp\/wp-content\/uploads\/2024\/07\/Mobiler-stor-1080x810.jpeg 1080w, https:\/\/lightweb.dev\/l\/svm-temp\/wp-content\/uploads\/2024\/07\/Mobiler-stor-600x450.jpeg 600w, https:\/\/lightweb.dev\/l\/svm-temp\/wp-content\/uploads\/2024\/07\/Mobiler-stor.jpeg 1280w\" sizes=\"(max-width: 300px) 100vw, 300px\" \/><p id=\"caption-attachment-73172\" class=\"wp-caption-text\">Mobiltelefoner \u00e4r ocks\u00e5 ett vanligt borttappat f\u00f6rem\u00e5l<\/p><\/div>\n<p>Det finns \u00e4ven trevliga solskenshistorier som en upphittade pl\u00e5nbok som inneh\u00e5ller pengar och som blir inl\u00e4mnade.<\/p>\n<p>&#8211; Nyligen fick vi in en pl\u00e5nbok med tusen euro. Finns DNI \u00e4r det v\u00e4ldigt l\u00e4tt att hitta \u00e4garen, till\u00e4gger kommunalr\u00e5det f\u00f6r medborgars\u00e4kerhet, Jos\u00e9 Luis Ponce.<\/p>\n<p>&#8211; Det sv\u00e5ra \u00e4r n\u00e4r vi f\u00e5r in pengar som n\u00e5gon hittat i en bankomat eller n\u00e5gon annanstans. D\u00e5 \u00e4r det sv\u00e5rare att sp\u00e5ra \u00e4garen.<\/p>\n<p>&#8211; I de fallen st\u00e4ller vi en rad fr\u00e5gor till personen som kommer med pengarna. Den som har gl\u00f6mt eller tappat dem vet mycket v\u00e4l hur man ska svara p\u00e5 alla fr\u00e5gor om vad som h\u00e4nt, s\u00e4ger Miguel Puertas.<\/p>\n<h2><strong>Vanligast<\/strong><\/h2>\n<p>Till hittegodsavdelningen har det kommit in saker som rullstol, skydd till biljardst\u00f6tar, golfbagar, barnvagnar och musikinstrument. Hittegodsavdelningen har vuxit med ytterligare lagerutrymmen.<\/p>\n<p>Pl\u00e5nb\u00f6cker, nycklar och resv\u00e4skor \u00e4r vanligast. Vid tillf\u00e4llen har polisen hittat ett och annat olagligt f\u00f6rem\u00e5l i v\u00e4skor. I regel kommer ingen och fr\u00e5gar efter den v\u00e4skan\u2026<\/p>\n<h2><strong>Max tre m\u00e5nader<\/strong><\/h2>\n<p>De st\u00f6rre upphittade f\u00f6rem\u00e5len blir i regel kvar p\u00e5 hittegodsavdelningen i max tre m\u00e5nader. D\u00e4refter transporteras de till Casares \u00e5tervinningsanl\u00e4ggning. Mindre f\u00f6rem\u00e5l som pl\u00e5nb\u00f6cker och mobiltelefoner sparas l\u00e4ngre, kanske i flera \u00e5r.<\/p>\n<p>Rullstolar eller barnvagnar l\u00e4mnas i regel till socialtj\u00e4nsten som i sin tur l\u00e4mnar \u00f6ver f\u00f6rem\u00e5len till familjer som \u00e4r i behov av dem.<\/p>\n<p>Taxichauff\u00f6rer \u00e4r de som l\u00e4mnar in flest upphittade f\u00f6rem\u00e5l. Efter spanjorer \u00e4r britter, finl\u00e4ndare och svenskar bland de nationaliteter som l\u00e4mnar in flest saker. Dessa nationaliteter ligger \u00e4ven i topp bland bes\u00f6kare som fr\u00e5gar efter \u00e4godelar de tappat.<\/p>\n<p>Och hur \u00e4r det d\u00e5 med hittel\u00f6n? Polisen tar inte emot hittel\u00f6n d\u00e5 de utf\u00f6r en offentlig tj\u00e4nst som \u00e4r gratis f\u00f6r medborgarna. Om en person vill betala hittel\u00f6n till den privatperson som hittat det borttappade f\u00f6rem\u00e5let s\u00e5 \u00e4r det upp till denne att best\u00e4mma det.<\/p>\n<h2><strong>Ny som politiker<\/strong><\/h2>\n<div id=\"attachment_73173\" style=\"width: 310px\" class=\"wp-caption alignright\"><img loading=\"lazy\" decoding=\"async\" aria-describedby=\"caption-attachment-73173\" class=\"size-medium wp-image-73173\" src=\"https:\/\/lightweb.dev\/l\/svm-temp\/wp-content\/uploads\/2024\/07\/Ponce-Martin-stor-300x225.jpeg\" alt=\"\" width=\"300\" height=\"225\" srcset=\"https:\/\/lightweb.dev\/l\/svm-temp\/wp-content\/uploads\/2024\/07\/Ponce-Martin-stor-300x225.jpeg 300w, https:\/\/lightweb.dev\/l\/svm-temp\/wp-content\/uploads\/2024\/07\/Ponce-Martin-stor-900x675.jpeg 900w, https:\/\/lightweb.dev\/l\/svm-temp\/wp-content\/uploads\/2024\/07\/Ponce-Martin-stor-768x576.jpeg 768w, https:\/\/lightweb.dev\/l\/svm-temp\/wp-content\/uploads\/2024\/07\/Ponce-Martin-stor-610x458.jpeg 610w, https:\/\/lightweb.dev\/l\/svm-temp\/wp-content\/uploads\/2024\/07\/Ponce-Martin-stor-1080x810.jpeg 1080w, https:\/\/lightweb.dev\/l\/svm-temp\/wp-content\/uploads\/2024\/07\/Ponce-Martin-stor-600x450.jpeg 600w, https:\/\/lightweb.dev\/l\/svm-temp\/wp-content\/uploads\/2024\/07\/Ponce-Martin-stor.jpeg 1280w\" sizes=\"(max-width: 300px) 100vw, 300px\" \/><p id=\"caption-attachment-73173\" class=\"wp-caption-text\">Jose Luis Ponce Mart\u00edn var tidigare yrkesmilit\u00e4r med uppdrag i Somalia d\u00e4r \u00e4ven Sverige medverkade. H\u00e4r pekar Jose Luis p\u00e5 svenska flaggan vid ett tidigare uppdrag f\u00f6r milit\u00e4ren.<\/p><\/div>\n<p>Jose Luis Ponce Mart\u00edn stod p\u00e5 \u00e5ttonde plats p\u00e5 listan hos Partido Popular vid kommunalvalet ifjol. Han har tidigare varit yrkesmilit\u00e4r med utlandsuppdrag.<\/p>\n<p>\u2013 Jag var bland annat i Somalia p\u00e5 uppdrag av FN tillsammans med Sverige. D\u00e4r samarbetade jag med flera svenska milit\u00e4rer, ber\u00e4ttar Ponce Mart\u00edn som lagt milit\u00e4rkarri\u00e4ren p\u00e5 hyllan f\u00f6r att ist\u00e4llet bli lokalpolitiker i Fuengirola med ansvar f\u00f6r turism och s\u00e4kerhet.<\/p>\n<p>\u2013 Fuengirola \u00e4r en trygg och s\u00e4ker plats. Ifjol minskade antalet vardagsbrott med 28 procent, s\u00e4ger Ponce Mart\u00edn.<\/p>\n<p>Fotnot. Var du kan finna upphittade f\u00f6rem\u00e5l kan skilja sig mellan kommuner. \u00c4ven nationalpolisen kan ha en hittegodsavdelning, Oficina de Objetos Perdidos, s\u00e5 fr\u00e5ga efter den.<\/p>\n","protected":false},"excerpt":{"rendered":"<p>Under fjol\u00e5ret f\u00f6rlorade n\u00e4stan 2.200 personer n\u00e5gon \u00e4godel som hamnade p\u00e5 lokalpolisens hittegodsavdelning i Fuengirola. Hittegods \u00e4r ett upphittat f\u00f6rem\u00e5l som n\u00e5gon har tappat bort eller gl\u00f6mt kvar&#8230;<\/p>\n","protected":false},"author":7,"featured_media":73169,"comment_status":"closed","ping_status":"closed","sticky":false,"template":"","format":"standard","meta":{"_et_pb_use_builder":"","_et_pb_old_content":"","_et_gb_content_width":"","footnotes":""},"categories":[396,4],"tags":[],"class_list":["post-73168","post","type-post","status-publish","format-standard","has-post-thumbnail","hentry","category-arkiv-artiklar","category-artiklar"],"yoast_head":"<!-- This site is optimized with the Yoast SEO Premium plugin v26.2 (Yoast SEO v28.2) - https:\/\/yoast.com\/product\/yoast-seo-premium-wordpress\/ -->\n<title>S\u00e5 fungerar lokalpolisens hittegodsavdelning - Svenska Magasinet<\/title>\n<meta name=\"description\" content=\"Under fjol\u00e5ret f\u00f6rlorade n\u00e4stan 2.200 personer n\u00e5gon \u00e4godel som hamnade p\u00e5 lokalpolisens hittegodsavdelning i Fuengirola. Hittegods \u00e4r ett upphittat f\u00f6rem\u00e5l som n\u00e5gon har tappat bort eller gl\u00f6mt kvar. En tredjedel av de borttappade f\u00f6rem\u00e5len n\u00e5r \u00e4garen igen.\" \/>\n<meta name=\"robots\" content=\"noindex, follow, max-snippet:-1, max-image-preview:large, max-video-preview:-1\" \/>\n<meta property=\"og:locale\" content=\"sv_SE\" \/>\n<meta property=\"og:type\" content=\"article\" \/>\n<meta property=\"og:title\" content=\"S\u00e5 fungerar lokalpolisens hittegodsavdelning\" \/>\n<meta property=\"og:description\" content=\"Under fjol\u00e5ret f\u00f6rlorade n\u00e4stan 2.200 personer n\u00e5gon \u00e4godel som hamnade p\u00e5 lokalpolisens hittegodsavdelning i Fuengirola. Hittegods \u00e4r ett upphittat f\u00f6rem\u00e5l som n\u00e5gon har tappat bort eller gl\u00f6mt kvar. En tredjedel av de borttappade f\u00f6rem\u00e5len n\u00e5r \u00e4garen igen.\" \/>\n<meta property=\"og:url\" content=\"https:\/\/lightweb.dev\/l\/svm-temp\/artiklar\/reportage\/sa-fungerar-lokalpolisens-hittegodsavdelning\/\" \/>\n<meta property=\"og:site_name\" content=\"Svenska Magasinet\" \/>\n<meta property=\"article:publisher\" content=\"https:\/\/www.facebook.com\/svenskamagasinet\" \/>\n<meta property=\"article:published_time\" content=\"2024-08-05T16:43:49+00:00\" \/>\n<meta property=\"article:modified_time\" content=\"2024-08-05T16:47:01+00:00\" \/>\n<meta property=\"og:image\" content=\"https:\/\/lightweb.dev\/l\/svm-temp\/wp-content\/uploads\/2024\/07\/Hittegods-stor.jpeg\" \/>\n\t<meta property=\"og:image:width\" content=\"1280\" \/>\n\t<meta property=\"og:image:height\" content=\"960\" \/>\n\t<meta property=\"og:image:type\" content=\"image\/jpeg\" \/>\n<meta name=\"author\" content=\"Ola Josefsson\" \/>\n<meta name=\"twitter:card\" content=\"summary_large_image\" \/>\n<meta name=\"twitter:creator\" content=\"@SvenskaMagasine\" \/>\n<meta name=\"twitter:site\" content=\"@SvenskaMagasine\" \/>\n<script type=\"application\/ld+json\" class=\"yoast-schema-graph\">{\"@context\":\"https:\\\/\\\/schema.org\",\"@graph\":[{\"@type\":\"Article\",\"@id\":\"https:\\\/\\\/lightweb.dev\\\/l\\\/svm-temp\\\/artiklar\\\/reportage\\\/sa-fungerar-lokalpolisens-hittegodsavdelning\\\/#article\",\"isPartOf\":{\"@id\":\"https:\\\/\\\/lightweb.dev\\\/l\\\/svm-temp\\\/artiklar\\\/reportage\\\/sa-fungerar-lokalpolisens-hittegodsavdelning\\\/\"},\"author\":{\"name\":\"Ola Josefsson\",\"@id\":\"https:\\\/\\\/lightweb.dev\\\/l\\\/svm-temp\\\/#\\\/schema\\\/person\\\/7a82b8a73d171d32360a564b6d03508e\"},\"headline\":\"S\u00e5 fungerar lokalpolisens hittegodsavdelning\",\"datePublished\":\"2024-08-05T16:43:49+00:00\",\"dateModified\":\"2024-08-05T16:47:01+00:00\",\"mainEntityOfPage\":{\"@id\":\"https:\\\/\\\/lightweb.dev\\\/l\\\/svm-temp\\\/artiklar\\\/reportage\\\/sa-fungerar-lokalpolisens-hittegodsavdelning\\\/\"},\"wordCount\":1070,\"publisher\":{\"@id\":\"https:\\\/\\\/lightweb.dev\\\/l\\\/svm-temp\\\/#organization\"},\"image\":{\"@id\":\"https:\\\/\\\/lightweb.dev\\\/l\\\/svm-temp\\\/artiklar\\\/reportage\\\/sa-fungerar-lokalpolisens-hittegodsavdelning\\\/#primaryimage\"},\"thumbnailUrl\":\"https:\\\/\\\/lightweb.dev\\\/l\\\/svm-temp\\\/wp-content\\\/uploads\\\/2024\\\/07\\\/Hittegods-stor.jpeg\",\"articleSection\":[\"Arkiv\",\"Artiklar\"],\"inLanguage\":\"sv-SE\"},{\"@type\":\"WebPage\",\"@id\":\"https:\\\/\\\/lightweb.dev\\\/l\\\/svm-temp\\\/artiklar\\\/reportage\\\/sa-fungerar-lokalpolisens-hittegodsavdelning\\\/\",\"url\":\"https:\\\/\\\/lightweb.dev\\\/l\\\/svm-temp\\\/artiklar\\\/reportage\\\/sa-fungerar-lokalpolisens-hittegodsavdelning\\\/\",\"name\":\"S\u00e5 fungerar lokalpolisens hittegodsavdelning - Svenska Magasinet\",\"isPartOf\":{\"@id\":\"https:\\\/\\\/lightweb.dev\\\/l\\\/svm-temp\\\/#website\"},\"primaryImageOfPage\":{\"@id\":\"https:\\\/\\\/lightweb.dev\\\/l\\\/svm-temp\\\/artiklar\\\/reportage\\\/sa-fungerar-lokalpolisens-hittegodsavdelning\\\/#primaryimage\"},\"image\":{\"@id\":\"https:\\\/\\\/lightweb.dev\\\/l\\\/svm-temp\\\/artiklar\\\/reportage\\\/sa-fungerar-lokalpolisens-hittegodsavdelning\\\/#primaryimage\"},\"thumbnailUrl\":\"https:\\\/\\\/lightweb.dev\\\/l\\\/svm-temp\\\/wp-content\\\/uploads\\\/2024\\\/07\\\/Hittegods-stor.jpeg\",\"datePublished\":\"2024-08-05T16:43:49+00:00\",\"dateModified\":\"2024-08-05T16:47:01+00:00\",\"description\":\"Under fjol\u00e5ret f\u00f6rlorade n\u00e4stan 2.200 personer n\u00e5gon \u00e4godel som hamnade p\u00e5 lokalpolisens hittegodsavdelning i Fuengirola. Hittegods \u00e4r ett upphittat f\u00f6rem\u00e5l som n\u00e5gon har tappat bort eller gl\u00f6mt kvar. En tredjedel av de borttappade f\u00f6rem\u00e5len n\u00e5r \u00e4garen igen.\",\"breadcrumb\":{\"@id\":\"https:\\\/\\\/lightweb.dev\\\/l\\\/svm-temp\\\/artiklar\\\/reportage\\\/sa-fungerar-lokalpolisens-hittegodsavdelning\\\/#breadcrumb\"},\"inLanguage\":\"sv-SE\",\"potentialAction\":[{\"@type\":\"ReadAction\",\"target\":[\"https:\\\/\\\/lightweb.dev\\\/l\\\/svm-temp\\\/artiklar\\\/reportage\\\/sa-fungerar-lokalpolisens-hittegodsavdelning\\\/\"]}]},{\"@type\":\"ImageObject\",\"inLanguage\":\"sv-SE\",\"@id\":\"https:\\\/\\\/lightweb.dev\\\/l\\\/svm-temp\\\/artiklar\\\/reportage\\\/sa-fungerar-lokalpolisens-hittegodsavdelning\\\/#primaryimage\",\"url\":\"https:\\\/\\\/lightweb.dev\\\/l\\\/svm-temp\\\/wp-content\\\/uploads\\\/2024\\\/07\\\/Hittegods-stor.jpeg\",\"contentUrl\":\"https:\\\/\\\/lightweb.dev\\\/l\\\/svm-temp\\\/wp-content\\\/uploads\\\/2024\\\/07\\\/Hittegods-stor.jpeg\",\"width\":1280,\"height\":960,\"caption\":\"Jose Luis Ponce Mart\u00edn tillsammans med lokalpolisen Jose Manuel Andr\u00e9s visar en br\u00e5kdel av allt som inkommit.\"},{\"@type\":\"BreadcrumbList\",\"@id\":\"https:\\\/\\\/lightweb.dev\\\/l\\\/svm-temp\\\/artiklar\\\/reportage\\\/sa-fungerar-lokalpolisens-hittegodsavdelning\\\/#breadcrumb\",\"itemListElement\":[{\"@type\":\"ListItem\",\"position\":1,\"name\":\"Hem\",\"item\":\"https:\\\/\\\/lightweb.dev\\\/l\\\/svm-temp\\\/\"},{\"@type\":\"ListItem\",\"position\":2,\"name\":\"S\u00e5 fungerar lokalpolisens hittegodsavdelning\"}]},{\"@type\":\"WebSite\",\"@id\":\"https:\\\/\\\/lightweb.dev\\\/l\\\/svm-temp\\\/#website\",\"url\":\"https:\\\/\\\/lightweb.dev\\\/l\\\/svm-temp\\\/\",\"name\":\"Svenska Magasinet\",\"description\":\"Dina Spanska nyheter p&aring; Svenska\",\"publisher\":{\"@id\":\"https:\\\/\\\/lightweb.dev\\\/l\\\/svm-temp\\\/#organization\"},\"potentialAction\":[{\"@type\":\"SearchAction\",\"target\":{\"@type\":\"EntryPoint\",\"urlTemplate\":\"https:\\\/\\\/lightweb.dev\\\/l\\\/svm-temp\\\/?s={search_term_string}\"},\"query-input\":{\"@type\":\"PropertyValueSpecification\",\"valueRequired\":true,\"valueName\":\"search_term_string\"}}],\"inLanguage\":\"sv-SE\"},{\"@type\":\"Organization\",\"@id\":\"https:\\\/\\\/lightweb.dev\\\/l\\\/svm-temp\\\/#organization\",\"name\":\"Melkerson y Nott SL\",\"alternateName\":\"Svenska Magasinet\",\"url\":\"https:\\\/\\\/lightweb.dev\\\/l\\\/svm-temp\\\/\",\"logo\":{\"@type\":\"ImageObject\",\"inLanguage\":\"sv-SE\",\"@id\":\"https:\\\/\\\/lightweb.dev\\\/l\\\/svm-temp\\\/#\\\/schema\\\/logo\\\/image\\\/\",\"url\":\"https:\\\/\\\/lightweb.dev\\\/l\\\/svm-temp\\\/wp-content\\\/uploads\\\/2025\\\/02\\\/SvM-logo-Xtra-Centrerad-SVART.png\",\"contentUrl\":\"https:\\\/\\\/lightweb.dev\\\/l\\\/svm-temp\\\/wp-content\\\/uploads\\\/2025\\\/02\\\/SvM-logo-Xtra-Centrerad-SVART.png\",\"width\":300,\"height\":99,\"caption\":\"Melkerson y Nott SL\"},\"image\":{\"@id\":\"https:\\\/\\\/lightweb.dev\\\/l\\\/svm-temp\\\/#\\\/schema\\\/logo\\\/image\\\/\"},\"sameAs\":[\"https:\\\/\\\/www.facebook.com\\\/svenskamagasinet\",\"https:\\\/\\\/x.com\\\/SvenskaMagasine\"]},{\"@type\":\"Person\",\"@id\":\"https:\\\/\\\/lightweb.dev\\\/l\\\/svm-temp\\\/#\\\/schema\\\/person\\\/7a82b8a73d171d32360a564b6d03508e\",\"name\":\"Ola Josefsson\",\"description\":\"Bevakar Solkusten och Spanien sedan 1994.\",\"sameAs\":[\"https:\\\/\\\/lightweb.dev\\\/l\\\/svm-temp\"],\"url\":\"https:\\\/\\\/lightweb.dev\\\/l\\\/svm-temp\\\/reporter\\\/ola-josefsson\\\/\"}]}<\/script>\n<!-- \/ Yoast SEO Premium plugin. -->","yoast_head_json":{"title":"S\u00e5 fungerar lokalpolisens hittegodsavdelning - Svenska Magasinet","description":"Under fjol\u00e5ret f\u00f6rlorade n\u00e4stan 2.200 personer n\u00e5gon \u00e4godel som hamnade p\u00e5 lokalpolisens hittegodsavdelning i Fuengirola. Hittegods \u00e4r ett upphittat f\u00f6rem\u00e5l som n\u00e5gon har tappat bort eller gl\u00f6mt kvar. En tredjedel av de borttappade f\u00f6rem\u00e5len n\u00e5r \u00e4garen igen.","robots":{"index":"noindex","follow":"follow","max-snippet":"max-snippet:-1","max-image-preview":"max-image-preview:large","max-video-preview":"max-video-preview:-1"},"og_locale":"sv_SE","og_type":"article","og_title":"S\u00e5 fungerar lokalpolisens hittegodsavdelning","og_description":"Under fjol\u00e5ret f\u00f6rlorade n\u00e4stan 2.200 personer n\u00e5gon \u00e4godel som hamnade p\u00e5 lokalpolisens hittegodsavdelning i Fuengirola. Hittegods \u00e4r ett upphittat f\u00f6rem\u00e5l som n\u00e5gon har tappat bort eller gl\u00f6mt kvar. En tredjedel av de borttappade f\u00f6rem\u00e5len n\u00e5r \u00e4garen igen.","og_url":"https:\/\/lightweb.dev\/l\/svm-temp\/artiklar\/reportage\/sa-fungerar-lokalpolisens-hittegodsavdelning\/","og_site_name":"Svenska Magasinet","article_publisher":"https:\/\/www.facebook.com\/svenskamagasinet","article_published_time":"2024-08-05T16:43:49+00:00","article_modified_time":"2024-08-05T16:47:01+00:00","og_image":[{"width":1280,"height":960,"url":"https:\/\/lightweb.dev\/l\/svm-temp\/wp-content\/uploads\/2024\/07\/Hittegods-stor.jpeg","type":"image\/jpeg"}],"author":"Ola Josefsson","twitter_card":"summary_large_image","twitter_creator":"@SvenskaMagasine","twitter_site":"@SvenskaMagasine","schema":{"@context":"https:\/\/schema.org","@graph":[{"@type":"Article","@id":"https:\/\/lightweb.dev\/l\/svm-temp\/artiklar\/reportage\/sa-fungerar-lokalpolisens-hittegodsavdelning\/#article","isPartOf":{"@id":"https:\/\/lightweb.dev\/l\/svm-temp\/artiklar\/reportage\/sa-fungerar-lokalpolisens-hittegodsavdelning\/"},"author":{"name":"Ola Josefsson","@id":"https:\/\/lightweb.dev\/l\/svm-temp\/#\/schema\/person\/7a82b8a73d171d32360a564b6d03508e"},"headline":"S\u00e5 fungerar lokalpolisens hittegodsavdelning","datePublished":"2024-08-05T16:43:49+00:00","dateModified":"2024-08-05T16:47:01+00:00","mainEntityOfPage":{"@id":"https:\/\/lightweb.dev\/l\/svm-temp\/artiklar\/reportage\/sa-fungerar-lokalpolisens-hittegodsavdelning\/"},"wordCount":1070,"publisher":{"@id":"https:\/\/lightweb.dev\/l\/svm-temp\/#organization"},"image":{"@id":"https:\/\/lightweb.dev\/l\/svm-temp\/artiklar\/reportage\/sa-fungerar-lokalpolisens-hittegodsavdelning\/#primaryimage"},"thumbnailUrl":"https:\/\/lightweb.dev\/l\/svm-temp\/wp-content\/uploads\/2024\/07\/Hittegods-stor.jpeg","articleSection":["Arkiv","Artiklar"],"inLanguage":"sv-SE"},{"@type":"WebPage","@id":"https:\/\/lightweb.dev\/l\/svm-temp\/artiklar\/reportage\/sa-fungerar-lokalpolisens-hittegodsavdelning\/","url":"https:\/\/lightweb.dev\/l\/svm-temp\/artiklar\/reportage\/sa-fungerar-lokalpolisens-hittegodsavdelning\/","name":"S\u00e5 fungerar lokalpolisens hittegodsavdelning - Svenska Magasinet","isPartOf":{"@id":"https:\/\/lightweb.dev\/l\/svm-temp\/#website"},"primaryImageOfPage":{"@id":"https:\/\/lightweb.dev\/l\/svm-temp\/artiklar\/reportage\/sa-fungerar-lokalpolisens-hittegodsavdelning\/#primaryimage"},"image":{"@id":"https:\/\/lightweb.dev\/l\/svm-temp\/artiklar\/reportage\/sa-fungerar-lokalpolisens-hittegodsavdelning\/#primaryimage"},"thumbnailUrl":"https:\/\/lightweb.dev\/l\/svm-temp\/wp-content\/uploads\/2024\/07\/Hittegods-stor.jpeg","datePublished":"2024-08-05T16:43:49+00:00","dateModified":"2024-08-05T16:47:01+00:00","description":"Under fjol\u00e5ret f\u00f6rlorade n\u00e4stan 2.200 personer n\u00e5gon \u00e4godel som hamnade p\u00e5 lokalpolisens hittegodsavdelning i Fuengirola. Hittegods \u00e4r ett upphittat f\u00f6rem\u00e5l som n\u00e5gon har tappat bort eller gl\u00f6mt kvar. En tredjedel av de borttappade f\u00f6rem\u00e5len n\u00e5r \u00e4garen igen.","breadcrumb":{"@id":"https:\/\/lightweb.dev\/l\/svm-temp\/artiklar\/reportage\/sa-fungerar-lokalpolisens-hittegodsavdelning\/#breadcrumb"},"inLanguage":"sv-SE","potentialAction":[{"@type":"ReadAction","target":["https:\/\/lightweb.dev\/l\/svm-temp\/artiklar\/reportage\/sa-fungerar-lokalpolisens-hittegodsavdelning\/"]}]},{"@type":"ImageObject","inLanguage":"sv-SE","@id":"https:\/\/lightweb.dev\/l\/svm-temp\/artiklar\/reportage\/sa-fungerar-lokalpolisens-hittegodsavdelning\/#primaryimage","url":"https:\/\/lightweb.dev\/l\/svm-temp\/wp-content\/uploads\/2024\/07\/Hittegods-stor.jpeg","contentUrl":"https:\/\/lightweb.dev\/l\/svm-temp\/wp-content\/uploads\/2024\/07\/Hittegods-stor.jpeg","width":1280,"height":960,"caption":"Jose Luis Ponce Mart\u00edn tillsammans med lokalpolisen Jose Manuel Andr\u00e9s visar en br\u00e5kdel av allt som inkommit."},{"@type":"BreadcrumbList","@id":"https:\/\/lightweb.dev\/l\/svm-temp\/artiklar\/reportage\/sa-fungerar-lokalpolisens-hittegodsavdelning\/#breadcrumb","itemListElement":[{"@type":"ListItem","position":1,"name":"Hem","item":"https:\/\/lightweb.dev\/l\/svm-temp\/"},{"@type":"ListItem","position":2,"name":"S\u00e5 fungerar lokalpolisens hittegodsavdelning"}]},{"@type":"WebSite","@id":"https:\/\/lightweb.dev\/l\/svm-temp\/#website","url":"https:\/\/lightweb.dev\/l\/svm-temp\/","name":"Svenska Magasinet","description":"Dina Spanska nyheter p&aring; Svenska","publisher":{"@id":"https:\/\/lightweb.dev\/l\/svm-temp\/#organization"},"potentialAction":[{"@type":"SearchAction","target":{"@type":"EntryPoint","urlTemplate":"https:\/\/lightweb.dev\/l\/svm-temp\/?s={search_term_string}"},"query-input":{"@type":"PropertyValueSpecification","valueRequired":true,"valueName":"search_term_string"}}],"inLanguage":"sv-SE"},{"@type":"Organization","@id":"https:\/\/lightweb.dev\/l\/svm-temp\/#organization","name":"Melkerson y Nott SL","alternateName":"Svenska Magasinet","url":"https:\/\/lightweb.dev\/l\/svm-temp\/","logo":{"@type":"ImageObject","inLanguage":"sv-SE","@id":"https:\/\/lightweb.dev\/l\/svm-temp\/#\/schema\/logo\/image\/","url":"https:\/\/lightweb.dev\/l\/svm-temp\/wp-content\/uploads\/2025\/02\/SvM-logo-Xtra-Centrerad-SVART.png","contentUrl":"https:\/\/lightweb.dev\/l\/svm-temp\/wp-content\/uploads\/2025\/02\/SvM-logo-Xtra-Centrerad-SVART.png","width":300,"height":99,"caption":"Melkerson y Nott SL"},"image":{"@id":"https:\/\/lightweb.dev\/l\/svm-temp\/#\/schema\/logo\/image\/"},"sameAs":["https:\/\/www.facebook.com\/svenskamagasinet","https:\/\/x.com\/SvenskaMagasine"]},{"@type":"Person","@id":"https:\/\/lightweb.dev\/l\/svm-temp\/#\/schema\/person\/7a82b8a73d171d32360a564b6d03508e","name":"Ola Josefsson","description":"Bevakar Solkusten och Spanien sedan 1994.","sameAs":["https:\/\/lightweb.dev\/l\/svm-temp"],"url":"https:\/\/lightweb.dev\/l\/svm-temp\/reporter\/ola-josefsson\/"}]}},"_links":{"self":[{"href":"https:\/\/lightweb.dev\/l\/svm-temp\/wp-json\/wp\/v2\/posts\/73168","targetHints":{"allow":["GET"]}}],"collection":[{"href":"https:\/\/lightweb.dev\/l\/svm-temp\/wp-json\/wp\/v2\/posts"}],"about":[{"href":"https:\/\/lightweb.dev\/l\/svm-temp\/wp-json\/wp\/v2\/types\/post"}],"author":[{"embeddable":true,"href":"https:\/\/lightweb.dev\/l\/svm-temp\/wp-json\/wp\/v2\/users\/7"}],"replies":[{"embeddable":true,"href":"https:\/\/lightweb.dev\/l\/svm-temp\/wp-json\/wp\/v2\/comments?post=73168"}],"version-history":[{"count":0,"href":"https:\/\/lightweb.dev\/l\/svm-temp\/wp-json\/wp\/v2\/posts\/73168\/revisions"}],"wp:featuredmedia":[{"embeddable":true,"href":"https:\/\/lightweb.dev\/l\/svm-temp\/wp-json\/wp\/v2\/media\/73169"}],"wp:attachment":[{"href":"https:\/\/lightweb.dev\/l\/svm-temp\/wp-json\/wp\/v2\/media?parent=73168"}],"wp:term":[{"taxonomy":"category","embeddable":true,"href":"https:\/\/lightweb.dev\/l\/svm-temp\/wp-json\/wp\/v2\/categories?post=73168"},{"taxonomy":"post_tag","embeddable":true,"href":"https:\/\/lightweb.dev\/l\/svm-temp\/wp-json\/wp\/v2\/tags?post=73168"}],"curies":[{"name":"wp","href":"https:\/\/api.w.org\/{rel}","templated":true}]}}