{"id":73226,"date":"2024-08-06T18:00:44","date_gmt":"2024-08-06T16:00:44","guid":{"rendered":"https:\/\/lightweb.dev\/l\/svm-temp\/?p=73226"},"modified":"2024-08-06T18:48:45","modified_gmt":"2024-08-06T16:48:45","slug":"historia-cristobal-balenciaga","status":"publish","type":"post","link":"https:\/\/lightweb.dev\/l\/svm-temp\/artiklar\/kultur\/historia-cristobal-balenciaga\/","title":{"rendered":"Historia: Crist\u00f3bal Balenciaga"},"content":{"rendered":"<p><strong>Spanien har l\u00e4nge varit framst\u00e5ende i modev\u00e4rlden. Landet har fostrat m\u00e5nga internationellt erk\u00e4nda designers, tusentals m\u00e4nniskor reser varje \u00e5r till huvudstaden f\u00f6r att g\u00e5 p\u00e5 Madrids modevecka och butikskedjan Zara har sedan 1975 spritt sig fr\u00e5n galiciska <\/strong><strong>A Coru\u00f1a<\/strong><strong> till 96 olika l\u00e4nder runt om i v\u00e4rlden.<\/strong><\/p>\n<p><img loading=\"lazy\" decoding=\"async\" class=\"size-medium wp-image-73228 alignleft\" src=\"https:\/\/lightweb.dev\/l\/svm-temp\/wp-content\/uploads\/2024\/07\/2-stor-2-203x300.jpeg\" alt=\"\" width=\"203\" height=\"300\" srcset=\"https:\/\/lightweb.dev\/l\/svm-temp\/wp-content\/uploads\/2024\/07\/2-stor-2-203x300.jpeg 203w, https:\/\/lightweb.dev\/l\/svm-temp\/wp-content\/uploads\/2024\/07\/2-stor-2-608x900.jpeg 608w, https:\/\/lightweb.dev\/l\/svm-temp\/wp-content\/uploads\/2024\/07\/2-stor-2-768x1138.jpeg 768w, https:\/\/lightweb.dev\/l\/svm-temp\/wp-content\/uploads\/2024\/07\/2-stor-2-610x904.jpeg 610w, https:\/\/lightweb.dev\/l\/svm-temp\/wp-content\/uploads\/2024\/07\/2-stor-2-600x889.jpeg 600w, https:\/\/lightweb.dev\/l\/svm-temp\/wp-content\/uploads\/2024\/07\/2-stor-2.jpeg 864w\" sizes=\"(max-width: 203px) 100vw, 203px\" \/><\/p>\n<p>Under \u00e5ret har vi f\u00e5tt bekanta oss med en av Spaniens st\u00f6rsta modestj\u00e4rnor genom TV-serierna The New Look och en annan som b\u00e4r hans namn &#8211; <em>Crist\u00f3bal Balenciaga.<\/em><\/p>\n<p>Idag tittar vi n\u00e4rmare p\u00e5 hans liv, efterm\u00e4le och hur han kom att bli k\u00e4nd som \u201cThe King of Fashion\u201d.<\/p>\n<p>Crist\u00f3bal f\u00f6ddes \u00e5r 1895 i den baskiska kustbyn Getaria, knappt tv\u00e5 mil v\u00e4ster om San Sebastian. Hans far var fiskare men dog n\u00e4r Crist\u00f3bal var en liten pojke. Som barn spenderade han mycket tid p\u00e5 sin mammas arbete. Hon var s\u00f6mmerska och h\u00e4r v\u00e4cktes den unge Crist\u00f3bals intresse f\u00f6r kl\u00e4der. Redan som 12-\u00e5ring blev han skr\u00e4ddarl\u00e4rling och inom bara ett par \u00e5r blev den fr\u00e4msta adelsdamen i Getaria hans kund. Hon fick upp \u00f6gonen f\u00f6r ton\u00e5ringens talang och betalade s\u00e5 att han kunde flytta till Madrid f\u00f6r att f\u00e5 en formell utbildning.<\/p>\n<p>Han blev snabbt framg\u00e5ngsrik och efter sin utbildning \u00f6ppnade han en egen butik hemma i Baskien. Snart etablerade han \u00e4ven grenar i b\u00e5de Madrid och Barcelona och medlemmar ur den spanska kungafamiljen bar hans kl\u00e4der.<\/p>\n<div id=\"attachment_73229\" style=\"width: 147px\" class=\"wp-caption alignright\"><img loading=\"lazy\" decoding=\"async\" aria-describedby=\"caption-attachment-73229\" class=\"size-medium wp-image-73229\" src=\"https:\/\/lightweb.dev\/l\/svm-temp\/wp-content\/uploads\/2024\/07\/1-stor-137x300.jpeg\" alt=\"\" width=\"137\" height=\"300\" srcset=\"https:\/\/lightweb.dev\/l\/svm-temp\/wp-content\/uploads\/2024\/07\/1-stor-137x300.jpeg 137w, https:\/\/lightweb.dev\/l\/svm-temp\/wp-content\/uploads\/2024\/07\/1-stor-411x900.jpeg 411w, https:\/\/lightweb.dev\/l\/svm-temp\/wp-content\/uploads\/2024\/07\/1-stor.jpeg 584w\" sizes=\"(max-width: 137px) 100vw, 137px\" \/><p id=\"caption-attachment-73229\" class=\"wp-caption-text\">Svart spetskl\u00e4nning av Crist\u00f3bal Balenciaga fr\u00e5n 1958.<\/p><\/div>\n<p>N\u00e4r det spanska inb\u00f6rdeskriget br\u00f6t ut tvingades han dock bomma igen sina butiker och 1937 flyttade han till Paris f\u00f6r att \u00f6ppna upp p\u00e5 nytt. Detta \u00e4r grunden f\u00f6r serien med hans namn som g\u00e5r att se p\u00e5 Disney+.<\/p>\n<p>Till en b\u00f6rjan var det sv\u00e5rt f\u00f6r Crist\u00f3bal att synas i den tuffa konkurrensen som fanns i den franska huvudstaden. Det var inte f\u00f6rr\u00e4n p\u00e5 50-talet som hans innovativa och banbrytande kl\u00e4nningar gjorde honom till en av modev\u00e4rldens st\u00f6rsta namn. Det som gjorde honom unik var att han sydde sina kl\u00e4nningar helt utan att rita sketcher p\u00e5 f\u00f6rhand. D\u00e5, som nu, arbetade de flesta designers med illustrationer som l\u00e5g som grund f\u00f6r det blivande plagget. Crist\u00f3bals metoder saknade motstycke.<\/p>\n<p>Det var under denna period som Crist\u00f3bal kom att bli en av de tyngsta namnen inom modev\u00e4rlden och han fick smeknamnet \u201cThe King of Fashion\u201d. Bland hans mest k\u00e4nda klienter fanns namn som Mona von Bismarck, Grace Kelly, Ava Gardner, Audrey Hepburn och Jackie Kennedy.<\/p>\n<p>Han var \u00e4ven en skicklig l\u00e4rare och inspirerade flera andra tungviktare som Oscar de la Renta och Mila Sch\u00f6n.<\/p>\n<div id=\"attachment_73230\" style=\"width: 310px\" class=\"wp-caption alignleft\"><img loading=\"lazy\" decoding=\"async\" aria-describedby=\"caption-attachment-73230\" class=\"size-medium wp-image-73230\" src=\"https:\/\/lightweb.dev\/l\/svm-temp\/wp-content\/uploads\/2024\/07\/2-stor-300x200.jpeg\" alt=\"\" width=\"300\" height=\"200\" srcset=\"https:\/\/lightweb.dev\/l\/svm-temp\/wp-content\/uploads\/2024\/07\/2-stor-300x200.jpeg 300w, https:\/\/lightweb.dev\/l\/svm-temp\/wp-content\/uploads\/2024\/07\/2-stor-900x599.jpeg 900w, https:\/\/lightweb.dev\/l\/svm-temp\/wp-content\/uploads\/2024\/07\/2-stor-768x511.jpeg 768w, https:\/\/lightweb.dev\/l\/svm-temp\/wp-content\/uploads\/2024\/07\/2-stor-610x406.jpeg 610w, https:\/\/lightweb.dev\/l\/svm-temp\/wp-content\/uploads\/2024\/07\/2-stor-1080x719.jpeg 1080w, https:\/\/lightweb.dev\/l\/svm-temp\/wp-content\/uploads\/2024\/07\/2-stor-600x399.jpeg 600w, https:\/\/lightweb.dev\/l\/svm-temp\/wp-content\/uploads\/2024\/07\/2-stor.jpeg 1280w\" sizes=\"(max-width: 300px) 100vw, 300px\" \/><p id=\"caption-attachment-73230\" class=\"wp-caption-text\">Kappor av Crist\u00f3bal Balenciaga fr\u00e5n 1960 som finns att se p\u00e5 museet i Getaria.<\/p><\/div>\n<p>1968 gick Crist\u00f3bal mycket ov\u00e4ntat i pension och drog sig tillbaka till Spanien och Alicante efter 30 \u00e5r i Paris modev\u00e4rld. \u00c4ven hans d\u00f6d kom mycket pl\u00f6tsligt och utan f\u00f6rvarning n\u00e4r han fyra \u00e5r senare avled efter en hj\u00e4rtattack. Han blev 77 \u00e5r gammal.<\/p>\n<h2>Efterm\u00e4le<\/h2>\n<p>\u00c4ven om Crist\u00f3bal st\u00e4ngde ner sin verksamhet i slutet av 60-talet s\u00e5 dog inte hans varum\u00e4rke med honom. Det l\u00e5g f\u00f6rvisso vilande fram till 1986 n\u00e4r det k\u00f6ptes av Jacques Konckier och sedan dess har Balenciaga igen blivit en tung spelare p\u00e5 marknaden. De producerar tjusiga kl\u00e4nningar i samma speciella stil som en g\u00e5ng gjorde Crist\u00f3bal k\u00e4nd, eftertraktade v\u00e4skor, skor som \u00e4r popul\u00e4ra f\u00f6r sin originella design, samt dyra parfymer.<\/p>\n<div id=\"attachment_73231\" style=\"width: 160px\" class=\"wp-caption alignright\"><img loading=\"lazy\" decoding=\"async\" aria-describedby=\"caption-attachment-73231\" class=\"size-medium wp-image-73231\" src=\"https:\/\/lightweb.dev\/l\/svm-temp\/wp-content\/uploads\/2024\/07\/3-stor-150x300.jpeg\" alt=\"\" width=\"150\" height=\"300\" srcset=\"https:\/\/lightweb.dev\/l\/svm-temp\/wp-content\/uploads\/2024\/07\/3-stor-150x300.jpeg 150w, https:\/\/lightweb.dev\/l\/svm-temp\/wp-content\/uploads\/2024\/07\/3-stor-449x900.jpeg 449w, https:\/\/lightweb.dev\/l\/svm-temp\/wp-content\/uploads\/2024\/07\/3-stor-610x1222.jpeg 610w, https:\/\/lightweb.dev\/l\/svm-temp\/wp-content\/uploads\/2024\/07\/3-stor-600x1202.jpeg 600w, https:\/\/lightweb.dev\/l\/svm-temp\/wp-content\/uploads\/2024\/07\/3-stor.jpeg 639w\" sizes=\"(max-width: 150px) 100vw, 150px\" \/><p id=\"caption-attachment-73231\" class=\"wp-caption-text\">Silkeskl\u00e4nning av av Crist\u00f3bal Balenciaga fr\u00e5n 1960.<\/p><\/div>\n<p>I hemstaden Getaria finns sedan 2011 en stiftelse och ett museum f\u00f6r att bevara minnet av Crist\u00f3bal. I museet kan man se fler \u00e4n 1 200 f\u00f6rem\u00e5l som han designat. \u00c4ven p\u00e5 Barcelonas designmuseum finns en rad olika kl\u00e4nningar och accessoarer som han skapat att besk\u00e5da. Och p\u00e5 Madrids textilmuseum finns ytterligare en kollektion av hans skapelser.<\/p>\n<p>F\u00f6r den som \u00e4r intresserad av dramatiseringarna av hans liv finns The New Look p\u00e5 AppleTV och Crist\u00f3bal p\u00e5 Disney+.<\/p>\n","protected":false},"excerpt":{"rendered":"<p>Spanien har l\u00e4nge varit framst\u00e5ende i modev\u00e4rlden. Landet har fostrat m\u00e5nga internationellt erk\u00e4nda designers, tusentals m\u00e4nniskor reser varje \u00e5r till huvudstaden f\u00f6r att g\u00e5 p\u00e5 Madrids modevecka och butikskedjan Zara har sedan 1975 spritt sig fr\u00e5n galiciska A Coru\u00f1a till 96 olika l\u00e4nder runt om i v\u00e4rlden&#8230;<\/p>\n","protected":false},"author":14,"featured_media":73227,"comment_status":"closed","ping_status":"closed","sticky":false,"template":"","format":"standard","meta":{"_et_pb_use_builder":"","_et_pb_old_content":"","_et_gb_content_width":"","footnotes":""},"categories":[4,45],"tags":[],"class_list":["post-73226","post","type-post","status-publish","format-standard","has-post-thumbnail","hentry","category-artiklar","category-kultur"],"yoast_head":"<!-- This site is optimized with the Yoast SEO Premium plugin v26.2 (Yoast SEO v28.2) - https:\/\/yoast.com\/product\/yoast-seo-premium-wordpress\/ -->\n<title>Historia: Crist\u00f3bal Balenciaga - Svenska Magasinet<\/title>\n<meta name=\"description\" content=\"Spanien har l\u00e4nge varit framst\u00e5ende i modev\u00e4rlden. Landet har fostrat m\u00e5nga internationellt erk\u00e4nda designers, tusentals m\u00e4nniskor reser varje \u00e5r till huvudstaden f\u00f6r att g\u00e5 p\u00e5 Madrids modevecka och butikskedjan Zara har sedan 1975 spritt sig fr\u00e5n galiciska A Coru\u00f1a till 96 olika l\u00e4nder runt om i v\u00e4rlden.\" \/>\n<meta name=\"robots\" content=\"noindex, follow, max-snippet:-1, max-image-preview:large, max-video-preview:-1\" \/>\n<meta property=\"og:locale\" content=\"sv_SE\" \/>\n<meta property=\"og:type\" content=\"article\" \/>\n<meta property=\"og:title\" content=\"Historia: Crist\u00f3bal Balenciaga\" \/>\n<meta property=\"og:description\" content=\"Spanien har l\u00e4nge varit framst\u00e5ende i modev\u00e4rlden. Landet har fostrat m\u00e5nga internationellt erk\u00e4nda designers, tusentals m\u00e4nniskor reser varje \u00e5r till huvudstaden f\u00f6r att g\u00e5 p\u00e5 Madrids modevecka och butikskedjan Zara har sedan 1975 spritt sig fr\u00e5n galiciska A Coru\u00f1a till 96 olika l\u00e4nder runt om i v\u00e4rlden.\" \/>\n<meta property=\"og:url\" content=\"https:\/\/lightweb.dev\/l\/svm-temp\/artiklar\/kultur\/historia-cristobal-balenciaga\/\" \/>\n<meta property=\"og:site_name\" content=\"Svenska Magasinet\" \/>\n<meta property=\"article:publisher\" content=\"https:\/\/www.facebook.com\/svenskamagasinet\" \/>\n<meta property=\"article:published_time\" content=\"2024-08-06T16:00:44+00:00\" \/>\n<meta property=\"article:modified_time\" content=\"2024-08-06T16:48:45+00:00\" \/>\n<meta property=\"og:image\" content=\"https:\/\/lightweb.dev\/l\/svm-temp\/wp-content\/uploads\/2024\/07\/4-stor-2.jpeg\" \/>\n\t<meta property=\"og:image:width\" content=\"1280\" \/>\n\t<meta property=\"og:image:height\" content=\"768\" \/>\n\t<meta property=\"og:image:type\" content=\"image\/jpeg\" \/>\n<meta name=\"author\" content=\"Robbie Eriksson\" \/>\n<meta name=\"twitter:card\" content=\"summary_large_image\" \/>\n<meta name=\"twitter:creator\" content=\"@SvenskaMagasine\" \/>\n<meta name=\"twitter:site\" content=\"@SvenskaMagasine\" \/>\n<script type=\"application\/ld+json\" class=\"yoast-schema-graph\">{\"@context\":\"https:\\\/\\\/schema.org\",\"@graph\":[{\"@type\":\"Article\",\"@id\":\"https:\\\/\\\/lightweb.dev\\\/l\\\/svm-temp\\\/artiklar\\\/kultur\\\/historia-cristobal-balenciaga\\\/#article\",\"isPartOf\":{\"@id\":\"https:\\\/\\\/lightweb.dev\\\/l\\\/svm-temp\\\/artiklar\\\/kultur\\\/historia-cristobal-balenciaga\\\/\"},\"author\":{\"name\":\"Robbie Eriksson\",\"@id\":\"https:\\\/\\\/lightweb.dev\\\/l\\\/svm-temp\\\/#\\\/schema\\\/person\\\/caffe038990d25722f5a04a03c906a2b\"},\"headline\":\"Historia: Crist\u00f3bal Balenciaga\",\"datePublished\":\"2024-08-06T16:00:44+00:00\",\"dateModified\":\"2024-08-06T16:48:45+00:00\",\"mainEntityOfPage\":{\"@id\":\"https:\\\/\\\/lightweb.dev\\\/l\\\/svm-temp\\\/artiklar\\\/kultur\\\/historia-cristobal-balenciaga\\\/\"},\"wordCount\":739,\"publisher\":{\"@id\":\"https:\\\/\\\/lightweb.dev\\\/l\\\/svm-temp\\\/#organization\"},\"image\":{\"@id\":\"https:\\\/\\\/lightweb.dev\\\/l\\\/svm-temp\\\/artiklar\\\/kultur\\\/historia-cristobal-balenciaga\\\/#primaryimage\"},\"thumbnailUrl\":\"https:\\\/\\\/lightweb.dev\\\/l\\\/svm-temp\\\/wp-content\\\/uploads\\\/2024\\\/07\\\/4-stor-2.jpeg\",\"articleSection\":[\"Artiklar\",\"Kultur &amp; historia\"],\"inLanguage\":\"sv-SE\"},{\"@type\":\"WebPage\",\"@id\":\"https:\\\/\\\/lightweb.dev\\\/l\\\/svm-temp\\\/artiklar\\\/kultur\\\/historia-cristobal-balenciaga\\\/\",\"url\":\"https:\\\/\\\/lightweb.dev\\\/l\\\/svm-temp\\\/artiklar\\\/kultur\\\/historia-cristobal-balenciaga\\\/\",\"name\":\"Historia: Crist\u00f3bal Balenciaga - Svenska Magasinet\",\"isPartOf\":{\"@id\":\"https:\\\/\\\/lightweb.dev\\\/l\\\/svm-temp\\\/#website\"},\"primaryImageOfPage\":{\"@id\":\"https:\\\/\\\/lightweb.dev\\\/l\\\/svm-temp\\\/artiklar\\\/kultur\\\/historia-cristobal-balenciaga\\\/#primaryimage\"},\"image\":{\"@id\":\"https:\\\/\\\/lightweb.dev\\\/l\\\/svm-temp\\\/artiklar\\\/kultur\\\/historia-cristobal-balenciaga\\\/#primaryimage\"},\"thumbnailUrl\":\"https:\\\/\\\/lightweb.dev\\\/l\\\/svm-temp\\\/wp-content\\\/uploads\\\/2024\\\/07\\\/4-stor-2.jpeg\",\"datePublished\":\"2024-08-06T16:00:44+00:00\",\"dateModified\":\"2024-08-06T16:48:45+00:00\",\"description\":\"Spanien har l\u00e4nge varit framst\u00e5ende i modev\u00e4rlden. Landet har fostrat m\u00e5nga internationellt erk\u00e4nda designers, tusentals m\u00e4nniskor reser varje \u00e5r till huvudstaden f\u00f6r att g\u00e5 p\u00e5 Madrids modevecka och butikskedjan Zara har sedan 1975 spritt sig fr\u00e5n galiciska A Coru\u00f1a till 96 olika l\u00e4nder runt om i v\u00e4rlden.\",\"breadcrumb\":{\"@id\":\"https:\\\/\\\/lightweb.dev\\\/l\\\/svm-temp\\\/artiklar\\\/kultur\\\/historia-cristobal-balenciaga\\\/#breadcrumb\"},\"inLanguage\":\"sv-SE\",\"potentialAction\":[{\"@type\":\"ReadAction\",\"target\":[\"https:\\\/\\\/lightweb.dev\\\/l\\\/svm-temp\\\/artiklar\\\/kultur\\\/historia-cristobal-balenciaga\\\/\"]}]},{\"@type\":\"ImageObject\",\"inLanguage\":\"sv-SE\",\"@id\":\"https:\\\/\\\/lightweb.dev\\\/l\\\/svm-temp\\\/artiklar\\\/kultur\\\/historia-cristobal-balenciaga\\\/#primaryimage\",\"url\":\"https:\\\/\\\/lightweb.dev\\\/l\\\/svm-temp\\\/wp-content\\\/uploads\\\/2024\\\/07\\\/4-stor-2.jpeg\",\"contentUrl\":\"https:\\\/\\\/lightweb.dev\\\/l\\\/svm-temp\\\/wp-content\\\/uploads\\\/2024\\\/07\\\/4-stor-2.jpeg\",\"width\":1280,\"height\":768},{\"@type\":\"BreadcrumbList\",\"@id\":\"https:\\\/\\\/lightweb.dev\\\/l\\\/svm-temp\\\/artiklar\\\/kultur\\\/historia-cristobal-balenciaga\\\/#breadcrumb\",\"itemListElement\":[{\"@type\":\"ListItem\",\"position\":1,\"name\":\"Hem\",\"item\":\"https:\\\/\\\/lightweb.dev\\\/l\\\/svm-temp\\\/\"},{\"@type\":\"ListItem\",\"position\":2,\"name\":\"Historia: Crist\u00f3bal Balenciaga\"}]},{\"@type\":\"WebSite\",\"@id\":\"https:\\\/\\\/lightweb.dev\\\/l\\\/svm-temp\\\/#website\",\"url\":\"https:\\\/\\\/lightweb.dev\\\/l\\\/svm-temp\\\/\",\"name\":\"Svenska Magasinet\",\"description\":\"Dina Spanska nyheter p&aring; Svenska\",\"publisher\":{\"@id\":\"https:\\\/\\\/lightweb.dev\\\/l\\\/svm-temp\\\/#organization\"},\"potentialAction\":[{\"@type\":\"SearchAction\",\"target\":{\"@type\":\"EntryPoint\",\"urlTemplate\":\"https:\\\/\\\/lightweb.dev\\\/l\\\/svm-temp\\\/?s={search_term_string}\"},\"query-input\":{\"@type\":\"PropertyValueSpecification\",\"valueRequired\":true,\"valueName\":\"search_term_string\"}}],\"inLanguage\":\"sv-SE\"},{\"@type\":\"Organization\",\"@id\":\"https:\\\/\\\/lightweb.dev\\\/l\\\/svm-temp\\\/#organization\",\"name\":\"Melkerson y Nott SL\",\"alternateName\":\"Svenska Magasinet\",\"url\":\"https:\\\/\\\/lightweb.dev\\\/l\\\/svm-temp\\\/\",\"logo\":{\"@type\":\"ImageObject\",\"inLanguage\":\"sv-SE\",\"@id\":\"https:\\\/\\\/lightweb.dev\\\/l\\\/svm-temp\\\/#\\\/schema\\\/logo\\\/image\\\/\",\"url\":\"https:\\\/\\\/lightweb.dev\\\/l\\\/svm-temp\\\/wp-content\\\/uploads\\\/2025\\\/02\\\/SvM-logo-Xtra-Centrerad-SVART.png\",\"contentUrl\":\"https:\\\/\\\/lightweb.dev\\\/l\\\/svm-temp\\\/wp-content\\\/uploads\\\/2025\\\/02\\\/SvM-logo-Xtra-Centrerad-SVART.png\",\"width\":300,\"height\":99,\"caption\":\"Melkerson y Nott SL\"},\"image\":{\"@id\":\"https:\\\/\\\/lightweb.dev\\\/l\\\/svm-temp\\\/#\\\/schema\\\/logo\\\/image\\\/\"},\"sameAs\":[\"https:\\\/\\\/www.facebook.com\\\/svenskamagasinet\",\"https:\\\/\\\/x.com\\\/SvenskaMagasine\"]},{\"@type\":\"Person\",\"@id\":\"https:\\\/\\\/lightweb.dev\\\/l\\\/svm-temp\\\/#\\\/schema\\\/person\\\/caffe038990d25722f5a04a03c906a2b\",\"name\":\"Robbie Eriksson\",\"sameAs\":[\"https:\\\/\\\/lightweb.dev\\\/l\\\/svm-temp\"],\"url\":\"https:\\\/\\\/lightweb.dev\\\/l\\\/svm-temp\\\/reporter\\\/robbie-eriksson\\\/\"}]}<\/script>\n<!-- \/ Yoast SEO Premium plugin. -->","yoast_head_json":{"title":"Historia: Crist\u00f3bal Balenciaga - Svenska Magasinet","description":"Spanien har l\u00e4nge varit framst\u00e5ende i modev\u00e4rlden. Landet har fostrat m\u00e5nga internationellt erk\u00e4nda designers, tusentals m\u00e4nniskor reser varje \u00e5r till huvudstaden f\u00f6r att g\u00e5 p\u00e5 Madrids modevecka och butikskedjan Zara har sedan 1975 spritt sig fr\u00e5n galiciska A Coru\u00f1a till 96 olika l\u00e4nder runt om i v\u00e4rlden.","robots":{"index":"noindex","follow":"follow","max-snippet":"max-snippet:-1","max-image-preview":"max-image-preview:large","max-video-preview":"max-video-preview:-1"},"og_locale":"sv_SE","og_type":"article","og_title":"Historia: Crist\u00f3bal Balenciaga","og_description":"Spanien har l\u00e4nge varit framst\u00e5ende i modev\u00e4rlden. Landet har fostrat m\u00e5nga internationellt erk\u00e4nda designers, tusentals m\u00e4nniskor reser varje \u00e5r till huvudstaden f\u00f6r att g\u00e5 p\u00e5 Madrids modevecka och butikskedjan Zara har sedan 1975 spritt sig fr\u00e5n galiciska A Coru\u00f1a till 96 olika l\u00e4nder runt om i v\u00e4rlden.","og_url":"https:\/\/lightweb.dev\/l\/svm-temp\/artiklar\/kultur\/historia-cristobal-balenciaga\/","og_site_name":"Svenska Magasinet","article_publisher":"https:\/\/www.facebook.com\/svenskamagasinet","article_published_time":"2024-08-06T16:00:44+00:00","article_modified_time":"2024-08-06T16:48:45+00:00","og_image":[{"width":1280,"height":768,"url":"https:\/\/lightweb.dev\/l\/svm-temp\/wp-content\/uploads\/2024\/07\/4-stor-2.jpeg","type":"image\/jpeg"}],"author":"Robbie Eriksson","twitter_card":"summary_large_image","twitter_creator":"@SvenskaMagasine","twitter_site":"@SvenskaMagasine","schema":{"@context":"https:\/\/schema.org","@graph":[{"@type":"Article","@id":"https:\/\/lightweb.dev\/l\/svm-temp\/artiklar\/kultur\/historia-cristobal-balenciaga\/#article","isPartOf":{"@id":"https:\/\/lightweb.dev\/l\/svm-temp\/artiklar\/kultur\/historia-cristobal-balenciaga\/"},"author":{"name":"Robbie Eriksson","@id":"https:\/\/lightweb.dev\/l\/svm-temp\/#\/schema\/person\/caffe038990d25722f5a04a03c906a2b"},"headline":"Historia: Crist\u00f3bal Balenciaga","datePublished":"2024-08-06T16:00:44+00:00","dateModified":"2024-08-06T16:48:45+00:00","mainEntityOfPage":{"@id":"https:\/\/lightweb.dev\/l\/svm-temp\/artiklar\/kultur\/historia-cristobal-balenciaga\/"},"wordCount":739,"publisher":{"@id":"https:\/\/lightweb.dev\/l\/svm-temp\/#organization"},"image":{"@id":"https:\/\/lightweb.dev\/l\/svm-temp\/artiklar\/kultur\/historia-cristobal-balenciaga\/#primaryimage"},"thumbnailUrl":"https:\/\/lightweb.dev\/l\/svm-temp\/wp-content\/uploads\/2024\/07\/4-stor-2.jpeg","articleSection":["Artiklar","Kultur &amp; historia"],"inLanguage":"sv-SE"},{"@type":"WebPage","@id":"https:\/\/lightweb.dev\/l\/svm-temp\/artiklar\/kultur\/historia-cristobal-balenciaga\/","url":"https:\/\/lightweb.dev\/l\/svm-temp\/artiklar\/kultur\/historia-cristobal-balenciaga\/","name":"Historia: Crist\u00f3bal Balenciaga - Svenska Magasinet","isPartOf":{"@id":"https:\/\/lightweb.dev\/l\/svm-temp\/#website"},"primaryImageOfPage":{"@id":"https:\/\/lightweb.dev\/l\/svm-temp\/artiklar\/kultur\/historia-cristobal-balenciaga\/#primaryimage"},"image":{"@id":"https:\/\/lightweb.dev\/l\/svm-temp\/artiklar\/kultur\/historia-cristobal-balenciaga\/#primaryimage"},"thumbnailUrl":"https:\/\/lightweb.dev\/l\/svm-temp\/wp-content\/uploads\/2024\/07\/4-stor-2.jpeg","datePublished":"2024-08-06T16:00:44+00:00","dateModified":"2024-08-06T16:48:45+00:00","description":"Spanien har l\u00e4nge varit framst\u00e5ende i modev\u00e4rlden. Landet har fostrat m\u00e5nga internationellt erk\u00e4nda designers, tusentals m\u00e4nniskor reser varje \u00e5r till huvudstaden f\u00f6r att g\u00e5 p\u00e5 Madrids modevecka och butikskedjan Zara har sedan 1975 spritt sig fr\u00e5n galiciska A Coru\u00f1a till 96 olika l\u00e4nder runt om i v\u00e4rlden.","breadcrumb":{"@id":"https:\/\/lightweb.dev\/l\/svm-temp\/artiklar\/kultur\/historia-cristobal-balenciaga\/#breadcrumb"},"inLanguage":"sv-SE","potentialAction":[{"@type":"ReadAction","target":["https:\/\/lightweb.dev\/l\/svm-temp\/artiklar\/kultur\/historia-cristobal-balenciaga\/"]}]},{"@type":"ImageObject","inLanguage":"sv-SE","@id":"https:\/\/lightweb.dev\/l\/svm-temp\/artiklar\/kultur\/historia-cristobal-balenciaga\/#primaryimage","url":"https:\/\/lightweb.dev\/l\/svm-temp\/wp-content\/uploads\/2024\/07\/4-stor-2.jpeg","contentUrl":"https:\/\/lightweb.dev\/l\/svm-temp\/wp-content\/uploads\/2024\/07\/4-stor-2.jpeg","width":1280,"height":768},{"@type":"BreadcrumbList","@id":"https:\/\/lightweb.dev\/l\/svm-temp\/artiklar\/kultur\/historia-cristobal-balenciaga\/#breadcrumb","itemListElement":[{"@type":"ListItem","position":1,"name":"Hem","item":"https:\/\/lightweb.dev\/l\/svm-temp\/"},{"@type":"ListItem","position":2,"name":"Historia: Crist\u00f3bal Balenciaga"}]},{"@type":"WebSite","@id":"https:\/\/lightweb.dev\/l\/svm-temp\/#website","url":"https:\/\/lightweb.dev\/l\/svm-temp\/","name":"Svenska Magasinet","description":"Dina Spanska nyheter p&aring; Svenska","publisher":{"@id":"https:\/\/lightweb.dev\/l\/svm-temp\/#organization"},"potentialAction":[{"@type":"SearchAction","target":{"@type":"EntryPoint","urlTemplate":"https:\/\/lightweb.dev\/l\/svm-temp\/?s={search_term_string}"},"query-input":{"@type":"PropertyValueSpecification","valueRequired":true,"valueName":"search_term_string"}}],"inLanguage":"sv-SE"},{"@type":"Organization","@id":"https:\/\/lightweb.dev\/l\/svm-temp\/#organization","name":"Melkerson y Nott SL","alternateName":"Svenska Magasinet","url":"https:\/\/lightweb.dev\/l\/svm-temp\/","logo":{"@type":"ImageObject","inLanguage":"sv-SE","@id":"https:\/\/lightweb.dev\/l\/svm-temp\/#\/schema\/logo\/image\/","url":"https:\/\/lightweb.dev\/l\/svm-temp\/wp-content\/uploads\/2025\/02\/SvM-logo-Xtra-Centrerad-SVART.png","contentUrl":"https:\/\/lightweb.dev\/l\/svm-temp\/wp-content\/uploads\/2025\/02\/SvM-logo-Xtra-Centrerad-SVART.png","width":300,"height":99,"caption":"Melkerson y Nott SL"},"image":{"@id":"https:\/\/lightweb.dev\/l\/svm-temp\/#\/schema\/logo\/image\/"},"sameAs":["https:\/\/www.facebook.com\/svenskamagasinet","https:\/\/x.com\/SvenskaMagasine"]},{"@type":"Person","@id":"https:\/\/lightweb.dev\/l\/svm-temp\/#\/schema\/person\/caffe038990d25722f5a04a03c906a2b","name":"Robbie Eriksson","sameAs":["https:\/\/lightweb.dev\/l\/svm-temp"],"url":"https:\/\/lightweb.dev\/l\/svm-temp\/reporter\/robbie-eriksson\/"}]}},"_links":{"self":[{"href":"https:\/\/lightweb.dev\/l\/svm-temp\/wp-json\/wp\/v2\/posts\/73226","targetHints":{"allow":["GET"]}}],"collection":[{"href":"https:\/\/lightweb.dev\/l\/svm-temp\/wp-json\/wp\/v2\/posts"}],"about":[{"href":"https:\/\/lightweb.dev\/l\/svm-temp\/wp-json\/wp\/v2\/types\/post"}],"author":[{"embeddable":true,"href":"https:\/\/lightweb.dev\/l\/svm-temp\/wp-json\/wp\/v2\/users\/14"}],"replies":[{"embeddable":true,"href":"https:\/\/lightweb.dev\/l\/svm-temp\/wp-json\/wp\/v2\/comments?post=73226"}],"version-history":[{"count":0,"href":"https:\/\/lightweb.dev\/l\/svm-temp\/wp-json\/wp\/v2\/posts\/73226\/revisions"}],"wp:featuredmedia":[{"embeddable":true,"href":"https:\/\/lightweb.dev\/l\/svm-temp\/wp-json\/wp\/v2\/media\/73227"}],"wp:attachment":[{"href":"https:\/\/lightweb.dev\/l\/svm-temp\/wp-json\/wp\/v2\/media?parent=73226"}],"wp:term":[{"taxonomy":"category","embeddable":true,"href":"https:\/\/lightweb.dev\/l\/svm-temp\/wp-json\/wp\/v2\/categories?post=73226"},{"taxonomy":"post_tag","embeddable":true,"href":"https:\/\/lightweb.dev\/l\/svm-temp\/wp-json\/wp\/v2\/tags?post=73226"}],"curies":[{"name":"wp","href":"https:\/\/api.w.org\/{rel}","templated":true}]}}