{"id":73254,"date":"2024-08-08T00:30:38","date_gmt":"2024-08-07T22:30:38","guid":{"rendered":"https:\/\/lightweb.dev\/l\/svm-temp\/?p=73254"},"modified":"2024-08-08T11:00:08","modified_gmt":"2024-08-08T09:00:08","slug":"skatt-juridik-nyheter-avseende-korttidsuthyrning-i-andalusien","status":"publish","type":"post","link":"https:\/\/lightweb.dev\/l\/svm-temp\/artiklar\/skatt-juridik-nyheter-avseende-korttidsuthyrning-i-andalusien\/","title":{"rendered":"Skatt &#038; Juridik: Nyheter avseende korttidsuthyrning i Andalusien"},"content":{"rendered":"<p><strong>Den 22 februari 2024 tr\u00e4dde f\u00f6rordning 31\/2024 av den 29 januari fr\u00e5n Andalusiens regionala regering i kraft, som bl.a. \u00e4ndrar vissa best\u00e4mmelser om uthyrning av bost\u00e4der till turister. Tidigare f\u00f6rordning 2\/2016 av den 2 februari, som reglerar bost\u00e4der f\u00f6r turist\u00e4ndam\u00e5l (nedan kallad f\u00f6rordningen) har genomg\u00e5tt en rad \u00e4ndringar. Vi ska h\u00e4r lyfta fram n\u00e5gra av de viktigaste.<\/strong><\/p>\n<div id=\"attachment_61780\" style=\"width: 235px\" class=\"wp-caption alignleft\"><img loading=\"lazy\" decoding=\"async\" aria-describedby=\"caption-attachment-61780\" class=\"size-medium wp-image-61780\" src=\"https:\/\/lightweb.dev\/l\/svm-temp\/wp-content\/uploads\/2023\/02\/ANA-CARNET1-stor-225x300.jpeg\" alt=\"\" width=\"225\" height=\"300\" srcset=\"https:\/\/lightweb.dev\/l\/svm-temp\/wp-content\/uploads\/2023\/02\/ANA-CARNET1-stor-225x300.jpeg 225w, https:\/\/lightweb.dev\/l\/svm-temp\/wp-content\/uploads\/2023\/02\/ANA-CARNET1-stor-675x900.jpeg 675w, https:\/\/lightweb.dev\/l\/svm-temp\/wp-content\/uploads\/2023\/02\/ANA-CARNET1-stor-768x1024.jpeg 768w, https:\/\/lightweb.dev\/l\/svm-temp\/wp-content\/uploads\/2023\/02\/ANA-CARNET1-stor-610x813.jpeg 610w, https:\/\/lightweb.dev\/l\/svm-temp\/wp-content\/uploads\/2023\/02\/ANA-CARNET1-stor-600x800.jpeg 600w, https:\/\/lightweb.dev\/l\/svm-temp\/wp-content\/uploads\/2023\/02\/ANA-CARNET1-stor.jpeg 900w\" sizes=\"(max-width: 225px) 100vw, 225px\" \/><p id=\"caption-attachment-61780\" class=\"wp-caption-text\">Av Ana Rodr\u00edguez Clemente, GONVEL &amp; KAMPH, spanska advokater och skatter\u00e5dgivare<br \/>info@gonvelkamph.net. www.gonvelkamph.net<\/p><\/div>\n<p><strong>\u00a0<\/strong>Tidigare ben\u00e4mning <em>viviendas \u201ccon fines tur\u00edsticos<\/em>\u201d, VFT (bost\u00e4der \u201df\u00f6r turist\u00e4ndam\u00e5l\u201d \u00e4ndras till <em>viviendas \u201cde uso tur\u00edstico<\/em>\u201d, VUT, (bost\u00e4der \u201df\u00f6r turistbruk\u201d). Det g\u00f6r att registreringsnumret automatiskt \u00e4ndras fr\u00e5n VFT\/MA\/00000 till VUT\/MA\/00000, vilket g\u00f6r att all marknadsf\u00f6ring av bostaden m.m. m\u00e5ste uppdateras.<\/p>\n<p>F\u00f6rbud att bedriva VUT-verksamhet f\u00f6r vissa bost\u00e4der: (i) bost\u00e4der som omfattas av ett offentligt skyddssystem; (ii) bost\u00e4der vars f\u00f6rening har f\u00f6rbjudit det; (iii) boendeenheter bel\u00e4gna i turistboendeanl\u00e4ggningar som m\u00e5ste ockupera hela eller del av byggnaden; och (iv) bost\u00e4der som erk\u00e4nts som AFO-status, dvs legaliserats i efterhand, s\u00e5vida inte kommunen uttryckligen till\u00e5ter det.<\/p>\n<p>Kommunen kan begr\u00e4nsa maxantalet VUT per byggnad, sektor, omr\u00e5de och period.<\/p>\n<p>Hj\u00e4lp fr\u00e5n polisen att avhysa de som bryter mot reglerna eller som inte flyttar ut.<\/p>\n<p>Kravet att VUT-bost\u00e4der ska ligga p\u00e5 mark klassificerad f\u00f6r bost\u00e4der tas bort.<\/p>\n<p>En f\u00f6rhandsanm\u00e4lan m\u00e5ste g\u00f6ras som anger vilka perioder som bostaden hyrs ut. Uthyrning f\u00e5r inte ske utanf\u00f6r dessa perioder.<\/p>\n<p>Om driften av uthyrningen sk\u00f6ts av en uthyrningsfirma som administrerar en eller flera bost\u00e4der, m\u00e5ste de registrera sig f\u00f6r uthyrning av bostaden ist\u00e4llet f\u00f6r \u00e4garen.<\/p>\n<p>Ansvarig f\u00f6r uthyrningen m\u00e5ste h\u00e5lla en uppdaterad lista \u00f6ver alla bost\u00e4der som denne hanterar och eventuella \u00e4ndringar m\u00e5ste meddelas registret. Finns ocks\u00e5 en skyldighet att erbjuda 24-timmars assistans, st\u00e4dning, information etc.<\/p>\n<p>Ny klassificering i tv\u00e5 grupper: (i) Komplett, n\u00e4r hela bostaden \u00f6verl\u00e5ts och (ii) Per rum, i vilket fall den enskilda operat\u00f6ren eller \u00e4garen m\u00e5ste bo i bostaden och vara skriven d\u00e4r.<\/p>\n<p>Nya tekniska krav och krav p\u00e5 beboelighet, s\u00e5som minimiytan 14 m<sup>2<\/sup> per plats och 25 m<sup>2<\/sup> f\u00f6r allm\u00e4nna utrymmen; antalet badrum minst 2 f\u00f6r mer \u00e4n 5 platser och 3 f\u00f6r mer \u00e4n 8; kylning och uppv\u00e4rmning f\u00f6r vissa m\u00e5nader etc.<\/p>\n<p>Krav p\u00e5 att inneha slutbevis (LPO) avskaffas. I registreringen ska dock anges att bostaden \u00e4r kompatibel f\u00f6r anv\u00e4ndning som VUT i enlighet med till\u00e4mpliga lagar och regler. Registreringen kommer att meddelas kommunen. Om bostaden saknar bygglov eller andra tillst\u00e5nd eller strider mot tex. stadsplan och markbest\u00e4mmelser, kan registreringen i turistregistret f\u00f6r uthyrning annulleras.<\/p>\n<p>Registrering m\u00e5ste ske elektroniskt genom s.k. digitalt-ID, den person eller enhet som bedriver uthyrningen m\u00e5ste identifieras, intyga att fastigheten \u00e4r kompatibel f\u00f6r turistanv\u00e4ndning enligt stadsplaneringsbest\u00e4mmelserna, att det inte finns f\u00f6rbud i f\u00f6reningen om uthyrning, vilka perioder under \u00e5ret som hyrs ut m.m.<\/p>\n<p>Inl\u00e4mnad information kommer att kontrolleras av myndigheten, liksom efterlevnaden av kraven. Bristande efterlevnad kan leda till att registreringen annulleras.<\/p>\n<h2>N\u00e4r m\u00e5ste redan registrerade bost\u00e4der korrigera sina uppgifter?<\/h2>\n<p>Registrerade bost\u00e4der som inte uppfyller kraven p\u00e5 beboelighet ska senast<strong> den 22 februari 2025<\/strong> anpassa bostaden.<\/p>\n<p>Turistregistret m\u00e5ste underr\u00e4ttas <strong>senast den 22 augusti 2024<\/strong> om uthyrningsperioder, antalet b\u00e4ddar, antalet badrum samt \u00e4garbyte av driften av bostaden om den utf\u00f6rs av uthyrningsfirma. Dessutom m\u00e5ste annonseringen av boendet anpassas till de perioder som anm\u00e4lts f\u00f6r uthyrning.<\/p>\n","protected":false},"excerpt":{"rendered":"<p>Den 22 februari 2024 tr\u00e4dde f\u00f6rordning 31\/2024 av den 29 januari fr\u00e5n Andalusiens regionala regering i kraft, som bl.a. \u00e4ndrar vissa best\u00e4mmelser om uthyrning av bost\u00e4der till turister&#8230;<\/p>\n","protected":false},"author":8,"featured_media":73255,"comment_status":"closed","ping_status":"closed","sticky":false,"template":"","format":"standard","meta":{"_et_pb_use_builder":"","_et_pb_old_content":"","_et_gb_content_width":"","footnotes":""},"categories":[4,60],"tags":[],"class_list":["post-73254","post","type-post","status-publish","format-standard","has-post-thumbnail","hentry","category-artiklar","category-info-juridik"],"yoast_head":"<!-- This site is optimized with the Yoast SEO Premium plugin v26.2 (Yoast SEO v28.2) - https:\/\/yoast.com\/product\/yoast-seo-premium-wordpress\/ -->\n<title>Skatt &amp; Juridik: Nyheter avseende korttidsuthyrning i Andalusien - Svenska Magasinet<\/title>\n<meta name=\"description\" content=\"Den 22 februari 2024 tr\u00e4dde f\u00f6rordning 31\/2024 av den 29 januari fr\u00e5n Andalusiens regionala regering i kraft, som bl.a. \u00e4ndrar vissa best\u00e4mmelser om uthyrning av bost\u00e4der till turister...\" \/>\n<meta name=\"robots\" content=\"noindex, follow, max-snippet:-1, max-image-preview:large, max-video-preview:-1\" \/>\n<meta property=\"og:locale\" content=\"sv_SE\" \/>\n<meta property=\"og:type\" content=\"article\" \/>\n<meta property=\"og:title\" content=\"Skatt &amp; Juridik: Nyheter avseende korttidsuthyrning i Andalusien\" \/>\n<meta property=\"og:description\" content=\"Den 22 februari 2024 tr\u00e4dde f\u00f6rordning 31\/2024 av den 29 januari fr\u00e5n Andalusiens regionala regering i kraft, som bl.a. \u00e4ndrar vissa best\u00e4mmelser om uthyrning av bost\u00e4der till turister...\" \/>\n<meta property=\"og:url\" content=\"https:\/\/lightweb.dev\/l\/svm-temp\/artiklar\/hem-bostad\/skatt-juridik-nyheter-avseende-korttidsuthyrning-i-andalusien\/\" \/>\n<meta property=\"og:site_name\" content=\"Svenska Magasinet\" \/>\n<meta property=\"article:publisher\" content=\"https:\/\/www.facebook.com\/svenskamagasinet\" \/>\n<meta property=\"article:published_time\" content=\"2024-08-07T22:30:38+00:00\" \/>\n<meta property=\"article:modified_time\" content=\"2024-08-08T09:00:08+00:00\" \/>\n<meta property=\"og:image\" content=\"https:\/\/lightweb.dev\/l\/svm-temp\/wp-content\/uploads\/2024\/07\/262396-P583FV-325-stor.jpeg\" \/>\n\t<meta property=\"og:image:width\" content=\"1280\" \/>\n\t<meta property=\"og:image:height\" content=\"1280\" \/>\n\t<meta property=\"og:image:type\" content=\"image\/jpeg\" \/>\n<meta name=\"author\" content=\"Redaktionen SvM\" \/>\n<meta name=\"twitter:card\" content=\"summary_large_image\" \/>\n<meta name=\"twitter:creator\" content=\"@SvenskaMagasine\" \/>\n<meta name=\"twitter:site\" content=\"@SvenskaMagasine\" \/>\n<script type=\"application\/ld+json\" class=\"yoast-schema-graph\">{\"@context\":\"https:\\\/\\\/schema.org\",\"@graph\":[{\"@type\":\"Article\",\"@id\":\"https:\\\/\\\/lightweb.dev\\\/l\\\/svm-temp\\\/artiklar\\\/hem-bostad\\\/skatt-juridik-nyheter-avseende-korttidsuthyrning-i-andalusien\\\/#article\",\"isPartOf\":{\"@id\":\"https:\\\/\\\/lightweb.dev\\\/l\\\/svm-temp\\\/artiklar\\\/hem-bostad\\\/skatt-juridik-nyheter-avseende-korttidsuthyrning-i-andalusien\\\/\"},\"author\":{\"name\":\"Redaktionen SvM\",\"@id\":\"https:\\\/\\\/lightweb.dev\\\/l\\\/svm-temp\\\/#\\\/schema\\\/person\\\/206a3bda5b607b0c25e1749191e4d837\"},\"headline\":\"Skatt &#038; Juridik: Nyheter avseende korttidsuthyrning i Andalusien\",\"datePublished\":\"2024-08-07T22:30:38+00:00\",\"dateModified\":\"2024-08-08T09:00:08+00:00\",\"mainEntityOfPage\":{\"@id\":\"https:\\\/\\\/lightweb.dev\\\/l\\\/svm-temp\\\/artiklar\\\/hem-bostad\\\/skatt-juridik-nyheter-avseende-korttidsuthyrning-i-andalusien\\\/\"},\"wordCount\":637,\"publisher\":{\"@id\":\"https:\\\/\\\/lightweb.dev\\\/l\\\/svm-temp\\\/#organization\"},\"image\":{\"@id\":\"https:\\\/\\\/lightweb.dev\\\/l\\\/svm-temp\\\/artiklar\\\/hem-bostad\\\/skatt-juridik-nyheter-avseende-korttidsuthyrning-i-andalusien\\\/#primaryimage\"},\"thumbnailUrl\":\"https:\\\/\\\/lightweb.dev\\\/l\\\/svm-temp\\\/wp-content\\\/uploads\\\/2024\\\/07\\\/262396-P583FV-325-stor.jpeg\",\"articleSection\":[\"Artiklar\",\"Skatt &amp; Juridik\"],\"inLanguage\":\"sv-SE\"},{\"@type\":\"WebPage\",\"@id\":\"https:\\\/\\\/lightweb.dev\\\/l\\\/svm-temp\\\/artiklar\\\/hem-bostad\\\/skatt-juridik-nyheter-avseende-korttidsuthyrning-i-andalusien\\\/\",\"url\":\"https:\\\/\\\/lightweb.dev\\\/l\\\/svm-temp\\\/artiklar\\\/hem-bostad\\\/skatt-juridik-nyheter-avseende-korttidsuthyrning-i-andalusien\\\/\",\"name\":\"Skatt & Juridik: Nyheter avseende korttidsuthyrning i Andalusien - Svenska Magasinet\",\"isPartOf\":{\"@id\":\"https:\\\/\\\/lightweb.dev\\\/l\\\/svm-temp\\\/#website\"},\"primaryImageOfPage\":{\"@id\":\"https:\\\/\\\/lightweb.dev\\\/l\\\/svm-temp\\\/artiklar\\\/hem-bostad\\\/skatt-juridik-nyheter-avseende-korttidsuthyrning-i-andalusien\\\/#primaryimage\"},\"image\":{\"@id\":\"https:\\\/\\\/lightweb.dev\\\/l\\\/svm-temp\\\/artiklar\\\/hem-bostad\\\/skatt-juridik-nyheter-avseende-korttidsuthyrning-i-andalusien\\\/#primaryimage\"},\"thumbnailUrl\":\"https:\\\/\\\/lightweb.dev\\\/l\\\/svm-temp\\\/wp-content\\\/uploads\\\/2024\\\/07\\\/262396-P583FV-325-stor.jpeg\",\"datePublished\":\"2024-08-07T22:30:38+00:00\",\"dateModified\":\"2024-08-08T09:00:08+00:00\",\"description\":\"Den 22 februari 2024 tr\u00e4dde f\u00f6rordning 31\\\/2024 av den 29 januari fr\u00e5n Andalusiens regionala regering i kraft, som bl.a. \u00e4ndrar vissa best\u00e4mmelser om uthyrning av bost\u00e4der till turister...\",\"breadcrumb\":{\"@id\":\"https:\\\/\\\/lightweb.dev\\\/l\\\/svm-temp\\\/artiklar\\\/hem-bostad\\\/skatt-juridik-nyheter-avseende-korttidsuthyrning-i-andalusien\\\/#breadcrumb\"},\"inLanguage\":\"sv-SE\",\"potentialAction\":[{\"@type\":\"ReadAction\",\"target\":[\"https:\\\/\\\/lightweb.dev\\\/l\\\/svm-temp\\\/artiklar\\\/hem-bostad\\\/skatt-juridik-nyheter-avseende-korttidsuthyrning-i-andalusien\\\/\"]}]},{\"@type\":\"ImageObject\",\"inLanguage\":\"sv-SE\",\"@id\":\"https:\\\/\\\/lightweb.dev\\\/l\\\/svm-temp\\\/artiklar\\\/hem-bostad\\\/skatt-juridik-nyheter-avseende-korttidsuthyrning-i-andalusien\\\/#primaryimage\",\"url\":\"https:\\\/\\\/lightweb.dev\\\/l\\\/svm-temp\\\/wp-content\\\/uploads\\\/2024\\\/07\\\/262396-P583FV-325-stor.jpeg\",\"contentUrl\":\"https:\\\/\\\/lightweb.dev\\\/l\\\/svm-temp\\\/wp-content\\\/uploads\\\/2024\\\/07\\\/262396-P583FV-325-stor.jpeg\",\"width\":1280,\"height\":1280},{\"@type\":\"BreadcrumbList\",\"@id\":\"https:\\\/\\\/lightweb.dev\\\/l\\\/svm-temp\\\/artiklar\\\/hem-bostad\\\/skatt-juridik-nyheter-avseende-korttidsuthyrning-i-andalusien\\\/#breadcrumb\",\"itemListElement\":[{\"@type\":\"ListItem\",\"position\":1,\"name\":\"Hem\",\"item\":\"https:\\\/\\\/lightweb.dev\\\/l\\\/svm-temp\\\/\"},{\"@type\":\"ListItem\",\"position\":2,\"name\":\"Skatt &#038; Juridik: Nyheter avseende korttidsuthyrning i Andalusien\"}]},{\"@type\":\"WebSite\",\"@id\":\"https:\\\/\\\/lightweb.dev\\\/l\\\/svm-temp\\\/#website\",\"url\":\"https:\\\/\\\/lightweb.dev\\\/l\\\/svm-temp\\\/\",\"name\":\"Svenska Magasinet\",\"description\":\"Dina Spanska nyheter p&aring; Svenska\",\"publisher\":{\"@id\":\"https:\\\/\\\/lightweb.dev\\\/l\\\/svm-temp\\\/#organization\"},\"potentialAction\":[{\"@type\":\"SearchAction\",\"target\":{\"@type\":\"EntryPoint\",\"urlTemplate\":\"https:\\\/\\\/lightweb.dev\\\/l\\\/svm-temp\\\/?s={search_term_string}\"},\"query-input\":{\"@type\":\"PropertyValueSpecification\",\"valueRequired\":true,\"valueName\":\"search_term_string\"}}],\"inLanguage\":\"sv-SE\"},{\"@type\":\"Organization\",\"@id\":\"https:\\\/\\\/lightweb.dev\\\/l\\\/svm-temp\\\/#organization\",\"name\":\"Melkerson y Nott SL\",\"alternateName\":\"Svenska Magasinet\",\"url\":\"https:\\\/\\\/lightweb.dev\\\/l\\\/svm-temp\\\/\",\"logo\":{\"@type\":\"ImageObject\",\"inLanguage\":\"sv-SE\",\"@id\":\"https:\\\/\\\/lightweb.dev\\\/l\\\/svm-temp\\\/#\\\/schema\\\/logo\\\/image\\\/\",\"url\":\"https:\\\/\\\/lightweb.dev\\\/l\\\/svm-temp\\\/wp-content\\\/uploads\\\/2025\\\/02\\\/SvM-logo-Xtra-Centrerad-SVART.png\",\"contentUrl\":\"https:\\\/\\\/lightweb.dev\\\/l\\\/svm-temp\\\/wp-content\\\/uploads\\\/2025\\\/02\\\/SvM-logo-Xtra-Centrerad-SVART.png\",\"width\":300,\"height\":99,\"caption\":\"Melkerson y Nott SL\"},\"image\":{\"@id\":\"https:\\\/\\\/lightweb.dev\\\/l\\\/svm-temp\\\/#\\\/schema\\\/logo\\\/image\\\/\"},\"sameAs\":[\"https:\\\/\\\/www.facebook.com\\\/svenskamagasinet\",\"https:\\\/\\\/x.com\\\/SvenskaMagasine\"]},{\"@type\":\"Person\",\"@id\":\"https:\\\/\\\/lightweb.dev\\\/l\\\/svm-temp\\\/#\\\/schema\\\/person\\\/206a3bda5b607b0c25e1749191e4d837\",\"name\":\"Redaktionen SvM\",\"description\":\"Redaktionen\",\"sameAs\":[\"https:\\\/\\\/lightweb.dev\\\/l\\\/svm-temp\"],\"url\":\"https:\\\/\\\/lightweb.dev\\\/l\\\/svm-temp\\\/reporter\\\/redaktionen\\\/\"}]}<\/script>\n<!-- \/ Yoast SEO Premium plugin. -->","yoast_head_json":{"title":"Skatt & Juridik: Nyheter avseende korttidsuthyrning i Andalusien - Svenska Magasinet","description":"Den 22 februari 2024 tr\u00e4dde f\u00f6rordning 31\/2024 av den 29 januari fr\u00e5n Andalusiens regionala regering i kraft, som bl.a. \u00e4ndrar vissa best\u00e4mmelser om uthyrning av bost\u00e4der till turister...","robots":{"index":"noindex","follow":"follow","max-snippet":"max-snippet:-1","max-image-preview":"max-image-preview:large","max-video-preview":"max-video-preview:-1"},"og_locale":"sv_SE","og_type":"article","og_title":"Skatt & Juridik: Nyheter avseende korttidsuthyrning i Andalusien","og_description":"Den 22 februari 2024 tr\u00e4dde f\u00f6rordning 31\/2024 av den 29 januari fr\u00e5n Andalusiens regionala regering i kraft, som bl.a. \u00e4ndrar vissa best\u00e4mmelser om uthyrning av bost\u00e4der till turister...","og_url":"https:\/\/lightweb.dev\/l\/svm-temp\/artiklar\/hem-bostad\/skatt-juridik-nyheter-avseende-korttidsuthyrning-i-andalusien\/","og_site_name":"Svenska Magasinet","article_publisher":"https:\/\/www.facebook.com\/svenskamagasinet","article_published_time":"2024-08-07T22:30:38+00:00","article_modified_time":"2024-08-08T09:00:08+00:00","og_image":[{"width":1280,"height":1280,"url":"https:\/\/lightweb.dev\/l\/svm-temp\/wp-content\/uploads\/2024\/07\/262396-P583FV-325-stor.jpeg","type":"image\/jpeg"}],"author":"Redaktionen SvM","twitter_card":"summary_large_image","twitter_creator":"@SvenskaMagasine","twitter_site":"@SvenskaMagasine","schema":{"@context":"https:\/\/schema.org","@graph":[{"@type":"Article","@id":"https:\/\/lightweb.dev\/l\/svm-temp\/artiklar\/hem-bostad\/skatt-juridik-nyheter-avseende-korttidsuthyrning-i-andalusien\/#article","isPartOf":{"@id":"https:\/\/lightweb.dev\/l\/svm-temp\/artiklar\/hem-bostad\/skatt-juridik-nyheter-avseende-korttidsuthyrning-i-andalusien\/"},"author":{"name":"Redaktionen SvM","@id":"https:\/\/lightweb.dev\/l\/svm-temp\/#\/schema\/person\/206a3bda5b607b0c25e1749191e4d837"},"headline":"Skatt &#038; Juridik: Nyheter avseende korttidsuthyrning i Andalusien","datePublished":"2024-08-07T22:30:38+00:00","dateModified":"2024-08-08T09:00:08+00:00","mainEntityOfPage":{"@id":"https:\/\/lightweb.dev\/l\/svm-temp\/artiklar\/hem-bostad\/skatt-juridik-nyheter-avseende-korttidsuthyrning-i-andalusien\/"},"wordCount":637,"publisher":{"@id":"https:\/\/lightweb.dev\/l\/svm-temp\/#organization"},"image":{"@id":"https:\/\/lightweb.dev\/l\/svm-temp\/artiklar\/hem-bostad\/skatt-juridik-nyheter-avseende-korttidsuthyrning-i-andalusien\/#primaryimage"},"thumbnailUrl":"https:\/\/lightweb.dev\/l\/svm-temp\/wp-content\/uploads\/2024\/07\/262396-P583FV-325-stor.jpeg","articleSection":["Artiklar","Skatt &amp; Juridik"],"inLanguage":"sv-SE"},{"@type":"WebPage","@id":"https:\/\/lightweb.dev\/l\/svm-temp\/artiklar\/hem-bostad\/skatt-juridik-nyheter-avseende-korttidsuthyrning-i-andalusien\/","url":"https:\/\/lightweb.dev\/l\/svm-temp\/artiklar\/hem-bostad\/skatt-juridik-nyheter-avseende-korttidsuthyrning-i-andalusien\/","name":"Skatt & Juridik: Nyheter avseende korttidsuthyrning i Andalusien - Svenska Magasinet","isPartOf":{"@id":"https:\/\/lightweb.dev\/l\/svm-temp\/#website"},"primaryImageOfPage":{"@id":"https:\/\/lightweb.dev\/l\/svm-temp\/artiklar\/hem-bostad\/skatt-juridik-nyheter-avseende-korttidsuthyrning-i-andalusien\/#primaryimage"},"image":{"@id":"https:\/\/lightweb.dev\/l\/svm-temp\/artiklar\/hem-bostad\/skatt-juridik-nyheter-avseende-korttidsuthyrning-i-andalusien\/#primaryimage"},"thumbnailUrl":"https:\/\/lightweb.dev\/l\/svm-temp\/wp-content\/uploads\/2024\/07\/262396-P583FV-325-stor.jpeg","datePublished":"2024-08-07T22:30:38+00:00","dateModified":"2024-08-08T09:00:08+00:00","description":"Den 22 februari 2024 tr\u00e4dde f\u00f6rordning 31\/2024 av den 29 januari fr\u00e5n Andalusiens regionala regering i kraft, som bl.a. \u00e4ndrar vissa best\u00e4mmelser om uthyrning av bost\u00e4der till turister...","breadcrumb":{"@id":"https:\/\/lightweb.dev\/l\/svm-temp\/artiklar\/hem-bostad\/skatt-juridik-nyheter-avseende-korttidsuthyrning-i-andalusien\/#breadcrumb"},"inLanguage":"sv-SE","potentialAction":[{"@type":"ReadAction","target":["https:\/\/lightweb.dev\/l\/svm-temp\/artiklar\/hem-bostad\/skatt-juridik-nyheter-avseende-korttidsuthyrning-i-andalusien\/"]}]},{"@type":"ImageObject","inLanguage":"sv-SE","@id":"https:\/\/lightweb.dev\/l\/svm-temp\/artiklar\/hem-bostad\/skatt-juridik-nyheter-avseende-korttidsuthyrning-i-andalusien\/#primaryimage","url":"https:\/\/lightweb.dev\/l\/svm-temp\/wp-content\/uploads\/2024\/07\/262396-P583FV-325-stor.jpeg","contentUrl":"https:\/\/lightweb.dev\/l\/svm-temp\/wp-content\/uploads\/2024\/07\/262396-P583FV-325-stor.jpeg","width":1280,"height":1280},{"@type":"BreadcrumbList","@id":"https:\/\/lightweb.dev\/l\/svm-temp\/artiklar\/hem-bostad\/skatt-juridik-nyheter-avseende-korttidsuthyrning-i-andalusien\/#breadcrumb","itemListElement":[{"@type":"ListItem","position":1,"name":"Hem","item":"https:\/\/lightweb.dev\/l\/svm-temp\/"},{"@type":"ListItem","position":2,"name":"Skatt &#038; Juridik: Nyheter avseende korttidsuthyrning i Andalusien"}]},{"@type":"WebSite","@id":"https:\/\/lightweb.dev\/l\/svm-temp\/#website","url":"https:\/\/lightweb.dev\/l\/svm-temp\/","name":"Svenska Magasinet","description":"Dina Spanska nyheter p&aring; Svenska","publisher":{"@id":"https:\/\/lightweb.dev\/l\/svm-temp\/#organization"},"potentialAction":[{"@type":"SearchAction","target":{"@type":"EntryPoint","urlTemplate":"https:\/\/lightweb.dev\/l\/svm-temp\/?s={search_term_string}"},"query-input":{"@type":"PropertyValueSpecification","valueRequired":true,"valueName":"search_term_string"}}],"inLanguage":"sv-SE"},{"@type":"Organization","@id":"https:\/\/lightweb.dev\/l\/svm-temp\/#organization","name":"Melkerson y Nott SL","alternateName":"Svenska Magasinet","url":"https:\/\/lightweb.dev\/l\/svm-temp\/","logo":{"@type":"ImageObject","inLanguage":"sv-SE","@id":"https:\/\/lightweb.dev\/l\/svm-temp\/#\/schema\/logo\/image\/","url":"https:\/\/lightweb.dev\/l\/svm-temp\/wp-content\/uploads\/2025\/02\/SvM-logo-Xtra-Centrerad-SVART.png","contentUrl":"https:\/\/lightweb.dev\/l\/svm-temp\/wp-content\/uploads\/2025\/02\/SvM-logo-Xtra-Centrerad-SVART.png","width":300,"height":99,"caption":"Melkerson y Nott SL"},"image":{"@id":"https:\/\/lightweb.dev\/l\/svm-temp\/#\/schema\/logo\/image\/"},"sameAs":["https:\/\/www.facebook.com\/svenskamagasinet","https:\/\/x.com\/SvenskaMagasine"]},{"@type":"Person","@id":"https:\/\/lightweb.dev\/l\/svm-temp\/#\/schema\/person\/206a3bda5b607b0c25e1749191e4d837","name":"Redaktionen SvM","description":"Redaktionen","sameAs":["https:\/\/lightweb.dev\/l\/svm-temp"],"url":"https:\/\/lightweb.dev\/l\/svm-temp\/reporter\/redaktionen\/"}]}},"_links":{"self":[{"href":"https:\/\/lightweb.dev\/l\/svm-temp\/wp-json\/wp\/v2\/posts\/73254","targetHints":{"allow":["GET"]}}],"collection":[{"href":"https:\/\/lightweb.dev\/l\/svm-temp\/wp-json\/wp\/v2\/posts"}],"about":[{"href":"https:\/\/lightweb.dev\/l\/svm-temp\/wp-json\/wp\/v2\/types\/post"}],"author":[{"embeddable":true,"href":"https:\/\/lightweb.dev\/l\/svm-temp\/wp-json\/wp\/v2\/users\/8"}],"replies":[{"embeddable":true,"href":"https:\/\/lightweb.dev\/l\/svm-temp\/wp-json\/wp\/v2\/comments?post=73254"}],"version-history":[{"count":0,"href":"https:\/\/lightweb.dev\/l\/svm-temp\/wp-json\/wp\/v2\/posts\/73254\/revisions"}],"wp:featuredmedia":[{"embeddable":true,"href":"https:\/\/lightweb.dev\/l\/svm-temp\/wp-json\/wp\/v2\/media\/73255"}],"wp:attachment":[{"href":"https:\/\/lightweb.dev\/l\/svm-temp\/wp-json\/wp\/v2\/media?parent=73254"}],"wp:term":[{"taxonomy":"category","embeddable":true,"href":"https:\/\/lightweb.dev\/l\/svm-temp\/wp-json\/wp\/v2\/categories?post=73254"},{"taxonomy":"post_tag","embeddable":true,"href":"https:\/\/lightweb.dev\/l\/svm-temp\/wp-json\/wp\/v2\/tags?post=73254"}],"curies":[{"name":"wp","href":"https:\/\/api.w.org\/{rel}","templated":true}]}}