{"id":73335,"date":"2024-07-11T16:36:05","date_gmt":"2024-07-11T14:36:05","guid":{"rendered":"https:\/\/lightweb.dev\/l\/svm-temp\/?p=73335"},"modified":"2024-07-11T16:36:05","modified_gmt":"2024-07-11T14:36:05","slug":"detta-ar-forbjudet-pa-malagas-strander","status":"publish","type":"post","link":"https:\/\/lightweb.dev\/l\/svm-temp\/nyheter\/detta-ar-forbjudet-pa-malagas-strander\/","title":{"rendered":"Detta \u00e4r f\u00f6rbjudet p\u00e5 M\u00e1lagas str\u00e4nder"},"content":{"rendered":"<p><strong>En hel del popul\u00e4ra aktiviteter \u00e4r otill\u00e5tna och den som bryter mot reglerna kan straffas med hela 3 000 euro i b\u00f6ter.\u00a0\u00a0<\/strong><\/p>\n<p><span style=\"font-weight: 400;\">Det har varit f\u00f6rbjudet i 20 \u00e5r. Men man kan fortfarande se flera personer spela racket- och bollsporter, spela h\u00f6g musik eller ta med sina husdjur till M\u00e1lagas str\u00e4nder. Dessa \u00e4r bara n\u00e5gra av aktiviteterna som \u00e4r otill\u00e5tna enligt stadens strandf\u00f6rordning som funnits sedan 2004. B\u00f6terna f\u00f6r att bryta mot detta kan variera fr\u00e5n 300 till hela 3 000 euro.\u00a0<\/span><\/p>\n<p><span style=\"font-weight: 400;\">Maxb\u00f6terna delas ut f\u00f6r &#8221;aktiviteter, spel eller sporter som kan st\u00f6ra andra bes\u00f6kare\u201d. Detta inkluderar exempelvis sport som anv\u00e4nder boll eller racketar. Det \u00e4r dock till\u00e5tet p\u00e5 str\u00e4nder som \u00e4r stora nog f\u00f6r att h\u00e5lla minst 6 meters avst\u00e5nd till \u00f6vriga g\u00e4ster p\u00e5 stranden.\u00a0<\/span><\/p>\n<p><span style=\"font-weight: 400;\">Man f\u00e5r inte anv\u00e4nda schampo eller tv\u00e5l i str\u00e4ndernas offentliga duschar eller i vattnet. Man f\u00e5r heller inte tv\u00e4tta k\u00f6ksredskap som man haft med sig i duscharna, fotbaden eller i de offentliga toaletternas handfat. Man f\u00e5r heller inte urinera i vattnet eller p\u00e5 stranden utan m\u00e5ste anv\u00e4nda toaletterna. \u00c4ven h\u00e4r kan b\u00f6terna uppg\u00e5 till 3 000 euro.\u00a0<\/span><\/p>\n<p><span style=\"font-weight: 400;\">Det \u00e4r ocks\u00e5 f\u00f6rbjudet att spela h\u00f6g musik eller f\u00f6ra ov\u00e4sen som kan st\u00f6ra andra s\u00e4llskap. All typ av matlagning \u00e4r otill\u00e5ten och man f\u00e5r inte t\u00e4nda eldar p\u00e5 sanden eller p\u00e5 str\u00e4ndernas klippor.\u00a0<\/span><\/p>\n<p><span style=\"font-weight: 400;\">Utanf\u00f6r speciellt avsatta delar av str\u00e4nderna \u00e4r det h\u00f6gst f\u00f6rbjudet att ha med sig husdjur, f\u00f6rutom blindhundar.\u00a0<\/span><\/p>\n<p><span style=\"font-weight: 400;\">Vid badplatser \u00e4r fiske, b\u00e5de fr\u00e5n stranden och under vattnet, f\u00f6rbjudet mellan 10.00 och 21.00.\u00a0<\/span><\/p>\n<p><span style=\"font-weight: 400;\">Man f\u00e5r heller inte t\u00e4lta p\u00e5 stranden eller s\u00e4lja n\u00e5gon typ av mat.\u00a0\u00a0<\/span><\/p>\n","protected":false},"excerpt":{"rendered":"<p>En hel del popul\u00e4ra aktiviteter \u00e4r otill\u00e5tna och den som bryter mot reglerna kan straffas med hela 3 000 euro i b\u00f6ter.\u00a0\u00a0<\/p>\n","protected":false},"author":14,"featured_media":73336,"comment_status":"closed","ping_status":"closed","sticky":false,"template":"","format":"standard","meta":{"_et_pb_use_builder":"","_et_pb_old_content":"","_et_gb_content_width":"","footnotes":""},"categories":[395,3],"tags":[],"class_list":["post-73335","post","type-post","status-publish","format-standard","has-post-thumbnail","hentry","category-arkiv-nyheter","category-nyheter"],"yoast_head":"<!-- This site is optimized with the Yoast SEO Premium plugin v26.2 (Yoast SEO v27.4) - https:\/\/yoast.com\/product\/yoast-seo-premium-wordpress\/ -->\n<title>Detta \u00e4r f\u00f6rbjudet p\u00e5 M\u00e1lagas str\u00e4nder - Svenska Magasinet<\/title>\n<meta name=\"robots\" content=\"noindex, follow, max-snippet:-1, max-image-preview:large, max-video-preview:-1\" \/>\n<meta property=\"og:locale\" content=\"sv_SE\" \/>\n<meta property=\"og:type\" content=\"article\" \/>\n<meta property=\"og:title\" content=\"Detta \u00e4r f\u00f6rbjudet p\u00e5 M\u00e1lagas str\u00e4nder\" \/>\n<meta property=\"og:description\" content=\"En hel del popul\u00e4ra aktiviteter \u00e4r otill\u00e5tna och den som bryter mot reglerna kan straffas med hela 3 000 euro i b\u00f6ter.\u00a0\u00a0\" \/>\n<meta property=\"og:url\" content=\"https:\/\/lightweb.dev\/l\/svm-temp\/nyheter\/detta-ar-forbjudet-pa-malagas-strander\/\" \/>\n<meta property=\"og:site_name\" content=\"Svenska Magasinet\" \/>\n<meta property=\"article:publisher\" content=\"https:\/\/www.facebook.com\/svenskamagasinet\" \/>\n<meta property=\"article:published_time\" content=\"2024-07-11T14:36:05+00:00\" \/>\n<meta property=\"og:image\" content=\"https:\/\/lightweb.dev\/l\/svm-temp\/wp-content\/uploads\/2024\/07\/26390781129_ae594771a3_k.jpg\" \/>\n\t<meta property=\"og:image:width\" content=\"2048\" \/>\n\t<meta property=\"og:image:height\" content=\"1304\" \/>\n\t<meta property=\"og:image:type\" content=\"image\/jpeg\" \/>\n<meta name=\"author\" content=\"Robbie Eriksson\" \/>\n<meta name=\"twitter:card\" content=\"summary_large_image\" \/>\n<meta name=\"twitter:creator\" content=\"@SvenskaMagasine\" \/>\n<meta name=\"twitter:site\" content=\"@SvenskaMagasine\" \/>\n<script type=\"application\/ld+json\" class=\"yoast-schema-graph\">{\"@context\":\"https:\\\/\\\/schema.org\",\"@graph\":[{\"@type\":\"Article\",\"@id\":\"https:\\\/\\\/lightweb.dev\\\/l\\\/svm-temp\\\/nyheter\\\/detta-ar-forbjudet-pa-malagas-strander\\\/#article\",\"isPartOf\":{\"@id\":\"https:\\\/\\\/lightweb.dev\\\/l\\\/svm-temp\\\/nyheter\\\/detta-ar-forbjudet-pa-malagas-strander\\\/\"},\"author\":{\"name\":\"Robbie Eriksson\",\"@id\":\"https:\\\/\\\/lightweb.dev\\\/l\\\/svm-temp\\\/#\\\/schema\\\/person\\\/caffe038990d25722f5a04a03c906a2b\"},\"headline\":\"Detta \u00e4r f\u00f6rbjudet p\u00e5 M\u00e1lagas str\u00e4nder\",\"datePublished\":\"2024-07-11T14:36:05+00:00\",\"mainEntityOfPage\":{\"@id\":\"https:\\\/\\\/lightweb.dev\\\/l\\\/svm-temp\\\/nyheter\\\/detta-ar-forbjudet-pa-malagas-strander\\\/\"},\"wordCount\":317,\"publisher\":{\"@id\":\"https:\\\/\\\/lightweb.dev\\\/l\\\/svm-temp\\\/#organization\"},\"image\":{\"@id\":\"https:\\\/\\\/lightweb.dev\\\/l\\\/svm-temp\\\/nyheter\\\/detta-ar-forbjudet-pa-malagas-strander\\\/#primaryimage\"},\"thumbnailUrl\":\"https:\\\/\\\/lightweb.dev\\\/l\\\/svm-temp\\\/wp-content\\\/uploads\\\/2024\\\/07\\\/26390781129_ae594771a3_k.jpg\",\"articleSection\":[\"Arkiv\",\"Nyheter\"],\"inLanguage\":\"sv-SE\"},{\"@type\":\"WebPage\",\"@id\":\"https:\\\/\\\/lightweb.dev\\\/l\\\/svm-temp\\\/nyheter\\\/detta-ar-forbjudet-pa-malagas-strander\\\/\",\"url\":\"https:\\\/\\\/lightweb.dev\\\/l\\\/svm-temp\\\/nyheter\\\/detta-ar-forbjudet-pa-malagas-strander\\\/\",\"name\":\"Detta \u00e4r f\u00f6rbjudet p\u00e5 M\u00e1lagas str\u00e4nder - Svenska Magasinet\",\"isPartOf\":{\"@id\":\"https:\\\/\\\/lightweb.dev\\\/l\\\/svm-temp\\\/#website\"},\"primaryImageOfPage\":{\"@id\":\"https:\\\/\\\/lightweb.dev\\\/l\\\/svm-temp\\\/nyheter\\\/detta-ar-forbjudet-pa-malagas-strander\\\/#primaryimage\"},\"image\":{\"@id\":\"https:\\\/\\\/lightweb.dev\\\/l\\\/svm-temp\\\/nyheter\\\/detta-ar-forbjudet-pa-malagas-strander\\\/#primaryimage\"},\"thumbnailUrl\":\"https:\\\/\\\/lightweb.dev\\\/l\\\/svm-temp\\\/wp-content\\\/uploads\\\/2024\\\/07\\\/26390781129_ae594771a3_k.jpg\",\"datePublished\":\"2024-07-11T14:36:05+00:00\",\"breadcrumb\":{\"@id\":\"https:\\\/\\\/lightweb.dev\\\/l\\\/svm-temp\\\/nyheter\\\/detta-ar-forbjudet-pa-malagas-strander\\\/#breadcrumb\"},\"inLanguage\":\"sv-SE\",\"potentialAction\":[{\"@type\":\"ReadAction\",\"target\":[\"https:\\\/\\\/lightweb.dev\\\/l\\\/svm-temp\\\/nyheter\\\/detta-ar-forbjudet-pa-malagas-strander\\\/\"]}]},{\"@type\":\"ImageObject\",\"inLanguage\":\"sv-SE\",\"@id\":\"https:\\\/\\\/lightweb.dev\\\/l\\\/svm-temp\\\/nyheter\\\/detta-ar-forbjudet-pa-malagas-strander\\\/#primaryimage\",\"url\":\"https:\\\/\\\/lightweb.dev\\\/l\\\/svm-temp\\\/wp-content\\\/uploads\\\/2024\\\/07\\\/26390781129_ae594771a3_k.jpg\",\"contentUrl\":\"https:\\\/\\\/lightweb.dev\\\/l\\\/svm-temp\\\/wp-content\\\/uploads\\\/2024\\\/07\\\/26390781129_ae594771a3_k.jpg\",\"width\":2048,\"height\":1304,\"caption\":\"(Bild: Hans Birger Nilsen, flickr.com)\"},{\"@type\":\"BreadcrumbList\",\"@id\":\"https:\\\/\\\/lightweb.dev\\\/l\\\/svm-temp\\\/nyheter\\\/detta-ar-forbjudet-pa-malagas-strander\\\/#breadcrumb\",\"itemListElement\":[{\"@type\":\"ListItem\",\"position\":1,\"name\":\"Hem\",\"item\":\"https:\\\/\\\/lightweb.dev\\\/l\\\/svm-temp\\\/\"},{\"@type\":\"ListItem\",\"position\":2,\"name\":\"Detta \u00e4r f\u00f6rbjudet p\u00e5 M\u00e1lagas str\u00e4nder\"}]},{\"@type\":\"WebSite\",\"@id\":\"https:\\\/\\\/lightweb.dev\\\/l\\\/svm-temp\\\/#website\",\"url\":\"https:\\\/\\\/lightweb.dev\\\/l\\\/svm-temp\\\/\",\"name\":\"Svenska Magasinet\",\"description\":\"Dina Spanska nyheter p&aring; Svenska\",\"publisher\":{\"@id\":\"https:\\\/\\\/lightweb.dev\\\/l\\\/svm-temp\\\/#organization\"},\"potentialAction\":[{\"@type\":\"SearchAction\",\"target\":{\"@type\":\"EntryPoint\",\"urlTemplate\":\"https:\\\/\\\/lightweb.dev\\\/l\\\/svm-temp\\\/?s={search_term_string}\"},\"query-input\":{\"@type\":\"PropertyValueSpecification\",\"valueRequired\":true,\"valueName\":\"search_term_string\"}}],\"inLanguage\":\"sv-SE\"},{\"@type\":\"Organization\",\"@id\":\"https:\\\/\\\/lightweb.dev\\\/l\\\/svm-temp\\\/#organization\",\"name\":\"Melkerson y Nott SL\",\"alternateName\":\"Svenska Magasinet\",\"url\":\"https:\\\/\\\/lightweb.dev\\\/l\\\/svm-temp\\\/\",\"logo\":{\"@type\":\"ImageObject\",\"inLanguage\":\"sv-SE\",\"@id\":\"https:\\\/\\\/lightweb.dev\\\/l\\\/svm-temp\\\/#\\\/schema\\\/logo\\\/image\\\/\",\"url\":\"https:\\\/\\\/lightweb.dev\\\/l\\\/svm-temp\\\/wp-content\\\/uploads\\\/2025\\\/02\\\/SvM-logo-Xtra-Centrerad-SVART.png\",\"contentUrl\":\"https:\\\/\\\/lightweb.dev\\\/l\\\/svm-temp\\\/wp-content\\\/uploads\\\/2025\\\/02\\\/SvM-logo-Xtra-Centrerad-SVART.png\",\"width\":300,\"height\":99,\"caption\":\"Melkerson y Nott SL\"},\"image\":{\"@id\":\"https:\\\/\\\/lightweb.dev\\\/l\\\/svm-temp\\\/#\\\/schema\\\/logo\\\/image\\\/\"},\"sameAs\":[\"https:\\\/\\\/www.facebook.com\\\/svenskamagasinet\",\"https:\\\/\\\/x.com\\\/SvenskaMagasine\"]},{\"@type\":\"Person\",\"@id\":\"https:\\\/\\\/lightweb.dev\\\/l\\\/svm-temp\\\/#\\\/schema\\\/person\\\/caffe038990d25722f5a04a03c906a2b\",\"name\":\"Robbie Eriksson\",\"sameAs\":[\"https:\\\/\\\/lightweb.dev\\\/l\\\/svm-temp\"],\"url\":\"https:\\\/\\\/lightweb.dev\\\/l\\\/svm-temp\\\/reporter\\\/robbie-eriksson\\\/\"}]}<\/script>\n<!-- \/ Yoast SEO Premium plugin. -->","yoast_head_json":{"title":"Detta \u00e4r f\u00f6rbjudet p\u00e5 M\u00e1lagas str\u00e4nder - Svenska Magasinet","robots":{"index":"noindex","follow":"follow","max-snippet":"max-snippet:-1","max-image-preview":"max-image-preview:large","max-video-preview":"max-video-preview:-1"},"og_locale":"sv_SE","og_type":"article","og_title":"Detta \u00e4r f\u00f6rbjudet p\u00e5 M\u00e1lagas str\u00e4nder","og_description":"En hel del popul\u00e4ra aktiviteter \u00e4r otill\u00e5tna och den som bryter mot reglerna kan straffas med hela 3 000 euro i b\u00f6ter.\u00a0\u00a0","og_url":"https:\/\/lightweb.dev\/l\/svm-temp\/nyheter\/detta-ar-forbjudet-pa-malagas-strander\/","og_site_name":"Svenska Magasinet","article_publisher":"https:\/\/www.facebook.com\/svenskamagasinet","article_published_time":"2024-07-11T14:36:05+00:00","og_image":[{"width":2048,"height":1304,"url":"https:\/\/lightweb.dev\/l\/svm-temp\/wp-content\/uploads\/2024\/07\/26390781129_ae594771a3_k.jpg","type":"image\/jpeg"}],"author":"Robbie Eriksson","twitter_card":"summary_large_image","twitter_creator":"@SvenskaMagasine","twitter_site":"@SvenskaMagasine","schema":{"@context":"https:\/\/schema.org","@graph":[{"@type":"Article","@id":"https:\/\/lightweb.dev\/l\/svm-temp\/nyheter\/detta-ar-forbjudet-pa-malagas-strander\/#article","isPartOf":{"@id":"https:\/\/lightweb.dev\/l\/svm-temp\/nyheter\/detta-ar-forbjudet-pa-malagas-strander\/"},"author":{"name":"Robbie Eriksson","@id":"https:\/\/lightweb.dev\/l\/svm-temp\/#\/schema\/person\/caffe038990d25722f5a04a03c906a2b"},"headline":"Detta \u00e4r f\u00f6rbjudet p\u00e5 M\u00e1lagas str\u00e4nder","datePublished":"2024-07-11T14:36:05+00:00","mainEntityOfPage":{"@id":"https:\/\/lightweb.dev\/l\/svm-temp\/nyheter\/detta-ar-forbjudet-pa-malagas-strander\/"},"wordCount":317,"publisher":{"@id":"https:\/\/lightweb.dev\/l\/svm-temp\/#organization"},"image":{"@id":"https:\/\/lightweb.dev\/l\/svm-temp\/nyheter\/detta-ar-forbjudet-pa-malagas-strander\/#primaryimage"},"thumbnailUrl":"https:\/\/lightweb.dev\/l\/svm-temp\/wp-content\/uploads\/2024\/07\/26390781129_ae594771a3_k.jpg","articleSection":["Arkiv","Nyheter"],"inLanguage":"sv-SE"},{"@type":"WebPage","@id":"https:\/\/lightweb.dev\/l\/svm-temp\/nyheter\/detta-ar-forbjudet-pa-malagas-strander\/","url":"https:\/\/lightweb.dev\/l\/svm-temp\/nyheter\/detta-ar-forbjudet-pa-malagas-strander\/","name":"Detta \u00e4r f\u00f6rbjudet p\u00e5 M\u00e1lagas str\u00e4nder - Svenska Magasinet","isPartOf":{"@id":"https:\/\/lightweb.dev\/l\/svm-temp\/#website"},"primaryImageOfPage":{"@id":"https:\/\/lightweb.dev\/l\/svm-temp\/nyheter\/detta-ar-forbjudet-pa-malagas-strander\/#primaryimage"},"image":{"@id":"https:\/\/lightweb.dev\/l\/svm-temp\/nyheter\/detta-ar-forbjudet-pa-malagas-strander\/#primaryimage"},"thumbnailUrl":"https:\/\/lightweb.dev\/l\/svm-temp\/wp-content\/uploads\/2024\/07\/26390781129_ae594771a3_k.jpg","datePublished":"2024-07-11T14:36:05+00:00","breadcrumb":{"@id":"https:\/\/lightweb.dev\/l\/svm-temp\/nyheter\/detta-ar-forbjudet-pa-malagas-strander\/#breadcrumb"},"inLanguage":"sv-SE","potentialAction":[{"@type":"ReadAction","target":["https:\/\/lightweb.dev\/l\/svm-temp\/nyheter\/detta-ar-forbjudet-pa-malagas-strander\/"]}]},{"@type":"ImageObject","inLanguage":"sv-SE","@id":"https:\/\/lightweb.dev\/l\/svm-temp\/nyheter\/detta-ar-forbjudet-pa-malagas-strander\/#primaryimage","url":"https:\/\/lightweb.dev\/l\/svm-temp\/wp-content\/uploads\/2024\/07\/26390781129_ae594771a3_k.jpg","contentUrl":"https:\/\/lightweb.dev\/l\/svm-temp\/wp-content\/uploads\/2024\/07\/26390781129_ae594771a3_k.jpg","width":2048,"height":1304,"caption":"(Bild: Hans Birger Nilsen, flickr.com)"},{"@type":"BreadcrumbList","@id":"https:\/\/lightweb.dev\/l\/svm-temp\/nyheter\/detta-ar-forbjudet-pa-malagas-strander\/#breadcrumb","itemListElement":[{"@type":"ListItem","position":1,"name":"Hem","item":"https:\/\/lightweb.dev\/l\/svm-temp\/"},{"@type":"ListItem","position":2,"name":"Detta \u00e4r f\u00f6rbjudet p\u00e5 M\u00e1lagas str\u00e4nder"}]},{"@type":"WebSite","@id":"https:\/\/lightweb.dev\/l\/svm-temp\/#website","url":"https:\/\/lightweb.dev\/l\/svm-temp\/","name":"Svenska Magasinet","description":"Dina Spanska nyheter p&aring; Svenska","publisher":{"@id":"https:\/\/lightweb.dev\/l\/svm-temp\/#organization"},"potentialAction":[{"@type":"SearchAction","target":{"@type":"EntryPoint","urlTemplate":"https:\/\/lightweb.dev\/l\/svm-temp\/?s={search_term_string}"},"query-input":{"@type":"PropertyValueSpecification","valueRequired":true,"valueName":"search_term_string"}}],"inLanguage":"sv-SE"},{"@type":"Organization","@id":"https:\/\/lightweb.dev\/l\/svm-temp\/#organization","name":"Melkerson y Nott SL","alternateName":"Svenska Magasinet","url":"https:\/\/lightweb.dev\/l\/svm-temp\/","logo":{"@type":"ImageObject","inLanguage":"sv-SE","@id":"https:\/\/lightweb.dev\/l\/svm-temp\/#\/schema\/logo\/image\/","url":"https:\/\/lightweb.dev\/l\/svm-temp\/wp-content\/uploads\/2025\/02\/SvM-logo-Xtra-Centrerad-SVART.png","contentUrl":"https:\/\/lightweb.dev\/l\/svm-temp\/wp-content\/uploads\/2025\/02\/SvM-logo-Xtra-Centrerad-SVART.png","width":300,"height":99,"caption":"Melkerson y Nott SL"},"image":{"@id":"https:\/\/lightweb.dev\/l\/svm-temp\/#\/schema\/logo\/image\/"},"sameAs":["https:\/\/www.facebook.com\/svenskamagasinet","https:\/\/x.com\/SvenskaMagasine"]},{"@type":"Person","@id":"https:\/\/lightweb.dev\/l\/svm-temp\/#\/schema\/person\/caffe038990d25722f5a04a03c906a2b","name":"Robbie Eriksson","sameAs":["https:\/\/lightweb.dev\/l\/svm-temp"],"url":"https:\/\/lightweb.dev\/l\/svm-temp\/reporter\/robbie-eriksson\/"}]}},"_links":{"self":[{"href":"https:\/\/lightweb.dev\/l\/svm-temp\/wp-json\/wp\/v2\/posts\/73335","targetHints":{"allow":["GET"]}}],"collection":[{"href":"https:\/\/lightweb.dev\/l\/svm-temp\/wp-json\/wp\/v2\/posts"}],"about":[{"href":"https:\/\/lightweb.dev\/l\/svm-temp\/wp-json\/wp\/v2\/types\/post"}],"author":[{"embeddable":true,"href":"https:\/\/lightweb.dev\/l\/svm-temp\/wp-json\/wp\/v2\/users\/14"}],"replies":[{"embeddable":true,"href":"https:\/\/lightweb.dev\/l\/svm-temp\/wp-json\/wp\/v2\/comments?post=73335"}],"version-history":[{"count":0,"href":"https:\/\/lightweb.dev\/l\/svm-temp\/wp-json\/wp\/v2\/posts\/73335\/revisions"}],"wp:featuredmedia":[{"embeddable":true,"href":"https:\/\/lightweb.dev\/l\/svm-temp\/wp-json\/wp\/v2\/media\/73336"}],"wp:attachment":[{"href":"https:\/\/lightweb.dev\/l\/svm-temp\/wp-json\/wp\/v2\/media?parent=73335"}],"wp:term":[{"taxonomy":"category","embeddable":true,"href":"https:\/\/lightweb.dev\/l\/svm-temp\/wp-json\/wp\/v2\/categories?post=73335"},{"taxonomy":"post_tag","embeddable":true,"href":"https:\/\/lightweb.dev\/l\/svm-temp\/wp-json\/wp\/v2\/tags?post=73335"}],"curies":[{"name":"wp","href":"https:\/\/api.w.org\/{rel}","templated":true}]}}