{"id":73338,"date":"2024-07-11T16:44:16","date_gmt":"2024-07-11T14:44:16","guid":{"rendered":"https:\/\/lightweb.dev\/l\/svm-temp\/?p=73338"},"modified":"2024-07-11T16:44:16","modified_gmt":"2024-07-11T14:44:16","slug":"polisen-har-sparrat-av-hotellet-guadalpin-banus-i-marbella","status":"publish","type":"post","link":"https:\/\/lightweb.dev\/l\/svm-temp\/nyheter\/polisen-har-sparrat-av-hotellet-guadalpin-banus-i-marbella\/","title":{"rendered":"Polisen har sp\u00e4rrat av hotellet Guadalp\u00edn Ban\u00fas i Marbella"},"content":{"rendered":"<p><strong>Nu kan hotellet komma att st\u00e4nga ner efter en r\u00e4ttslig tvist mellan f\u00f6retaget som driver verksamheten och tv\u00e5 av del\u00e4garna.\u00a0<\/strong><\/p>\n<p><span style=\"font-weight: 400;\">Det femstj\u00e4rniga hotellet Guadalp\u00edn Ban\u00fas i Marbella \u00f6verv\u00e4ger att sl\u00e5 igen sina d\u00f6rrar efter att M\u00e1lagas fr\u00e4msta handelsdomstol beordrat avhysning och utrymning av \u201c49 rum, lokaler, kontor och lounger\u201d.\u00a0<\/span><\/p>\n<p><span style=\"font-weight: 400;\">Hotellet, som drivs av f\u00f6retaget Grisoma, har pr\u00e4glats av r\u00e4ttsliga tvister mellan operat\u00f6ren och tv\u00e5 av de f\u00f6retag som \u00e4ger delar av anl\u00e4ggningen.\u00a0<\/span><\/p>\n<p><span style=\"font-weight: 400;\">Detta \u00e4r andra g\u00e5ngen som en s\u00e5dan h\u00e4r situation uppst\u00e5r. Efter att delar av hotellet varit st\u00e4ngda &#8211; i flera m\u00e5nader eller \u00e5r &#8211; d\u00f6mde i fjol domstolen att alla lokaler skulle vara tillg\u00e4ngliga f\u00f6r f\u00f6retaget som driver hotellet. \u00c4ven de som \u00e4gs av andra f\u00f6retag.\u00a0<\/span><\/p>\n<p><span style=\"font-weight: 400;\">Nu har allts\u00e5 en ny st\u00e4mningsans\u00f6kan l\u00e4mnats in, vilket gjort att lokalerna f\u00e5tt utrymmas p\u00e5 nytt.\u00a0<\/span><\/p>\n<p><span style=\"font-weight: 400;\">Grisoma tror att de andra del\u00e4garna av fastigheten vill anv\u00e4nda sina lokaler till en annan typ av verksamhet. \u201c..vilket de inte kan g\u00f6ra eftersom verksamheten \u00e4r 100 procent v\u00e5r,\u201d kommenterade de.<\/span><\/p>\n<p><span style=\"font-weight: 400;\">Jurister fr\u00e5n alla inblandade parter f\u00f6rhandlade till sent ig\u00e5r kv\u00e4ll f\u00f6r att undvika denna situation men man n\u00e5dde ingen \u00f6verenskommelse. Klockan 05.00 imorse sp\u00e4rrade polisen anl\u00e4ggningen s\u00e5 att de anst\u00e4llda inte kunde komma till sina jobb. Den r\u00e4ttsliga delegationen anl\u00e4nde efter klockan 10.00 och sade att tiden f\u00f6r f\u00f6rhandling \u00e4r f\u00f6rbi.\u00a0<\/span><\/p>\n<p><span style=\"font-weight: 400;\">Enligt hotellets direkt\u00f6r, Ram\u00f3n Pons, kan det sluta med att hotellet st\u00e4nger ner. Detta eftersom de lokaler som nu inte kan brukas inkluderar k\u00f6k, restaurang och andra gemensamma utrymmen. \u201cInget hotell kan leva utan ett k\u00f6k eller restaurang,\u201d kommenterar han. Han uppger att en del av g\u00e4sterna kommer att kunna stanna vid hotellet och tas hand om till 100 procent medan andra kommer att omplaceras till andra hotell.\u00a0<\/span><\/p>\n<p><span style=\"font-weight: 400;\">St\u00e4mningen p\u00e5 hotellet var mycket orolig, b\u00e5de bland personalen och g\u00e4sterna.\u00a0<\/span><\/p>\n<p>&nbsp;<\/p>\n","protected":false},"excerpt":{"rendered":"<p>Nu kan hotellet komma att st\u00e4nga ner efter en r\u00e4ttslig tvist mellan f\u00f6retaget som driver verksamheten och tv\u00e5 av del\u00e4garna.\u00a0<\/p>\n","protected":false},"author":14,"featured_media":73339,"comment_status":"closed","ping_status":"closed","sticky":false,"template":"","format":"standard","meta":{"_et_pb_use_builder":"","_et_pb_old_content":"","_et_gb_content_width":"","footnotes":""},"categories":[395,3],"tags":[],"class_list":["post-73338","post","type-post","status-publish","format-standard","has-post-thumbnail","hentry","category-arkiv-nyheter","category-nyheter"],"yoast_head":"<!-- This site is optimized with the Yoast SEO Premium plugin v26.2 (Yoast SEO v27.4) - https:\/\/yoast.com\/product\/yoast-seo-premium-wordpress\/ -->\n<title>Polisen har sp\u00e4rrat av hotellet Guadalp\u00edn Ban\u00fas i Marbella - Svenska Magasinet<\/title>\n<meta name=\"robots\" content=\"noindex, follow, max-snippet:-1, max-image-preview:large, max-video-preview:-1\" \/>\n<meta property=\"og:locale\" content=\"sv_SE\" \/>\n<meta property=\"og:type\" content=\"article\" \/>\n<meta property=\"og:title\" content=\"Polisen har sp\u00e4rrat av hotellet Guadalp\u00edn Ban\u00fas i Marbella\" \/>\n<meta property=\"og:description\" content=\"Nu kan hotellet komma att st\u00e4nga ner efter en r\u00e4ttslig tvist mellan f\u00f6retaget som driver verksamheten och tv\u00e5 av del\u00e4garna.\u00a0\" \/>\n<meta property=\"og:url\" content=\"https:\/\/lightweb.dev\/l\/svm-temp\/nyheter\/polisen-har-sparrat-av-hotellet-guadalpin-banus-i-marbella\/\" \/>\n<meta property=\"og:site_name\" content=\"Svenska Magasinet\" \/>\n<meta property=\"article:publisher\" content=\"https:\/\/www.facebook.com\/svenskamagasinet\" \/>\n<meta property=\"article:published_time\" content=\"2024-07-11T14:44:16+00:00\" \/>\n<meta property=\"og:image\" content=\"https:\/\/lightweb.dev\/l\/svm-temp\/wp-content\/uploads\/2024\/07\/450104362_1038472131473864_2380734985743077028_n.jpg\" \/>\n\t<meta property=\"og:image:width\" content=\"1536\" \/>\n\t<meta property=\"og:image:height\" content=\"1536\" \/>\n\t<meta property=\"og:image:type\" content=\"image\/jpeg\" \/>\n<meta name=\"author\" content=\"Robbie Eriksson\" \/>\n<meta name=\"twitter:card\" content=\"summary_large_image\" \/>\n<meta name=\"twitter:creator\" content=\"@SvenskaMagasine\" \/>\n<meta name=\"twitter:site\" content=\"@SvenskaMagasine\" \/>\n<script type=\"application\/ld+json\" class=\"yoast-schema-graph\">{\"@context\":\"https:\\\/\\\/schema.org\",\"@graph\":[{\"@type\":\"Article\",\"@id\":\"https:\\\/\\\/lightweb.dev\\\/l\\\/svm-temp\\\/nyheter\\\/polisen-har-sparrat-av-hotellet-guadalpin-banus-i-marbella\\\/#article\",\"isPartOf\":{\"@id\":\"https:\\\/\\\/lightweb.dev\\\/l\\\/svm-temp\\\/nyheter\\\/polisen-har-sparrat-av-hotellet-guadalpin-banus-i-marbella\\\/\"},\"author\":{\"name\":\"Robbie Eriksson\",\"@id\":\"https:\\\/\\\/lightweb.dev\\\/l\\\/svm-temp\\\/#\\\/schema\\\/person\\\/caffe038990d25722f5a04a03c906a2b\"},\"headline\":\"Polisen har sp\u00e4rrat av hotellet Guadalp\u00edn Ban\u00fas i Marbella\",\"datePublished\":\"2024-07-11T14:44:16+00:00\",\"mainEntityOfPage\":{\"@id\":\"https:\\\/\\\/lightweb.dev\\\/l\\\/svm-temp\\\/nyheter\\\/polisen-har-sparrat-av-hotellet-guadalpin-banus-i-marbella\\\/\"},\"wordCount\":362,\"publisher\":{\"@id\":\"https:\\\/\\\/lightweb.dev\\\/l\\\/svm-temp\\\/#organization\"},\"image\":{\"@id\":\"https:\\\/\\\/lightweb.dev\\\/l\\\/svm-temp\\\/nyheter\\\/polisen-har-sparrat-av-hotellet-guadalpin-banus-i-marbella\\\/#primaryimage\"},\"thumbnailUrl\":\"https:\\\/\\\/lightweb.dev\\\/l\\\/svm-temp\\\/wp-content\\\/uploads\\\/2024\\\/07\\\/450104362_1038472131473864_2380734985743077028_n.jpg\",\"articleSection\":[\"Arkiv\",\"Nyheter\"],\"inLanguage\":\"sv-SE\"},{\"@type\":\"WebPage\",\"@id\":\"https:\\\/\\\/lightweb.dev\\\/l\\\/svm-temp\\\/nyheter\\\/polisen-har-sparrat-av-hotellet-guadalpin-banus-i-marbella\\\/\",\"url\":\"https:\\\/\\\/lightweb.dev\\\/l\\\/svm-temp\\\/nyheter\\\/polisen-har-sparrat-av-hotellet-guadalpin-banus-i-marbella\\\/\",\"name\":\"Polisen har sp\u00e4rrat av hotellet Guadalp\u00edn Ban\u00fas i Marbella - Svenska Magasinet\",\"isPartOf\":{\"@id\":\"https:\\\/\\\/lightweb.dev\\\/l\\\/svm-temp\\\/#website\"},\"primaryImageOfPage\":{\"@id\":\"https:\\\/\\\/lightweb.dev\\\/l\\\/svm-temp\\\/nyheter\\\/polisen-har-sparrat-av-hotellet-guadalpin-banus-i-marbella\\\/#primaryimage\"},\"image\":{\"@id\":\"https:\\\/\\\/lightweb.dev\\\/l\\\/svm-temp\\\/nyheter\\\/polisen-har-sparrat-av-hotellet-guadalpin-banus-i-marbella\\\/#primaryimage\"},\"thumbnailUrl\":\"https:\\\/\\\/lightweb.dev\\\/l\\\/svm-temp\\\/wp-content\\\/uploads\\\/2024\\\/07\\\/450104362_1038472131473864_2380734985743077028_n.jpg\",\"datePublished\":\"2024-07-11T14:44:16+00:00\",\"breadcrumb\":{\"@id\":\"https:\\\/\\\/lightweb.dev\\\/l\\\/svm-temp\\\/nyheter\\\/polisen-har-sparrat-av-hotellet-guadalpin-banus-i-marbella\\\/#breadcrumb\"},\"inLanguage\":\"sv-SE\",\"potentialAction\":[{\"@type\":\"ReadAction\",\"target\":[\"https:\\\/\\\/lightweb.dev\\\/l\\\/svm-temp\\\/nyheter\\\/polisen-har-sparrat-av-hotellet-guadalpin-banus-i-marbella\\\/\"]}]},{\"@type\":\"ImageObject\",\"inLanguage\":\"sv-SE\",\"@id\":\"https:\\\/\\\/lightweb.dev\\\/l\\\/svm-temp\\\/nyheter\\\/polisen-har-sparrat-av-hotellet-guadalpin-banus-i-marbella\\\/#primaryimage\",\"url\":\"https:\\\/\\\/lightweb.dev\\\/l\\\/svm-temp\\\/wp-content\\\/uploads\\\/2024\\\/07\\\/450104362_1038472131473864_2380734985743077028_n.jpg\",\"contentUrl\":\"https:\\\/\\\/lightweb.dev\\\/l\\\/svm-temp\\\/wp-content\\\/uploads\\\/2024\\\/07\\\/450104362_1038472131473864_2380734985743077028_n.jpg\",\"width\":1536,\"height\":1536,\"caption\":\"(Bild: Gran Hotel Guadalpin Banus, Facebook)\"},{\"@type\":\"BreadcrumbList\",\"@id\":\"https:\\\/\\\/lightweb.dev\\\/l\\\/svm-temp\\\/nyheter\\\/polisen-har-sparrat-av-hotellet-guadalpin-banus-i-marbella\\\/#breadcrumb\",\"itemListElement\":[{\"@type\":\"ListItem\",\"position\":1,\"name\":\"Hem\",\"item\":\"https:\\\/\\\/lightweb.dev\\\/l\\\/svm-temp\\\/\"},{\"@type\":\"ListItem\",\"position\":2,\"name\":\"Polisen har sp\u00e4rrat av hotellet Guadalp\u00edn Ban\u00fas i Marbella\"}]},{\"@type\":\"WebSite\",\"@id\":\"https:\\\/\\\/lightweb.dev\\\/l\\\/svm-temp\\\/#website\",\"url\":\"https:\\\/\\\/lightweb.dev\\\/l\\\/svm-temp\\\/\",\"name\":\"Svenska Magasinet\",\"description\":\"Dina Spanska nyheter p&aring; Svenska\",\"publisher\":{\"@id\":\"https:\\\/\\\/lightweb.dev\\\/l\\\/svm-temp\\\/#organization\"},\"potentialAction\":[{\"@type\":\"SearchAction\",\"target\":{\"@type\":\"EntryPoint\",\"urlTemplate\":\"https:\\\/\\\/lightweb.dev\\\/l\\\/svm-temp\\\/?s={search_term_string}\"},\"query-input\":{\"@type\":\"PropertyValueSpecification\",\"valueRequired\":true,\"valueName\":\"search_term_string\"}}],\"inLanguage\":\"sv-SE\"},{\"@type\":\"Organization\",\"@id\":\"https:\\\/\\\/lightweb.dev\\\/l\\\/svm-temp\\\/#organization\",\"name\":\"Melkerson y Nott SL\",\"alternateName\":\"Svenska Magasinet\",\"url\":\"https:\\\/\\\/lightweb.dev\\\/l\\\/svm-temp\\\/\",\"logo\":{\"@type\":\"ImageObject\",\"inLanguage\":\"sv-SE\",\"@id\":\"https:\\\/\\\/lightweb.dev\\\/l\\\/svm-temp\\\/#\\\/schema\\\/logo\\\/image\\\/\",\"url\":\"https:\\\/\\\/lightweb.dev\\\/l\\\/svm-temp\\\/wp-content\\\/uploads\\\/2025\\\/02\\\/SvM-logo-Xtra-Centrerad-SVART.png\",\"contentUrl\":\"https:\\\/\\\/lightweb.dev\\\/l\\\/svm-temp\\\/wp-content\\\/uploads\\\/2025\\\/02\\\/SvM-logo-Xtra-Centrerad-SVART.png\",\"width\":300,\"height\":99,\"caption\":\"Melkerson y Nott SL\"},\"image\":{\"@id\":\"https:\\\/\\\/lightweb.dev\\\/l\\\/svm-temp\\\/#\\\/schema\\\/logo\\\/image\\\/\"},\"sameAs\":[\"https:\\\/\\\/www.facebook.com\\\/svenskamagasinet\",\"https:\\\/\\\/x.com\\\/SvenskaMagasine\"]},{\"@type\":\"Person\",\"@id\":\"https:\\\/\\\/lightweb.dev\\\/l\\\/svm-temp\\\/#\\\/schema\\\/person\\\/caffe038990d25722f5a04a03c906a2b\",\"name\":\"Robbie Eriksson\",\"sameAs\":[\"https:\\\/\\\/lightweb.dev\\\/l\\\/svm-temp\"],\"url\":\"https:\\\/\\\/lightweb.dev\\\/l\\\/svm-temp\\\/reporter\\\/robbie-eriksson\\\/\"}]}<\/script>\n<!-- \/ Yoast SEO Premium plugin. -->","yoast_head_json":{"title":"Polisen har sp\u00e4rrat av hotellet Guadalp\u00edn Ban\u00fas i Marbella - Svenska Magasinet","robots":{"index":"noindex","follow":"follow","max-snippet":"max-snippet:-1","max-image-preview":"max-image-preview:large","max-video-preview":"max-video-preview:-1"},"og_locale":"sv_SE","og_type":"article","og_title":"Polisen har sp\u00e4rrat av hotellet Guadalp\u00edn Ban\u00fas i Marbella","og_description":"Nu kan hotellet komma att st\u00e4nga ner efter en r\u00e4ttslig tvist mellan f\u00f6retaget som driver verksamheten och tv\u00e5 av del\u00e4garna.\u00a0","og_url":"https:\/\/lightweb.dev\/l\/svm-temp\/nyheter\/polisen-har-sparrat-av-hotellet-guadalpin-banus-i-marbella\/","og_site_name":"Svenska Magasinet","article_publisher":"https:\/\/www.facebook.com\/svenskamagasinet","article_published_time":"2024-07-11T14:44:16+00:00","og_image":[{"width":1536,"height":1536,"url":"https:\/\/lightweb.dev\/l\/svm-temp\/wp-content\/uploads\/2024\/07\/450104362_1038472131473864_2380734985743077028_n.jpg","type":"image\/jpeg"}],"author":"Robbie Eriksson","twitter_card":"summary_large_image","twitter_creator":"@SvenskaMagasine","twitter_site":"@SvenskaMagasine","schema":{"@context":"https:\/\/schema.org","@graph":[{"@type":"Article","@id":"https:\/\/lightweb.dev\/l\/svm-temp\/nyheter\/polisen-har-sparrat-av-hotellet-guadalpin-banus-i-marbella\/#article","isPartOf":{"@id":"https:\/\/lightweb.dev\/l\/svm-temp\/nyheter\/polisen-har-sparrat-av-hotellet-guadalpin-banus-i-marbella\/"},"author":{"name":"Robbie Eriksson","@id":"https:\/\/lightweb.dev\/l\/svm-temp\/#\/schema\/person\/caffe038990d25722f5a04a03c906a2b"},"headline":"Polisen har sp\u00e4rrat av hotellet Guadalp\u00edn Ban\u00fas i Marbella","datePublished":"2024-07-11T14:44:16+00:00","mainEntityOfPage":{"@id":"https:\/\/lightweb.dev\/l\/svm-temp\/nyheter\/polisen-har-sparrat-av-hotellet-guadalpin-banus-i-marbella\/"},"wordCount":362,"publisher":{"@id":"https:\/\/lightweb.dev\/l\/svm-temp\/#organization"},"image":{"@id":"https:\/\/lightweb.dev\/l\/svm-temp\/nyheter\/polisen-har-sparrat-av-hotellet-guadalpin-banus-i-marbella\/#primaryimage"},"thumbnailUrl":"https:\/\/lightweb.dev\/l\/svm-temp\/wp-content\/uploads\/2024\/07\/450104362_1038472131473864_2380734985743077028_n.jpg","articleSection":["Arkiv","Nyheter"],"inLanguage":"sv-SE"},{"@type":"WebPage","@id":"https:\/\/lightweb.dev\/l\/svm-temp\/nyheter\/polisen-har-sparrat-av-hotellet-guadalpin-banus-i-marbella\/","url":"https:\/\/lightweb.dev\/l\/svm-temp\/nyheter\/polisen-har-sparrat-av-hotellet-guadalpin-banus-i-marbella\/","name":"Polisen har sp\u00e4rrat av hotellet Guadalp\u00edn Ban\u00fas i Marbella - Svenska Magasinet","isPartOf":{"@id":"https:\/\/lightweb.dev\/l\/svm-temp\/#website"},"primaryImageOfPage":{"@id":"https:\/\/lightweb.dev\/l\/svm-temp\/nyheter\/polisen-har-sparrat-av-hotellet-guadalpin-banus-i-marbella\/#primaryimage"},"image":{"@id":"https:\/\/lightweb.dev\/l\/svm-temp\/nyheter\/polisen-har-sparrat-av-hotellet-guadalpin-banus-i-marbella\/#primaryimage"},"thumbnailUrl":"https:\/\/lightweb.dev\/l\/svm-temp\/wp-content\/uploads\/2024\/07\/450104362_1038472131473864_2380734985743077028_n.jpg","datePublished":"2024-07-11T14:44:16+00:00","breadcrumb":{"@id":"https:\/\/lightweb.dev\/l\/svm-temp\/nyheter\/polisen-har-sparrat-av-hotellet-guadalpin-banus-i-marbella\/#breadcrumb"},"inLanguage":"sv-SE","potentialAction":[{"@type":"ReadAction","target":["https:\/\/lightweb.dev\/l\/svm-temp\/nyheter\/polisen-har-sparrat-av-hotellet-guadalpin-banus-i-marbella\/"]}]},{"@type":"ImageObject","inLanguage":"sv-SE","@id":"https:\/\/lightweb.dev\/l\/svm-temp\/nyheter\/polisen-har-sparrat-av-hotellet-guadalpin-banus-i-marbella\/#primaryimage","url":"https:\/\/lightweb.dev\/l\/svm-temp\/wp-content\/uploads\/2024\/07\/450104362_1038472131473864_2380734985743077028_n.jpg","contentUrl":"https:\/\/lightweb.dev\/l\/svm-temp\/wp-content\/uploads\/2024\/07\/450104362_1038472131473864_2380734985743077028_n.jpg","width":1536,"height":1536,"caption":"(Bild: Gran Hotel Guadalpin Banus, Facebook)"},{"@type":"BreadcrumbList","@id":"https:\/\/lightweb.dev\/l\/svm-temp\/nyheter\/polisen-har-sparrat-av-hotellet-guadalpin-banus-i-marbella\/#breadcrumb","itemListElement":[{"@type":"ListItem","position":1,"name":"Hem","item":"https:\/\/lightweb.dev\/l\/svm-temp\/"},{"@type":"ListItem","position":2,"name":"Polisen har sp\u00e4rrat av hotellet Guadalp\u00edn Ban\u00fas i Marbella"}]},{"@type":"WebSite","@id":"https:\/\/lightweb.dev\/l\/svm-temp\/#website","url":"https:\/\/lightweb.dev\/l\/svm-temp\/","name":"Svenska Magasinet","description":"Dina Spanska nyheter p&aring; Svenska","publisher":{"@id":"https:\/\/lightweb.dev\/l\/svm-temp\/#organization"},"potentialAction":[{"@type":"SearchAction","target":{"@type":"EntryPoint","urlTemplate":"https:\/\/lightweb.dev\/l\/svm-temp\/?s={search_term_string}"},"query-input":{"@type":"PropertyValueSpecification","valueRequired":true,"valueName":"search_term_string"}}],"inLanguage":"sv-SE"},{"@type":"Organization","@id":"https:\/\/lightweb.dev\/l\/svm-temp\/#organization","name":"Melkerson y Nott SL","alternateName":"Svenska Magasinet","url":"https:\/\/lightweb.dev\/l\/svm-temp\/","logo":{"@type":"ImageObject","inLanguage":"sv-SE","@id":"https:\/\/lightweb.dev\/l\/svm-temp\/#\/schema\/logo\/image\/","url":"https:\/\/lightweb.dev\/l\/svm-temp\/wp-content\/uploads\/2025\/02\/SvM-logo-Xtra-Centrerad-SVART.png","contentUrl":"https:\/\/lightweb.dev\/l\/svm-temp\/wp-content\/uploads\/2025\/02\/SvM-logo-Xtra-Centrerad-SVART.png","width":300,"height":99,"caption":"Melkerson y Nott SL"},"image":{"@id":"https:\/\/lightweb.dev\/l\/svm-temp\/#\/schema\/logo\/image\/"},"sameAs":["https:\/\/www.facebook.com\/svenskamagasinet","https:\/\/x.com\/SvenskaMagasine"]},{"@type":"Person","@id":"https:\/\/lightweb.dev\/l\/svm-temp\/#\/schema\/person\/caffe038990d25722f5a04a03c906a2b","name":"Robbie Eriksson","sameAs":["https:\/\/lightweb.dev\/l\/svm-temp"],"url":"https:\/\/lightweb.dev\/l\/svm-temp\/reporter\/robbie-eriksson\/"}]}},"_links":{"self":[{"href":"https:\/\/lightweb.dev\/l\/svm-temp\/wp-json\/wp\/v2\/posts\/73338","targetHints":{"allow":["GET"]}}],"collection":[{"href":"https:\/\/lightweb.dev\/l\/svm-temp\/wp-json\/wp\/v2\/posts"}],"about":[{"href":"https:\/\/lightweb.dev\/l\/svm-temp\/wp-json\/wp\/v2\/types\/post"}],"author":[{"embeddable":true,"href":"https:\/\/lightweb.dev\/l\/svm-temp\/wp-json\/wp\/v2\/users\/14"}],"replies":[{"embeddable":true,"href":"https:\/\/lightweb.dev\/l\/svm-temp\/wp-json\/wp\/v2\/comments?post=73338"}],"version-history":[{"count":0,"href":"https:\/\/lightweb.dev\/l\/svm-temp\/wp-json\/wp\/v2\/posts\/73338\/revisions"}],"wp:featuredmedia":[{"embeddable":true,"href":"https:\/\/lightweb.dev\/l\/svm-temp\/wp-json\/wp\/v2\/media\/73339"}],"wp:attachment":[{"href":"https:\/\/lightweb.dev\/l\/svm-temp\/wp-json\/wp\/v2\/media?parent=73338"}],"wp:term":[{"taxonomy":"category","embeddable":true,"href":"https:\/\/lightweb.dev\/l\/svm-temp\/wp-json\/wp\/v2\/categories?post=73338"},{"taxonomy":"post_tag","embeddable":true,"href":"https:\/\/lightweb.dev\/l\/svm-temp\/wp-json\/wp\/v2\/tags?post=73338"}],"curies":[{"name":"wp","href":"https:\/\/api.w.org\/{rel}","templated":true}]}}