{"id":73347,"date":"2024-07-12T16:31:12","date_gmt":"2024-07-12T14:31:12","guid":{"rendered":"https:\/\/lightweb.dev\/l\/svm-temp\/?p=73347"},"modified":"2024-07-12T16:31:12","modified_gmt":"2024-07-12T14:31:12","slug":"allt-farre-tar-bolan-i-spanien","status":"publish","type":"post","link":"https:\/\/lightweb.dev\/l\/svm-temp\/nyheter\/allt-farre-tar-bolan-i-spanien\/","title":{"rendered":"Allt f\u00e4rre tar bol\u00e5n i Spanien"},"content":{"rendered":"<p><strong>Framf\u00f6rallt unga spanjorer f\u00e5r sv\u00e5rare och sv\u00e5rare att k\u00f6pa en egen bostad.<\/strong><\/p>\n<p><span style=\"font-weight: 400;\">Spanjorerna tar ut f\u00e4rre bol\u00e5n. Det inneb\u00e4r att den totala l\u00e5neskulden hos befolkningen v\u00e4xer l\u00e5ngsammare men ocks\u00e5 att befolkningen tappar i fastighetstillg\u00e5ngar. Detta kan g\u00f6ra inv\u00e5narna mer ekonomiskt s\u00e5rbara p\u00e5 l\u00e5ng sikt, varnar Banco de Espa\u00f1a.\u00a0<\/span><\/p>\n<p><span style=\"font-weight: 400;\">De pekar ocks\u00e5 p\u00e5 att gapet mellan \u00e4ldre och yngre m\u00e4nniskor som \u00e4ger sin egen bostad v\u00e4xer allt st\u00f6rre. N\u00e5got som g\u00f6r att den yngre befolkningen f\u00e5r allt sv\u00e5rare att bli sj\u00e4lvst\u00e4ndiga.\u00a0<\/span><\/p>\n<p><span style=\"font-weight: 400;\">Andelen av befolkningen som har ett bostadsl\u00e5n har varit i stort sett stabil sedan 2014 och legat runt 28 procent. Men den varierar mycket mellan \u00e5ldrarna och sjunker i anm\u00e4rkningsv\u00e4rd takt bland de yngre, enligt bankens senaste rapport.\u00a0<\/span><\/p>\n<p><span style=\"font-weight: 400;\">2022 hade 40 procent av de under 45 \u00e5rs \u00e5lder ett bol\u00e5n. Det \u00e4r hela 10 procentenheter l\u00e4gre \u00e4n i slutet av 2010-talet n\u00e4r siffran l\u00e5g p\u00e5 50 procent. Om man tittar p\u00e5 de under 35 \u00e4r det \u00e4nnu st\u00f6rre skillnad. F\u00f6r cirka 15 \u00e5r sedan hade 45 procent ett bol\u00e5n medan de idag knappt kommer \u00f6ver 20 procent.\u00a0<\/span><\/p>\n<h2><span style=\"font-weight: 400;\">Fler sparar<\/span><\/h2>\n<p><span style=\"font-weight: 400;\">Situationen har blivit v\u00e4rre under de senaste \u00e5ren d\u00e5 Europeiska Centralbanken har h\u00f6jt r\u00e4ntorna och gjort l\u00e5nen dyrare. B\u00e5de p\u00e5 nya l\u00e5n och gamla med r\u00f6rlig r\u00e4nta. N\u00e4r det g\u00e4ller de senare menar dock banken att framtiden ser ljusare ut p\u00e5 grund av att Euribor har sjunkit. De f\u00f6rutser att 50 procent av alla bol\u00e5n kopplade till Euribor kommer att bli billigare under \u00e5ret.\u00a0<\/span><\/p>\n<p><span style=\"font-weight: 400;\">Enligt Banco de Espa\u00f1a kan man dock se att folk sparar mer pengar idag. N\u00e5got som de menar beror p\u00e5 att l\u00f6nerna \u00f6kar och att folk konsumerar mindre. Idag ligger sparandegraden p\u00e5 14,2 procent vilket \u00e4r h\u00f6gre \u00e4n det historiska genomsnittet.\u00a0<\/span><\/p>\n","protected":false},"excerpt":{"rendered":"<p>Framf\u00f6rallt unga spanjorer f\u00e5r sv\u00e5rare och sv\u00e5rare att k\u00f6pa en egen bostad.<\/p>\n","protected":false},"author":14,"featured_media":17116,"comment_status":"closed","ping_status":"closed","sticky":false,"template":"","format":"standard","meta":{"_et_pb_use_builder":"","_et_pb_old_content":"","_et_gb_content_width":"","footnotes":""},"categories":[351,3],"tags":[],"class_list":["post-73347","post","type-post","status-publish","format-standard","has-post-thumbnail","hentry","category-ekonomi-nyheter","category-nyheter"],"yoast_head":"<!-- This site is optimized with the Yoast SEO Premium plugin v26.2 (Yoast SEO v27.4) - https:\/\/yoast.com\/product\/yoast-seo-premium-wordpress\/ -->\n<title>Allt f\u00e4rre tar bol\u00e5n i Spanien - Svenska Magasinet<\/title>\n<meta name=\"robots\" content=\"noindex, follow, max-snippet:-1, max-image-preview:large, max-video-preview:-1\" \/>\n<meta property=\"og:locale\" content=\"sv_SE\" \/>\n<meta property=\"og:type\" content=\"article\" \/>\n<meta property=\"og:title\" content=\"Allt f\u00e4rre tar bol\u00e5n i Spanien\" \/>\n<meta property=\"og:description\" content=\"Framf\u00f6rallt unga spanjorer f\u00e5r sv\u00e5rare och sv\u00e5rare att k\u00f6pa en egen bostad.\" \/>\n<meta property=\"og:url\" content=\"https:\/\/lightweb.dev\/l\/svm-temp\/artiklar\/ekonomi\/allt-farre-tar-bolan-i-spanien\/\" \/>\n<meta property=\"og:site_name\" content=\"Svenska Magasinet\" \/>\n<meta property=\"article:publisher\" content=\"https:\/\/www.facebook.com\/svenskamagasinet\" \/>\n<meta property=\"article:published_time\" content=\"2024-07-12T14:31:12+00:00\" \/>\n<meta property=\"og:image\" content=\"https:\/\/lightweb.dev\/l\/svm-temp\/wp-content\/uploads\/2022\/06\/bolanen-okar-i-spanien.png\" \/>\n\t<meta property=\"og:image:width\" content=\"500\" \/>\n\t<meta property=\"og:image:height\" content=\"300\" \/>\n\t<meta property=\"og:image:type\" content=\"image\/png\" \/>\n<meta name=\"author\" content=\"Robbie Eriksson\" \/>\n<meta name=\"twitter:card\" content=\"summary_large_image\" \/>\n<meta name=\"twitter:creator\" content=\"@SvenskaMagasine\" \/>\n<meta name=\"twitter:site\" content=\"@SvenskaMagasine\" \/>\n<script type=\"application\/ld+json\" class=\"yoast-schema-graph\">{\"@context\":\"https:\\\/\\\/schema.org\",\"@graph\":[{\"@type\":\"Article\",\"@id\":\"https:\\\/\\\/lightweb.dev\\\/l\\\/svm-temp\\\/artiklar\\\/ekonomi\\\/allt-farre-tar-bolan-i-spanien\\\/#article\",\"isPartOf\":{\"@id\":\"https:\\\/\\\/lightweb.dev\\\/l\\\/svm-temp\\\/artiklar\\\/ekonomi\\\/allt-farre-tar-bolan-i-spanien\\\/\"},\"author\":{\"name\":\"Robbie Eriksson\",\"@id\":\"https:\\\/\\\/lightweb.dev\\\/l\\\/svm-temp\\\/#\\\/schema\\\/person\\\/caffe038990d25722f5a04a03c906a2b\"},\"headline\":\"Allt f\u00e4rre tar bol\u00e5n i Spanien\",\"datePublished\":\"2024-07-12T14:31:12+00:00\",\"mainEntityOfPage\":{\"@id\":\"https:\\\/\\\/lightweb.dev\\\/l\\\/svm-temp\\\/artiklar\\\/ekonomi\\\/allt-farre-tar-bolan-i-spanien\\\/\"},\"wordCount\":331,\"publisher\":{\"@id\":\"https:\\\/\\\/lightweb.dev\\\/l\\\/svm-temp\\\/#organization\"},\"image\":{\"@id\":\"https:\\\/\\\/lightweb.dev\\\/l\\\/svm-temp\\\/artiklar\\\/ekonomi\\\/allt-farre-tar-bolan-i-spanien\\\/#primaryimage\"},\"thumbnailUrl\":\"https:\\\/\\\/lightweb.dev\\\/l\\\/svm-temp\\\/wp-content\\\/uploads\\\/2022\\\/06\\\/bolanen-okar-i-spanien.png\",\"articleSection\":[\"Ekonomi\",\"Nyheter\"],\"inLanguage\":\"sv-SE\"},{\"@type\":\"WebPage\",\"@id\":\"https:\\\/\\\/lightweb.dev\\\/l\\\/svm-temp\\\/artiklar\\\/ekonomi\\\/allt-farre-tar-bolan-i-spanien\\\/\",\"url\":\"https:\\\/\\\/lightweb.dev\\\/l\\\/svm-temp\\\/artiklar\\\/ekonomi\\\/allt-farre-tar-bolan-i-spanien\\\/\",\"name\":\"Allt f\u00e4rre tar bol\u00e5n i Spanien - Svenska Magasinet\",\"isPartOf\":{\"@id\":\"https:\\\/\\\/lightweb.dev\\\/l\\\/svm-temp\\\/#website\"},\"primaryImageOfPage\":{\"@id\":\"https:\\\/\\\/lightweb.dev\\\/l\\\/svm-temp\\\/artiklar\\\/ekonomi\\\/allt-farre-tar-bolan-i-spanien\\\/#primaryimage\"},\"image\":{\"@id\":\"https:\\\/\\\/lightweb.dev\\\/l\\\/svm-temp\\\/artiklar\\\/ekonomi\\\/allt-farre-tar-bolan-i-spanien\\\/#primaryimage\"},\"thumbnailUrl\":\"https:\\\/\\\/lightweb.dev\\\/l\\\/svm-temp\\\/wp-content\\\/uploads\\\/2022\\\/06\\\/bolanen-okar-i-spanien.png\",\"datePublished\":\"2024-07-12T14:31:12+00:00\",\"breadcrumb\":{\"@id\":\"https:\\\/\\\/lightweb.dev\\\/l\\\/svm-temp\\\/artiklar\\\/ekonomi\\\/allt-farre-tar-bolan-i-spanien\\\/#breadcrumb\"},\"inLanguage\":\"sv-SE\",\"potentialAction\":[{\"@type\":\"ReadAction\",\"target\":[\"https:\\\/\\\/lightweb.dev\\\/l\\\/svm-temp\\\/artiklar\\\/ekonomi\\\/allt-farre-tar-bolan-i-spanien\\\/\"]}]},{\"@type\":\"ImageObject\",\"inLanguage\":\"sv-SE\",\"@id\":\"https:\\\/\\\/lightweb.dev\\\/l\\\/svm-temp\\\/artiklar\\\/ekonomi\\\/allt-farre-tar-bolan-i-spanien\\\/#primaryimage\",\"url\":\"https:\\\/\\\/lightweb.dev\\\/l\\\/svm-temp\\\/wp-content\\\/uploads\\\/2022\\\/06\\\/bolanen-okar-i-spanien.png\",\"contentUrl\":\"https:\\\/\\\/lightweb.dev\\\/l\\\/svm-temp\\\/wp-content\\\/uploads\\\/2022\\\/06\\\/bolanen-okar-i-spanien.png\",\"width\":500,\"height\":300},{\"@type\":\"BreadcrumbList\",\"@id\":\"https:\\\/\\\/lightweb.dev\\\/l\\\/svm-temp\\\/artiklar\\\/ekonomi\\\/allt-farre-tar-bolan-i-spanien\\\/#breadcrumb\",\"itemListElement\":[{\"@type\":\"ListItem\",\"position\":1,\"name\":\"Hem\",\"item\":\"https:\\\/\\\/lightweb.dev\\\/l\\\/svm-temp\\\/\"},{\"@type\":\"ListItem\",\"position\":2,\"name\":\"Allt f\u00e4rre tar bol\u00e5n i Spanien\"}]},{\"@type\":\"WebSite\",\"@id\":\"https:\\\/\\\/lightweb.dev\\\/l\\\/svm-temp\\\/#website\",\"url\":\"https:\\\/\\\/lightweb.dev\\\/l\\\/svm-temp\\\/\",\"name\":\"Svenska Magasinet\",\"description\":\"Dina Spanska nyheter p&aring; Svenska\",\"publisher\":{\"@id\":\"https:\\\/\\\/lightweb.dev\\\/l\\\/svm-temp\\\/#organization\"},\"potentialAction\":[{\"@type\":\"SearchAction\",\"target\":{\"@type\":\"EntryPoint\",\"urlTemplate\":\"https:\\\/\\\/lightweb.dev\\\/l\\\/svm-temp\\\/?s={search_term_string}\"},\"query-input\":{\"@type\":\"PropertyValueSpecification\",\"valueRequired\":true,\"valueName\":\"search_term_string\"}}],\"inLanguage\":\"sv-SE\"},{\"@type\":\"Organization\",\"@id\":\"https:\\\/\\\/lightweb.dev\\\/l\\\/svm-temp\\\/#organization\",\"name\":\"Melkerson y Nott SL\",\"alternateName\":\"Svenska Magasinet\",\"url\":\"https:\\\/\\\/lightweb.dev\\\/l\\\/svm-temp\\\/\",\"logo\":{\"@type\":\"ImageObject\",\"inLanguage\":\"sv-SE\",\"@id\":\"https:\\\/\\\/lightweb.dev\\\/l\\\/svm-temp\\\/#\\\/schema\\\/logo\\\/image\\\/\",\"url\":\"https:\\\/\\\/lightweb.dev\\\/l\\\/svm-temp\\\/wp-content\\\/uploads\\\/2025\\\/02\\\/SvM-logo-Xtra-Centrerad-SVART.png\",\"contentUrl\":\"https:\\\/\\\/lightweb.dev\\\/l\\\/svm-temp\\\/wp-content\\\/uploads\\\/2025\\\/02\\\/SvM-logo-Xtra-Centrerad-SVART.png\",\"width\":300,\"height\":99,\"caption\":\"Melkerson y Nott SL\"},\"image\":{\"@id\":\"https:\\\/\\\/lightweb.dev\\\/l\\\/svm-temp\\\/#\\\/schema\\\/logo\\\/image\\\/\"},\"sameAs\":[\"https:\\\/\\\/www.facebook.com\\\/svenskamagasinet\",\"https:\\\/\\\/x.com\\\/SvenskaMagasine\"]},{\"@type\":\"Person\",\"@id\":\"https:\\\/\\\/lightweb.dev\\\/l\\\/svm-temp\\\/#\\\/schema\\\/person\\\/caffe038990d25722f5a04a03c906a2b\",\"name\":\"Robbie Eriksson\",\"sameAs\":[\"https:\\\/\\\/lightweb.dev\\\/l\\\/svm-temp\"],\"url\":\"https:\\\/\\\/lightweb.dev\\\/l\\\/svm-temp\\\/reporter\\\/robbie-eriksson\\\/\"}]}<\/script>\n<!-- \/ Yoast SEO Premium plugin. -->","yoast_head_json":{"title":"Allt f\u00e4rre tar bol\u00e5n i Spanien - Svenska Magasinet","robots":{"index":"noindex","follow":"follow","max-snippet":"max-snippet:-1","max-image-preview":"max-image-preview:large","max-video-preview":"max-video-preview:-1"},"og_locale":"sv_SE","og_type":"article","og_title":"Allt f\u00e4rre tar bol\u00e5n i Spanien","og_description":"Framf\u00f6rallt unga spanjorer f\u00e5r sv\u00e5rare och sv\u00e5rare att k\u00f6pa en egen bostad.","og_url":"https:\/\/lightweb.dev\/l\/svm-temp\/artiklar\/ekonomi\/allt-farre-tar-bolan-i-spanien\/","og_site_name":"Svenska Magasinet","article_publisher":"https:\/\/www.facebook.com\/svenskamagasinet","article_published_time":"2024-07-12T14:31:12+00:00","og_image":[{"width":500,"height":300,"url":"https:\/\/lightweb.dev\/l\/svm-temp\/wp-content\/uploads\/2022\/06\/bolanen-okar-i-spanien.png","type":"image\/png"}],"author":"Robbie Eriksson","twitter_card":"summary_large_image","twitter_creator":"@SvenskaMagasine","twitter_site":"@SvenskaMagasine","schema":{"@context":"https:\/\/schema.org","@graph":[{"@type":"Article","@id":"https:\/\/lightweb.dev\/l\/svm-temp\/artiklar\/ekonomi\/allt-farre-tar-bolan-i-spanien\/#article","isPartOf":{"@id":"https:\/\/lightweb.dev\/l\/svm-temp\/artiklar\/ekonomi\/allt-farre-tar-bolan-i-spanien\/"},"author":{"name":"Robbie Eriksson","@id":"https:\/\/lightweb.dev\/l\/svm-temp\/#\/schema\/person\/caffe038990d25722f5a04a03c906a2b"},"headline":"Allt f\u00e4rre tar bol\u00e5n i Spanien","datePublished":"2024-07-12T14:31:12+00:00","mainEntityOfPage":{"@id":"https:\/\/lightweb.dev\/l\/svm-temp\/artiklar\/ekonomi\/allt-farre-tar-bolan-i-spanien\/"},"wordCount":331,"publisher":{"@id":"https:\/\/lightweb.dev\/l\/svm-temp\/#organization"},"image":{"@id":"https:\/\/lightweb.dev\/l\/svm-temp\/artiklar\/ekonomi\/allt-farre-tar-bolan-i-spanien\/#primaryimage"},"thumbnailUrl":"https:\/\/lightweb.dev\/l\/svm-temp\/wp-content\/uploads\/2022\/06\/bolanen-okar-i-spanien.png","articleSection":["Ekonomi","Nyheter"],"inLanguage":"sv-SE"},{"@type":"WebPage","@id":"https:\/\/lightweb.dev\/l\/svm-temp\/artiklar\/ekonomi\/allt-farre-tar-bolan-i-spanien\/","url":"https:\/\/lightweb.dev\/l\/svm-temp\/artiklar\/ekonomi\/allt-farre-tar-bolan-i-spanien\/","name":"Allt f\u00e4rre tar bol\u00e5n i Spanien - Svenska Magasinet","isPartOf":{"@id":"https:\/\/lightweb.dev\/l\/svm-temp\/#website"},"primaryImageOfPage":{"@id":"https:\/\/lightweb.dev\/l\/svm-temp\/artiklar\/ekonomi\/allt-farre-tar-bolan-i-spanien\/#primaryimage"},"image":{"@id":"https:\/\/lightweb.dev\/l\/svm-temp\/artiklar\/ekonomi\/allt-farre-tar-bolan-i-spanien\/#primaryimage"},"thumbnailUrl":"https:\/\/lightweb.dev\/l\/svm-temp\/wp-content\/uploads\/2022\/06\/bolanen-okar-i-spanien.png","datePublished":"2024-07-12T14:31:12+00:00","breadcrumb":{"@id":"https:\/\/lightweb.dev\/l\/svm-temp\/artiklar\/ekonomi\/allt-farre-tar-bolan-i-spanien\/#breadcrumb"},"inLanguage":"sv-SE","potentialAction":[{"@type":"ReadAction","target":["https:\/\/lightweb.dev\/l\/svm-temp\/artiklar\/ekonomi\/allt-farre-tar-bolan-i-spanien\/"]}]},{"@type":"ImageObject","inLanguage":"sv-SE","@id":"https:\/\/lightweb.dev\/l\/svm-temp\/artiklar\/ekonomi\/allt-farre-tar-bolan-i-spanien\/#primaryimage","url":"https:\/\/lightweb.dev\/l\/svm-temp\/wp-content\/uploads\/2022\/06\/bolanen-okar-i-spanien.png","contentUrl":"https:\/\/lightweb.dev\/l\/svm-temp\/wp-content\/uploads\/2022\/06\/bolanen-okar-i-spanien.png","width":500,"height":300},{"@type":"BreadcrumbList","@id":"https:\/\/lightweb.dev\/l\/svm-temp\/artiklar\/ekonomi\/allt-farre-tar-bolan-i-spanien\/#breadcrumb","itemListElement":[{"@type":"ListItem","position":1,"name":"Hem","item":"https:\/\/lightweb.dev\/l\/svm-temp\/"},{"@type":"ListItem","position":2,"name":"Allt f\u00e4rre tar bol\u00e5n i Spanien"}]},{"@type":"WebSite","@id":"https:\/\/lightweb.dev\/l\/svm-temp\/#website","url":"https:\/\/lightweb.dev\/l\/svm-temp\/","name":"Svenska Magasinet","description":"Dina Spanska nyheter p&aring; Svenska","publisher":{"@id":"https:\/\/lightweb.dev\/l\/svm-temp\/#organization"},"potentialAction":[{"@type":"SearchAction","target":{"@type":"EntryPoint","urlTemplate":"https:\/\/lightweb.dev\/l\/svm-temp\/?s={search_term_string}"},"query-input":{"@type":"PropertyValueSpecification","valueRequired":true,"valueName":"search_term_string"}}],"inLanguage":"sv-SE"},{"@type":"Organization","@id":"https:\/\/lightweb.dev\/l\/svm-temp\/#organization","name":"Melkerson y Nott SL","alternateName":"Svenska Magasinet","url":"https:\/\/lightweb.dev\/l\/svm-temp\/","logo":{"@type":"ImageObject","inLanguage":"sv-SE","@id":"https:\/\/lightweb.dev\/l\/svm-temp\/#\/schema\/logo\/image\/","url":"https:\/\/lightweb.dev\/l\/svm-temp\/wp-content\/uploads\/2025\/02\/SvM-logo-Xtra-Centrerad-SVART.png","contentUrl":"https:\/\/lightweb.dev\/l\/svm-temp\/wp-content\/uploads\/2025\/02\/SvM-logo-Xtra-Centrerad-SVART.png","width":300,"height":99,"caption":"Melkerson y Nott SL"},"image":{"@id":"https:\/\/lightweb.dev\/l\/svm-temp\/#\/schema\/logo\/image\/"},"sameAs":["https:\/\/www.facebook.com\/svenskamagasinet","https:\/\/x.com\/SvenskaMagasine"]},{"@type":"Person","@id":"https:\/\/lightweb.dev\/l\/svm-temp\/#\/schema\/person\/caffe038990d25722f5a04a03c906a2b","name":"Robbie Eriksson","sameAs":["https:\/\/lightweb.dev\/l\/svm-temp"],"url":"https:\/\/lightweb.dev\/l\/svm-temp\/reporter\/robbie-eriksson\/"}]}},"_links":{"self":[{"href":"https:\/\/lightweb.dev\/l\/svm-temp\/wp-json\/wp\/v2\/posts\/73347","targetHints":{"allow":["GET"]}}],"collection":[{"href":"https:\/\/lightweb.dev\/l\/svm-temp\/wp-json\/wp\/v2\/posts"}],"about":[{"href":"https:\/\/lightweb.dev\/l\/svm-temp\/wp-json\/wp\/v2\/types\/post"}],"author":[{"embeddable":true,"href":"https:\/\/lightweb.dev\/l\/svm-temp\/wp-json\/wp\/v2\/users\/14"}],"replies":[{"embeddable":true,"href":"https:\/\/lightweb.dev\/l\/svm-temp\/wp-json\/wp\/v2\/comments?post=73347"}],"version-history":[{"count":0,"href":"https:\/\/lightweb.dev\/l\/svm-temp\/wp-json\/wp\/v2\/posts\/73347\/revisions"}],"wp:featuredmedia":[{"embeddable":true,"href":"https:\/\/lightweb.dev\/l\/svm-temp\/wp-json\/wp\/v2\/media\/17116"}],"wp:attachment":[{"href":"https:\/\/lightweb.dev\/l\/svm-temp\/wp-json\/wp\/v2\/media?parent=73347"}],"wp:term":[{"taxonomy":"category","embeddable":true,"href":"https:\/\/lightweb.dev\/l\/svm-temp\/wp-json\/wp\/v2\/categories?post=73347"},{"taxonomy":"post_tag","embeddable":true,"href":"https:\/\/lightweb.dev\/l\/svm-temp\/wp-json\/wp\/v2\/tags?post=73347"}],"curies":[{"name":"wp","href":"https:\/\/api.w.org\/{rel}","templated":true}]}}