{"id":73353,"date":"2024-07-12T16:45:43","date_gmt":"2024-07-12T14:45:43","guid":{"rendered":"https:\/\/lightweb.dev\/l\/svm-temp\/?p=73353"},"modified":"2024-07-13T01:02:30","modified_gmt":"2024-07-12T23:02:30","slug":"fler-elfordon-saljs-i-spanien","status":"publish","type":"post","link":"https:\/\/lightweb.dev\/l\/svm-temp\/nyheter\/fler-elfordon-saljs-i-spanien\/","title":{"rendered":"Fler elfordon s\u00e4ljs i Spanien"},"content":{"rendered":"<p><strong>I fjol \u00f6kade f\u00f6rs\u00e4ljningen av elektriska fordon med n\u00e4stan 50 procent i landet.\u00a0<\/strong><\/p>\n<p><strong>\u00c4ven om \u00f6kningen varit tydlig sl\u00e4par man efter det europeiska snittet.<\/strong><\/p>\n<p><span style=\"font-weight: 400;\">Restriktioner p\u00e5 f\u00f6rbr\u00e4nningsmotorer i st\u00e4derna och de stigande oljepriserna har bidragit till att fler elektriska fordon s\u00e4ljs i Spanien. 2023 s\u00e5ldes totalt 124 607 elfordon i landet, varav n\u00e4stan 114 000 var stora nog att ha med passagerare. Det \u00e4r en \u00e5rlig \u00f6kning med 49 procent, enligt en rapport fr\u00e5n Spaniens f\u00f6rening f\u00f6r bil- och lastbilstillverkare (Anfac) som kom i onsdags.\u00a0<\/span><\/p>\n<p><span style=\"font-weight: 400;\">De noterar dock att elektriska fordon utg\u00f6r 12 procent av den totala marknaden, vilket bara \u00e4r tv\u00e5 procent h\u00f6gre \u00e4n 2022. Det betyder att omst\u00e4llningen fortfarande beh\u00f6ver bli betydligt snabbare f\u00f6r att de spanska st\u00e4derna ska n\u00e5 sina m\u00e5l.<\/span><\/p>\n<p><span style=\"font-weight: 400;\">\u201cDet \u00e4r n\u00f6dv\u00e4ndigt att skynda p\u00e5 elbilsmarknaden. Det europeiska snittet \u00e4r \u00f6ver 21 procent och Spanien sl\u00e4par fortfarande efter,\u201d sade en talesperson p\u00e5 Anfac. \u00c5rets f\u00f6rs\u00e4ljningsm\u00e5l f\u00f6r eldrivna fordon \u00e4r 180 000 enheter.\u00a0<\/span><\/p>\n<p><span style=\"font-weight: 400;\">N\u00e4stan 62 000 av de s\u00e5lda fordonen var 100 procent eldrivna, 75 procent fler \u00e4n \u00e5ret innan. Plug-in hybrider stod f\u00f6r n\u00e4rmare 63 000 enheter och \u00f6kade med 30 procent.\u00a0<\/span><\/p>\n<h2><span style=\"font-weight: 400;\">Begagnade bilar s\u00e4ljer b\u00e4ttre<\/span><\/h2>\n<p><span style=\"font-weight: 400;\">Dessutom meddelande Anfac att genomsnitts\u00e5ldern p\u00e5 spanska bilar forts\u00e4tter att bli h\u00f6gre. F\u00f6rra \u00e5ret stod den p\u00e5 14,2 \u00e5r. Enligt Anfac visar denna siffra \u201cbehovet att f\u00f6ryngra den nationella flottan, b\u00e5de n\u00e4r det g\u00e4ller att minska utsl\u00e4ppen och \u00f6ka trafiks\u00e4kerheten\u201d. 2023 var 60 procent av landets totalt drygt 30 miljoner bilar 10 \u00e5r eller \u00e4ldre.<\/span><\/p>\n<p><span style=\"font-weight: 400;\">En rapport fr\u00e5n den nationella f\u00f6reningen f\u00f6r fordonsf\u00f6rs\u00e4ljare och mekaniker (Ganvam) visar att snittpriset p\u00e5 begagnade bilar \u00f6kade med 5,5 procent under detta \u00e5rs f\u00f6rsta sex m\u00e5nader. Idag ligger det p\u00e5 19 995 euro.\u00a0<\/span><\/p>\n<p><span style=\"font-weight: 400;\">Totalt s\u00e5ldes 1 015 612 begagnade bilar under denna period och av dem var 41 procent 15 \u00e5r eller \u00e4ldre.\u00a0<\/span><\/p>\n<p><span style=\"font-weight: 400;\">Den spanska bilindustrin ligger fortfarande p\u00e5 siffror som \u00e4r l\u00e4gre \u00e4n de var innan pandemin, men den b\u00f6rjar sakta men s\u00e4kert \u00f6ka. 2023 s\u00e5ldes 949 359 passagerarbilar, vilket \u00e4r en \u00f6kning p\u00e5 16,7 procent. Men det \u00e4r \u00e4nd\u00e5 24 procent l\u00e4gre \u00e4n 2019.\u00a0<\/span><\/p>\n<p><span style=\"font-weight: 400;\">\u00c4ven produktionen \u00f6kade med 10,4 procent f\u00f6rra \u00e5ret men ligger 14,6 procent efter siffrorna fr\u00e5n 2019. \u00a0 <\/span><\/p>\n","protected":false},"excerpt":{"rendered":"<p>I fjol \u00f6kade f\u00f6rs\u00e4ljningen av elektriska fordon med n\u00e4stan 75 procent i landet.\u00a0\u00c4ven om \u00f6kningen varit tydlig sl\u00e4par man efter det europeiska snittet.<\/p>\n","protected":false},"author":14,"featured_media":16466,"comment_status":"closed","ping_status":"closed","sticky":false,"template":"","format":"standard","meta":{"_et_pb_use_builder":"","_et_pb_old_content":"","_et_gb_content_width":"","footnotes":""},"categories":[395,3],"tags":[],"class_list":["post-73353","post","type-post","status-publish","format-standard","has-post-thumbnail","hentry","category-arkiv-nyheter","category-nyheter"],"yoast_head":"<!-- This site is optimized with the Yoast SEO Premium plugin v26.2 (Yoast SEO v27.4) - https:\/\/yoast.com\/product\/yoast-seo-premium-wordpress\/ -->\n<title>Fler elfordon s\u00e4ljs i Spanien - Svenska Magasinet<\/title>\n<meta name=\"robots\" content=\"noindex, follow, max-snippet:-1, max-image-preview:large, max-video-preview:-1\" \/>\n<meta property=\"og:locale\" content=\"sv_SE\" \/>\n<meta property=\"og:type\" content=\"article\" \/>\n<meta property=\"og:title\" content=\"Fler elfordon s\u00e4ljs i Spanien\" \/>\n<meta property=\"og:description\" content=\"I fjol \u00f6kade f\u00f6rs\u00e4ljningen av elektriska fordon med n\u00e4stan 75 procent i landet.\u00a0\u00c4ven om \u00f6kningen varit tydlig sl\u00e4par man efter det europeiska snittet.\" \/>\n<meta property=\"og:url\" content=\"https:\/\/lightweb.dev\/l\/svm-temp\/nyheter\/fler-elfordon-saljs-i-spanien\/\" \/>\n<meta property=\"og:site_name\" content=\"Svenska Magasinet\" \/>\n<meta property=\"article:publisher\" content=\"https:\/\/www.facebook.com\/svenskamagasinet\" \/>\n<meta property=\"article:published_time\" content=\"2024-07-12T14:45:43+00:00\" \/>\n<meta property=\"article:modified_time\" content=\"2024-07-12T23:02:30+00:00\" \/>\n<meta property=\"og:image\" content=\"https:\/\/lightweb.dev\/l\/svm-temp\/wp-content\/uploads\/2022\/06\/laddningsplatser-for-elbilar-pa-bensinstationer-i-spanien.png\" \/>\n\t<meta property=\"og:image:width\" content=\"700\" \/>\n\t<meta property=\"og:image:height\" content=\"420\" \/>\n\t<meta property=\"og:image:type\" content=\"image\/png\" \/>\n<meta name=\"author\" content=\"Robbie Eriksson\" \/>\n<meta name=\"twitter:card\" content=\"summary_large_image\" \/>\n<meta name=\"twitter:creator\" content=\"@SvenskaMagasine\" \/>\n<meta name=\"twitter:site\" content=\"@SvenskaMagasine\" \/>\n<script type=\"application\/ld+json\" class=\"yoast-schema-graph\">{\"@context\":\"https:\\\/\\\/schema.org\",\"@graph\":[{\"@type\":\"Article\",\"@id\":\"https:\\\/\\\/lightweb.dev\\\/l\\\/svm-temp\\\/nyheter\\\/fler-elfordon-saljs-i-spanien\\\/#article\",\"isPartOf\":{\"@id\":\"https:\\\/\\\/lightweb.dev\\\/l\\\/svm-temp\\\/nyheter\\\/fler-elfordon-saljs-i-spanien\\\/\"},\"author\":{\"name\":\"Robbie Eriksson\",\"@id\":\"https:\\\/\\\/lightweb.dev\\\/l\\\/svm-temp\\\/#\\\/schema\\\/person\\\/caffe038990d25722f5a04a03c906a2b\"},\"headline\":\"Fler elfordon s\u00e4ljs i Spanien\",\"datePublished\":\"2024-07-12T14:45:43+00:00\",\"dateModified\":\"2024-07-12T23:02:30+00:00\",\"mainEntityOfPage\":{\"@id\":\"https:\\\/\\\/lightweb.dev\\\/l\\\/svm-temp\\\/nyheter\\\/fler-elfordon-saljs-i-spanien\\\/\"},\"wordCount\":382,\"publisher\":{\"@id\":\"https:\\\/\\\/lightweb.dev\\\/l\\\/svm-temp\\\/#organization\"},\"image\":{\"@id\":\"https:\\\/\\\/lightweb.dev\\\/l\\\/svm-temp\\\/nyheter\\\/fler-elfordon-saljs-i-spanien\\\/#primaryimage\"},\"thumbnailUrl\":\"https:\\\/\\\/lightweb.dev\\\/l\\\/svm-temp\\\/wp-content\\\/uploads\\\/2022\\\/06\\\/laddningsplatser-for-elbilar-pa-bensinstationer-i-spanien.png\",\"articleSection\":[\"Arkiv\",\"Nyheter\"],\"inLanguage\":\"sv-SE\"},{\"@type\":\"WebPage\",\"@id\":\"https:\\\/\\\/lightweb.dev\\\/l\\\/svm-temp\\\/nyheter\\\/fler-elfordon-saljs-i-spanien\\\/\",\"url\":\"https:\\\/\\\/lightweb.dev\\\/l\\\/svm-temp\\\/nyheter\\\/fler-elfordon-saljs-i-spanien\\\/\",\"name\":\"Fler elfordon s\u00e4ljs i Spanien - Svenska Magasinet\",\"isPartOf\":{\"@id\":\"https:\\\/\\\/lightweb.dev\\\/l\\\/svm-temp\\\/#website\"},\"primaryImageOfPage\":{\"@id\":\"https:\\\/\\\/lightweb.dev\\\/l\\\/svm-temp\\\/nyheter\\\/fler-elfordon-saljs-i-spanien\\\/#primaryimage\"},\"image\":{\"@id\":\"https:\\\/\\\/lightweb.dev\\\/l\\\/svm-temp\\\/nyheter\\\/fler-elfordon-saljs-i-spanien\\\/#primaryimage\"},\"thumbnailUrl\":\"https:\\\/\\\/lightweb.dev\\\/l\\\/svm-temp\\\/wp-content\\\/uploads\\\/2022\\\/06\\\/laddningsplatser-for-elbilar-pa-bensinstationer-i-spanien.png\",\"datePublished\":\"2024-07-12T14:45:43+00:00\",\"dateModified\":\"2024-07-12T23:02:30+00:00\",\"breadcrumb\":{\"@id\":\"https:\\\/\\\/lightweb.dev\\\/l\\\/svm-temp\\\/nyheter\\\/fler-elfordon-saljs-i-spanien\\\/#breadcrumb\"},\"inLanguage\":\"sv-SE\",\"potentialAction\":[{\"@type\":\"ReadAction\",\"target\":[\"https:\\\/\\\/lightweb.dev\\\/l\\\/svm-temp\\\/nyheter\\\/fler-elfordon-saljs-i-spanien\\\/\"]}]},{\"@type\":\"ImageObject\",\"inLanguage\":\"sv-SE\",\"@id\":\"https:\\\/\\\/lightweb.dev\\\/l\\\/svm-temp\\\/nyheter\\\/fler-elfordon-saljs-i-spanien\\\/#primaryimage\",\"url\":\"https:\\\/\\\/lightweb.dev\\\/l\\\/svm-temp\\\/wp-content\\\/uploads\\\/2022\\\/06\\\/laddningsplatser-for-elbilar-pa-bensinstationer-i-spanien.png\",\"contentUrl\":\"https:\\\/\\\/lightweb.dev\\\/l\\\/svm-temp\\\/wp-content\\\/uploads\\\/2022\\\/06\\\/laddningsplatser-for-elbilar-pa-bensinstationer-i-spanien.png\",\"width\":700,\"height\":420},{\"@type\":\"BreadcrumbList\",\"@id\":\"https:\\\/\\\/lightweb.dev\\\/l\\\/svm-temp\\\/nyheter\\\/fler-elfordon-saljs-i-spanien\\\/#breadcrumb\",\"itemListElement\":[{\"@type\":\"ListItem\",\"position\":1,\"name\":\"Hem\",\"item\":\"https:\\\/\\\/lightweb.dev\\\/l\\\/svm-temp\\\/\"},{\"@type\":\"ListItem\",\"position\":2,\"name\":\"Fler elfordon s\u00e4ljs i Spanien\"}]},{\"@type\":\"WebSite\",\"@id\":\"https:\\\/\\\/lightweb.dev\\\/l\\\/svm-temp\\\/#website\",\"url\":\"https:\\\/\\\/lightweb.dev\\\/l\\\/svm-temp\\\/\",\"name\":\"Svenska Magasinet\",\"description\":\"Dina Spanska nyheter p&aring; Svenska\",\"publisher\":{\"@id\":\"https:\\\/\\\/lightweb.dev\\\/l\\\/svm-temp\\\/#organization\"},\"potentialAction\":[{\"@type\":\"SearchAction\",\"target\":{\"@type\":\"EntryPoint\",\"urlTemplate\":\"https:\\\/\\\/lightweb.dev\\\/l\\\/svm-temp\\\/?s={search_term_string}\"},\"query-input\":{\"@type\":\"PropertyValueSpecification\",\"valueRequired\":true,\"valueName\":\"search_term_string\"}}],\"inLanguage\":\"sv-SE\"},{\"@type\":\"Organization\",\"@id\":\"https:\\\/\\\/lightweb.dev\\\/l\\\/svm-temp\\\/#organization\",\"name\":\"Melkerson y Nott SL\",\"alternateName\":\"Svenska Magasinet\",\"url\":\"https:\\\/\\\/lightweb.dev\\\/l\\\/svm-temp\\\/\",\"logo\":{\"@type\":\"ImageObject\",\"inLanguage\":\"sv-SE\",\"@id\":\"https:\\\/\\\/lightweb.dev\\\/l\\\/svm-temp\\\/#\\\/schema\\\/logo\\\/image\\\/\",\"url\":\"https:\\\/\\\/lightweb.dev\\\/l\\\/svm-temp\\\/wp-content\\\/uploads\\\/2025\\\/02\\\/SvM-logo-Xtra-Centrerad-SVART.png\",\"contentUrl\":\"https:\\\/\\\/lightweb.dev\\\/l\\\/svm-temp\\\/wp-content\\\/uploads\\\/2025\\\/02\\\/SvM-logo-Xtra-Centrerad-SVART.png\",\"width\":300,\"height\":99,\"caption\":\"Melkerson y Nott SL\"},\"image\":{\"@id\":\"https:\\\/\\\/lightweb.dev\\\/l\\\/svm-temp\\\/#\\\/schema\\\/logo\\\/image\\\/\"},\"sameAs\":[\"https:\\\/\\\/www.facebook.com\\\/svenskamagasinet\",\"https:\\\/\\\/x.com\\\/SvenskaMagasine\"]},{\"@type\":\"Person\",\"@id\":\"https:\\\/\\\/lightweb.dev\\\/l\\\/svm-temp\\\/#\\\/schema\\\/person\\\/caffe038990d25722f5a04a03c906a2b\",\"name\":\"Robbie Eriksson\",\"sameAs\":[\"https:\\\/\\\/lightweb.dev\\\/l\\\/svm-temp\"],\"url\":\"https:\\\/\\\/lightweb.dev\\\/l\\\/svm-temp\\\/reporter\\\/robbie-eriksson\\\/\"}]}<\/script>\n<!-- \/ Yoast SEO Premium plugin. -->","yoast_head_json":{"title":"Fler elfordon s\u00e4ljs i Spanien - Svenska Magasinet","robots":{"index":"noindex","follow":"follow","max-snippet":"max-snippet:-1","max-image-preview":"max-image-preview:large","max-video-preview":"max-video-preview:-1"},"og_locale":"sv_SE","og_type":"article","og_title":"Fler elfordon s\u00e4ljs i Spanien","og_description":"I fjol \u00f6kade f\u00f6rs\u00e4ljningen av elektriska fordon med n\u00e4stan 75 procent i landet.\u00a0\u00c4ven om \u00f6kningen varit tydlig sl\u00e4par man efter det europeiska snittet.","og_url":"https:\/\/lightweb.dev\/l\/svm-temp\/nyheter\/fler-elfordon-saljs-i-spanien\/","og_site_name":"Svenska Magasinet","article_publisher":"https:\/\/www.facebook.com\/svenskamagasinet","article_published_time":"2024-07-12T14:45:43+00:00","article_modified_time":"2024-07-12T23:02:30+00:00","og_image":[{"width":700,"height":420,"url":"https:\/\/lightweb.dev\/l\/svm-temp\/wp-content\/uploads\/2022\/06\/laddningsplatser-for-elbilar-pa-bensinstationer-i-spanien.png","type":"image\/png"}],"author":"Robbie Eriksson","twitter_card":"summary_large_image","twitter_creator":"@SvenskaMagasine","twitter_site":"@SvenskaMagasine","schema":{"@context":"https:\/\/schema.org","@graph":[{"@type":"Article","@id":"https:\/\/lightweb.dev\/l\/svm-temp\/nyheter\/fler-elfordon-saljs-i-spanien\/#article","isPartOf":{"@id":"https:\/\/lightweb.dev\/l\/svm-temp\/nyheter\/fler-elfordon-saljs-i-spanien\/"},"author":{"name":"Robbie Eriksson","@id":"https:\/\/lightweb.dev\/l\/svm-temp\/#\/schema\/person\/caffe038990d25722f5a04a03c906a2b"},"headline":"Fler elfordon s\u00e4ljs i Spanien","datePublished":"2024-07-12T14:45:43+00:00","dateModified":"2024-07-12T23:02:30+00:00","mainEntityOfPage":{"@id":"https:\/\/lightweb.dev\/l\/svm-temp\/nyheter\/fler-elfordon-saljs-i-spanien\/"},"wordCount":382,"publisher":{"@id":"https:\/\/lightweb.dev\/l\/svm-temp\/#organization"},"image":{"@id":"https:\/\/lightweb.dev\/l\/svm-temp\/nyheter\/fler-elfordon-saljs-i-spanien\/#primaryimage"},"thumbnailUrl":"https:\/\/lightweb.dev\/l\/svm-temp\/wp-content\/uploads\/2022\/06\/laddningsplatser-for-elbilar-pa-bensinstationer-i-spanien.png","articleSection":["Arkiv","Nyheter"],"inLanguage":"sv-SE"},{"@type":"WebPage","@id":"https:\/\/lightweb.dev\/l\/svm-temp\/nyheter\/fler-elfordon-saljs-i-spanien\/","url":"https:\/\/lightweb.dev\/l\/svm-temp\/nyheter\/fler-elfordon-saljs-i-spanien\/","name":"Fler elfordon s\u00e4ljs i Spanien - Svenska Magasinet","isPartOf":{"@id":"https:\/\/lightweb.dev\/l\/svm-temp\/#website"},"primaryImageOfPage":{"@id":"https:\/\/lightweb.dev\/l\/svm-temp\/nyheter\/fler-elfordon-saljs-i-spanien\/#primaryimage"},"image":{"@id":"https:\/\/lightweb.dev\/l\/svm-temp\/nyheter\/fler-elfordon-saljs-i-spanien\/#primaryimage"},"thumbnailUrl":"https:\/\/lightweb.dev\/l\/svm-temp\/wp-content\/uploads\/2022\/06\/laddningsplatser-for-elbilar-pa-bensinstationer-i-spanien.png","datePublished":"2024-07-12T14:45:43+00:00","dateModified":"2024-07-12T23:02:30+00:00","breadcrumb":{"@id":"https:\/\/lightweb.dev\/l\/svm-temp\/nyheter\/fler-elfordon-saljs-i-spanien\/#breadcrumb"},"inLanguage":"sv-SE","potentialAction":[{"@type":"ReadAction","target":["https:\/\/lightweb.dev\/l\/svm-temp\/nyheter\/fler-elfordon-saljs-i-spanien\/"]}]},{"@type":"ImageObject","inLanguage":"sv-SE","@id":"https:\/\/lightweb.dev\/l\/svm-temp\/nyheter\/fler-elfordon-saljs-i-spanien\/#primaryimage","url":"https:\/\/lightweb.dev\/l\/svm-temp\/wp-content\/uploads\/2022\/06\/laddningsplatser-for-elbilar-pa-bensinstationer-i-spanien.png","contentUrl":"https:\/\/lightweb.dev\/l\/svm-temp\/wp-content\/uploads\/2022\/06\/laddningsplatser-for-elbilar-pa-bensinstationer-i-spanien.png","width":700,"height":420},{"@type":"BreadcrumbList","@id":"https:\/\/lightweb.dev\/l\/svm-temp\/nyheter\/fler-elfordon-saljs-i-spanien\/#breadcrumb","itemListElement":[{"@type":"ListItem","position":1,"name":"Hem","item":"https:\/\/lightweb.dev\/l\/svm-temp\/"},{"@type":"ListItem","position":2,"name":"Fler elfordon s\u00e4ljs i Spanien"}]},{"@type":"WebSite","@id":"https:\/\/lightweb.dev\/l\/svm-temp\/#website","url":"https:\/\/lightweb.dev\/l\/svm-temp\/","name":"Svenska Magasinet","description":"Dina Spanska nyheter p&aring; Svenska","publisher":{"@id":"https:\/\/lightweb.dev\/l\/svm-temp\/#organization"},"potentialAction":[{"@type":"SearchAction","target":{"@type":"EntryPoint","urlTemplate":"https:\/\/lightweb.dev\/l\/svm-temp\/?s={search_term_string}"},"query-input":{"@type":"PropertyValueSpecification","valueRequired":true,"valueName":"search_term_string"}}],"inLanguage":"sv-SE"},{"@type":"Organization","@id":"https:\/\/lightweb.dev\/l\/svm-temp\/#organization","name":"Melkerson y Nott SL","alternateName":"Svenska Magasinet","url":"https:\/\/lightweb.dev\/l\/svm-temp\/","logo":{"@type":"ImageObject","inLanguage":"sv-SE","@id":"https:\/\/lightweb.dev\/l\/svm-temp\/#\/schema\/logo\/image\/","url":"https:\/\/lightweb.dev\/l\/svm-temp\/wp-content\/uploads\/2025\/02\/SvM-logo-Xtra-Centrerad-SVART.png","contentUrl":"https:\/\/lightweb.dev\/l\/svm-temp\/wp-content\/uploads\/2025\/02\/SvM-logo-Xtra-Centrerad-SVART.png","width":300,"height":99,"caption":"Melkerson y Nott SL"},"image":{"@id":"https:\/\/lightweb.dev\/l\/svm-temp\/#\/schema\/logo\/image\/"},"sameAs":["https:\/\/www.facebook.com\/svenskamagasinet","https:\/\/x.com\/SvenskaMagasine"]},{"@type":"Person","@id":"https:\/\/lightweb.dev\/l\/svm-temp\/#\/schema\/person\/caffe038990d25722f5a04a03c906a2b","name":"Robbie Eriksson","sameAs":["https:\/\/lightweb.dev\/l\/svm-temp"],"url":"https:\/\/lightweb.dev\/l\/svm-temp\/reporter\/robbie-eriksson\/"}]}},"_links":{"self":[{"href":"https:\/\/lightweb.dev\/l\/svm-temp\/wp-json\/wp\/v2\/posts\/73353","targetHints":{"allow":["GET"]}}],"collection":[{"href":"https:\/\/lightweb.dev\/l\/svm-temp\/wp-json\/wp\/v2\/posts"}],"about":[{"href":"https:\/\/lightweb.dev\/l\/svm-temp\/wp-json\/wp\/v2\/types\/post"}],"author":[{"embeddable":true,"href":"https:\/\/lightweb.dev\/l\/svm-temp\/wp-json\/wp\/v2\/users\/14"}],"replies":[{"embeddable":true,"href":"https:\/\/lightweb.dev\/l\/svm-temp\/wp-json\/wp\/v2\/comments?post=73353"}],"version-history":[{"count":0,"href":"https:\/\/lightweb.dev\/l\/svm-temp\/wp-json\/wp\/v2\/posts\/73353\/revisions"}],"wp:featuredmedia":[{"embeddable":true,"href":"https:\/\/lightweb.dev\/l\/svm-temp\/wp-json\/wp\/v2\/media\/16466"}],"wp:attachment":[{"href":"https:\/\/lightweb.dev\/l\/svm-temp\/wp-json\/wp\/v2\/media?parent=73353"}],"wp:term":[{"taxonomy":"category","embeddable":true,"href":"https:\/\/lightweb.dev\/l\/svm-temp\/wp-json\/wp\/v2\/categories?post=73353"},{"taxonomy":"post_tag","embeddable":true,"href":"https:\/\/lightweb.dev\/l\/svm-temp\/wp-json\/wp\/v2\/tags?post=73353"}],"curies":[{"name":"wp","href":"https:\/\/api.w.org\/{rel}","templated":true}]}}