{"id":73384,"date":"2024-07-15T15:10:43","date_gmt":"2024-07-15T13:10:43","guid":{"rendered":"https:\/\/lightweb.dev\/l\/svm-temp\/?p=73384"},"modified":"2024-07-15T15:13:41","modified_gmt":"2024-07-15T13:13:41","slug":"spanska-lonerna-lagre-an-fore-pandemin","status":"publish","type":"post","link":"https:\/\/lightweb.dev\/l\/svm-temp\/nyheter\/spanska-lonerna-lagre-an-fore-pandemin\/","title":{"rendered":"Spanska l\u00f6nerna l\u00e4gre \u00e4n f\u00f6re pandemin"},"content":{"rendered":"<p><strong>Till skillnad fr\u00e5n m\u00e5nga andra OECD-l\u00e4nder \u00e4r de spanska reall\u00f6nerna l\u00e4gre idag \u00e4n f\u00f6r fem \u00e5r sedan.\u00a0<\/strong><\/p>\n<p><strong>D\u00e4remot har de som tj\u00e4nar minst sett sin k\u00f6pkraft \u00f6ka.\u00a0\u00a0<\/strong><\/p>\n<p><span style=\"font-weight: 400;\">L\u00f6nerna \u00f6kar i Spanien men \u00e4nnu inte nog f\u00f6r att komma upp p\u00e5 samma niv\u00e5 som de hade f\u00f6re pandemin. Det sl\u00e5r OECD fast i en ny rapport som publicerades f\u00f6rra veckan. Enligt uppgifterna \u00e4r Spanien bland de l\u00e4nder d\u00e4r l\u00f6nerna har sjunkit mest sedan b\u00f6rjan av Covid-19.\u00a0<\/span><\/p>\n<p><span style=\"font-weight: 400;\">Studien j\u00e4mf\u00f6r \u00e5rets f\u00f6rsta kvartal med samma period 2019. Den visar att de nominella l\u00f6nerna har lagt sig \u00f6ver inflationen men reall\u00f6nerna \u00e4r 2,5 procent l\u00e4gre \u00e4n de var f\u00f6r fem \u00e5r sedan.\u00a0<\/span><\/p>\n<p><span style=\"font-weight: 400;\">V\u00e4rt att notera \u00e4r att n\u00e4ra h\u00e4lften av de andra OECD-l\u00e4nderna har \u00e5terh\u00e4mtat sig l\u00f6nem\u00e4ssigt sedan 2019. Bland dem finns b\u00e5da Spaniens grannl\u00e4nder Frankrike och Portugal.\u00a0<\/span><\/p>\n<p><span style=\"font-weight: 400;\">Samtidigt varnar OECD f\u00f6r att den \u00e5rliga inflationen \u00e4r h\u00f6gre i Spanien \u00e4n genomsnittet bland EMU-l\u00e4nderna. N\u00e5got som hindrar reall\u00f6nerna fr\u00e5n att lyfta.\u00a0<\/span><\/p>\n<h2><span style=\"font-weight: 400;\">H\u00f6gre miniml\u00f6ner<\/span><\/h2>\n<p><span style=\"font-weight: 400;\">D\u00e4remot har de l\u00e4gsta l\u00f6nerna i Spanien \u00f6kat mer \u00e4n inflationen sedan 2019. Regeringen har h\u00f6jt minimil\u00f6nerna och kraftigt \u00f6kat k\u00f6pkraften hos de med l\u00e4gst inkomster. N\u00e5got som st\u00e5r i kontrast till utvecklingen i de flesta andra OECD-l\u00e4nderna.\u00a0<\/span><\/p>\n<p><span style=\"font-weight: 400;\">Sedan pandemin har minimil\u00f6nen en nominell \u00f6kning p\u00e5 26 procent vilket motsvarar en 6,5 procent h\u00f6gre reall\u00f6n.<\/span><\/p>\n<p><span style=\"font-weight: 400;\">Man sl\u00e5r ocks\u00e5 fast att den \u00f6kade minimil\u00f6nen inte har haft negativ inverkan p\u00e5 arbetsmarknaden, som vissa varnade f\u00f6r. Ist\u00e4llet f\u00f6r att \u00f6ka arbetsl\u00f6sheten har tillv\u00e4xten p\u00e5 jobbmarknaden varit stabilt upp\u00e5tg\u00e5ende.\u00a0<\/span><\/p>\n<p><span style=\"font-weight: 400;\">I sin analys s\u00e4ger man dock att det \u00e4r \u201ctroligt\u201d att minimil\u00f6nerna kommer att \u00f6ka i en l\u00e5ngsammare takt fram\u00f6ver. Detta eftersom regeringen redan har n\u00e5tt m\u00e5let att den ska ligga p\u00e5 60 procent av genomsnittsl\u00f6nen i landet. <\/span><\/p>\n","protected":false},"excerpt":{"rendered":"<p>Till skillnad fr\u00e5n m\u00e5nga andra OECD-l\u00e4nder \u00e4r de spanska reall\u00f6nerna l\u00e4gre idag \u00e4n f\u00f6r fem \u00e5r sedan.\u00a0D\u00e4remot har de som tj\u00e4nat minst sett sin k\u00f6pkraft \u00f6ka.\u00a0\u00a0<\/p>\n","protected":false},"author":14,"featured_media":62724,"comment_status":"closed","ping_status":"closed","sticky":false,"template":"","format":"standard","meta":{"_et_pb_use_builder":"","_et_pb_old_content":"","_et_gb_content_width":"","footnotes":""},"categories":[351,3],"tags":[],"class_list":["post-73384","post","type-post","status-publish","format-standard","has-post-thumbnail","hentry","category-ekonomi-nyheter","category-nyheter"],"yoast_head":"<!-- This site is optimized with the Yoast SEO Premium plugin v26.2 (Yoast SEO v27.4) - https:\/\/yoast.com\/product\/yoast-seo-premium-wordpress\/ -->\n<title>Spanska l\u00f6nerna l\u00e4gre \u00e4n f\u00f6re pandemin - Svenska Magasinet<\/title>\n<meta name=\"robots\" content=\"noindex, follow, max-snippet:-1, max-image-preview:large, max-video-preview:-1\" \/>\n<meta property=\"og:locale\" content=\"sv_SE\" \/>\n<meta property=\"og:type\" content=\"article\" \/>\n<meta property=\"og:title\" content=\"Spanska l\u00f6nerna l\u00e4gre \u00e4n f\u00f6re pandemin\" \/>\n<meta property=\"og:description\" content=\"Till skillnad fr\u00e5n m\u00e5nga andra OECD-l\u00e4nder \u00e4r de spanska reall\u00f6nerna l\u00e4gre idag \u00e4n f\u00f6r fem \u00e5r sedan.\u00a0D\u00e4remot har de som tj\u00e4nat minst sett sin k\u00f6pkraft \u00f6ka.\u00a0\u00a0\" \/>\n<meta property=\"og:url\" content=\"https:\/\/lightweb.dev\/l\/svm-temp\/artiklar\/ekonomi\/spanska-lonerna-lagre-an-fore-pandemin\/\" \/>\n<meta property=\"og:site_name\" content=\"Svenska Magasinet\" \/>\n<meta property=\"article:publisher\" content=\"https:\/\/www.facebook.com\/svenskamagasinet\" \/>\n<meta property=\"article:published_time\" content=\"2024-07-15T13:10:43+00:00\" \/>\n<meta property=\"article:modified_time\" content=\"2024-07-15T13:13:41+00:00\" \/>\n<meta property=\"og:image\" content=\"https:\/\/lightweb.dev\/l\/svm-temp\/wp-content\/uploads\/2023\/03\/front-view-finance-business-elements-assortment-stor.jpeg\" \/>\n\t<meta property=\"og:image:width\" content=\"1280\" \/>\n\t<meta property=\"og:image:height\" content=\"720\" \/>\n\t<meta property=\"og:image:type\" content=\"image\/jpeg\" \/>\n<meta name=\"author\" content=\"Robbie Eriksson\" \/>\n<meta name=\"twitter:card\" content=\"summary_large_image\" \/>\n<meta name=\"twitter:creator\" content=\"@SvenskaMagasine\" \/>\n<meta name=\"twitter:site\" content=\"@SvenskaMagasine\" \/>\n<script type=\"application\/ld+json\" class=\"yoast-schema-graph\">{\"@context\":\"https:\\\/\\\/schema.org\",\"@graph\":[{\"@type\":\"Article\",\"@id\":\"https:\\\/\\\/lightweb.dev\\\/l\\\/svm-temp\\\/artiklar\\\/ekonomi\\\/spanska-lonerna-lagre-an-fore-pandemin\\\/#article\",\"isPartOf\":{\"@id\":\"https:\\\/\\\/lightweb.dev\\\/l\\\/svm-temp\\\/artiklar\\\/ekonomi\\\/spanska-lonerna-lagre-an-fore-pandemin\\\/\"},\"author\":{\"name\":\"Robbie Eriksson\",\"@id\":\"https:\\\/\\\/lightweb.dev\\\/l\\\/svm-temp\\\/#\\\/schema\\\/person\\\/caffe038990d25722f5a04a03c906a2b\"},\"headline\":\"Spanska l\u00f6nerna l\u00e4gre \u00e4n f\u00f6re pandemin\",\"datePublished\":\"2024-07-15T13:10:43+00:00\",\"dateModified\":\"2024-07-15T13:13:41+00:00\",\"mainEntityOfPage\":{\"@id\":\"https:\\\/\\\/lightweb.dev\\\/l\\\/svm-temp\\\/artiklar\\\/ekonomi\\\/spanska-lonerna-lagre-an-fore-pandemin\\\/\"},\"wordCount\":356,\"publisher\":{\"@id\":\"https:\\\/\\\/lightweb.dev\\\/l\\\/svm-temp\\\/#organization\"},\"image\":{\"@id\":\"https:\\\/\\\/lightweb.dev\\\/l\\\/svm-temp\\\/artiklar\\\/ekonomi\\\/spanska-lonerna-lagre-an-fore-pandemin\\\/#primaryimage\"},\"thumbnailUrl\":\"https:\\\/\\\/lightweb.dev\\\/l\\\/svm-temp\\\/wp-content\\\/uploads\\\/2023\\\/03\\\/front-view-finance-business-elements-assortment-stor.jpeg\",\"articleSection\":[\"Ekonomi\",\"Nyheter\"],\"inLanguage\":\"sv-SE\"},{\"@type\":\"WebPage\",\"@id\":\"https:\\\/\\\/lightweb.dev\\\/l\\\/svm-temp\\\/artiklar\\\/ekonomi\\\/spanska-lonerna-lagre-an-fore-pandemin\\\/\",\"url\":\"https:\\\/\\\/lightweb.dev\\\/l\\\/svm-temp\\\/artiklar\\\/ekonomi\\\/spanska-lonerna-lagre-an-fore-pandemin\\\/\",\"name\":\"Spanska l\u00f6nerna l\u00e4gre \u00e4n f\u00f6re pandemin - Svenska Magasinet\",\"isPartOf\":{\"@id\":\"https:\\\/\\\/lightweb.dev\\\/l\\\/svm-temp\\\/#website\"},\"primaryImageOfPage\":{\"@id\":\"https:\\\/\\\/lightweb.dev\\\/l\\\/svm-temp\\\/artiklar\\\/ekonomi\\\/spanska-lonerna-lagre-an-fore-pandemin\\\/#primaryimage\"},\"image\":{\"@id\":\"https:\\\/\\\/lightweb.dev\\\/l\\\/svm-temp\\\/artiklar\\\/ekonomi\\\/spanska-lonerna-lagre-an-fore-pandemin\\\/#primaryimage\"},\"thumbnailUrl\":\"https:\\\/\\\/lightweb.dev\\\/l\\\/svm-temp\\\/wp-content\\\/uploads\\\/2023\\\/03\\\/front-view-finance-business-elements-assortment-stor.jpeg\",\"datePublished\":\"2024-07-15T13:10:43+00:00\",\"dateModified\":\"2024-07-15T13:13:41+00:00\",\"breadcrumb\":{\"@id\":\"https:\\\/\\\/lightweb.dev\\\/l\\\/svm-temp\\\/artiklar\\\/ekonomi\\\/spanska-lonerna-lagre-an-fore-pandemin\\\/#breadcrumb\"},\"inLanguage\":\"sv-SE\",\"potentialAction\":[{\"@type\":\"ReadAction\",\"target\":[\"https:\\\/\\\/lightweb.dev\\\/l\\\/svm-temp\\\/artiklar\\\/ekonomi\\\/spanska-lonerna-lagre-an-fore-pandemin\\\/\"]}]},{\"@type\":\"ImageObject\",\"inLanguage\":\"sv-SE\",\"@id\":\"https:\\\/\\\/lightweb.dev\\\/l\\\/svm-temp\\\/artiklar\\\/ekonomi\\\/spanska-lonerna-lagre-an-fore-pandemin\\\/#primaryimage\",\"url\":\"https:\\\/\\\/lightweb.dev\\\/l\\\/svm-temp\\\/wp-content\\\/uploads\\\/2023\\\/03\\\/front-view-finance-business-elements-assortment-stor.jpeg\",\"contentUrl\":\"https:\\\/\\\/lightweb.dev\\\/l\\\/svm-temp\\\/wp-content\\\/uploads\\\/2023\\\/03\\\/front-view-finance-business-elements-assortment-stor.jpeg\",\"width\":1280,\"height\":720,\"caption\":\"(Foto: Freepik)\"},{\"@type\":\"BreadcrumbList\",\"@id\":\"https:\\\/\\\/lightweb.dev\\\/l\\\/svm-temp\\\/artiklar\\\/ekonomi\\\/spanska-lonerna-lagre-an-fore-pandemin\\\/#breadcrumb\",\"itemListElement\":[{\"@type\":\"ListItem\",\"position\":1,\"name\":\"Hem\",\"item\":\"https:\\\/\\\/lightweb.dev\\\/l\\\/svm-temp\\\/\"},{\"@type\":\"ListItem\",\"position\":2,\"name\":\"Spanska l\u00f6nerna l\u00e4gre \u00e4n f\u00f6re pandemin\"}]},{\"@type\":\"WebSite\",\"@id\":\"https:\\\/\\\/lightweb.dev\\\/l\\\/svm-temp\\\/#website\",\"url\":\"https:\\\/\\\/lightweb.dev\\\/l\\\/svm-temp\\\/\",\"name\":\"Svenska Magasinet\",\"description\":\"Dina Spanska nyheter p&aring; Svenska\",\"publisher\":{\"@id\":\"https:\\\/\\\/lightweb.dev\\\/l\\\/svm-temp\\\/#organization\"},\"potentialAction\":[{\"@type\":\"SearchAction\",\"target\":{\"@type\":\"EntryPoint\",\"urlTemplate\":\"https:\\\/\\\/lightweb.dev\\\/l\\\/svm-temp\\\/?s={search_term_string}\"},\"query-input\":{\"@type\":\"PropertyValueSpecification\",\"valueRequired\":true,\"valueName\":\"search_term_string\"}}],\"inLanguage\":\"sv-SE\"},{\"@type\":\"Organization\",\"@id\":\"https:\\\/\\\/lightweb.dev\\\/l\\\/svm-temp\\\/#organization\",\"name\":\"Melkerson y Nott SL\",\"alternateName\":\"Svenska Magasinet\",\"url\":\"https:\\\/\\\/lightweb.dev\\\/l\\\/svm-temp\\\/\",\"logo\":{\"@type\":\"ImageObject\",\"inLanguage\":\"sv-SE\",\"@id\":\"https:\\\/\\\/lightweb.dev\\\/l\\\/svm-temp\\\/#\\\/schema\\\/logo\\\/image\\\/\",\"url\":\"https:\\\/\\\/lightweb.dev\\\/l\\\/svm-temp\\\/wp-content\\\/uploads\\\/2025\\\/02\\\/SvM-logo-Xtra-Centrerad-SVART.png\",\"contentUrl\":\"https:\\\/\\\/lightweb.dev\\\/l\\\/svm-temp\\\/wp-content\\\/uploads\\\/2025\\\/02\\\/SvM-logo-Xtra-Centrerad-SVART.png\",\"width\":300,\"height\":99,\"caption\":\"Melkerson y Nott SL\"},\"image\":{\"@id\":\"https:\\\/\\\/lightweb.dev\\\/l\\\/svm-temp\\\/#\\\/schema\\\/logo\\\/image\\\/\"},\"sameAs\":[\"https:\\\/\\\/www.facebook.com\\\/svenskamagasinet\",\"https:\\\/\\\/x.com\\\/SvenskaMagasine\"]},{\"@type\":\"Person\",\"@id\":\"https:\\\/\\\/lightweb.dev\\\/l\\\/svm-temp\\\/#\\\/schema\\\/person\\\/caffe038990d25722f5a04a03c906a2b\",\"name\":\"Robbie Eriksson\",\"sameAs\":[\"https:\\\/\\\/lightweb.dev\\\/l\\\/svm-temp\"],\"url\":\"https:\\\/\\\/lightweb.dev\\\/l\\\/svm-temp\\\/reporter\\\/robbie-eriksson\\\/\"}]}<\/script>\n<!-- \/ Yoast SEO Premium plugin. -->","yoast_head_json":{"title":"Spanska l\u00f6nerna l\u00e4gre \u00e4n f\u00f6re pandemin - Svenska Magasinet","robots":{"index":"noindex","follow":"follow","max-snippet":"max-snippet:-1","max-image-preview":"max-image-preview:large","max-video-preview":"max-video-preview:-1"},"og_locale":"sv_SE","og_type":"article","og_title":"Spanska l\u00f6nerna l\u00e4gre \u00e4n f\u00f6re pandemin","og_description":"Till skillnad fr\u00e5n m\u00e5nga andra OECD-l\u00e4nder \u00e4r de spanska reall\u00f6nerna l\u00e4gre idag \u00e4n f\u00f6r fem \u00e5r sedan.\u00a0D\u00e4remot har de som tj\u00e4nat minst sett sin k\u00f6pkraft \u00f6ka.\u00a0\u00a0","og_url":"https:\/\/lightweb.dev\/l\/svm-temp\/artiklar\/ekonomi\/spanska-lonerna-lagre-an-fore-pandemin\/","og_site_name":"Svenska Magasinet","article_publisher":"https:\/\/www.facebook.com\/svenskamagasinet","article_published_time":"2024-07-15T13:10:43+00:00","article_modified_time":"2024-07-15T13:13:41+00:00","og_image":[{"width":1280,"height":720,"url":"https:\/\/lightweb.dev\/l\/svm-temp\/wp-content\/uploads\/2023\/03\/front-view-finance-business-elements-assortment-stor.jpeg","type":"image\/jpeg"}],"author":"Robbie Eriksson","twitter_card":"summary_large_image","twitter_creator":"@SvenskaMagasine","twitter_site":"@SvenskaMagasine","schema":{"@context":"https:\/\/schema.org","@graph":[{"@type":"Article","@id":"https:\/\/lightweb.dev\/l\/svm-temp\/artiklar\/ekonomi\/spanska-lonerna-lagre-an-fore-pandemin\/#article","isPartOf":{"@id":"https:\/\/lightweb.dev\/l\/svm-temp\/artiklar\/ekonomi\/spanska-lonerna-lagre-an-fore-pandemin\/"},"author":{"name":"Robbie Eriksson","@id":"https:\/\/lightweb.dev\/l\/svm-temp\/#\/schema\/person\/caffe038990d25722f5a04a03c906a2b"},"headline":"Spanska l\u00f6nerna l\u00e4gre \u00e4n f\u00f6re pandemin","datePublished":"2024-07-15T13:10:43+00:00","dateModified":"2024-07-15T13:13:41+00:00","mainEntityOfPage":{"@id":"https:\/\/lightweb.dev\/l\/svm-temp\/artiklar\/ekonomi\/spanska-lonerna-lagre-an-fore-pandemin\/"},"wordCount":356,"publisher":{"@id":"https:\/\/lightweb.dev\/l\/svm-temp\/#organization"},"image":{"@id":"https:\/\/lightweb.dev\/l\/svm-temp\/artiklar\/ekonomi\/spanska-lonerna-lagre-an-fore-pandemin\/#primaryimage"},"thumbnailUrl":"https:\/\/lightweb.dev\/l\/svm-temp\/wp-content\/uploads\/2023\/03\/front-view-finance-business-elements-assortment-stor.jpeg","articleSection":["Ekonomi","Nyheter"],"inLanguage":"sv-SE"},{"@type":"WebPage","@id":"https:\/\/lightweb.dev\/l\/svm-temp\/artiklar\/ekonomi\/spanska-lonerna-lagre-an-fore-pandemin\/","url":"https:\/\/lightweb.dev\/l\/svm-temp\/artiklar\/ekonomi\/spanska-lonerna-lagre-an-fore-pandemin\/","name":"Spanska l\u00f6nerna l\u00e4gre \u00e4n f\u00f6re pandemin - Svenska Magasinet","isPartOf":{"@id":"https:\/\/lightweb.dev\/l\/svm-temp\/#website"},"primaryImageOfPage":{"@id":"https:\/\/lightweb.dev\/l\/svm-temp\/artiklar\/ekonomi\/spanska-lonerna-lagre-an-fore-pandemin\/#primaryimage"},"image":{"@id":"https:\/\/lightweb.dev\/l\/svm-temp\/artiklar\/ekonomi\/spanska-lonerna-lagre-an-fore-pandemin\/#primaryimage"},"thumbnailUrl":"https:\/\/lightweb.dev\/l\/svm-temp\/wp-content\/uploads\/2023\/03\/front-view-finance-business-elements-assortment-stor.jpeg","datePublished":"2024-07-15T13:10:43+00:00","dateModified":"2024-07-15T13:13:41+00:00","breadcrumb":{"@id":"https:\/\/lightweb.dev\/l\/svm-temp\/artiklar\/ekonomi\/spanska-lonerna-lagre-an-fore-pandemin\/#breadcrumb"},"inLanguage":"sv-SE","potentialAction":[{"@type":"ReadAction","target":["https:\/\/lightweb.dev\/l\/svm-temp\/artiklar\/ekonomi\/spanska-lonerna-lagre-an-fore-pandemin\/"]}]},{"@type":"ImageObject","inLanguage":"sv-SE","@id":"https:\/\/lightweb.dev\/l\/svm-temp\/artiklar\/ekonomi\/spanska-lonerna-lagre-an-fore-pandemin\/#primaryimage","url":"https:\/\/lightweb.dev\/l\/svm-temp\/wp-content\/uploads\/2023\/03\/front-view-finance-business-elements-assortment-stor.jpeg","contentUrl":"https:\/\/lightweb.dev\/l\/svm-temp\/wp-content\/uploads\/2023\/03\/front-view-finance-business-elements-assortment-stor.jpeg","width":1280,"height":720,"caption":"(Foto: Freepik)"},{"@type":"BreadcrumbList","@id":"https:\/\/lightweb.dev\/l\/svm-temp\/artiklar\/ekonomi\/spanska-lonerna-lagre-an-fore-pandemin\/#breadcrumb","itemListElement":[{"@type":"ListItem","position":1,"name":"Hem","item":"https:\/\/lightweb.dev\/l\/svm-temp\/"},{"@type":"ListItem","position":2,"name":"Spanska l\u00f6nerna l\u00e4gre \u00e4n f\u00f6re pandemin"}]},{"@type":"WebSite","@id":"https:\/\/lightweb.dev\/l\/svm-temp\/#website","url":"https:\/\/lightweb.dev\/l\/svm-temp\/","name":"Svenska Magasinet","description":"Dina Spanska nyheter p&aring; Svenska","publisher":{"@id":"https:\/\/lightweb.dev\/l\/svm-temp\/#organization"},"potentialAction":[{"@type":"SearchAction","target":{"@type":"EntryPoint","urlTemplate":"https:\/\/lightweb.dev\/l\/svm-temp\/?s={search_term_string}"},"query-input":{"@type":"PropertyValueSpecification","valueRequired":true,"valueName":"search_term_string"}}],"inLanguage":"sv-SE"},{"@type":"Organization","@id":"https:\/\/lightweb.dev\/l\/svm-temp\/#organization","name":"Melkerson y Nott SL","alternateName":"Svenska Magasinet","url":"https:\/\/lightweb.dev\/l\/svm-temp\/","logo":{"@type":"ImageObject","inLanguage":"sv-SE","@id":"https:\/\/lightweb.dev\/l\/svm-temp\/#\/schema\/logo\/image\/","url":"https:\/\/lightweb.dev\/l\/svm-temp\/wp-content\/uploads\/2025\/02\/SvM-logo-Xtra-Centrerad-SVART.png","contentUrl":"https:\/\/lightweb.dev\/l\/svm-temp\/wp-content\/uploads\/2025\/02\/SvM-logo-Xtra-Centrerad-SVART.png","width":300,"height":99,"caption":"Melkerson y Nott SL"},"image":{"@id":"https:\/\/lightweb.dev\/l\/svm-temp\/#\/schema\/logo\/image\/"},"sameAs":["https:\/\/www.facebook.com\/svenskamagasinet","https:\/\/x.com\/SvenskaMagasine"]},{"@type":"Person","@id":"https:\/\/lightweb.dev\/l\/svm-temp\/#\/schema\/person\/caffe038990d25722f5a04a03c906a2b","name":"Robbie Eriksson","sameAs":["https:\/\/lightweb.dev\/l\/svm-temp"],"url":"https:\/\/lightweb.dev\/l\/svm-temp\/reporter\/robbie-eriksson\/"}]}},"_links":{"self":[{"href":"https:\/\/lightweb.dev\/l\/svm-temp\/wp-json\/wp\/v2\/posts\/73384","targetHints":{"allow":["GET"]}}],"collection":[{"href":"https:\/\/lightweb.dev\/l\/svm-temp\/wp-json\/wp\/v2\/posts"}],"about":[{"href":"https:\/\/lightweb.dev\/l\/svm-temp\/wp-json\/wp\/v2\/types\/post"}],"author":[{"embeddable":true,"href":"https:\/\/lightweb.dev\/l\/svm-temp\/wp-json\/wp\/v2\/users\/14"}],"replies":[{"embeddable":true,"href":"https:\/\/lightweb.dev\/l\/svm-temp\/wp-json\/wp\/v2\/comments?post=73384"}],"version-history":[{"count":0,"href":"https:\/\/lightweb.dev\/l\/svm-temp\/wp-json\/wp\/v2\/posts\/73384\/revisions"}],"wp:featuredmedia":[{"embeddable":true,"href":"https:\/\/lightweb.dev\/l\/svm-temp\/wp-json\/wp\/v2\/media\/62724"}],"wp:attachment":[{"href":"https:\/\/lightweb.dev\/l\/svm-temp\/wp-json\/wp\/v2\/media?parent=73384"}],"wp:term":[{"taxonomy":"category","embeddable":true,"href":"https:\/\/lightweb.dev\/l\/svm-temp\/wp-json\/wp\/v2\/categories?post=73384"},{"taxonomy":"post_tag","embeddable":true,"href":"https:\/\/lightweb.dev\/l\/svm-temp\/wp-json\/wp\/v2\/tags?post=73384"}],"curies":[{"name":"wp","href":"https:\/\/api.w.org\/{rel}","templated":true}]}}