{"id":73390,"date":"2024-07-15T15:26:54","date_gmt":"2024-07-15T13:26:54","guid":{"rendered":"https:\/\/lightweb.dev\/l\/svm-temp\/?p=73390"},"modified":"2024-07-15T15:30:05","modified_gmt":"2024-07-15T13:30:05","slug":"personer-over-65-star-for-28-procent-av-alla-dodliga-trafikolyckor","status":"publish","type":"post","link":"https:\/\/lightweb.dev\/l\/svm-temp\/nyheter\/personer-over-65-star-for-28-procent-av-alla-dodliga-trafikolyckor\/","title":{"rendered":"Personer \u00f6ver 65 st\u00e5r f\u00f6r 28 procent av alla d\u00f6dliga trafikolyckor"},"content":{"rendered":"<p><strong>Snart planerar Spanien s\u00e4nka tiden mellan k\u00f6rduglighetstester f\u00f6r alla \u00f6ver 70.\u00a0<\/strong><\/p>\n<p><span style=\"font-weight: 400;\">Uppskattningsvis 15,5 procent av Spaniens bilister \u00e4r 65 \u00e5r eller \u00e4ldre. Motsvarande ungef\u00e4r 4,1 av 27 miljoner. Detta segment bland befolkningen \u00f6kade med 26 procent mellan 2001 och 2018 och enligt det spanska trafikverket (DGT) \u00e4r personer i denna \u00e5lder inblandade i en tredjedel av alla d\u00f6dsolyckor p\u00e5 v\u00e4garna.\u00a0<\/span><\/p>\n<p><span style=\"font-weight: 400;\">F\u00f6r en dryg vecka sedan r\u00e5kade en 95-\u00e5rig man backa sin bil in i en uteservering i den galiciska staden Vigo och skadade 12 personer. Detta har f\u00e5tt en debatt om \u00e4ldre personers k\u00f6rduglighet att blossa upp i Spanien.\u00a0<\/span><\/p>\n<p><span style=\"font-weight: 400;\">Om man inte r\u00e4knar d\u00f6dsfall utan ist\u00e4llet ser till antalet olyckor \u00e4r dock personer som \u00e4r \u00e4ldre \u00e4n 65 inte lika inblandade som yngre. \u00c5ldersgruppen 35 till 44 \u00e4r inblandade i dubbelt s\u00e5 m\u00e5nga och de under 25 fyra g\u00e5nger s\u00e5 m\u00e5nga.\u00a0<\/span><\/p>\n<p><span style=\"font-weight: 400;\">Enligt DGT-direkt\u00f6ren <\/span><span style=\"font-weight: 400;\">\u00c1lvaro G\u00f3mez beror siffrorna \u00f6ver d\u00f6dsfall p\u00e5 att personer \u00f6ver 65 \u00e4r mer s\u00e5rbara snarare \u00e4n att de k\u00f6r med h\u00f6gre riskfaktor.\u00a0<\/span><\/p>\n<p><span style=\"font-weight: 400;\">I dagsl\u00e4get finns ingen \u00f6vre \u00e5ldersgr\u00e4ns f\u00f6r att k\u00f6ra bil i Spanien. Om man \u00e4r k\u00f6rduglig avg\u00f6rs ist\u00e4llet p\u00e5 syn-, h\u00f6rsel- och motoriska tester som g\u00f6rs i samband med att man f\u00f6rnyar sitt k\u00f6rkort.\u00a0<\/span><\/p>\n<h2><span style=\"font-weight: 400;\">Vartannat \u00e5r<\/span><\/h2>\n<p><span style=\"font-weight: 400;\">Fram till dess att man fyller 65 m\u00e5ste man f\u00f6rnya sitt k\u00f6rkort vart tionde \u00e5r. D\u00e4refter blir det vart femte. N\u00e4r direktiven fr\u00e5n DGT uppdateras med nya EU-regler kommer personer \u00f6ver 70 att beh\u00f6va f\u00f6rnya kortet vartannat \u00e5r.\u00a0<\/span><\/p>\n<p><span style=\"font-weight: 400;\">De som utf\u00f6r testerna har dock m\u00f6jlighet att s\u00e4nka giltighetsdatumet p\u00e5 ett k\u00f6rkort till bara ett \u00e5r om de bed\u00f6mer att det beh\u00f6vs.\u00a0<\/span><\/p>\n<p><span style=\"font-weight: 400;\">Chauff\u00f6rer och andra som k\u00f6r bil som sitt yrke m\u00e5ste f\u00f6rnya kortet vart femte \u00e5r tills dess att de fyller 65 och d\u00e4refter vart tredje \u00e5r.\u00a0 <\/span><\/p>\n","protected":false},"excerpt":{"rendered":"<p>Snart planerar Spanien s\u00e4nka tiden mellan k\u00f6rduglighetstester f\u00f6r alla \u00f6ver 70.\u00a0<\/p>\n","protected":false},"author":14,"featured_media":68374,"comment_status":"closed","ping_status":"closed","sticky":false,"template":"","format":"standard","meta":{"_et_pb_use_builder":"","_et_pb_old_content":"","_et_gb_content_width":"","footnotes":""},"categories":[395,3],"tags":[],"class_list":["post-73390","post","type-post","status-publish","format-standard","has-post-thumbnail","hentry","category-arkiv-nyheter","category-nyheter"],"yoast_head":"<!-- This site is optimized with the Yoast SEO Premium plugin v26.2 (Yoast SEO v27.4) - https:\/\/yoast.com\/product\/yoast-seo-premium-wordpress\/ -->\n<title>Personer \u00f6ver 65 st\u00e5r f\u00f6r 28 procent av alla d\u00f6dliga trafikolyckor - Svenska Magasinet<\/title>\n<meta name=\"robots\" content=\"noindex, follow, max-snippet:-1, max-image-preview:large, max-video-preview:-1\" \/>\n<meta property=\"og:locale\" content=\"sv_SE\" \/>\n<meta property=\"og:type\" content=\"article\" \/>\n<meta property=\"og:title\" content=\"Personer \u00f6ver 65 st\u00e5r f\u00f6r 28 procent av alla d\u00f6dliga trafikolyckor\" \/>\n<meta property=\"og:description\" content=\"Snart planerar Spanien s\u00e4nka tiden mellan k\u00f6rduglighetstester f\u00f6r alla \u00f6ver 70.\u00a0\" \/>\n<meta property=\"og:url\" content=\"https:\/\/lightweb.dev\/l\/svm-temp\/nyheter\/personer-over-65-star-for-28-procent-av-alla-dodliga-trafikolyckor\/\" \/>\n<meta property=\"og:site_name\" content=\"Svenska Magasinet\" \/>\n<meta property=\"article:publisher\" content=\"https:\/\/www.facebook.com\/svenskamagasinet\" \/>\n<meta property=\"article:published_time\" content=\"2024-07-15T13:26:54+00:00\" \/>\n<meta property=\"article:modified_time\" content=\"2024-07-15T13:30:05+00:00\" \/>\n<meta property=\"og:image\" content=\"https:\/\/lightweb.dev\/l\/svm-temp\/wp-content\/uploads\/2023\/12\/DSC_3646-Stor.jpeg\" \/>\n\t<meta property=\"og:image:width\" content=\"1280\" \/>\n\t<meta property=\"og:image:height\" content=\"857\" \/>\n\t<meta property=\"og:image:type\" content=\"image\/jpeg\" \/>\n<meta name=\"author\" content=\"Robbie Eriksson\" \/>\n<meta name=\"twitter:card\" content=\"summary_large_image\" \/>\n<meta name=\"twitter:creator\" content=\"@SvenskaMagasine\" \/>\n<meta name=\"twitter:site\" content=\"@SvenskaMagasine\" \/>\n<script type=\"application\/ld+json\" class=\"yoast-schema-graph\">{\"@context\":\"https:\\\/\\\/schema.org\",\"@graph\":[{\"@type\":\"Article\",\"@id\":\"https:\\\/\\\/lightweb.dev\\\/l\\\/svm-temp\\\/nyheter\\\/personer-over-65-star-for-28-procent-av-alla-dodliga-trafikolyckor\\\/#article\",\"isPartOf\":{\"@id\":\"https:\\\/\\\/lightweb.dev\\\/l\\\/svm-temp\\\/nyheter\\\/personer-over-65-star-for-28-procent-av-alla-dodliga-trafikolyckor\\\/\"},\"author\":{\"name\":\"Robbie Eriksson\",\"@id\":\"https:\\\/\\\/lightweb.dev\\\/l\\\/svm-temp\\\/#\\\/schema\\\/person\\\/caffe038990d25722f5a04a03c906a2b\"},\"headline\":\"Personer \u00f6ver 65 st\u00e5r f\u00f6r 28 procent av alla d\u00f6dliga trafikolyckor\",\"datePublished\":\"2024-07-15T13:26:54+00:00\",\"dateModified\":\"2024-07-15T13:30:05+00:00\",\"mainEntityOfPage\":{\"@id\":\"https:\\\/\\\/lightweb.dev\\\/l\\\/svm-temp\\\/nyheter\\\/personer-over-65-star-for-28-procent-av-alla-dodliga-trafikolyckor\\\/\"},\"wordCount\":336,\"publisher\":{\"@id\":\"https:\\\/\\\/lightweb.dev\\\/l\\\/svm-temp\\\/#organization\"},\"image\":{\"@id\":\"https:\\\/\\\/lightweb.dev\\\/l\\\/svm-temp\\\/nyheter\\\/personer-over-65-star-for-28-procent-av-alla-dodliga-trafikolyckor\\\/#primaryimage\"},\"thumbnailUrl\":\"https:\\\/\\\/lightweb.dev\\\/l\\\/svm-temp\\\/wp-content\\\/uploads\\\/2023\\\/12\\\/DSC_3646-Stor.jpeg\",\"articleSection\":[\"Arkiv\",\"Nyheter\"],\"inLanguage\":\"sv-SE\"},{\"@type\":\"WebPage\",\"@id\":\"https:\\\/\\\/lightweb.dev\\\/l\\\/svm-temp\\\/nyheter\\\/personer-over-65-star-for-28-procent-av-alla-dodliga-trafikolyckor\\\/\",\"url\":\"https:\\\/\\\/lightweb.dev\\\/l\\\/svm-temp\\\/nyheter\\\/personer-over-65-star-for-28-procent-av-alla-dodliga-trafikolyckor\\\/\",\"name\":\"Personer \u00f6ver 65 st\u00e5r f\u00f6r 28 procent av alla d\u00f6dliga trafikolyckor - Svenska Magasinet\",\"isPartOf\":{\"@id\":\"https:\\\/\\\/lightweb.dev\\\/l\\\/svm-temp\\\/#website\"},\"primaryImageOfPage\":{\"@id\":\"https:\\\/\\\/lightweb.dev\\\/l\\\/svm-temp\\\/nyheter\\\/personer-over-65-star-for-28-procent-av-alla-dodliga-trafikolyckor\\\/#primaryimage\"},\"image\":{\"@id\":\"https:\\\/\\\/lightweb.dev\\\/l\\\/svm-temp\\\/nyheter\\\/personer-over-65-star-for-28-procent-av-alla-dodliga-trafikolyckor\\\/#primaryimage\"},\"thumbnailUrl\":\"https:\\\/\\\/lightweb.dev\\\/l\\\/svm-temp\\\/wp-content\\\/uploads\\\/2023\\\/12\\\/DSC_3646-Stor.jpeg\",\"datePublished\":\"2024-07-15T13:26:54+00:00\",\"dateModified\":\"2024-07-15T13:30:05+00:00\",\"breadcrumb\":{\"@id\":\"https:\\\/\\\/lightweb.dev\\\/l\\\/svm-temp\\\/nyheter\\\/personer-over-65-star-for-28-procent-av-alla-dodliga-trafikolyckor\\\/#breadcrumb\"},\"inLanguage\":\"sv-SE\",\"potentialAction\":[{\"@type\":\"ReadAction\",\"target\":[\"https:\\\/\\\/lightweb.dev\\\/l\\\/svm-temp\\\/nyheter\\\/personer-over-65-star-for-28-procent-av-alla-dodliga-trafikolyckor\\\/\"]}]},{\"@type\":\"ImageObject\",\"inLanguage\":\"sv-SE\",\"@id\":\"https:\\\/\\\/lightweb.dev\\\/l\\\/svm-temp\\\/nyheter\\\/personer-over-65-star-for-28-procent-av-alla-dodliga-trafikolyckor\\\/#primaryimage\",\"url\":\"https:\\\/\\\/lightweb.dev\\\/l\\\/svm-temp\\\/wp-content\\\/uploads\\\/2023\\\/12\\\/DSC_3646-Stor.jpeg\",\"contentUrl\":\"https:\\\/\\\/lightweb.dev\\\/l\\\/svm-temp\\\/wp-content\\\/uploads\\\/2023\\\/12\\\/DSC_3646-Stor.jpeg\",\"width\":1280,\"height\":857},{\"@type\":\"BreadcrumbList\",\"@id\":\"https:\\\/\\\/lightweb.dev\\\/l\\\/svm-temp\\\/nyheter\\\/personer-over-65-star-for-28-procent-av-alla-dodliga-trafikolyckor\\\/#breadcrumb\",\"itemListElement\":[{\"@type\":\"ListItem\",\"position\":1,\"name\":\"Hem\",\"item\":\"https:\\\/\\\/lightweb.dev\\\/l\\\/svm-temp\\\/\"},{\"@type\":\"ListItem\",\"position\":2,\"name\":\"Personer \u00f6ver 65 st\u00e5r f\u00f6r 28 procent av alla d\u00f6dliga trafikolyckor\"}]},{\"@type\":\"WebSite\",\"@id\":\"https:\\\/\\\/lightweb.dev\\\/l\\\/svm-temp\\\/#website\",\"url\":\"https:\\\/\\\/lightweb.dev\\\/l\\\/svm-temp\\\/\",\"name\":\"Svenska Magasinet\",\"description\":\"Dina Spanska nyheter p&aring; Svenska\",\"publisher\":{\"@id\":\"https:\\\/\\\/lightweb.dev\\\/l\\\/svm-temp\\\/#organization\"},\"potentialAction\":[{\"@type\":\"SearchAction\",\"target\":{\"@type\":\"EntryPoint\",\"urlTemplate\":\"https:\\\/\\\/lightweb.dev\\\/l\\\/svm-temp\\\/?s={search_term_string}\"},\"query-input\":{\"@type\":\"PropertyValueSpecification\",\"valueRequired\":true,\"valueName\":\"search_term_string\"}}],\"inLanguage\":\"sv-SE\"},{\"@type\":\"Organization\",\"@id\":\"https:\\\/\\\/lightweb.dev\\\/l\\\/svm-temp\\\/#organization\",\"name\":\"Melkerson y Nott SL\",\"alternateName\":\"Svenska Magasinet\",\"url\":\"https:\\\/\\\/lightweb.dev\\\/l\\\/svm-temp\\\/\",\"logo\":{\"@type\":\"ImageObject\",\"inLanguage\":\"sv-SE\",\"@id\":\"https:\\\/\\\/lightweb.dev\\\/l\\\/svm-temp\\\/#\\\/schema\\\/logo\\\/image\\\/\",\"url\":\"https:\\\/\\\/lightweb.dev\\\/l\\\/svm-temp\\\/wp-content\\\/uploads\\\/2025\\\/02\\\/SvM-logo-Xtra-Centrerad-SVART.png\",\"contentUrl\":\"https:\\\/\\\/lightweb.dev\\\/l\\\/svm-temp\\\/wp-content\\\/uploads\\\/2025\\\/02\\\/SvM-logo-Xtra-Centrerad-SVART.png\",\"width\":300,\"height\":99,\"caption\":\"Melkerson y Nott SL\"},\"image\":{\"@id\":\"https:\\\/\\\/lightweb.dev\\\/l\\\/svm-temp\\\/#\\\/schema\\\/logo\\\/image\\\/\"},\"sameAs\":[\"https:\\\/\\\/www.facebook.com\\\/svenskamagasinet\",\"https:\\\/\\\/x.com\\\/SvenskaMagasine\"]},{\"@type\":\"Person\",\"@id\":\"https:\\\/\\\/lightweb.dev\\\/l\\\/svm-temp\\\/#\\\/schema\\\/person\\\/caffe038990d25722f5a04a03c906a2b\",\"name\":\"Robbie Eriksson\",\"sameAs\":[\"https:\\\/\\\/lightweb.dev\\\/l\\\/svm-temp\"],\"url\":\"https:\\\/\\\/lightweb.dev\\\/l\\\/svm-temp\\\/reporter\\\/robbie-eriksson\\\/\"}]}<\/script>\n<!-- \/ Yoast SEO Premium plugin. -->","yoast_head_json":{"title":"Personer \u00f6ver 65 st\u00e5r f\u00f6r 28 procent av alla d\u00f6dliga trafikolyckor - Svenska Magasinet","robots":{"index":"noindex","follow":"follow","max-snippet":"max-snippet:-1","max-image-preview":"max-image-preview:large","max-video-preview":"max-video-preview:-1"},"og_locale":"sv_SE","og_type":"article","og_title":"Personer \u00f6ver 65 st\u00e5r f\u00f6r 28 procent av alla d\u00f6dliga trafikolyckor","og_description":"Snart planerar Spanien s\u00e4nka tiden mellan k\u00f6rduglighetstester f\u00f6r alla \u00f6ver 70.\u00a0","og_url":"https:\/\/lightweb.dev\/l\/svm-temp\/nyheter\/personer-over-65-star-for-28-procent-av-alla-dodliga-trafikolyckor\/","og_site_name":"Svenska Magasinet","article_publisher":"https:\/\/www.facebook.com\/svenskamagasinet","article_published_time":"2024-07-15T13:26:54+00:00","article_modified_time":"2024-07-15T13:30:05+00:00","og_image":[{"width":1280,"height":857,"url":"https:\/\/lightweb.dev\/l\/svm-temp\/wp-content\/uploads\/2023\/12\/DSC_3646-Stor.jpeg","type":"image\/jpeg"}],"author":"Robbie Eriksson","twitter_card":"summary_large_image","twitter_creator":"@SvenskaMagasine","twitter_site":"@SvenskaMagasine","schema":{"@context":"https:\/\/schema.org","@graph":[{"@type":"Article","@id":"https:\/\/lightweb.dev\/l\/svm-temp\/nyheter\/personer-over-65-star-for-28-procent-av-alla-dodliga-trafikolyckor\/#article","isPartOf":{"@id":"https:\/\/lightweb.dev\/l\/svm-temp\/nyheter\/personer-over-65-star-for-28-procent-av-alla-dodliga-trafikolyckor\/"},"author":{"name":"Robbie Eriksson","@id":"https:\/\/lightweb.dev\/l\/svm-temp\/#\/schema\/person\/caffe038990d25722f5a04a03c906a2b"},"headline":"Personer \u00f6ver 65 st\u00e5r f\u00f6r 28 procent av alla d\u00f6dliga trafikolyckor","datePublished":"2024-07-15T13:26:54+00:00","dateModified":"2024-07-15T13:30:05+00:00","mainEntityOfPage":{"@id":"https:\/\/lightweb.dev\/l\/svm-temp\/nyheter\/personer-over-65-star-for-28-procent-av-alla-dodliga-trafikolyckor\/"},"wordCount":336,"publisher":{"@id":"https:\/\/lightweb.dev\/l\/svm-temp\/#organization"},"image":{"@id":"https:\/\/lightweb.dev\/l\/svm-temp\/nyheter\/personer-over-65-star-for-28-procent-av-alla-dodliga-trafikolyckor\/#primaryimage"},"thumbnailUrl":"https:\/\/lightweb.dev\/l\/svm-temp\/wp-content\/uploads\/2023\/12\/DSC_3646-Stor.jpeg","articleSection":["Arkiv","Nyheter"],"inLanguage":"sv-SE"},{"@type":"WebPage","@id":"https:\/\/lightweb.dev\/l\/svm-temp\/nyheter\/personer-over-65-star-for-28-procent-av-alla-dodliga-trafikolyckor\/","url":"https:\/\/lightweb.dev\/l\/svm-temp\/nyheter\/personer-over-65-star-for-28-procent-av-alla-dodliga-trafikolyckor\/","name":"Personer \u00f6ver 65 st\u00e5r f\u00f6r 28 procent av alla d\u00f6dliga trafikolyckor - Svenska Magasinet","isPartOf":{"@id":"https:\/\/lightweb.dev\/l\/svm-temp\/#website"},"primaryImageOfPage":{"@id":"https:\/\/lightweb.dev\/l\/svm-temp\/nyheter\/personer-over-65-star-for-28-procent-av-alla-dodliga-trafikolyckor\/#primaryimage"},"image":{"@id":"https:\/\/lightweb.dev\/l\/svm-temp\/nyheter\/personer-over-65-star-for-28-procent-av-alla-dodliga-trafikolyckor\/#primaryimage"},"thumbnailUrl":"https:\/\/lightweb.dev\/l\/svm-temp\/wp-content\/uploads\/2023\/12\/DSC_3646-Stor.jpeg","datePublished":"2024-07-15T13:26:54+00:00","dateModified":"2024-07-15T13:30:05+00:00","breadcrumb":{"@id":"https:\/\/lightweb.dev\/l\/svm-temp\/nyheter\/personer-over-65-star-for-28-procent-av-alla-dodliga-trafikolyckor\/#breadcrumb"},"inLanguage":"sv-SE","potentialAction":[{"@type":"ReadAction","target":["https:\/\/lightweb.dev\/l\/svm-temp\/nyheter\/personer-over-65-star-for-28-procent-av-alla-dodliga-trafikolyckor\/"]}]},{"@type":"ImageObject","inLanguage":"sv-SE","@id":"https:\/\/lightweb.dev\/l\/svm-temp\/nyheter\/personer-over-65-star-for-28-procent-av-alla-dodliga-trafikolyckor\/#primaryimage","url":"https:\/\/lightweb.dev\/l\/svm-temp\/wp-content\/uploads\/2023\/12\/DSC_3646-Stor.jpeg","contentUrl":"https:\/\/lightweb.dev\/l\/svm-temp\/wp-content\/uploads\/2023\/12\/DSC_3646-Stor.jpeg","width":1280,"height":857},{"@type":"BreadcrumbList","@id":"https:\/\/lightweb.dev\/l\/svm-temp\/nyheter\/personer-over-65-star-for-28-procent-av-alla-dodliga-trafikolyckor\/#breadcrumb","itemListElement":[{"@type":"ListItem","position":1,"name":"Hem","item":"https:\/\/lightweb.dev\/l\/svm-temp\/"},{"@type":"ListItem","position":2,"name":"Personer \u00f6ver 65 st\u00e5r f\u00f6r 28 procent av alla d\u00f6dliga trafikolyckor"}]},{"@type":"WebSite","@id":"https:\/\/lightweb.dev\/l\/svm-temp\/#website","url":"https:\/\/lightweb.dev\/l\/svm-temp\/","name":"Svenska Magasinet","description":"Dina Spanska nyheter p&aring; Svenska","publisher":{"@id":"https:\/\/lightweb.dev\/l\/svm-temp\/#organization"},"potentialAction":[{"@type":"SearchAction","target":{"@type":"EntryPoint","urlTemplate":"https:\/\/lightweb.dev\/l\/svm-temp\/?s={search_term_string}"},"query-input":{"@type":"PropertyValueSpecification","valueRequired":true,"valueName":"search_term_string"}}],"inLanguage":"sv-SE"},{"@type":"Organization","@id":"https:\/\/lightweb.dev\/l\/svm-temp\/#organization","name":"Melkerson y Nott SL","alternateName":"Svenska Magasinet","url":"https:\/\/lightweb.dev\/l\/svm-temp\/","logo":{"@type":"ImageObject","inLanguage":"sv-SE","@id":"https:\/\/lightweb.dev\/l\/svm-temp\/#\/schema\/logo\/image\/","url":"https:\/\/lightweb.dev\/l\/svm-temp\/wp-content\/uploads\/2025\/02\/SvM-logo-Xtra-Centrerad-SVART.png","contentUrl":"https:\/\/lightweb.dev\/l\/svm-temp\/wp-content\/uploads\/2025\/02\/SvM-logo-Xtra-Centrerad-SVART.png","width":300,"height":99,"caption":"Melkerson y Nott SL"},"image":{"@id":"https:\/\/lightweb.dev\/l\/svm-temp\/#\/schema\/logo\/image\/"},"sameAs":["https:\/\/www.facebook.com\/svenskamagasinet","https:\/\/x.com\/SvenskaMagasine"]},{"@type":"Person","@id":"https:\/\/lightweb.dev\/l\/svm-temp\/#\/schema\/person\/caffe038990d25722f5a04a03c906a2b","name":"Robbie Eriksson","sameAs":["https:\/\/lightweb.dev\/l\/svm-temp"],"url":"https:\/\/lightweb.dev\/l\/svm-temp\/reporter\/robbie-eriksson\/"}]}},"_links":{"self":[{"href":"https:\/\/lightweb.dev\/l\/svm-temp\/wp-json\/wp\/v2\/posts\/73390","targetHints":{"allow":["GET"]}}],"collection":[{"href":"https:\/\/lightweb.dev\/l\/svm-temp\/wp-json\/wp\/v2\/posts"}],"about":[{"href":"https:\/\/lightweb.dev\/l\/svm-temp\/wp-json\/wp\/v2\/types\/post"}],"author":[{"embeddable":true,"href":"https:\/\/lightweb.dev\/l\/svm-temp\/wp-json\/wp\/v2\/users\/14"}],"replies":[{"embeddable":true,"href":"https:\/\/lightweb.dev\/l\/svm-temp\/wp-json\/wp\/v2\/comments?post=73390"}],"version-history":[{"count":0,"href":"https:\/\/lightweb.dev\/l\/svm-temp\/wp-json\/wp\/v2\/posts\/73390\/revisions"}],"wp:featuredmedia":[{"embeddable":true,"href":"https:\/\/lightweb.dev\/l\/svm-temp\/wp-json\/wp\/v2\/media\/68374"}],"wp:attachment":[{"href":"https:\/\/lightweb.dev\/l\/svm-temp\/wp-json\/wp\/v2\/media?parent=73390"}],"wp:term":[{"taxonomy":"category","embeddable":true,"href":"https:\/\/lightweb.dev\/l\/svm-temp\/wp-json\/wp\/v2\/categories?post=73390"},{"taxonomy":"post_tag","embeddable":true,"href":"https:\/\/lightweb.dev\/l\/svm-temp\/wp-json\/wp\/v2\/tags?post=73390"}],"curies":[{"name":"wp","href":"https:\/\/api.w.org\/{rel}","templated":true}]}}