{"id":73409,"date":"2024-07-16T15:08:36","date_gmt":"2024-07-16T13:08:36","guid":{"rendered":"https:\/\/lightweb.dev\/l\/svm-temp\/?p=73409"},"modified":"2024-07-16T15:08:36","modified_gmt":"2024-07-16T13:08:36","slug":"gront-ljus-for-expansionen-av-la-bajadilla","status":"publish","type":"post","link":"https:\/\/lightweb.dev\/l\/svm-temp\/nyheter\/gront-ljus-for-expansionen-av-la-bajadilla\/","title":{"rendered":"Gr\u00f6nt ljus f\u00f6r expansionen av La Bajadilla"},"content":{"rendered":"<p><strong>Planen att ut\u00f6ka hamnen La Bajadilla togs fram f\u00f6r mer \u00e4n 10 \u00e5r sedan och har setts som ett av Marbellas viktigaste projekt.<\/strong><\/p>\n<p><strong>Nu \u00e5terupptar regionregeringen det problemdrabbade arbetet och tiden f\u00f6r milj\u00f6m\u00e4ssiga inv\u00e4ndningar har precis l\u00f6pt ut.\u00a0<\/strong><\/p>\n<p><span style=\"font-weight: 400;\">2011 tilldelades arbetet att ut\u00f6ka hamnen till ett konsortium d\u00e4r M\u00e1laga CFs kontroversiella \u00e4gare, Shejk Abdullah ben Nasser Al Thani, ingick. 2016 drog dock regeringen tillbaka kontraktet.\u00a0<\/span><\/p>\n<p><span style=\"font-weight: 400;\">Projektet \u00e4r nu tillbaka hos UTE Marina Internacional som f\u00f6rlorade det 2011. De \u00e5terfick uppdraget efter att Shejk Al Thanis och hans partners inte klarat av att leverera projektet p\u00e5 4 \u00e5r. Men av flera anledningar har arbetet inte kunnat komma ig\u00e5ng.<\/span><\/p>\n<p><span style=\"font-weight: 400;\">Den f\u00f6rsta investeringen var p\u00e5 84 miljoner euro f\u00f6r sj\u00e4lva hamnen och 7,5 miljoner f\u00f6r den kommersiella delen. Men den totala budgeten kan komma att bli hela 400 miljoner euro.\u00a0<\/span><\/p>\n<p><span style=\"font-weight: 400;\">N\u00e4r man drog ig\u00e5ng ber\u00e4knade man att byggandet skulle skapa omkring 1 500 till 2 000 arbetstillf\u00e4llen och efter det var klart skulle runt 3 000 nya anst\u00e4llningar kunna knytas till hamnen.\u00a0<\/span><\/p>\n<p><span style=\"font-weight: 400;\">Den nya hamnen ska ha plats f\u00f6r mer \u00e4n 1 200 b\u00e5tar och kunna ta emot kryssningsfartyg.\u00a0<\/span><\/p>\n<h2><span style=\"font-weight: 400;\">Andra hamnar\u00a0<\/span><\/h2>\n<p><span style=\"font-weight: 400;\">F\u00f6rutom ut\u00f6kandet av La Bajadilla planerar Marbella att \u00e5terutveckla hamnen Virgen del Carmen. Planerna \u00e4r dock i en mycket tidig fas men staden hoppas kunna g\u00e5 fram\u00e5t med dem efter att man lyckats f\u00f6rnya koncessionen i ytterligare 25 \u00e5r.\u00a0<\/span><\/p>\n<p><span style=\"font-weight: 400;\">Tekniska arbetslag jobbar redan med ett f\u00f6rslag tillsammans med specialiserade konsulter. \u201cDet blir ett stort projekt som kommer att transformera den nautiska zonen, de kommersiella och rekreationella omr\u00e5den och som kommer att ha ett stort milj\u00f6m\u00e4ssigt \u00e5tagande\u201d, sade borgm\u00e4stare <\/span><span style=\"font-weight: 400;\">\u00c1ngeles Mu\u00f1oz efter de senaste diskussionerna om arbetet.\u00a0<\/span><\/p>\n","protected":false},"excerpt":{"rendered":"<p>Planen att ut\u00f6ka hamnen La Bajadilla togs fram f\u00f6r mer \u00e4n 10 \u00e5r sedan och har setts som ett av Marbellas viktigaste projekt. Nu \u00e5terupptar regionregeringen det problemdrabbade arbetet och tiden f\u00f6r milj\u00f6m\u00e4ssiga inv\u00e4ndningar har precis l\u00f6pt ut.\u00a0<\/p>\n","protected":false},"author":14,"featured_media":73410,"comment_status":"closed","ping_status":"closed","sticky":false,"template":"","format":"standard","meta":{"_et_pb_use_builder":"","_et_pb_old_content":"","_et_gb_content_width":"","footnotes":""},"categories":[395,3],"tags":[],"class_list":["post-73409","post","type-post","status-publish","format-standard","has-post-thumbnail","hentry","category-arkiv-nyheter","category-nyheter"],"yoast_head":"<!-- This site is optimized with the Yoast SEO Premium plugin v26.2 (Yoast SEO v27.4) - https:\/\/yoast.com\/product\/yoast-seo-premium-wordpress\/ -->\n<title>Gr\u00f6nt ljus f\u00f6r expansionen av La Bajadilla - Svenska Magasinet<\/title>\n<meta name=\"robots\" content=\"noindex, follow, max-snippet:-1, max-image-preview:large, max-video-preview:-1\" \/>\n<meta property=\"og:locale\" content=\"sv_SE\" \/>\n<meta property=\"og:type\" content=\"article\" \/>\n<meta property=\"og:title\" content=\"Gr\u00f6nt ljus f\u00f6r expansionen av La Bajadilla\" \/>\n<meta property=\"og:description\" content=\"Planen att ut\u00f6ka hamnen La Bajadilla togs fram f\u00f6r mer \u00e4n 10 \u00e5r sedan och har setts som ett av Marbellas viktigaste projekt. Nu \u00e5terupptar regionregeringen det problemdrabbade arbetet och tiden f\u00f6r milj\u00f6m\u00e4ssiga inv\u00e4ndningar har precis l\u00f6pt ut.\u00a0\" \/>\n<meta property=\"og:url\" content=\"https:\/\/lightweb.dev\/l\/svm-temp\/nyheter\/gront-ljus-for-expansionen-av-la-bajadilla\/\" \/>\n<meta property=\"og:site_name\" content=\"Svenska Magasinet\" \/>\n<meta property=\"article:publisher\" content=\"https:\/\/www.facebook.com\/svenskamagasinet\" \/>\n<meta property=\"article:published_time\" content=\"2024-07-16T13:08:36+00:00\" \/>\n<meta property=\"og:image\" content=\"https:\/\/lightweb.dev\/l\/svm-temp\/wp-content\/uploads\/2024\/07\/6399f5ac0c6f150cd5aae439519d732a_L.jpg\" \/>\n\t<meta property=\"og:image:width\" content=\"900\" \/>\n\t<meta property=\"og:image:height\" content=\"506\" \/>\n\t<meta property=\"og:image:type\" content=\"image\/jpeg\" \/>\n<meta name=\"author\" content=\"Robbie Eriksson\" \/>\n<meta name=\"twitter:card\" content=\"summary_large_image\" \/>\n<meta name=\"twitter:creator\" content=\"@SvenskaMagasine\" \/>\n<meta name=\"twitter:site\" content=\"@SvenskaMagasine\" \/>\n<script type=\"application\/ld+json\" class=\"yoast-schema-graph\">{\"@context\":\"https:\\\/\\\/schema.org\",\"@graph\":[{\"@type\":\"Article\",\"@id\":\"https:\\\/\\\/lightweb.dev\\\/l\\\/svm-temp\\\/nyheter\\\/gront-ljus-for-expansionen-av-la-bajadilla\\\/#article\",\"isPartOf\":{\"@id\":\"https:\\\/\\\/lightweb.dev\\\/l\\\/svm-temp\\\/nyheter\\\/gront-ljus-for-expansionen-av-la-bajadilla\\\/\"},\"author\":{\"name\":\"Robbie Eriksson\",\"@id\":\"https:\\\/\\\/lightweb.dev\\\/l\\\/svm-temp\\\/#\\\/schema\\\/person\\\/caffe038990d25722f5a04a03c906a2b\"},\"headline\":\"Gr\u00f6nt ljus f\u00f6r expansionen av La Bajadilla\",\"datePublished\":\"2024-07-16T13:08:36+00:00\",\"mainEntityOfPage\":{\"@id\":\"https:\\\/\\\/lightweb.dev\\\/l\\\/svm-temp\\\/nyheter\\\/gront-ljus-for-expansionen-av-la-bajadilla\\\/\"},\"wordCount\":299,\"publisher\":{\"@id\":\"https:\\\/\\\/lightweb.dev\\\/l\\\/svm-temp\\\/#organization\"},\"image\":{\"@id\":\"https:\\\/\\\/lightweb.dev\\\/l\\\/svm-temp\\\/nyheter\\\/gront-ljus-for-expansionen-av-la-bajadilla\\\/#primaryimage\"},\"thumbnailUrl\":\"https:\\\/\\\/lightweb.dev\\\/l\\\/svm-temp\\\/wp-content\\\/uploads\\\/2024\\\/07\\\/6399f5ac0c6f150cd5aae439519d732a_L.jpg\",\"articleSection\":[\"Arkiv\",\"Nyheter\"],\"inLanguage\":\"sv-SE\"},{\"@type\":\"WebPage\",\"@id\":\"https:\\\/\\\/lightweb.dev\\\/l\\\/svm-temp\\\/nyheter\\\/gront-ljus-for-expansionen-av-la-bajadilla\\\/\",\"url\":\"https:\\\/\\\/lightweb.dev\\\/l\\\/svm-temp\\\/nyheter\\\/gront-ljus-for-expansionen-av-la-bajadilla\\\/\",\"name\":\"Gr\u00f6nt ljus f\u00f6r expansionen av La Bajadilla - Svenska Magasinet\",\"isPartOf\":{\"@id\":\"https:\\\/\\\/lightweb.dev\\\/l\\\/svm-temp\\\/#website\"},\"primaryImageOfPage\":{\"@id\":\"https:\\\/\\\/lightweb.dev\\\/l\\\/svm-temp\\\/nyheter\\\/gront-ljus-for-expansionen-av-la-bajadilla\\\/#primaryimage\"},\"image\":{\"@id\":\"https:\\\/\\\/lightweb.dev\\\/l\\\/svm-temp\\\/nyheter\\\/gront-ljus-for-expansionen-av-la-bajadilla\\\/#primaryimage\"},\"thumbnailUrl\":\"https:\\\/\\\/lightweb.dev\\\/l\\\/svm-temp\\\/wp-content\\\/uploads\\\/2024\\\/07\\\/6399f5ac0c6f150cd5aae439519d732a_L.jpg\",\"datePublished\":\"2024-07-16T13:08:36+00:00\",\"breadcrumb\":{\"@id\":\"https:\\\/\\\/lightweb.dev\\\/l\\\/svm-temp\\\/nyheter\\\/gront-ljus-for-expansionen-av-la-bajadilla\\\/#breadcrumb\"},\"inLanguage\":\"sv-SE\",\"potentialAction\":[{\"@type\":\"ReadAction\",\"target\":[\"https:\\\/\\\/lightweb.dev\\\/l\\\/svm-temp\\\/nyheter\\\/gront-ljus-for-expansionen-av-la-bajadilla\\\/\"]}]},{\"@type\":\"ImageObject\",\"inLanguage\":\"sv-SE\",\"@id\":\"https:\\\/\\\/lightweb.dev\\\/l\\\/svm-temp\\\/nyheter\\\/gront-ljus-for-expansionen-av-la-bajadilla\\\/#primaryimage\",\"url\":\"https:\\\/\\\/lightweb.dev\\\/l\\\/svm-temp\\\/wp-content\\\/uploads\\\/2024\\\/07\\\/6399f5ac0c6f150cd5aae439519d732a_L.jpg\",\"contentUrl\":\"https:\\\/\\\/lightweb.dev\\\/l\\\/svm-temp\\\/wp-content\\\/uploads\\\/2024\\\/07\\\/6399f5ac0c6f150cd5aae439519d732a_L.jpg\",\"width\":900,\"height\":506,\"caption\":\"(Bild: Ayuntamiento de Marbella)\"},{\"@type\":\"BreadcrumbList\",\"@id\":\"https:\\\/\\\/lightweb.dev\\\/l\\\/svm-temp\\\/nyheter\\\/gront-ljus-for-expansionen-av-la-bajadilla\\\/#breadcrumb\",\"itemListElement\":[{\"@type\":\"ListItem\",\"position\":1,\"name\":\"Hem\",\"item\":\"https:\\\/\\\/lightweb.dev\\\/l\\\/svm-temp\\\/\"},{\"@type\":\"ListItem\",\"position\":2,\"name\":\"Gr\u00f6nt ljus f\u00f6r expansionen av La Bajadilla\"}]},{\"@type\":\"WebSite\",\"@id\":\"https:\\\/\\\/lightweb.dev\\\/l\\\/svm-temp\\\/#website\",\"url\":\"https:\\\/\\\/lightweb.dev\\\/l\\\/svm-temp\\\/\",\"name\":\"Svenska Magasinet\",\"description\":\"Dina Spanska nyheter p&aring; Svenska\",\"publisher\":{\"@id\":\"https:\\\/\\\/lightweb.dev\\\/l\\\/svm-temp\\\/#organization\"},\"potentialAction\":[{\"@type\":\"SearchAction\",\"target\":{\"@type\":\"EntryPoint\",\"urlTemplate\":\"https:\\\/\\\/lightweb.dev\\\/l\\\/svm-temp\\\/?s={search_term_string}\"},\"query-input\":{\"@type\":\"PropertyValueSpecification\",\"valueRequired\":true,\"valueName\":\"search_term_string\"}}],\"inLanguage\":\"sv-SE\"},{\"@type\":\"Organization\",\"@id\":\"https:\\\/\\\/lightweb.dev\\\/l\\\/svm-temp\\\/#organization\",\"name\":\"Melkerson y Nott SL\",\"alternateName\":\"Svenska Magasinet\",\"url\":\"https:\\\/\\\/lightweb.dev\\\/l\\\/svm-temp\\\/\",\"logo\":{\"@type\":\"ImageObject\",\"inLanguage\":\"sv-SE\",\"@id\":\"https:\\\/\\\/lightweb.dev\\\/l\\\/svm-temp\\\/#\\\/schema\\\/logo\\\/image\\\/\",\"url\":\"https:\\\/\\\/lightweb.dev\\\/l\\\/svm-temp\\\/wp-content\\\/uploads\\\/2025\\\/02\\\/SvM-logo-Xtra-Centrerad-SVART.png\",\"contentUrl\":\"https:\\\/\\\/lightweb.dev\\\/l\\\/svm-temp\\\/wp-content\\\/uploads\\\/2025\\\/02\\\/SvM-logo-Xtra-Centrerad-SVART.png\",\"width\":300,\"height\":99,\"caption\":\"Melkerson y Nott SL\"},\"image\":{\"@id\":\"https:\\\/\\\/lightweb.dev\\\/l\\\/svm-temp\\\/#\\\/schema\\\/logo\\\/image\\\/\"},\"sameAs\":[\"https:\\\/\\\/www.facebook.com\\\/svenskamagasinet\",\"https:\\\/\\\/x.com\\\/SvenskaMagasine\"]},{\"@type\":\"Person\",\"@id\":\"https:\\\/\\\/lightweb.dev\\\/l\\\/svm-temp\\\/#\\\/schema\\\/person\\\/caffe038990d25722f5a04a03c906a2b\",\"name\":\"Robbie Eriksson\",\"sameAs\":[\"https:\\\/\\\/lightweb.dev\\\/l\\\/svm-temp\"],\"url\":\"https:\\\/\\\/lightweb.dev\\\/l\\\/svm-temp\\\/reporter\\\/robbie-eriksson\\\/\"}]}<\/script>\n<!-- \/ Yoast SEO Premium plugin. -->","yoast_head_json":{"title":"Gr\u00f6nt ljus f\u00f6r expansionen av La Bajadilla - Svenska Magasinet","robots":{"index":"noindex","follow":"follow","max-snippet":"max-snippet:-1","max-image-preview":"max-image-preview:large","max-video-preview":"max-video-preview:-1"},"og_locale":"sv_SE","og_type":"article","og_title":"Gr\u00f6nt ljus f\u00f6r expansionen av La Bajadilla","og_description":"Planen att ut\u00f6ka hamnen La Bajadilla togs fram f\u00f6r mer \u00e4n 10 \u00e5r sedan och har setts som ett av Marbellas viktigaste projekt. Nu \u00e5terupptar regionregeringen det problemdrabbade arbetet och tiden f\u00f6r milj\u00f6m\u00e4ssiga inv\u00e4ndningar har precis l\u00f6pt ut.\u00a0","og_url":"https:\/\/lightweb.dev\/l\/svm-temp\/nyheter\/gront-ljus-for-expansionen-av-la-bajadilla\/","og_site_name":"Svenska Magasinet","article_publisher":"https:\/\/www.facebook.com\/svenskamagasinet","article_published_time":"2024-07-16T13:08:36+00:00","og_image":[{"width":900,"height":506,"url":"https:\/\/lightweb.dev\/l\/svm-temp\/wp-content\/uploads\/2024\/07\/6399f5ac0c6f150cd5aae439519d732a_L.jpg","type":"image\/jpeg"}],"author":"Robbie Eriksson","twitter_card":"summary_large_image","twitter_creator":"@SvenskaMagasine","twitter_site":"@SvenskaMagasine","schema":{"@context":"https:\/\/schema.org","@graph":[{"@type":"Article","@id":"https:\/\/lightweb.dev\/l\/svm-temp\/nyheter\/gront-ljus-for-expansionen-av-la-bajadilla\/#article","isPartOf":{"@id":"https:\/\/lightweb.dev\/l\/svm-temp\/nyheter\/gront-ljus-for-expansionen-av-la-bajadilla\/"},"author":{"name":"Robbie Eriksson","@id":"https:\/\/lightweb.dev\/l\/svm-temp\/#\/schema\/person\/caffe038990d25722f5a04a03c906a2b"},"headline":"Gr\u00f6nt ljus f\u00f6r expansionen av La Bajadilla","datePublished":"2024-07-16T13:08:36+00:00","mainEntityOfPage":{"@id":"https:\/\/lightweb.dev\/l\/svm-temp\/nyheter\/gront-ljus-for-expansionen-av-la-bajadilla\/"},"wordCount":299,"publisher":{"@id":"https:\/\/lightweb.dev\/l\/svm-temp\/#organization"},"image":{"@id":"https:\/\/lightweb.dev\/l\/svm-temp\/nyheter\/gront-ljus-for-expansionen-av-la-bajadilla\/#primaryimage"},"thumbnailUrl":"https:\/\/lightweb.dev\/l\/svm-temp\/wp-content\/uploads\/2024\/07\/6399f5ac0c6f150cd5aae439519d732a_L.jpg","articleSection":["Arkiv","Nyheter"],"inLanguage":"sv-SE"},{"@type":"WebPage","@id":"https:\/\/lightweb.dev\/l\/svm-temp\/nyheter\/gront-ljus-for-expansionen-av-la-bajadilla\/","url":"https:\/\/lightweb.dev\/l\/svm-temp\/nyheter\/gront-ljus-for-expansionen-av-la-bajadilla\/","name":"Gr\u00f6nt ljus f\u00f6r expansionen av La Bajadilla - Svenska Magasinet","isPartOf":{"@id":"https:\/\/lightweb.dev\/l\/svm-temp\/#website"},"primaryImageOfPage":{"@id":"https:\/\/lightweb.dev\/l\/svm-temp\/nyheter\/gront-ljus-for-expansionen-av-la-bajadilla\/#primaryimage"},"image":{"@id":"https:\/\/lightweb.dev\/l\/svm-temp\/nyheter\/gront-ljus-for-expansionen-av-la-bajadilla\/#primaryimage"},"thumbnailUrl":"https:\/\/lightweb.dev\/l\/svm-temp\/wp-content\/uploads\/2024\/07\/6399f5ac0c6f150cd5aae439519d732a_L.jpg","datePublished":"2024-07-16T13:08:36+00:00","breadcrumb":{"@id":"https:\/\/lightweb.dev\/l\/svm-temp\/nyheter\/gront-ljus-for-expansionen-av-la-bajadilla\/#breadcrumb"},"inLanguage":"sv-SE","potentialAction":[{"@type":"ReadAction","target":["https:\/\/lightweb.dev\/l\/svm-temp\/nyheter\/gront-ljus-for-expansionen-av-la-bajadilla\/"]}]},{"@type":"ImageObject","inLanguage":"sv-SE","@id":"https:\/\/lightweb.dev\/l\/svm-temp\/nyheter\/gront-ljus-for-expansionen-av-la-bajadilla\/#primaryimage","url":"https:\/\/lightweb.dev\/l\/svm-temp\/wp-content\/uploads\/2024\/07\/6399f5ac0c6f150cd5aae439519d732a_L.jpg","contentUrl":"https:\/\/lightweb.dev\/l\/svm-temp\/wp-content\/uploads\/2024\/07\/6399f5ac0c6f150cd5aae439519d732a_L.jpg","width":900,"height":506,"caption":"(Bild: Ayuntamiento de Marbella)"},{"@type":"BreadcrumbList","@id":"https:\/\/lightweb.dev\/l\/svm-temp\/nyheter\/gront-ljus-for-expansionen-av-la-bajadilla\/#breadcrumb","itemListElement":[{"@type":"ListItem","position":1,"name":"Hem","item":"https:\/\/lightweb.dev\/l\/svm-temp\/"},{"@type":"ListItem","position":2,"name":"Gr\u00f6nt ljus f\u00f6r expansionen av La Bajadilla"}]},{"@type":"WebSite","@id":"https:\/\/lightweb.dev\/l\/svm-temp\/#website","url":"https:\/\/lightweb.dev\/l\/svm-temp\/","name":"Svenska Magasinet","description":"Dina Spanska nyheter p&aring; Svenska","publisher":{"@id":"https:\/\/lightweb.dev\/l\/svm-temp\/#organization"},"potentialAction":[{"@type":"SearchAction","target":{"@type":"EntryPoint","urlTemplate":"https:\/\/lightweb.dev\/l\/svm-temp\/?s={search_term_string}"},"query-input":{"@type":"PropertyValueSpecification","valueRequired":true,"valueName":"search_term_string"}}],"inLanguage":"sv-SE"},{"@type":"Organization","@id":"https:\/\/lightweb.dev\/l\/svm-temp\/#organization","name":"Melkerson y Nott SL","alternateName":"Svenska Magasinet","url":"https:\/\/lightweb.dev\/l\/svm-temp\/","logo":{"@type":"ImageObject","inLanguage":"sv-SE","@id":"https:\/\/lightweb.dev\/l\/svm-temp\/#\/schema\/logo\/image\/","url":"https:\/\/lightweb.dev\/l\/svm-temp\/wp-content\/uploads\/2025\/02\/SvM-logo-Xtra-Centrerad-SVART.png","contentUrl":"https:\/\/lightweb.dev\/l\/svm-temp\/wp-content\/uploads\/2025\/02\/SvM-logo-Xtra-Centrerad-SVART.png","width":300,"height":99,"caption":"Melkerson y Nott SL"},"image":{"@id":"https:\/\/lightweb.dev\/l\/svm-temp\/#\/schema\/logo\/image\/"},"sameAs":["https:\/\/www.facebook.com\/svenskamagasinet","https:\/\/x.com\/SvenskaMagasine"]},{"@type":"Person","@id":"https:\/\/lightweb.dev\/l\/svm-temp\/#\/schema\/person\/caffe038990d25722f5a04a03c906a2b","name":"Robbie Eriksson","sameAs":["https:\/\/lightweb.dev\/l\/svm-temp"],"url":"https:\/\/lightweb.dev\/l\/svm-temp\/reporter\/robbie-eriksson\/"}]}},"_links":{"self":[{"href":"https:\/\/lightweb.dev\/l\/svm-temp\/wp-json\/wp\/v2\/posts\/73409","targetHints":{"allow":["GET"]}}],"collection":[{"href":"https:\/\/lightweb.dev\/l\/svm-temp\/wp-json\/wp\/v2\/posts"}],"about":[{"href":"https:\/\/lightweb.dev\/l\/svm-temp\/wp-json\/wp\/v2\/types\/post"}],"author":[{"embeddable":true,"href":"https:\/\/lightweb.dev\/l\/svm-temp\/wp-json\/wp\/v2\/users\/14"}],"replies":[{"embeddable":true,"href":"https:\/\/lightweb.dev\/l\/svm-temp\/wp-json\/wp\/v2\/comments?post=73409"}],"version-history":[{"count":0,"href":"https:\/\/lightweb.dev\/l\/svm-temp\/wp-json\/wp\/v2\/posts\/73409\/revisions"}],"wp:featuredmedia":[{"embeddable":true,"href":"https:\/\/lightweb.dev\/l\/svm-temp\/wp-json\/wp\/v2\/media\/73410"}],"wp:attachment":[{"href":"https:\/\/lightweb.dev\/l\/svm-temp\/wp-json\/wp\/v2\/media?parent=73409"}],"wp:term":[{"taxonomy":"category","embeddable":true,"href":"https:\/\/lightweb.dev\/l\/svm-temp\/wp-json\/wp\/v2\/categories?post=73409"},{"taxonomy":"post_tag","embeddable":true,"href":"https:\/\/lightweb.dev\/l\/svm-temp\/wp-json\/wp\/v2\/tags?post=73409"}],"curies":[{"name":"wp","href":"https:\/\/api.w.org\/{rel}","templated":true}]}}