{"id":73412,"date":"2024-07-16T15:17:58","date_gmt":"2024-07-16T13:17:58","guid":{"rendered":"https:\/\/lightweb.dev\/l\/svm-temp\/?p=73412"},"modified":"2024-07-16T15:17:58","modified_gmt":"2024-07-16T13:17:58","slug":"sa-skyddar-kor-far-och-getter-mot-skogsbrander","status":"publish","type":"post","link":"https:\/\/lightweb.dev\/l\/svm-temp\/nyheter\/sa-skyddar-kor-far-och-getter-mot-skogsbrander\/","title":{"rendered":"S\u00e5 skyddar kor, f\u00e5r och getter mot skogsbr\u00e4nder"},"content":{"rendered":"<p><strong>F\u00f6r att underh\u00e5lla marken s\u00e5 att stora br\u00e4nder f\u00e5r mindre br\u00e4nsle att sprida sig blir det allt vanligare att l\u00e5ta boskap beta i det fria.\u00a0<\/strong><\/p>\n<p><span style=\"font-weight: 400;\">2017 rasade en stor skogsbrand i omr\u00e5det Montes de Vincios i s\u00f6dra Galicien. Den f\u00f6rst\u00f6rde mer \u00e4n 80 procent av marken och \u00e4r en av de fyra st\u00f6rsta br\u00e4nderna som drabbat Spanien sedan 2013.\u00a0<\/span><\/p>\n<p><span style=\"font-weight: 400;\">Efter det drog det lokala initiativet Vincos Vede ig\u00e5ng. Det \u00e4r ett exempel p\u00e5 hur djurens bete \u00e4r en effektiv \u00e5tg\u00e4rd mot skogsbr\u00e4nder.\u00a0<\/span><\/p>\n<p><span style=\"font-weight: 400;\">Initiativets koordinator, <\/span><span style=\"font-weight: 400;\">Jos\u00e9 Taboada, f\u00f6rklarade att arbetet b\u00f6rjade med att man \u00e5terupplivade skogen. Man minskade invasiva v\u00e4xtarter som eukalyptus och planterade fler lokala tr\u00e4dsorter. De ville b\u00e5de att den skulle vara en k\u00e4lla till biologisk m\u00e5ngfald och frisk luft men ocks\u00e5 bli mer motst\u00e5ndskraftig. F\u00f6r det sistn\u00e4mnda beh\u00f6vde skogen h\u00e5llas \u201cren\u201d och d\u00e4rf\u00f6r satsade man p\u00e5 djur som betar.\u00a0<\/span><\/p>\n<p><span style=\"font-weight: 400;\">De \u00f6verv\u00e4gde flera arter men beslutet f\u00f6ll p\u00e5 kor av rasen cachena, som har sin h\u00e4rkomst i s\u00f6dra Ourense och norra Portugal. Valet gjordes eftersom denna typ av ko \u00e4r relativt sj\u00e4lvf\u00f6rs\u00f6rjande och \u00e4r van vid landskapet. Att de \u00e4r utrotningshotade spelade ocks\u00e5 in. Taboada ber\u00e4ttar att man just nu h\u00e5ller p\u00e5 att introducera korna i omr\u00e5det och att de snart b\u00f6rjar sin nya \u201ckarri\u00e4r\u201d.\u00a0<\/span><\/p>\n<p><span style=\"font-weight: 400;\">\u201cTanken \u00e4r att rensa undervegetationen och l\u00e5ta korna underh\u00e5lla den,\u201d sade han. Man kan inte placera ut kor f\u00f6r att st\u00e4da upp landskapet men efter att rensningsarbetet \u00e4r klart kan de underh\u00e5lla det.\u00a0<\/span><\/p>\n<h2><span style=\"font-weight: 400;\">Katalonien<\/span><\/h2>\n<p><span style=\"font-weight: 400;\">Betande djur lever p\u00e5 skogens resurser och p\u00e5 s\u00e5 vis kontrolleras vegetationen vilket g\u00f6r att det finns mindre br\u00e4nsle f\u00f6r skogsbr\u00e4nder. Skulle det b\u00f6rja brinna kommer elden d\u00e5 sprida sig l\u00e5ngsammare och blir enklare att kontrollera. Detta kallas helt enkelt f\u00f6r skogsbete och \u00e4r redan en vanlig \u00e5tg\u00e4rd i Katalonien. D\u00e4r betar flockar i varierande storlek (25 &#8211; 200 djur) som ocks\u00e5 anv\u00e4nds som en k\u00e4lla f\u00f6r mat. 70 procent av det katalanska skogsbetet tar plats i skyddade naturomr\u00e5den.\u00a0<\/span><\/p>\n<p><span style=\"font-weight: 400;\">I vissa kretsar har uttrycket \u201ckor, getter och f\u00e5r \u00e4r ocks\u00e5 brandm\u00e4n\u201d blivit vanligt som en f\u00f6ljd av detta arbete. N\u00e5got som inte uppskattas av V\u00edctor Gil, tekniker p\u00e5 projektet Brandhjordar vid stiftelsen Pau Costa. \u201cVi arbetar f\u00f6rebyggande medan brandm\u00e4n jobbar med att sl\u00e4cka br\u00e4nder,\u201d sade han och fortsatte: &#8221;De (djuren) skapar landskap som inte fr\u00e4mjar skogsbr\u00e4nder\u201d. \u201cVi f\u00f6rs\u00f6ker s\u00e4kerst\u00e4lla att skogarna inte har de element som f\u00f6der omfattande br\u00e4nder, den typ av eldar som brandm\u00e4nnen har sv\u00e5rt att kontrollera\u201d.\u00a0<\/span><\/p>\n<p><span style=\"font-weight: 400;\">Brandhjords-projektet startade 2016 i samarbete med Kataloniens brandf\u00f6rsvar. De tog hj\u00e4lp av de stora lokala boskapsodlingarna som finns i regionen som f\u00f6rser projektet med kor, f\u00e5r och getter. Det b\u00f6rjade i Girona men finns nu i alla fyra katalanska provinser och visar stor potential.\u00a0<\/span><\/p>\n<p><span style=\"font-weight: 400;\">I de katalanska mataff\u00e4rerna kan konsumenter ocks\u00e5 se markeringar p\u00e5 mejeriprodukter som visar att de kommer fr\u00e5n en ko som betar den omkringliggande skogen.\u00a0<\/span><\/p>\n<p><span style=\"font-weight: 400;\">Att l\u00e5ta djur beta marken \u00e4r ocks\u00e5 betydligt billigare \u00e4n att regelbundet rensa den med maskiner.\u00a0<\/span><\/p>\n<p><span style=\"font-weight: 400;\">F\u00f6rutom de ovan n\u00e4mnda omr\u00e5dena betar \u00e4ven f\u00e5r och getter marken i Madrid och p\u00e5 Kanarie\u00f6arna med samma syfte. V\u00edctor Gil hoppas och tror att metoden ska sprida sig till fler platser. <\/span><\/p>\n","protected":false},"excerpt":{"rendered":"<p>F\u00f6r att underh\u00e5lla marken s\u00e5 att stora br\u00e4nder f\u00e5r mindre br\u00e4nsle att sprida sig blir det allt vanligare att l\u00e5ta boskap beta i det fria.\u00a0<\/p>\n","protected":false},"author":14,"featured_media":73413,"comment_status":"closed","ping_status":"closed","sticky":false,"template":"","format":"standard","meta":{"_et_pb_use_builder":"","_et_pb_old_content":"","_et_gb_content_width":"","footnotes":""},"categories":[395,3],"tags":[],"class_list":["post-73412","post","type-post","status-publish","format-standard","has-post-thumbnail","hentry","category-arkiv-nyheter","category-nyheter"],"yoast_head":"<!-- This site is optimized with the Yoast SEO Premium plugin v26.2 (Yoast SEO v27.4) - https:\/\/yoast.com\/product\/yoast-seo-premium-wordpress\/ -->\n<title>S\u00e5 skyddar kor, f\u00e5r och getter mot skogsbr\u00e4nder - Svenska Magasinet<\/title>\n<meta name=\"robots\" content=\"noindex, follow, max-snippet:-1, max-image-preview:large, max-video-preview:-1\" \/>\n<meta property=\"og:locale\" content=\"sv_SE\" \/>\n<meta property=\"og:type\" content=\"article\" \/>\n<meta property=\"og:title\" content=\"S\u00e5 skyddar kor, f\u00e5r och getter mot skogsbr\u00e4nder\" \/>\n<meta property=\"og:description\" content=\"F\u00f6r att underh\u00e5lla marken s\u00e5 att stora br\u00e4nder f\u00e5r mindre br\u00e4nsle att sprida sig blir det allt vanligare att l\u00e5ta boskap beta i det fria.\u00a0\" \/>\n<meta property=\"og:url\" content=\"https:\/\/lightweb.dev\/l\/svm-temp\/nyheter\/sa-skyddar-kor-far-och-getter-mot-skogsbrander\/\" \/>\n<meta property=\"og:site_name\" content=\"Svenska Magasinet\" \/>\n<meta property=\"article:publisher\" content=\"https:\/\/www.facebook.com\/svenskamagasinet\" \/>\n<meta property=\"article:published_time\" content=\"2024-07-16T13:17:58+00:00\" \/>\n<meta property=\"og:image\" content=\"https:\/\/lightweb.dev\/l\/svm-temp\/wp-content\/uploads\/2024\/07\/fire-fighting-cows.jpg\" \/>\n\t<meta property=\"og:image:width\" content=\"1200\" \/>\n\t<meta property=\"og:image:height\" content=\"840\" \/>\n\t<meta property=\"og:image:type\" content=\"image\/jpeg\" \/>\n<meta name=\"author\" content=\"Robbie Eriksson\" \/>\n<meta name=\"twitter:card\" content=\"summary_large_image\" \/>\n<meta name=\"twitter:creator\" content=\"@SvenskaMagasine\" \/>\n<meta name=\"twitter:site\" content=\"@SvenskaMagasine\" \/>\n<script type=\"application\/ld+json\" class=\"yoast-schema-graph\">{\"@context\":\"https:\\\/\\\/schema.org\",\"@graph\":[{\"@type\":\"Article\",\"@id\":\"https:\\\/\\\/lightweb.dev\\\/l\\\/svm-temp\\\/nyheter\\\/sa-skyddar-kor-far-och-getter-mot-skogsbrander\\\/#article\",\"isPartOf\":{\"@id\":\"https:\\\/\\\/lightweb.dev\\\/l\\\/svm-temp\\\/nyheter\\\/sa-skyddar-kor-far-och-getter-mot-skogsbrander\\\/\"},\"author\":{\"name\":\"Robbie Eriksson\",\"@id\":\"https:\\\/\\\/lightweb.dev\\\/l\\\/svm-temp\\\/#\\\/schema\\\/person\\\/caffe038990d25722f5a04a03c906a2b\"},\"headline\":\"S\u00e5 skyddar kor, f\u00e5r och getter mot skogsbr\u00e4nder\",\"datePublished\":\"2024-07-16T13:17:58+00:00\",\"mainEntityOfPage\":{\"@id\":\"https:\\\/\\\/lightweb.dev\\\/l\\\/svm-temp\\\/nyheter\\\/sa-skyddar-kor-far-och-getter-mot-skogsbrander\\\/\"},\"wordCount\":610,\"publisher\":{\"@id\":\"https:\\\/\\\/lightweb.dev\\\/l\\\/svm-temp\\\/#organization\"},\"image\":{\"@id\":\"https:\\\/\\\/lightweb.dev\\\/l\\\/svm-temp\\\/nyheter\\\/sa-skyddar-kor-far-och-getter-mot-skogsbrander\\\/#primaryimage\"},\"thumbnailUrl\":\"https:\\\/\\\/lightweb.dev\\\/l\\\/svm-temp\\\/wp-content\\\/uploads\\\/2024\\\/07\\\/fire-fighting-cows.jpg\",\"articleSection\":[\"Arkiv\",\"Nyheter\"],\"inLanguage\":\"sv-SE\"},{\"@type\":\"WebPage\",\"@id\":\"https:\\\/\\\/lightweb.dev\\\/l\\\/svm-temp\\\/nyheter\\\/sa-skyddar-kor-far-och-getter-mot-skogsbrander\\\/\",\"url\":\"https:\\\/\\\/lightweb.dev\\\/l\\\/svm-temp\\\/nyheter\\\/sa-skyddar-kor-far-och-getter-mot-skogsbrander\\\/\",\"name\":\"S\u00e5 skyddar kor, f\u00e5r och getter mot skogsbr\u00e4nder - Svenska Magasinet\",\"isPartOf\":{\"@id\":\"https:\\\/\\\/lightweb.dev\\\/l\\\/svm-temp\\\/#website\"},\"primaryImageOfPage\":{\"@id\":\"https:\\\/\\\/lightweb.dev\\\/l\\\/svm-temp\\\/nyheter\\\/sa-skyddar-kor-far-och-getter-mot-skogsbrander\\\/#primaryimage\"},\"image\":{\"@id\":\"https:\\\/\\\/lightweb.dev\\\/l\\\/svm-temp\\\/nyheter\\\/sa-skyddar-kor-far-och-getter-mot-skogsbrander\\\/#primaryimage\"},\"thumbnailUrl\":\"https:\\\/\\\/lightweb.dev\\\/l\\\/svm-temp\\\/wp-content\\\/uploads\\\/2024\\\/07\\\/fire-fighting-cows.jpg\",\"datePublished\":\"2024-07-16T13:17:58+00:00\",\"breadcrumb\":{\"@id\":\"https:\\\/\\\/lightweb.dev\\\/l\\\/svm-temp\\\/nyheter\\\/sa-skyddar-kor-far-och-getter-mot-skogsbrander\\\/#breadcrumb\"},\"inLanguage\":\"sv-SE\",\"potentialAction\":[{\"@type\":\"ReadAction\",\"target\":[\"https:\\\/\\\/lightweb.dev\\\/l\\\/svm-temp\\\/nyheter\\\/sa-skyddar-kor-far-och-getter-mot-skogsbrander\\\/\"]}]},{\"@type\":\"ImageObject\",\"inLanguage\":\"sv-SE\",\"@id\":\"https:\\\/\\\/lightweb.dev\\\/l\\\/svm-temp\\\/nyheter\\\/sa-skyddar-kor-far-och-getter-mot-skogsbrander\\\/#primaryimage\",\"url\":\"https:\\\/\\\/lightweb.dev\\\/l\\\/svm-temp\\\/wp-content\\\/uploads\\\/2024\\\/07\\\/fire-fighting-cows.jpg\",\"contentUrl\":\"https:\\\/\\\/lightweb.dev\\\/l\\\/svm-temp\\\/wp-content\\\/uploads\\\/2024\\\/07\\\/fire-fighting-cows.jpg\",\"width\":1200,\"height\":840,\"caption\":\"Cachenakor som betar i bergen i Vincios. (Bild: Asociaci\u00f3n de Vecinos de Vincios)\"},{\"@type\":\"BreadcrumbList\",\"@id\":\"https:\\\/\\\/lightweb.dev\\\/l\\\/svm-temp\\\/nyheter\\\/sa-skyddar-kor-far-och-getter-mot-skogsbrander\\\/#breadcrumb\",\"itemListElement\":[{\"@type\":\"ListItem\",\"position\":1,\"name\":\"Hem\",\"item\":\"https:\\\/\\\/lightweb.dev\\\/l\\\/svm-temp\\\/\"},{\"@type\":\"ListItem\",\"position\":2,\"name\":\"S\u00e5 skyddar kor, f\u00e5r och getter mot skogsbr\u00e4nder\"}]},{\"@type\":\"WebSite\",\"@id\":\"https:\\\/\\\/lightweb.dev\\\/l\\\/svm-temp\\\/#website\",\"url\":\"https:\\\/\\\/lightweb.dev\\\/l\\\/svm-temp\\\/\",\"name\":\"Svenska Magasinet\",\"description\":\"Dina Spanska nyheter p&aring; Svenska\",\"publisher\":{\"@id\":\"https:\\\/\\\/lightweb.dev\\\/l\\\/svm-temp\\\/#organization\"},\"potentialAction\":[{\"@type\":\"SearchAction\",\"target\":{\"@type\":\"EntryPoint\",\"urlTemplate\":\"https:\\\/\\\/lightweb.dev\\\/l\\\/svm-temp\\\/?s={search_term_string}\"},\"query-input\":{\"@type\":\"PropertyValueSpecification\",\"valueRequired\":true,\"valueName\":\"search_term_string\"}}],\"inLanguage\":\"sv-SE\"},{\"@type\":\"Organization\",\"@id\":\"https:\\\/\\\/lightweb.dev\\\/l\\\/svm-temp\\\/#organization\",\"name\":\"Melkerson y Nott SL\",\"alternateName\":\"Svenska Magasinet\",\"url\":\"https:\\\/\\\/lightweb.dev\\\/l\\\/svm-temp\\\/\",\"logo\":{\"@type\":\"ImageObject\",\"inLanguage\":\"sv-SE\",\"@id\":\"https:\\\/\\\/lightweb.dev\\\/l\\\/svm-temp\\\/#\\\/schema\\\/logo\\\/image\\\/\",\"url\":\"https:\\\/\\\/lightweb.dev\\\/l\\\/svm-temp\\\/wp-content\\\/uploads\\\/2025\\\/02\\\/SvM-logo-Xtra-Centrerad-SVART.png\",\"contentUrl\":\"https:\\\/\\\/lightweb.dev\\\/l\\\/svm-temp\\\/wp-content\\\/uploads\\\/2025\\\/02\\\/SvM-logo-Xtra-Centrerad-SVART.png\",\"width\":300,\"height\":99,\"caption\":\"Melkerson y Nott SL\"},\"image\":{\"@id\":\"https:\\\/\\\/lightweb.dev\\\/l\\\/svm-temp\\\/#\\\/schema\\\/logo\\\/image\\\/\"},\"sameAs\":[\"https:\\\/\\\/www.facebook.com\\\/svenskamagasinet\",\"https:\\\/\\\/x.com\\\/SvenskaMagasine\"]},{\"@type\":\"Person\",\"@id\":\"https:\\\/\\\/lightweb.dev\\\/l\\\/svm-temp\\\/#\\\/schema\\\/person\\\/caffe038990d25722f5a04a03c906a2b\",\"name\":\"Robbie Eriksson\",\"sameAs\":[\"https:\\\/\\\/lightweb.dev\\\/l\\\/svm-temp\"],\"url\":\"https:\\\/\\\/lightweb.dev\\\/l\\\/svm-temp\\\/reporter\\\/robbie-eriksson\\\/\"}]}<\/script>\n<!-- \/ Yoast SEO Premium plugin. -->","yoast_head_json":{"title":"S\u00e5 skyddar kor, f\u00e5r och getter mot skogsbr\u00e4nder - Svenska Magasinet","robots":{"index":"noindex","follow":"follow","max-snippet":"max-snippet:-1","max-image-preview":"max-image-preview:large","max-video-preview":"max-video-preview:-1"},"og_locale":"sv_SE","og_type":"article","og_title":"S\u00e5 skyddar kor, f\u00e5r och getter mot skogsbr\u00e4nder","og_description":"F\u00f6r att underh\u00e5lla marken s\u00e5 att stora br\u00e4nder f\u00e5r mindre br\u00e4nsle att sprida sig blir det allt vanligare att l\u00e5ta boskap beta i det fria.\u00a0","og_url":"https:\/\/lightweb.dev\/l\/svm-temp\/nyheter\/sa-skyddar-kor-far-och-getter-mot-skogsbrander\/","og_site_name":"Svenska Magasinet","article_publisher":"https:\/\/www.facebook.com\/svenskamagasinet","article_published_time":"2024-07-16T13:17:58+00:00","og_image":[{"width":1200,"height":840,"url":"https:\/\/lightweb.dev\/l\/svm-temp\/wp-content\/uploads\/2024\/07\/fire-fighting-cows.jpg","type":"image\/jpeg"}],"author":"Robbie Eriksson","twitter_card":"summary_large_image","twitter_creator":"@SvenskaMagasine","twitter_site":"@SvenskaMagasine","schema":{"@context":"https:\/\/schema.org","@graph":[{"@type":"Article","@id":"https:\/\/lightweb.dev\/l\/svm-temp\/nyheter\/sa-skyddar-kor-far-och-getter-mot-skogsbrander\/#article","isPartOf":{"@id":"https:\/\/lightweb.dev\/l\/svm-temp\/nyheter\/sa-skyddar-kor-far-och-getter-mot-skogsbrander\/"},"author":{"name":"Robbie Eriksson","@id":"https:\/\/lightweb.dev\/l\/svm-temp\/#\/schema\/person\/caffe038990d25722f5a04a03c906a2b"},"headline":"S\u00e5 skyddar kor, f\u00e5r och getter mot skogsbr\u00e4nder","datePublished":"2024-07-16T13:17:58+00:00","mainEntityOfPage":{"@id":"https:\/\/lightweb.dev\/l\/svm-temp\/nyheter\/sa-skyddar-kor-far-och-getter-mot-skogsbrander\/"},"wordCount":610,"publisher":{"@id":"https:\/\/lightweb.dev\/l\/svm-temp\/#organization"},"image":{"@id":"https:\/\/lightweb.dev\/l\/svm-temp\/nyheter\/sa-skyddar-kor-far-och-getter-mot-skogsbrander\/#primaryimage"},"thumbnailUrl":"https:\/\/lightweb.dev\/l\/svm-temp\/wp-content\/uploads\/2024\/07\/fire-fighting-cows.jpg","articleSection":["Arkiv","Nyheter"],"inLanguage":"sv-SE"},{"@type":"WebPage","@id":"https:\/\/lightweb.dev\/l\/svm-temp\/nyheter\/sa-skyddar-kor-far-och-getter-mot-skogsbrander\/","url":"https:\/\/lightweb.dev\/l\/svm-temp\/nyheter\/sa-skyddar-kor-far-och-getter-mot-skogsbrander\/","name":"S\u00e5 skyddar kor, f\u00e5r och getter mot skogsbr\u00e4nder - Svenska Magasinet","isPartOf":{"@id":"https:\/\/lightweb.dev\/l\/svm-temp\/#website"},"primaryImageOfPage":{"@id":"https:\/\/lightweb.dev\/l\/svm-temp\/nyheter\/sa-skyddar-kor-far-och-getter-mot-skogsbrander\/#primaryimage"},"image":{"@id":"https:\/\/lightweb.dev\/l\/svm-temp\/nyheter\/sa-skyddar-kor-far-och-getter-mot-skogsbrander\/#primaryimage"},"thumbnailUrl":"https:\/\/lightweb.dev\/l\/svm-temp\/wp-content\/uploads\/2024\/07\/fire-fighting-cows.jpg","datePublished":"2024-07-16T13:17:58+00:00","breadcrumb":{"@id":"https:\/\/lightweb.dev\/l\/svm-temp\/nyheter\/sa-skyddar-kor-far-och-getter-mot-skogsbrander\/#breadcrumb"},"inLanguage":"sv-SE","potentialAction":[{"@type":"ReadAction","target":["https:\/\/lightweb.dev\/l\/svm-temp\/nyheter\/sa-skyddar-kor-far-och-getter-mot-skogsbrander\/"]}]},{"@type":"ImageObject","inLanguage":"sv-SE","@id":"https:\/\/lightweb.dev\/l\/svm-temp\/nyheter\/sa-skyddar-kor-far-och-getter-mot-skogsbrander\/#primaryimage","url":"https:\/\/lightweb.dev\/l\/svm-temp\/wp-content\/uploads\/2024\/07\/fire-fighting-cows.jpg","contentUrl":"https:\/\/lightweb.dev\/l\/svm-temp\/wp-content\/uploads\/2024\/07\/fire-fighting-cows.jpg","width":1200,"height":840,"caption":"Cachenakor som betar i bergen i Vincios. (Bild: Asociaci\u00f3n de Vecinos de Vincios)"},{"@type":"BreadcrumbList","@id":"https:\/\/lightweb.dev\/l\/svm-temp\/nyheter\/sa-skyddar-kor-far-och-getter-mot-skogsbrander\/#breadcrumb","itemListElement":[{"@type":"ListItem","position":1,"name":"Hem","item":"https:\/\/lightweb.dev\/l\/svm-temp\/"},{"@type":"ListItem","position":2,"name":"S\u00e5 skyddar kor, f\u00e5r och getter mot skogsbr\u00e4nder"}]},{"@type":"WebSite","@id":"https:\/\/lightweb.dev\/l\/svm-temp\/#website","url":"https:\/\/lightweb.dev\/l\/svm-temp\/","name":"Svenska Magasinet","description":"Dina Spanska nyheter p&aring; Svenska","publisher":{"@id":"https:\/\/lightweb.dev\/l\/svm-temp\/#organization"},"potentialAction":[{"@type":"SearchAction","target":{"@type":"EntryPoint","urlTemplate":"https:\/\/lightweb.dev\/l\/svm-temp\/?s={search_term_string}"},"query-input":{"@type":"PropertyValueSpecification","valueRequired":true,"valueName":"search_term_string"}}],"inLanguage":"sv-SE"},{"@type":"Organization","@id":"https:\/\/lightweb.dev\/l\/svm-temp\/#organization","name":"Melkerson y Nott SL","alternateName":"Svenska Magasinet","url":"https:\/\/lightweb.dev\/l\/svm-temp\/","logo":{"@type":"ImageObject","inLanguage":"sv-SE","@id":"https:\/\/lightweb.dev\/l\/svm-temp\/#\/schema\/logo\/image\/","url":"https:\/\/lightweb.dev\/l\/svm-temp\/wp-content\/uploads\/2025\/02\/SvM-logo-Xtra-Centrerad-SVART.png","contentUrl":"https:\/\/lightweb.dev\/l\/svm-temp\/wp-content\/uploads\/2025\/02\/SvM-logo-Xtra-Centrerad-SVART.png","width":300,"height":99,"caption":"Melkerson y Nott SL"},"image":{"@id":"https:\/\/lightweb.dev\/l\/svm-temp\/#\/schema\/logo\/image\/"},"sameAs":["https:\/\/www.facebook.com\/svenskamagasinet","https:\/\/x.com\/SvenskaMagasine"]},{"@type":"Person","@id":"https:\/\/lightweb.dev\/l\/svm-temp\/#\/schema\/person\/caffe038990d25722f5a04a03c906a2b","name":"Robbie Eriksson","sameAs":["https:\/\/lightweb.dev\/l\/svm-temp"],"url":"https:\/\/lightweb.dev\/l\/svm-temp\/reporter\/robbie-eriksson\/"}]}},"_links":{"self":[{"href":"https:\/\/lightweb.dev\/l\/svm-temp\/wp-json\/wp\/v2\/posts\/73412","targetHints":{"allow":["GET"]}}],"collection":[{"href":"https:\/\/lightweb.dev\/l\/svm-temp\/wp-json\/wp\/v2\/posts"}],"about":[{"href":"https:\/\/lightweb.dev\/l\/svm-temp\/wp-json\/wp\/v2\/types\/post"}],"author":[{"embeddable":true,"href":"https:\/\/lightweb.dev\/l\/svm-temp\/wp-json\/wp\/v2\/users\/14"}],"replies":[{"embeddable":true,"href":"https:\/\/lightweb.dev\/l\/svm-temp\/wp-json\/wp\/v2\/comments?post=73412"}],"version-history":[{"count":0,"href":"https:\/\/lightweb.dev\/l\/svm-temp\/wp-json\/wp\/v2\/posts\/73412\/revisions"}],"wp:featuredmedia":[{"embeddable":true,"href":"https:\/\/lightweb.dev\/l\/svm-temp\/wp-json\/wp\/v2\/media\/73413"}],"wp:attachment":[{"href":"https:\/\/lightweb.dev\/l\/svm-temp\/wp-json\/wp\/v2\/media?parent=73412"}],"wp:term":[{"taxonomy":"category","embeddable":true,"href":"https:\/\/lightweb.dev\/l\/svm-temp\/wp-json\/wp\/v2\/categories?post=73412"},{"taxonomy":"post_tag","embeddable":true,"href":"https:\/\/lightweb.dev\/l\/svm-temp\/wp-json\/wp\/v2\/tags?post=73412"}],"curies":[{"name":"wp","href":"https:\/\/api.w.org\/{rel}","templated":true}]}}