{"id":73418,"date":"2024-07-17T15:11:58","date_gmt":"2024-07-17T13:11:58","guid":{"rendered":"https:\/\/lightweb.dev\/l\/svm-temp\/?p=73418"},"modified":"2024-07-17T15:17:55","modified_gmt":"2024-07-17T13:17:55","slug":"spaniens-bnp-vaxer-snabbast-bland-eurolanderna","status":"publish","type":"post","link":"https:\/\/lightweb.dev\/l\/svm-temp\/nyheter\/spaniens-bnp-vaxer-snabbast-bland-eurolanderna\/","title":{"rendered":"Spaniens BNP v\u00e4ntas v\u00e4xa snabbast bland eurol\u00e4nderna"},"content":{"rendered":"<p><strong>I sin senaste rapport visar IMF en prognos p\u00e5 2,4 procents tillv\u00e4xt f\u00f6r 2024.<\/strong><\/p>\n<p><strong>Det \u00e4r mer \u00e4n dubbelt s\u00e5 mycket som genomsnittet i eurozonen.\u00a0<\/strong><\/p>\n<p><span style=\"font-weight: 400;\">Den internationella valutafonden (IMF) var den sista av de stora ekonomiska organisationerna att uppdatera sin tillv\u00e4xtprognos f\u00f6r Spanien. I sin senaste rapport, som kom i tisdags, \u00f6kade man prognosen p\u00e5 Spaniens BNP till 2,4 procents tillv\u00e4xt. En halv procentenhet h\u00f6gre \u00e4n f\u00f6r tre m\u00e5nader sedan. Siffran st\u00e4mmer \u00f6verens med den spanska regeringen som \u00e4ven de har \u00e4ndrat sin prognos fr\u00e5n 2 till 2,4 procent.\u00a0<\/span><\/p>\n<p><span style=\"font-weight: 400;\">Detta inneb\u00e4r att Spaniens BNP v\u00e4ntas v\u00e4xa mer \u00e4n dubbelt s\u00e5 mycket som genomsnittet bland EMU-l\u00e4nderna, som ligger p\u00e5 0,9 procent. Den siffran v\u00e4ntas dock studsa tillbaka till 1,5 procent under 2025.\u00a0<\/span><\/p>\n<p><span style=\"font-weight: 400;\">Eurol\u00e4nderna dras ner av l\u00e4nder som Tyskland som gick in i l\u00e5gkonjunktur 2023. D\u00e5 f\u00f6ll landets BNP med 0,2 procent och kommer endast att v\u00e4xa med 0,2 procent i \u00e5r. \u00c4ven d\u00e4r v\u00e4ntas det dock se b\u00e4ttre ut redan n\u00e4sta \u00e5r med en tillv\u00e4xt p\u00e5 1,3 procent.\u00a0<\/span><\/p>\n<p><span style=\"font-weight: 400;\">IMFs prognos f\u00f6r Spanien n\u00e4sta \u00e5r \u00e4r samma som den var f\u00f6r tre m\u00e5nader sedan och ligger p\u00e5 2,1 procent. \u00c4ven d\u00e5 \u00e4r det den st\u00f6rsta \u00f6kningen i eurozonen. Det \u00e4r d\u00e4remot n\u00e5got l\u00e4gre \u00e4n vad regeringen, vars prognos s\u00e4ger 2,2 procent, tror p\u00e5.\u00a0\u00a0<\/span><\/p>\n<p><span style=\"font-weight: 400;\">P\u00e5 global niv\u00e5 v\u00e4ntas BNP v\u00e4xa med 3,2 och 3,3 procent i \u00e5r respektive \u00e5r 2025.\u00a0<\/span><\/p>\n","protected":false},"excerpt":{"rendered":"<p>I sin senaste rapport visar IMF en prognos p\u00e5 2,4 procents tillv\u00e4xt f\u00f6r 2024. Det \u00e4r mer \u00e4n dubbelt s\u00e5 mycket som genomsnittet i eurozonen.\u00a0<\/p>\n","protected":false},"author":14,"featured_media":73420,"comment_status":"closed","ping_status":"closed","sticky":false,"template":"","format":"standard","meta":{"_et_pb_use_builder":"","_et_pb_old_content":"","_et_gb_content_width":"","footnotes":""},"categories":[351,3],"tags":[],"class_list":["post-73418","post","type-post","status-publish","format-standard","has-post-thumbnail","hentry","category-ekonomi-nyheter","category-nyheter"],"yoast_head":"<!-- This site is optimized with the Yoast SEO Premium plugin v26.2 (Yoast SEO v27.4) - https:\/\/yoast.com\/product\/yoast-seo-premium-wordpress\/ -->\n<title>Spaniens BNP v\u00e4ntas v\u00e4xa snabbast bland eurol\u00e4nderna - Svenska Magasinet<\/title>\n<meta name=\"robots\" content=\"noindex, follow, max-snippet:-1, max-image-preview:large, max-video-preview:-1\" \/>\n<meta property=\"og:locale\" content=\"sv_SE\" \/>\n<meta property=\"og:type\" content=\"article\" \/>\n<meta property=\"og:title\" content=\"Spaniens BNP v\u00e4ntas v\u00e4xa snabbast bland eurol\u00e4nderna\" \/>\n<meta property=\"og:description\" content=\"I sin senaste rapport visar IMF en prognos p\u00e5 2,4 procents tillv\u00e4xt f\u00f6r 2024. Det \u00e4r mer \u00e4n dubbelt s\u00e5 mycket som genomsnittet i eurozonen.\u00a0\" \/>\n<meta property=\"og:url\" content=\"https:\/\/lightweb.dev\/l\/svm-temp\/artiklar\/ekonomi\/spaniens-bnp-vaxer-snabbast-bland-eurolanderna\/\" \/>\n<meta property=\"og:site_name\" content=\"Svenska Magasinet\" \/>\n<meta property=\"article:publisher\" content=\"https:\/\/www.facebook.com\/svenskamagasinet\" \/>\n<meta property=\"article:published_time\" content=\"2024-07-17T13:11:58+00:00\" \/>\n<meta property=\"article:modified_time\" content=\"2024-07-17T13:17:55+00:00\" \/>\n<meta property=\"og:image\" content=\"https:\/\/lightweb.dev\/l\/svm-temp\/wp-content\/uploads\/2024\/07\/2022-11-02-11.51.14-stor-1280x640-1.jpeg\" \/>\n\t<meta property=\"og:image:width\" content=\"1280\" \/>\n\t<meta property=\"og:image:height\" content=\"640\" \/>\n\t<meta property=\"og:image:type\" content=\"image\/jpeg\" \/>\n<meta name=\"author\" content=\"Robbie Eriksson\" \/>\n<meta name=\"twitter:card\" content=\"summary_large_image\" \/>\n<meta name=\"twitter:creator\" content=\"@SvenskaMagasine\" \/>\n<meta name=\"twitter:site\" content=\"@SvenskaMagasine\" \/>\n<script type=\"application\/ld+json\" class=\"yoast-schema-graph\">{\"@context\":\"https:\\\/\\\/schema.org\",\"@graph\":[{\"@type\":\"Article\",\"@id\":\"https:\\\/\\\/lightweb.dev\\\/l\\\/svm-temp\\\/artiklar\\\/ekonomi\\\/spaniens-bnp-vaxer-snabbast-bland-eurolanderna\\\/#article\",\"isPartOf\":{\"@id\":\"https:\\\/\\\/lightweb.dev\\\/l\\\/svm-temp\\\/artiklar\\\/ekonomi\\\/spaniens-bnp-vaxer-snabbast-bland-eurolanderna\\\/\"},\"author\":{\"name\":\"Robbie Eriksson\",\"@id\":\"https:\\\/\\\/lightweb.dev\\\/l\\\/svm-temp\\\/#\\\/schema\\\/person\\\/caffe038990d25722f5a04a03c906a2b\"},\"headline\":\"Spaniens BNP v\u00e4ntas v\u00e4xa snabbast bland eurol\u00e4nderna\",\"datePublished\":\"2024-07-17T13:11:58+00:00\",\"dateModified\":\"2024-07-17T13:17:55+00:00\",\"mainEntityOfPage\":{\"@id\":\"https:\\\/\\\/lightweb.dev\\\/l\\\/svm-temp\\\/artiklar\\\/ekonomi\\\/spaniens-bnp-vaxer-snabbast-bland-eurolanderna\\\/\"},\"wordCount\":257,\"publisher\":{\"@id\":\"https:\\\/\\\/lightweb.dev\\\/l\\\/svm-temp\\\/#organization\"},\"image\":{\"@id\":\"https:\\\/\\\/lightweb.dev\\\/l\\\/svm-temp\\\/artiklar\\\/ekonomi\\\/spaniens-bnp-vaxer-snabbast-bland-eurolanderna\\\/#primaryimage\"},\"thumbnailUrl\":\"https:\\\/\\\/lightweb.dev\\\/l\\\/svm-temp\\\/wp-content\\\/uploads\\\/2024\\\/07\\\/2022-11-02-11.51.14-stor-1280x640-1.jpeg\",\"articleSection\":[\"Ekonomi\",\"Nyheter\"],\"inLanguage\":\"sv-SE\"},{\"@type\":\"WebPage\",\"@id\":\"https:\\\/\\\/lightweb.dev\\\/l\\\/svm-temp\\\/artiklar\\\/ekonomi\\\/spaniens-bnp-vaxer-snabbast-bland-eurolanderna\\\/\",\"url\":\"https:\\\/\\\/lightweb.dev\\\/l\\\/svm-temp\\\/artiklar\\\/ekonomi\\\/spaniens-bnp-vaxer-snabbast-bland-eurolanderna\\\/\",\"name\":\"Spaniens BNP v\u00e4ntas v\u00e4xa snabbast bland eurol\u00e4nderna - Svenska Magasinet\",\"isPartOf\":{\"@id\":\"https:\\\/\\\/lightweb.dev\\\/l\\\/svm-temp\\\/#website\"},\"primaryImageOfPage\":{\"@id\":\"https:\\\/\\\/lightweb.dev\\\/l\\\/svm-temp\\\/artiklar\\\/ekonomi\\\/spaniens-bnp-vaxer-snabbast-bland-eurolanderna\\\/#primaryimage\"},\"image\":{\"@id\":\"https:\\\/\\\/lightweb.dev\\\/l\\\/svm-temp\\\/artiklar\\\/ekonomi\\\/spaniens-bnp-vaxer-snabbast-bland-eurolanderna\\\/#primaryimage\"},\"thumbnailUrl\":\"https:\\\/\\\/lightweb.dev\\\/l\\\/svm-temp\\\/wp-content\\\/uploads\\\/2024\\\/07\\\/2022-11-02-11.51.14-stor-1280x640-1.jpeg\",\"datePublished\":\"2024-07-17T13:11:58+00:00\",\"dateModified\":\"2024-07-17T13:17:55+00:00\",\"breadcrumb\":{\"@id\":\"https:\\\/\\\/lightweb.dev\\\/l\\\/svm-temp\\\/artiklar\\\/ekonomi\\\/spaniens-bnp-vaxer-snabbast-bland-eurolanderna\\\/#breadcrumb\"},\"inLanguage\":\"sv-SE\",\"potentialAction\":[{\"@type\":\"ReadAction\",\"target\":[\"https:\\\/\\\/lightweb.dev\\\/l\\\/svm-temp\\\/artiklar\\\/ekonomi\\\/spaniens-bnp-vaxer-snabbast-bland-eurolanderna\\\/\"]}]},{\"@type\":\"ImageObject\",\"inLanguage\":\"sv-SE\",\"@id\":\"https:\\\/\\\/lightweb.dev\\\/l\\\/svm-temp\\\/artiklar\\\/ekonomi\\\/spaniens-bnp-vaxer-snabbast-bland-eurolanderna\\\/#primaryimage\",\"url\":\"https:\\\/\\\/lightweb.dev\\\/l\\\/svm-temp\\\/wp-content\\\/uploads\\\/2024\\\/07\\\/2022-11-02-11.51.14-stor-1280x640-1.jpeg\",\"contentUrl\":\"https:\\\/\\\/lightweb.dev\\\/l\\\/svm-temp\\\/wp-content\\\/uploads\\\/2024\\\/07\\\/2022-11-02-11.51.14-stor-1280x640-1.jpeg\",\"width\":1280,\"height\":640},{\"@type\":\"BreadcrumbList\",\"@id\":\"https:\\\/\\\/lightweb.dev\\\/l\\\/svm-temp\\\/artiklar\\\/ekonomi\\\/spaniens-bnp-vaxer-snabbast-bland-eurolanderna\\\/#breadcrumb\",\"itemListElement\":[{\"@type\":\"ListItem\",\"position\":1,\"name\":\"Hem\",\"item\":\"https:\\\/\\\/lightweb.dev\\\/l\\\/svm-temp\\\/\"},{\"@type\":\"ListItem\",\"position\":2,\"name\":\"Spaniens BNP v\u00e4ntas v\u00e4xa snabbast bland eurol\u00e4nderna\"}]},{\"@type\":\"WebSite\",\"@id\":\"https:\\\/\\\/lightweb.dev\\\/l\\\/svm-temp\\\/#website\",\"url\":\"https:\\\/\\\/lightweb.dev\\\/l\\\/svm-temp\\\/\",\"name\":\"Svenska Magasinet\",\"description\":\"Dina Spanska nyheter p&aring; Svenska\",\"publisher\":{\"@id\":\"https:\\\/\\\/lightweb.dev\\\/l\\\/svm-temp\\\/#organization\"},\"potentialAction\":[{\"@type\":\"SearchAction\",\"target\":{\"@type\":\"EntryPoint\",\"urlTemplate\":\"https:\\\/\\\/lightweb.dev\\\/l\\\/svm-temp\\\/?s={search_term_string}\"},\"query-input\":{\"@type\":\"PropertyValueSpecification\",\"valueRequired\":true,\"valueName\":\"search_term_string\"}}],\"inLanguage\":\"sv-SE\"},{\"@type\":\"Organization\",\"@id\":\"https:\\\/\\\/lightweb.dev\\\/l\\\/svm-temp\\\/#organization\",\"name\":\"Melkerson y Nott SL\",\"alternateName\":\"Svenska Magasinet\",\"url\":\"https:\\\/\\\/lightweb.dev\\\/l\\\/svm-temp\\\/\",\"logo\":{\"@type\":\"ImageObject\",\"inLanguage\":\"sv-SE\",\"@id\":\"https:\\\/\\\/lightweb.dev\\\/l\\\/svm-temp\\\/#\\\/schema\\\/logo\\\/image\\\/\",\"url\":\"https:\\\/\\\/lightweb.dev\\\/l\\\/svm-temp\\\/wp-content\\\/uploads\\\/2025\\\/02\\\/SvM-logo-Xtra-Centrerad-SVART.png\",\"contentUrl\":\"https:\\\/\\\/lightweb.dev\\\/l\\\/svm-temp\\\/wp-content\\\/uploads\\\/2025\\\/02\\\/SvM-logo-Xtra-Centrerad-SVART.png\",\"width\":300,\"height\":99,\"caption\":\"Melkerson y Nott SL\"},\"image\":{\"@id\":\"https:\\\/\\\/lightweb.dev\\\/l\\\/svm-temp\\\/#\\\/schema\\\/logo\\\/image\\\/\"},\"sameAs\":[\"https:\\\/\\\/www.facebook.com\\\/svenskamagasinet\",\"https:\\\/\\\/x.com\\\/SvenskaMagasine\"]},{\"@type\":\"Person\",\"@id\":\"https:\\\/\\\/lightweb.dev\\\/l\\\/svm-temp\\\/#\\\/schema\\\/person\\\/caffe038990d25722f5a04a03c906a2b\",\"name\":\"Robbie Eriksson\",\"sameAs\":[\"https:\\\/\\\/lightweb.dev\\\/l\\\/svm-temp\"],\"url\":\"https:\\\/\\\/lightweb.dev\\\/l\\\/svm-temp\\\/reporter\\\/robbie-eriksson\\\/\"}]}<\/script>\n<!-- \/ Yoast SEO Premium plugin. -->","yoast_head_json":{"title":"Spaniens BNP v\u00e4ntas v\u00e4xa snabbast bland eurol\u00e4nderna - Svenska Magasinet","robots":{"index":"noindex","follow":"follow","max-snippet":"max-snippet:-1","max-image-preview":"max-image-preview:large","max-video-preview":"max-video-preview:-1"},"og_locale":"sv_SE","og_type":"article","og_title":"Spaniens BNP v\u00e4ntas v\u00e4xa snabbast bland eurol\u00e4nderna","og_description":"I sin senaste rapport visar IMF en prognos p\u00e5 2,4 procents tillv\u00e4xt f\u00f6r 2024. Det \u00e4r mer \u00e4n dubbelt s\u00e5 mycket som genomsnittet i eurozonen.\u00a0","og_url":"https:\/\/lightweb.dev\/l\/svm-temp\/artiklar\/ekonomi\/spaniens-bnp-vaxer-snabbast-bland-eurolanderna\/","og_site_name":"Svenska Magasinet","article_publisher":"https:\/\/www.facebook.com\/svenskamagasinet","article_published_time":"2024-07-17T13:11:58+00:00","article_modified_time":"2024-07-17T13:17:55+00:00","og_image":[{"width":1280,"height":640,"url":"https:\/\/lightweb.dev\/l\/svm-temp\/wp-content\/uploads\/2024\/07\/2022-11-02-11.51.14-stor-1280x640-1.jpeg","type":"image\/jpeg"}],"author":"Robbie Eriksson","twitter_card":"summary_large_image","twitter_creator":"@SvenskaMagasine","twitter_site":"@SvenskaMagasine","schema":{"@context":"https:\/\/schema.org","@graph":[{"@type":"Article","@id":"https:\/\/lightweb.dev\/l\/svm-temp\/artiklar\/ekonomi\/spaniens-bnp-vaxer-snabbast-bland-eurolanderna\/#article","isPartOf":{"@id":"https:\/\/lightweb.dev\/l\/svm-temp\/artiklar\/ekonomi\/spaniens-bnp-vaxer-snabbast-bland-eurolanderna\/"},"author":{"name":"Robbie Eriksson","@id":"https:\/\/lightweb.dev\/l\/svm-temp\/#\/schema\/person\/caffe038990d25722f5a04a03c906a2b"},"headline":"Spaniens BNP v\u00e4ntas v\u00e4xa snabbast bland eurol\u00e4nderna","datePublished":"2024-07-17T13:11:58+00:00","dateModified":"2024-07-17T13:17:55+00:00","mainEntityOfPage":{"@id":"https:\/\/lightweb.dev\/l\/svm-temp\/artiklar\/ekonomi\/spaniens-bnp-vaxer-snabbast-bland-eurolanderna\/"},"wordCount":257,"publisher":{"@id":"https:\/\/lightweb.dev\/l\/svm-temp\/#organization"},"image":{"@id":"https:\/\/lightweb.dev\/l\/svm-temp\/artiklar\/ekonomi\/spaniens-bnp-vaxer-snabbast-bland-eurolanderna\/#primaryimage"},"thumbnailUrl":"https:\/\/lightweb.dev\/l\/svm-temp\/wp-content\/uploads\/2024\/07\/2022-11-02-11.51.14-stor-1280x640-1.jpeg","articleSection":["Ekonomi","Nyheter"],"inLanguage":"sv-SE"},{"@type":"WebPage","@id":"https:\/\/lightweb.dev\/l\/svm-temp\/artiklar\/ekonomi\/spaniens-bnp-vaxer-snabbast-bland-eurolanderna\/","url":"https:\/\/lightweb.dev\/l\/svm-temp\/artiklar\/ekonomi\/spaniens-bnp-vaxer-snabbast-bland-eurolanderna\/","name":"Spaniens BNP v\u00e4ntas v\u00e4xa snabbast bland eurol\u00e4nderna - Svenska Magasinet","isPartOf":{"@id":"https:\/\/lightweb.dev\/l\/svm-temp\/#website"},"primaryImageOfPage":{"@id":"https:\/\/lightweb.dev\/l\/svm-temp\/artiklar\/ekonomi\/spaniens-bnp-vaxer-snabbast-bland-eurolanderna\/#primaryimage"},"image":{"@id":"https:\/\/lightweb.dev\/l\/svm-temp\/artiklar\/ekonomi\/spaniens-bnp-vaxer-snabbast-bland-eurolanderna\/#primaryimage"},"thumbnailUrl":"https:\/\/lightweb.dev\/l\/svm-temp\/wp-content\/uploads\/2024\/07\/2022-11-02-11.51.14-stor-1280x640-1.jpeg","datePublished":"2024-07-17T13:11:58+00:00","dateModified":"2024-07-17T13:17:55+00:00","breadcrumb":{"@id":"https:\/\/lightweb.dev\/l\/svm-temp\/artiklar\/ekonomi\/spaniens-bnp-vaxer-snabbast-bland-eurolanderna\/#breadcrumb"},"inLanguage":"sv-SE","potentialAction":[{"@type":"ReadAction","target":["https:\/\/lightweb.dev\/l\/svm-temp\/artiklar\/ekonomi\/spaniens-bnp-vaxer-snabbast-bland-eurolanderna\/"]}]},{"@type":"ImageObject","inLanguage":"sv-SE","@id":"https:\/\/lightweb.dev\/l\/svm-temp\/artiklar\/ekonomi\/spaniens-bnp-vaxer-snabbast-bland-eurolanderna\/#primaryimage","url":"https:\/\/lightweb.dev\/l\/svm-temp\/wp-content\/uploads\/2024\/07\/2022-11-02-11.51.14-stor-1280x640-1.jpeg","contentUrl":"https:\/\/lightweb.dev\/l\/svm-temp\/wp-content\/uploads\/2024\/07\/2022-11-02-11.51.14-stor-1280x640-1.jpeg","width":1280,"height":640},{"@type":"BreadcrumbList","@id":"https:\/\/lightweb.dev\/l\/svm-temp\/artiklar\/ekonomi\/spaniens-bnp-vaxer-snabbast-bland-eurolanderna\/#breadcrumb","itemListElement":[{"@type":"ListItem","position":1,"name":"Hem","item":"https:\/\/lightweb.dev\/l\/svm-temp\/"},{"@type":"ListItem","position":2,"name":"Spaniens BNP v\u00e4ntas v\u00e4xa snabbast bland eurol\u00e4nderna"}]},{"@type":"WebSite","@id":"https:\/\/lightweb.dev\/l\/svm-temp\/#website","url":"https:\/\/lightweb.dev\/l\/svm-temp\/","name":"Svenska Magasinet","description":"Dina Spanska nyheter p&aring; Svenska","publisher":{"@id":"https:\/\/lightweb.dev\/l\/svm-temp\/#organization"},"potentialAction":[{"@type":"SearchAction","target":{"@type":"EntryPoint","urlTemplate":"https:\/\/lightweb.dev\/l\/svm-temp\/?s={search_term_string}"},"query-input":{"@type":"PropertyValueSpecification","valueRequired":true,"valueName":"search_term_string"}}],"inLanguage":"sv-SE"},{"@type":"Organization","@id":"https:\/\/lightweb.dev\/l\/svm-temp\/#organization","name":"Melkerson y Nott SL","alternateName":"Svenska Magasinet","url":"https:\/\/lightweb.dev\/l\/svm-temp\/","logo":{"@type":"ImageObject","inLanguage":"sv-SE","@id":"https:\/\/lightweb.dev\/l\/svm-temp\/#\/schema\/logo\/image\/","url":"https:\/\/lightweb.dev\/l\/svm-temp\/wp-content\/uploads\/2025\/02\/SvM-logo-Xtra-Centrerad-SVART.png","contentUrl":"https:\/\/lightweb.dev\/l\/svm-temp\/wp-content\/uploads\/2025\/02\/SvM-logo-Xtra-Centrerad-SVART.png","width":300,"height":99,"caption":"Melkerson y Nott SL"},"image":{"@id":"https:\/\/lightweb.dev\/l\/svm-temp\/#\/schema\/logo\/image\/"},"sameAs":["https:\/\/www.facebook.com\/svenskamagasinet","https:\/\/x.com\/SvenskaMagasine"]},{"@type":"Person","@id":"https:\/\/lightweb.dev\/l\/svm-temp\/#\/schema\/person\/caffe038990d25722f5a04a03c906a2b","name":"Robbie Eriksson","sameAs":["https:\/\/lightweb.dev\/l\/svm-temp"],"url":"https:\/\/lightweb.dev\/l\/svm-temp\/reporter\/robbie-eriksson\/"}]}},"_links":{"self":[{"href":"https:\/\/lightweb.dev\/l\/svm-temp\/wp-json\/wp\/v2\/posts\/73418","targetHints":{"allow":["GET"]}}],"collection":[{"href":"https:\/\/lightweb.dev\/l\/svm-temp\/wp-json\/wp\/v2\/posts"}],"about":[{"href":"https:\/\/lightweb.dev\/l\/svm-temp\/wp-json\/wp\/v2\/types\/post"}],"author":[{"embeddable":true,"href":"https:\/\/lightweb.dev\/l\/svm-temp\/wp-json\/wp\/v2\/users\/14"}],"replies":[{"embeddable":true,"href":"https:\/\/lightweb.dev\/l\/svm-temp\/wp-json\/wp\/v2\/comments?post=73418"}],"version-history":[{"count":0,"href":"https:\/\/lightweb.dev\/l\/svm-temp\/wp-json\/wp\/v2\/posts\/73418\/revisions"}],"wp:featuredmedia":[{"embeddable":true,"href":"https:\/\/lightweb.dev\/l\/svm-temp\/wp-json\/wp\/v2\/media\/73420"}],"wp:attachment":[{"href":"https:\/\/lightweb.dev\/l\/svm-temp\/wp-json\/wp\/v2\/media?parent=73418"}],"wp:term":[{"taxonomy":"category","embeddable":true,"href":"https:\/\/lightweb.dev\/l\/svm-temp\/wp-json\/wp\/v2\/categories?post=73418"},{"taxonomy":"post_tag","embeddable":true,"href":"https:\/\/lightweb.dev\/l\/svm-temp\/wp-json\/wp\/v2\/tags?post=73418"}],"curies":[{"name":"wp","href":"https:\/\/api.w.org\/{rel}","templated":true}]}}