{"id":73431,"date":"2024-07-18T16:18:18","date_gmt":"2024-07-18T14:18:18","guid":{"rendered":"https:\/\/lightweb.dev\/l\/svm-temp\/?p=73431"},"modified":"2024-07-18T16:18:18","modified_gmt":"2024-07-18T14:18:18","slug":"efterlyst-torped-lamnade-over-sig-sjalv","status":"publish","type":"post","link":"https:\/\/lightweb.dev\/l\/svm-temp\/nyheter\/efterlyst-torped-lamnade-over-sig-sjalv\/","title":{"rendered":"Efterlyst torped l\u00e4mnade \u00f6ver sig sj\u00e4lv"},"content":{"rendered":"<p><strong>Den colombianska mannen hade varit p\u00e5 flykt i ett knappt \u00e5r efter att ha rymt under en permission fr\u00e5n f\u00e4ngelset.\u00a0<\/strong><\/p>\n<p><strong>Efter att hans namn dykt upp p\u00e5 en lista \u00f6ver Spaniens mest efterlysta infann han sig frivilligt hos myndigheter i Madrid.\u00a0<\/strong><\/p>\n<p><span style=\"font-weight: 400;\">En av Spaniens mest efterlysta brottslingar &#8211; den colombianska torpeden J<\/span><span style=\"font-weight: 400;\">onathan Montoya Rend\u00f3n &#8211; har l\u00e4mnat \u00f6ver sig sj\u00e4lv till polisen. Han gjorde det efter att ha sett sig sj\u00e4lv p\u00e5 en lista \u00f6ver landets 10 mest efterlysta kriminella.\u00a0<\/span><\/p>\n<p><span style=\"font-weight: 400;\">Han hade varit p\u00e5 flykt sedan september 2023 d\u00e5 han inte \u00e5terv\u00e4nde till f\u00e4ngelset efter en permission. I juli i \u00e5r d\u00f6k hans namn upp p\u00e5 rikspolisens lista, som spreds p\u00e5 affischer och i sociala medier. Enligt utredare gav den 39-\u00e5rige mannen efter f\u00f6r offentliga p\u00e5tryckningar och l\u00e4mnade \u00f6ver sig sj\u00e4lv till myndigheterna i Madrid.\u00a0<\/span><\/p>\n<p><span style=\"font-weight: 400;\">Han avtj\u00e4nade ett 24-\u00e5rigt f\u00e4ngelsestraff efter att ha m\u00f6rdat den colombianska drogbaronen Le\u00f3nidas Vargas, som tidigare hade varit medbrottsling till Pablo Escobar. Mordet intr\u00e4ffade p\u00e5 sjukhuset Hospital 12 de Octubre i Madrid \u00e5r 2009 n\u00e4r Vargas l\u00e5g inlagd d\u00e4r.\u00a0<\/span><\/p>\n<p><span style=\"font-weight: 400;\">Vargas, som var mer k\u00e4nd som Don Leo, l\u00e5g p\u00e5 sjukhuset p\u00e5 grund av lungproblem. Han sk\u00f6ts med fyra skott fr\u00e5n en ljudd\u00e4mpad pistol. \u00c5tminstone fem torpeder var inblandade i mordet. Montoya Rend\u00f3n ska ha st\u00e5tt vakt utanf\u00f6r sjukhussalen n\u00e4r Vargas avr\u00e4ttades. Han kunde d\u00f6mas f\u00f6r brottet d\u00e5 sjukhusets kameror spelade in h\u00e4ndelserna.\u00a0<\/span><\/p>\n<p><span style=\"font-weight: 400;\">Kampanjen med listan \u00f6ver landets mest efterlysta brottslingar har f\u00e5tt stort genomslag i spansk press och p\u00e5 sociala medier. Enligt utredarna var den en nyckelfaktor till att Montoya Rend\u00f3n l\u00e4mnade \u00f6ver sig sj\u00e4lv. <\/span><\/p>\n","protected":false},"excerpt":{"rendered":"<p>Den colombianska mannen hade varit p\u00e5 flykt i ett knappt \u00e5r efter att ha rymt under en permission fr\u00e5n f\u00e4ngelset.\u00a0Efter att hans namn dykt upp p\u00e5 en lista \u00f6ver Spaniens mest efterlysta infann han sig frivilligt hos myndigheter i Madrid.\u00a0<\/p>\n","protected":false},"author":14,"featured_media":73432,"comment_status":"closed","ping_status":"closed","sticky":false,"template":"","format":"standard","meta":{"_et_pb_use_builder":"","_et_pb_old_content":"","_et_gb_content_width":"","footnotes":""},"categories":[395,3],"tags":[],"class_list":["post-73431","post","type-post","status-publish","format-standard","has-post-thumbnail","hentry","category-arkiv-nyheter","category-nyheter"],"yoast_head":"<!-- This site is optimized with the Yoast SEO Premium plugin v26.2 (Yoast SEO v27.5) - https:\/\/yoast.com\/product\/yoast-seo-premium-wordpress\/ -->\n<title>Efterlyst torped l\u00e4mnade \u00f6ver sig sj\u00e4lv - Svenska Magasinet<\/title>\n<meta name=\"robots\" content=\"noindex, follow, max-snippet:-1, max-image-preview:large, max-video-preview:-1\" \/>\n<meta property=\"og:locale\" content=\"sv_SE\" \/>\n<meta property=\"og:type\" content=\"article\" \/>\n<meta property=\"og:title\" content=\"Efterlyst torped l\u00e4mnade \u00f6ver sig sj\u00e4lv\" \/>\n<meta property=\"og:description\" content=\"Den colombianska mannen hade varit p\u00e5 flykt i ett knappt \u00e5r efter att ha rymt under en permission fr\u00e5n f\u00e4ngelset.\u00a0Efter att hans namn dykt upp p\u00e5 en lista \u00f6ver Spaniens mest efterlysta infann han sig frivilligt hos myndigheter i Madrid.\u00a0\" \/>\n<meta property=\"og:url\" content=\"https:\/\/lightweb.dev\/l\/svm-temp\/nyheter\/efterlyst-torped-lamnade-over-sig-sjalv\/\" \/>\n<meta property=\"og:site_name\" content=\"Svenska Magasinet\" \/>\n<meta property=\"article:publisher\" content=\"https:\/\/www.facebook.com\/svenskamagasinet\" \/>\n<meta property=\"article:published_time\" content=\"2024-07-18T14:18:18+00:00\" \/>\n<meta property=\"og:image\" content=\"https:\/\/lightweb.dev\/l\/svm-temp\/wp-content\/uploads\/2024\/07\/most-wanted-hitman.webp\" \/>\n\t<meta property=\"og:image:width\" content=\"1200\" \/>\n\t<meta property=\"og:image:height\" content=\"840\" \/>\n\t<meta property=\"og:image:type\" content=\"image\/webp\" \/>\n<meta name=\"author\" content=\"Robbie Eriksson\" \/>\n<meta name=\"twitter:card\" content=\"summary_large_image\" \/>\n<meta name=\"twitter:creator\" content=\"@SvenskaMagasine\" \/>\n<meta name=\"twitter:site\" content=\"@SvenskaMagasine\" \/>\n<script type=\"application\/ld+json\" class=\"yoast-schema-graph\">{\"@context\":\"https:\\\/\\\/schema.org\",\"@graph\":[{\"@type\":\"Article\",\"@id\":\"https:\\\/\\\/lightweb.dev\\\/l\\\/svm-temp\\\/nyheter\\\/efterlyst-torped-lamnade-over-sig-sjalv\\\/#article\",\"isPartOf\":{\"@id\":\"https:\\\/\\\/lightweb.dev\\\/l\\\/svm-temp\\\/nyheter\\\/efterlyst-torped-lamnade-over-sig-sjalv\\\/\"},\"author\":{\"name\":\"Robbie Eriksson\",\"@id\":\"https:\\\/\\\/lightweb.dev\\\/l\\\/svm-temp\\\/#\\\/schema\\\/person\\\/caffe038990d25722f5a04a03c906a2b\"},\"headline\":\"Efterlyst torped l\u00e4mnade \u00f6ver sig sj\u00e4lv\",\"datePublished\":\"2024-07-18T14:18:18+00:00\",\"mainEntityOfPage\":{\"@id\":\"https:\\\/\\\/lightweb.dev\\\/l\\\/svm-temp\\\/nyheter\\\/efterlyst-torped-lamnade-over-sig-sjalv\\\/\"},\"wordCount\":305,\"publisher\":{\"@id\":\"https:\\\/\\\/lightweb.dev\\\/l\\\/svm-temp\\\/#organization\"},\"image\":{\"@id\":\"https:\\\/\\\/lightweb.dev\\\/l\\\/svm-temp\\\/nyheter\\\/efterlyst-torped-lamnade-over-sig-sjalv\\\/#primaryimage\"},\"thumbnailUrl\":\"https:\\\/\\\/lightweb.dev\\\/l\\\/svm-temp\\\/wp-content\\\/uploads\\\/2024\\\/07\\\/most-wanted-hitman.webp\",\"articleSection\":[\"Arkiv\",\"Nyheter\"],\"inLanguage\":\"sv-SE\"},{\"@type\":\"WebPage\",\"@id\":\"https:\\\/\\\/lightweb.dev\\\/l\\\/svm-temp\\\/nyheter\\\/efterlyst-torped-lamnade-over-sig-sjalv\\\/\",\"url\":\"https:\\\/\\\/lightweb.dev\\\/l\\\/svm-temp\\\/nyheter\\\/efterlyst-torped-lamnade-over-sig-sjalv\\\/\",\"name\":\"Efterlyst torped l\u00e4mnade \u00f6ver sig sj\u00e4lv - Svenska Magasinet\",\"isPartOf\":{\"@id\":\"https:\\\/\\\/lightweb.dev\\\/l\\\/svm-temp\\\/#website\"},\"primaryImageOfPage\":{\"@id\":\"https:\\\/\\\/lightweb.dev\\\/l\\\/svm-temp\\\/nyheter\\\/efterlyst-torped-lamnade-over-sig-sjalv\\\/#primaryimage\"},\"image\":{\"@id\":\"https:\\\/\\\/lightweb.dev\\\/l\\\/svm-temp\\\/nyheter\\\/efterlyst-torped-lamnade-over-sig-sjalv\\\/#primaryimage\"},\"thumbnailUrl\":\"https:\\\/\\\/lightweb.dev\\\/l\\\/svm-temp\\\/wp-content\\\/uploads\\\/2024\\\/07\\\/most-wanted-hitman.webp\",\"datePublished\":\"2024-07-18T14:18:18+00:00\",\"breadcrumb\":{\"@id\":\"https:\\\/\\\/lightweb.dev\\\/l\\\/svm-temp\\\/nyheter\\\/efterlyst-torped-lamnade-over-sig-sjalv\\\/#breadcrumb\"},\"inLanguage\":\"sv-SE\",\"potentialAction\":[{\"@type\":\"ReadAction\",\"target\":[\"https:\\\/\\\/lightweb.dev\\\/l\\\/svm-temp\\\/nyheter\\\/efterlyst-torped-lamnade-over-sig-sjalv\\\/\"]}]},{\"@type\":\"ImageObject\",\"inLanguage\":\"sv-SE\",\"@id\":\"https:\\\/\\\/lightweb.dev\\\/l\\\/svm-temp\\\/nyheter\\\/efterlyst-torped-lamnade-over-sig-sjalv\\\/#primaryimage\",\"url\":\"https:\\\/\\\/lightweb.dev\\\/l\\\/svm-temp\\\/wp-content\\\/uploads\\\/2024\\\/07\\\/most-wanted-hitman.webp\",\"contentUrl\":\"https:\\\/\\\/lightweb.dev\\\/l\\\/svm-temp\\\/wp-content\\\/uploads\\\/2024\\\/07\\\/most-wanted-hitman.webp\",\"width\":1200,\"height\":840,\"caption\":\"(Bild: Policia Nacional)\"},{\"@type\":\"BreadcrumbList\",\"@id\":\"https:\\\/\\\/lightweb.dev\\\/l\\\/svm-temp\\\/nyheter\\\/efterlyst-torped-lamnade-over-sig-sjalv\\\/#breadcrumb\",\"itemListElement\":[{\"@type\":\"ListItem\",\"position\":1,\"name\":\"Hem\",\"item\":\"https:\\\/\\\/lightweb.dev\\\/l\\\/svm-temp\\\/\"},{\"@type\":\"ListItem\",\"position\":2,\"name\":\"Efterlyst torped l\u00e4mnade \u00f6ver sig sj\u00e4lv\"}]},{\"@type\":\"WebSite\",\"@id\":\"https:\\\/\\\/lightweb.dev\\\/l\\\/svm-temp\\\/#website\",\"url\":\"https:\\\/\\\/lightweb.dev\\\/l\\\/svm-temp\\\/\",\"name\":\"Svenska Magasinet\",\"description\":\"Dina Spanska nyheter p&aring; Svenska\",\"publisher\":{\"@id\":\"https:\\\/\\\/lightweb.dev\\\/l\\\/svm-temp\\\/#organization\"},\"potentialAction\":[{\"@type\":\"SearchAction\",\"target\":{\"@type\":\"EntryPoint\",\"urlTemplate\":\"https:\\\/\\\/lightweb.dev\\\/l\\\/svm-temp\\\/?s={search_term_string}\"},\"query-input\":{\"@type\":\"PropertyValueSpecification\",\"valueRequired\":true,\"valueName\":\"search_term_string\"}}],\"inLanguage\":\"sv-SE\"},{\"@type\":\"Organization\",\"@id\":\"https:\\\/\\\/lightweb.dev\\\/l\\\/svm-temp\\\/#organization\",\"name\":\"Melkerson y Nott SL\",\"alternateName\":\"Svenska Magasinet\",\"url\":\"https:\\\/\\\/lightweb.dev\\\/l\\\/svm-temp\\\/\",\"logo\":{\"@type\":\"ImageObject\",\"inLanguage\":\"sv-SE\",\"@id\":\"https:\\\/\\\/lightweb.dev\\\/l\\\/svm-temp\\\/#\\\/schema\\\/logo\\\/image\\\/\",\"url\":\"https:\\\/\\\/lightweb.dev\\\/l\\\/svm-temp\\\/wp-content\\\/uploads\\\/2025\\\/02\\\/SvM-logo-Xtra-Centrerad-SVART.png\",\"contentUrl\":\"https:\\\/\\\/lightweb.dev\\\/l\\\/svm-temp\\\/wp-content\\\/uploads\\\/2025\\\/02\\\/SvM-logo-Xtra-Centrerad-SVART.png\",\"width\":300,\"height\":99,\"caption\":\"Melkerson y Nott SL\"},\"image\":{\"@id\":\"https:\\\/\\\/lightweb.dev\\\/l\\\/svm-temp\\\/#\\\/schema\\\/logo\\\/image\\\/\"},\"sameAs\":[\"https:\\\/\\\/www.facebook.com\\\/svenskamagasinet\",\"https:\\\/\\\/x.com\\\/SvenskaMagasine\"]},{\"@type\":\"Person\",\"@id\":\"https:\\\/\\\/lightweb.dev\\\/l\\\/svm-temp\\\/#\\\/schema\\\/person\\\/caffe038990d25722f5a04a03c906a2b\",\"name\":\"Robbie Eriksson\",\"sameAs\":[\"https:\\\/\\\/lightweb.dev\\\/l\\\/svm-temp\"],\"url\":\"https:\\\/\\\/lightweb.dev\\\/l\\\/svm-temp\\\/reporter\\\/robbie-eriksson\\\/\"}]}<\/script>\n<!-- \/ Yoast SEO Premium plugin. -->","yoast_head_json":{"title":"Efterlyst torped l\u00e4mnade \u00f6ver sig sj\u00e4lv - Svenska Magasinet","robots":{"index":"noindex","follow":"follow","max-snippet":"max-snippet:-1","max-image-preview":"max-image-preview:large","max-video-preview":"max-video-preview:-1"},"og_locale":"sv_SE","og_type":"article","og_title":"Efterlyst torped l\u00e4mnade \u00f6ver sig sj\u00e4lv","og_description":"Den colombianska mannen hade varit p\u00e5 flykt i ett knappt \u00e5r efter att ha rymt under en permission fr\u00e5n f\u00e4ngelset.\u00a0Efter att hans namn dykt upp p\u00e5 en lista \u00f6ver Spaniens mest efterlysta infann han sig frivilligt hos myndigheter i Madrid.\u00a0","og_url":"https:\/\/lightweb.dev\/l\/svm-temp\/nyheter\/efterlyst-torped-lamnade-over-sig-sjalv\/","og_site_name":"Svenska Magasinet","article_publisher":"https:\/\/www.facebook.com\/svenskamagasinet","article_published_time":"2024-07-18T14:18:18+00:00","og_image":[{"width":1200,"height":840,"url":"https:\/\/lightweb.dev\/l\/svm-temp\/wp-content\/uploads\/2024\/07\/most-wanted-hitman.webp","type":"image\/webp"}],"author":"Robbie Eriksson","twitter_card":"summary_large_image","twitter_creator":"@SvenskaMagasine","twitter_site":"@SvenskaMagasine","schema":{"@context":"https:\/\/schema.org","@graph":[{"@type":"Article","@id":"https:\/\/lightweb.dev\/l\/svm-temp\/nyheter\/efterlyst-torped-lamnade-over-sig-sjalv\/#article","isPartOf":{"@id":"https:\/\/lightweb.dev\/l\/svm-temp\/nyheter\/efterlyst-torped-lamnade-over-sig-sjalv\/"},"author":{"name":"Robbie Eriksson","@id":"https:\/\/lightweb.dev\/l\/svm-temp\/#\/schema\/person\/caffe038990d25722f5a04a03c906a2b"},"headline":"Efterlyst torped l\u00e4mnade \u00f6ver sig sj\u00e4lv","datePublished":"2024-07-18T14:18:18+00:00","mainEntityOfPage":{"@id":"https:\/\/lightweb.dev\/l\/svm-temp\/nyheter\/efterlyst-torped-lamnade-over-sig-sjalv\/"},"wordCount":305,"publisher":{"@id":"https:\/\/lightweb.dev\/l\/svm-temp\/#organization"},"image":{"@id":"https:\/\/lightweb.dev\/l\/svm-temp\/nyheter\/efterlyst-torped-lamnade-over-sig-sjalv\/#primaryimage"},"thumbnailUrl":"https:\/\/lightweb.dev\/l\/svm-temp\/wp-content\/uploads\/2024\/07\/most-wanted-hitman.webp","articleSection":["Arkiv","Nyheter"],"inLanguage":"sv-SE"},{"@type":"WebPage","@id":"https:\/\/lightweb.dev\/l\/svm-temp\/nyheter\/efterlyst-torped-lamnade-over-sig-sjalv\/","url":"https:\/\/lightweb.dev\/l\/svm-temp\/nyheter\/efterlyst-torped-lamnade-over-sig-sjalv\/","name":"Efterlyst torped l\u00e4mnade \u00f6ver sig sj\u00e4lv - Svenska Magasinet","isPartOf":{"@id":"https:\/\/lightweb.dev\/l\/svm-temp\/#website"},"primaryImageOfPage":{"@id":"https:\/\/lightweb.dev\/l\/svm-temp\/nyheter\/efterlyst-torped-lamnade-over-sig-sjalv\/#primaryimage"},"image":{"@id":"https:\/\/lightweb.dev\/l\/svm-temp\/nyheter\/efterlyst-torped-lamnade-over-sig-sjalv\/#primaryimage"},"thumbnailUrl":"https:\/\/lightweb.dev\/l\/svm-temp\/wp-content\/uploads\/2024\/07\/most-wanted-hitman.webp","datePublished":"2024-07-18T14:18:18+00:00","breadcrumb":{"@id":"https:\/\/lightweb.dev\/l\/svm-temp\/nyheter\/efterlyst-torped-lamnade-over-sig-sjalv\/#breadcrumb"},"inLanguage":"sv-SE","potentialAction":[{"@type":"ReadAction","target":["https:\/\/lightweb.dev\/l\/svm-temp\/nyheter\/efterlyst-torped-lamnade-over-sig-sjalv\/"]}]},{"@type":"ImageObject","inLanguage":"sv-SE","@id":"https:\/\/lightweb.dev\/l\/svm-temp\/nyheter\/efterlyst-torped-lamnade-over-sig-sjalv\/#primaryimage","url":"https:\/\/lightweb.dev\/l\/svm-temp\/wp-content\/uploads\/2024\/07\/most-wanted-hitman.webp","contentUrl":"https:\/\/lightweb.dev\/l\/svm-temp\/wp-content\/uploads\/2024\/07\/most-wanted-hitman.webp","width":1200,"height":840,"caption":"(Bild: Policia Nacional)"},{"@type":"BreadcrumbList","@id":"https:\/\/lightweb.dev\/l\/svm-temp\/nyheter\/efterlyst-torped-lamnade-over-sig-sjalv\/#breadcrumb","itemListElement":[{"@type":"ListItem","position":1,"name":"Hem","item":"https:\/\/lightweb.dev\/l\/svm-temp\/"},{"@type":"ListItem","position":2,"name":"Efterlyst torped l\u00e4mnade \u00f6ver sig sj\u00e4lv"}]},{"@type":"WebSite","@id":"https:\/\/lightweb.dev\/l\/svm-temp\/#website","url":"https:\/\/lightweb.dev\/l\/svm-temp\/","name":"Svenska Magasinet","description":"Dina Spanska nyheter p&aring; Svenska","publisher":{"@id":"https:\/\/lightweb.dev\/l\/svm-temp\/#organization"},"potentialAction":[{"@type":"SearchAction","target":{"@type":"EntryPoint","urlTemplate":"https:\/\/lightweb.dev\/l\/svm-temp\/?s={search_term_string}"},"query-input":{"@type":"PropertyValueSpecification","valueRequired":true,"valueName":"search_term_string"}}],"inLanguage":"sv-SE"},{"@type":"Organization","@id":"https:\/\/lightweb.dev\/l\/svm-temp\/#organization","name":"Melkerson y Nott SL","alternateName":"Svenska Magasinet","url":"https:\/\/lightweb.dev\/l\/svm-temp\/","logo":{"@type":"ImageObject","inLanguage":"sv-SE","@id":"https:\/\/lightweb.dev\/l\/svm-temp\/#\/schema\/logo\/image\/","url":"https:\/\/lightweb.dev\/l\/svm-temp\/wp-content\/uploads\/2025\/02\/SvM-logo-Xtra-Centrerad-SVART.png","contentUrl":"https:\/\/lightweb.dev\/l\/svm-temp\/wp-content\/uploads\/2025\/02\/SvM-logo-Xtra-Centrerad-SVART.png","width":300,"height":99,"caption":"Melkerson y Nott SL"},"image":{"@id":"https:\/\/lightweb.dev\/l\/svm-temp\/#\/schema\/logo\/image\/"},"sameAs":["https:\/\/www.facebook.com\/svenskamagasinet","https:\/\/x.com\/SvenskaMagasine"]},{"@type":"Person","@id":"https:\/\/lightweb.dev\/l\/svm-temp\/#\/schema\/person\/caffe038990d25722f5a04a03c906a2b","name":"Robbie Eriksson","sameAs":["https:\/\/lightweb.dev\/l\/svm-temp"],"url":"https:\/\/lightweb.dev\/l\/svm-temp\/reporter\/robbie-eriksson\/"}]}},"_links":{"self":[{"href":"https:\/\/lightweb.dev\/l\/svm-temp\/wp-json\/wp\/v2\/posts\/73431","targetHints":{"allow":["GET"]}}],"collection":[{"href":"https:\/\/lightweb.dev\/l\/svm-temp\/wp-json\/wp\/v2\/posts"}],"about":[{"href":"https:\/\/lightweb.dev\/l\/svm-temp\/wp-json\/wp\/v2\/types\/post"}],"author":[{"embeddable":true,"href":"https:\/\/lightweb.dev\/l\/svm-temp\/wp-json\/wp\/v2\/users\/14"}],"replies":[{"embeddable":true,"href":"https:\/\/lightweb.dev\/l\/svm-temp\/wp-json\/wp\/v2\/comments?post=73431"}],"version-history":[{"count":0,"href":"https:\/\/lightweb.dev\/l\/svm-temp\/wp-json\/wp\/v2\/posts\/73431\/revisions"}],"wp:featuredmedia":[{"embeddable":true,"href":"https:\/\/lightweb.dev\/l\/svm-temp\/wp-json\/wp\/v2\/media\/73432"}],"wp:attachment":[{"href":"https:\/\/lightweb.dev\/l\/svm-temp\/wp-json\/wp\/v2\/media?parent=73431"}],"wp:term":[{"taxonomy":"category","embeddable":true,"href":"https:\/\/lightweb.dev\/l\/svm-temp\/wp-json\/wp\/v2\/categories?post=73431"},{"taxonomy":"post_tag","embeddable":true,"href":"https:\/\/lightweb.dev\/l\/svm-temp\/wp-json\/wp\/v2\/tags?post=73431"}],"curies":[{"name":"wp","href":"https:\/\/api.w.org\/{rel}","templated":true}]}}