{"id":73434,"date":"2024-07-18T16:27:50","date_gmt":"2024-07-18T14:27:50","guid":{"rendered":"https:\/\/lightweb.dev\/l\/svm-temp\/?p=73434"},"modified":"2024-07-18T16:27:50","modified_gmt":"2024-07-18T14:27:50","slug":"historisk-overenskommelse-om-tagen-pa-solkusten","status":"publish","type":"post","link":"https:\/\/lightweb.dev\/l\/svm-temp\/nyheter\/historisk-overenskommelse-om-tagen-pa-solkusten\/","title":{"rendered":"Historisk \u00f6verenskommelse om t\u00e5gen p\u00e5 Solkusten"},"content":{"rendered":"<p><strong>Ig\u00e5r h\u00f6lls ett f\u00f6rsta m\u00f6te mellan representanter fr\u00e5n centralregeringen, regionregeringen och utvalda myndigheter och kommuner l\u00e4ngs kusten.\u00a0<\/strong><\/p>\n<p><strong>Under sammantr\u00e4det ska man ha pratat om m\u00f6jligheten att ut\u00f6ka t\u00e5get s\u00e5 att det g\u00e5r fr\u00e5n Nerja till Algeciras.\u00a0<\/strong><\/p>\n<p><span style=\"font-weight: 400;\">Nya studier \u00f6ver genomf\u00f6rbarheten att f\u00f6rl\u00e4nga kustt\u00e5get ska utf\u00f6ras. Detta efter en historisk \u00f6verenskommelse mellan Spaniens regering och olika representanter fr\u00e5n regionen. Man har beslutat att dessa studier ska p\u00e5b\u00f6rjas direkt och de v\u00e4ntas ta n\u00e5gra m\u00e5nader. Senare ska man l\u00e4gga ut en utredning om vilken typ av servicemodell som passar b\u00e4st till anbud, vilket kommer att ske n\u00e4sta \u00e5r.\u00a0<\/span><\/p>\n<p><span style=\"font-weight: 400;\">Sammantr\u00e4det avslutades med tal fr\u00e5n statssekreteraren f\u00f6r transport, <\/span><span style=\"font-weight: 400;\">Jos\u00e9 Antonio Santano, regionalministern f\u00f6r offentligt arbete, Roc\u00edo D\u00edaz, provinsr\u00e5dets president, Francisco Salado och M\u00e1lagas borgm\u00e4stare Francisco de la Torre.\u00a0\u00a0\u00a0<\/span><\/p>\n<p><span style=\"font-weight: 400;\">\u201cDet finns m\u00e5nga fr\u00e5gor som beh\u00f6ver besvaras,\u201d sade Santano n\u00e4r han fick fr\u00e5gor fr\u00e5n journalister r\u00f6rande j\u00e4rnv\u00e4gens l\u00e4ngd och vilken typ av t\u00e5g som kommer att betj\u00e4na linjen. \u201cDet \u00e4r dessa fr\u00e5gor vi beh\u00f6ver f\u00e5 svar p\u00e5, genom att lyssna och titta p\u00e5 genomf\u00f6rbarhetsstudier, f\u00f6r att se hur vi b\u00e4st l\u00f6ser problemen med r\u00f6rligheten\u201d.\u00a0<\/span><\/p>\n<p><span style=\"font-weight: 400;\">N\u00e4sta m\u00f6te \u00e4r planerat till b\u00f6rjan av 2025, i januari eller februari, och d\u00e4r hoppas man ha nog med data f\u00f6r att forts\u00e4tta r\u00f6ra sig fram\u00e5t med planerna.\u00a0<\/span><\/p>\n<h2><span style=\"font-weight: 400;\">L\u00f6sningar p\u00e5 kort och medell\u00e5ng sikt<\/span><\/h2>\n<p><span style=\"font-weight: 400;\">Under m\u00f6tet understr\u00f6ks vikten av att skifta resen\u00e4rer l\u00e4ngs kusten fr\u00e5n privata fordon till lokaltrafiken. \u201cT\u00e5get \u00e4r ett l\u00e5ngsiktigt \u00e5tagande, men vi beh\u00f6ver ocks\u00e5 l\u00f6sningar p\u00e5 kort och medell\u00e5ng sikt,\u201d sade <\/span><span style=\"font-weight: 400;\">Roc\u00edo D\u00edaz. Just nu kommer man att satsa p\u00e5 att f\u00f6rb\u00e4ttra busstj\u00e4nsterna, b\u00e5de stadsbussar och de som g\u00e5r mellan kustens st\u00e4der. Ansvaret f\u00f6r dessa ligger hos regionregeringen och stadshusen. Man har satt upp flera arbetslag f\u00f6r att l\u00f6sa problemen med dessa, med representanter fr\u00e5n alla ber\u00f6rda myndigheter.<\/span><\/p>\n<h3><span style=\"font-weight: 400;\">Motorv\u00e4gen<\/span><\/h3>\n<p><span style=\"font-weight: 400;\">B\u00e5de regionregeringen och flera av Solkustens borgm\u00e4stare har klagat p\u00e5 h\u00f6ga tullavgifter p\u00e5 motorv\u00e4g AP-7. Statssekreterare Santano p\u00e5pekade att v\u00e4gen har en koncession s\u00e5 f\u00f6rst m\u00e5ste man analysera kontrakten och dess termer. Men han sade ocks\u00e5 att Transportministeriet har g\u00e5tt med p\u00e5 att utreda m\u00f6jliga rabatter, framf\u00f6rallt f\u00f6r arbetare och studenter.\u00a0<\/span><\/p>\n<p><span style=\"font-weight: 400;\">Provinsr\u00e5dets president, Francisco Salado, agerade talesperson f\u00f6r borgm\u00e4starna efter m\u00f6tet. Han meddelade att de generellt var n\u00f6jda med utg\u00e5ngen. \u201cFler \u00e4n tv\u00e5 miljoner m\u00e4nniskor v\u00e4ntar p\u00e5 oss idag och de vill se resultat\u201d, sade han.\u00a0<\/span><\/p>\n<p><span style=\"font-weight: 400;\">\u201cVi \u00e4r n\u00f6jda eftersom det har r\u00e5dit en viktig f\u00f6rst\u00e5else mellan den spanska regeringen, regionregeringen och stadshusen. Det finns redan en plan, vi har tagit ett v\u00e4ldigt viktigt steg\u201d, fortsatte han och tillade: \u201cKustt\u00e5get \u00e4r prioriteten, tillsammans med kort- och l\u00e5ngsiktiga \u00e5tg\u00e4rder som v\u00e4gtullarna p\u00e5 AP-7\u201d. <\/span><\/p>\n","protected":false},"excerpt":{"rendered":"<p>Ig\u00e5r h\u00f6lls ett f\u00f6rsta m\u00f6te mellan representanter fr\u00e5n centralregeringen, regionregeringen och utvalda myndigheter och kommuner l\u00e4ngs kusten.\u00a0Under sammantr\u00e4det ska man ha pratat om m\u00f6jligheten att ut\u00f6ka t\u00e5get s\u00e5 att det g\u00e5r fr\u00e5n Nerja till Algeciras.\u00a0<\/p>\n","protected":false},"author":14,"featured_media":73435,"comment_status":"closed","ping_status":"closed","sticky":false,"template":"","format":"standard","meta":{"_et_pb_use_builder":"","_et_pb_old_content":"","_et_gb_content_width":"","footnotes":""},"categories":[395,3],"tags":[],"class_list":["post-73434","post","type-post","status-publish","format-standard","has-post-thumbnail","hentry","category-arkiv-nyheter","category-nyheter"],"yoast_head":"<!-- This site is optimized with the Yoast SEO Premium plugin v26.2 (Yoast SEO v27.5) - https:\/\/yoast.com\/product\/yoast-seo-premium-wordpress\/ -->\n<title>Historisk \u00f6verenskommelse om t\u00e5gen p\u00e5 Solkusten - Svenska Magasinet<\/title>\n<meta name=\"robots\" content=\"noindex, follow, max-snippet:-1, max-image-preview:large, max-video-preview:-1\" \/>\n<meta property=\"og:locale\" content=\"sv_SE\" \/>\n<meta property=\"og:type\" content=\"article\" \/>\n<meta property=\"og:title\" content=\"Historisk \u00f6verenskommelse om t\u00e5gen p\u00e5 Solkusten\" \/>\n<meta property=\"og:description\" content=\"Ig\u00e5r h\u00f6lls ett f\u00f6rsta m\u00f6te mellan representanter fr\u00e5n centralregeringen, regionregeringen och utvalda myndigheter och kommuner l\u00e4ngs kusten.\u00a0Under sammantr\u00e4det ska man ha pratat om m\u00f6jligheten att ut\u00f6ka t\u00e5get s\u00e5 att det g\u00e5r fr\u00e5n Nerja till Algeciras.\u00a0\" \/>\n<meta property=\"og:url\" content=\"https:\/\/lightweb.dev\/l\/svm-temp\/nyheter\/historisk-overenskommelse-om-tagen-pa-solkusten\/\" \/>\n<meta property=\"og:site_name\" content=\"Svenska Magasinet\" \/>\n<meta property=\"article:publisher\" content=\"https:\/\/www.facebook.com\/svenskamagasinet\" \/>\n<meta property=\"article:published_time\" content=\"2024-07-18T14:27:50+00:00\" \/>\n<meta property=\"og:image\" content=\"https:\/\/lightweb.dev\/l\/svm-temp\/wp-content\/uploads\/2024\/07\/utokad-pendeltagstrafik-bollen-ligger-hos-renfe.jpg\" \/>\n\t<meta property=\"og:image:width\" content=\"700\" \/>\n\t<meta property=\"og:image:height\" content=\"420\" \/>\n\t<meta property=\"og:image:type\" content=\"image\/jpeg\" \/>\n<meta name=\"author\" content=\"Robbie Eriksson\" \/>\n<meta name=\"twitter:card\" content=\"summary_large_image\" \/>\n<meta name=\"twitter:creator\" content=\"@SvenskaMagasine\" \/>\n<meta name=\"twitter:site\" content=\"@SvenskaMagasine\" \/>\n<script type=\"application\/ld+json\" class=\"yoast-schema-graph\">{\"@context\":\"https:\\\/\\\/schema.org\",\"@graph\":[{\"@type\":\"Article\",\"@id\":\"https:\\\/\\\/lightweb.dev\\\/l\\\/svm-temp\\\/nyheter\\\/historisk-overenskommelse-om-tagen-pa-solkusten\\\/#article\",\"isPartOf\":{\"@id\":\"https:\\\/\\\/lightweb.dev\\\/l\\\/svm-temp\\\/nyheter\\\/historisk-overenskommelse-om-tagen-pa-solkusten\\\/\"},\"author\":{\"name\":\"Robbie Eriksson\",\"@id\":\"https:\\\/\\\/lightweb.dev\\\/l\\\/svm-temp\\\/#\\\/schema\\\/person\\\/caffe038990d25722f5a04a03c906a2b\"},\"headline\":\"Historisk \u00f6verenskommelse om t\u00e5gen p\u00e5 Solkusten\",\"datePublished\":\"2024-07-18T14:27:50+00:00\",\"mainEntityOfPage\":{\"@id\":\"https:\\\/\\\/lightweb.dev\\\/l\\\/svm-temp\\\/nyheter\\\/historisk-overenskommelse-om-tagen-pa-solkusten\\\/\"},\"wordCount\":546,\"publisher\":{\"@id\":\"https:\\\/\\\/lightweb.dev\\\/l\\\/svm-temp\\\/#organization\"},\"image\":{\"@id\":\"https:\\\/\\\/lightweb.dev\\\/l\\\/svm-temp\\\/nyheter\\\/historisk-overenskommelse-om-tagen-pa-solkusten\\\/#primaryimage\"},\"thumbnailUrl\":\"https:\\\/\\\/lightweb.dev\\\/l\\\/svm-temp\\\/wp-content\\\/uploads\\\/2024\\\/07\\\/utokad-pendeltagstrafik-bollen-ligger-hos-renfe.jpg\",\"articleSection\":[\"Arkiv\",\"Nyheter\"],\"inLanguage\":\"sv-SE\"},{\"@type\":\"WebPage\",\"@id\":\"https:\\\/\\\/lightweb.dev\\\/l\\\/svm-temp\\\/nyheter\\\/historisk-overenskommelse-om-tagen-pa-solkusten\\\/\",\"url\":\"https:\\\/\\\/lightweb.dev\\\/l\\\/svm-temp\\\/nyheter\\\/historisk-overenskommelse-om-tagen-pa-solkusten\\\/\",\"name\":\"Historisk \u00f6verenskommelse om t\u00e5gen p\u00e5 Solkusten - Svenska Magasinet\",\"isPartOf\":{\"@id\":\"https:\\\/\\\/lightweb.dev\\\/l\\\/svm-temp\\\/#website\"},\"primaryImageOfPage\":{\"@id\":\"https:\\\/\\\/lightweb.dev\\\/l\\\/svm-temp\\\/nyheter\\\/historisk-overenskommelse-om-tagen-pa-solkusten\\\/#primaryimage\"},\"image\":{\"@id\":\"https:\\\/\\\/lightweb.dev\\\/l\\\/svm-temp\\\/nyheter\\\/historisk-overenskommelse-om-tagen-pa-solkusten\\\/#primaryimage\"},\"thumbnailUrl\":\"https:\\\/\\\/lightweb.dev\\\/l\\\/svm-temp\\\/wp-content\\\/uploads\\\/2024\\\/07\\\/utokad-pendeltagstrafik-bollen-ligger-hos-renfe.jpg\",\"datePublished\":\"2024-07-18T14:27:50+00:00\",\"breadcrumb\":{\"@id\":\"https:\\\/\\\/lightweb.dev\\\/l\\\/svm-temp\\\/nyheter\\\/historisk-overenskommelse-om-tagen-pa-solkusten\\\/#breadcrumb\"},\"inLanguage\":\"sv-SE\",\"potentialAction\":[{\"@type\":\"ReadAction\",\"target\":[\"https:\\\/\\\/lightweb.dev\\\/l\\\/svm-temp\\\/nyheter\\\/historisk-overenskommelse-om-tagen-pa-solkusten\\\/\"]}]},{\"@type\":\"ImageObject\",\"inLanguage\":\"sv-SE\",\"@id\":\"https:\\\/\\\/lightweb.dev\\\/l\\\/svm-temp\\\/nyheter\\\/historisk-overenskommelse-om-tagen-pa-solkusten\\\/#primaryimage\",\"url\":\"https:\\\/\\\/lightweb.dev\\\/l\\\/svm-temp\\\/wp-content\\\/uploads\\\/2024\\\/07\\\/utokad-pendeltagstrafik-bollen-ligger-hos-renfe.jpg\",\"contentUrl\":\"https:\\\/\\\/lightweb.dev\\\/l\\\/svm-temp\\\/wp-content\\\/uploads\\\/2024\\\/07\\\/utokad-pendeltagstrafik-bollen-ligger-hos-renfe.jpg\",\"width\":700,\"height\":420},{\"@type\":\"BreadcrumbList\",\"@id\":\"https:\\\/\\\/lightweb.dev\\\/l\\\/svm-temp\\\/nyheter\\\/historisk-overenskommelse-om-tagen-pa-solkusten\\\/#breadcrumb\",\"itemListElement\":[{\"@type\":\"ListItem\",\"position\":1,\"name\":\"Hem\",\"item\":\"https:\\\/\\\/lightweb.dev\\\/l\\\/svm-temp\\\/\"},{\"@type\":\"ListItem\",\"position\":2,\"name\":\"Historisk \u00f6verenskommelse om t\u00e5gen p\u00e5 Solkusten\"}]},{\"@type\":\"WebSite\",\"@id\":\"https:\\\/\\\/lightweb.dev\\\/l\\\/svm-temp\\\/#website\",\"url\":\"https:\\\/\\\/lightweb.dev\\\/l\\\/svm-temp\\\/\",\"name\":\"Svenska Magasinet\",\"description\":\"Dina Spanska nyheter p&aring; Svenska\",\"publisher\":{\"@id\":\"https:\\\/\\\/lightweb.dev\\\/l\\\/svm-temp\\\/#organization\"},\"potentialAction\":[{\"@type\":\"SearchAction\",\"target\":{\"@type\":\"EntryPoint\",\"urlTemplate\":\"https:\\\/\\\/lightweb.dev\\\/l\\\/svm-temp\\\/?s={search_term_string}\"},\"query-input\":{\"@type\":\"PropertyValueSpecification\",\"valueRequired\":true,\"valueName\":\"search_term_string\"}}],\"inLanguage\":\"sv-SE\"},{\"@type\":\"Organization\",\"@id\":\"https:\\\/\\\/lightweb.dev\\\/l\\\/svm-temp\\\/#organization\",\"name\":\"Melkerson y Nott SL\",\"alternateName\":\"Svenska Magasinet\",\"url\":\"https:\\\/\\\/lightweb.dev\\\/l\\\/svm-temp\\\/\",\"logo\":{\"@type\":\"ImageObject\",\"inLanguage\":\"sv-SE\",\"@id\":\"https:\\\/\\\/lightweb.dev\\\/l\\\/svm-temp\\\/#\\\/schema\\\/logo\\\/image\\\/\",\"url\":\"https:\\\/\\\/lightweb.dev\\\/l\\\/svm-temp\\\/wp-content\\\/uploads\\\/2025\\\/02\\\/SvM-logo-Xtra-Centrerad-SVART.png\",\"contentUrl\":\"https:\\\/\\\/lightweb.dev\\\/l\\\/svm-temp\\\/wp-content\\\/uploads\\\/2025\\\/02\\\/SvM-logo-Xtra-Centrerad-SVART.png\",\"width\":300,\"height\":99,\"caption\":\"Melkerson y Nott SL\"},\"image\":{\"@id\":\"https:\\\/\\\/lightweb.dev\\\/l\\\/svm-temp\\\/#\\\/schema\\\/logo\\\/image\\\/\"},\"sameAs\":[\"https:\\\/\\\/www.facebook.com\\\/svenskamagasinet\",\"https:\\\/\\\/x.com\\\/SvenskaMagasine\"]},{\"@type\":\"Person\",\"@id\":\"https:\\\/\\\/lightweb.dev\\\/l\\\/svm-temp\\\/#\\\/schema\\\/person\\\/caffe038990d25722f5a04a03c906a2b\",\"name\":\"Robbie Eriksson\",\"sameAs\":[\"https:\\\/\\\/lightweb.dev\\\/l\\\/svm-temp\"],\"url\":\"https:\\\/\\\/lightweb.dev\\\/l\\\/svm-temp\\\/reporter\\\/robbie-eriksson\\\/\"}]}<\/script>\n<!-- \/ Yoast SEO Premium plugin. -->","yoast_head_json":{"title":"Historisk \u00f6verenskommelse om t\u00e5gen p\u00e5 Solkusten - Svenska Magasinet","robots":{"index":"noindex","follow":"follow","max-snippet":"max-snippet:-1","max-image-preview":"max-image-preview:large","max-video-preview":"max-video-preview:-1"},"og_locale":"sv_SE","og_type":"article","og_title":"Historisk \u00f6verenskommelse om t\u00e5gen p\u00e5 Solkusten","og_description":"Ig\u00e5r h\u00f6lls ett f\u00f6rsta m\u00f6te mellan representanter fr\u00e5n centralregeringen, regionregeringen och utvalda myndigheter och kommuner l\u00e4ngs kusten.\u00a0Under sammantr\u00e4det ska man ha pratat om m\u00f6jligheten att ut\u00f6ka t\u00e5get s\u00e5 att det g\u00e5r fr\u00e5n Nerja till Algeciras.\u00a0","og_url":"https:\/\/lightweb.dev\/l\/svm-temp\/nyheter\/historisk-overenskommelse-om-tagen-pa-solkusten\/","og_site_name":"Svenska Magasinet","article_publisher":"https:\/\/www.facebook.com\/svenskamagasinet","article_published_time":"2024-07-18T14:27:50+00:00","og_image":[{"width":700,"height":420,"url":"https:\/\/lightweb.dev\/l\/svm-temp\/wp-content\/uploads\/2024\/07\/utokad-pendeltagstrafik-bollen-ligger-hos-renfe.jpg","type":"image\/jpeg"}],"author":"Robbie Eriksson","twitter_card":"summary_large_image","twitter_creator":"@SvenskaMagasine","twitter_site":"@SvenskaMagasine","schema":{"@context":"https:\/\/schema.org","@graph":[{"@type":"Article","@id":"https:\/\/lightweb.dev\/l\/svm-temp\/nyheter\/historisk-overenskommelse-om-tagen-pa-solkusten\/#article","isPartOf":{"@id":"https:\/\/lightweb.dev\/l\/svm-temp\/nyheter\/historisk-overenskommelse-om-tagen-pa-solkusten\/"},"author":{"name":"Robbie Eriksson","@id":"https:\/\/lightweb.dev\/l\/svm-temp\/#\/schema\/person\/caffe038990d25722f5a04a03c906a2b"},"headline":"Historisk \u00f6verenskommelse om t\u00e5gen p\u00e5 Solkusten","datePublished":"2024-07-18T14:27:50+00:00","mainEntityOfPage":{"@id":"https:\/\/lightweb.dev\/l\/svm-temp\/nyheter\/historisk-overenskommelse-om-tagen-pa-solkusten\/"},"wordCount":546,"publisher":{"@id":"https:\/\/lightweb.dev\/l\/svm-temp\/#organization"},"image":{"@id":"https:\/\/lightweb.dev\/l\/svm-temp\/nyheter\/historisk-overenskommelse-om-tagen-pa-solkusten\/#primaryimage"},"thumbnailUrl":"https:\/\/lightweb.dev\/l\/svm-temp\/wp-content\/uploads\/2024\/07\/utokad-pendeltagstrafik-bollen-ligger-hos-renfe.jpg","articleSection":["Arkiv","Nyheter"],"inLanguage":"sv-SE"},{"@type":"WebPage","@id":"https:\/\/lightweb.dev\/l\/svm-temp\/nyheter\/historisk-overenskommelse-om-tagen-pa-solkusten\/","url":"https:\/\/lightweb.dev\/l\/svm-temp\/nyheter\/historisk-overenskommelse-om-tagen-pa-solkusten\/","name":"Historisk \u00f6verenskommelse om t\u00e5gen p\u00e5 Solkusten - Svenska Magasinet","isPartOf":{"@id":"https:\/\/lightweb.dev\/l\/svm-temp\/#website"},"primaryImageOfPage":{"@id":"https:\/\/lightweb.dev\/l\/svm-temp\/nyheter\/historisk-overenskommelse-om-tagen-pa-solkusten\/#primaryimage"},"image":{"@id":"https:\/\/lightweb.dev\/l\/svm-temp\/nyheter\/historisk-overenskommelse-om-tagen-pa-solkusten\/#primaryimage"},"thumbnailUrl":"https:\/\/lightweb.dev\/l\/svm-temp\/wp-content\/uploads\/2024\/07\/utokad-pendeltagstrafik-bollen-ligger-hos-renfe.jpg","datePublished":"2024-07-18T14:27:50+00:00","breadcrumb":{"@id":"https:\/\/lightweb.dev\/l\/svm-temp\/nyheter\/historisk-overenskommelse-om-tagen-pa-solkusten\/#breadcrumb"},"inLanguage":"sv-SE","potentialAction":[{"@type":"ReadAction","target":["https:\/\/lightweb.dev\/l\/svm-temp\/nyheter\/historisk-overenskommelse-om-tagen-pa-solkusten\/"]}]},{"@type":"ImageObject","inLanguage":"sv-SE","@id":"https:\/\/lightweb.dev\/l\/svm-temp\/nyheter\/historisk-overenskommelse-om-tagen-pa-solkusten\/#primaryimage","url":"https:\/\/lightweb.dev\/l\/svm-temp\/wp-content\/uploads\/2024\/07\/utokad-pendeltagstrafik-bollen-ligger-hos-renfe.jpg","contentUrl":"https:\/\/lightweb.dev\/l\/svm-temp\/wp-content\/uploads\/2024\/07\/utokad-pendeltagstrafik-bollen-ligger-hos-renfe.jpg","width":700,"height":420},{"@type":"BreadcrumbList","@id":"https:\/\/lightweb.dev\/l\/svm-temp\/nyheter\/historisk-overenskommelse-om-tagen-pa-solkusten\/#breadcrumb","itemListElement":[{"@type":"ListItem","position":1,"name":"Hem","item":"https:\/\/lightweb.dev\/l\/svm-temp\/"},{"@type":"ListItem","position":2,"name":"Historisk \u00f6verenskommelse om t\u00e5gen p\u00e5 Solkusten"}]},{"@type":"WebSite","@id":"https:\/\/lightweb.dev\/l\/svm-temp\/#website","url":"https:\/\/lightweb.dev\/l\/svm-temp\/","name":"Svenska Magasinet","description":"Dina Spanska nyheter p&aring; Svenska","publisher":{"@id":"https:\/\/lightweb.dev\/l\/svm-temp\/#organization"},"potentialAction":[{"@type":"SearchAction","target":{"@type":"EntryPoint","urlTemplate":"https:\/\/lightweb.dev\/l\/svm-temp\/?s={search_term_string}"},"query-input":{"@type":"PropertyValueSpecification","valueRequired":true,"valueName":"search_term_string"}}],"inLanguage":"sv-SE"},{"@type":"Organization","@id":"https:\/\/lightweb.dev\/l\/svm-temp\/#organization","name":"Melkerson y Nott SL","alternateName":"Svenska Magasinet","url":"https:\/\/lightweb.dev\/l\/svm-temp\/","logo":{"@type":"ImageObject","inLanguage":"sv-SE","@id":"https:\/\/lightweb.dev\/l\/svm-temp\/#\/schema\/logo\/image\/","url":"https:\/\/lightweb.dev\/l\/svm-temp\/wp-content\/uploads\/2025\/02\/SvM-logo-Xtra-Centrerad-SVART.png","contentUrl":"https:\/\/lightweb.dev\/l\/svm-temp\/wp-content\/uploads\/2025\/02\/SvM-logo-Xtra-Centrerad-SVART.png","width":300,"height":99,"caption":"Melkerson y Nott SL"},"image":{"@id":"https:\/\/lightweb.dev\/l\/svm-temp\/#\/schema\/logo\/image\/"},"sameAs":["https:\/\/www.facebook.com\/svenskamagasinet","https:\/\/x.com\/SvenskaMagasine"]},{"@type":"Person","@id":"https:\/\/lightweb.dev\/l\/svm-temp\/#\/schema\/person\/caffe038990d25722f5a04a03c906a2b","name":"Robbie Eriksson","sameAs":["https:\/\/lightweb.dev\/l\/svm-temp"],"url":"https:\/\/lightweb.dev\/l\/svm-temp\/reporter\/robbie-eriksson\/"}]}},"_links":{"self":[{"href":"https:\/\/lightweb.dev\/l\/svm-temp\/wp-json\/wp\/v2\/posts\/73434","targetHints":{"allow":["GET"]}}],"collection":[{"href":"https:\/\/lightweb.dev\/l\/svm-temp\/wp-json\/wp\/v2\/posts"}],"about":[{"href":"https:\/\/lightweb.dev\/l\/svm-temp\/wp-json\/wp\/v2\/types\/post"}],"author":[{"embeddable":true,"href":"https:\/\/lightweb.dev\/l\/svm-temp\/wp-json\/wp\/v2\/users\/14"}],"replies":[{"embeddable":true,"href":"https:\/\/lightweb.dev\/l\/svm-temp\/wp-json\/wp\/v2\/comments?post=73434"}],"version-history":[{"count":0,"href":"https:\/\/lightweb.dev\/l\/svm-temp\/wp-json\/wp\/v2\/posts\/73434\/revisions"}],"wp:featuredmedia":[{"embeddable":true,"href":"https:\/\/lightweb.dev\/l\/svm-temp\/wp-json\/wp\/v2\/media\/73435"}],"wp:attachment":[{"href":"https:\/\/lightweb.dev\/l\/svm-temp\/wp-json\/wp\/v2\/media?parent=73434"}],"wp:term":[{"taxonomy":"category","embeddable":true,"href":"https:\/\/lightweb.dev\/l\/svm-temp\/wp-json\/wp\/v2\/categories?post=73434"},{"taxonomy":"post_tag","embeddable":true,"href":"https:\/\/lightweb.dev\/l\/svm-temp\/wp-json\/wp\/v2\/tags?post=73434"}],"curies":[{"name":"wp","href":"https:\/\/api.w.org\/{rel}","templated":true}]}}