{"id":73437,"date":"2024-07-18T16:33:52","date_gmt":"2024-07-18T14:33:52","guid":{"rendered":"https:\/\/lightweb.dev\/l\/svm-temp\/?p=73437"},"modified":"2024-07-18T19:40:28","modified_gmt":"2024-07-18T17:40:28","slug":"tusentals-turistbostader-har-blivit-av-med-licenserna","status":"publish","type":"post","link":"https:\/\/lightweb.dev\/l\/svm-temp\/nyheter\/tusentals-turistbostader-har-blivit-av-med-licenserna\/","title":{"rendered":"Tusentals turistbost\u00e4der har blivit av med licenserna"},"content":{"rendered":"<p><strong>P\u00e5 beg\u00e4ran av kommuner och st\u00e4der har regionregeringen i Andalusien dragit in tillst\u00e5nden f\u00f6r 2 445 bost\u00e4der som hyrs ut till turister.\u00a0<\/strong><\/p>\n<p><span style=\"font-weight: 400;\">435 licenser f\u00f6r att hyra ut turistbost\u00e4der i M\u00e1lagaprovinsen har dragits tillbaka av regionregeringen eftersom hyresv\u00e4rdarna inte f\u00f6ljde reglerna. Det andalusiska centralstyret uppskattar att hela 2 445 licenser har dragits in i de \u00e5tta provinshuvudst\u00e4derna i regionen p\u00e5 beg\u00e4ran av respektive stadsstyre.\u00a0<\/span><\/p>\n<p><span style=\"font-weight: 400;\">Flest indragna licenser hade Sevilla med 741. F\u00f6ljt av <\/span><span style=\"font-weight: 400;\">C\u00e1diz (617), M\u00e1laga (435), Granada (316), Almer\u00eda (140), Huelva (87), Jaen (79) och Cordoba (50).\u00a0<\/span><\/p>\n<p><span style=\"font-weight: 400;\">Enligt regionregeringens register finns det fler \u00e4n 12 000 bost\u00e4der som hyrs ut till turister i M\u00e1laga. Allts\u00e5 fick drygt 3 procent (435 stycken) av dem sina licenser fr\u00e5ntagna.\u00a0\u00a0\u00a0<\/span><\/p>\n<p><span style=\"font-weight: 400;\">Borgm\u00e4stare, Francisco de la Torre, menar dock att siffran borde uppskattas till mellan 8 000 och 9 000 d\u00e5 fler av dem inte aktivt hyrs ut just nu.\u00a0<\/span><\/p>\n<p><span style=\"font-weight: 400;\">Ram\u00f3n Fern\u00e1ndez-Pacheco, talesperson f\u00f6r regionregeringen, f\u00f6rklarade p\u00e5 en presskonferens att den regionala myndigheten f\u00f6r turism h\u00e5ller m\u00f6ten med de olika kommunerna om hur man ska till\u00e4mpa ett nytt dekret f\u00f6r turistbost\u00e4der som godk\u00e4ndes i februari. Det inneb\u00e4r att st\u00e4derna kan beg\u00e4ra ett \u00e5terkallande av licensen. Efter beg\u00e4ran analyseras bostaden i fr\u00e5ga och om uthyrningen bryter mot n\u00e5gra f\u00f6reskrifter \u00e5terkallas tillst\u00e5ndet.\u00a0<\/span><\/p>\n<p><span style=\"font-weight: 400;\">Fern\u00e1ndez-Pacheco \u00e4r n\u00f6jd med att dekretet \u201cfullf\u00f6ljer sitt uppdrag\u201d och \u00e4r ett verktyg f\u00f6r st\u00e4derna att \u201cta initiativet\u201d till att \u00e5terkalla licenser och f\u00f6rhoppningsvis \u00f6ka tillg\u00e5ngen p\u00e5 bost\u00e4der f\u00f6r lokalbefolkningen.\u00a0<\/span><\/p>\n<p><span style=\"font-weight: 400;\">Han f\u00f6rs\u00e4krade att bristen p\u00e5 bost\u00e4der, s\u00e4rskilt f\u00f6r unga m\u00e4nniskor, \u201cbekymrar\u201d regionregeringen och p\u00e5minde om att samma situation r\u00e5der i stora delar av landet. Han lyfte fram det senaste dekretet som \u201cett anv\u00e4ndbart verktyg f\u00f6r kommunerna att vidta \u00e5tg\u00e4rder\u201d och att en ny regional bostadslag \u00e4r p\u00e5 v\u00e4g att godk\u00e4nnas. <\/span><\/p>\n","protected":false},"excerpt":{"rendered":"<p>P\u00e5 beg\u00e4ran av kommuner och st\u00e4der har regionregeringen i Andalusien dragit in tillst\u00e5nden f\u00f6r 2 445 bost\u00e4der som hyrs ut till turister.\u00a0<\/p>\n","protected":false},"author":14,"featured_media":73438,"comment_status":"closed","ping_status":"closed","sticky":false,"template":"","format":"standard","meta":{"_et_pb_use_builder":"","_et_pb_old_content":"","_et_gb_content_width":"","footnotes":""},"categories":[395,3],"tags":[],"class_list":["post-73437","post","type-post","status-publish","format-standard","has-post-thumbnail","hentry","category-arkiv-nyheter","category-nyheter"],"yoast_head":"<!-- This site is optimized with the Yoast SEO Premium plugin v26.2 (Yoast SEO v27.5) - https:\/\/yoast.com\/product\/yoast-seo-premium-wordpress\/ -->\n<title>Tusentals turistbost\u00e4der har blivit av med licenserna - Svenska Magasinet<\/title>\n<meta name=\"robots\" content=\"noindex, follow, max-snippet:-1, max-image-preview:large, max-video-preview:-1\" \/>\n<meta property=\"og:locale\" content=\"sv_SE\" \/>\n<meta property=\"og:type\" content=\"article\" \/>\n<meta property=\"og:title\" content=\"Tusentals turistbost\u00e4der har blivit av med licenserna\" \/>\n<meta property=\"og:description\" content=\"P\u00e5 beg\u00e4ran av kommuner och st\u00e4der har regionregeringen i Andalusien dragit in tillst\u00e5nden f\u00f6r 2 445 bost\u00e4der som hyrs ut till turister.\u00a0\" \/>\n<meta property=\"og:url\" content=\"https:\/\/lightweb.dev\/l\/svm-temp\/nyheter\/tusentals-turistbostader-har-blivit-av-med-licenserna\/\" \/>\n<meta property=\"og:site_name\" content=\"Svenska Magasinet\" \/>\n<meta property=\"article:publisher\" content=\"https:\/\/www.facebook.com\/svenskamagasinet\" \/>\n<meta property=\"article:published_time\" content=\"2024-07-18T14:33:52+00:00\" \/>\n<meta property=\"article:modified_time\" content=\"2024-07-18T17:40:28+00:00\" \/>\n<meta property=\"og:image\" content=\"https:\/\/lightweb.dev\/l\/svm-temp\/wp-content\/uploads\/2024\/07\/8603402471_68718bd55e_c-1.jpg\" \/>\n\t<meta property=\"og:image:width\" content=\"800\" \/>\n\t<meta property=\"og:image:height\" content=\"601\" \/>\n\t<meta property=\"og:image:type\" content=\"image\/jpeg\" \/>\n<meta name=\"author\" content=\"Robbie Eriksson\" \/>\n<meta name=\"twitter:card\" content=\"summary_large_image\" \/>\n<meta name=\"twitter:creator\" content=\"@SvenskaMagasine\" \/>\n<meta name=\"twitter:site\" content=\"@SvenskaMagasine\" \/>\n<script type=\"application\/ld+json\" class=\"yoast-schema-graph\">{\"@context\":\"https:\\\/\\\/schema.org\",\"@graph\":[{\"@type\":\"Article\",\"@id\":\"https:\\\/\\\/lightweb.dev\\\/l\\\/svm-temp\\\/nyheter\\\/tusentals-turistbostader-har-blivit-av-med-licenserna\\\/#article\",\"isPartOf\":{\"@id\":\"https:\\\/\\\/lightweb.dev\\\/l\\\/svm-temp\\\/nyheter\\\/tusentals-turistbostader-har-blivit-av-med-licenserna\\\/\"},\"author\":{\"name\":\"Robbie Eriksson\",\"@id\":\"https:\\\/\\\/lightweb.dev\\\/l\\\/svm-temp\\\/#\\\/schema\\\/person\\\/caffe038990d25722f5a04a03c906a2b\"},\"headline\":\"Tusentals turistbost\u00e4der har blivit av med licenserna\",\"datePublished\":\"2024-07-18T14:33:52+00:00\",\"dateModified\":\"2024-07-18T17:40:28+00:00\",\"mainEntityOfPage\":{\"@id\":\"https:\\\/\\\/lightweb.dev\\\/l\\\/svm-temp\\\/nyheter\\\/tusentals-turistbostader-har-blivit-av-med-licenserna\\\/\"},\"wordCount\":333,\"publisher\":{\"@id\":\"https:\\\/\\\/lightweb.dev\\\/l\\\/svm-temp\\\/#organization\"},\"image\":{\"@id\":\"https:\\\/\\\/lightweb.dev\\\/l\\\/svm-temp\\\/nyheter\\\/tusentals-turistbostader-har-blivit-av-med-licenserna\\\/#primaryimage\"},\"thumbnailUrl\":\"https:\\\/\\\/lightweb.dev\\\/l\\\/svm-temp\\\/wp-content\\\/uploads\\\/2024\\\/07\\\/8603402471_68718bd55e_c-1.jpg\",\"articleSection\":[\"Arkiv\",\"Nyheter\"],\"inLanguage\":\"sv-SE\"},{\"@type\":\"WebPage\",\"@id\":\"https:\\\/\\\/lightweb.dev\\\/l\\\/svm-temp\\\/nyheter\\\/tusentals-turistbostader-har-blivit-av-med-licenserna\\\/\",\"url\":\"https:\\\/\\\/lightweb.dev\\\/l\\\/svm-temp\\\/nyheter\\\/tusentals-turistbostader-har-blivit-av-med-licenserna\\\/\",\"name\":\"Tusentals turistbost\u00e4der har blivit av med licenserna - Svenska Magasinet\",\"isPartOf\":{\"@id\":\"https:\\\/\\\/lightweb.dev\\\/l\\\/svm-temp\\\/#website\"},\"primaryImageOfPage\":{\"@id\":\"https:\\\/\\\/lightweb.dev\\\/l\\\/svm-temp\\\/nyheter\\\/tusentals-turistbostader-har-blivit-av-med-licenserna\\\/#primaryimage\"},\"image\":{\"@id\":\"https:\\\/\\\/lightweb.dev\\\/l\\\/svm-temp\\\/nyheter\\\/tusentals-turistbostader-har-blivit-av-med-licenserna\\\/#primaryimage\"},\"thumbnailUrl\":\"https:\\\/\\\/lightweb.dev\\\/l\\\/svm-temp\\\/wp-content\\\/uploads\\\/2024\\\/07\\\/8603402471_68718bd55e_c-1.jpg\",\"datePublished\":\"2024-07-18T14:33:52+00:00\",\"dateModified\":\"2024-07-18T17:40:28+00:00\",\"breadcrumb\":{\"@id\":\"https:\\\/\\\/lightweb.dev\\\/l\\\/svm-temp\\\/nyheter\\\/tusentals-turistbostader-har-blivit-av-med-licenserna\\\/#breadcrumb\"},\"inLanguage\":\"sv-SE\",\"potentialAction\":[{\"@type\":\"ReadAction\",\"target\":[\"https:\\\/\\\/lightweb.dev\\\/l\\\/svm-temp\\\/nyheter\\\/tusentals-turistbostader-har-blivit-av-med-licenserna\\\/\"]}]},{\"@type\":\"ImageObject\",\"inLanguage\":\"sv-SE\",\"@id\":\"https:\\\/\\\/lightweb.dev\\\/l\\\/svm-temp\\\/nyheter\\\/tusentals-turistbostader-har-blivit-av-med-licenserna\\\/#primaryimage\",\"url\":\"https:\\\/\\\/lightweb.dev\\\/l\\\/svm-temp\\\/wp-content\\\/uploads\\\/2024\\\/07\\\/8603402471_68718bd55e_c-1.jpg\",\"contentUrl\":\"https:\\\/\\\/lightweb.dev\\\/l\\\/svm-temp\\\/wp-content\\\/uploads\\\/2024\\\/07\\\/8603402471_68718bd55e_c-1.jpg\",\"width\":800,\"height\":601,\"caption\":\"Sevilla \u00e4r den andalusiska staden d\u00e4r flest licenser har dragits in. (Bild: Jose A, flickr.com)\"},{\"@type\":\"BreadcrumbList\",\"@id\":\"https:\\\/\\\/lightweb.dev\\\/l\\\/svm-temp\\\/nyheter\\\/tusentals-turistbostader-har-blivit-av-med-licenserna\\\/#breadcrumb\",\"itemListElement\":[{\"@type\":\"ListItem\",\"position\":1,\"name\":\"Hem\",\"item\":\"https:\\\/\\\/lightweb.dev\\\/l\\\/svm-temp\\\/\"},{\"@type\":\"ListItem\",\"position\":2,\"name\":\"Tusentals turistbost\u00e4der har blivit av med licenserna\"}]},{\"@type\":\"WebSite\",\"@id\":\"https:\\\/\\\/lightweb.dev\\\/l\\\/svm-temp\\\/#website\",\"url\":\"https:\\\/\\\/lightweb.dev\\\/l\\\/svm-temp\\\/\",\"name\":\"Svenska Magasinet\",\"description\":\"Dina Spanska nyheter p&aring; Svenska\",\"publisher\":{\"@id\":\"https:\\\/\\\/lightweb.dev\\\/l\\\/svm-temp\\\/#organization\"},\"potentialAction\":[{\"@type\":\"SearchAction\",\"target\":{\"@type\":\"EntryPoint\",\"urlTemplate\":\"https:\\\/\\\/lightweb.dev\\\/l\\\/svm-temp\\\/?s={search_term_string}\"},\"query-input\":{\"@type\":\"PropertyValueSpecification\",\"valueRequired\":true,\"valueName\":\"search_term_string\"}}],\"inLanguage\":\"sv-SE\"},{\"@type\":\"Organization\",\"@id\":\"https:\\\/\\\/lightweb.dev\\\/l\\\/svm-temp\\\/#organization\",\"name\":\"Melkerson y Nott SL\",\"alternateName\":\"Svenska Magasinet\",\"url\":\"https:\\\/\\\/lightweb.dev\\\/l\\\/svm-temp\\\/\",\"logo\":{\"@type\":\"ImageObject\",\"inLanguage\":\"sv-SE\",\"@id\":\"https:\\\/\\\/lightweb.dev\\\/l\\\/svm-temp\\\/#\\\/schema\\\/logo\\\/image\\\/\",\"url\":\"https:\\\/\\\/lightweb.dev\\\/l\\\/svm-temp\\\/wp-content\\\/uploads\\\/2025\\\/02\\\/SvM-logo-Xtra-Centrerad-SVART.png\",\"contentUrl\":\"https:\\\/\\\/lightweb.dev\\\/l\\\/svm-temp\\\/wp-content\\\/uploads\\\/2025\\\/02\\\/SvM-logo-Xtra-Centrerad-SVART.png\",\"width\":300,\"height\":99,\"caption\":\"Melkerson y Nott SL\"},\"image\":{\"@id\":\"https:\\\/\\\/lightweb.dev\\\/l\\\/svm-temp\\\/#\\\/schema\\\/logo\\\/image\\\/\"},\"sameAs\":[\"https:\\\/\\\/www.facebook.com\\\/svenskamagasinet\",\"https:\\\/\\\/x.com\\\/SvenskaMagasine\"]},{\"@type\":\"Person\",\"@id\":\"https:\\\/\\\/lightweb.dev\\\/l\\\/svm-temp\\\/#\\\/schema\\\/person\\\/caffe038990d25722f5a04a03c906a2b\",\"name\":\"Robbie Eriksson\",\"sameAs\":[\"https:\\\/\\\/lightweb.dev\\\/l\\\/svm-temp\"],\"url\":\"https:\\\/\\\/lightweb.dev\\\/l\\\/svm-temp\\\/reporter\\\/robbie-eriksson\\\/\"}]}<\/script>\n<!-- \/ Yoast SEO Premium plugin. -->","yoast_head_json":{"title":"Tusentals turistbost\u00e4der har blivit av med licenserna - Svenska Magasinet","robots":{"index":"noindex","follow":"follow","max-snippet":"max-snippet:-1","max-image-preview":"max-image-preview:large","max-video-preview":"max-video-preview:-1"},"og_locale":"sv_SE","og_type":"article","og_title":"Tusentals turistbost\u00e4der har blivit av med licenserna","og_description":"P\u00e5 beg\u00e4ran av kommuner och st\u00e4der har regionregeringen i Andalusien dragit in tillst\u00e5nden f\u00f6r 2 445 bost\u00e4der som hyrs ut till turister.\u00a0","og_url":"https:\/\/lightweb.dev\/l\/svm-temp\/nyheter\/tusentals-turistbostader-har-blivit-av-med-licenserna\/","og_site_name":"Svenska Magasinet","article_publisher":"https:\/\/www.facebook.com\/svenskamagasinet","article_published_time":"2024-07-18T14:33:52+00:00","article_modified_time":"2024-07-18T17:40:28+00:00","og_image":[{"width":800,"height":601,"url":"https:\/\/lightweb.dev\/l\/svm-temp\/wp-content\/uploads\/2024\/07\/8603402471_68718bd55e_c-1.jpg","type":"image\/jpeg"}],"author":"Robbie Eriksson","twitter_card":"summary_large_image","twitter_creator":"@SvenskaMagasine","twitter_site":"@SvenskaMagasine","schema":{"@context":"https:\/\/schema.org","@graph":[{"@type":"Article","@id":"https:\/\/lightweb.dev\/l\/svm-temp\/nyheter\/tusentals-turistbostader-har-blivit-av-med-licenserna\/#article","isPartOf":{"@id":"https:\/\/lightweb.dev\/l\/svm-temp\/nyheter\/tusentals-turistbostader-har-blivit-av-med-licenserna\/"},"author":{"name":"Robbie Eriksson","@id":"https:\/\/lightweb.dev\/l\/svm-temp\/#\/schema\/person\/caffe038990d25722f5a04a03c906a2b"},"headline":"Tusentals turistbost\u00e4der har blivit av med licenserna","datePublished":"2024-07-18T14:33:52+00:00","dateModified":"2024-07-18T17:40:28+00:00","mainEntityOfPage":{"@id":"https:\/\/lightweb.dev\/l\/svm-temp\/nyheter\/tusentals-turistbostader-har-blivit-av-med-licenserna\/"},"wordCount":333,"publisher":{"@id":"https:\/\/lightweb.dev\/l\/svm-temp\/#organization"},"image":{"@id":"https:\/\/lightweb.dev\/l\/svm-temp\/nyheter\/tusentals-turistbostader-har-blivit-av-med-licenserna\/#primaryimage"},"thumbnailUrl":"https:\/\/lightweb.dev\/l\/svm-temp\/wp-content\/uploads\/2024\/07\/8603402471_68718bd55e_c-1.jpg","articleSection":["Arkiv","Nyheter"],"inLanguage":"sv-SE"},{"@type":"WebPage","@id":"https:\/\/lightweb.dev\/l\/svm-temp\/nyheter\/tusentals-turistbostader-har-blivit-av-med-licenserna\/","url":"https:\/\/lightweb.dev\/l\/svm-temp\/nyheter\/tusentals-turistbostader-har-blivit-av-med-licenserna\/","name":"Tusentals turistbost\u00e4der har blivit av med licenserna - Svenska Magasinet","isPartOf":{"@id":"https:\/\/lightweb.dev\/l\/svm-temp\/#website"},"primaryImageOfPage":{"@id":"https:\/\/lightweb.dev\/l\/svm-temp\/nyheter\/tusentals-turistbostader-har-blivit-av-med-licenserna\/#primaryimage"},"image":{"@id":"https:\/\/lightweb.dev\/l\/svm-temp\/nyheter\/tusentals-turistbostader-har-blivit-av-med-licenserna\/#primaryimage"},"thumbnailUrl":"https:\/\/lightweb.dev\/l\/svm-temp\/wp-content\/uploads\/2024\/07\/8603402471_68718bd55e_c-1.jpg","datePublished":"2024-07-18T14:33:52+00:00","dateModified":"2024-07-18T17:40:28+00:00","breadcrumb":{"@id":"https:\/\/lightweb.dev\/l\/svm-temp\/nyheter\/tusentals-turistbostader-har-blivit-av-med-licenserna\/#breadcrumb"},"inLanguage":"sv-SE","potentialAction":[{"@type":"ReadAction","target":["https:\/\/lightweb.dev\/l\/svm-temp\/nyheter\/tusentals-turistbostader-har-blivit-av-med-licenserna\/"]}]},{"@type":"ImageObject","inLanguage":"sv-SE","@id":"https:\/\/lightweb.dev\/l\/svm-temp\/nyheter\/tusentals-turistbostader-har-blivit-av-med-licenserna\/#primaryimage","url":"https:\/\/lightweb.dev\/l\/svm-temp\/wp-content\/uploads\/2024\/07\/8603402471_68718bd55e_c-1.jpg","contentUrl":"https:\/\/lightweb.dev\/l\/svm-temp\/wp-content\/uploads\/2024\/07\/8603402471_68718bd55e_c-1.jpg","width":800,"height":601,"caption":"Sevilla \u00e4r den andalusiska staden d\u00e4r flest licenser har dragits in. (Bild: Jose A, flickr.com)"},{"@type":"BreadcrumbList","@id":"https:\/\/lightweb.dev\/l\/svm-temp\/nyheter\/tusentals-turistbostader-har-blivit-av-med-licenserna\/#breadcrumb","itemListElement":[{"@type":"ListItem","position":1,"name":"Hem","item":"https:\/\/lightweb.dev\/l\/svm-temp\/"},{"@type":"ListItem","position":2,"name":"Tusentals turistbost\u00e4der har blivit av med licenserna"}]},{"@type":"WebSite","@id":"https:\/\/lightweb.dev\/l\/svm-temp\/#website","url":"https:\/\/lightweb.dev\/l\/svm-temp\/","name":"Svenska Magasinet","description":"Dina Spanska nyheter p&aring; Svenska","publisher":{"@id":"https:\/\/lightweb.dev\/l\/svm-temp\/#organization"},"potentialAction":[{"@type":"SearchAction","target":{"@type":"EntryPoint","urlTemplate":"https:\/\/lightweb.dev\/l\/svm-temp\/?s={search_term_string}"},"query-input":{"@type":"PropertyValueSpecification","valueRequired":true,"valueName":"search_term_string"}}],"inLanguage":"sv-SE"},{"@type":"Organization","@id":"https:\/\/lightweb.dev\/l\/svm-temp\/#organization","name":"Melkerson y Nott SL","alternateName":"Svenska Magasinet","url":"https:\/\/lightweb.dev\/l\/svm-temp\/","logo":{"@type":"ImageObject","inLanguage":"sv-SE","@id":"https:\/\/lightweb.dev\/l\/svm-temp\/#\/schema\/logo\/image\/","url":"https:\/\/lightweb.dev\/l\/svm-temp\/wp-content\/uploads\/2025\/02\/SvM-logo-Xtra-Centrerad-SVART.png","contentUrl":"https:\/\/lightweb.dev\/l\/svm-temp\/wp-content\/uploads\/2025\/02\/SvM-logo-Xtra-Centrerad-SVART.png","width":300,"height":99,"caption":"Melkerson y Nott SL"},"image":{"@id":"https:\/\/lightweb.dev\/l\/svm-temp\/#\/schema\/logo\/image\/"},"sameAs":["https:\/\/www.facebook.com\/svenskamagasinet","https:\/\/x.com\/SvenskaMagasine"]},{"@type":"Person","@id":"https:\/\/lightweb.dev\/l\/svm-temp\/#\/schema\/person\/caffe038990d25722f5a04a03c906a2b","name":"Robbie Eriksson","sameAs":["https:\/\/lightweb.dev\/l\/svm-temp"],"url":"https:\/\/lightweb.dev\/l\/svm-temp\/reporter\/robbie-eriksson\/"}]}},"_links":{"self":[{"href":"https:\/\/lightweb.dev\/l\/svm-temp\/wp-json\/wp\/v2\/posts\/73437","targetHints":{"allow":["GET"]}}],"collection":[{"href":"https:\/\/lightweb.dev\/l\/svm-temp\/wp-json\/wp\/v2\/posts"}],"about":[{"href":"https:\/\/lightweb.dev\/l\/svm-temp\/wp-json\/wp\/v2\/types\/post"}],"author":[{"embeddable":true,"href":"https:\/\/lightweb.dev\/l\/svm-temp\/wp-json\/wp\/v2\/users\/14"}],"replies":[{"embeddable":true,"href":"https:\/\/lightweb.dev\/l\/svm-temp\/wp-json\/wp\/v2\/comments?post=73437"}],"version-history":[{"count":0,"href":"https:\/\/lightweb.dev\/l\/svm-temp\/wp-json\/wp\/v2\/posts\/73437\/revisions"}],"wp:featuredmedia":[{"embeddable":true,"href":"https:\/\/lightweb.dev\/l\/svm-temp\/wp-json\/wp\/v2\/media\/73438"}],"wp:attachment":[{"href":"https:\/\/lightweb.dev\/l\/svm-temp\/wp-json\/wp\/v2\/media?parent=73437"}],"wp:term":[{"taxonomy":"category","embeddable":true,"href":"https:\/\/lightweb.dev\/l\/svm-temp\/wp-json\/wp\/v2\/categories?post=73437"},{"taxonomy":"post_tag","embeddable":true,"href":"https:\/\/lightweb.dev\/l\/svm-temp\/wp-json\/wp\/v2\/tags?post=73437"}],"curies":[{"name":"wp","href":"https:\/\/api.w.org\/{rel}","templated":true}]}}