{"id":73450,"date":"2024-07-19T15:52:10","date_gmt":"2024-07-19T13:52:10","guid":{"rendered":"https:\/\/lightweb.dev\/l\/svm-temp\/?p=73450"},"modified":"2024-07-19T15:52:53","modified_gmt":"2024-07-19T13:52:53","slug":"detta-galler-for-turistbostader","status":"publish","type":"post","link":"https:\/\/lightweb.dev\/l\/svm-temp\/nyheter\/detta-galler-for-turistbostader\/","title":{"rendered":"Detta g\u00e4ller f\u00f6r turistbost\u00e4der"},"content":{"rendered":"<p><strong>I v\u00e5ras inf\u00f6rde regionregeringen i Andalusien ett nytt dekret \u00f6ver uthyrning av turistbost\u00e4der.<\/strong><\/p>\n<p><strong>Det h\u00e4r \u00e4r de fem viktigaste punkterna:<\/strong><\/p>\n<h3><span style=\"font-weight: 400;\">Kommunerna kontrollerar<\/span><\/h3>\n<p><span style=\"font-weight: 400;\">Det \u00e4r upp till var och en av regionens kommuner att s\u00e4tta begr\u00e4nsningar p\u00e5 hur m\u00e5nga turistbost\u00e4der som f\u00e5r finnas till uthyrning. De kan g\u00f6ra detta p\u00e5 olika s\u00e4tt. Genom att s\u00e4tta begr\u00e4nsningar p\u00e5 hur m\u00e5nga turistbost\u00e4der som f\u00e5r finnas i en byggnad, p\u00e5 en gata, i en stadsdel eller under en tidsperiod.\u00a0<\/span><\/p>\n<h3><span style=\"font-weight: 400;\">Tydligare juridik<\/span><\/h3>\n<p><span style=\"font-weight: 400;\">Dekretet st\u00e4rker ocks\u00e5 den juridiska statusen p\u00e5 f\u00f6retag som hyr ut bost\u00e4der till turister med m\u00e5let att g\u00f6ra verksamheterna mer professionella. Man vill \u00e4ven fr\u00e4mja relationerna mellan myndigheterna och hyresv\u00e4rdarna och tydligt definiera v\u00e4rdarnas skyldigheter och r\u00e4ttigheter.\u00a0<\/span><\/p>\n<h3><span style=\"font-weight: 400;\">Antal g\u00e4ster<\/span><\/h3>\n<p><span style=\"font-weight: 400;\">Om man hyr ut individuella rum i sin bostad f\u00e5r man ha max sex plaster i fastigheten. Om man hyr ut hela fastigheten kan man ha 15 g\u00e4ster. I b\u00e5da fallen f\u00e5r man inte ha fler \u00e4n 4 b\u00e4ddar per rum och endast tv\u00e5 av dem f\u00e5r vara i en v\u00e5ningss\u00e4ng.\u00a0<\/span><\/p>\n<h3><span style=\"font-weight: 400;\">14 kvadratmeter per person<\/span><\/h3>\n<p><span style=\"font-weight: 400;\">Varje turistbostad m\u00e5ste kunna erbjuda g\u00e4sterna minst 14 kvadratmeter per person. Om det finns fler \u00e4n 5 platser m\u00e5ste det dessutom finnas tv\u00e5 badrum och om antalet s\u00e4ngar \u00e4r st\u00f6rre \u00e4n 8 \u00e4r det tre badrum som g\u00e4ller. Sovrum och vardagsrum m\u00e5ste dessutom ha ventilation som leder utomhus. Det sista kravet g\u00e4ller inte om byggnaden \u00e4r K-m\u00e4rkt eller skyddad p\u00e5 liknande s\u00e4tt.\u00a0<\/span><\/p>\n<h3><span style=\"font-weight: 400;\">M\u00f6bler, redskap och apparater<\/span><\/h3>\n<p><span style=\"font-weight: 400;\">Alla fastigheter m\u00e5ste vara m\u00f6blerade och utrustade med n\u00f6dv\u00e4ndiga apparater och redskap. Man m\u00e5ste \u00e4ven kunna erbjuda en TV och alla rum m\u00e5ste ha eluttag. Man \u00e4r dessutom skyldig att se till att det finns fungerande elektricitet och b\u00e5de varmt och kallt vatten.\u00a0<\/span><\/p>\n<p><span style=\"font-weight: 400;\">I k\u00f6ket m\u00e5ste det finnas en spis med \u00e5tminstone 2 plattor, ett kylsk\u00e5p och en ugn eller en mikrov\u00e5gsugn. Det ska \u00e4ven finnas porslin, bestick, glas, stekpanna, kastruller, korkskruv, flask\u00f6ppnare, sax, konserv\u00f6ppnare och durkslag. Hyresv\u00e4rden \u00e4r \u00e4ven skyldig att se till att det finns st\u00e4dprodukter och att s\u00e4ngkl\u00e4derna \u00e4r i gott skick. <\/span><\/p>\n","protected":false},"excerpt":{"rendered":"<p>I v\u00e5ras inf\u00f6rde regionregeringen i Andalusien ett nytt dekret \u00f6ver uthyrning av turistbost\u00e4der. Det h\u00e4r \u00e4r de fem viktigaste punkterna:<\/p>\n","protected":false},"author":14,"featured_media":69973,"comment_status":"closed","ping_status":"closed","sticky":false,"template":"","format":"standard","meta":{"_et_pb_use_builder":"","_et_pb_old_content":"","_et_gb_content_width":"","footnotes":""},"categories":[395,3],"tags":[],"class_list":["post-73450","post","type-post","status-publish","format-standard","has-post-thumbnail","hentry","category-arkiv-nyheter","category-nyheter"],"yoast_head":"<!-- This site is optimized with the Yoast SEO Premium plugin v26.2 (Yoast SEO v27.5) - https:\/\/yoast.com\/product\/yoast-seo-premium-wordpress\/ -->\n<title>Detta g\u00e4ller f\u00f6r turistbost\u00e4der - Svenska Magasinet<\/title>\n<meta name=\"robots\" content=\"noindex, follow, max-snippet:-1, max-image-preview:large, max-video-preview:-1\" \/>\n<meta property=\"og:locale\" content=\"sv_SE\" \/>\n<meta property=\"og:type\" content=\"article\" \/>\n<meta property=\"og:title\" content=\"Detta g\u00e4ller f\u00f6r turistbost\u00e4der\" \/>\n<meta property=\"og:description\" content=\"I v\u00e5ras inf\u00f6rde regionregeringen i Andalusien ett nytt dekret \u00f6ver uthyrning av turistbost\u00e4der. Det h\u00e4r \u00e4r de fem viktigaste punkterna:\" \/>\n<meta property=\"og:url\" content=\"https:\/\/lightweb.dev\/l\/svm-temp\/nyheter\/detta-galler-for-turistbostader\/\" \/>\n<meta property=\"og:site_name\" content=\"Svenska Magasinet\" \/>\n<meta property=\"article:publisher\" content=\"https:\/\/www.facebook.com\/svenskamagasinet\" \/>\n<meta property=\"article:published_time\" content=\"2024-07-19T13:52:10+00:00\" \/>\n<meta property=\"article:modified_time\" content=\"2024-07-19T13:52:53+00:00\" \/>\n<meta property=\"og:image\" content=\"https:\/\/lightweb.dev\/l\/svm-temp\/wp-content\/uploads\/2024\/03\/DSC_2071-stor.jpeg\" \/>\n\t<meta property=\"og:image:width\" content=\"1280\" \/>\n\t<meta property=\"og:image:height\" content=\"857\" \/>\n\t<meta property=\"og:image:type\" content=\"image\/jpeg\" \/>\n<meta name=\"author\" content=\"Robbie Eriksson\" \/>\n<meta name=\"twitter:card\" content=\"summary_large_image\" \/>\n<meta name=\"twitter:creator\" content=\"@SvenskaMagasine\" \/>\n<meta name=\"twitter:site\" content=\"@SvenskaMagasine\" \/>\n<script type=\"application\/ld+json\" class=\"yoast-schema-graph\">{\"@context\":\"https:\\\/\\\/schema.org\",\"@graph\":[{\"@type\":\"Article\",\"@id\":\"https:\\\/\\\/lightweb.dev\\\/l\\\/svm-temp\\\/nyheter\\\/detta-galler-for-turistbostader\\\/#article\",\"isPartOf\":{\"@id\":\"https:\\\/\\\/lightweb.dev\\\/l\\\/svm-temp\\\/nyheter\\\/detta-galler-for-turistbostader\\\/\"},\"author\":{\"name\":\"Robbie Eriksson\",\"@id\":\"https:\\\/\\\/lightweb.dev\\\/l\\\/svm-temp\\\/#\\\/schema\\\/person\\\/caffe038990d25722f5a04a03c906a2b\"},\"headline\":\"Detta g\u00e4ller f\u00f6r turistbost\u00e4der\",\"datePublished\":\"2024-07-19T13:52:10+00:00\",\"dateModified\":\"2024-07-19T13:52:53+00:00\",\"mainEntityOfPage\":{\"@id\":\"https:\\\/\\\/lightweb.dev\\\/l\\\/svm-temp\\\/nyheter\\\/detta-galler-for-turistbostader\\\/\"},\"wordCount\":394,\"publisher\":{\"@id\":\"https:\\\/\\\/lightweb.dev\\\/l\\\/svm-temp\\\/#organization\"},\"image\":{\"@id\":\"https:\\\/\\\/lightweb.dev\\\/l\\\/svm-temp\\\/nyheter\\\/detta-galler-for-turistbostader\\\/#primaryimage\"},\"thumbnailUrl\":\"https:\\\/\\\/lightweb.dev\\\/l\\\/svm-temp\\\/wp-content\\\/uploads\\\/2024\\\/03\\\/DSC_2071-stor.jpeg\",\"articleSection\":[\"Arkiv\",\"Nyheter\"],\"inLanguage\":\"sv-SE\"},{\"@type\":\"WebPage\",\"@id\":\"https:\\\/\\\/lightweb.dev\\\/l\\\/svm-temp\\\/nyheter\\\/detta-galler-for-turistbostader\\\/\",\"url\":\"https:\\\/\\\/lightweb.dev\\\/l\\\/svm-temp\\\/nyheter\\\/detta-galler-for-turistbostader\\\/\",\"name\":\"Detta g\u00e4ller f\u00f6r turistbost\u00e4der - Svenska Magasinet\",\"isPartOf\":{\"@id\":\"https:\\\/\\\/lightweb.dev\\\/l\\\/svm-temp\\\/#website\"},\"primaryImageOfPage\":{\"@id\":\"https:\\\/\\\/lightweb.dev\\\/l\\\/svm-temp\\\/nyheter\\\/detta-galler-for-turistbostader\\\/#primaryimage\"},\"image\":{\"@id\":\"https:\\\/\\\/lightweb.dev\\\/l\\\/svm-temp\\\/nyheter\\\/detta-galler-for-turistbostader\\\/#primaryimage\"},\"thumbnailUrl\":\"https:\\\/\\\/lightweb.dev\\\/l\\\/svm-temp\\\/wp-content\\\/uploads\\\/2024\\\/03\\\/DSC_2071-stor.jpeg\",\"datePublished\":\"2024-07-19T13:52:10+00:00\",\"dateModified\":\"2024-07-19T13:52:53+00:00\",\"breadcrumb\":{\"@id\":\"https:\\\/\\\/lightweb.dev\\\/l\\\/svm-temp\\\/nyheter\\\/detta-galler-for-turistbostader\\\/#breadcrumb\"},\"inLanguage\":\"sv-SE\",\"potentialAction\":[{\"@type\":\"ReadAction\",\"target\":[\"https:\\\/\\\/lightweb.dev\\\/l\\\/svm-temp\\\/nyheter\\\/detta-galler-for-turistbostader\\\/\"]}]},{\"@type\":\"ImageObject\",\"inLanguage\":\"sv-SE\",\"@id\":\"https:\\\/\\\/lightweb.dev\\\/l\\\/svm-temp\\\/nyheter\\\/detta-galler-for-turistbostader\\\/#primaryimage\",\"url\":\"https:\\\/\\\/lightweb.dev\\\/l\\\/svm-temp\\\/wp-content\\\/uploads\\\/2024\\\/03\\\/DSC_2071-stor.jpeg\",\"contentUrl\":\"https:\\\/\\\/lightweb.dev\\\/l\\\/svm-temp\\\/wp-content\\\/uploads\\\/2024\\\/03\\\/DSC_2071-stor.jpeg\",\"width\":1280,\"height\":857},{\"@type\":\"BreadcrumbList\",\"@id\":\"https:\\\/\\\/lightweb.dev\\\/l\\\/svm-temp\\\/nyheter\\\/detta-galler-for-turistbostader\\\/#breadcrumb\",\"itemListElement\":[{\"@type\":\"ListItem\",\"position\":1,\"name\":\"Hem\",\"item\":\"https:\\\/\\\/lightweb.dev\\\/l\\\/svm-temp\\\/\"},{\"@type\":\"ListItem\",\"position\":2,\"name\":\"Detta g\u00e4ller f\u00f6r turistbost\u00e4der\"}]},{\"@type\":\"WebSite\",\"@id\":\"https:\\\/\\\/lightweb.dev\\\/l\\\/svm-temp\\\/#website\",\"url\":\"https:\\\/\\\/lightweb.dev\\\/l\\\/svm-temp\\\/\",\"name\":\"Svenska Magasinet\",\"description\":\"Dina Spanska nyheter p&aring; Svenska\",\"publisher\":{\"@id\":\"https:\\\/\\\/lightweb.dev\\\/l\\\/svm-temp\\\/#organization\"},\"potentialAction\":[{\"@type\":\"SearchAction\",\"target\":{\"@type\":\"EntryPoint\",\"urlTemplate\":\"https:\\\/\\\/lightweb.dev\\\/l\\\/svm-temp\\\/?s={search_term_string}\"},\"query-input\":{\"@type\":\"PropertyValueSpecification\",\"valueRequired\":true,\"valueName\":\"search_term_string\"}}],\"inLanguage\":\"sv-SE\"},{\"@type\":\"Organization\",\"@id\":\"https:\\\/\\\/lightweb.dev\\\/l\\\/svm-temp\\\/#organization\",\"name\":\"Melkerson y Nott SL\",\"alternateName\":\"Svenska Magasinet\",\"url\":\"https:\\\/\\\/lightweb.dev\\\/l\\\/svm-temp\\\/\",\"logo\":{\"@type\":\"ImageObject\",\"inLanguage\":\"sv-SE\",\"@id\":\"https:\\\/\\\/lightweb.dev\\\/l\\\/svm-temp\\\/#\\\/schema\\\/logo\\\/image\\\/\",\"url\":\"https:\\\/\\\/lightweb.dev\\\/l\\\/svm-temp\\\/wp-content\\\/uploads\\\/2025\\\/02\\\/SvM-logo-Xtra-Centrerad-SVART.png\",\"contentUrl\":\"https:\\\/\\\/lightweb.dev\\\/l\\\/svm-temp\\\/wp-content\\\/uploads\\\/2025\\\/02\\\/SvM-logo-Xtra-Centrerad-SVART.png\",\"width\":300,\"height\":99,\"caption\":\"Melkerson y Nott SL\"},\"image\":{\"@id\":\"https:\\\/\\\/lightweb.dev\\\/l\\\/svm-temp\\\/#\\\/schema\\\/logo\\\/image\\\/\"},\"sameAs\":[\"https:\\\/\\\/www.facebook.com\\\/svenskamagasinet\",\"https:\\\/\\\/x.com\\\/SvenskaMagasine\"]},{\"@type\":\"Person\",\"@id\":\"https:\\\/\\\/lightweb.dev\\\/l\\\/svm-temp\\\/#\\\/schema\\\/person\\\/caffe038990d25722f5a04a03c906a2b\",\"name\":\"Robbie Eriksson\",\"sameAs\":[\"https:\\\/\\\/lightweb.dev\\\/l\\\/svm-temp\"],\"url\":\"https:\\\/\\\/lightweb.dev\\\/l\\\/svm-temp\\\/reporter\\\/robbie-eriksson\\\/\"}]}<\/script>\n<!-- \/ Yoast SEO Premium plugin. -->","yoast_head_json":{"title":"Detta g\u00e4ller f\u00f6r turistbost\u00e4der - Svenska Magasinet","robots":{"index":"noindex","follow":"follow","max-snippet":"max-snippet:-1","max-image-preview":"max-image-preview:large","max-video-preview":"max-video-preview:-1"},"og_locale":"sv_SE","og_type":"article","og_title":"Detta g\u00e4ller f\u00f6r turistbost\u00e4der","og_description":"I v\u00e5ras inf\u00f6rde regionregeringen i Andalusien ett nytt dekret \u00f6ver uthyrning av turistbost\u00e4der. Det h\u00e4r \u00e4r de fem viktigaste punkterna:","og_url":"https:\/\/lightweb.dev\/l\/svm-temp\/nyheter\/detta-galler-for-turistbostader\/","og_site_name":"Svenska Magasinet","article_publisher":"https:\/\/www.facebook.com\/svenskamagasinet","article_published_time":"2024-07-19T13:52:10+00:00","article_modified_time":"2024-07-19T13:52:53+00:00","og_image":[{"width":1280,"height":857,"url":"https:\/\/lightweb.dev\/l\/svm-temp\/wp-content\/uploads\/2024\/03\/DSC_2071-stor.jpeg","type":"image\/jpeg"}],"author":"Robbie Eriksson","twitter_card":"summary_large_image","twitter_creator":"@SvenskaMagasine","twitter_site":"@SvenskaMagasine","schema":{"@context":"https:\/\/schema.org","@graph":[{"@type":"Article","@id":"https:\/\/lightweb.dev\/l\/svm-temp\/nyheter\/detta-galler-for-turistbostader\/#article","isPartOf":{"@id":"https:\/\/lightweb.dev\/l\/svm-temp\/nyheter\/detta-galler-for-turistbostader\/"},"author":{"name":"Robbie Eriksson","@id":"https:\/\/lightweb.dev\/l\/svm-temp\/#\/schema\/person\/caffe038990d25722f5a04a03c906a2b"},"headline":"Detta g\u00e4ller f\u00f6r turistbost\u00e4der","datePublished":"2024-07-19T13:52:10+00:00","dateModified":"2024-07-19T13:52:53+00:00","mainEntityOfPage":{"@id":"https:\/\/lightweb.dev\/l\/svm-temp\/nyheter\/detta-galler-for-turistbostader\/"},"wordCount":394,"publisher":{"@id":"https:\/\/lightweb.dev\/l\/svm-temp\/#organization"},"image":{"@id":"https:\/\/lightweb.dev\/l\/svm-temp\/nyheter\/detta-galler-for-turistbostader\/#primaryimage"},"thumbnailUrl":"https:\/\/lightweb.dev\/l\/svm-temp\/wp-content\/uploads\/2024\/03\/DSC_2071-stor.jpeg","articleSection":["Arkiv","Nyheter"],"inLanguage":"sv-SE"},{"@type":"WebPage","@id":"https:\/\/lightweb.dev\/l\/svm-temp\/nyheter\/detta-galler-for-turistbostader\/","url":"https:\/\/lightweb.dev\/l\/svm-temp\/nyheter\/detta-galler-for-turistbostader\/","name":"Detta g\u00e4ller f\u00f6r turistbost\u00e4der - Svenska Magasinet","isPartOf":{"@id":"https:\/\/lightweb.dev\/l\/svm-temp\/#website"},"primaryImageOfPage":{"@id":"https:\/\/lightweb.dev\/l\/svm-temp\/nyheter\/detta-galler-for-turistbostader\/#primaryimage"},"image":{"@id":"https:\/\/lightweb.dev\/l\/svm-temp\/nyheter\/detta-galler-for-turistbostader\/#primaryimage"},"thumbnailUrl":"https:\/\/lightweb.dev\/l\/svm-temp\/wp-content\/uploads\/2024\/03\/DSC_2071-stor.jpeg","datePublished":"2024-07-19T13:52:10+00:00","dateModified":"2024-07-19T13:52:53+00:00","breadcrumb":{"@id":"https:\/\/lightweb.dev\/l\/svm-temp\/nyheter\/detta-galler-for-turistbostader\/#breadcrumb"},"inLanguage":"sv-SE","potentialAction":[{"@type":"ReadAction","target":["https:\/\/lightweb.dev\/l\/svm-temp\/nyheter\/detta-galler-for-turistbostader\/"]}]},{"@type":"ImageObject","inLanguage":"sv-SE","@id":"https:\/\/lightweb.dev\/l\/svm-temp\/nyheter\/detta-galler-for-turistbostader\/#primaryimage","url":"https:\/\/lightweb.dev\/l\/svm-temp\/wp-content\/uploads\/2024\/03\/DSC_2071-stor.jpeg","contentUrl":"https:\/\/lightweb.dev\/l\/svm-temp\/wp-content\/uploads\/2024\/03\/DSC_2071-stor.jpeg","width":1280,"height":857},{"@type":"BreadcrumbList","@id":"https:\/\/lightweb.dev\/l\/svm-temp\/nyheter\/detta-galler-for-turistbostader\/#breadcrumb","itemListElement":[{"@type":"ListItem","position":1,"name":"Hem","item":"https:\/\/lightweb.dev\/l\/svm-temp\/"},{"@type":"ListItem","position":2,"name":"Detta g\u00e4ller f\u00f6r turistbost\u00e4der"}]},{"@type":"WebSite","@id":"https:\/\/lightweb.dev\/l\/svm-temp\/#website","url":"https:\/\/lightweb.dev\/l\/svm-temp\/","name":"Svenska Magasinet","description":"Dina Spanska nyheter p&aring; Svenska","publisher":{"@id":"https:\/\/lightweb.dev\/l\/svm-temp\/#organization"},"potentialAction":[{"@type":"SearchAction","target":{"@type":"EntryPoint","urlTemplate":"https:\/\/lightweb.dev\/l\/svm-temp\/?s={search_term_string}"},"query-input":{"@type":"PropertyValueSpecification","valueRequired":true,"valueName":"search_term_string"}}],"inLanguage":"sv-SE"},{"@type":"Organization","@id":"https:\/\/lightweb.dev\/l\/svm-temp\/#organization","name":"Melkerson y Nott SL","alternateName":"Svenska Magasinet","url":"https:\/\/lightweb.dev\/l\/svm-temp\/","logo":{"@type":"ImageObject","inLanguage":"sv-SE","@id":"https:\/\/lightweb.dev\/l\/svm-temp\/#\/schema\/logo\/image\/","url":"https:\/\/lightweb.dev\/l\/svm-temp\/wp-content\/uploads\/2025\/02\/SvM-logo-Xtra-Centrerad-SVART.png","contentUrl":"https:\/\/lightweb.dev\/l\/svm-temp\/wp-content\/uploads\/2025\/02\/SvM-logo-Xtra-Centrerad-SVART.png","width":300,"height":99,"caption":"Melkerson y Nott SL"},"image":{"@id":"https:\/\/lightweb.dev\/l\/svm-temp\/#\/schema\/logo\/image\/"},"sameAs":["https:\/\/www.facebook.com\/svenskamagasinet","https:\/\/x.com\/SvenskaMagasine"]},{"@type":"Person","@id":"https:\/\/lightweb.dev\/l\/svm-temp\/#\/schema\/person\/caffe038990d25722f5a04a03c906a2b","name":"Robbie Eriksson","sameAs":["https:\/\/lightweb.dev\/l\/svm-temp"],"url":"https:\/\/lightweb.dev\/l\/svm-temp\/reporter\/robbie-eriksson\/"}]}},"_links":{"self":[{"href":"https:\/\/lightweb.dev\/l\/svm-temp\/wp-json\/wp\/v2\/posts\/73450","targetHints":{"allow":["GET"]}}],"collection":[{"href":"https:\/\/lightweb.dev\/l\/svm-temp\/wp-json\/wp\/v2\/posts"}],"about":[{"href":"https:\/\/lightweb.dev\/l\/svm-temp\/wp-json\/wp\/v2\/types\/post"}],"author":[{"embeddable":true,"href":"https:\/\/lightweb.dev\/l\/svm-temp\/wp-json\/wp\/v2\/users\/14"}],"replies":[{"embeddable":true,"href":"https:\/\/lightweb.dev\/l\/svm-temp\/wp-json\/wp\/v2\/comments?post=73450"}],"version-history":[{"count":0,"href":"https:\/\/lightweb.dev\/l\/svm-temp\/wp-json\/wp\/v2\/posts\/73450\/revisions"}],"wp:featuredmedia":[{"embeddable":true,"href":"https:\/\/lightweb.dev\/l\/svm-temp\/wp-json\/wp\/v2\/media\/69973"}],"wp:attachment":[{"href":"https:\/\/lightweb.dev\/l\/svm-temp\/wp-json\/wp\/v2\/media?parent=73450"}],"wp:term":[{"taxonomy":"category","embeddable":true,"href":"https:\/\/lightweb.dev\/l\/svm-temp\/wp-json\/wp\/v2\/categories?post=73450"},{"taxonomy":"post_tag","embeddable":true,"href":"https:\/\/lightweb.dev\/l\/svm-temp\/wp-json\/wp\/v2\/tags?post=73450"}],"curies":[{"name":"wp","href":"https:\/\/api.w.org\/{rel}","templated":true}]}}