{"id":73453,"date":"2024-07-19T16:15:59","date_gmt":"2024-07-19T14:15:59","guid":{"rendered":"https:\/\/lightweb.dev\/l\/svm-temp\/?p=73453"},"modified":"2024-07-19T16:15:59","modified_gmt":"2024-07-19T14:15:59","slug":"malaga-pa-god-vag-att-fa-vm-matcher-2030","status":"publish","type":"post","link":"https:\/\/lightweb.dev\/l\/svm-temp\/nyheter\/malaga-pa-god-vag-att-fa-vm-matcher-2030\/","title":{"rendered":"M\u00e1laga p\u00e5 god v\u00e4g att f\u00e5 VM-matcher 2030"},"content":{"rendered":"<p><strong>\u00c4n \u00e4r det inte helt klart.\u00a0<\/strong><\/p>\n<p><strong>Men det mesta pekar p\u00e5 att M\u00e1laga kommer att st\u00e5 som v\u00e4rd n\u00e4r herrarnas fotbolls-VM avg\u00f6rs i Spanien, Portugal och Marocko.\u00a0<\/strong><\/p>\n<p><span style=\"font-weight: 400;\">Det \u00e4r inte officiellt \u00e4nnu men ig\u00e5r rapporterade tidningarna Marca och SUR att La Rosaleda-stadion i M\u00e1laga \u00e4r p\u00e5 v\u00e4g att bekr\u00e4ftas som en av arenorna som valts ut f\u00f6r VM 2030. Spanien delar v\u00e4rdskapet f\u00f6r turneringen med grannlandet Portugal och Marocko. Enligt b\u00e5da tidningarna v\u00e4ntas beskedet snart bli offentligt och det slutliga f\u00f6rslaget ska l\u00e4mnas till FIFA den 31 juli.\u00a0<\/span><\/p>\n<p><span style=\"font-weight: 400;\">La Rosaleda \u00e4r en av 11 arenor som ser ut att f\u00e5 VM-matcher. De andra \u00e4r <\/span><span style=\"font-weight: 400;\">Santiago Bernab\u00e9u (Madrid), Metropolitano (Madrid), Cornell\u00e0-El Prat (Barcelona), San Mam\u00e9s (Bilbao), Anoeta Reale Arena (San Sebasti\u00e1n), Camp Nou (Barcelona), La Romareda (Zaragoza), Riazor (La Coru\u00f1a), La Cartuja (Sevilla) och Gran Canaria.<\/span><\/p>\n<p><span style=\"font-weight: 400;\">De tre sistn\u00e4mnda m\u00e5ste, tillsammans med La Rosaleda, fortfarande genomg\u00e5 en stor renovering innan turneringen drar ig\u00e5ng f\u00f6r att m\u00f6ta FIFAs krav.\u00a0<\/span><\/p>\n<p><span style=\"font-weight: 400;\">Man m\u00e5ste komma ih\u00e5g att FIFA fortfarande m\u00e5ste godk\u00e4nna alla f\u00f6rslag efter att det spanska fotbollsf\u00f6rbundet l\u00e4mnar in dem i slutet av m\u00e5naden. Om n\u00e5gon av arenorna som \u00e4nnu inte uppfyller alla krav inte n\u00e5r dem i tid kan FIFA komma att flytta matcherna. Projektet f\u00f6r arenan i M\u00e1laga har dock tagits emot mycket v\u00e4l.<\/span><\/p>\n<p><span style=\"font-weight: 400;\">Enligt myndigheterna som \u00e4ger La Rosaleda kommer den att bli som en helt ny arena och \u00f6ka sin kapacitet fr\u00e5n drygt 30 000 till 45 000 \u00e5sk\u00e5dare. <\/span><\/p>\n","protected":false},"excerpt":{"rendered":"<p>\u00c4n \u00e4r det inte helt klart.\u00a0Men det mesta pekar p\u00e5 att M\u00e1laga kommer att st\u00e5 som v\u00e4rd n\u00e4r herrarnas fotbolls-VM avg\u00f6rs i Spanien, Portugal och Marocko.\u00a0<\/p>\n","protected":false},"author":14,"featured_media":73455,"comment_status":"closed","ping_status":"closed","sticky":false,"template":"","format":"standard","meta":{"_et_pb_use_builder":"","_et_pb_old_content":"","_et_gb_content_width":"","footnotes":""},"categories":[3,352],"tags":[],"class_list":["post-73453","post","type-post","status-publish","format-standard","has-post-thumbnail","hentry","category-nyheter","category-sport"],"yoast_head":"<!-- This site is optimized with the Yoast SEO Premium plugin v26.2 (Yoast SEO v27.5) - https:\/\/yoast.com\/product\/yoast-seo-premium-wordpress\/ -->\n<title>M\u00e1laga p\u00e5 god v\u00e4g att f\u00e5 VM-matcher 2030 - Svenska Magasinet<\/title>\n<meta name=\"robots\" content=\"noindex, follow, max-snippet:-1, max-image-preview:large, max-video-preview:-1\" \/>\n<meta property=\"og:locale\" content=\"sv_SE\" \/>\n<meta property=\"og:type\" content=\"article\" \/>\n<meta property=\"og:title\" content=\"M\u00e1laga p\u00e5 god v\u00e4g att f\u00e5 VM-matcher 2030\" \/>\n<meta property=\"og:description\" content=\"\u00c4n \u00e4r det inte helt klart.\u00a0Men det mesta pekar p\u00e5 att M\u00e1laga kommer att st\u00e5 som v\u00e4rd n\u00e4r herrarnas fotbolls-VM avg\u00f6rs i Spanien, Portugal och Marocko.\u00a0\" \/>\n<meta property=\"og:url\" content=\"https:\/\/lightweb.dev\/l\/svm-temp\/artiklar\/golf-sport\/malaga-pa-god-vag-att-fa-vm-matcher-2030\/\" \/>\n<meta property=\"og:site_name\" content=\"Svenska Magasinet\" \/>\n<meta property=\"article:publisher\" content=\"https:\/\/www.facebook.com\/svenskamagasinet\" \/>\n<meta property=\"article:published_time\" content=\"2024-07-19T14:15:59+00:00\" \/>\n<meta property=\"og:image\" content=\"https:\/\/lightweb.dev\/l\/svm-temp\/wp-content\/uploads\/2024\/07\/nueva-rosaleda-proyecto4-1280x640-1.png\" \/>\n\t<meta property=\"og:image:width\" content=\"1280\" \/>\n\t<meta property=\"og:image:height\" content=\"640\" \/>\n\t<meta property=\"og:image:type\" content=\"image\/png\" \/>\n<meta name=\"author\" content=\"Robbie Eriksson\" \/>\n<meta name=\"twitter:card\" content=\"summary_large_image\" \/>\n<meta name=\"twitter:creator\" content=\"@SvenskaMagasine\" \/>\n<meta name=\"twitter:site\" content=\"@SvenskaMagasine\" \/>\n<script type=\"application\/ld+json\" class=\"yoast-schema-graph\">{\"@context\":\"https:\\\/\\\/schema.org\",\"@graph\":[{\"@type\":\"Article\",\"@id\":\"https:\\\/\\\/lightweb.dev\\\/l\\\/svm-temp\\\/artiklar\\\/golf-sport\\\/malaga-pa-god-vag-att-fa-vm-matcher-2030\\\/#article\",\"isPartOf\":{\"@id\":\"https:\\\/\\\/lightweb.dev\\\/l\\\/svm-temp\\\/artiklar\\\/golf-sport\\\/malaga-pa-god-vag-att-fa-vm-matcher-2030\\\/\"},\"author\":{\"name\":\"Robbie Eriksson\",\"@id\":\"https:\\\/\\\/lightweb.dev\\\/l\\\/svm-temp\\\/#\\\/schema\\\/person\\\/caffe038990d25722f5a04a03c906a2b\"},\"headline\":\"M\u00e1laga p\u00e5 god v\u00e4g att f\u00e5 VM-matcher 2030\",\"datePublished\":\"2024-07-19T14:15:59+00:00\",\"mainEntityOfPage\":{\"@id\":\"https:\\\/\\\/lightweb.dev\\\/l\\\/svm-temp\\\/artiklar\\\/golf-sport\\\/malaga-pa-god-vag-att-fa-vm-matcher-2030\\\/\"},\"wordCount\":281,\"publisher\":{\"@id\":\"https:\\\/\\\/lightweb.dev\\\/l\\\/svm-temp\\\/#organization\"},\"image\":{\"@id\":\"https:\\\/\\\/lightweb.dev\\\/l\\\/svm-temp\\\/artiklar\\\/golf-sport\\\/malaga-pa-god-vag-att-fa-vm-matcher-2030\\\/#primaryimage\"},\"thumbnailUrl\":\"https:\\\/\\\/lightweb.dev\\\/l\\\/svm-temp\\\/wp-content\\\/uploads\\\/2024\\\/07\\\/nueva-rosaleda-proyecto4-1280x640-1.png\",\"articleSection\":[\"Nyheter\",\"Sport\"],\"inLanguage\":\"sv-SE\"},{\"@type\":\"WebPage\",\"@id\":\"https:\\\/\\\/lightweb.dev\\\/l\\\/svm-temp\\\/artiklar\\\/golf-sport\\\/malaga-pa-god-vag-att-fa-vm-matcher-2030\\\/\",\"url\":\"https:\\\/\\\/lightweb.dev\\\/l\\\/svm-temp\\\/artiklar\\\/golf-sport\\\/malaga-pa-god-vag-att-fa-vm-matcher-2030\\\/\",\"name\":\"M\u00e1laga p\u00e5 god v\u00e4g att f\u00e5 VM-matcher 2030 - Svenska Magasinet\",\"isPartOf\":{\"@id\":\"https:\\\/\\\/lightweb.dev\\\/l\\\/svm-temp\\\/#website\"},\"primaryImageOfPage\":{\"@id\":\"https:\\\/\\\/lightweb.dev\\\/l\\\/svm-temp\\\/artiklar\\\/golf-sport\\\/malaga-pa-god-vag-att-fa-vm-matcher-2030\\\/#primaryimage\"},\"image\":{\"@id\":\"https:\\\/\\\/lightweb.dev\\\/l\\\/svm-temp\\\/artiklar\\\/golf-sport\\\/malaga-pa-god-vag-att-fa-vm-matcher-2030\\\/#primaryimage\"},\"thumbnailUrl\":\"https:\\\/\\\/lightweb.dev\\\/l\\\/svm-temp\\\/wp-content\\\/uploads\\\/2024\\\/07\\\/nueva-rosaleda-proyecto4-1280x640-1.png\",\"datePublished\":\"2024-07-19T14:15:59+00:00\",\"breadcrumb\":{\"@id\":\"https:\\\/\\\/lightweb.dev\\\/l\\\/svm-temp\\\/artiklar\\\/golf-sport\\\/malaga-pa-god-vag-att-fa-vm-matcher-2030\\\/#breadcrumb\"},\"inLanguage\":\"sv-SE\",\"potentialAction\":[{\"@type\":\"ReadAction\",\"target\":[\"https:\\\/\\\/lightweb.dev\\\/l\\\/svm-temp\\\/artiklar\\\/golf-sport\\\/malaga-pa-god-vag-att-fa-vm-matcher-2030\\\/\"]}]},{\"@type\":\"ImageObject\",\"inLanguage\":\"sv-SE\",\"@id\":\"https:\\\/\\\/lightweb.dev\\\/l\\\/svm-temp\\\/artiklar\\\/golf-sport\\\/malaga-pa-god-vag-att-fa-vm-matcher-2030\\\/#primaryimage\",\"url\":\"https:\\\/\\\/lightweb.dev\\\/l\\\/svm-temp\\\/wp-content\\\/uploads\\\/2024\\\/07\\\/nueva-rosaleda-proyecto4-1280x640-1.png\",\"contentUrl\":\"https:\\\/\\\/lightweb.dev\\\/l\\\/svm-temp\\\/wp-content\\\/uploads\\\/2024\\\/07\\\/nueva-rosaleda-proyecto4-1280x640-1.png\",\"width\":1280,\"height\":640,\"caption\":\"Digital ritning f\u00f6r den renoverade La Rosaleda-stadion. (Bild: Morph Studio)\"},{\"@type\":\"BreadcrumbList\",\"@id\":\"https:\\\/\\\/lightweb.dev\\\/l\\\/svm-temp\\\/artiklar\\\/golf-sport\\\/malaga-pa-god-vag-att-fa-vm-matcher-2030\\\/#breadcrumb\",\"itemListElement\":[{\"@type\":\"ListItem\",\"position\":1,\"name\":\"Hem\",\"item\":\"https:\\\/\\\/lightweb.dev\\\/l\\\/svm-temp\\\/\"},{\"@type\":\"ListItem\",\"position\":2,\"name\":\"M\u00e1laga p\u00e5 god v\u00e4g att f\u00e5 VM-matcher 2030\"}]},{\"@type\":\"WebSite\",\"@id\":\"https:\\\/\\\/lightweb.dev\\\/l\\\/svm-temp\\\/#website\",\"url\":\"https:\\\/\\\/lightweb.dev\\\/l\\\/svm-temp\\\/\",\"name\":\"Svenska Magasinet\",\"description\":\"Dina Spanska nyheter p&aring; Svenska\",\"publisher\":{\"@id\":\"https:\\\/\\\/lightweb.dev\\\/l\\\/svm-temp\\\/#organization\"},\"potentialAction\":[{\"@type\":\"SearchAction\",\"target\":{\"@type\":\"EntryPoint\",\"urlTemplate\":\"https:\\\/\\\/lightweb.dev\\\/l\\\/svm-temp\\\/?s={search_term_string}\"},\"query-input\":{\"@type\":\"PropertyValueSpecification\",\"valueRequired\":true,\"valueName\":\"search_term_string\"}}],\"inLanguage\":\"sv-SE\"},{\"@type\":\"Organization\",\"@id\":\"https:\\\/\\\/lightweb.dev\\\/l\\\/svm-temp\\\/#organization\",\"name\":\"Melkerson y Nott SL\",\"alternateName\":\"Svenska Magasinet\",\"url\":\"https:\\\/\\\/lightweb.dev\\\/l\\\/svm-temp\\\/\",\"logo\":{\"@type\":\"ImageObject\",\"inLanguage\":\"sv-SE\",\"@id\":\"https:\\\/\\\/lightweb.dev\\\/l\\\/svm-temp\\\/#\\\/schema\\\/logo\\\/image\\\/\",\"url\":\"https:\\\/\\\/lightweb.dev\\\/l\\\/svm-temp\\\/wp-content\\\/uploads\\\/2025\\\/02\\\/SvM-logo-Xtra-Centrerad-SVART.png\",\"contentUrl\":\"https:\\\/\\\/lightweb.dev\\\/l\\\/svm-temp\\\/wp-content\\\/uploads\\\/2025\\\/02\\\/SvM-logo-Xtra-Centrerad-SVART.png\",\"width\":300,\"height\":99,\"caption\":\"Melkerson y Nott SL\"},\"image\":{\"@id\":\"https:\\\/\\\/lightweb.dev\\\/l\\\/svm-temp\\\/#\\\/schema\\\/logo\\\/image\\\/\"},\"sameAs\":[\"https:\\\/\\\/www.facebook.com\\\/svenskamagasinet\",\"https:\\\/\\\/x.com\\\/SvenskaMagasine\"]},{\"@type\":\"Person\",\"@id\":\"https:\\\/\\\/lightweb.dev\\\/l\\\/svm-temp\\\/#\\\/schema\\\/person\\\/caffe038990d25722f5a04a03c906a2b\",\"name\":\"Robbie Eriksson\",\"sameAs\":[\"https:\\\/\\\/lightweb.dev\\\/l\\\/svm-temp\"],\"url\":\"https:\\\/\\\/lightweb.dev\\\/l\\\/svm-temp\\\/reporter\\\/robbie-eriksson\\\/\"}]}<\/script>\n<!-- \/ Yoast SEO Premium plugin. -->","yoast_head_json":{"title":"M\u00e1laga p\u00e5 god v\u00e4g att f\u00e5 VM-matcher 2030 - Svenska Magasinet","robots":{"index":"noindex","follow":"follow","max-snippet":"max-snippet:-1","max-image-preview":"max-image-preview:large","max-video-preview":"max-video-preview:-1"},"og_locale":"sv_SE","og_type":"article","og_title":"M\u00e1laga p\u00e5 god v\u00e4g att f\u00e5 VM-matcher 2030","og_description":"\u00c4n \u00e4r det inte helt klart.\u00a0Men det mesta pekar p\u00e5 att M\u00e1laga kommer att st\u00e5 som v\u00e4rd n\u00e4r herrarnas fotbolls-VM avg\u00f6rs i Spanien, Portugal och Marocko.\u00a0","og_url":"https:\/\/lightweb.dev\/l\/svm-temp\/artiklar\/golf-sport\/malaga-pa-god-vag-att-fa-vm-matcher-2030\/","og_site_name":"Svenska Magasinet","article_publisher":"https:\/\/www.facebook.com\/svenskamagasinet","article_published_time":"2024-07-19T14:15:59+00:00","og_image":[{"width":1280,"height":640,"url":"https:\/\/lightweb.dev\/l\/svm-temp\/wp-content\/uploads\/2024\/07\/nueva-rosaleda-proyecto4-1280x640-1.png","type":"image\/png"}],"author":"Robbie Eriksson","twitter_card":"summary_large_image","twitter_creator":"@SvenskaMagasine","twitter_site":"@SvenskaMagasine","schema":{"@context":"https:\/\/schema.org","@graph":[{"@type":"Article","@id":"https:\/\/lightweb.dev\/l\/svm-temp\/artiklar\/golf-sport\/malaga-pa-god-vag-att-fa-vm-matcher-2030\/#article","isPartOf":{"@id":"https:\/\/lightweb.dev\/l\/svm-temp\/artiklar\/golf-sport\/malaga-pa-god-vag-att-fa-vm-matcher-2030\/"},"author":{"name":"Robbie Eriksson","@id":"https:\/\/lightweb.dev\/l\/svm-temp\/#\/schema\/person\/caffe038990d25722f5a04a03c906a2b"},"headline":"M\u00e1laga p\u00e5 god v\u00e4g att f\u00e5 VM-matcher 2030","datePublished":"2024-07-19T14:15:59+00:00","mainEntityOfPage":{"@id":"https:\/\/lightweb.dev\/l\/svm-temp\/artiklar\/golf-sport\/malaga-pa-god-vag-att-fa-vm-matcher-2030\/"},"wordCount":281,"publisher":{"@id":"https:\/\/lightweb.dev\/l\/svm-temp\/#organization"},"image":{"@id":"https:\/\/lightweb.dev\/l\/svm-temp\/artiklar\/golf-sport\/malaga-pa-god-vag-att-fa-vm-matcher-2030\/#primaryimage"},"thumbnailUrl":"https:\/\/lightweb.dev\/l\/svm-temp\/wp-content\/uploads\/2024\/07\/nueva-rosaleda-proyecto4-1280x640-1.png","articleSection":["Nyheter","Sport"],"inLanguage":"sv-SE"},{"@type":"WebPage","@id":"https:\/\/lightweb.dev\/l\/svm-temp\/artiklar\/golf-sport\/malaga-pa-god-vag-att-fa-vm-matcher-2030\/","url":"https:\/\/lightweb.dev\/l\/svm-temp\/artiklar\/golf-sport\/malaga-pa-god-vag-att-fa-vm-matcher-2030\/","name":"M\u00e1laga p\u00e5 god v\u00e4g att f\u00e5 VM-matcher 2030 - Svenska Magasinet","isPartOf":{"@id":"https:\/\/lightweb.dev\/l\/svm-temp\/#website"},"primaryImageOfPage":{"@id":"https:\/\/lightweb.dev\/l\/svm-temp\/artiklar\/golf-sport\/malaga-pa-god-vag-att-fa-vm-matcher-2030\/#primaryimage"},"image":{"@id":"https:\/\/lightweb.dev\/l\/svm-temp\/artiklar\/golf-sport\/malaga-pa-god-vag-att-fa-vm-matcher-2030\/#primaryimage"},"thumbnailUrl":"https:\/\/lightweb.dev\/l\/svm-temp\/wp-content\/uploads\/2024\/07\/nueva-rosaleda-proyecto4-1280x640-1.png","datePublished":"2024-07-19T14:15:59+00:00","breadcrumb":{"@id":"https:\/\/lightweb.dev\/l\/svm-temp\/artiklar\/golf-sport\/malaga-pa-god-vag-att-fa-vm-matcher-2030\/#breadcrumb"},"inLanguage":"sv-SE","potentialAction":[{"@type":"ReadAction","target":["https:\/\/lightweb.dev\/l\/svm-temp\/artiklar\/golf-sport\/malaga-pa-god-vag-att-fa-vm-matcher-2030\/"]}]},{"@type":"ImageObject","inLanguage":"sv-SE","@id":"https:\/\/lightweb.dev\/l\/svm-temp\/artiklar\/golf-sport\/malaga-pa-god-vag-att-fa-vm-matcher-2030\/#primaryimage","url":"https:\/\/lightweb.dev\/l\/svm-temp\/wp-content\/uploads\/2024\/07\/nueva-rosaleda-proyecto4-1280x640-1.png","contentUrl":"https:\/\/lightweb.dev\/l\/svm-temp\/wp-content\/uploads\/2024\/07\/nueva-rosaleda-proyecto4-1280x640-1.png","width":1280,"height":640,"caption":"Digital ritning f\u00f6r den renoverade La Rosaleda-stadion. (Bild: Morph Studio)"},{"@type":"BreadcrumbList","@id":"https:\/\/lightweb.dev\/l\/svm-temp\/artiklar\/golf-sport\/malaga-pa-god-vag-att-fa-vm-matcher-2030\/#breadcrumb","itemListElement":[{"@type":"ListItem","position":1,"name":"Hem","item":"https:\/\/lightweb.dev\/l\/svm-temp\/"},{"@type":"ListItem","position":2,"name":"M\u00e1laga p\u00e5 god v\u00e4g att f\u00e5 VM-matcher 2030"}]},{"@type":"WebSite","@id":"https:\/\/lightweb.dev\/l\/svm-temp\/#website","url":"https:\/\/lightweb.dev\/l\/svm-temp\/","name":"Svenska Magasinet","description":"Dina Spanska nyheter p&aring; Svenska","publisher":{"@id":"https:\/\/lightweb.dev\/l\/svm-temp\/#organization"},"potentialAction":[{"@type":"SearchAction","target":{"@type":"EntryPoint","urlTemplate":"https:\/\/lightweb.dev\/l\/svm-temp\/?s={search_term_string}"},"query-input":{"@type":"PropertyValueSpecification","valueRequired":true,"valueName":"search_term_string"}}],"inLanguage":"sv-SE"},{"@type":"Organization","@id":"https:\/\/lightweb.dev\/l\/svm-temp\/#organization","name":"Melkerson y Nott SL","alternateName":"Svenska Magasinet","url":"https:\/\/lightweb.dev\/l\/svm-temp\/","logo":{"@type":"ImageObject","inLanguage":"sv-SE","@id":"https:\/\/lightweb.dev\/l\/svm-temp\/#\/schema\/logo\/image\/","url":"https:\/\/lightweb.dev\/l\/svm-temp\/wp-content\/uploads\/2025\/02\/SvM-logo-Xtra-Centrerad-SVART.png","contentUrl":"https:\/\/lightweb.dev\/l\/svm-temp\/wp-content\/uploads\/2025\/02\/SvM-logo-Xtra-Centrerad-SVART.png","width":300,"height":99,"caption":"Melkerson y Nott SL"},"image":{"@id":"https:\/\/lightweb.dev\/l\/svm-temp\/#\/schema\/logo\/image\/"},"sameAs":["https:\/\/www.facebook.com\/svenskamagasinet","https:\/\/x.com\/SvenskaMagasine"]},{"@type":"Person","@id":"https:\/\/lightweb.dev\/l\/svm-temp\/#\/schema\/person\/caffe038990d25722f5a04a03c906a2b","name":"Robbie Eriksson","sameAs":["https:\/\/lightweb.dev\/l\/svm-temp"],"url":"https:\/\/lightweb.dev\/l\/svm-temp\/reporter\/robbie-eriksson\/"}]}},"_links":{"self":[{"href":"https:\/\/lightweb.dev\/l\/svm-temp\/wp-json\/wp\/v2\/posts\/73453","targetHints":{"allow":["GET"]}}],"collection":[{"href":"https:\/\/lightweb.dev\/l\/svm-temp\/wp-json\/wp\/v2\/posts"}],"about":[{"href":"https:\/\/lightweb.dev\/l\/svm-temp\/wp-json\/wp\/v2\/types\/post"}],"author":[{"embeddable":true,"href":"https:\/\/lightweb.dev\/l\/svm-temp\/wp-json\/wp\/v2\/users\/14"}],"replies":[{"embeddable":true,"href":"https:\/\/lightweb.dev\/l\/svm-temp\/wp-json\/wp\/v2\/comments?post=73453"}],"version-history":[{"count":0,"href":"https:\/\/lightweb.dev\/l\/svm-temp\/wp-json\/wp\/v2\/posts\/73453\/revisions"}],"wp:featuredmedia":[{"embeddable":true,"href":"https:\/\/lightweb.dev\/l\/svm-temp\/wp-json\/wp\/v2\/media\/73455"}],"wp:attachment":[{"href":"https:\/\/lightweb.dev\/l\/svm-temp\/wp-json\/wp\/v2\/media?parent=73453"}],"wp:term":[{"taxonomy":"category","embeddable":true,"href":"https:\/\/lightweb.dev\/l\/svm-temp\/wp-json\/wp\/v2\/categories?post=73453"},{"taxonomy":"post_tag","embeddable":true,"href":"https:\/\/lightweb.dev\/l\/svm-temp\/wp-json\/wp\/v2\/tags?post=73453"}],"curies":[{"name":"wp","href":"https:\/\/api.w.org\/{rel}","templated":true}]}}