{"id":73457,"date":"2024-07-19T16:39:31","date_gmt":"2024-07-19T14:39:31","guid":{"rendered":"https:\/\/lightweb.dev\/l\/svm-temp\/?p=73457"},"modified":"2024-07-19T16:43:00","modified_gmt":"2024-07-19T14:43:00","slug":"sanchez-positiv-till-de-senaste-samtalen-om-gibraltar","status":"publish","type":"post","link":"https:\/\/lightweb.dev\/l\/svm-temp\/nyheter\/sanchez-positiv-till-de-senaste-samtalen-om-gibraltar\/","title":{"rendered":"S\u00e1nchez positiv till de senaste samtalen om Gibraltar"},"content":{"rendered":"<p><strong>Ig\u00e5r tr\u00e4ffade premi\u00e4rminister Pedro S\u00e1nchez sin nytilltr\u00e4dda brittiska motsvarighet, Kier Starmer.<\/strong><\/p>\n<p><strong>Under m\u00f6tet uttryckte han sin tillit till att l\u00e4nderna sedan det brittiska regeringsskiftet kommer att ha b\u00e4ttre bilaterala relationer och n\u00e5 en \u00f6verenskommelse g\u00e4llande Gibraltar.\u00a0<\/strong><\/p>\n<p><span style=\"font-weight: 400;\">Det var f\u00f6rsta g\u00e5ngen sedan Kier Starmer blev premi\u00e4rminister som de b\u00e5da ledarna tr\u00e4ffades. P\u00e5 m\u00f6tet, som h\u00f6lls ig\u00e5r morse, stod \u00f6verenskommelsen som f\u00f6rhandlas mellan EU och Storbritannien om Gibraltar h\u00f6gt p\u00e5 dagordningen.\u00a0<\/span><\/p>\n<p><span style=\"font-weight: 400;\">Enligt SURs k\u00e4llor inom regeringen tror S\u00e1nchez att detta kommer att vara klart inom de n\u00e4rmsta m\u00e5naderna nu n\u00e4r Storbritannien har en Labourregering. Framf\u00f6rallt med tanke p\u00e5 att man var relativt n\u00e4ra en \u00f6verenskommelse med den f\u00f6rra konservativa regeringen ocks\u00e5.\u00a0<\/span><\/p>\n<p><span style=\"font-weight: 400;\">F\u00f6rra veckan tr\u00e4ffade dessutom Spaniens utrikesminister, Jos\u00e9 Manuel Albares, sin nya brittiska motpart, David Lemmy. De var b\u00e5da \u00f6verens om att r\u00f6ra sig snabbt mot m\u00e5let att n\u00e5 en samsyn g\u00e4llande Gibraltar och dess relation till EU efter att Storbritannien l\u00e4mnat unionen.\u00a0<\/span><\/p>\n<p><span style=\"font-weight: 400;\">Starmers regering har sagt att man vill n\u00e5 en \u00f6verenskommelse som \u201cgynnar Gibraltar\u201d samtidigt som den \u201cs\u00e4kerst\u00e4ller brittisk suver\u00e4nitet\u201d. Man har ocks\u00e5 po\u00e4ngterat att man har folket i Gibraltar bakom sig och att man vill \u201cskydda sj\u00e4lvst\u00e4ndigheten f\u00f6r brittiska milit\u00e4ra installationer\u201d i omr\u00e5det.\u00a0<\/span><\/p>\n<h2><span style=\"font-weight: 400;\">Goda relationer<\/span><\/h2>\n<p><span style=\"font-weight: 400;\">Efter m\u00f6tet skrev S\u00e1nchez p\u00e5 X att: \u201cDet har varit ett n\u00f6je att p\u00e5 nytt bekr\u00e4fta de n\u00e4ra v\u00e4nskapliga relationerna som f\u00f6renar v\u00e5ra nationer, Kier Starmer\u201d och att \u201cStorbritannien \u00e4r en f\u00f6redragen partner, v\u00e4n och allierad till Spanien\u201d.<\/span><\/p>\n<p><span style=\"font-weight: 400;\">Han tillade att: \u201cMomentumet av tv\u00e5 progressiva regeringar kommer att medf\u00f6ra st\u00f6rre v\u00e4lst\u00e5nd till v\u00e5ra medborgare&#8221;. Han skrev ocks\u00e5 att han hoppas l\u00e4ndernas samtal kan bli ett gott exempel f\u00f6r hur relationerna mellan EU och Storbritannien nu kan se ut och att han vill se fler sammantr\u00e4den i framtiden. \u00a0 <\/span><\/p>\n","protected":false},"excerpt":{"rendered":"<p>Ig\u00e5r tr\u00e4ffade premi\u00e4rminister Pedro S\u00e1nchez sin nytilltr\u00e4dda brittiska motsvarighet, Kier Starmer. Under m\u00f6tet uttryckte han sin tillit till att l\u00e4nderna sedan det brittiska regeringsskiftet kommer att ha b\u00e4ttre bilaterala relationer och n\u00e5 en \u00f6verenskommelse g\u00e4llande Gibraltar.\u00a0<\/p>\n","protected":false},"author":14,"featured_media":60049,"comment_status":"closed","ping_status":"closed","sticky":false,"template":"","format":"standard","meta":{"_et_pb_use_builder":"","_et_pb_old_content":"","_et_gb_content_width":"","footnotes":""},"categories":[395,3],"tags":[],"class_list":["post-73457","post","type-post","status-publish","format-standard","has-post-thumbnail","hentry","category-arkiv-nyheter","category-nyheter"],"yoast_head":"<!-- This site is optimized with the Yoast SEO Premium plugin v26.2 (Yoast SEO v27.5) - https:\/\/yoast.com\/product\/yoast-seo-premium-wordpress\/ -->\n<title>S\u00e1nchez positiv till de senaste samtalen om Gibraltar - Svenska Magasinet<\/title>\n<meta name=\"robots\" content=\"noindex, follow, max-snippet:-1, max-image-preview:large, max-video-preview:-1\" \/>\n<meta property=\"og:locale\" content=\"sv_SE\" \/>\n<meta property=\"og:type\" content=\"article\" \/>\n<meta property=\"og:title\" content=\"S\u00e1nchez positiv till de senaste samtalen om Gibraltar\" \/>\n<meta property=\"og:description\" content=\"Ig\u00e5r tr\u00e4ffade premi\u00e4rminister Pedro S\u00e1nchez sin nytilltr\u00e4dda brittiska motsvarighet, Kier Starmer. Under m\u00f6tet uttryckte han sin tillit till att l\u00e4nderna sedan det brittiska regeringsskiftet kommer att ha b\u00e4ttre bilaterala relationer och n\u00e5 en \u00f6verenskommelse g\u00e4llande Gibraltar.\u00a0\" \/>\n<meta property=\"og:url\" content=\"https:\/\/lightweb.dev\/l\/svm-temp\/nyheter\/sanchez-positiv-till-de-senaste-samtalen-om-gibraltar\/\" \/>\n<meta property=\"og:site_name\" content=\"Svenska Magasinet\" \/>\n<meta property=\"article:publisher\" content=\"https:\/\/www.facebook.com\/svenskamagasinet\" \/>\n<meta property=\"article:published_time\" content=\"2024-07-19T14:39:31+00:00\" \/>\n<meta property=\"article:modified_time\" content=\"2024-07-19T14:43:00+00:00\" \/>\n<meta property=\"og:image\" content=\"https:\/\/lightweb.dev\/l\/svm-temp\/wp-content\/uploads\/2022\/12\/07bGib-stor.jpeg\" \/>\n\t<meta property=\"og:image:width\" content=\"1280\" \/>\n\t<meta property=\"og:image:height\" content=\"960\" \/>\n\t<meta property=\"og:image:type\" content=\"image\/jpeg\" \/>\n<meta name=\"author\" content=\"Robbie Eriksson\" \/>\n<meta name=\"twitter:card\" content=\"summary_large_image\" \/>\n<meta name=\"twitter:creator\" content=\"@SvenskaMagasine\" \/>\n<meta name=\"twitter:site\" content=\"@SvenskaMagasine\" \/>\n<script type=\"application\/ld+json\" class=\"yoast-schema-graph\">{\"@context\":\"https:\\\/\\\/schema.org\",\"@graph\":[{\"@type\":\"Article\",\"@id\":\"https:\\\/\\\/lightweb.dev\\\/l\\\/svm-temp\\\/nyheter\\\/sanchez-positiv-till-de-senaste-samtalen-om-gibraltar\\\/#article\",\"isPartOf\":{\"@id\":\"https:\\\/\\\/lightweb.dev\\\/l\\\/svm-temp\\\/nyheter\\\/sanchez-positiv-till-de-senaste-samtalen-om-gibraltar\\\/\"},\"author\":{\"name\":\"Robbie Eriksson\",\"@id\":\"https:\\\/\\\/lightweb.dev\\\/l\\\/svm-temp\\\/#\\\/schema\\\/person\\\/caffe038990d25722f5a04a03c906a2b\"},\"headline\":\"S\u00e1nchez positiv till de senaste samtalen om Gibraltar\",\"datePublished\":\"2024-07-19T14:39:31+00:00\",\"dateModified\":\"2024-07-19T14:43:00+00:00\",\"mainEntityOfPage\":{\"@id\":\"https:\\\/\\\/lightweb.dev\\\/l\\\/svm-temp\\\/nyheter\\\/sanchez-positiv-till-de-senaste-samtalen-om-gibraltar\\\/\"},\"wordCount\":353,\"publisher\":{\"@id\":\"https:\\\/\\\/lightweb.dev\\\/l\\\/svm-temp\\\/#organization\"},\"image\":{\"@id\":\"https:\\\/\\\/lightweb.dev\\\/l\\\/svm-temp\\\/nyheter\\\/sanchez-positiv-till-de-senaste-samtalen-om-gibraltar\\\/#primaryimage\"},\"thumbnailUrl\":\"https:\\\/\\\/lightweb.dev\\\/l\\\/svm-temp\\\/wp-content\\\/uploads\\\/2022\\\/12\\\/07bGib-stor.jpeg\",\"articleSection\":[\"Arkiv\",\"Nyheter\"],\"inLanguage\":\"sv-SE\"},{\"@type\":\"WebPage\",\"@id\":\"https:\\\/\\\/lightweb.dev\\\/l\\\/svm-temp\\\/nyheter\\\/sanchez-positiv-till-de-senaste-samtalen-om-gibraltar\\\/\",\"url\":\"https:\\\/\\\/lightweb.dev\\\/l\\\/svm-temp\\\/nyheter\\\/sanchez-positiv-till-de-senaste-samtalen-om-gibraltar\\\/\",\"name\":\"S\u00e1nchez positiv till de senaste samtalen om Gibraltar - Svenska Magasinet\",\"isPartOf\":{\"@id\":\"https:\\\/\\\/lightweb.dev\\\/l\\\/svm-temp\\\/#website\"},\"primaryImageOfPage\":{\"@id\":\"https:\\\/\\\/lightweb.dev\\\/l\\\/svm-temp\\\/nyheter\\\/sanchez-positiv-till-de-senaste-samtalen-om-gibraltar\\\/#primaryimage\"},\"image\":{\"@id\":\"https:\\\/\\\/lightweb.dev\\\/l\\\/svm-temp\\\/nyheter\\\/sanchez-positiv-till-de-senaste-samtalen-om-gibraltar\\\/#primaryimage\"},\"thumbnailUrl\":\"https:\\\/\\\/lightweb.dev\\\/l\\\/svm-temp\\\/wp-content\\\/uploads\\\/2022\\\/12\\\/07bGib-stor.jpeg\",\"datePublished\":\"2024-07-19T14:39:31+00:00\",\"dateModified\":\"2024-07-19T14:43:00+00:00\",\"breadcrumb\":{\"@id\":\"https:\\\/\\\/lightweb.dev\\\/l\\\/svm-temp\\\/nyheter\\\/sanchez-positiv-till-de-senaste-samtalen-om-gibraltar\\\/#breadcrumb\"},\"inLanguage\":\"sv-SE\",\"potentialAction\":[{\"@type\":\"ReadAction\",\"target\":[\"https:\\\/\\\/lightweb.dev\\\/l\\\/svm-temp\\\/nyheter\\\/sanchez-positiv-till-de-senaste-samtalen-om-gibraltar\\\/\"]}]},{\"@type\":\"ImageObject\",\"inLanguage\":\"sv-SE\",\"@id\":\"https:\\\/\\\/lightweb.dev\\\/l\\\/svm-temp\\\/nyheter\\\/sanchez-positiv-till-de-senaste-samtalen-om-gibraltar\\\/#primaryimage\",\"url\":\"https:\\\/\\\/lightweb.dev\\\/l\\\/svm-temp\\\/wp-content\\\/uploads\\\/2022\\\/12\\\/07bGib-stor.jpeg\",\"contentUrl\":\"https:\\\/\\\/lightweb.dev\\\/l\\\/svm-temp\\\/wp-content\\\/uploads\\\/2022\\\/12\\\/07bGib-stor.jpeg\",\"width\":1280,\"height\":960,\"caption\":\"Gibraltar (Foto: William Pettersson)\"},{\"@type\":\"BreadcrumbList\",\"@id\":\"https:\\\/\\\/lightweb.dev\\\/l\\\/svm-temp\\\/nyheter\\\/sanchez-positiv-till-de-senaste-samtalen-om-gibraltar\\\/#breadcrumb\",\"itemListElement\":[{\"@type\":\"ListItem\",\"position\":1,\"name\":\"Hem\",\"item\":\"https:\\\/\\\/lightweb.dev\\\/l\\\/svm-temp\\\/\"},{\"@type\":\"ListItem\",\"position\":2,\"name\":\"S\u00e1nchez positiv till de senaste samtalen om Gibraltar\"}]},{\"@type\":\"WebSite\",\"@id\":\"https:\\\/\\\/lightweb.dev\\\/l\\\/svm-temp\\\/#website\",\"url\":\"https:\\\/\\\/lightweb.dev\\\/l\\\/svm-temp\\\/\",\"name\":\"Svenska Magasinet\",\"description\":\"Dina Spanska nyheter p&aring; Svenska\",\"publisher\":{\"@id\":\"https:\\\/\\\/lightweb.dev\\\/l\\\/svm-temp\\\/#organization\"},\"potentialAction\":[{\"@type\":\"SearchAction\",\"target\":{\"@type\":\"EntryPoint\",\"urlTemplate\":\"https:\\\/\\\/lightweb.dev\\\/l\\\/svm-temp\\\/?s={search_term_string}\"},\"query-input\":{\"@type\":\"PropertyValueSpecification\",\"valueRequired\":true,\"valueName\":\"search_term_string\"}}],\"inLanguage\":\"sv-SE\"},{\"@type\":\"Organization\",\"@id\":\"https:\\\/\\\/lightweb.dev\\\/l\\\/svm-temp\\\/#organization\",\"name\":\"Melkerson y Nott SL\",\"alternateName\":\"Svenska Magasinet\",\"url\":\"https:\\\/\\\/lightweb.dev\\\/l\\\/svm-temp\\\/\",\"logo\":{\"@type\":\"ImageObject\",\"inLanguage\":\"sv-SE\",\"@id\":\"https:\\\/\\\/lightweb.dev\\\/l\\\/svm-temp\\\/#\\\/schema\\\/logo\\\/image\\\/\",\"url\":\"https:\\\/\\\/lightweb.dev\\\/l\\\/svm-temp\\\/wp-content\\\/uploads\\\/2025\\\/02\\\/SvM-logo-Xtra-Centrerad-SVART.png\",\"contentUrl\":\"https:\\\/\\\/lightweb.dev\\\/l\\\/svm-temp\\\/wp-content\\\/uploads\\\/2025\\\/02\\\/SvM-logo-Xtra-Centrerad-SVART.png\",\"width\":300,\"height\":99,\"caption\":\"Melkerson y Nott SL\"},\"image\":{\"@id\":\"https:\\\/\\\/lightweb.dev\\\/l\\\/svm-temp\\\/#\\\/schema\\\/logo\\\/image\\\/\"},\"sameAs\":[\"https:\\\/\\\/www.facebook.com\\\/svenskamagasinet\",\"https:\\\/\\\/x.com\\\/SvenskaMagasine\"]},{\"@type\":\"Person\",\"@id\":\"https:\\\/\\\/lightweb.dev\\\/l\\\/svm-temp\\\/#\\\/schema\\\/person\\\/caffe038990d25722f5a04a03c906a2b\",\"name\":\"Robbie Eriksson\",\"sameAs\":[\"https:\\\/\\\/lightweb.dev\\\/l\\\/svm-temp\"],\"url\":\"https:\\\/\\\/lightweb.dev\\\/l\\\/svm-temp\\\/reporter\\\/robbie-eriksson\\\/\"}]}<\/script>\n<!-- \/ Yoast SEO Premium plugin. -->","yoast_head_json":{"title":"S\u00e1nchez positiv till de senaste samtalen om Gibraltar - Svenska Magasinet","robots":{"index":"noindex","follow":"follow","max-snippet":"max-snippet:-1","max-image-preview":"max-image-preview:large","max-video-preview":"max-video-preview:-1"},"og_locale":"sv_SE","og_type":"article","og_title":"S\u00e1nchez positiv till de senaste samtalen om Gibraltar","og_description":"Ig\u00e5r tr\u00e4ffade premi\u00e4rminister Pedro S\u00e1nchez sin nytilltr\u00e4dda brittiska motsvarighet, Kier Starmer. Under m\u00f6tet uttryckte han sin tillit till att l\u00e4nderna sedan det brittiska regeringsskiftet kommer att ha b\u00e4ttre bilaterala relationer och n\u00e5 en \u00f6verenskommelse g\u00e4llande Gibraltar.\u00a0","og_url":"https:\/\/lightweb.dev\/l\/svm-temp\/nyheter\/sanchez-positiv-till-de-senaste-samtalen-om-gibraltar\/","og_site_name":"Svenska Magasinet","article_publisher":"https:\/\/www.facebook.com\/svenskamagasinet","article_published_time":"2024-07-19T14:39:31+00:00","article_modified_time":"2024-07-19T14:43:00+00:00","og_image":[{"width":1280,"height":960,"url":"https:\/\/lightweb.dev\/l\/svm-temp\/wp-content\/uploads\/2022\/12\/07bGib-stor.jpeg","type":"image\/jpeg"}],"author":"Robbie Eriksson","twitter_card":"summary_large_image","twitter_creator":"@SvenskaMagasine","twitter_site":"@SvenskaMagasine","schema":{"@context":"https:\/\/schema.org","@graph":[{"@type":"Article","@id":"https:\/\/lightweb.dev\/l\/svm-temp\/nyheter\/sanchez-positiv-till-de-senaste-samtalen-om-gibraltar\/#article","isPartOf":{"@id":"https:\/\/lightweb.dev\/l\/svm-temp\/nyheter\/sanchez-positiv-till-de-senaste-samtalen-om-gibraltar\/"},"author":{"name":"Robbie Eriksson","@id":"https:\/\/lightweb.dev\/l\/svm-temp\/#\/schema\/person\/caffe038990d25722f5a04a03c906a2b"},"headline":"S\u00e1nchez positiv till de senaste samtalen om Gibraltar","datePublished":"2024-07-19T14:39:31+00:00","dateModified":"2024-07-19T14:43:00+00:00","mainEntityOfPage":{"@id":"https:\/\/lightweb.dev\/l\/svm-temp\/nyheter\/sanchez-positiv-till-de-senaste-samtalen-om-gibraltar\/"},"wordCount":353,"publisher":{"@id":"https:\/\/lightweb.dev\/l\/svm-temp\/#organization"},"image":{"@id":"https:\/\/lightweb.dev\/l\/svm-temp\/nyheter\/sanchez-positiv-till-de-senaste-samtalen-om-gibraltar\/#primaryimage"},"thumbnailUrl":"https:\/\/lightweb.dev\/l\/svm-temp\/wp-content\/uploads\/2022\/12\/07bGib-stor.jpeg","articleSection":["Arkiv","Nyheter"],"inLanguage":"sv-SE"},{"@type":"WebPage","@id":"https:\/\/lightweb.dev\/l\/svm-temp\/nyheter\/sanchez-positiv-till-de-senaste-samtalen-om-gibraltar\/","url":"https:\/\/lightweb.dev\/l\/svm-temp\/nyheter\/sanchez-positiv-till-de-senaste-samtalen-om-gibraltar\/","name":"S\u00e1nchez positiv till de senaste samtalen om Gibraltar - Svenska Magasinet","isPartOf":{"@id":"https:\/\/lightweb.dev\/l\/svm-temp\/#website"},"primaryImageOfPage":{"@id":"https:\/\/lightweb.dev\/l\/svm-temp\/nyheter\/sanchez-positiv-till-de-senaste-samtalen-om-gibraltar\/#primaryimage"},"image":{"@id":"https:\/\/lightweb.dev\/l\/svm-temp\/nyheter\/sanchez-positiv-till-de-senaste-samtalen-om-gibraltar\/#primaryimage"},"thumbnailUrl":"https:\/\/lightweb.dev\/l\/svm-temp\/wp-content\/uploads\/2022\/12\/07bGib-stor.jpeg","datePublished":"2024-07-19T14:39:31+00:00","dateModified":"2024-07-19T14:43:00+00:00","breadcrumb":{"@id":"https:\/\/lightweb.dev\/l\/svm-temp\/nyheter\/sanchez-positiv-till-de-senaste-samtalen-om-gibraltar\/#breadcrumb"},"inLanguage":"sv-SE","potentialAction":[{"@type":"ReadAction","target":["https:\/\/lightweb.dev\/l\/svm-temp\/nyheter\/sanchez-positiv-till-de-senaste-samtalen-om-gibraltar\/"]}]},{"@type":"ImageObject","inLanguage":"sv-SE","@id":"https:\/\/lightweb.dev\/l\/svm-temp\/nyheter\/sanchez-positiv-till-de-senaste-samtalen-om-gibraltar\/#primaryimage","url":"https:\/\/lightweb.dev\/l\/svm-temp\/wp-content\/uploads\/2022\/12\/07bGib-stor.jpeg","contentUrl":"https:\/\/lightweb.dev\/l\/svm-temp\/wp-content\/uploads\/2022\/12\/07bGib-stor.jpeg","width":1280,"height":960,"caption":"Gibraltar (Foto: William Pettersson)"},{"@type":"BreadcrumbList","@id":"https:\/\/lightweb.dev\/l\/svm-temp\/nyheter\/sanchez-positiv-till-de-senaste-samtalen-om-gibraltar\/#breadcrumb","itemListElement":[{"@type":"ListItem","position":1,"name":"Hem","item":"https:\/\/lightweb.dev\/l\/svm-temp\/"},{"@type":"ListItem","position":2,"name":"S\u00e1nchez positiv till de senaste samtalen om Gibraltar"}]},{"@type":"WebSite","@id":"https:\/\/lightweb.dev\/l\/svm-temp\/#website","url":"https:\/\/lightweb.dev\/l\/svm-temp\/","name":"Svenska Magasinet","description":"Dina Spanska nyheter p&aring; Svenska","publisher":{"@id":"https:\/\/lightweb.dev\/l\/svm-temp\/#organization"},"potentialAction":[{"@type":"SearchAction","target":{"@type":"EntryPoint","urlTemplate":"https:\/\/lightweb.dev\/l\/svm-temp\/?s={search_term_string}"},"query-input":{"@type":"PropertyValueSpecification","valueRequired":true,"valueName":"search_term_string"}}],"inLanguage":"sv-SE"},{"@type":"Organization","@id":"https:\/\/lightweb.dev\/l\/svm-temp\/#organization","name":"Melkerson y Nott SL","alternateName":"Svenska Magasinet","url":"https:\/\/lightweb.dev\/l\/svm-temp\/","logo":{"@type":"ImageObject","inLanguage":"sv-SE","@id":"https:\/\/lightweb.dev\/l\/svm-temp\/#\/schema\/logo\/image\/","url":"https:\/\/lightweb.dev\/l\/svm-temp\/wp-content\/uploads\/2025\/02\/SvM-logo-Xtra-Centrerad-SVART.png","contentUrl":"https:\/\/lightweb.dev\/l\/svm-temp\/wp-content\/uploads\/2025\/02\/SvM-logo-Xtra-Centrerad-SVART.png","width":300,"height":99,"caption":"Melkerson y Nott SL"},"image":{"@id":"https:\/\/lightweb.dev\/l\/svm-temp\/#\/schema\/logo\/image\/"},"sameAs":["https:\/\/www.facebook.com\/svenskamagasinet","https:\/\/x.com\/SvenskaMagasine"]},{"@type":"Person","@id":"https:\/\/lightweb.dev\/l\/svm-temp\/#\/schema\/person\/caffe038990d25722f5a04a03c906a2b","name":"Robbie Eriksson","sameAs":["https:\/\/lightweb.dev\/l\/svm-temp"],"url":"https:\/\/lightweb.dev\/l\/svm-temp\/reporter\/robbie-eriksson\/"}]}},"_links":{"self":[{"href":"https:\/\/lightweb.dev\/l\/svm-temp\/wp-json\/wp\/v2\/posts\/73457","targetHints":{"allow":["GET"]}}],"collection":[{"href":"https:\/\/lightweb.dev\/l\/svm-temp\/wp-json\/wp\/v2\/posts"}],"about":[{"href":"https:\/\/lightweb.dev\/l\/svm-temp\/wp-json\/wp\/v2\/types\/post"}],"author":[{"embeddable":true,"href":"https:\/\/lightweb.dev\/l\/svm-temp\/wp-json\/wp\/v2\/users\/14"}],"replies":[{"embeddable":true,"href":"https:\/\/lightweb.dev\/l\/svm-temp\/wp-json\/wp\/v2\/comments?post=73457"}],"version-history":[{"count":0,"href":"https:\/\/lightweb.dev\/l\/svm-temp\/wp-json\/wp\/v2\/posts\/73457\/revisions"}],"wp:featuredmedia":[{"embeddable":true,"href":"https:\/\/lightweb.dev\/l\/svm-temp\/wp-json\/wp\/v2\/media\/60049"}],"wp:attachment":[{"href":"https:\/\/lightweb.dev\/l\/svm-temp\/wp-json\/wp\/v2\/media?parent=73457"}],"wp:term":[{"taxonomy":"category","embeddable":true,"href":"https:\/\/lightweb.dev\/l\/svm-temp\/wp-json\/wp\/v2\/categories?post=73457"},{"taxonomy":"post_tag","embeddable":true,"href":"https:\/\/lightweb.dev\/l\/svm-temp\/wp-json\/wp\/v2\/tags?post=73457"}],"curies":[{"name":"wp","href":"https:\/\/api.w.org\/{rel}","templated":true}]}}