{"id":73466,"date":"2024-07-22T16:18:09","date_gmt":"2024-07-22T14:18:09","guid":{"rendered":"https:\/\/lightweb.dev\/l\/svm-temp\/?p=73466"},"modified":"2024-07-22T16:18:09","modified_gmt":"2024-07-22T14:18:09","slug":"vagarbete-runt-flygplatsen","status":"publish","type":"post","link":"https:\/\/lightweb.dev\/l\/svm-temp\/nyheter\/vagarbete-runt-flygplatsen\/","title":{"rendered":"V\u00e4garbete runt flygplatsen"},"content":{"rendered":"<p><strong>F\u00f6r att g\u00f6ra v\u00e4garna runt flygplatsen och M\u00e1lagas industriomr\u00e5den s\u00e4krare f\u00f6r fotg\u00e4ngare och cyklister planeras en rad \u00e4ndringar.\u00a0<\/strong><\/p>\n<p><span style=\"font-weight: 400;\">Planer p\u00e5 att g\u00f6ra M\u00e1lagas industriomr\u00e5den och flygplatsen mer l\u00e4tt\u00e5tkomliga f\u00f6r g\u00e5ngtrafikanter och cyklister har ritats upp.\u00a0<\/span><\/p>\n<p><span style=\"font-weight: 400;\">Omr\u00e5det mellan Azucarerabron och Churriana, som passerar Makro och flygplatsen, \u00e4r farligt f\u00f6r de som g\u00e5r till fots eller cyklar. R\u00f6rligheten i omr\u00e5det fungerar bara f\u00f6r den som har bil, s\u00e4ger r\u00f6rlighetsr\u00e5det <\/span><span style=\"font-weight: 400;\">Trinidad Hern\u00e1ndez.<\/span><\/p>\n<p><span style=\"font-weight: 400;\">2022 gjorde Hern\u00e1ndez en utredning p\u00e5 hur str\u00e4ckan l\u00e4ngs v\u00e4g MA-21 kunde bli s\u00e4krare f\u00f6r fotg\u00e4ngare och cyklister. Efter att den presenterats f\u00f6r stadshuset blev projektet ett av Partido Populars vall\u00f6ften. De f\u00f6rs\u00e4krar att arbetet \u00e4r p\u00e5 g\u00e5ng och att regionregeringen har ett starkt engagemang f\u00f6r det.\u00a0<\/span><\/p>\n<p><span style=\"font-weight: 400;\">Diskussionen har varit ig\u00e5ng sedan PSOE lade fram en motion om att f\u00f6rb\u00e4ttra g\u00e5ngv\u00e4gar och lokaltrafiken i flygplatsomr\u00e5det. I den pekar de p\u00e5 stora s\u00e4kerhetsproblem f\u00f6r den som vill g\u00e5 och en brist p\u00e5 h\u00e5llplatser f\u00f6r bussar och d\u00e5lig belysning.\u00a0<\/span><\/p>\n<p><span style=\"font-weight: 400;\">I planerna f\u00f6r str\u00e4ckan finns n\u00e5gra fundamentala \u00e5tg\u00e4rder. F\u00f6rst ska hastighetsgr\u00e4nsen s\u00e4nkas fr\u00e5n 80 km i timmen till 50. Den andra blir att minska antalet filer i b\u00e5da riktningarna fr\u00e5n tre till tv\u00e5 f\u00f6r att ge plats \u00e5t breda trottoarer, cykelv\u00e4gar och bussh\u00e5llplatser. Slutligen ska man ocks\u00e5 bygga minst tv\u00e5 rondeller f\u00f6r att kontrollera trafikfl\u00f6det.\u00a0<\/span><\/p>\n<h2><span style=\"font-weight: 400;\">Rondeller<\/span><\/h2>\n<p><span style=\"font-weight: 400;\">De tv\u00e5 planerade rondellerna kommer att skapas i La Conchaomr\u00e5det och industriomr\u00e5det vid Villa Rosa och Makro.\u00a0<\/span><\/p>\n<p><span style=\"font-weight: 400;\">En tredje kan ocks\u00e5 komma att byggas mellan San Julian och f\u00f6retagsparken Bahia Azul, mittemot flygplatsens landningsbana.\u00a0<\/span><\/p>\n<p><span style=\"font-weight: 400;\">Hern\u00e1ndez uppger att man redan pratar med flygplatsen om cykelbanan och att den blir en viktig del i regeringens arbete att fr\u00e4mja cyklande i regionen.\u00a0<\/span><\/p>\n<p><span style=\"font-weight: 400;\">Projektet \u00e4r \u00e4nnu inte helt f\u00e4rdigplanerat s\u00e5 i dagsl\u00e4get finns ingen information om tidsram eller kostnader. \u201cDet \u00e4r ett stort projekt, det handlar inte bara om att m\u00e5la en linje,\u201d avslutade Hern\u00e1ndez.<\/span><\/p>\n","protected":false},"excerpt":{"rendered":"<p>F\u00f6r att g\u00f6ra v\u00e4garna runt flygplatsen och M\u00e1lagas industriomr\u00e5den s\u00e4krare f\u00f6r fotg\u00e4ngare och cyklister planeras en rad \u00e4ndringar.\u00a0<\/p>\n","protected":false},"author":14,"featured_media":63967,"comment_status":"closed","ping_status":"closed","sticky":false,"template":"","format":"standard","meta":{"_et_pb_use_builder":"","_et_pb_old_content":"","_et_gb_content_width":"","footnotes":""},"categories":[395,3],"tags":[],"class_list":["post-73466","post","type-post","status-publish","format-standard","has-post-thumbnail","hentry","category-arkiv-nyheter","category-nyheter"],"yoast_head":"<!-- This site is optimized with the Yoast SEO Premium plugin v26.2 (Yoast SEO v27.5) - https:\/\/yoast.com\/product\/yoast-seo-premium-wordpress\/ -->\n<title>V\u00e4garbete runt flygplatsen - Svenska Magasinet<\/title>\n<meta name=\"robots\" content=\"noindex, follow, max-snippet:-1, max-image-preview:large, max-video-preview:-1\" \/>\n<meta property=\"og:locale\" content=\"sv_SE\" \/>\n<meta property=\"og:type\" content=\"article\" \/>\n<meta property=\"og:title\" content=\"V\u00e4garbete runt flygplatsen\" \/>\n<meta property=\"og:description\" content=\"F\u00f6r att g\u00f6ra v\u00e4garna runt flygplatsen och M\u00e1lagas industriomr\u00e5den s\u00e4krare f\u00f6r fotg\u00e4ngare och cyklister planeras en rad \u00e4ndringar.\u00a0\" \/>\n<meta property=\"og:url\" content=\"https:\/\/lightweb.dev\/l\/svm-temp\/?p=73466\" \/>\n<meta property=\"og:site_name\" content=\"Svenska Magasinet\" \/>\n<meta property=\"article:publisher\" content=\"https:\/\/www.facebook.com\/svenskamagasinet\" \/>\n<meta property=\"article:published_time\" content=\"2024-07-22T14:18:09+00:00\" \/>\n<meta name=\"author\" content=\"Robbie Eriksson\" \/>\n<meta name=\"twitter:card\" content=\"summary_large_image\" \/>\n<meta name=\"twitter:creator\" content=\"@SvenskaMagasine\" \/>\n<meta name=\"twitter:site\" content=\"@SvenskaMagasine\" \/>\n<script type=\"application\/ld+json\" class=\"yoast-schema-graph\">{\"@context\":\"https:\\\/\\\/schema.org\",\"@graph\":[{\"@type\":\"Article\",\"@id\":\"https:\\\/\\\/lightweb.dev\\\/l\\\/svm-temp\\\/?p=73466#article\",\"isPartOf\":{\"@id\":\"https:\\\/\\\/lightweb.dev\\\/l\\\/svm-temp\\\/?p=73466\"},\"author\":{\"name\":\"Robbie Eriksson\",\"@id\":\"https:\\\/\\\/lightweb.dev\\\/l\\\/svm-temp\\\/#\\\/schema\\\/person\\\/caffe038990d25722f5a04a03c906a2b\"},\"headline\":\"V\u00e4garbete runt flygplatsen\",\"datePublished\":\"2024-07-22T14:18:09+00:00\",\"mainEntityOfPage\":{\"@id\":\"https:\\\/\\\/lightweb.dev\\\/l\\\/svm-temp\\\/?p=73466\"},\"wordCount\":377,\"publisher\":{\"@id\":\"https:\\\/\\\/lightweb.dev\\\/l\\\/svm-temp\\\/#organization\"},\"image\":{\"@id\":\"https:\\\/\\\/lightweb.dev\\\/l\\\/svm-temp\\\/?p=73466#primaryimage\"},\"thumbnailUrl\":\"https:\\\/\\\/lightweb.dev\\\/l\\\/svm-temp\\\/wp-content\\\/uploads\\\/2023\\\/05\\\/01-stor.jpeg\",\"articleSection\":[\"Arkiv\",\"Nyheter\"],\"inLanguage\":\"sv-SE\"},{\"@type\":\"WebPage\",\"@id\":\"https:\\\/\\\/lightweb.dev\\\/l\\\/svm-temp\\\/?p=73466\",\"url\":\"https:\\\/\\\/lightweb.dev\\\/l\\\/svm-temp\\\/?p=73466\",\"name\":\"V\u00e4garbete runt flygplatsen - Svenska Magasinet\",\"isPartOf\":{\"@id\":\"https:\\\/\\\/lightweb.dev\\\/l\\\/svm-temp\\\/#website\"},\"primaryImageOfPage\":{\"@id\":\"https:\\\/\\\/lightweb.dev\\\/l\\\/svm-temp\\\/?p=73466#primaryimage\"},\"image\":{\"@id\":\"https:\\\/\\\/lightweb.dev\\\/l\\\/svm-temp\\\/?p=73466#primaryimage\"},\"thumbnailUrl\":\"https:\\\/\\\/lightweb.dev\\\/l\\\/svm-temp\\\/wp-content\\\/uploads\\\/2023\\\/05\\\/01-stor.jpeg\",\"datePublished\":\"2024-07-22T14:18:09+00:00\",\"breadcrumb\":{\"@id\":\"https:\\\/\\\/lightweb.dev\\\/l\\\/svm-temp\\\/?p=73466#breadcrumb\"},\"inLanguage\":\"sv-SE\",\"potentialAction\":[{\"@type\":\"ReadAction\",\"target\":[\"https:\\\/\\\/lightweb.dev\\\/l\\\/svm-temp\\\/?p=73466\"]}]},{\"@type\":\"ImageObject\",\"inLanguage\":\"sv-SE\",\"@id\":\"https:\\\/\\\/lightweb.dev\\\/l\\\/svm-temp\\\/?p=73466#primaryimage\",\"url\":\"https:\\\/\\\/lightweb.dev\\\/l\\\/svm-temp\\\/wp-content\\\/uploads\\\/2023\\\/05\\\/01-stor.jpeg\",\"contentUrl\":\"https:\\\/\\\/lightweb.dev\\\/l\\\/svm-temp\\\/wp-content\\\/uploads\\\/2023\\\/05\\\/01-stor.jpeg\",\"width\":1280,\"height\":857},{\"@type\":\"BreadcrumbList\",\"@id\":\"https:\\\/\\\/lightweb.dev\\\/l\\\/svm-temp\\\/?p=73466#breadcrumb\",\"itemListElement\":[{\"@type\":\"ListItem\",\"position\":1,\"name\":\"Hem\",\"item\":\"https:\\\/\\\/lightweb.dev\\\/l\\\/svm-temp\\\/\"},{\"@type\":\"ListItem\",\"position\":2,\"name\":\"V\u00e4garbete runt flygplatsen\"}]},{\"@type\":\"WebSite\",\"@id\":\"https:\\\/\\\/lightweb.dev\\\/l\\\/svm-temp\\\/#website\",\"url\":\"https:\\\/\\\/lightweb.dev\\\/l\\\/svm-temp\\\/\",\"name\":\"Svenska Magasinet\",\"description\":\"Dina Spanska nyheter p&aring; Svenska\",\"publisher\":{\"@id\":\"https:\\\/\\\/lightweb.dev\\\/l\\\/svm-temp\\\/#organization\"},\"potentialAction\":[{\"@type\":\"SearchAction\",\"target\":{\"@type\":\"EntryPoint\",\"urlTemplate\":\"https:\\\/\\\/lightweb.dev\\\/l\\\/svm-temp\\\/?s={search_term_string}\"},\"query-input\":{\"@type\":\"PropertyValueSpecification\",\"valueRequired\":true,\"valueName\":\"search_term_string\"}}],\"inLanguage\":\"sv-SE\"},{\"@type\":\"Organization\",\"@id\":\"https:\\\/\\\/lightweb.dev\\\/l\\\/svm-temp\\\/#organization\",\"name\":\"Melkerson y Nott SL\",\"alternateName\":\"Svenska Magasinet\",\"url\":\"https:\\\/\\\/lightweb.dev\\\/l\\\/svm-temp\\\/\",\"logo\":{\"@type\":\"ImageObject\",\"inLanguage\":\"sv-SE\",\"@id\":\"https:\\\/\\\/lightweb.dev\\\/l\\\/svm-temp\\\/#\\\/schema\\\/logo\\\/image\\\/\",\"url\":\"https:\\\/\\\/lightweb.dev\\\/l\\\/svm-temp\\\/wp-content\\\/uploads\\\/2025\\\/02\\\/SvM-logo-Xtra-Centrerad-SVART.png\",\"contentUrl\":\"https:\\\/\\\/lightweb.dev\\\/l\\\/svm-temp\\\/wp-content\\\/uploads\\\/2025\\\/02\\\/SvM-logo-Xtra-Centrerad-SVART.png\",\"width\":300,\"height\":99,\"caption\":\"Melkerson y Nott SL\"},\"image\":{\"@id\":\"https:\\\/\\\/lightweb.dev\\\/l\\\/svm-temp\\\/#\\\/schema\\\/logo\\\/image\\\/\"},\"sameAs\":[\"https:\\\/\\\/www.facebook.com\\\/svenskamagasinet\",\"https:\\\/\\\/x.com\\\/SvenskaMagasine\"]},{\"@type\":\"Person\",\"@id\":\"https:\\\/\\\/lightweb.dev\\\/l\\\/svm-temp\\\/#\\\/schema\\\/person\\\/caffe038990d25722f5a04a03c906a2b\",\"name\":\"Robbie Eriksson\",\"sameAs\":[\"https:\\\/\\\/lightweb.dev\\\/l\\\/svm-temp\"],\"url\":\"https:\\\/\\\/lightweb.dev\\\/l\\\/svm-temp\\\/reporter\\\/robbie-eriksson\\\/\"}]}<\/script>\n<!-- \/ Yoast SEO Premium plugin. -->","yoast_head_json":{"title":"V\u00e4garbete runt flygplatsen - Svenska Magasinet","robots":{"index":"noindex","follow":"follow","max-snippet":"max-snippet:-1","max-image-preview":"max-image-preview:large","max-video-preview":"max-video-preview:-1"},"og_locale":"sv_SE","og_type":"article","og_title":"V\u00e4garbete runt flygplatsen","og_description":"F\u00f6r att g\u00f6ra v\u00e4garna runt flygplatsen och M\u00e1lagas industriomr\u00e5den s\u00e4krare f\u00f6r fotg\u00e4ngare och cyklister planeras en rad \u00e4ndringar.\u00a0","og_url":"https:\/\/lightweb.dev\/l\/svm-temp\/?p=73466","og_site_name":"Svenska Magasinet","article_publisher":"https:\/\/www.facebook.com\/svenskamagasinet","article_published_time":"2024-07-22T14:18:09+00:00","author":"Robbie Eriksson","twitter_card":"summary_large_image","twitter_creator":"@SvenskaMagasine","twitter_site":"@SvenskaMagasine","schema":{"@context":"https:\/\/schema.org","@graph":[{"@type":"Article","@id":"https:\/\/lightweb.dev\/l\/svm-temp\/?p=73466#article","isPartOf":{"@id":"https:\/\/lightweb.dev\/l\/svm-temp\/?p=73466"},"author":{"name":"Robbie Eriksson","@id":"https:\/\/lightweb.dev\/l\/svm-temp\/#\/schema\/person\/caffe038990d25722f5a04a03c906a2b"},"headline":"V\u00e4garbete runt flygplatsen","datePublished":"2024-07-22T14:18:09+00:00","mainEntityOfPage":{"@id":"https:\/\/lightweb.dev\/l\/svm-temp\/?p=73466"},"wordCount":377,"publisher":{"@id":"https:\/\/lightweb.dev\/l\/svm-temp\/#organization"},"image":{"@id":"https:\/\/lightweb.dev\/l\/svm-temp\/?p=73466#primaryimage"},"thumbnailUrl":"https:\/\/lightweb.dev\/l\/svm-temp\/wp-content\/uploads\/2023\/05\/01-stor.jpeg","articleSection":["Arkiv","Nyheter"],"inLanguage":"sv-SE"},{"@type":"WebPage","@id":"https:\/\/lightweb.dev\/l\/svm-temp\/?p=73466","url":"https:\/\/lightweb.dev\/l\/svm-temp\/?p=73466","name":"V\u00e4garbete runt flygplatsen - Svenska Magasinet","isPartOf":{"@id":"https:\/\/lightweb.dev\/l\/svm-temp\/#website"},"primaryImageOfPage":{"@id":"https:\/\/lightweb.dev\/l\/svm-temp\/?p=73466#primaryimage"},"image":{"@id":"https:\/\/lightweb.dev\/l\/svm-temp\/?p=73466#primaryimage"},"thumbnailUrl":"https:\/\/lightweb.dev\/l\/svm-temp\/wp-content\/uploads\/2023\/05\/01-stor.jpeg","datePublished":"2024-07-22T14:18:09+00:00","breadcrumb":{"@id":"https:\/\/lightweb.dev\/l\/svm-temp\/?p=73466#breadcrumb"},"inLanguage":"sv-SE","potentialAction":[{"@type":"ReadAction","target":["https:\/\/lightweb.dev\/l\/svm-temp\/?p=73466"]}]},{"@type":"ImageObject","inLanguage":"sv-SE","@id":"https:\/\/lightweb.dev\/l\/svm-temp\/?p=73466#primaryimage","url":"https:\/\/lightweb.dev\/l\/svm-temp\/wp-content\/uploads\/2023\/05\/01-stor.jpeg","contentUrl":"https:\/\/lightweb.dev\/l\/svm-temp\/wp-content\/uploads\/2023\/05\/01-stor.jpeg","width":1280,"height":857},{"@type":"BreadcrumbList","@id":"https:\/\/lightweb.dev\/l\/svm-temp\/?p=73466#breadcrumb","itemListElement":[{"@type":"ListItem","position":1,"name":"Hem","item":"https:\/\/lightweb.dev\/l\/svm-temp\/"},{"@type":"ListItem","position":2,"name":"V\u00e4garbete runt flygplatsen"}]},{"@type":"WebSite","@id":"https:\/\/lightweb.dev\/l\/svm-temp\/#website","url":"https:\/\/lightweb.dev\/l\/svm-temp\/","name":"Svenska Magasinet","description":"Dina Spanska nyheter p&aring; Svenska","publisher":{"@id":"https:\/\/lightweb.dev\/l\/svm-temp\/#organization"},"potentialAction":[{"@type":"SearchAction","target":{"@type":"EntryPoint","urlTemplate":"https:\/\/lightweb.dev\/l\/svm-temp\/?s={search_term_string}"},"query-input":{"@type":"PropertyValueSpecification","valueRequired":true,"valueName":"search_term_string"}}],"inLanguage":"sv-SE"},{"@type":"Organization","@id":"https:\/\/lightweb.dev\/l\/svm-temp\/#organization","name":"Melkerson y Nott SL","alternateName":"Svenska Magasinet","url":"https:\/\/lightweb.dev\/l\/svm-temp\/","logo":{"@type":"ImageObject","inLanguage":"sv-SE","@id":"https:\/\/lightweb.dev\/l\/svm-temp\/#\/schema\/logo\/image\/","url":"https:\/\/lightweb.dev\/l\/svm-temp\/wp-content\/uploads\/2025\/02\/SvM-logo-Xtra-Centrerad-SVART.png","contentUrl":"https:\/\/lightweb.dev\/l\/svm-temp\/wp-content\/uploads\/2025\/02\/SvM-logo-Xtra-Centrerad-SVART.png","width":300,"height":99,"caption":"Melkerson y Nott SL"},"image":{"@id":"https:\/\/lightweb.dev\/l\/svm-temp\/#\/schema\/logo\/image\/"},"sameAs":["https:\/\/www.facebook.com\/svenskamagasinet","https:\/\/x.com\/SvenskaMagasine"]},{"@type":"Person","@id":"https:\/\/lightweb.dev\/l\/svm-temp\/#\/schema\/person\/caffe038990d25722f5a04a03c906a2b","name":"Robbie Eriksson","sameAs":["https:\/\/lightweb.dev\/l\/svm-temp"],"url":"https:\/\/lightweb.dev\/l\/svm-temp\/reporter\/robbie-eriksson\/"}]}},"_links":{"self":[{"href":"https:\/\/lightweb.dev\/l\/svm-temp\/wp-json\/wp\/v2\/posts\/73466","targetHints":{"allow":["GET"]}}],"collection":[{"href":"https:\/\/lightweb.dev\/l\/svm-temp\/wp-json\/wp\/v2\/posts"}],"about":[{"href":"https:\/\/lightweb.dev\/l\/svm-temp\/wp-json\/wp\/v2\/types\/post"}],"author":[{"embeddable":true,"href":"https:\/\/lightweb.dev\/l\/svm-temp\/wp-json\/wp\/v2\/users\/14"}],"replies":[{"embeddable":true,"href":"https:\/\/lightweb.dev\/l\/svm-temp\/wp-json\/wp\/v2\/comments?post=73466"}],"version-history":[{"count":0,"href":"https:\/\/lightweb.dev\/l\/svm-temp\/wp-json\/wp\/v2\/posts\/73466\/revisions"}],"wp:featuredmedia":[{"embeddable":true,"href":"https:\/\/lightweb.dev\/l\/svm-temp\/wp-json\/wp\/v2\/media\/63967"}],"wp:attachment":[{"href":"https:\/\/lightweb.dev\/l\/svm-temp\/wp-json\/wp\/v2\/media?parent=73466"}],"wp:term":[{"taxonomy":"category","embeddable":true,"href":"https:\/\/lightweb.dev\/l\/svm-temp\/wp-json\/wp\/v2\/categories?post=73466"},{"taxonomy":"post_tag","embeddable":true,"href":"https:\/\/lightweb.dev\/l\/svm-temp\/wp-json\/wp\/v2\/tags?post=73466"}],"curies":[{"name":"wp","href":"https:\/\/api.w.org\/{rel}","templated":true}]}}