{"id":73476,"date":"2024-07-23T14:14:59","date_gmt":"2024-07-23T12:14:59","guid":{"rendered":"https:\/\/lightweb.dev\/l\/svm-temp\/?p=73476"},"modified":"2024-07-23T14:24:21","modified_gmt":"2024-07-23T12:24:21","slug":"egenforetagare-jobbar-betydligt-mer-an-anstallda","status":"publish","type":"post","link":"https:\/\/lightweb.dev\/l\/svm-temp\/nyheter\/egenforetagare-jobbar-betydligt-mer-an-anstallda\/","title":{"rendered":"Egenf\u00f6retagare jobbar betydligt mer \u00e4n anst\u00e4llda"},"content":{"rendered":"<p><strong>En ny unders\u00f6kning visar att de som driver egna bolag i Spanien jobbar i snitt 7 timmar mer per vecka \u00e4n de som \u00e4r anst\u00e4llda.<\/strong><\/p>\n<p><strong>Mer \u00e4n 40 procent av dem kommer dessutom inte att ha semester i sommar.\u00a0<\/strong><\/p>\n<p><span style=\"font-weight: 400;\">Spanska egenf\u00f6retagare (<\/span><span style=\"font-weight: 400;\">aut\u00f3nomos) arbetar oregelbundna tider, tar f\u00e4rre lediga dagar och s\u00e4llan l\u00e5nga semestrar. Eftersom de \u00e4r helt beroende av sig sj\u00e4lva f\u00f6r att f\u00e5 ihop en inkomst blir arbetstimmarna fler. En anst\u00e4lld i Spanien arbetar i snitt 35 timmar per vecka medan en egenf\u00f6retagare jobbar i snitt 42, enligt den senaste arbetskraftsunders\u00f6kningen (EPA).\u00a0<\/span><\/p>\n<p><span style=\"font-weight: 400;\">Om regeringens planer p\u00e5 att s\u00e4nka arbetsveckan fr\u00e5n 40 till 37,5 timmar kommer det inte ha n\u00e5gon inverkan p\u00e5 de som driver egna bolag. D\u00e4remot kommer det att p\u00e5verka deras verksamhet om de har anst\u00e4llda.\u00a0<\/span><\/p>\n<p><span style=\"font-weight: 400;\">Egenf\u00f6retagare beh\u00f6ver inte f\u00f6ra register \u00f6ver hur m\u00e5nga timmar de arbetar men de m\u00e5ste registrera hur l\u00e4nge deras anst\u00e4llda jobbar. Om den nya lagen g\u00e5r igenom kommer de dessutom beh\u00f6va g\u00f6ra detta elektroniskt och inte f\u00f6r hand, som \u00e4r till\u00e5tet idag.\u00a0<\/span><\/p>\n<h2><span style=\"font-weight: 400;\">Kortare semestrar<\/span><\/h2>\n<p><span style=\"font-weight: 400;\">Ut\u00f6ver att de arbetar betydligt fler timmar tar egenf\u00f6retagare f\u00e4rre och kortare semestrar. Ungef\u00e4r h\u00e4lften kommer inte att ta en paus under sommaren. Mer exakt kommer 4 av 10 inte att ta ett uppeh\u00e5ll under sommarm\u00e5naderna. Huvudorsakerna \u00e4r att de inte har r\u00e5d, att s\u00e4ttet de driver sin verksamhet p\u00e5 g\u00f6r det om\u00f6jligt att ta ledigt eller att oms\u00e4ttningen \u00f6kar s\u00e5 mycket under sommaren att de inte kan vara borta, enligt f\u00f6reningen f\u00f6r sj\u00e4lvanst\u00e4llda (ATA).\u00a0<\/span><\/p>\n<p><span style=\"font-weight: 400;\">Av de som kommer att ta ledigt uppger ungef\u00e4r h\u00e4lften att de inte kommer klara av att koppla bort jobbet under semestern och lika m\u00e5nga att de inte kommer att vara lediga lika l\u00e4nge som de skulle \u00f6nskat.\u00a0<\/span><\/p>\n<p><span style=\"font-weight: 400;\">Trots sv\u00e5righeterna att komma bort fr\u00e5n jobbet och koppla av s\u00e4ger 62 procent av dem att de \u00e4r n\u00f6jda med att ha startat eget f\u00f6retag. 34,2 procent \u00e4r till och med mycket n\u00f6jda medan bara 8,1 procent \u00e5ngrar sitt beslut.\u00a0<\/span><\/p>\n<p><span style=\"font-weight: 400;\">Det \u00e4r framf\u00f6rallt att det gjort dem ansvariga f\u00f6r sin egen verksamhet och en k\u00e4nsla av sj\u00e4lvuppfyllelse som g\u00f6r att de gillar sina jobb.\u00a0<\/span><\/p>\n<h3><span style=\"font-weight: 400;\">Negativa aspekter<\/span><\/h3>\n<p><span style=\"font-weight: 400;\">35,1 procent anser dock att en stor nedsida \u00e4r att betala skatter, 19 procent tycker att det \u00e4r f\u00f6r mycket och f\u00f6r kr\u00e5nglig byr\u00e5krati medan 14,6 procent klagar \u00f6ver l\u00e5ga vinstmarginaler.\u00a0<\/span><\/p>\n<p><span style=\"font-weight: 400;\">86,3 procent uppger att de v\u00e4nder sig till en tredje part f\u00f6r att sk\u00f6ta det formella och byr\u00e5kratiska arbetet kopplat till att driva sitt eget f\u00f6retag. <\/span><\/p>\n","protected":false},"excerpt":{"rendered":"<p>En ny unders\u00f6kning visar att de som driver egna bolag i Spanien jobbar i snitt 7 timmar mer per vecka \u00e4n de som \u00e4r anst\u00e4llda. Mer \u00e4n 40 procent av dem kommer dessutom inte att ha semester i sommar.\u00a0<\/p>\n","protected":false},"author":14,"featured_media":57397,"comment_status":"closed","ping_status":"closed","sticky":false,"template":"","format":"standard","meta":{"_et_pb_use_builder":"","_et_pb_old_content":"","_et_gb_content_width":"","footnotes":""},"categories":[395,3],"tags":[],"class_list":["post-73476","post","type-post","status-publish","format-standard","has-post-thumbnail","hentry","category-arkiv-nyheter","category-nyheter"],"yoast_head":"<!-- This site is optimized with the Yoast SEO Premium plugin v26.2 (Yoast SEO v27.5) - https:\/\/yoast.com\/product\/yoast-seo-premium-wordpress\/ -->\n<title>Egenf\u00f6retagare jobbar betydligt mer \u00e4n anst\u00e4llda - Svenska Magasinet<\/title>\n<meta name=\"robots\" content=\"noindex, follow, max-snippet:-1, max-image-preview:large, max-video-preview:-1\" \/>\n<meta property=\"og:locale\" content=\"sv_SE\" \/>\n<meta property=\"og:type\" content=\"article\" \/>\n<meta property=\"og:title\" content=\"Egenf\u00f6retagare jobbar betydligt mer \u00e4n anst\u00e4llda\" \/>\n<meta property=\"og:description\" content=\"En ny unders\u00f6kning visar att de som driver egna bolag i Spanien jobbar i snitt 7 timmar mer per vecka \u00e4n de som \u00e4r anst\u00e4llda. Mer \u00e4n 40 procent av dem kommer dessutom inte att ha semester i sommar.\u00a0\" \/>\n<meta property=\"og:url\" content=\"https:\/\/lightweb.dev\/l\/svm-temp\/?p=73476\" \/>\n<meta property=\"og:site_name\" content=\"Svenska Magasinet\" \/>\n<meta property=\"article:publisher\" content=\"https:\/\/www.facebook.com\/svenskamagasinet\" \/>\n<meta property=\"article:published_time\" content=\"2024-07-23T12:14:59+00:00\" \/>\n<meta property=\"article:modified_time\" content=\"2024-07-23T12:24:21+00:00\" \/>\n<meta name=\"author\" content=\"Robbie Eriksson\" \/>\n<meta name=\"twitter:card\" content=\"summary_large_image\" \/>\n<meta name=\"twitter:creator\" content=\"@SvenskaMagasine\" \/>\n<meta name=\"twitter:site\" content=\"@SvenskaMagasine\" \/>\n<script type=\"application\/ld+json\" class=\"yoast-schema-graph\">{\"@context\":\"https:\\\/\\\/schema.org\",\"@graph\":[{\"@type\":\"Article\",\"@id\":\"https:\\\/\\\/lightweb.dev\\\/l\\\/svm-temp\\\/?p=73476#article\",\"isPartOf\":{\"@id\":\"https:\\\/\\\/lightweb.dev\\\/l\\\/svm-temp\\\/?p=73476\"},\"author\":{\"name\":\"Robbie Eriksson\",\"@id\":\"https:\\\/\\\/lightweb.dev\\\/l\\\/svm-temp\\\/#\\\/schema\\\/person\\\/caffe038990d25722f5a04a03c906a2b\"},\"headline\":\"Egenf\u00f6retagare jobbar betydligt mer \u00e4n anst\u00e4llda\",\"datePublished\":\"2024-07-23T12:14:59+00:00\",\"dateModified\":\"2024-07-23T12:24:21+00:00\",\"mainEntityOfPage\":{\"@id\":\"https:\\\/\\\/lightweb.dev\\\/l\\\/svm-temp\\\/?p=73476\"},\"wordCount\":471,\"publisher\":{\"@id\":\"https:\\\/\\\/lightweb.dev\\\/l\\\/svm-temp\\\/#organization\"},\"image\":{\"@id\":\"https:\\\/\\\/lightweb.dev\\\/l\\\/svm-temp\\\/?p=73476#primaryimage\"},\"thumbnailUrl\":\"https:\\\/\\\/lightweb.dev\\\/l\\\/svm-temp\\\/wp-content\\\/uploads\\\/2022\\\/09\\\/people-housework-housekeeping-concept-happy-woman-gloves-cleaning-window-with-rag-cleanser-spray-home-Stor.jpeg\",\"articleSection\":[\"Arkiv\",\"Nyheter\"],\"inLanguage\":\"sv-SE\"},{\"@type\":\"WebPage\",\"@id\":\"https:\\\/\\\/lightweb.dev\\\/l\\\/svm-temp\\\/?p=73476\",\"url\":\"https:\\\/\\\/lightweb.dev\\\/l\\\/svm-temp\\\/?p=73476\",\"name\":\"Egenf\u00f6retagare jobbar betydligt mer \u00e4n anst\u00e4llda - Svenska Magasinet\",\"isPartOf\":{\"@id\":\"https:\\\/\\\/lightweb.dev\\\/l\\\/svm-temp\\\/#website\"},\"primaryImageOfPage\":{\"@id\":\"https:\\\/\\\/lightweb.dev\\\/l\\\/svm-temp\\\/?p=73476#primaryimage\"},\"image\":{\"@id\":\"https:\\\/\\\/lightweb.dev\\\/l\\\/svm-temp\\\/?p=73476#primaryimage\"},\"thumbnailUrl\":\"https:\\\/\\\/lightweb.dev\\\/l\\\/svm-temp\\\/wp-content\\\/uploads\\\/2022\\\/09\\\/people-housework-housekeeping-concept-happy-woman-gloves-cleaning-window-with-rag-cleanser-spray-home-Stor.jpeg\",\"datePublished\":\"2024-07-23T12:14:59+00:00\",\"dateModified\":\"2024-07-23T12:24:21+00:00\",\"breadcrumb\":{\"@id\":\"https:\\\/\\\/lightweb.dev\\\/l\\\/svm-temp\\\/?p=73476#breadcrumb\"},\"inLanguage\":\"sv-SE\",\"potentialAction\":[{\"@type\":\"ReadAction\",\"target\":[\"https:\\\/\\\/lightweb.dev\\\/l\\\/svm-temp\\\/?p=73476\"]}]},{\"@type\":\"ImageObject\",\"inLanguage\":\"sv-SE\",\"@id\":\"https:\\\/\\\/lightweb.dev\\\/l\\\/svm-temp\\\/?p=73476#primaryimage\",\"url\":\"https:\\\/\\\/lightweb.dev\\\/l\\\/svm-temp\\\/wp-content\\\/uploads\\\/2022\\\/09\\\/people-housework-housekeeping-concept-happy-woman-gloves-cleaning-window-with-rag-cleanser-spray-home-Stor.jpeg\",\"contentUrl\":\"https:\\\/\\\/lightweb.dev\\\/l\\\/svm-temp\\\/wp-content\\\/uploads\\\/2022\\\/09\\\/people-housework-housekeeping-concept-happy-woman-gloves-cleaning-window-with-rag-cleanser-spray-home-Stor.jpeg\",\"width\":1280,\"height\":853,\"caption\":\"(Foto: Freepik)\"},{\"@type\":\"BreadcrumbList\",\"@id\":\"https:\\\/\\\/lightweb.dev\\\/l\\\/svm-temp\\\/?p=73476#breadcrumb\",\"itemListElement\":[{\"@type\":\"ListItem\",\"position\":1,\"name\":\"Hem\",\"item\":\"https:\\\/\\\/lightweb.dev\\\/l\\\/svm-temp\\\/\"},{\"@type\":\"ListItem\",\"position\":2,\"name\":\"Egenf\u00f6retagare jobbar betydligt mer \u00e4n anst\u00e4llda\"}]},{\"@type\":\"WebSite\",\"@id\":\"https:\\\/\\\/lightweb.dev\\\/l\\\/svm-temp\\\/#website\",\"url\":\"https:\\\/\\\/lightweb.dev\\\/l\\\/svm-temp\\\/\",\"name\":\"Svenska Magasinet\",\"description\":\"Dina Spanska nyheter p&aring; Svenska\",\"publisher\":{\"@id\":\"https:\\\/\\\/lightweb.dev\\\/l\\\/svm-temp\\\/#organization\"},\"potentialAction\":[{\"@type\":\"SearchAction\",\"target\":{\"@type\":\"EntryPoint\",\"urlTemplate\":\"https:\\\/\\\/lightweb.dev\\\/l\\\/svm-temp\\\/?s={search_term_string}\"},\"query-input\":{\"@type\":\"PropertyValueSpecification\",\"valueRequired\":true,\"valueName\":\"search_term_string\"}}],\"inLanguage\":\"sv-SE\"},{\"@type\":\"Organization\",\"@id\":\"https:\\\/\\\/lightweb.dev\\\/l\\\/svm-temp\\\/#organization\",\"name\":\"Melkerson y Nott SL\",\"alternateName\":\"Svenska Magasinet\",\"url\":\"https:\\\/\\\/lightweb.dev\\\/l\\\/svm-temp\\\/\",\"logo\":{\"@type\":\"ImageObject\",\"inLanguage\":\"sv-SE\",\"@id\":\"https:\\\/\\\/lightweb.dev\\\/l\\\/svm-temp\\\/#\\\/schema\\\/logo\\\/image\\\/\",\"url\":\"https:\\\/\\\/lightweb.dev\\\/l\\\/svm-temp\\\/wp-content\\\/uploads\\\/2025\\\/02\\\/SvM-logo-Xtra-Centrerad-SVART.png\",\"contentUrl\":\"https:\\\/\\\/lightweb.dev\\\/l\\\/svm-temp\\\/wp-content\\\/uploads\\\/2025\\\/02\\\/SvM-logo-Xtra-Centrerad-SVART.png\",\"width\":300,\"height\":99,\"caption\":\"Melkerson y Nott SL\"},\"image\":{\"@id\":\"https:\\\/\\\/lightweb.dev\\\/l\\\/svm-temp\\\/#\\\/schema\\\/logo\\\/image\\\/\"},\"sameAs\":[\"https:\\\/\\\/www.facebook.com\\\/svenskamagasinet\",\"https:\\\/\\\/x.com\\\/SvenskaMagasine\"]},{\"@type\":\"Person\",\"@id\":\"https:\\\/\\\/lightweb.dev\\\/l\\\/svm-temp\\\/#\\\/schema\\\/person\\\/caffe038990d25722f5a04a03c906a2b\",\"name\":\"Robbie Eriksson\",\"sameAs\":[\"https:\\\/\\\/lightweb.dev\\\/l\\\/svm-temp\"],\"url\":\"https:\\\/\\\/lightweb.dev\\\/l\\\/svm-temp\\\/reporter\\\/robbie-eriksson\\\/\"}]}<\/script>\n<!-- \/ Yoast SEO Premium plugin. -->","yoast_head_json":{"title":"Egenf\u00f6retagare jobbar betydligt mer \u00e4n anst\u00e4llda - Svenska Magasinet","robots":{"index":"noindex","follow":"follow","max-snippet":"max-snippet:-1","max-image-preview":"max-image-preview:large","max-video-preview":"max-video-preview:-1"},"og_locale":"sv_SE","og_type":"article","og_title":"Egenf\u00f6retagare jobbar betydligt mer \u00e4n anst\u00e4llda","og_description":"En ny unders\u00f6kning visar att de som driver egna bolag i Spanien jobbar i snitt 7 timmar mer per vecka \u00e4n de som \u00e4r anst\u00e4llda. Mer \u00e4n 40 procent av dem kommer dessutom inte att ha semester i sommar.\u00a0","og_url":"https:\/\/lightweb.dev\/l\/svm-temp\/?p=73476","og_site_name":"Svenska Magasinet","article_publisher":"https:\/\/www.facebook.com\/svenskamagasinet","article_published_time":"2024-07-23T12:14:59+00:00","article_modified_time":"2024-07-23T12:24:21+00:00","author":"Robbie Eriksson","twitter_card":"summary_large_image","twitter_creator":"@SvenskaMagasine","twitter_site":"@SvenskaMagasine","schema":{"@context":"https:\/\/schema.org","@graph":[{"@type":"Article","@id":"https:\/\/lightweb.dev\/l\/svm-temp\/?p=73476#article","isPartOf":{"@id":"https:\/\/lightweb.dev\/l\/svm-temp\/?p=73476"},"author":{"name":"Robbie Eriksson","@id":"https:\/\/lightweb.dev\/l\/svm-temp\/#\/schema\/person\/caffe038990d25722f5a04a03c906a2b"},"headline":"Egenf\u00f6retagare jobbar betydligt mer \u00e4n anst\u00e4llda","datePublished":"2024-07-23T12:14:59+00:00","dateModified":"2024-07-23T12:24:21+00:00","mainEntityOfPage":{"@id":"https:\/\/lightweb.dev\/l\/svm-temp\/?p=73476"},"wordCount":471,"publisher":{"@id":"https:\/\/lightweb.dev\/l\/svm-temp\/#organization"},"image":{"@id":"https:\/\/lightweb.dev\/l\/svm-temp\/?p=73476#primaryimage"},"thumbnailUrl":"https:\/\/lightweb.dev\/l\/svm-temp\/wp-content\/uploads\/2022\/09\/people-housework-housekeeping-concept-happy-woman-gloves-cleaning-window-with-rag-cleanser-spray-home-Stor.jpeg","articleSection":["Arkiv","Nyheter"],"inLanguage":"sv-SE"},{"@type":"WebPage","@id":"https:\/\/lightweb.dev\/l\/svm-temp\/?p=73476","url":"https:\/\/lightweb.dev\/l\/svm-temp\/?p=73476","name":"Egenf\u00f6retagare jobbar betydligt mer \u00e4n anst\u00e4llda - Svenska Magasinet","isPartOf":{"@id":"https:\/\/lightweb.dev\/l\/svm-temp\/#website"},"primaryImageOfPage":{"@id":"https:\/\/lightweb.dev\/l\/svm-temp\/?p=73476#primaryimage"},"image":{"@id":"https:\/\/lightweb.dev\/l\/svm-temp\/?p=73476#primaryimage"},"thumbnailUrl":"https:\/\/lightweb.dev\/l\/svm-temp\/wp-content\/uploads\/2022\/09\/people-housework-housekeeping-concept-happy-woman-gloves-cleaning-window-with-rag-cleanser-spray-home-Stor.jpeg","datePublished":"2024-07-23T12:14:59+00:00","dateModified":"2024-07-23T12:24:21+00:00","breadcrumb":{"@id":"https:\/\/lightweb.dev\/l\/svm-temp\/?p=73476#breadcrumb"},"inLanguage":"sv-SE","potentialAction":[{"@type":"ReadAction","target":["https:\/\/lightweb.dev\/l\/svm-temp\/?p=73476"]}]},{"@type":"ImageObject","inLanguage":"sv-SE","@id":"https:\/\/lightweb.dev\/l\/svm-temp\/?p=73476#primaryimage","url":"https:\/\/lightweb.dev\/l\/svm-temp\/wp-content\/uploads\/2022\/09\/people-housework-housekeeping-concept-happy-woman-gloves-cleaning-window-with-rag-cleanser-spray-home-Stor.jpeg","contentUrl":"https:\/\/lightweb.dev\/l\/svm-temp\/wp-content\/uploads\/2022\/09\/people-housework-housekeeping-concept-happy-woman-gloves-cleaning-window-with-rag-cleanser-spray-home-Stor.jpeg","width":1280,"height":853,"caption":"(Foto: Freepik)"},{"@type":"BreadcrumbList","@id":"https:\/\/lightweb.dev\/l\/svm-temp\/?p=73476#breadcrumb","itemListElement":[{"@type":"ListItem","position":1,"name":"Hem","item":"https:\/\/lightweb.dev\/l\/svm-temp\/"},{"@type":"ListItem","position":2,"name":"Egenf\u00f6retagare jobbar betydligt mer \u00e4n anst\u00e4llda"}]},{"@type":"WebSite","@id":"https:\/\/lightweb.dev\/l\/svm-temp\/#website","url":"https:\/\/lightweb.dev\/l\/svm-temp\/","name":"Svenska Magasinet","description":"Dina Spanska nyheter p&aring; Svenska","publisher":{"@id":"https:\/\/lightweb.dev\/l\/svm-temp\/#organization"},"potentialAction":[{"@type":"SearchAction","target":{"@type":"EntryPoint","urlTemplate":"https:\/\/lightweb.dev\/l\/svm-temp\/?s={search_term_string}"},"query-input":{"@type":"PropertyValueSpecification","valueRequired":true,"valueName":"search_term_string"}}],"inLanguage":"sv-SE"},{"@type":"Organization","@id":"https:\/\/lightweb.dev\/l\/svm-temp\/#organization","name":"Melkerson y Nott SL","alternateName":"Svenska Magasinet","url":"https:\/\/lightweb.dev\/l\/svm-temp\/","logo":{"@type":"ImageObject","inLanguage":"sv-SE","@id":"https:\/\/lightweb.dev\/l\/svm-temp\/#\/schema\/logo\/image\/","url":"https:\/\/lightweb.dev\/l\/svm-temp\/wp-content\/uploads\/2025\/02\/SvM-logo-Xtra-Centrerad-SVART.png","contentUrl":"https:\/\/lightweb.dev\/l\/svm-temp\/wp-content\/uploads\/2025\/02\/SvM-logo-Xtra-Centrerad-SVART.png","width":300,"height":99,"caption":"Melkerson y Nott SL"},"image":{"@id":"https:\/\/lightweb.dev\/l\/svm-temp\/#\/schema\/logo\/image\/"},"sameAs":["https:\/\/www.facebook.com\/svenskamagasinet","https:\/\/x.com\/SvenskaMagasine"]},{"@type":"Person","@id":"https:\/\/lightweb.dev\/l\/svm-temp\/#\/schema\/person\/caffe038990d25722f5a04a03c906a2b","name":"Robbie Eriksson","sameAs":["https:\/\/lightweb.dev\/l\/svm-temp"],"url":"https:\/\/lightweb.dev\/l\/svm-temp\/reporter\/robbie-eriksson\/"}]}},"_links":{"self":[{"href":"https:\/\/lightweb.dev\/l\/svm-temp\/wp-json\/wp\/v2\/posts\/73476","targetHints":{"allow":["GET"]}}],"collection":[{"href":"https:\/\/lightweb.dev\/l\/svm-temp\/wp-json\/wp\/v2\/posts"}],"about":[{"href":"https:\/\/lightweb.dev\/l\/svm-temp\/wp-json\/wp\/v2\/types\/post"}],"author":[{"embeddable":true,"href":"https:\/\/lightweb.dev\/l\/svm-temp\/wp-json\/wp\/v2\/users\/14"}],"replies":[{"embeddable":true,"href":"https:\/\/lightweb.dev\/l\/svm-temp\/wp-json\/wp\/v2\/comments?post=73476"}],"version-history":[{"count":0,"href":"https:\/\/lightweb.dev\/l\/svm-temp\/wp-json\/wp\/v2\/posts\/73476\/revisions"}],"wp:featuredmedia":[{"embeddable":true,"href":"https:\/\/lightweb.dev\/l\/svm-temp\/wp-json\/wp\/v2\/media\/57397"}],"wp:attachment":[{"href":"https:\/\/lightweb.dev\/l\/svm-temp\/wp-json\/wp\/v2\/media?parent=73476"}],"wp:term":[{"taxonomy":"category","embeddable":true,"href":"https:\/\/lightweb.dev\/l\/svm-temp\/wp-json\/wp\/v2\/categories?post=73476"},{"taxonomy":"post_tag","embeddable":true,"href":"https:\/\/lightweb.dev\/l\/svm-temp\/wp-json\/wp\/v2\/tags?post=73476"}],"curies":[{"name":"wp","href":"https:\/\/api.w.org\/{rel}","templated":true}]}}