{"id":73478,"date":"2024-07-23T14:29:58","date_gmt":"2024-07-23T12:29:58","guid":{"rendered":"https:\/\/lightweb.dev\/l\/svm-temp\/?p=73478"},"modified":"2024-07-23T14:29:58","modified_gmt":"2024-07-23T12:29:58","slug":"snart-kommer-ouigo-till-malaga","status":"publish","type":"post","link":"https:\/\/lightweb.dev\/l\/svm-temp\/nyheter\/snart-kommer-ouigo-till-malaga\/","title":{"rendered":"Snart kommer Ouigo till M\u00e1laga"},"content":{"rendered":"<p><strong>Det franska privata f\u00f6retaget blir den tredje j\u00e4rnv\u00e4gsoperat\u00f6ren att erbjuda snabbt\u00e5g mellan Maria Zambrano och Madrid.\u00a0<\/strong><\/p>\n<p><span style=\"font-weight: 400;\">Snart \u00f6kar snabbt\u00e5gsf\u00f6rbindelserna mellan M\u00e1laga och Madrid. I dagsl\u00e4get k\u00f6r statliga Renfe och privat\u00e4gda Iryo str\u00e4ckan och inom kort tillkommer Ouigo.\u00a0<\/span><\/p>\n<p><span style=\"font-weight: 400;\">Den franska operat\u00f6ren har redan p\u00e5b\u00f6rjat sin sista testfas inf\u00f6r det att biljettf\u00f6rs\u00e4ljningen kan b\u00f6rja, enligt en talesperson f\u00f6r f\u00f6retaget. Inom de n\u00e4rmsta dagarna kommer t\u00e5g av typen Alstom Euroduplex att ha tv\u00e5 testavg\u00e5ngar om dagen i b\u00e5da riktningarna. Detta f\u00f6r att s\u00e4kerst\u00e4lla att Ouigos personal \u00e4r bekanta med rutten. \u201cDetta \u00e4r rutinm\u00e4ssiga tester, ett krav inf\u00f6r starten av den kommersiella verksamheten\u201d, sade talespersonen.\u00a0<\/span><\/p>\n<p><span style=\"font-weight: 400;\">Just nu finns inget satt datum f\u00f6r n\u00e4r Ouigo kommer kunna b\u00f6rja med resorna eller en tabl\u00e5 f\u00f6r avg\u00e5ngarna. De garanterar dock att det kommer att ske i h\u00f6st, troligen i oktober eller november.\u00a0<\/span><\/p>\n<p><span style=\"font-weight: 400;\">Ouigo vet att deras tj\u00e4nst \u00e4r efterl\u00e4ngtad d\u00e5 det kommer att inneb\u00e4ra \u00e4nnu l\u00e4gre priser p\u00e5 marknaden. Deras m\u00e5l \u00e4r att attrahera familjer och studenter som tidigare inte haft r\u00e5d att resa med snabbt\u00e5gen.\u00a0<\/span><\/p>\n<h2><span style=\"font-weight: 400;\">Tv\u00e5 v\u00e5ningar<\/span><\/h2>\n<p><span style=\"font-weight: 400;\">Just nu har man ett avtal med Adif, som sk\u00f6ter om j\u00e4rnv\u00e4gsn\u00e4tet i landet, om tre resor &#8211; tur och retur &#8211; mellan huvudstaden och Sevilla och tv\u00e5 till M\u00e1laga. Ouigo \u00e4r dock s\u00e4kra p\u00e5 att efterfr\u00e5gan kommer att vara h\u00f6g och utesluter inte att de kan beg\u00e4ra ytterligare kapacitet till Solkustens huvudstad.\u00a0<\/span><\/p>\n<p><span style=\"font-weight: 400;\">Ouigos Alstom Euroduplext\u00e5g har tv\u00e5 v\u00e5ningar och kan d\u00e4rmed erbjuda fler \u00e4n 1 000 biljetter per resa. Den h\u00f6ga kapaciteten \u00e4r en nyckel bakom de l\u00e5ga priserna som f\u00f6retaget kan erbjuda. De billigaste biljetterna kostar 9 euro. P\u00e5 de spanska str\u00e4ckor d\u00e4r de redan k\u00f6r sina t\u00e5g (Madrid till Barcelona, Valencia, Alicante, bland andra) h\u00e5ller de i snitt 50 procent l\u00e4gre priser \u00e4n Renfe. Barn under 14 reser alltid f\u00f6r 7 euro om de \u00e4r i vuxnas s\u00e4llskap och bebisar \u00e5ker gratis.\u00a0<\/span><\/p>\n<h3><span style=\"font-weight: 400;\">20 dagliga avg\u00e5ngar<\/span><\/h3>\n<p><span style=\"font-weight: 400;\">N\u00e4r Ouigo anl\u00e4nder till M\u00e1laga kommer det att inneb\u00e4ra att de, tillsammans med Renfe och Iryo, erbjuder i genomsnitt 20 resor mellan Maria Zambrano och Madrid varje dag. I b\u00e5da riktningarna.\u00a0<\/span><\/p>\n<p><span style=\"font-weight: 400;\">Renfe kommer att forts\u00e4tta att vara st\u00f6rst med upp till 14 avg\u00e5ngar. D\u00e4refter kommer Iryo med fem och fr\u00e5n och med i h\u00f6st Ouigo med mellan tv\u00e5 och tre. <\/span><\/p>\n","protected":false},"excerpt":{"rendered":"<p>Det franska privata f\u00f6retaget blir den tredje j\u00e4rnv\u00e4gsoperat\u00f6ren att erbjuda snabbt\u00e5g mellan Maria Zambrano och Madrid.\u00a0<\/p>\n","protected":false},"author":14,"featured_media":70668,"comment_status":"closed","ping_status":"closed","sticky":false,"template":"","format":"standard","meta":{"_et_pb_use_builder":"","_et_pb_old_content":"","_et_gb_content_width":"","footnotes":""},"categories":[395,3],"tags":[],"class_list":["post-73478","post","type-post","status-publish","format-standard","has-post-thumbnail","hentry","category-arkiv-nyheter","category-nyheter"],"yoast_head":"<!-- This site is optimized with the Yoast SEO Premium plugin v26.2 (Yoast SEO v27.5) - https:\/\/yoast.com\/product\/yoast-seo-premium-wordpress\/ -->\n<title>Snart kommer Ouigo till M\u00e1laga - Svenska Magasinet<\/title>\n<meta name=\"robots\" content=\"noindex, follow, max-snippet:-1, max-image-preview:large, max-video-preview:-1\" \/>\n<meta property=\"og:locale\" content=\"sv_SE\" \/>\n<meta property=\"og:type\" content=\"article\" \/>\n<meta property=\"og:title\" content=\"Snart kommer Ouigo till M\u00e1laga\" \/>\n<meta property=\"og:description\" content=\"Det franska privata f\u00f6retaget blir den tredje j\u00e4rnv\u00e4gsoperat\u00f6ren att erbjuda snabbt\u00e5g mellan Maria Zambrano och Madrid.\u00a0\" \/>\n<meta property=\"og:url\" content=\"https:\/\/lightweb.dev\/l\/svm-temp\/?p=73478\" \/>\n<meta property=\"og:site_name\" content=\"Svenska Magasinet\" \/>\n<meta property=\"article:publisher\" content=\"https:\/\/www.facebook.com\/svenskamagasinet\" \/>\n<meta property=\"article:published_time\" content=\"2024-07-23T12:29:58+00:00\" \/>\n<meta name=\"author\" content=\"Robbie Eriksson\" \/>\n<meta name=\"twitter:card\" content=\"summary_large_image\" \/>\n<meta name=\"twitter:creator\" content=\"@SvenskaMagasine\" \/>\n<meta name=\"twitter:site\" content=\"@SvenskaMagasine\" \/>\n<script type=\"application\/ld+json\" class=\"yoast-schema-graph\">{\"@context\":\"https:\\\/\\\/schema.org\",\"@graph\":[{\"@type\":\"Article\",\"@id\":\"https:\\\/\\\/lightweb.dev\\\/l\\\/svm-temp\\\/?p=73478#article\",\"isPartOf\":{\"@id\":\"https:\\\/\\\/lightweb.dev\\\/l\\\/svm-temp\\\/?p=73478\"},\"author\":{\"name\":\"Robbie Eriksson\",\"@id\":\"https:\\\/\\\/lightweb.dev\\\/l\\\/svm-temp\\\/#\\\/schema\\\/person\\\/caffe038990d25722f5a04a03c906a2b\"},\"headline\":\"Snart kommer Ouigo till M\u00e1laga\",\"datePublished\":\"2024-07-23T12:29:58+00:00\",\"mainEntityOfPage\":{\"@id\":\"https:\\\/\\\/lightweb.dev\\\/l\\\/svm-temp\\\/?p=73478\"},\"wordCount\":445,\"publisher\":{\"@id\":\"https:\\\/\\\/lightweb.dev\\\/l\\\/svm-temp\\\/#organization\"},\"image\":{\"@id\":\"https:\\\/\\\/lightweb.dev\\\/l\\\/svm-temp\\\/?p=73478#primaryimage\"},\"thumbnailUrl\":\"https:\\\/\\\/lightweb.dev\\\/l\\\/svm-temp\\\/wp-content\\\/uploads\\\/2024\\\/03\\\/hoghastighetstag.webp\",\"articleSection\":[\"Arkiv\",\"Nyheter\"],\"inLanguage\":\"sv-SE\"},{\"@type\":\"WebPage\",\"@id\":\"https:\\\/\\\/lightweb.dev\\\/l\\\/svm-temp\\\/?p=73478\",\"url\":\"https:\\\/\\\/lightweb.dev\\\/l\\\/svm-temp\\\/?p=73478\",\"name\":\"Snart kommer Ouigo till M\u00e1laga - Svenska Magasinet\",\"isPartOf\":{\"@id\":\"https:\\\/\\\/lightweb.dev\\\/l\\\/svm-temp\\\/#website\"},\"primaryImageOfPage\":{\"@id\":\"https:\\\/\\\/lightweb.dev\\\/l\\\/svm-temp\\\/?p=73478#primaryimage\"},\"image\":{\"@id\":\"https:\\\/\\\/lightweb.dev\\\/l\\\/svm-temp\\\/?p=73478#primaryimage\"},\"thumbnailUrl\":\"https:\\\/\\\/lightweb.dev\\\/l\\\/svm-temp\\\/wp-content\\\/uploads\\\/2024\\\/03\\\/hoghastighetstag.webp\",\"datePublished\":\"2024-07-23T12:29:58+00:00\",\"inLanguage\":\"sv-SE\",\"potentialAction\":[{\"@type\":\"ReadAction\",\"target\":[\"https:\\\/\\\/lightweb.dev\\\/l\\\/svm-temp\\\/?p=73478\"]}]},{\"@type\":\"ImageObject\",\"inLanguage\":\"sv-SE\",\"@id\":\"https:\\\/\\\/lightweb.dev\\\/l\\\/svm-temp\\\/?p=73478#primaryimage\",\"url\":\"https:\\\/\\\/lightweb.dev\\\/l\\\/svm-temp\\\/wp-content\\\/uploads\\\/2024\\\/03\\\/hoghastighetstag.webp\",\"contentUrl\":\"https:\\\/\\\/lightweb.dev\\\/l\\\/svm-temp\\\/wp-content\\\/uploads\\\/2024\\\/03\\\/hoghastighetstag.webp\",\"width\":1200,\"height\":840,\"caption\":\"(Bild: EFE)\"},{\"@type\":\"WebSite\",\"@id\":\"https:\\\/\\\/lightweb.dev\\\/l\\\/svm-temp\\\/#website\",\"url\":\"https:\\\/\\\/lightweb.dev\\\/l\\\/svm-temp\\\/\",\"name\":\"Svenska Magasinet\",\"description\":\"Dina Spanska nyheter p&aring; Svenska\",\"publisher\":{\"@id\":\"https:\\\/\\\/lightweb.dev\\\/l\\\/svm-temp\\\/#organization\"},\"potentialAction\":[{\"@type\":\"SearchAction\",\"target\":{\"@type\":\"EntryPoint\",\"urlTemplate\":\"https:\\\/\\\/lightweb.dev\\\/l\\\/svm-temp\\\/?s={search_term_string}\"},\"query-input\":{\"@type\":\"PropertyValueSpecification\",\"valueRequired\":true,\"valueName\":\"search_term_string\"}}],\"inLanguage\":\"sv-SE\"},{\"@type\":\"Organization\",\"@id\":\"https:\\\/\\\/lightweb.dev\\\/l\\\/svm-temp\\\/#organization\",\"name\":\"Melkerson y Nott SL\",\"alternateName\":\"Svenska Magasinet\",\"url\":\"https:\\\/\\\/lightweb.dev\\\/l\\\/svm-temp\\\/\",\"logo\":{\"@type\":\"ImageObject\",\"inLanguage\":\"sv-SE\",\"@id\":\"https:\\\/\\\/lightweb.dev\\\/l\\\/svm-temp\\\/#\\\/schema\\\/logo\\\/image\\\/\",\"url\":\"https:\\\/\\\/lightweb.dev\\\/l\\\/svm-temp\\\/wp-content\\\/uploads\\\/2025\\\/02\\\/SvM-logo-Xtra-Centrerad-SVART.png\",\"contentUrl\":\"https:\\\/\\\/lightweb.dev\\\/l\\\/svm-temp\\\/wp-content\\\/uploads\\\/2025\\\/02\\\/SvM-logo-Xtra-Centrerad-SVART.png\",\"width\":300,\"height\":99,\"caption\":\"Melkerson y Nott SL\"},\"image\":{\"@id\":\"https:\\\/\\\/lightweb.dev\\\/l\\\/svm-temp\\\/#\\\/schema\\\/logo\\\/image\\\/\"},\"sameAs\":[\"https:\\\/\\\/www.facebook.com\\\/svenskamagasinet\",\"https:\\\/\\\/x.com\\\/SvenskaMagasine\"]},{\"@type\":\"Person\",\"@id\":\"https:\\\/\\\/lightweb.dev\\\/l\\\/svm-temp\\\/#\\\/schema\\\/person\\\/caffe038990d25722f5a04a03c906a2b\",\"name\":\"Robbie Eriksson\",\"sameAs\":[\"https:\\\/\\\/lightweb.dev\\\/l\\\/svm-temp\"],\"url\":\"https:\\\/\\\/lightweb.dev\\\/l\\\/svm-temp\\\/reporter\\\/robbie-eriksson\\\/\"}]}<\/script>\n<!-- \/ Yoast SEO Premium plugin. -->","yoast_head_json":{"title":"Snart kommer Ouigo till M\u00e1laga - Svenska Magasinet","robots":{"index":"noindex","follow":"follow","max-snippet":"max-snippet:-1","max-image-preview":"max-image-preview:large","max-video-preview":"max-video-preview:-1"},"og_locale":"sv_SE","og_type":"article","og_title":"Snart kommer Ouigo till M\u00e1laga","og_description":"Det franska privata f\u00f6retaget blir den tredje j\u00e4rnv\u00e4gsoperat\u00f6ren att erbjuda snabbt\u00e5g mellan Maria Zambrano och Madrid.\u00a0","og_url":"https:\/\/lightweb.dev\/l\/svm-temp\/?p=73478","og_site_name":"Svenska Magasinet","article_publisher":"https:\/\/www.facebook.com\/svenskamagasinet","article_published_time":"2024-07-23T12:29:58+00:00","author":"Robbie Eriksson","twitter_card":"summary_large_image","twitter_creator":"@SvenskaMagasine","twitter_site":"@SvenskaMagasine","schema":{"@context":"https:\/\/schema.org","@graph":[{"@type":"Article","@id":"https:\/\/lightweb.dev\/l\/svm-temp\/?p=73478#article","isPartOf":{"@id":"https:\/\/lightweb.dev\/l\/svm-temp\/?p=73478"},"author":{"name":"Robbie Eriksson","@id":"https:\/\/lightweb.dev\/l\/svm-temp\/#\/schema\/person\/caffe038990d25722f5a04a03c906a2b"},"headline":"Snart kommer Ouigo till M\u00e1laga","datePublished":"2024-07-23T12:29:58+00:00","mainEntityOfPage":{"@id":"https:\/\/lightweb.dev\/l\/svm-temp\/?p=73478"},"wordCount":445,"publisher":{"@id":"https:\/\/lightweb.dev\/l\/svm-temp\/#organization"},"image":{"@id":"https:\/\/lightweb.dev\/l\/svm-temp\/?p=73478#primaryimage"},"thumbnailUrl":"https:\/\/lightweb.dev\/l\/svm-temp\/wp-content\/uploads\/2024\/03\/hoghastighetstag.webp","articleSection":["Arkiv","Nyheter"],"inLanguage":"sv-SE"},{"@type":"WebPage","@id":"https:\/\/lightweb.dev\/l\/svm-temp\/?p=73478","url":"https:\/\/lightweb.dev\/l\/svm-temp\/?p=73478","name":"Snart kommer Ouigo till M\u00e1laga - Svenska Magasinet","isPartOf":{"@id":"https:\/\/lightweb.dev\/l\/svm-temp\/#website"},"primaryImageOfPage":{"@id":"https:\/\/lightweb.dev\/l\/svm-temp\/?p=73478#primaryimage"},"image":{"@id":"https:\/\/lightweb.dev\/l\/svm-temp\/?p=73478#primaryimage"},"thumbnailUrl":"https:\/\/lightweb.dev\/l\/svm-temp\/wp-content\/uploads\/2024\/03\/hoghastighetstag.webp","datePublished":"2024-07-23T12:29:58+00:00","inLanguage":"sv-SE","potentialAction":[{"@type":"ReadAction","target":["https:\/\/lightweb.dev\/l\/svm-temp\/?p=73478"]}]},{"@type":"ImageObject","inLanguage":"sv-SE","@id":"https:\/\/lightweb.dev\/l\/svm-temp\/?p=73478#primaryimage","url":"https:\/\/lightweb.dev\/l\/svm-temp\/wp-content\/uploads\/2024\/03\/hoghastighetstag.webp","contentUrl":"https:\/\/lightweb.dev\/l\/svm-temp\/wp-content\/uploads\/2024\/03\/hoghastighetstag.webp","width":1200,"height":840,"caption":"(Bild: EFE)"},{"@type":"WebSite","@id":"https:\/\/lightweb.dev\/l\/svm-temp\/#website","url":"https:\/\/lightweb.dev\/l\/svm-temp\/","name":"Svenska Magasinet","description":"Dina Spanska nyheter p&aring; Svenska","publisher":{"@id":"https:\/\/lightweb.dev\/l\/svm-temp\/#organization"},"potentialAction":[{"@type":"SearchAction","target":{"@type":"EntryPoint","urlTemplate":"https:\/\/lightweb.dev\/l\/svm-temp\/?s={search_term_string}"},"query-input":{"@type":"PropertyValueSpecification","valueRequired":true,"valueName":"search_term_string"}}],"inLanguage":"sv-SE"},{"@type":"Organization","@id":"https:\/\/lightweb.dev\/l\/svm-temp\/#organization","name":"Melkerson y Nott SL","alternateName":"Svenska Magasinet","url":"https:\/\/lightweb.dev\/l\/svm-temp\/","logo":{"@type":"ImageObject","inLanguage":"sv-SE","@id":"https:\/\/lightweb.dev\/l\/svm-temp\/#\/schema\/logo\/image\/","url":"https:\/\/lightweb.dev\/l\/svm-temp\/wp-content\/uploads\/2025\/02\/SvM-logo-Xtra-Centrerad-SVART.png","contentUrl":"https:\/\/lightweb.dev\/l\/svm-temp\/wp-content\/uploads\/2025\/02\/SvM-logo-Xtra-Centrerad-SVART.png","width":300,"height":99,"caption":"Melkerson y Nott SL"},"image":{"@id":"https:\/\/lightweb.dev\/l\/svm-temp\/#\/schema\/logo\/image\/"},"sameAs":["https:\/\/www.facebook.com\/svenskamagasinet","https:\/\/x.com\/SvenskaMagasine"]},{"@type":"Person","@id":"https:\/\/lightweb.dev\/l\/svm-temp\/#\/schema\/person\/caffe038990d25722f5a04a03c906a2b","name":"Robbie Eriksson","sameAs":["https:\/\/lightweb.dev\/l\/svm-temp"],"url":"https:\/\/lightweb.dev\/l\/svm-temp\/reporter\/robbie-eriksson\/"}]}},"_links":{"self":[{"href":"https:\/\/lightweb.dev\/l\/svm-temp\/wp-json\/wp\/v2\/posts\/73478","targetHints":{"allow":["GET"]}}],"collection":[{"href":"https:\/\/lightweb.dev\/l\/svm-temp\/wp-json\/wp\/v2\/posts"}],"about":[{"href":"https:\/\/lightweb.dev\/l\/svm-temp\/wp-json\/wp\/v2\/types\/post"}],"author":[{"embeddable":true,"href":"https:\/\/lightweb.dev\/l\/svm-temp\/wp-json\/wp\/v2\/users\/14"}],"replies":[{"embeddable":true,"href":"https:\/\/lightweb.dev\/l\/svm-temp\/wp-json\/wp\/v2\/comments?post=73478"}],"version-history":[{"count":0,"href":"https:\/\/lightweb.dev\/l\/svm-temp\/wp-json\/wp\/v2\/posts\/73478\/revisions"}],"wp:featuredmedia":[{"embeddable":true,"href":"https:\/\/lightweb.dev\/l\/svm-temp\/wp-json\/wp\/v2\/media\/70668"}],"wp:attachment":[{"href":"https:\/\/lightweb.dev\/l\/svm-temp\/wp-json\/wp\/v2\/media?parent=73478"}],"wp:term":[{"taxonomy":"category","embeddable":true,"href":"https:\/\/lightweb.dev\/l\/svm-temp\/wp-json\/wp\/v2\/categories?post=73478"},{"taxonomy":"post_tag","embeddable":true,"href":"https:\/\/lightweb.dev\/l\/svm-temp\/wp-json\/wp\/v2\/tags?post=73478"}],"curies":[{"name":"wp","href":"https:\/\/api.w.org\/{rel}","templated":true}]}}