{"id":73480,"date":"2024-07-25T12:23:11","date_gmt":"2024-07-25T10:23:11","guid":{"rendered":"https:\/\/lightweb.dev\/l\/svm-temp\/?p=73480"},"modified":"2024-07-25T12:33:25","modified_gmt":"2024-07-25T10:33:25","slug":"finalspelet-i-billie-jean-king-cup-flyttas-till-malaga","status":"publish","type":"post","link":"https:\/\/lightweb.dev\/l\/svm-temp\/nyheter\/finalspelet-i-billie-jean-king-cup-flyttas-till-malaga\/","title":{"rendered":"Finalspelet i Billie Jean King-Cup flyttas till M\u00e1laga"},"content":{"rendered":"<p><strong>Det internationella tennisf\u00f6rbundet (ITF) meddelade f\u00f6rra veckan att finalrundan av BJKC byter spelplats fr\u00e5n Sevilla till M\u00e1laga.\u00a0<\/strong><\/p>\n<p><strong>Den kommer att sammanfalla med finalen av Davis Cup och spelas mellan 13 och 20 november.<\/strong><\/p>\n<p><span style=\"font-weight: 400;\">Det blir den f\u00f6rsta g\u00e5ngen n\u00e5gonsin som finalspelet i b\u00e5de herr- och dam-VM spelas i samma stad och under samma datum. B\u00e5de semifinalerna och finalerna i BJKC kommer att sammanfalla med de tv\u00e5 f\u00f6rsta dagarna av Davis Cup-finalen. Speldatumen f\u00f6r turneringarna \u00e4r 13 &#8211; 20 respektive 19-24 november.\u00a0\u00a0<\/span><\/p>\n<p><span style=\"font-weight: 400;\">Matcherna i b\u00e5da turneringarna spelas i <\/span><span style=\"font-weight: 400;\">Palacio de Deportes Jos\u00e9 Mar\u00eda Mart\u00edn Carpena.<\/span><\/p>\n<p><span style=\"font-weight: 400;\">Enligt BJKCs hemsida sker f\u00f6rflyttningen p\u00e5 beg\u00e4ran av Andalusiens regionregering, med st\u00f6d av b\u00e5de M\u00e1lagas stads- och provinsr\u00e5d.<\/span><\/p>\n<p><span style=\"font-weight: 400;\">\u201cVi \u00e4r mycket glada att arrangera finalerna i Billie Jean King-Cup,\u201d kommenterade M\u00e1lagas borgm\u00e4stare, Francisco de la Torre. \u201cV\u00e5r stad har en passion f\u00f6r tennis och vi \u00e4r engagerade i att leverera en of\u00f6rgl\u00f6mlig turnering f\u00f6r alla inblandade,\u201d fortsatte han.\u00a0\u00a0<\/span><\/p>\n<p><span style=\"font-weight: 400;\">BJKC i M\u00e1laga inleds med att det spanska laget m\u00f6ter Polen onsdag 13 november &#8211; i \u00e5ttondelsfinal &#8211; med start klockan 11.00. Vinnarna i den matchen kommer sedan att m\u00f6ta Tjeckien som redan \u00e4r klara f\u00f6r kvartsfinal.<\/span><\/p>\n<p><span style=\"font-weight: 400;\">De \u00f6vriga \u00e5ttondelarna spelas mellan Tyskland och Storbritannien, Slovakien och USA samt Japan och Rum\u00e4nien. Ut\u00f6ver Tjeckien \u00e4r Kanada, Australien och Italien redan klara f\u00f6r kvartsfinal, enligt turneringens nya format.\u00a0<\/span><br \/>\n<span style=\"font-weight: 400;\">Alla som redan k\u00f6pt biljett till matcherna i Sevilla kan v\u00e4lja mellan att byta dem mot biljetter till M\u00e1laga eller f\u00e5 pengarna tillbaka genom turneringens <\/span><a href=\"https:\/\/www.billiejeankingcup.com\/en\/tickets\/malaga-tickets\"><span style=\"font-weight: 400;\">hemsida<\/span><\/a><span style=\"font-weight: 400;\">. <\/span><\/p>\n","protected":false},"excerpt":{"rendered":"<p>Det internationella tennisf\u00f6rbundet (ITF) meddelade f\u00f6rra veckan att finalrundan av BJKC byter spelplats fr\u00e5n Sevilla till M\u00e1laga.\u00a0Den kommer att sammanfalla med finalen av Davis Cup och spelas mellan 13 och 20 november.<\/p>\n","protected":false},"author":14,"featured_media":73489,"comment_status":"closed","ping_status":"closed","sticky":false,"template":"","format":"standard","meta":{"_et_pb_use_builder":"","_et_pb_old_content":"","_et_gb_content_width":"","footnotes":""},"categories":[3,352],"tags":[],"class_list":["post-73480","post","type-post","status-publish","format-standard","has-post-thumbnail","hentry","category-nyheter","category-sport"],"yoast_head":"<!-- This site is optimized with the Yoast SEO Premium plugin v26.2 (Yoast SEO v27.5) - https:\/\/yoast.com\/product\/yoast-seo-premium-wordpress\/ -->\n<title>Finalspelet i Billie Jean King-Cup flyttas till M\u00e1laga - Svenska Magasinet<\/title>\n<meta name=\"robots\" content=\"noindex, follow, max-snippet:-1, max-image-preview:large, max-video-preview:-1\" \/>\n<meta property=\"og:locale\" content=\"sv_SE\" \/>\n<meta property=\"og:type\" content=\"article\" \/>\n<meta property=\"og:title\" content=\"Finalspelet i Billie Jean King-Cup flyttas till M\u00e1laga\" \/>\n<meta property=\"og:description\" content=\"Det internationella tennisf\u00f6rbundet (ITF) meddelade f\u00f6rra veckan att finalrundan av BJKC byter spelplats fr\u00e5n Sevilla till M\u00e1laga.\u00a0Den kommer att sammanfalla med finalen av Davis Cup och spelas mellan 13 och 20 november.\" \/>\n<meta property=\"og:url\" content=\"https:\/\/lightweb.dev\/l\/svm-temp\/nyheter\/finalspelet-i-billie-jean-king-cup-flyttas-till-malaga\/\" \/>\n<meta property=\"og:site_name\" content=\"Svenska Magasinet\" \/>\n<meta property=\"article:publisher\" content=\"https:\/\/www.facebook.com\/svenskamagasinet\" \/>\n<meta property=\"article:published_time\" content=\"2024-07-25T10:23:11+00:00\" \/>\n<meta property=\"article:modified_time\" content=\"2024-07-25T10:33:25+00:00\" \/>\n<meta property=\"og:image\" content=\"https:\/\/lightweb.dev\/l\/svm-temp\/wp-content\/uploads\/2024\/07\/badosa-RWZUISdt4HHPoecvHFHhn9H-1200x840@Diario-Sur.webp\" \/>\n\t<meta property=\"og:image:width\" content=\"1200\" \/>\n\t<meta property=\"og:image:height\" content=\"840\" \/>\n\t<meta property=\"og:image:type\" content=\"image\/webp\" \/>\n<meta name=\"author\" content=\"Robbie Eriksson\" \/>\n<meta name=\"twitter:card\" content=\"summary_large_image\" \/>\n<meta name=\"twitter:creator\" content=\"@SvenskaMagasine\" \/>\n<meta name=\"twitter:site\" content=\"@SvenskaMagasine\" \/>\n<script type=\"application\/ld+json\" class=\"yoast-schema-graph\">{\"@context\":\"https:\\\/\\\/schema.org\",\"@graph\":[{\"@type\":\"Article\",\"@id\":\"https:\\\/\\\/lightweb.dev\\\/l\\\/svm-temp\\\/nyheter\\\/finalspelet-i-billie-jean-king-cup-flyttas-till-malaga\\\/#article\",\"isPartOf\":{\"@id\":\"https:\\\/\\\/lightweb.dev\\\/l\\\/svm-temp\\\/nyheter\\\/finalspelet-i-billie-jean-king-cup-flyttas-till-malaga\\\/\"},\"author\":{\"name\":\"Robbie Eriksson\",\"@id\":\"https:\\\/\\\/lightweb.dev\\\/l\\\/svm-temp\\\/#\\\/schema\\\/person\\\/caffe038990d25722f5a04a03c906a2b\"},\"headline\":\"Finalspelet i Billie Jean King-Cup flyttas till M\u00e1laga\",\"datePublished\":\"2024-07-25T10:23:11+00:00\",\"dateModified\":\"2024-07-25T10:33:25+00:00\",\"mainEntityOfPage\":{\"@id\":\"https:\\\/\\\/lightweb.dev\\\/l\\\/svm-temp\\\/nyheter\\\/finalspelet-i-billie-jean-king-cup-flyttas-till-malaga\\\/\"},\"wordCount\":285,\"publisher\":{\"@id\":\"https:\\\/\\\/lightweb.dev\\\/l\\\/svm-temp\\\/#organization\"},\"image\":{\"@id\":\"https:\\\/\\\/lightweb.dev\\\/l\\\/svm-temp\\\/nyheter\\\/finalspelet-i-billie-jean-king-cup-flyttas-till-malaga\\\/#primaryimage\"},\"thumbnailUrl\":\"https:\\\/\\\/lightweb.dev\\\/l\\\/svm-temp\\\/wp-content\\\/uploads\\\/2024\\\/07\\\/badosa-RWZUISdt4HHPoecvHFHhn9H-1200x840@Diario-Sur.webp\",\"articleSection\":[\"Nyheter\",\"Sport\"],\"inLanguage\":\"sv-SE\"},{\"@type\":\"WebPage\",\"@id\":\"https:\\\/\\\/lightweb.dev\\\/l\\\/svm-temp\\\/nyheter\\\/finalspelet-i-billie-jean-king-cup-flyttas-till-malaga\\\/\",\"url\":\"https:\\\/\\\/lightweb.dev\\\/l\\\/svm-temp\\\/nyheter\\\/finalspelet-i-billie-jean-king-cup-flyttas-till-malaga\\\/\",\"name\":\"Finalspelet i Billie Jean King-Cup flyttas till M\u00e1laga - Svenska Magasinet\",\"isPartOf\":{\"@id\":\"https:\\\/\\\/lightweb.dev\\\/l\\\/svm-temp\\\/#website\"},\"primaryImageOfPage\":{\"@id\":\"https:\\\/\\\/lightweb.dev\\\/l\\\/svm-temp\\\/nyheter\\\/finalspelet-i-billie-jean-king-cup-flyttas-till-malaga\\\/#primaryimage\"},\"image\":{\"@id\":\"https:\\\/\\\/lightweb.dev\\\/l\\\/svm-temp\\\/nyheter\\\/finalspelet-i-billie-jean-king-cup-flyttas-till-malaga\\\/#primaryimage\"},\"thumbnailUrl\":\"https:\\\/\\\/lightweb.dev\\\/l\\\/svm-temp\\\/wp-content\\\/uploads\\\/2024\\\/07\\\/badosa-RWZUISdt4HHPoecvHFHhn9H-1200x840@Diario-Sur.webp\",\"datePublished\":\"2024-07-25T10:23:11+00:00\",\"dateModified\":\"2024-07-25T10:33:25+00:00\",\"breadcrumb\":{\"@id\":\"https:\\\/\\\/lightweb.dev\\\/l\\\/svm-temp\\\/nyheter\\\/finalspelet-i-billie-jean-king-cup-flyttas-till-malaga\\\/#breadcrumb\"},\"inLanguage\":\"sv-SE\",\"potentialAction\":[{\"@type\":\"ReadAction\",\"target\":[\"https:\\\/\\\/lightweb.dev\\\/l\\\/svm-temp\\\/nyheter\\\/finalspelet-i-billie-jean-king-cup-flyttas-till-malaga\\\/\"]}]},{\"@type\":\"ImageObject\",\"inLanguage\":\"sv-SE\",\"@id\":\"https:\\\/\\\/lightweb.dev\\\/l\\\/svm-temp\\\/nyheter\\\/finalspelet-i-billie-jean-king-cup-flyttas-till-malaga\\\/#primaryimage\",\"url\":\"https:\\\/\\\/lightweb.dev\\\/l\\\/svm-temp\\\/wp-content\\\/uploads\\\/2024\\\/07\\\/badosa-RWZUISdt4HHPoecvHFHhn9H-1200x840@Diario-Sur.webp\",\"contentUrl\":\"https:\\\/\\\/lightweb.dev\\\/l\\\/svm-temp\\\/wp-content\\\/uploads\\\/2024\\\/07\\\/badosa-RWZUISdt4HHPoecvHFHhn9H-1200x840@Diario-Sur.webp\",\"width\":1200,\"height\":840,\"caption\":\"Paula Babosa spelar i det spanska laget. (Bild: Billie Jean King-Cup)\"},{\"@type\":\"BreadcrumbList\",\"@id\":\"https:\\\/\\\/lightweb.dev\\\/l\\\/svm-temp\\\/nyheter\\\/finalspelet-i-billie-jean-king-cup-flyttas-till-malaga\\\/#breadcrumb\",\"itemListElement\":[{\"@type\":\"ListItem\",\"position\":1,\"name\":\"Hem\",\"item\":\"https:\\\/\\\/lightweb.dev\\\/l\\\/svm-temp\\\/\"},{\"@type\":\"ListItem\",\"position\":2,\"name\":\"Finalspelet i Billie Jean King-Cup flyttas till M\u00e1laga\"}]},{\"@type\":\"WebSite\",\"@id\":\"https:\\\/\\\/lightweb.dev\\\/l\\\/svm-temp\\\/#website\",\"url\":\"https:\\\/\\\/lightweb.dev\\\/l\\\/svm-temp\\\/\",\"name\":\"Svenska Magasinet\",\"description\":\"Dina Spanska nyheter p&aring; Svenska\",\"publisher\":{\"@id\":\"https:\\\/\\\/lightweb.dev\\\/l\\\/svm-temp\\\/#organization\"},\"potentialAction\":[{\"@type\":\"SearchAction\",\"target\":{\"@type\":\"EntryPoint\",\"urlTemplate\":\"https:\\\/\\\/lightweb.dev\\\/l\\\/svm-temp\\\/?s={search_term_string}\"},\"query-input\":{\"@type\":\"PropertyValueSpecification\",\"valueRequired\":true,\"valueName\":\"search_term_string\"}}],\"inLanguage\":\"sv-SE\"},{\"@type\":\"Organization\",\"@id\":\"https:\\\/\\\/lightweb.dev\\\/l\\\/svm-temp\\\/#organization\",\"name\":\"Melkerson y Nott SL\",\"alternateName\":\"Svenska Magasinet\",\"url\":\"https:\\\/\\\/lightweb.dev\\\/l\\\/svm-temp\\\/\",\"logo\":{\"@type\":\"ImageObject\",\"inLanguage\":\"sv-SE\",\"@id\":\"https:\\\/\\\/lightweb.dev\\\/l\\\/svm-temp\\\/#\\\/schema\\\/logo\\\/image\\\/\",\"url\":\"https:\\\/\\\/lightweb.dev\\\/l\\\/svm-temp\\\/wp-content\\\/uploads\\\/2025\\\/02\\\/SvM-logo-Xtra-Centrerad-SVART.png\",\"contentUrl\":\"https:\\\/\\\/lightweb.dev\\\/l\\\/svm-temp\\\/wp-content\\\/uploads\\\/2025\\\/02\\\/SvM-logo-Xtra-Centrerad-SVART.png\",\"width\":300,\"height\":99,\"caption\":\"Melkerson y Nott SL\"},\"image\":{\"@id\":\"https:\\\/\\\/lightweb.dev\\\/l\\\/svm-temp\\\/#\\\/schema\\\/logo\\\/image\\\/\"},\"sameAs\":[\"https:\\\/\\\/www.facebook.com\\\/svenskamagasinet\",\"https:\\\/\\\/x.com\\\/SvenskaMagasine\"]},{\"@type\":\"Person\",\"@id\":\"https:\\\/\\\/lightweb.dev\\\/l\\\/svm-temp\\\/#\\\/schema\\\/person\\\/caffe038990d25722f5a04a03c906a2b\",\"name\":\"Robbie Eriksson\",\"sameAs\":[\"https:\\\/\\\/lightweb.dev\\\/l\\\/svm-temp\"],\"url\":\"https:\\\/\\\/lightweb.dev\\\/l\\\/svm-temp\\\/reporter\\\/robbie-eriksson\\\/\"}]}<\/script>\n<!-- \/ Yoast SEO Premium plugin. -->","yoast_head_json":{"title":"Finalspelet i Billie Jean King-Cup flyttas till M\u00e1laga - Svenska Magasinet","robots":{"index":"noindex","follow":"follow","max-snippet":"max-snippet:-1","max-image-preview":"max-image-preview:large","max-video-preview":"max-video-preview:-1"},"og_locale":"sv_SE","og_type":"article","og_title":"Finalspelet i Billie Jean King-Cup flyttas till M\u00e1laga","og_description":"Det internationella tennisf\u00f6rbundet (ITF) meddelade f\u00f6rra veckan att finalrundan av BJKC byter spelplats fr\u00e5n Sevilla till M\u00e1laga.\u00a0Den kommer att sammanfalla med finalen av Davis Cup och spelas mellan 13 och 20 november.","og_url":"https:\/\/lightweb.dev\/l\/svm-temp\/nyheter\/finalspelet-i-billie-jean-king-cup-flyttas-till-malaga\/","og_site_name":"Svenska Magasinet","article_publisher":"https:\/\/www.facebook.com\/svenskamagasinet","article_published_time":"2024-07-25T10:23:11+00:00","article_modified_time":"2024-07-25T10:33:25+00:00","og_image":[{"width":1200,"height":840,"url":"https:\/\/lightweb.dev\/l\/svm-temp\/wp-content\/uploads\/2024\/07\/badosa-RWZUISdt4HHPoecvHFHhn9H-1200x840@Diario-Sur.webp","type":"image\/webp"}],"author":"Robbie Eriksson","twitter_card":"summary_large_image","twitter_creator":"@SvenskaMagasine","twitter_site":"@SvenskaMagasine","schema":{"@context":"https:\/\/schema.org","@graph":[{"@type":"Article","@id":"https:\/\/lightweb.dev\/l\/svm-temp\/nyheter\/finalspelet-i-billie-jean-king-cup-flyttas-till-malaga\/#article","isPartOf":{"@id":"https:\/\/lightweb.dev\/l\/svm-temp\/nyheter\/finalspelet-i-billie-jean-king-cup-flyttas-till-malaga\/"},"author":{"name":"Robbie Eriksson","@id":"https:\/\/lightweb.dev\/l\/svm-temp\/#\/schema\/person\/caffe038990d25722f5a04a03c906a2b"},"headline":"Finalspelet i Billie Jean King-Cup flyttas till M\u00e1laga","datePublished":"2024-07-25T10:23:11+00:00","dateModified":"2024-07-25T10:33:25+00:00","mainEntityOfPage":{"@id":"https:\/\/lightweb.dev\/l\/svm-temp\/nyheter\/finalspelet-i-billie-jean-king-cup-flyttas-till-malaga\/"},"wordCount":285,"publisher":{"@id":"https:\/\/lightweb.dev\/l\/svm-temp\/#organization"},"image":{"@id":"https:\/\/lightweb.dev\/l\/svm-temp\/nyheter\/finalspelet-i-billie-jean-king-cup-flyttas-till-malaga\/#primaryimage"},"thumbnailUrl":"https:\/\/lightweb.dev\/l\/svm-temp\/wp-content\/uploads\/2024\/07\/badosa-RWZUISdt4HHPoecvHFHhn9H-1200x840@Diario-Sur.webp","articleSection":["Nyheter","Sport"],"inLanguage":"sv-SE"},{"@type":"WebPage","@id":"https:\/\/lightweb.dev\/l\/svm-temp\/nyheter\/finalspelet-i-billie-jean-king-cup-flyttas-till-malaga\/","url":"https:\/\/lightweb.dev\/l\/svm-temp\/nyheter\/finalspelet-i-billie-jean-king-cup-flyttas-till-malaga\/","name":"Finalspelet i Billie Jean King-Cup flyttas till M\u00e1laga - Svenska Magasinet","isPartOf":{"@id":"https:\/\/lightweb.dev\/l\/svm-temp\/#website"},"primaryImageOfPage":{"@id":"https:\/\/lightweb.dev\/l\/svm-temp\/nyheter\/finalspelet-i-billie-jean-king-cup-flyttas-till-malaga\/#primaryimage"},"image":{"@id":"https:\/\/lightweb.dev\/l\/svm-temp\/nyheter\/finalspelet-i-billie-jean-king-cup-flyttas-till-malaga\/#primaryimage"},"thumbnailUrl":"https:\/\/lightweb.dev\/l\/svm-temp\/wp-content\/uploads\/2024\/07\/badosa-RWZUISdt4HHPoecvHFHhn9H-1200x840@Diario-Sur.webp","datePublished":"2024-07-25T10:23:11+00:00","dateModified":"2024-07-25T10:33:25+00:00","breadcrumb":{"@id":"https:\/\/lightweb.dev\/l\/svm-temp\/nyheter\/finalspelet-i-billie-jean-king-cup-flyttas-till-malaga\/#breadcrumb"},"inLanguage":"sv-SE","potentialAction":[{"@type":"ReadAction","target":["https:\/\/lightweb.dev\/l\/svm-temp\/nyheter\/finalspelet-i-billie-jean-king-cup-flyttas-till-malaga\/"]}]},{"@type":"ImageObject","inLanguage":"sv-SE","@id":"https:\/\/lightweb.dev\/l\/svm-temp\/nyheter\/finalspelet-i-billie-jean-king-cup-flyttas-till-malaga\/#primaryimage","url":"https:\/\/lightweb.dev\/l\/svm-temp\/wp-content\/uploads\/2024\/07\/badosa-RWZUISdt4HHPoecvHFHhn9H-1200x840@Diario-Sur.webp","contentUrl":"https:\/\/lightweb.dev\/l\/svm-temp\/wp-content\/uploads\/2024\/07\/badosa-RWZUISdt4HHPoecvHFHhn9H-1200x840@Diario-Sur.webp","width":1200,"height":840,"caption":"Paula Babosa spelar i det spanska laget. (Bild: Billie Jean King-Cup)"},{"@type":"BreadcrumbList","@id":"https:\/\/lightweb.dev\/l\/svm-temp\/nyheter\/finalspelet-i-billie-jean-king-cup-flyttas-till-malaga\/#breadcrumb","itemListElement":[{"@type":"ListItem","position":1,"name":"Hem","item":"https:\/\/lightweb.dev\/l\/svm-temp\/"},{"@type":"ListItem","position":2,"name":"Finalspelet i Billie Jean King-Cup flyttas till M\u00e1laga"}]},{"@type":"WebSite","@id":"https:\/\/lightweb.dev\/l\/svm-temp\/#website","url":"https:\/\/lightweb.dev\/l\/svm-temp\/","name":"Svenska Magasinet","description":"Dina Spanska nyheter p&aring; Svenska","publisher":{"@id":"https:\/\/lightweb.dev\/l\/svm-temp\/#organization"},"potentialAction":[{"@type":"SearchAction","target":{"@type":"EntryPoint","urlTemplate":"https:\/\/lightweb.dev\/l\/svm-temp\/?s={search_term_string}"},"query-input":{"@type":"PropertyValueSpecification","valueRequired":true,"valueName":"search_term_string"}}],"inLanguage":"sv-SE"},{"@type":"Organization","@id":"https:\/\/lightweb.dev\/l\/svm-temp\/#organization","name":"Melkerson y Nott SL","alternateName":"Svenska Magasinet","url":"https:\/\/lightweb.dev\/l\/svm-temp\/","logo":{"@type":"ImageObject","inLanguage":"sv-SE","@id":"https:\/\/lightweb.dev\/l\/svm-temp\/#\/schema\/logo\/image\/","url":"https:\/\/lightweb.dev\/l\/svm-temp\/wp-content\/uploads\/2025\/02\/SvM-logo-Xtra-Centrerad-SVART.png","contentUrl":"https:\/\/lightweb.dev\/l\/svm-temp\/wp-content\/uploads\/2025\/02\/SvM-logo-Xtra-Centrerad-SVART.png","width":300,"height":99,"caption":"Melkerson y Nott SL"},"image":{"@id":"https:\/\/lightweb.dev\/l\/svm-temp\/#\/schema\/logo\/image\/"},"sameAs":["https:\/\/www.facebook.com\/svenskamagasinet","https:\/\/x.com\/SvenskaMagasine"]},{"@type":"Person","@id":"https:\/\/lightweb.dev\/l\/svm-temp\/#\/schema\/person\/caffe038990d25722f5a04a03c906a2b","name":"Robbie Eriksson","sameAs":["https:\/\/lightweb.dev\/l\/svm-temp"],"url":"https:\/\/lightweb.dev\/l\/svm-temp\/reporter\/robbie-eriksson\/"}]}},"_links":{"self":[{"href":"https:\/\/lightweb.dev\/l\/svm-temp\/wp-json\/wp\/v2\/posts\/73480","targetHints":{"allow":["GET"]}}],"collection":[{"href":"https:\/\/lightweb.dev\/l\/svm-temp\/wp-json\/wp\/v2\/posts"}],"about":[{"href":"https:\/\/lightweb.dev\/l\/svm-temp\/wp-json\/wp\/v2\/types\/post"}],"author":[{"embeddable":true,"href":"https:\/\/lightweb.dev\/l\/svm-temp\/wp-json\/wp\/v2\/users\/14"}],"replies":[{"embeddable":true,"href":"https:\/\/lightweb.dev\/l\/svm-temp\/wp-json\/wp\/v2\/comments?post=73480"}],"version-history":[{"count":0,"href":"https:\/\/lightweb.dev\/l\/svm-temp\/wp-json\/wp\/v2\/posts\/73480\/revisions"}],"wp:featuredmedia":[{"embeddable":true,"href":"https:\/\/lightweb.dev\/l\/svm-temp\/wp-json\/wp\/v2\/media\/73489"}],"wp:attachment":[{"href":"https:\/\/lightweb.dev\/l\/svm-temp\/wp-json\/wp\/v2\/media?parent=73480"}],"wp:term":[{"taxonomy":"category","embeddable":true,"href":"https:\/\/lightweb.dev\/l\/svm-temp\/wp-json\/wp\/v2\/categories?post=73480"},{"taxonomy":"post_tag","embeddable":true,"href":"https:\/\/lightweb.dev\/l\/svm-temp\/wp-json\/wp\/v2\/tags?post=73480"}],"curies":[{"name":"wp","href":"https:\/\/api.w.org\/{rel}","templated":true}]}}