{"id":73496,"date":"2024-07-25T14:55:47","date_gmt":"2024-07-25T12:55:47","guid":{"rendered":"https:\/\/lightweb.dev\/l\/svm-temp\/?p=73496"},"modified":"2024-07-25T14:55:47","modified_gmt":"2024-07-25T12:55:47","slug":"fler-protester-mot-turismen","status":"publish","type":"post","link":"https:\/\/lightweb.dev\/l\/svm-temp\/nyheter\/fler-protester-mot-turismen\/","title":{"rendered":"Fler protester mot turismen"},"content":{"rendered":"<p><strong>F\u00f6rra helgen utspelade sig nya demonstrationer mot den \u00f6kande turismen i Spanien.\u00a0<\/strong><\/p>\n<p><strong>Denna g\u00e5ng i Palma de Mallorca.<\/strong><\/p>\n<p><span style=\"font-weight: 400;\">I s\u00f6ndags gav sig tusentals demonstranter ut p\u00e5 gatorna i Palma de Mallorca f\u00f6r att protestera mot turismen. Enligt polisen ska omkring 10 000 m\u00e4nniskor ha deltagit i demonstrationen.\u00a0<\/span><\/p>\n<p><span style=\"font-weight: 400;\">Det \u00e4r inte f\u00f6rsta g\u00e5ngen detta \u00e5r som det varit anti-turismprotester p\u00e5 \u00f6n. Dessutom har liknande arrangemang h\u00e5llits i Barcelona, M\u00e1laga och p\u00e5 Kanarie\u00f6arna. Huvudorsaken \u00e4r att turismen, som \u00e4r en av landets viktigaste industrier, drar upp priserna p\u00e5 bostadsmarknaden och att lokalbefolkningen inte har r\u00e5d att bo kvar i stadsk\u00e4rnorna.\u00a0<\/span><\/p>\n<p><span style=\"font-weight: 400;\">I t\u00e5get som gick genom stadens gator bar demonstranterna p\u00e5 modeller av kryssningsfartyg och flygplan samt planscher med budskap som \u201cnej till massturism\u201d och \u201cstoppa privatflygen\u201d.<\/span><\/p>\n<p><span style=\"font-weight: 400;\">Enligt rapporter fr\u00e5n platsen deltog vissa turister sj\u00e4lva i protesterna medan andra s\u00e5g obekv\u00e4ma ut i situationen.\u00a0<\/span><\/p>\n<p><span style=\"font-weight: 400;\">Pere Joan Femina, fr\u00e5n Menys Turisme, M\u00e9s Vida (p\u00e5 katalanska Mindre turism, Mer Liv), som ordnade demonstrationen p\u00e5 Mallorca, ber\u00e4ttade f\u00f6r Reuters att m\u00e5let \u00e4r att f\u00e5 f\u00e4rre turister till \u00f6n.\u00a0<\/span><\/p>\n<p><span style=\"font-weight: 400;\">\u201cMassturismen g\u00f6r det sv\u00e5rt f\u00f6r lokalbefolkningen som inte har r\u00e5d att bo kvar p\u00e5 sin egen \u00f6 eftersom bes\u00f6karna drar upp priserna. Turister fyller str\u00e4nderna och s\u00e4tter ett stort tryck p\u00e5 offentliga tj\u00e4nster under sommaren,\u201d sade han. \u201cVi vill sk\u00e4ra ner massturismen och f\u00f6rbjuda icke bosatta (p\u00e5 \u00f6n) att k\u00f6pa hus som bara anv\u00e4nds ett par m\u00e5nader per \u00e5r eller f\u00f6r spekulation&#8221;.\u00a0\u00a0<\/span><\/p>\n<h2><span style=\"font-weight: 400;\">Kryssningar till Katalonien<\/span><\/h2>\n<p><span style=\"font-weight: 400;\">Katalonien var den enda regionen som lockade fler bes\u00f6kare \u00e4n Balearerna f\u00f6rra \u00e5ret. D\u00e4r ser man den v\u00e4xande kryssningsturismen som ett s\u00e4rskilt stort problem.<\/span><\/p>\n<p><span style=\"font-weight: 400;\">Barcelonas borgm\u00e4stare, Jaume Collboni, har ber\u00e4ttat f\u00f6r tidningen El Pais att man kommer att h\u00f6ja turistskatten f\u00f6r kryssningspassagerare som bes\u00f6ker staden i mindre \u00e4n 12 timmar.\u00a0\u00a0<\/span><\/p>\n<p><span style=\"font-weight: 400;\">\u201cVi f\u00f6resl\u00e5r en betydande skatte\u00f6kning f\u00f6r mellanlandande kryssningsturister.\u201d Vidare f\u00f6rklarade han att de som stannar 12 timmar eller mindre kraftigt \u00f6kar tr\u00e4ngseln i staden utan att bidra s\u00e4rskilt mycket till dess ekonomi.\u00a0<\/span><\/p>\n<p><span style=\"font-weight: 400;\">I dagsl\u00e4get betalar kryssningsturister 7 euro per dag i skatt. Collbani ber\u00e4ttade inte hur mycket man vill \u00f6ka summan och f\u00f6rklarade att f\u00f6rslaget m\u00e5ste godk\u00e4nnas i det katalanska parlamentet. <\/span><\/p>\n","protected":false},"excerpt":{"rendered":"<p>F\u00f6rra helgen utspelade sig nya demonstrationer mot den \u00f6kande turismen i Spanien.\u00a0Denna g\u00e5ng i Palma de Mallorca.<\/p>\n","protected":false},"author":14,"featured_media":73497,"comment_status":"closed","ping_status":"closed","sticky":false,"template":"","format":"standard","meta":{"_et_pb_use_builder":"","_et_pb_old_content":"","_et_gb_content_width":"","footnotes":""},"categories":[395,3],"tags":[],"class_list":["post-73496","post","type-post","status-publish","format-standard","has-post-thumbnail","hentry","category-arkiv-nyheter","category-nyheter"],"yoast_head":"<!-- This site is optimized with the Yoast SEO Premium plugin v26.2 (Yoast SEO v27.5) - https:\/\/yoast.com\/product\/yoast-seo-premium-wordpress\/ -->\n<title>Fler protester mot turismen - Svenska Magasinet<\/title>\n<meta name=\"robots\" content=\"noindex, follow, max-snippet:-1, max-image-preview:large, max-video-preview:-1\" \/>\n<meta property=\"og:locale\" content=\"sv_SE\" \/>\n<meta property=\"og:type\" content=\"article\" \/>\n<meta property=\"og:title\" content=\"Fler protester mot turismen\" \/>\n<meta property=\"og:description\" content=\"F\u00f6rra helgen utspelade sig nya demonstrationer mot den \u00f6kande turismen i Spanien.\u00a0Denna g\u00e5ng i Palma de Mallorca.\" \/>\n<meta property=\"og:url\" content=\"https:\/\/lightweb.dev\/l\/svm-temp\/nyheter\/fler-protester-mot-turismen\/\" \/>\n<meta property=\"og:site_name\" content=\"Svenska Magasinet\" \/>\n<meta property=\"article:publisher\" content=\"https:\/\/www.facebook.com\/svenskamagasinet\" \/>\n<meta property=\"article:published_time\" content=\"2024-07-25T12:55:47+00:00\" \/>\n<meta property=\"og:image\" content=\"https:\/\/lightweb.dev\/l\/svm-temp\/wp-content\/uploads\/2024\/07\/GTFGkTCXkAAJuz6.jpeg\" \/>\n\t<meta property=\"og:image:width\" content=\"1280\" \/>\n\t<meta property=\"og:image:height\" content=\"960\" \/>\n\t<meta property=\"og:image:type\" content=\"image\/jpeg\" \/>\n<meta name=\"author\" content=\"Robbie Eriksson\" \/>\n<meta name=\"twitter:card\" content=\"summary_large_image\" \/>\n<meta name=\"twitter:creator\" content=\"@SvenskaMagasine\" \/>\n<meta name=\"twitter:site\" content=\"@SvenskaMagasine\" \/>\n<script type=\"application\/ld+json\" class=\"yoast-schema-graph\">{\"@context\":\"https:\\\/\\\/schema.org\",\"@graph\":[{\"@type\":\"Article\",\"@id\":\"https:\\\/\\\/lightweb.dev\\\/l\\\/svm-temp\\\/nyheter\\\/fler-protester-mot-turismen\\\/#article\",\"isPartOf\":{\"@id\":\"https:\\\/\\\/lightweb.dev\\\/l\\\/svm-temp\\\/nyheter\\\/fler-protester-mot-turismen\\\/\"},\"author\":{\"name\":\"Robbie Eriksson\",\"@id\":\"https:\\\/\\\/lightweb.dev\\\/l\\\/svm-temp\\\/#\\\/schema\\\/person\\\/caffe038990d25722f5a04a03c906a2b\"},\"headline\":\"Fler protester mot turismen\",\"datePublished\":\"2024-07-25T12:55:47+00:00\",\"mainEntityOfPage\":{\"@id\":\"https:\\\/\\\/lightweb.dev\\\/l\\\/svm-temp\\\/nyheter\\\/fler-protester-mot-turismen\\\/\"},\"wordCount\":407,\"publisher\":{\"@id\":\"https:\\\/\\\/lightweb.dev\\\/l\\\/svm-temp\\\/#organization\"},\"image\":{\"@id\":\"https:\\\/\\\/lightweb.dev\\\/l\\\/svm-temp\\\/nyheter\\\/fler-protester-mot-turismen\\\/#primaryimage\"},\"thumbnailUrl\":\"https:\\\/\\\/lightweb.dev\\\/l\\\/svm-temp\\\/wp-content\\\/uploads\\\/2024\\\/07\\\/GTFGkTCXkAAJuz6.jpeg\",\"articleSection\":[\"Arkiv\",\"Nyheter\"],\"inLanguage\":\"sv-SE\"},{\"@type\":\"WebPage\",\"@id\":\"https:\\\/\\\/lightweb.dev\\\/l\\\/svm-temp\\\/nyheter\\\/fler-protester-mot-turismen\\\/\",\"url\":\"https:\\\/\\\/lightweb.dev\\\/l\\\/svm-temp\\\/nyheter\\\/fler-protester-mot-turismen\\\/\",\"name\":\"Fler protester mot turismen - Svenska Magasinet\",\"isPartOf\":{\"@id\":\"https:\\\/\\\/lightweb.dev\\\/l\\\/svm-temp\\\/#website\"},\"primaryImageOfPage\":{\"@id\":\"https:\\\/\\\/lightweb.dev\\\/l\\\/svm-temp\\\/nyheter\\\/fler-protester-mot-turismen\\\/#primaryimage\"},\"image\":{\"@id\":\"https:\\\/\\\/lightweb.dev\\\/l\\\/svm-temp\\\/nyheter\\\/fler-protester-mot-turismen\\\/#primaryimage\"},\"thumbnailUrl\":\"https:\\\/\\\/lightweb.dev\\\/l\\\/svm-temp\\\/wp-content\\\/uploads\\\/2024\\\/07\\\/GTFGkTCXkAAJuz6.jpeg\",\"datePublished\":\"2024-07-25T12:55:47+00:00\",\"breadcrumb\":{\"@id\":\"https:\\\/\\\/lightweb.dev\\\/l\\\/svm-temp\\\/nyheter\\\/fler-protester-mot-turismen\\\/#breadcrumb\"},\"inLanguage\":\"sv-SE\",\"potentialAction\":[{\"@type\":\"ReadAction\",\"target\":[\"https:\\\/\\\/lightweb.dev\\\/l\\\/svm-temp\\\/nyheter\\\/fler-protester-mot-turismen\\\/\"]}]},{\"@type\":\"ImageObject\",\"inLanguage\":\"sv-SE\",\"@id\":\"https:\\\/\\\/lightweb.dev\\\/l\\\/svm-temp\\\/nyheter\\\/fler-protester-mot-turismen\\\/#primaryimage\",\"url\":\"https:\\\/\\\/lightweb.dev\\\/l\\\/svm-temp\\\/wp-content\\\/uploads\\\/2024\\\/07\\\/GTFGkTCXkAAJuz6.jpeg\",\"contentUrl\":\"https:\\\/\\\/lightweb.dev\\\/l\\\/svm-temp\\\/wp-content\\\/uploads\\\/2024\\\/07\\\/GTFGkTCXkAAJuz6.jpeg\",\"width\":1280,\"height\":960,\"caption\":\"(Bild: @contracimera, X)\"},{\"@type\":\"BreadcrumbList\",\"@id\":\"https:\\\/\\\/lightweb.dev\\\/l\\\/svm-temp\\\/nyheter\\\/fler-protester-mot-turismen\\\/#breadcrumb\",\"itemListElement\":[{\"@type\":\"ListItem\",\"position\":1,\"name\":\"Hem\",\"item\":\"https:\\\/\\\/lightweb.dev\\\/l\\\/svm-temp\\\/\"},{\"@type\":\"ListItem\",\"position\":2,\"name\":\"Fler protester mot turismen\"}]},{\"@type\":\"WebSite\",\"@id\":\"https:\\\/\\\/lightweb.dev\\\/l\\\/svm-temp\\\/#website\",\"url\":\"https:\\\/\\\/lightweb.dev\\\/l\\\/svm-temp\\\/\",\"name\":\"Svenska Magasinet\",\"description\":\"Dina Spanska nyheter p&aring; Svenska\",\"publisher\":{\"@id\":\"https:\\\/\\\/lightweb.dev\\\/l\\\/svm-temp\\\/#organization\"},\"potentialAction\":[{\"@type\":\"SearchAction\",\"target\":{\"@type\":\"EntryPoint\",\"urlTemplate\":\"https:\\\/\\\/lightweb.dev\\\/l\\\/svm-temp\\\/?s={search_term_string}\"},\"query-input\":{\"@type\":\"PropertyValueSpecification\",\"valueRequired\":true,\"valueName\":\"search_term_string\"}}],\"inLanguage\":\"sv-SE\"},{\"@type\":\"Organization\",\"@id\":\"https:\\\/\\\/lightweb.dev\\\/l\\\/svm-temp\\\/#organization\",\"name\":\"Melkerson y Nott SL\",\"alternateName\":\"Svenska Magasinet\",\"url\":\"https:\\\/\\\/lightweb.dev\\\/l\\\/svm-temp\\\/\",\"logo\":{\"@type\":\"ImageObject\",\"inLanguage\":\"sv-SE\",\"@id\":\"https:\\\/\\\/lightweb.dev\\\/l\\\/svm-temp\\\/#\\\/schema\\\/logo\\\/image\\\/\",\"url\":\"https:\\\/\\\/lightweb.dev\\\/l\\\/svm-temp\\\/wp-content\\\/uploads\\\/2025\\\/02\\\/SvM-logo-Xtra-Centrerad-SVART.png\",\"contentUrl\":\"https:\\\/\\\/lightweb.dev\\\/l\\\/svm-temp\\\/wp-content\\\/uploads\\\/2025\\\/02\\\/SvM-logo-Xtra-Centrerad-SVART.png\",\"width\":300,\"height\":99,\"caption\":\"Melkerson y Nott SL\"},\"image\":{\"@id\":\"https:\\\/\\\/lightweb.dev\\\/l\\\/svm-temp\\\/#\\\/schema\\\/logo\\\/image\\\/\"},\"sameAs\":[\"https:\\\/\\\/www.facebook.com\\\/svenskamagasinet\",\"https:\\\/\\\/x.com\\\/SvenskaMagasine\"]},{\"@type\":\"Person\",\"@id\":\"https:\\\/\\\/lightweb.dev\\\/l\\\/svm-temp\\\/#\\\/schema\\\/person\\\/caffe038990d25722f5a04a03c906a2b\",\"name\":\"Robbie Eriksson\",\"sameAs\":[\"https:\\\/\\\/lightweb.dev\\\/l\\\/svm-temp\"],\"url\":\"https:\\\/\\\/lightweb.dev\\\/l\\\/svm-temp\\\/reporter\\\/robbie-eriksson\\\/\"}]}<\/script>\n<!-- \/ Yoast SEO Premium plugin. -->","yoast_head_json":{"title":"Fler protester mot turismen - Svenska Magasinet","robots":{"index":"noindex","follow":"follow","max-snippet":"max-snippet:-1","max-image-preview":"max-image-preview:large","max-video-preview":"max-video-preview:-1"},"og_locale":"sv_SE","og_type":"article","og_title":"Fler protester mot turismen","og_description":"F\u00f6rra helgen utspelade sig nya demonstrationer mot den \u00f6kande turismen i Spanien.\u00a0Denna g\u00e5ng i Palma de Mallorca.","og_url":"https:\/\/lightweb.dev\/l\/svm-temp\/nyheter\/fler-protester-mot-turismen\/","og_site_name":"Svenska Magasinet","article_publisher":"https:\/\/www.facebook.com\/svenskamagasinet","article_published_time":"2024-07-25T12:55:47+00:00","og_image":[{"width":1280,"height":960,"url":"https:\/\/lightweb.dev\/l\/svm-temp\/wp-content\/uploads\/2024\/07\/GTFGkTCXkAAJuz6.jpeg","type":"image\/jpeg"}],"author":"Robbie Eriksson","twitter_card":"summary_large_image","twitter_creator":"@SvenskaMagasine","twitter_site":"@SvenskaMagasine","schema":{"@context":"https:\/\/schema.org","@graph":[{"@type":"Article","@id":"https:\/\/lightweb.dev\/l\/svm-temp\/nyheter\/fler-protester-mot-turismen\/#article","isPartOf":{"@id":"https:\/\/lightweb.dev\/l\/svm-temp\/nyheter\/fler-protester-mot-turismen\/"},"author":{"name":"Robbie Eriksson","@id":"https:\/\/lightweb.dev\/l\/svm-temp\/#\/schema\/person\/caffe038990d25722f5a04a03c906a2b"},"headline":"Fler protester mot turismen","datePublished":"2024-07-25T12:55:47+00:00","mainEntityOfPage":{"@id":"https:\/\/lightweb.dev\/l\/svm-temp\/nyheter\/fler-protester-mot-turismen\/"},"wordCount":407,"publisher":{"@id":"https:\/\/lightweb.dev\/l\/svm-temp\/#organization"},"image":{"@id":"https:\/\/lightweb.dev\/l\/svm-temp\/nyheter\/fler-protester-mot-turismen\/#primaryimage"},"thumbnailUrl":"https:\/\/lightweb.dev\/l\/svm-temp\/wp-content\/uploads\/2024\/07\/GTFGkTCXkAAJuz6.jpeg","articleSection":["Arkiv","Nyheter"],"inLanguage":"sv-SE"},{"@type":"WebPage","@id":"https:\/\/lightweb.dev\/l\/svm-temp\/nyheter\/fler-protester-mot-turismen\/","url":"https:\/\/lightweb.dev\/l\/svm-temp\/nyheter\/fler-protester-mot-turismen\/","name":"Fler protester mot turismen - Svenska Magasinet","isPartOf":{"@id":"https:\/\/lightweb.dev\/l\/svm-temp\/#website"},"primaryImageOfPage":{"@id":"https:\/\/lightweb.dev\/l\/svm-temp\/nyheter\/fler-protester-mot-turismen\/#primaryimage"},"image":{"@id":"https:\/\/lightweb.dev\/l\/svm-temp\/nyheter\/fler-protester-mot-turismen\/#primaryimage"},"thumbnailUrl":"https:\/\/lightweb.dev\/l\/svm-temp\/wp-content\/uploads\/2024\/07\/GTFGkTCXkAAJuz6.jpeg","datePublished":"2024-07-25T12:55:47+00:00","breadcrumb":{"@id":"https:\/\/lightweb.dev\/l\/svm-temp\/nyheter\/fler-protester-mot-turismen\/#breadcrumb"},"inLanguage":"sv-SE","potentialAction":[{"@type":"ReadAction","target":["https:\/\/lightweb.dev\/l\/svm-temp\/nyheter\/fler-protester-mot-turismen\/"]}]},{"@type":"ImageObject","inLanguage":"sv-SE","@id":"https:\/\/lightweb.dev\/l\/svm-temp\/nyheter\/fler-protester-mot-turismen\/#primaryimage","url":"https:\/\/lightweb.dev\/l\/svm-temp\/wp-content\/uploads\/2024\/07\/GTFGkTCXkAAJuz6.jpeg","contentUrl":"https:\/\/lightweb.dev\/l\/svm-temp\/wp-content\/uploads\/2024\/07\/GTFGkTCXkAAJuz6.jpeg","width":1280,"height":960,"caption":"(Bild: @contracimera, X)"},{"@type":"BreadcrumbList","@id":"https:\/\/lightweb.dev\/l\/svm-temp\/nyheter\/fler-protester-mot-turismen\/#breadcrumb","itemListElement":[{"@type":"ListItem","position":1,"name":"Hem","item":"https:\/\/lightweb.dev\/l\/svm-temp\/"},{"@type":"ListItem","position":2,"name":"Fler protester mot turismen"}]},{"@type":"WebSite","@id":"https:\/\/lightweb.dev\/l\/svm-temp\/#website","url":"https:\/\/lightweb.dev\/l\/svm-temp\/","name":"Svenska Magasinet","description":"Dina Spanska nyheter p&aring; Svenska","publisher":{"@id":"https:\/\/lightweb.dev\/l\/svm-temp\/#organization"},"potentialAction":[{"@type":"SearchAction","target":{"@type":"EntryPoint","urlTemplate":"https:\/\/lightweb.dev\/l\/svm-temp\/?s={search_term_string}"},"query-input":{"@type":"PropertyValueSpecification","valueRequired":true,"valueName":"search_term_string"}}],"inLanguage":"sv-SE"},{"@type":"Organization","@id":"https:\/\/lightweb.dev\/l\/svm-temp\/#organization","name":"Melkerson y Nott SL","alternateName":"Svenska Magasinet","url":"https:\/\/lightweb.dev\/l\/svm-temp\/","logo":{"@type":"ImageObject","inLanguage":"sv-SE","@id":"https:\/\/lightweb.dev\/l\/svm-temp\/#\/schema\/logo\/image\/","url":"https:\/\/lightweb.dev\/l\/svm-temp\/wp-content\/uploads\/2025\/02\/SvM-logo-Xtra-Centrerad-SVART.png","contentUrl":"https:\/\/lightweb.dev\/l\/svm-temp\/wp-content\/uploads\/2025\/02\/SvM-logo-Xtra-Centrerad-SVART.png","width":300,"height":99,"caption":"Melkerson y Nott SL"},"image":{"@id":"https:\/\/lightweb.dev\/l\/svm-temp\/#\/schema\/logo\/image\/"},"sameAs":["https:\/\/www.facebook.com\/svenskamagasinet","https:\/\/x.com\/SvenskaMagasine"]},{"@type":"Person","@id":"https:\/\/lightweb.dev\/l\/svm-temp\/#\/schema\/person\/caffe038990d25722f5a04a03c906a2b","name":"Robbie Eriksson","sameAs":["https:\/\/lightweb.dev\/l\/svm-temp"],"url":"https:\/\/lightweb.dev\/l\/svm-temp\/reporter\/robbie-eriksson\/"}]}},"_links":{"self":[{"href":"https:\/\/lightweb.dev\/l\/svm-temp\/wp-json\/wp\/v2\/posts\/73496","targetHints":{"allow":["GET"]}}],"collection":[{"href":"https:\/\/lightweb.dev\/l\/svm-temp\/wp-json\/wp\/v2\/posts"}],"about":[{"href":"https:\/\/lightweb.dev\/l\/svm-temp\/wp-json\/wp\/v2\/types\/post"}],"author":[{"embeddable":true,"href":"https:\/\/lightweb.dev\/l\/svm-temp\/wp-json\/wp\/v2\/users\/14"}],"replies":[{"embeddable":true,"href":"https:\/\/lightweb.dev\/l\/svm-temp\/wp-json\/wp\/v2\/comments?post=73496"}],"version-history":[{"count":0,"href":"https:\/\/lightweb.dev\/l\/svm-temp\/wp-json\/wp\/v2\/posts\/73496\/revisions"}],"wp:featuredmedia":[{"embeddable":true,"href":"https:\/\/lightweb.dev\/l\/svm-temp\/wp-json\/wp\/v2\/media\/73497"}],"wp:attachment":[{"href":"https:\/\/lightweb.dev\/l\/svm-temp\/wp-json\/wp\/v2\/media?parent=73496"}],"wp:term":[{"taxonomy":"category","embeddable":true,"href":"https:\/\/lightweb.dev\/l\/svm-temp\/wp-json\/wp\/v2\/categories?post=73496"},{"taxonomy":"post_tag","embeddable":true,"href":"https:\/\/lightweb.dev\/l\/svm-temp\/wp-json\/wp\/v2\/tags?post=73496"}],"curies":[{"name":"wp","href":"https:\/\/api.w.org\/{rel}","templated":true}]}}