{"id":73501,"date":"2024-07-25T16:34:00","date_gmt":"2024-07-25T14:34:00","guid":{"rendered":"https:\/\/lightweb.dev\/l\/svm-temp\/?p=73501"},"modified":"2024-07-25T19:53:06","modified_gmt":"2024-07-25T17:53:06","slug":"ny-metod-for-cancerbehandling-utvecklad-i-spanien","status":"publish","type":"post","link":"https:\/\/lightweb.dev\/l\/svm-temp\/nyheter\/ny-metod-for-cancerbehandling-utvecklad-i-spanien\/","title":{"rendered":"Ny metod f\u00f6r cancerbehandling utvecklad i Spanien"},"content":{"rendered":"<p><strong>En grupp forskare fr\u00e5n olika spanska och ett portugisiskt universitet har hittat ett nytt s\u00e4tt att anv\u00e4nda fotodynamisk terapi mot cancerceller.\u00a0<\/strong><\/p>\n<p><span style=\"font-weight: 400;\">Forskare fr\u00e5n flera spanska universitet har jobbat tillsammans f\u00f6r att utveckla en ny sammans\u00e4ttning f\u00f6r mer effektiv cancerbehandling genom fotodynamisk terapi (PDT). PDT \u00e4r relativt nytt som metod f\u00f6r att behandla cancer. Det g\u00e5r till s\u00e5 att man anv\u00e4nder l\u00e4kemedel som reagerar p\u00e5 s\u00e4rskilt ljus och d\u00f6dar cancerogena celler.\u00a0<\/span><\/p>\n<p><span style=\"font-weight: 400;\">I mer detalj inneb\u00e4r det att l\u00e4karna har nya iridiumbaserade fotosensibilisatorer med speciella organiska molekyler som ska \u201cminska den skadliga effekten p\u00e5 friska celler och f\u00f6rst\u00e4rka str\u00e5lningseffekten p\u00e5 elakartade celler\u201d. D\u00e4rigenom ska bieffekter av cancerbehandlingen bli lindrigare, f\u00f6rklarar professor Blanca Rosa Manzano som arbetar p\u00e5 universitetet i Castilla-La Mancha och har lett projektet. Hennes arbetslag bestod av forskare fr\u00e5n universiteten i Burgos, Girona, Zaragoza samt universitetet NOVA i Lissabon. Deras uppt\u00e4ckter har publicerats i den vetenskapliga journalen Journal of Medicinal Chemistry.\u00a0<\/span><\/p>\n<p><span style=\"font-weight: 400;\">\u201cVi har lyckats skapa aktiva sammans\u00e4ttningar f\u00f6r PDT som best\u00e5r av huvudmodellen (iridium) med p\u00e5kopplade organiska molekyler, som har en stor roll i att f\u00e5nga ljuset och aktivera l\u00e4kemedlet,\u201d f\u00f6rklarade Rosa Manzano.<\/span><\/p>\n<p><span style=\"font-weight: 400;\">Dessa sammans\u00e4ttningar har ingen st\u00f6rre kraft i m\u00f6rker men om de exponeras f\u00f6r r\u00e4tt typ av ljus blir de d\u00f6dliga f\u00f6r cancerceller. \u201cVissa av dessa sammans\u00e4ttningar har visat sig vara 2 000 g\u00e5nger starkare n\u00e4r de aktiveras av ljuset, vilket m\u00f6jligg\u00f6r f\u00f6r sm\u00e5 doser av l\u00e4kemedlet s\u00e5 att cellerna inte skadas f\u00f6rr\u00e4n tillr\u00e4ckligt starkt ljus appliceras. Detta minskar de skadliga effekterna p\u00e5 friska celler och st\u00e4rker effekten mot de elakartade,\u201d st\u00e5r det i rapporten.\u00a0<\/span><\/p>\n","protected":false},"excerpt":{"rendered":"<p>En grupp forskare fr\u00e5n olika spanska och ett portugisiskt universitet har hittat ett nytt s\u00e4tt att anv\u00e4nda fotodynamisk terapi mot cancerceller.\u00a0<\/p>\n","protected":false},"author":14,"featured_media":73503,"comment_status":"closed","ping_status":"closed","sticky":false,"template":"","format":"standard","meta":{"_et_pb_use_builder":"","_et_pb_old_content":"","_et_gb_content_width":"","footnotes":""},"categories":[395,3],"tags":[],"class_list":["post-73501","post","type-post","status-publish","format-standard","has-post-thumbnail","hentry","category-arkiv-nyheter","category-nyheter"],"yoast_head":"<!-- This site is optimized with the Yoast SEO Premium plugin v26.2 (Yoast SEO v27.5) - https:\/\/yoast.com\/product\/yoast-seo-premium-wordpress\/ -->\n<title>Ny metod f\u00f6r cancerbehandling utvecklad i Spanien - Svenska Magasinet<\/title>\n<meta name=\"robots\" content=\"noindex, follow, max-snippet:-1, max-image-preview:large, max-video-preview:-1\" \/>\n<meta property=\"og:locale\" content=\"sv_SE\" \/>\n<meta property=\"og:type\" content=\"article\" \/>\n<meta property=\"og:title\" content=\"Ny metod f\u00f6r cancerbehandling utvecklad i Spanien\" \/>\n<meta property=\"og:description\" content=\"En grupp forskare fr\u00e5n olika spanska och ett portugisiskt universitet har hittat ett nytt s\u00e4tt att anv\u00e4nda fotodynamisk terapi mot cancerceller.\u00a0\" \/>\n<meta property=\"og:url\" content=\"https:\/\/lightweb.dev\/l\/svm-temp\/nyheter\/ny-metod-for-cancerbehandling-utvecklad-i-spanien\/\" \/>\n<meta property=\"og:site_name\" content=\"Svenska Magasinet\" \/>\n<meta property=\"article:publisher\" content=\"https:\/\/www.facebook.com\/svenskamagasinet\" \/>\n<meta property=\"article:published_time\" content=\"2024-07-25T14:34:00+00:00\" \/>\n<meta property=\"article:modified_time\" content=\"2024-07-25T17:53:06+00:00\" \/>\n<meta property=\"og:image\" content=\"https:\/\/lightweb.dev\/l\/svm-temp\/wp-content\/uploads\/2024\/07\/Photodynamic_therapy_red-scaled.jpg\" \/>\n\t<meta property=\"og:image:width\" content=\"2560\" \/>\n\t<meta property=\"og:image:height\" content=\"1707\" \/>\n\t<meta property=\"og:image:type\" content=\"image\/jpeg\" \/>\n<meta name=\"author\" content=\"Robbie Eriksson\" \/>\n<meta name=\"twitter:card\" content=\"summary_large_image\" \/>\n<meta name=\"twitter:creator\" content=\"@SvenskaMagasine\" \/>\n<meta name=\"twitter:site\" content=\"@SvenskaMagasine\" \/>\n<script type=\"application\/ld+json\" class=\"yoast-schema-graph\">{\"@context\":\"https:\\\/\\\/schema.org\",\"@graph\":[{\"@type\":\"Article\",\"@id\":\"https:\\\/\\\/lightweb.dev\\\/l\\\/svm-temp\\\/nyheter\\\/ny-metod-for-cancerbehandling-utvecklad-i-spanien\\\/#article\",\"isPartOf\":{\"@id\":\"https:\\\/\\\/lightweb.dev\\\/l\\\/svm-temp\\\/nyheter\\\/ny-metod-for-cancerbehandling-utvecklad-i-spanien\\\/\"},\"author\":{\"name\":\"Robbie Eriksson\",\"@id\":\"https:\\\/\\\/lightweb.dev\\\/l\\\/svm-temp\\\/#\\\/schema\\\/person\\\/caffe038990d25722f5a04a03c906a2b\"},\"headline\":\"Ny metod f\u00f6r cancerbehandling utvecklad i Spanien\",\"datePublished\":\"2024-07-25T14:34:00+00:00\",\"dateModified\":\"2024-07-25T17:53:06+00:00\",\"mainEntityOfPage\":{\"@id\":\"https:\\\/\\\/lightweb.dev\\\/l\\\/svm-temp\\\/nyheter\\\/ny-metod-for-cancerbehandling-utvecklad-i-spanien\\\/\"},\"wordCount\":311,\"publisher\":{\"@id\":\"https:\\\/\\\/lightweb.dev\\\/l\\\/svm-temp\\\/#organization\"},\"image\":{\"@id\":\"https:\\\/\\\/lightweb.dev\\\/l\\\/svm-temp\\\/nyheter\\\/ny-metod-for-cancerbehandling-utvecklad-i-spanien\\\/#primaryimage\"},\"thumbnailUrl\":\"https:\\\/\\\/lightweb.dev\\\/l\\\/svm-temp\\\/wp-content\\\/uploads\\\/2024\\\/07\\\/Photodynamic_therapy_red-scaled.jpg\",\"articleSection\":[\"Arkiv\",\"Nyheter\"],\"inLanguage\":\"sv-SE\"},{\"@type\":\"WebPage\",\"@id\":\"https:\\\/\\\/lightweb.dev\\\/l\\\/svm-temp\\\/nyheter\\\/ny-metod-for-cancerbehandling-utvecklad-i-spanien\\\/\",\"url\":\"https:\\\/\\\/lightweb.dev\\\/l\\\/svm-temp\\\/nyheter\\\/ny-metod-for-cancerbehandling-utvecklad-i-spanien\\\/\",\"name\":\"Ny metod f\u00f6r cancerbehandling utvecklad i Spanien - Svenska Magasinet\",\"isPartOf\":{\"@id\":\"https:\\\/\\\/lightweb.dev\\\/l\\\/svm-temp\\\/#website\"},\"primaryImageOfPage\":{\"@id\":\"https:\\\/\\\/lightweb.dev\\\/l\\\/svm-temp\\\/nyheter\\\/ny-metod-for-cancerbehandling-utvecklad-i-spanien\\\/#primaryimage\"},\"image\":{\"@id\":\"https:\\\/\\\/lightweb.dev\\\/l\\\/svm-temp\\\/nyheter\\\/ny-metod-for-cancerbehandling-utvecklad-i-spanien\\\/#primaryimage\"},\"thumbnailUrl\":\"https:\\\/\\\/lightweb.dev\\\/l\\\/svm-temp\\\/wp-content\\\/uploads\\\/2024\\\/07\\\/Photodynamic_therapy_red-scaled.jpg\",\"datePublished\":\"2024-07-25T14:34:00+00:00\",\"dateModified\":\"2024-07-25T17:53:06+00:00\",\"breadcrumb\":{\"@id\":\"https:\\\/\\\/lightweb.dev\\\/l\\\/svm-temp\\\/nyheter\\\/ny-metod-for-cancerbehandling-utvecklad-i-spanien\\\/#breadcrumb\"},\"inLanguage\":\"sv-SE\",\"potentialAction\":[{\"@type\":\"ReadAction\",\"target\":[\"https:\\\/\\\/lightweb.dev\\\/l\\\/svm-temp\\\/nyheter\\\/ny-metod-for-cancerbehandling-utvecklad-i-spanien\\\/\"]}]},{\"@type\":\"ImageObject\",\"inLanguage\":\"sv-SE\",\"@id\":\"https:\\\/\\\/lightweb.dev\\\/l\\\/svm-temp\\\/nyheter\\\/ny-metod-for-cancerbehandling-utvecklad-i-spanien\\\/#primaryimage\",\"url\":\"https:\\\/\\\/lightweb.dev\\\/l\\\/svm-temp\\\/wp-content\\\/uploads\\\/2024\\\/07\\\/Photodynamic_therapy_red-scaled.jpg\",\"contentUrl\":\"https:\\\/\\\/lightweb.dev\\\/l\\\/svm-temp\\\/wp-content\\\/uploads\\\/2024\\\/07\\\/Photodynamic_therapy_red-scaled.jpg\",\"width\":2560,\"height\":1707,\"caption\":\"PDT anv\u00e4nds mot en elakartad tum\u00f6r. (Bild:John Crawford, National Cancer Institute, National Institutes of Health https:\\\/\\\/commons.wikimedia.org\\\/w\\\/index.php?curid=24059596)\"},{\"@type\":\"BreadcrumbList\",\"@id\":\"https:\\\/\\\/lightweb.dev\\\/l\\\/svm-temp\\\/nyheter\\\/ny-metod-for-cancerbehandling-utvecklad-i-spanien\\\/#breadcrumb\",\"itemListElement\":[{\"@type\":\"ListItem\",\"position\":1,\"name\":\"Hem\",\"item\":\"https:\\\/\\\/lightweb.dev\\\/l\\\/svm-temp\\\/\"},{\"@type\":\"ListItem\",\"position\":2,\"name\":\"Ny metod f\u00f6r cancerbehandling utvecklad i Spanien\"}]},{\"@type\":\"WebSite\",\"@id\":\"https:\\\/\\\/lightweb.dev\\\/l\\\/svm-temp\\\/#website\",\"url\":\"https:\\\/\\\/lightweb.dev\\\/l\\\/svm-temp\\\/\",\"name\":\"Svenska Magasinet\",\"description\":\"Dina Spanska nyheter p&aring; Svenska\",\"publisher\":{\"@id\":\"https:\\\/\\\/lightweb.dev\\\/l\\\/svm-temp\\\/#organization\"},\"potentialAction\":[{\"@type\":\"SearchAction\",\"target\":{\"@type\":\"EntryPoint\",\"urlTemplate\":\"https:\\\/\\\/lightweb.dev\\\/l\\\/svm-temp\\\/?s={search_term_string}\"},\"query-input\":{\"@type\":\"PropertyValueSpecification\",\"valueRequired\":true,\"valueName\":\"search_term_string\"}}],\"inLanguage\":\"sv-SE\"},{\"@type\":\"Organization\",\"@id\":\"https:\\\/\\\/lightweb.dev\\\/l\\\/svm-temp\\\/#organization\",\"name\":\"Melkerson y Nott SL\",\"alternateName\":\"Svenska Magasinet\",\"url\":\"https:\\\/\\\/lightweb.dev\\\/l\\\/svm-temp\\\/\",\"logo\":{\"@type\":\"ImageObject\",\"inLanguage\":\"sv-SE\",\"@id\":\"https:\\\/\\\/lightweb.dev\\\/l\\\/svm-temp\\\/#\\\/schema\\\/logo\\\/image\\\/\",\"url\":\"https:\\\/\\\/lightweb.dev\\\/l\\\/svm-temp\\\/wp-content\\\/uploads\\\/2025\\\/02\\\/SvM-logo-Xtra-Centrerad-SVART.png\",\"contentUrl\":\"https:\\\/\\\/lightweb.dev\\\/l\\\/svm-temp\\\/wp-content\\\/uploads\\\/2025\\\/02\\\/SvM-logo-Xtra-Centrerad-SVART.png\",\"width\":300,\"height\":99,\"caption\":\"Melkerson y Nott SL\"},\"image\":{\"@id\":\"https:\\\/\\\/lightweb.dev\\\/l\\\/svm-temp\\\/#\\\/schema\\\/logo\\\/image\\\/\"},\"sameAs\":[\"https:\\\/\\\/www.facebook.com\\\/svenskamagasinet\",\"https:\\\/\\\/x.com\\\/SvenskaMagasine\"]},{\"@type\":\"Person\",\"@id\":\"https:\\\/\\\/lightweb.dev\\\/l\\\/svm-temp\\\/#\\\/schema\\\/person\\\/caffe038990d25722f5a04a03c906a2b\",\"name\":\"Robbie Eriksson\",\"sameAs\":[\"https:\\\/\\\/lightweb.dev\\\/l\\\/svm-temp\"],\"url\":\"https:\\\/\\\/lightweb.dev\\\/l\\\/svm-temp\\\/reporter\\\/robbie-eriksson\\\/\"}]}<\/script>\n<!-- \/ Yoast SEO Premium plugin. -->","yoast_head_json":{"title":"Ny metod f\u00f6r cancerbehandling utvecklad i Spanien - Svenska Magasinet","robots":{"index":"noindex","follow":"follow","max-snippet":"max-snippet:-1","max-image-preview":"max-image-preview:large","max-video-preview":"max-video-preview:-1"},"og_locale":"sv_SE","og_type":"article","og_title":"Ny metod f\u00f6r cancerbehandling utvecklad i Spanien","og_description":"En grupp forskare fr\u00e5n olika spanska och ett portugisiskt universitet har hittat ett nytt s\u00e4tt att anv\u00e4nda fotodynamisk terapi mot cancerceller.\u00a0","og_url":"https:\/\/lightweb.dev\/l\/svm-temp\/nyheter\/ny-metod-for-cancerbehandling-utvecklad-i-spanien\/","og_site_name":"Svenska Magasinet","article_publisher":"https:\/\/www.facebook.com\/svenskamagasinet","article_published_time":"2024-07-25T14:34:00+00:00","article_modified_time":"2024-07-25T17:53:06+00:00","og_image":[{"width":2560,"height":1707,"url":"https:\/\/lightweb.dev\/l\/svm-temp\/wp-content\/uploads\/2024\/07\/Photodynamic_therapy_red-scaled.jpg","type":"image\/jpeg"}],"author":"Robbie Eriksson","twitter_card":"summary_large_image","twitter_creator":"@SvenskaMagasine","twitter_site":"@SvenskaMagasine","schema":{"@context":"https:\/\/schema.org","@graph":[{"@type":"Article","@id":"https:\/\/lightweb.dev\/l\/svm-temp\/nyheter\/ny-metod-for-cancerbehandling-utvecklad-i-spanien\/#article","isPartOf":{"@id":"https:\/\/lightweb.dev\/l\/svm-temp\/nyheter\/ny-metod-for-cancerbehandling-utvecklad-i-spanien\/"},"author":{"name":"Robbie Eriksson","@id":"https:\/\/lightweb.dev\/l\/svm-temp\/#\/schema\/person\/caffe038990d25722f5a04a03c906a2b"},"headline":"Ny metod f\u00f6r cancerbehandling utvecklad i Spanien","datePublished":"2024-07-25T14:34:00+00:00","dateModified":"2024-07-25T17:53:06+00:00","mainEntityOfPage":{"@id":"https:\/\/lightweb.dev\/l\/svm-temp\/nyheter\/ny-metod-for-cancerbehandling-utvecklad-i-spanien\/"},"wordCount":311,"publisher":{"@id":"https:\/\/lightweb.dev\/l\/svm-temp\/#organization"},"image":{"@id":"https:\/\/lightweb.dev\/l\/svm-temp\/nyheter\/ny-metod-for-cancerbehandling-utvecklad-i-spanien\/#primaryimage"},"thumbnailUrl":"https:\/\/lightweb.dev\/l\/svm-temp\/wp-content\/uploads\/2024\/07\/Photodynamic_therapy_red-scaled.jpg","articleSection":["Arkiv","Nyheter"],"inLanguage":"sv-SE"},{"@type":"WebPage","@id":"https:\/\/lightweb.dev\/l\/svm-temp\/nyheter\/ny-metod-for-cancerbehandling-utvecklad-i-spanien\/","url":"https:\/\/lightweb.dev\/l\/svm-temp\/nyheter\/ny-metod-for-cancerbehandling-utvecklad-i-spanien\/","name":"Ny metod f\u00f6r cancerbehandling utvecklad i Spanien - Svenska Magasinet","isPartOf":{"@id":"https:\/\/lightweb.dev\/l\/svm-temp\/#website"},"primaryImageOfPage":{"@id":"https:\/\/lightweb.dev\/l\/svm-temp\/nyheter\/ny-metod-for-cancerbehandling-utvecklad-i-spanien\/#primaryimage"},"image":{"@id":"https:\/\/lightweb.dev\/l\/svm-temp\/nyheter\/ny-metod-for-cancerbehandling-utvecklad-i-spanien\/#primaryimage"},"thumbnailUrl":"https:\/\/lightweb.dev\/l\/svm-temp\/wp-content\/uploads\/2024\/07\/Photodynamic_therapy_red-scaled.jpg","datePublished":"2024-07-25T14:34:00+00:00","dateModified":"2024-07-25T17:53:06+00:00","breadcrumb":{"@id":"https:\/\/lightweb.dev\/l\/svm-temp\/nyheter\/ny-metod-for-cancerbehandling-utvecklad-i-spanien\/#breadcrumb"},"inLanguage":"sv-SE","potentialAction":[{"@type":"ReadAction","target":["https:\/\/lightweb.dev\/l\/svm-temp\/nyheter\/ny-metod-for-cancerbehandling-utvecklad-i-spanien\/"]}]},{"@type":"ImageObject","inLanguage":"sv-SE","@id":"https:\/\/lightweb.dev\/l\/svm-temp\/nyheter\/ny-metod-for-cancerbehandling-utvecklad-i-spanien\/#primaryimage","url":"https:\/\/lightweb.dev\/l\/svm-temp\/wp-content\/uploads\/2024\/07\/Photodynamic_therapy_red-scaled.jpg","contentUrl":"https:\/\/lightweb.dev\/l\/svm-temp\/wp-content\/uploads\/2024\/07\/Photodynamic_therapy_red-scaled.jpg","width":2560,"height":1707,"caption":"PDT anv\u00e4nds mot en elakartad tum\u00f6r. (Bild:John Crawford, National Cancer Institute, National Institutes of Health https:\/\/commons.wikimedia.org\/w\/index.php?curid=24059596)"},{"@type":"BreadcrumbList","@id":"https:\/\/lightweb.dev\/l\/svm-temp\/nyheter\/ny-metod-for-cancerbehandling-utvecklad-i-spanien\/#breadcrumb","itemListElement":[{"@type":"ListItem","position":1,"name":"Hem","item":"https:\/\/lightweb.dev\/l\/svm-temp\/"},{"@type":"ListItem","position":2,"name":"Ny metod f\u00f6r cancerbehandling utvecklad i Spanien"}]},{"@type":"WebSite","@id":"https:\/\/lightweb.dev\/l\/svm-temp\/#website","url":"https:\/\/lightweb.dev\/l\/svm-temp\/","name":"Svenska Magasinet","description":"Dina Spanska nyheter p&aring; Svenska","publisher":{"@id":"https:\/\/lightweb.dev\/l\/svm-temp\/#organization"},"potentialAction":[{"@type":"SearchAction","target":{"@type":"EntryPoint","urlTemplate":"https:\/\/lightweb.dev\/l\/svm-temp\/?s={search_term_string}"},"query-input":{"@type":"PropertyValueSpecification","valueRequired":true,"valueName":"search_term_string"}}],"inLanguage":"sv-SE"},{"@type":"Organization","@id":"https:\/\/lightweb.dev\/l\/svm-temp\/#organization","name":"Melkerson y Nott SL","alternateName":"Svenska Magasinet","url":"https:\/\/lightweb.dev\/l\/svm-temp\/","logo":{"@type":"ImageObject","inLanguage":"sv-SE","@id":"https:\/\/lightweb.dev\/l\/svm-temp\/#\/schema\/logo\/image\/","url":"https:\/\/lightweb.dev\/l\/svm-temp\/wp-content\/uploads\/2025\/02\/SvM-logo-Xtra-Centrerad-SVART.png","contentUrl":"https:\/\/lightweb.dev\/l\/svm-temp\/wp-content\/uploads\/2025\/02\/SvM-logo-Xtra-Centrerad-SVART.png","width":300,"height":99,"caption":"Melkerson y Nott SL"},"image":{"@id":"https:\/\/lightweb.dev\/l\/svm-temp\/#\/schema\/logo\/image\/"},"sameAs":["https:\/\/www.facebook.com\/svenskamagasinet","https:\/\/x.com\/SvenskaMagasine"]},{"@type":"Person","@id":"https:\/\/lightweb.dev\/l\/svm-temp\/#\/schema\/person\/caffe038990d25722f5a04a03c906a2b","name":"Robbie Eriksson","sameAs":["https:\/\/lightweb.dev\/l\/svm-temp"],"url":"https:\/\/lightweb.dev\/l\/svm-temp\/reporter\/robbie-eriksson\/"}]}},"_links":{"self":[{"href":"https:\/\/lightweb.dev\/l\/svm-temp\/wp-json\/wp\/v2\/posts\/73501","targetHints":{"allow":["GET"]}}],"collection":[{"href":"https:\/\/lightweb.dev\/l\/svm-temp\/wp-json\/wp\/v2\/posts"}],"about":[{"href":"https:\/\/lightweb.dev\/l\/svm-temp\/wp-json\/wp\/v2\/types\/post"}],"author":[{"embeddable":true,"href":"https:\/\/lightweb.dev\/l\/svm-temp\/wp-json\/wp\/v2\/users\/14"}],"replies":[{"embeddable":true,"href":"https:\/\/lightweb.dev\/l\/svm-temp\/wp-json\/wp\/v2\/comments?post=73501"}],"version-history":[{"count":0,"href":"https:\/\/lightweb.dev\/l\/svm-temp\/wp-json\/wp\/v2\/posts\/73501\/revisions"}],"wp:featuredmedia":[{"embeddable":true,"href":"https:\/\/lightweb.dev\/l\/svm-temp\/wp-json\/wp\/v2\/media\/73503"}],"wp:attachment":[{"href":"https:\/\/lightweb.dev\/l\/svm-temp\/wp-json\/wp\/v2\/media?parent=73501"}],"wp:term":[{"taxonomy":"category","embeddable":true,"href":"https:\/\/lightweb.dev\/l\/svm-temp\/wp-json\/wp\/v2\/categories?post=73501"},{"taxonomy":"post_tag","embeddable":true,"href":"https:\/\/lightweb.dev\/l\/svm-temp\/wp-json\/wp\/v2\/tags?post=73501"}],"curies":[{"name":"wp","href":"https:\/\/api.w.org\/{rel}","templated":true}]}}