{"id":73507,"date":"2024-07-26T14:44:03","date_gmt":"2024-07-26T12:44:03","guid":{"rendered":"https:\/\/lightweb.dev\/l\/svm-temp\/?p=73507"},"modified":"2024-07-26T14:44:03","modified_gmt":"2024-07-26T12:44:03","slug":"katalonien-narmar-sig-en-ny-regering","status":"publish","type":"post","link":"https:\/\/lightweb.dev\/l\/svm-temp\/nyheter\/katalonien-narmar-sig-en-ny-regering\/","title":{"rendered":"Katalonien n\u00e4rmar sig en ny regering"},"content":{"rendered":"<p><strong>I veckan h\u00f6lls ett m\u00f6te mellan Pedro S\u00e1nchez och Kataloniens st\u00e4llf\u00f6retr\u00e4dande president Pere Aragon\u00e8s.<\/strong><\/p>\n<p><strong>De n\u00e4rmar sig nu en \u00f6verenskommelse som skulle ge regionen ett v\u00e4nsterstyre och hindra Carles Puigdemonts parti Junts fr\u00e5n makten.\u00a0<\/strong><\/p>\n<p><span style=\"font-weight: 400;\">Ett m\u00f6te mellan Spaniens premi\u00e4rminister Pedro <\/span><span style=\"font-weight: 400;\">S\u00e1nchez<\/span><span style=\"font-weight: 400;\"> och Kataloniens st\u00e4llf\u00f6retr\u00e4dande president <\/span><span style=\"font-weight: 400;\">Pere Aragon\u00e8s kan ha varit ett stort steg mot att bilda en ny regering i regionen. F\u00f6rhandlingarna har p\u00e5g\u00e5tt sedan regionvalet i maj d\u00e4r inget parti blev stort nog f\u00f6r att styra utan st\u00f6d fr\u00e5n andra.\u00a0<\/span><\/p>\n<p><span style=\"font-weight: 400;\">PSC, den katalanska grenen av S\u00e1nchez parti PSOE, fick flest r\u00f6ster och hoppas p\u00e5 st\u00f6d fr\u00e5n Aragon\u00e8s v\u00e4nsterrepublikanska parti ERC. Det skulle i s\u00e5 fall inneb\u00e4ra att Salvador Illa blir regionens n\u00e4sta president.\u00a0<\/span><\/p>\n<p><span style=\"font-weight: 400;\">I geng\u00e4ld f\u00f6r st\u00f6det vill ERC att premi\u00e4rministern uppfyller sina \u00e5taganden fr\u00e5n n\u00e4r han s\u00f6kte det katalanska partiets st\u00f6d f\u00f6r att bilda regering.\u00a0<\/span><\/p>\n<p><span style=\"font-weight: 400;\">Nyligen har regeringen g\u00e5tt med p\u00e5 att \u00f6verf\u00f6ra 1,5 miljarder euro till Katalonien som ska investeras i bland annat j\u00e4rnv\u00e4gen och forskningsprojekt. Dessutom har man godk\u00e4nt att regionen ska f\u00e5 kontroll \u00f6ver delar av socialf\u00f6rs\u00e4kringssystemet. ERC kommer att l\u00e5ta sina medlemmar r\u00f6sta ifall detta \u00e4r nog f\u00f6r att ge PSC sitt st\u00f6d.\u00a0<\/span><\/p>\n<p><span style=\"font-weight: 400;\">Om de tv\u00e5 v\u00e4nsterpartierna kan komma \u00f6verens skulle det hindra Carles Puigdemont fr\u00e5n att bli president. Han lever fortfarande i exil sedan den olagliga sj\u00e4lvst\u00e4ndighetsomr\u00f6stningen 2017 men hans parti Junts fick n\u00e4st flest r\u00f6ster i det senaste valet.\u00a0<\/span><\/p>\n<h2><span style=\"font-weight: 400;\">Amnestilagen<\/span><\/h2>\n<p><span style=\"font-weight: 400;\">F\u00f6rhandlingarna p\u00e5g\u00e5r samtidigt som regeringens amnestilag, som skulle gynna dem som var inblandade i omr\u00f6stningen, st\u00f6ter p\u00e5 fler problem.\u00a0<\/span><\/p>\n<p><span style=\"font-weight: 400;\">Domstolarna har redan slagit fast att lagen inte kan g\u00e4lla f\u00f6r ledarna som var inblandade i omr\u00f6stningen, Puigdemont och Oriol Junqueras. Fallet har nu g\u00e5tt vidare till den konstitutionella domstolen f\u00f6r att se om amnestin bryter mot Spaniens grundlag. \u00a0 <\/span><\/p>\n","protected":false},"excerpt":{"rendered":"<p>I veckan h\u00f6lls ett m\u00f6te mellan Pedro S\u00e1nchez och Kataloniens st\u00e4llf\u00f6retr\u00e4dande president Pere Aragon\u00e8s. De n\u00e4rmar sig nu en \u00f6verenskommelse som skulle ge regionen ett v\u00e4nsterstyre och hindra Carles Puigdemonts parti Junts fr\u00e5n makten.\u00a0<\/p>\n","protected":false},"author":14,"featured_media":66580,"comment_status":"closed","ping_status":"closed","sticky":false,"template":"","format":"standard","meta":{"_et_pb_use_builder":"","_et_pb_old_content":"","_et_gb_content_width":"","footnotes":""},"categories":[395,3],"tags":[],"class_list":["post-73507","post","type-post","status-publish","format-standard","has-post-thumbnail","hentry","category-arkiv-nyheter","category-nyheter"],"yoast_head":"<!-- This site is optimized with the Yoast SEO Premium plugin v26.2 (Yoast SEO v27.5) - https:\/\/yoast.com\/product\/yoast-seo-premium-wordpress\/ -->\n<title>Katalonien n\u00e4rmar sig en ny regering - Svenska Magasinet<\/title>\n<meta name=\"robots\" content=\"noindex, follow, max-snippet:-1, max-image-preview:large, max-video-preview:-1\" \/>\n<meta property=\"og:locale\" content=\"sv_SE\" \/>\n<meta property=\"og:type\" content=\"article\" \/>\n<meta property=\"og:title\" content=\"Katalonien n\u00e4rmar sig en ny regering\" \/>\n<meta property=\"og:description\" content=\"I veckan h\u00f6lls ett m\u00f6te mellan Pedro S\u00e1nchez och Kataloniens st\u00e4llf\u00f6retr\u00e4dande president Pere Aragon\u00e8s. De n\u00e4rmar sig nu en \u00f6verenskommelse som skulle ge regionen ett v\u00e4nsterstyre och hindra Carles Puigdemonts parti Junts fr\u00e5n makten.\u00a0\" \/>\n<meta property=\"og:url\" content=\"https:\/\/lightweb.dev\/l\/svm-temp\/nyheter\/katalonien-narmar-sig-en-ny-regering\/\" \/>\n<meta property=\"og:site_name\" content=\"Svenska Magasinet\" \/>\n<meta property=\"article:publisher\" content=\"https:\/\/www.facebook.com\/svenskamagasinet\" \/>\n<meta property=\"article:published_time\" content=\"2024-07-26T12:44:03+00:00\" \/>\n<meta property=\"og:image\" content=\"https:\/\/lightweb.dev\/l\/svm-temp\/wp-content\/uploads\/2023\/09\/DSC_6017-stor.jpeg\" \/>\n\t<meta property=\"og:image:width\" content=\"1280\" \/>\n\t<meta property=\"og:image:height\" content=\"857\" \/>\n\t<meta property=\"og:image:type\" content=\"image\/jpeg\" \/>\n<meta name=\"author\" content=\"Robbie Eriksson\" \/>\n<meta name=\"twitter:card\" content=\"summary_large_image\" \/>\n<meta name=\"twitter:creator\" content=\"@SvenskaMagasine\" \/>\n<meta name=\"twitter:site\" content=\"@SvenskaMagasine\" \/>\n<script type=\"application\/ld+json\" class=\"yoast-schema-graph\">{\"@context\":\"https:\\\/\\\/schema.org\",\"@graph\":[{\"@type\":\"Article\",\"@id\":\"https:\\\/\\\/lightweb.dev\\\/l\\\/svm-temp\\\/nyheter\\\/katalonien-narmar-sig-en-ny-regering\\\/#article\",\"isPartOf\":{\"@id\":\"https:\\\/\\\/lightweb.dev\\\/l\\\/svm-temp\\\/nyheter\\\/katalonien-narmar-sig-en-ny-regering\\\/\"},\"author\":{\"name\":\"Robbie Eriksson\",\"@id\":\"https:\\\/\\\/lightweb.dev\\\/l\\\/svm-temp\\\/#\\\/schema\\\/person\\\/caffe038990d25722f5a04a03c906a2b\"},\"headline\":\"Katalonien n\u00e4rmar sig en ny regering\",\"datePublished\":\"2024-07-26T12:44:03+00:00\",\"mainEntityOfPage\":{\"@id\":\"https:\\\/\\\/lightweb.dev\\\/l\\\/svm-temp\\\/nyheter\\\/katalonien-narmar-sig-en-ny-regering\\\/\"},\"wordCount\":360,\"publisher\":{\"@id\":\"https:\\\/\\\/lightweb.dev\\\/l\\\/svm-temp\\\/#organization\"},\"image\":{\"@id\":\"https:\\\/\\\/lightweb.dev\\\/l\\\/svm-temp\\\/nyheter\\\/katalonien-narmar-sig-en-ny-regering\\\/#primaryimage\"},\"thumbnailUrl\":\"https:\\\/\\\/lightweb.dev\\\/l\\\/svm-temp\\\/wp-content\\\/uploads\\\/2023\\\/09\\\/DSC_6017-stor.jpeg\",\"articleSection\":[\"Arkiv\",\"Nyheter\"],\"inLanguage\":\"sv-SE\"},{\"@type\":\"WebPage\",\"@id\":\"https:\\\/\\\/lightweb.dev\\\/l\\\/svm-temp\\\/nyheter\\\/katalonien-narmar-sig-en-ny-regering\\\/\",\"url\":\"https:\\\/\\\/lightweb.dev\\\/l\\\/svm-temp\\\/nyheter\\\/katalonien-narmar-sig-en-ny-regering\\\/\",\"name\":\"Katalonien n\u00e4rmar sig en ny regering - Svenska Magasinet\",\"isPartOf\":{\"@id\":\"https:\\\/\\\/lightweb.dev\\\/l\\\/svm-temp\\\/#website\"},\"primaryImageOfPage\":{\"@id\":\"https:\\\/\\\/lightweb.dev\\\/l\\\/svm-temp\\\/nyheter\\\/katalonien-narmar-sig-en-ny-regering\\\/#primaryimage\"},\"image\":{\"@id\":\"https:\\\/\\\/lightweb.dev\\\/l\\\/svm-temp\\\/nyheter\\\/katalonien-narmar-sig-en-ny-regering\\\/#primaryimage\"},\"thumbnailUrl\":\"https:\\\/\\\/lightweb.dev\\\/l\\\/svm-temp\\\/wp-content\\\/uploads\\\/2023\\\/09\\\/DSC_6017-stor.jpeg\",\"datePublished\":\"2024-07-26T12:44:03+00:00\",\"breadcrumb\":{\"@id\":\"https:\\\/\\\/lightweb.dev\\\/l\\\/svm-temp\\\/nyheter\\\/katalonien-narmar-sig-en-ny-regering\\\/#breadcrumb\"},\"inLanguage\":\"sv-SE\",\"potentialAction\":[{\"@type\":\"ReadAction\",\"target\":[\"https:\\\/\\\/lightweb.dev\\\/l\\\/svm-temp\\\/nyheter\\\/katalonien-narmar-sig-en-ny-regering\\\/\"]}]},{\"@type\":\"ImageObject\",\"inLanguage\":\"sv-SE\",\"@id\":\"https:\\\/\\\/lightweb.dev\\\/l\\\/svm-temp\\\/nyheter\\\/katalonien-narmar-sig-en-ny-regering\\\/#primaryimage\",\"url\":\"https:\\\/\\\/lightweb.dev\\\/l\\\/svm-temp\\\/wp-content\\\/uploads\\\/2023\\\/09\\\/DSC_6017-stor.jpeg\",\"contentUrl\":\"https:\\\/\\\/lightweb.dev\\\/l\\\/svm-temp\\\/wp-content\\\/uploads\\\/2023\\\/09\\\/DSC_6017-stor.jpeg\",\"width\":1280,\"height\":857},{\"@type\":\"BreadcrumbList\",\"@id\":\"https:\\\/\\\/lightweb.dev\\\/l\\\/svm-temp\\\/nyheter\\\/katalonien-narmar-sig-en-ny-regering\\\/#breadcrumb\",\"itemListElement\":[{\"@type\":\"ListItem\",\"position\":1,\"name\":\"Hem\",\"item\":\"https:\\\/\\\/lightweb.dev\\\/l\\\/svm-temp\\\/\"},{\"@type\":\"ListItem\",\"position\":2,\"name\":\"Katalonien n\u00e4rmar sig en ny regering\"}]},{\"@type\":\"WebSite\",\"@id\":\"https:\\\/\\\/lightweb.dev\\\/l\\\/svm-temp\\\/#website\",\"url\":\"https:\\\/\\\/lightweb.dev\\\/l\\\/svm-temp\\\/\",\"name\":\"Svenska Magasinet\",\"description\":\"Dina Spanska nyheter p&aring; Svenska\",\"publisher\":{\"@id\":\"https:\\\/\\\/lightweb.dev\\\/l\\\/svm-temp\\\/#organization\"},\"potentialAction\":[{\"@type\":\"SearchAction\",\"target\":{\"@type\":\"EntryPoint\",\"urlTemplate\":\"https:\\\/\\\/lightweb.dev\\\/l\\\/svm-temp\\\/?s={search_term_string}\"},\"query-input\":{\"@type\":\"PropertyValueSpecification\",\"valueRequired\":true,\"valueName\":\"search_term_string\"}}],\"inLanguage\":\"sv-SE\"},{\"@type\":\"Organization\",\"@id\":\"https:\\\/\\\/lightweb.dev\\\/l\\\/svm-temp\\\/#organization\",\"name\":\"Melkerson y Nott SL\",\"alternateName\":\"Svenska Magasinet\",\"url\":\"https:\\\/\\\/lightweb.dev\\\/l\\\/svm-temp\\\/\",\"logo\":{\"@type\":\"ImageObject\",\"inLanguage\":\"sv-SE\",\"@id\":\"https:\\\/\\\/lightweb.dev\\\/l\\\/svm-temp\\\/#\\\/schema\\\/logo\\\/image\\\/\",\"url\":\"https:\\\/\\\/lightweb.dev\\\/l\\\/svm-temp\\\/wp-content\\\/uploads\\\/2025\\\/02\\\/SvM-logo-Xtra-Centrerad-SVART.png\",\"contentUrl\":\"https:\\\/\\\/lightweb.dev\\\/l\\\/svm-temp\\\/wp-content\\\/uploads\\\/2025\\\/02\\\/SvM-logo-Xtra-Centrerad-SVART.png\",\"width\":300,\"height\":99,\"caption\":\"Melkerson y Nott SL\"},\"image\":{\"@id\":\"https:\\\/\\\/lightweb.dev\\\/l\\\/svm-temp\\\/#\\\/schema\\\/logo\\\/image\\\/\"},\"sameAs\":[\"https:\\\/\\\/www.facebook.com\\\/svenskamagasinet\",\"https:\\\/\\\/x.com\\\/SvenskaMagasine\"]},{\"@type\":\"Person\",\"@id\":\"https:\\\/\\\/lightweb.dev\\\/l\\\/svm-temp\\\/#\\\/schema\\\/person\\\/caffe038990d25722f5a04a03c906a2b\",\"name\":\"Robbie Eriksson\",\"sameAs\":[\"https:\\\/\\\/lightweb.dev\\\/l\\\/svm-temp\"],\"url\":\"https:\\\/\\\/lightweb.dev\\\/l\\\/svm-temp\\\/reporter\\\/robbie-eriksson\\\/\"}]}<\/script>\n<!-- \/ Yoast SEO Premium plugin. -->","yoast_head_json":{"title":"Katalonien n\u00e4rmar sig en ny regering - Svenska Magasinet","robots":{"index":"noindex","follow":"follow","max-snippet":"max-snippet:-1","max-image-preview":"max-image-preview:large","max-video-preview":"max-video-preview:-1"},"og_locale":"sv_SE","og_type":"article","og_title":"Katalonien n\u00e4rmar sig en ny regering","og_description":"I veckan h\u00f6lls ett m\u00f6te mellan Pedro S\u00e1nchez och Kataloniens st\u00e4llf\u00f6retr\u00e4dande president Pere Aragon\u00e8s. De n\u00e4rmar sig nu en \u00f6verenskommelse som skulle ge regionen ett v\u00e4nsterstyre och hindra Carles Puigdemonts parti Junts fr\u00e5n makten.\u00a0","og_url":"https:\/\/lightweb.dev\/l\/svm-temp\/nyheter\/katalonien-narmar-sig-en-ny-regering\/","og_site_name":"Svenska Magasinet","article_publisher":"https:\/\/www.facebook.com\/svenskamagasinet","article_published_time":"2024-07-26T12:44:03+00:00","og_image":[{"width":1280,"height":857,"url":"https:\/\/lightweb.dev\/l\/svm-temp\/wp-content\/uploads\/2023\/09\/DSC_6017-stor.jpeg","type":"image\/jpeg"}],"author":"Robbie Eriksson","twitter_card":"summary_large_image","twitter_creator":"@SvenskaMagasine","twitter_site":"@SvenskaMagasine","schema":{"@context":"https:\/\/schema.org","@graph":[{"@type":"Article","@id":"https:\/\/lightweb.dev\/l\/svm-temp\/nyheter\/katalonien-narmar-sig-en-ny-regering\/#article","isPartOf":{"@id":"https:\/\/lightweb.dev\/l\/svm-temp\/nyheter\/katalonien-narmar-sig-en-ny-regering\/"},"author":{"name":"Robbie Eriksson","@id":"https:\/\/lightweb.dev\/l\/svm-temp\/#\/schema\/person\/caffe038990d25722f5a04a03c906a2b"},"headline":"Katalonien n\u00e4rmar sig en ny regering","datePublished":"2024-07-26T12:44:03+00:00","mainEntityOfPage":{"@id":"https:\/\/lightweb.dev\/l\/svm-temp\/nyheter\/katalonien-narmar-sig-en-ny-regering\/"},"wordCount":360,"publisher":{"@id":"https:\/\/lightweb.dev\/l\/svm-temp\/#organization"},"image":{"@id":"https:\/\/lightweb.dev\/l\/svm-temp\/nyheter\/katalonien-narmar-sig-en-ny-regering\/#primaryimage"},"thumbnailUrl":"https:\/\/lightweb.dev\/l\/svm-temp\/wp-content\/uploads\/2023\/09\/DSC_6017-stor.jpeg","articleSection":["Arkiv","Nyheter"],"inLanguage":"sv-SE"},{"@type":"WebPage","@id":"https:\/\/lightweb.dev\/l\/svm-temp\/nyheter\/katalonien-narmar-sig-en-ny-regering\/","url":"https:\/\/lightweb.dev\/l\/svm-temp\/nyheter\/katalonien-narmar-sig-en-ny-regering\/","name":"Katalonien n\u00e4rmar sig en ny regering - Svenska Magasinet","isPartOf":{"@id":"https:\/\/lightweb.dev\/l\/svm-temp\/#website"},"primaryImageOfPage":{"@id":"https:\/\/lightweb.dev\/l\/svm-temp\/nyheter\/katalonien-narmar-sig-en-ny-regering\/#primaryimage"},"image":{"@id":"https:\/\/lightweb.dev\/l\/svm-temp\/nyheter\/katalonien-narmar-sig-en-ny-regering\/#primaryimage"},"thumbnailUrl":"https:\/\/lightweb.dev\/l\/svm-temp\/wp-content\/uploads\/2023\/09\/DSC_6017-stor.jpeg","datePublished":"2024-07-26T12:44:03+00:00","breadcrumb":{"@id":"https:\/\/lightweb.dev\/l\/svm-temp\/nyheter\/katalonien-narmar-sig-en-ny-regering\/#breadcrumb"},"inLanguage":"sv-SE","potentialAction":[{"@type":"ReadAction","target":["https:\/\/lightweb.dev\/l\/svm-temp\/nyheter\/katalonien-narmar-sig-en-ny-regering\/"]}]},{"@type":"ImageObject","inLanguage":"sv-SE","@id":"https:\/\/lightweb.dev\/l\/svm-temp\/nyheter\/katalonien-narmar-sig-en-ny-regering\/#primaryimage","url":"https:\/\/lightweb.dev\/l\/svm-temp\/wp-content\/uploads\/2023\/09\/DSC_6017-stor.jpeg","contentUrl":"https:\/\/lightweb.dev\/l\/svm-temp\/wp-content\/uploads\/2023\/09\/DSC_6017-stor.jpeg","width":1280,"height":857},{"@type":"BreadcrumbList","@id":"https:\/\/lightweb.dev\/l\/svm-temp\/nyheter\/katalonien-narmar-sig-en-ny-regering\/#breadcrumb","itemListElement":[{"@type":"ListItem","position":1,"name":"Hem","item":"https:\/\/lightweb.dev\/l\/svm-temp\/"},{"@type":"ListItem","position":2,"name":"Katalonien n\u00e4rmar sig en ny regering"}]},{"@type":"WebSite","@id":"https:\/\/lightweb.dev\/l\/svm-temp\/#website","url":"https:\/\/lightweb.dev\/l\/svm-temp\/","name":"Svenska Magasinet","description":"Dina Spanska nyheter p&aring; Svenska","publisher":{"@id":"https:\/\/lightweb.dev\/l\/svm-temp\/#organization"},"potentialAction":[{"@type":"SearchAction","target":{"@type":"EntryPoint","urlTemplate":"https:\/\/lightweb.dev\/l\/svm-temp\/?s={search_term_string}"},"query-input":{"@type":"PropertyValueSpecification","valueRequired":true,"valueName":"search_term_string"}}],"inLanguage":"sv-SE"},{"@type":"Organization","@id":"https:\/\/lightweb.dev\/l\/svm-temp\/#organization","name":"Melkerson y Nott SL","alternateName":"Svenska Magasinet","url":"https:\/\/lightweb.dev\/l\/svm-temp\/","logo":{"@type":"ImageObject","inLanguage":"sv-SE","@id":"https:\/\/lightweb.dev\/l\/svm-temp\/#\/schema\/logo\/image\/","url":"https:\/\/lightweb.dev\/l\/svm-temp\/wp-content\/uploads\/2025\/02\/SvM-logo-Xtra-Centrerad-SVART.png","contentUrl":"https:\/\/lightweb.dev\/l\/svm-temp\/wp-content\/uploads\/2025\/02\/SvM-logo-Xtra-Centrerad-SVART.png","width":300,"height":99,"caption":"Melkerson y Nott SL"},"image":{"@id":"https:\/\/lightweb.dev\/l\/svm-temp\/#\/schema\/logo\/image\/"},"sameAs":["https:\/\/www.facebook.com\/svenskamagasinet","https:\/\/x.com\/SvenskaMagasine"]},{"@type":"Person","@id":"https:\/\/lightweb.dev\/l\/svm-temp\/#\/schema\/person\/caffe038990d25722f5a04a03c906a2b","name":"Robbie Eriksson","sameAs":["https:\/\/lightweb.dev\/l\/svm-temp"],"url":"https:\/\/lightweb.dev\/l\/svm-temp\/reporter\/robbie-eriksson\/"}]}},"_links":{"self":[{"href":"https:\/\/lightweb.dev\/l\/svm-temp\/wp-json\/wp\/v2\/posts\/73507","targetHints":{"allow":["GET"]}}],"collection":[{"href":"https:\/\/lightweb.dev\/l\/svm-temp\/wp-json\/wp\/v2\/posts"}],"about":[{"href":"https:\/\/lightweb.dev\/l\/svm-temp\/wp-json\/wp\/v2\/types\/post"}],"author":[{"embeddable":true,"href":"https:\/\/lightweb.dev\/l\/svm-temp\/wp-json\/wp\/v2\/users\/14"}],"replies":[{"embeddable":true,"href":"https:\/\/lightweb.dev\/l\/svm-temp\/wp-json\/wp\/v2\/comments?post=73507"}],"version-history":[{"count":0,"href":"https:\/\/lightweb.dev\/l\/svm-temp\/wp-json\/wp\/v2\/posts\/73507\/revisions"}],"wp:featuredmedia":[{"embeddable":true,"href":"https:\/\/lightweb.dev\/l\/svm-temp\/wp-json\/wp\/v2\/media\/66580"}],"wp:attachment":[{"href":"https:\/\/lightweb.dev\/l\/svm-temp\/wp-json\/wp\/v2\/media?parent=73507"}],"wp:term":[{"taxonomy":"category","embeddable":true,"href":"https:\/\/lightweb.dev\/l\/svm-temp\/wp-json\/wp\/v2\/categories?post=73507"},{"taxonomy":"post_tag","embeddable":true,"href":"https:\/\/lightweb.dev\/l\/svm-temp\/wp-json\/wp\/v2\/tags?post=73507"}],"curies":[{"name":"wp","href":"https:\/\/api.w.org\/{rel}","templated":true}]}}