{"id":73541,"date":"2024-07-30T16:01:05","date_gmt":"2024-07-30T14:01:05","guid":{"rendered":"https:\/\/lightweb.dev\/l\/svm-temp\/?p=73541"},"modified":"2024-07-30T16:01:05","modified_gmt":"2024-07-30T14:01:05","slug":"malagas-tunnelbana-fyller-10-ar","status":"publish","type":"post","link":"https:\/\/lightweb.dev\/l\/svm-temp\/nyheter\/malagas-tunnelbana-fyller-10-ar\/","title":{"rendered":"M\u00e1lagas tunnelbana fyller 10 \u00e5r"},"content":{"rendered":"<p><strong>Sedan invigningen har antalet anv\u00e4ndare \u00f6kat stadigt och ytterligare arbete planeras f\u00f6r att fortsatt f\u00f6rb\u00e4ttra tj\u00e4nsten.\u00a0<\/strong><\/p>\n<p><span style=\"font-weight: 400;\">F\u00f6r tio \u00e5r sedan b\u00f6rjade M\u00e1lagas tunnelbana betj\u00e4na stadens inv\u00e5nare. Den tidigare regionpresidenten, fr\u00e5n PSOE, <\/span><span style=\"font-weight: 400;\">Susana D\u00edaz klippte bandet tillsammans med en representant fr\u00e5n v\u00e4nsterorganisationen IU.\u00a0<\/span><\/p>\n<p><span style=\"font-weight: 400;\">N\u00e4r den b\u00f6rjade var stadens tunnelbana betydligt mer begr\u00e4nsad \u00e4n idag men inv\u00e5narna s\u00e5g snabbt f\u00f6rdelarna med tj\u00e4nsten och den blev snabbt mycket omtyckt. Boende i Carretera de C\u00e1diz, Cruz del Humilladero och Teatinos kunde nu ta sig till centrum betydligt snabbare \u00e4n vad som varit m\u00f6jligt tidigare.\u00a0<\/span><\/p>\n<p><span style=\"font-weight: 400;\">Sedan dess har det politiska landskapet i Andalusien f\u00f6r\u00e4ndrats. N\u00e4r PP tog makten ville de satsa p\u00e5 att ut\u00f6ka tunnelbanan men de st\u00f6tte p\u00e5 problem. Projektet fick l\u00e4ggas p\u00e5 is p\u00e5 grund av betydande arkeologiska fynd som uppt\u00e4cktes n\u00e4r man gr\u00e4vde under stadens mark. Det var inte f\u00f6rr\u00e4n i mars 2023 som den nuvarande regionpresidenten, Juanma Moreno, kunde inviga de nya stationerna Guadalmedina (bredvid El Corte Ingl\u00e9s) och Atarazanas (vid Casa del Guardia).<\/span><\/p>\n<p><span style=\"font-weight: 400;\">Detta var ett viktigt steg f\u00f6r tunnelbanan som sedan stationerna \u00f6ppnade har dubblerat antalet anv\u00e4ndare m\u00e5nad f\u00f6r m\u00e5nad. Utvecklingen har h\u00e5llit i sig och antalet resen\u00e4rer som nyttjar tunnelbanan i M\u00e1laga \u00f6kar i betydligt h\u00f6gre takt \u00e4n i resten av landet.\u00a0<\/span><\/p>\n<p><span style=\"font-weight: 400;\">Sedan tunnelbanan b\u00f6rjade g\u00e5 har 70 miljoner m\u00e4nniskor \u00e5kt med den vid n\u00e5got tillf\u00e4lle. Nio miljoner av de resorna har gjorts under f\u00f6rsta halvan av detta \u00e5r.\u00a0<\/span><\/p>\n<p><span style=\"font-weight: 400;\">Sedan PP tog \u00f6ver har man beslutat att n\u00e4tverket ska g\u00e5 helt under jorden. Tidigare i \u00e5r b\u00f6rjade arbetet med detta p\u00e5 den f\u00f6rsta sektionen som \u00e4r vid El Corte Ingl\u00e9s och p\u00e5 Calle Hilera. F\u00f6r n\u00e5gra dagar sedan lades arbetet med den andra ut till anbud. Det kommer att g\u00f6ras p\u00e5 Santa Elena och Eugenio Gross. En tredje sektion planeras dessutom l\u00e4ngs Blas de Lezo fram till h\u00f6rnet mot Arroyo de los \u00c1ngeles.<\/span><\/p>\n<p><span style=\"font-weight: 400;\">Arbetet skulle bli klart under 2027 men i dagsl\u00e4get ser detta inte ut att vara m\u00f6jligt. De tre projekten kommer dock att l\u00f6pa, i stort sett, parallellt och regionregeringen hoppas och tror att det inte blir alltf\u00f6r f\u00f6rsenat.\u00a0<\/span><\/p>\n<h2><span style=\"font-weight: 400;\">N\u00e4sta station?<\/span><\/h2>\n<p><span style=\"font-weight: 400;\">Tunnelbanan kommer att forts\u00e4tta v\u00e4xa men det dr\u00f6jer omkring tv\u00e5 \u00e5r innan vi vet var n\u00e4sta station ska byggas. Det finns tre alternativ i dagsl\u00e4get. Fr\u00e5n centrum och mot Ciudad Jard\u00edn, mellan Andalucia Tech och Los Asperones eller fr\u00e5n centrum och \u00f6sterut till El Palo och Rinc\u00f3n de la Victoria.<\/span><\/p>\n<p><span style=\"font-weight: 400;\">Innan ett beslut kan fattas m\u00e5ste man utv\u00e4rdera behovet av de olika stationerna i f\u00f6rh\u00e5llande till kostnaden f\u00f6r projektet.\u00a0<\/span><\/p>\n","protected":false},"excerpt":{"rendered":"<p>Sedan invigningen har antalet anv\u00e4ndare \u00f6kat stadigt och ytterligare arbete planeras f\u00f6r att fortsatt f\u00f6rb\u00e4ttra tj\u00e4nsten.\u00a0<\/p>\n","protected":false},"author":14,"featured_media":70456,"comment_status":"closed","ping_status":"closed","sticky":false,"template":"","format":"standard","meta":{"_et_pb_use_builder":"","_et_pb_old_content":"","_et_gb_content_width":"","footnotes":""},"categories":[395,3],"tags":[],"class_list":["post-73541","post","type-post","status-publish","format-standard","has-post-thumbnail","hentry","category-arkiv-nyheter","category-nyheter"],"yoast_head":"<!-- This site is optimized with the Yoast SEO Premium plugin v26.2 (Yoast SEO v27.4) - https:\/\/yoast.com\/product\/yoast-seo-premium-wordpress\/ -->\n<title>M\u00e1lagas tunnelbana fyller 10 \u00e5r - Svenska Magasinet<\/title>\n<meta name=\"robots\" content=\"noindex, follow, max-snippet:-1, max-image-preview:large, max-video-preview:-1\" \/>\n<meta property=\"og:locale\" content=\"sv_SE\" \/>\n<meta property=\"og:type\" content=\"article\" \/>\n<meta property=\"og:title\" content=\"M\u00e1lagas tunnelbana fyller 10 \u00e5r\" \/>\n<meta property=\"og:description\" content=\"Sedan invigningen har antalet anv\u00e4ndare \u00f6kat stadigt och ytterligare arbete planeras f\u00f6r att fortsatt f\u00f6rb\u00e4ttra tj\u00e4nsten.\u00a0\" \/>\n<meta property=\"og:url\" content=\"https:\/\/lightweb.dev\/l\/svm-temp\/nyheter\/malagas-tunnelbana-fyller-10-ar\/\" \/>\n<meta property=\"og:site_name\" content=\"Svenska Magasinet\" \/>\n<meta property=\"article:publisher\" content=\"https:\/\/www.facebook.com\/svenskamagasinet\" \/>\n<meta property=\"article:published_time\" content=\"2024-07-30T14:01:05+00:00\" \/>\n<meta property=\"og:image\" content=\"https:\/\/lightweb.dev\/l\/svm-temp\/wp-content\/uploads\/2024\/03\/TunnelbanaMLG-stor.jpeg\" \/>\n\t<meta property=\"og:image:width\" content=\"1280\" \/>\n\t<meta property=\"og:image:height\" content=\"960\" \/>\n\t<meta property=\"og:image:type\" content=\"image\/jpeg\" \/>\n<meta name=\"author\" content=\"Robbie Eriksson\" \/>\n<meta name=\"twitter:card\" content=\"summary_large_image\" \/>\n<meta name=\"twitter:creator\" content=\"@SvenskaMagasine\" \/>\n<meta name=\"twitter:site\" content=\"@SvenskaMagasine\" \/>\n<script type=\"application\/ld+json\" class=\"yoast-schema-graph\">{\"@context\":\"https:\\\/\\\/schema.org\",\"@graph\":[{\"@type\":\"Article\",\"@id\":\"https:\\\/\\\/lightweb.dev\\\/l\\\/svm-temp\\\/nyheter\\\/malagas-tunnelbana-fyller-10-ar\\\/#article\",\"isPartOf\":{\"@id\":\"https:\\\/\\\/lightweb.dev\\\/l\\\/svm-temp\\\/nyheter\\\/malagas-tunnelbana-fyller-10-ar\\\/\"},\"author\":{\"name\":\"Robbie Eriksson\",\"@id\":\"https:\\\/\\\/lightweb.dev\\\/l\\\/svm-temp\\\/#\\\/schema\\\/person\\\/caffe038990d25722f5a04a03c906a2b\"},\"headline\":\"M\u00e1lagas tunnelbana fyller 10 \u00e5r\",\"datePublished\":\"2024-07-30T14:01:05+00:00\",\"mainEntityOfPage\":{\"@id\":\"https:\\\/\\\/lightweb.dev\\\/l\\\/svm-temp\\\/nyheter\\\/malagas-tunnelbana-fyller-10-ar\\\/\"},\"wordCount\":494,\"publisher\":{\"@id\":\"https:\\\/\\\/lightweb.dev\\\/l\\\/svm-temp\\\/#organization\"},\"image\":{\"@id\":\"https:\\\/\\\/lightweb.dev\\\/l\\\/svm-temp\\\/nyheter\\\/malagas-tunnelbana-fyller-10-ar\\\/#primaryimage\"},\"thumbnailUrl\":\"https:\\\/\\\/lightweb.dev\\\/l\\\/svm-temp\\\/wp-content\\\/uploads\\\/2024\\\/03\\\/TunnelbanaMLG-stor.jpeg\",\"articleSection\":[\"Arkiv\",\"Nyheter\"],\"inLanguage\":\"sv-SE\"},{\"@type\":\"WebPage\",\"@id\":\"https:\\\/\\\/lightweb.dev\\\/l\\\/svm-temp\\\/nyheter\\\/malagas-tunnelbana-fyller-10-ar\\\/\",\"url\":\"https:\\\/\\\/lightweb.dev\\\/l\\\/svm-temp\\\/nyheter\\\/malagas-tunnelbana-fyller-10-ar\\\/\",\"name\":\"M\u00e1lagas tunnelbana fyller 10 \u00e5r - Svenska Magasinet\",\"isPartOf\":{\"@id\":\"https:\\\/\\\/lightweb.dev\\\/l\\\/svm-temp\\\/#website\"},\"primaryImageOfPage\":{\"@id\":\"https:\\\/\\\/lightweb.dev\\\/l\\\/svm-temp\\\/nyheter\\\/malagas-tunnelbana-fyller-10-ar\\\/#primaryimage\"},\"image\":{\"@id\":\"https:\\\/\\\/lightweb.dev\\\/l\\\/svm-temp\\\/nyheter\\\/malagas-tunnelbana-fyller-10-ar\\\/#primaryimage\"},\"thumbnailUrl\":\"https:\\\/\\\/lightweb.dev\\\/l\\\/svm-temp\\\/wp-content\\\/uploads\\\/2024\\\/03\\\/TunnelbanaMLG-stor.jpeg\",\"datePublished\":\"2024-07-30T14:01:05+00:00\",\"breadcrumb\":{\"@id\":\"https:\\\/\\\/lightweb.dev\\\/l\\\/svm-temp\\\/nyheter\\\/malagas-tunnelbana-fyller-10-ar\\\/#breadcrumb\"},\"inLanguage\":\"sv-SE\",\"potentialAction\":[{\"@type\":\"ReadAction\",\"target\":[\"https:\\\/\\\/lightweb.dev\\\/l\\\/svm-temp\\\/nyheter\\\/malagas-tunnelbana-fyller-10-ar\\\/\"]}]},{\"@type\":\"ImageObject\",\"inLanguage\":\"sv-SE\",\"@id\":\"https:\\\/\\\/lightweb.dev\\\/l\\\/svm-temp\\\/nyheter\\\/malagas-tunnelbana-fyller-10-ar\\\/#primaryimage\",\"url\":\"https:\\\/\\\/lightweb.dev\\\/l\\\/svm-temp\\\/wp-content\\\/uploads\\\/2024\\\/03\\\/TunnelbanaMLG-stor.jpeg\",\"contentUrl\":\"https:\\\/\\\/lightweb.dev\\\/l\\\/svm-temp\\\/wp-content\\\/uploads\\\/2024\\\/03\\\/TunnelbanaMLG-stor.jpeg\",\"width\":1280,\"height\":960},{\"@type\":\"BreadcrumbList\",\"@id\":\"https:\\\/\\\/lightweb.dev\\\/l\\\/svm-temp\\\/nyheter\\\/malagas-tunnelbana-fyller-10-ar\\\/#breadcrumb\",\"itemListElement\":[{\"@type\":\"ListItem\",\"position\":1,\"name\":\"Hem\",\"item\":\"https:\\\/\\\/lightweb.dev\\\/l\\\/svm-temp\\\/\"},{\"@type\":\"ListItem\",\"position\":2,\"name\":\"M\u00e1lagas tunnelbana fyller 10 \u00e5r\"}]},{\"@type\":\"WebSite\",\"@id\":\"https:\\\/\\\/lightweb.dev\\\/l\\\/svm-temp\\\/#website\",\"url\":\"https:\\\/\\\/lightweb.dev\\\/l\\\/svm-temp\\\/\",\"name\":\"Svenska Magasinet\",\"description\":\"Dina Spanska nyheter p&aring; Svenska\",\"publisher\":{\"@id\":\"https:\\\/\\\/lightweb.dev\\\/l\\\/svm-temp\\\/#organization\"},\"potentialAction\":[{\"@type\":\"SearchAction\",\"target\":{\"@type\":\"EntryPoint\",\"urlTemplate\":\"https:\\\/\\\/lightweb.dev\\\/l\\\/svm-temp\\\/?s={search_term_string}\"},\"query-input\":{\"@type\":\"PropertyValueSpecification\",\"valueRequired\":true,\"valueName\":\"search_term_string\"}}],\"inLanguage\":\"sv-SE\"},{\"@type\":\"Organization\",\"@id\":\"https:\\\/\\\/lightweb.dev\\\/l\\\/svm-temp\\\/#organization\",\"name\":\"Melkerson y Nott SL\",\"alternateName\":\"Svenska Magasinet\",\"url\":\"https:\\\/\\\/lightweb.dev\\\/l\\\/svm-temp\\\/\",\"logo\":{\"@type\":\"ImageObject\",\"inLanguage\":\"sv-SE\",\"@id\":\"https:\\\/\\\/lightweb.dev\\\/l\\\/svm-temp\\\/#\\\/schema\\\/logo\\\/image\\\/\",\"url\":\"https:\\\/\\\/lightweb.dev\\\/l\\\/svm-temp\\\/wp-content\\\/uploads\\\/2025\\\/02\\\/SvM-logo-Xtra-Centrerad-SVART.png\",\"contentUrl\":\"https:\\\/\\\/lightweb.dev\\\/l\\\/svm-temp\\\/wp-content\\\/uploads\\\/2025\\\/02\\\/SvM-logo-Xtra-Centrerad-SVART.png\",\"width\":300,\"height\":99,\"caption\":\"Melkerson y Nott SL\"},\"image\":{\"@id\":\"https:\\\/\\\/lightweb.dev\\\/l\\\/svm-temp\\\/#\\\/schema\\\/logo\\\/image\\\/\"},\"sameAs\":[\"https:\\\/\\\/www.facebook.com\\\/svenskamagasinet\",\"https:\\\/\\\/x.com\\\/SvenskaMagasine\"]},{\"@type\":\"Person\",\"@id\":\"https:\\\/\\\/lightweb.dev\\\/l\\\/svm-temp\\\/#\\\/schema\\\/person\\\/caffe038990d25722f5a04a03c906a2b\",\"name\":\"Robbie Eriksson\",\"sameAs\":[\"https:\\\/\\\/lightweb.dev\\\/l\\\/svm-temp\"],\"url\":\"https:\\\/\\\/lightweb.dev\\\/l\\\/svm-temp\\\/reporter\\\/robbie-eriksson\\\/\"}]}<\/script>\n<!-- \/ Yoast SEO Premium plugin. -->","yoast_head_json":{"title":"M\u00e1lagas tunnelbana fyller 10 \u00e5r - Svenska Magasinet","robots":{"index":"noindex","follow":"follow","max-snippet":"max-snippet:-1","max-image-preview":"max-image-preview:large","max-video-preview":"max-video-preview:-1"},"og_locale":"sv_SE","og_type":"article","og_title":"M\u00e1lagas tunnelbana fyller 10 \u00e5r","og_description":"Sedan invigningen har antalet anv\u00e4ndare \u00f6kat stadigt och ytterligare arbete planeras f\u00f6r att fortsatt f\u00f6rb\u00e4ttra tj\u00e4nsten.\u00a0","og_url":"https:\/\/lightweb.dev\/l\/svm-temp\/nyheter\/malagas-tunnelbana-fyller-10-ar\/","og_site_name":"Svenska Magasinet","article_publisher":"https:\/\/www.facebook.com\/svenskamagasinet","article_published_time":"2024-07-30T14:01:05+00:00","og_image":[{"width":1280,"height":960,"url":"https:\/\/lightweb.dev\/l\/svm-temp\/wp-content\/uploads\/2024\/03\/TunnelbanaMLG-stor.jpeg","type":"image\/jpeg"}],"author":"Robbie Eriksson","twitter_card":"summary_large_image","twitter_creator":"@SvenskaMagasine","twitter_site":"@SvenskaMagasine","schema":{"@context":"https:\/\/schema.org","@graph":[{"@type":"Article","@id":"https:\/\/lightweb.dev\/l\/svm-temp\/nyheter\/malagas-tunnelbana-fyller-10-ar\/#article","isPartOf":{"@id":"https:\/\/lightweb.dev\/l\/svm-temp\/nyheter\/malagas-tunnelbana-fyller-10-ar\/"},"author":{"name":"Robbie Eriksson","@id":"https:\/\/lightweb.dev\/l\/svm-temp\/#\/schema\/person\/caffe038990d25722f5a04a03c906a2b"},"headline":"M\u00e1lagas tunnelbana fyller 10 \u00e5r","datePublished":"2024-07-30T14:01:05+00:00","mainEntityOfPage":{"@id":"https:\/\/lightweb.dev\/l\/svm-temp\/nyheter\/malagas-tunnelbana-fyller-10-ar\/"},"wordCount":494,"publisher":{"@id":"https:\/\/lightweb.dev\/l\/svm-temp\/#organization"},"image":{"@id":"https:\/\/lightweb.dev\/l\/svm-temp\/nyheter\/malagas-tunnelbana-fyller-10-ar\/#primaryimage"},"thumbnailUrl":"https:\/\/lightweb.dev\/l\/svm-temp\/wp-content\/uploads\/2024\/03\/TunnelbanaMLG-stor.jpeg","articleSection":["Arkiv","Nyheter"],"inLanguage":"sv-SE"},{"@type":"WebPage","@id":"https:\/\/lightweb.dev\/l\/svm-temp\/nyheter\/malagas-tunnelbana-fyller-10-ar\/","url":"https:\/\/lightweb.dev\/l\/svm-temp\/nyheter\/malagas-tunnelbana-fyller-10-ar\/","name":"M\u00e1lagas tunnelbana fyller 10 \u00e5r - Svenska Magasinet","isPartOf":{"@id":"https:\/\/lightweb.dev\/l\/svm-temp\/#website"},"primaryImageOfPage":{"@id":"https:\/\/lightweb.dev\/l\/svm-temp\/nyheter\/malagas-tunnelbana-fyller-10-ar\/#primaryimage"},"image":{"@id":"https:\/\/lightweb.dev\/l\/svm-temp\/nyheter\/malagas-tunnelbana-fyller-10-ar\/#primaryimage"},"thumbnailUrl":"https:\/\/lightweb.dev\/l\/svm-temp\/wp-content\/uploads\/2024\/03\/TunnelbanaMLG-stor.jpeg","datePublished":"2024-07-30T14:01:05+00:00","breadcrumb":{"@id":"https:\/\/lightweb.dev\/l\/svm-temp\/nyheter\/malagas-tunnelbana-fyller-10-ar\/#breadcrumb"},"inLanguage":"sv-SE","potentialAction":[{"@type":"ReadAction","target":["https:\/\/lightweb.dev\/l\/svm-temp\/nyheter\/malagas-tunnelbana-fyller-10-ar\/"]}]},{"@type":"ImageObject","inLanguage":"sv-SE","@id":"https:\/\/lightweb.dev\/l\/svm-temp\/nyheter\/malagas-tunnelbana-fyller-10-ar\/#primaryimage","url":"https:\/\/lightweb.dev\/l\/svm-temp\/wp-content\/uploads\/2024\/03\/TunnelbanaMLG-stor.jpeg","contentUrl":"https:\/\/lightweb.dev\/l\/svm-temp\/wp-content\/uploads\/2024\/03\/TunnelbanaMLG-stor.jpeg","width":1280,"height":960},{"@type":"BreadcrumbList","@id":"https:\/\/lightweb.dev\/l\/svm-temp\/nyheter\/malagas-tunnelbana-fyller-10-ar\/#breadcrumb","itemListElement":[{"@type":"ListItem","position":1,"name":"Hem","item":"https:\/\/lightweb.dev\/l\/svm-temp\/"},{"@type":"ListItem","position":2,"name":"M\u00e1lagas tunnelbana fyller 10 \u00e5r"}]},{"@type":"WebSite","@id":"https:\/\/lightweb.dev\/l\/svm-temp\/#website","url":"https:\/\/lightweb.dev\/l\/svm-temp\/","name":"Svenska Magasinet","description":"Dina Spanska nyheter p&aring; Svenska","publisher":{"@id":"https:\/\/lightweb.dev\/l\/svm-temp\/#organization"},"potentialAction":[{"@type":"SearchAction","target":{"@type":"EntryPoint","urlTemplate":"https:\/\/lightweb.dev\/l\/svm-temp\/?s={search_term_string}"},"query-input":{"@type":"PropertyValueSpecification","valueRequired":true,"valueName":"search_term_string"}}],"inLanguage":"sv-SE"},{"@type":"Organization","@id":"https:\/\/lightweb.dev\/l\/svm-temp\/#organization","name":"Melkerson y Nott SL","alternateName":"Svenska Magasinet","url":"https:\/\/lightweb.dev\/l\/svm-temp\/","logo":{"@type":"ImageObject","inLanguage":"sv-SE","@id":"https:\/\/lightweb.dev\/l\/svm-temp\/#\/schema\/logo\/image\/","url":"https:\/\/lightweb.dev\/l\/svm-temp\/wp-content\/uploads\/2025\/02\/SvM-logo-Xtra-Centrerad-SVART.png","contentUrl":"https:\/\/lightweb.dev\/l\/svm-temp\/wp-content\/uploads\/2025\/02\/SvM-logo-Xtra-Centrerad-SVART.png","width":300,"height":99,"caption":"Melkerson y Nott SL"},"image":{"@id":"https:\/\/lightweb.dev\/l\/svm-temp\/#\/schema\/logo\/image\/"},"sameAs":["https:\/\/www.facebook.com\/svenskamagasinet","https:\/\/x.com\/SvenskaMagasine"]},{"@type":"Person","@id":"https:\/\/lightweb.dev\/l\/svm-temp\/#\/schema\/person\/caffe038990d25722f5a04a03c906a2b","name":"Robbie Eriksson","sameAs":["https:\/\/lightweb.dev\/l\/svm-temp"],"url":"https:\/\/lightweb.dev\/l\/svm-temp\/reporter\/robbie-eriksson\/"}]}},"_links":{"self":[{"href":"https:\/\/lightweb.dev\/l\/svm-temp\/wp-json\/wp\/v2\/posts\/73541","targetHints":{"allow":["GET"]}}],"collection":[{"href":"https:\/\/lightweb.dev\/l\/svm-temp\/wp-json\/wp\/v2\/posts"}],"about":[{"href":"https:\/\/lightweb.dev\/l\/svm-temp\/wp-json\/wp\/v2\/types\/post"}],"author":[{"embeddable":true,"href":"https:\/\/lightweb.dev\/l\/svm-temp\/wp-json\/wp\/v2\/users\/14"}],"replies":[{"embeddable":true,"href":"https:\/\/lightweb.dev\/l\/svm-temp\/wp-json\/wp\/v2\/comments?post=73541"}],"version-history":[{"count":0,"href":"https:\/\/lightweb.dev\/l\/svm-temp\/wp-json\/wp\/v2\/posts\/73541\/revisions"}],"wp:featuredmedia":[{"embeddable":true,"href":"https:\/\/lightweb.dev\/l\/svm-temp\/wp-json\/wp\/v2\/media\/70456"}],"wp:attachment":[{"href":"https:\/\/lightweb.dev\/l\/svm-temp\/wp-json\/wp\/v2\/media?parent=73541"}],"wp:term":[{"taxonomy":"category","embeddable":true,"href":"https:\/\/lightweb.dev\/l\/svm-temp\/wp-json\/wp\/v2\/categories?post=73541"},{"taxonomy":"post_tag","embeddable":true,"href":"https:\/\/lightweb.dev\/l\/svm-temp\/wp-json\/wp\/v2\/tags?post=73541"}],"curies":[{"name":"wp","href":"https:\/\/api.w.org\/{rel}","templated":true}]}}