{"id":73544,"date":"2024-07-30T16:10:46","date_gmt":"2024-07-30T14:10:46","guid":{"rendered":"https:\/\/lightweb.dev\/l\/svm-temp\/?p=73544"},"modified":"2024-07-30T16:23:14","modified_gmt":"2024-07-30T14:23:14","slug":"allt-fler-besoker-elche","status":"publish","type":"post","link":"https:\/\/lightweb.dev\/l\/svm-temp\/nyheter\/allt-fler-besoker-elche\/","title":{"rendered":"Allt fler bes\u00f6ker Elche"},"content":{"rendered":"<p><strong>Hittills har 2024 inneburit rekordsiffror f\u00f6r turismen i Valenciakommunen.\u00a0<\/strong><\/p>\n<p><strong>Nu kommer man att investera s\u00e5 att trenden ska kunna forts\u00e4tta p\u00e5 ett h\u00e5llbart s\u00e4tt.\u00a0<\/strong><\/p>\n<p><span style=\"font-weight: 400;\">Turismen i Elche har \u00f6kat anm\u00e4rknings\u00e4rt under \u00e5rets sex f\u00f6rsta m\u00e5nader. Uppgifter fr\u00e5n hotell som \u00e4r knutna till Elches f\u00f6rening f\u00f6r turistf\u00f6retag (AETE) visar att maj var den starkaste m\u00e5naden f\u00f6r sektorn. D\u00e5 hade hotellen en fyllnadsgrad p\u00e5 91,25 procent som \u00e4r den h\u00f6gsta noteringen f\u00f6r m\u00e5naden n\u00e5gonsin. Siffrorna visar ocks\u00e5 att turismen \u00f6kat konsekvent under 2024 j\u00e4mf\u00f6rt med 2023.\u00a0<\/span><\/p>\n<p><span style=\"font-weight: 400;\">I maj \u00f6kade fyllnadsgraden j\u00e4mf\u00f6rt med f\u00f6rra \u00e5ret med 5,1 procent och i april med 5,7 procent.\u00a0<\/span><\/p>\n<h2><span style=\"font-weight: 400;\">H\u00e5llbar tillv\u00e4xt<\/span><\/h2>\n<p><span style=\"font-weight: 400;\">Turismen genererar allt mer pengar och prognosen s\u00e4ger att den kommer att forts\u00e4tta att \u00f6ka. D\u00e4rf\u00f6r \u00e4r det viktigt att ta tag i strukturella problem och fr\u00e4mja innovation f\u00f6r att tillv\u00e4xten ska bli h\u00e5llbar.\u00a0<\/span><\/p>\n<p><span style=\"font-weight: 400;\">F\u00f6r att klara av det stigande antalet bes\u00f6kare \u00e4r det nu en h\u00f6g prioritet f\u00f6r politikerna i Elche att investera i infrastruktur och transport. Dessutom vill man st\u00e4rka banden mellan privat och offentlig sektor f\u00f6r att utveckla olika initiativ som kan erbjuda turisterna en b\u00e4ttre och b\u00e4ttre upplevelse.\u00a0<\/span><\/p>\n<h3><span style=\"font-weight: 400;\">Bl\u00e5 flagga<\/span><\/h3>\n<p><span style=\"font-weight: 400;\">F\u00f6reningen f\u00f6r utbildning inom milj\u00f6- och konsumtion (ADEAC) placerar bl\u00e5 flaggor p\u00e5 str\u00e4nder som lever upp till h\u00e5rda milj\u00f6m\u00e4ssiga standarder. Den har nu hissats \u00f6ver den kommunala naturparken <\/span><span style=\"font-weight: 400;\">Clot de Galvany. Det skedde vid en ceremoni d\u00e4r milj\u00f6r\u00e5det, Jos\u00e9 Antonio Rom\u00e1n, deltog.\u00a0<\/span><\/p>\n<p><span style=\"font-weight: 400;\">F\u00f6r att f\u00e5 den bl\u00e5 flaggan m\u00e5ste en strand eller hamn uppfylla krav p\u00e5 vattenkvalitet, s\u00e4kerhet, milj\u00f6f\u00f6rvaltning och olika tj\u00e4nster som erbjuds. <\/span><\/p>\n","protected":false},"excerpt":{"rendered":"<p>Hittills har 2024 inneburit rekordsiffror f\u00f6r turismen i Valenciakommunen.\u00a0Nu kommer man att investera s\u00e5 att trenden ska kunna forts\u00e4tta p\u00e5 ett h\u00e5llbart s\u00e4tt.\u00a0<\/p>\n","protected":false},"author":14,"featured_media":73546,"comment_status":"closed","ping_status":"closed","sticky":false,"template":"","format":"standard","meta":{"_et_pb_use_builder":"","_et_pb_old_content":"","_et_gb_content_width":"","footnotes":""},"categories":[395,3],"tags":[],"class_list":["post-73544","post","type-post","status-publish","format-standard","has-post-thumbnail","hentry","category-arkiv-nyheter","category-nyheter"],"yoast_head":"<!-- This site is optimized with the Yoast SEO Premium plugin v26.2 (Yoast SEO v27.4) - https:\/\/yoast.com\/product\/yoast-seo-premium-wordpress\/ -->\n<title>Allt fler bes\u00f6ker Elche - Svenska Magasinet<\/title>\n<meta name=\"robots\" content=\"noindex, follow, max-snippet:-1, max-image-preview:large, max-video-preview:-1\" \/>\n<meta property=\"og:locale\" content=\"sv_SE\" \/>\n<meta property=\"og:type\" content=\"article\" \/>\n<meta property=\"og:title\" content=\"Allt fler bes\u00f6ker Elche\" \/>\n<meta property=\"og:description\" content=\"Hittills har 2024 inneburit rekordsiffror f\u00f6r turismen i Valenciakommunen.\u00a0Nu kommer man att investera s\u00e5 att trenden ska kunna forts\u00e4tta p\u00e5 ett h\u00e5llbart s\u00e4tt.\u00a0\" \/>\n<meta property=\"og:url\" content=\"https:\/\/lightweb.dev\/l\/svm-temp\/nyheter\/allt-fler-besoker-elche\/\" \/>\n<meta property=\"og:site_name\" content=\"Svenska Magasinet\" \/>\n<meta property=\"article:publisher\" content=\"https:\/\/www.facebook.com\/svenskamagasinet\" \/>\n<meta property=\"article:published_time\" content=\"2024-07-30T14:10:46+00:00\" \/>\n<meta property=\"article:modified_time\" content=\"2024-07-30T14:23:14+00:00\" \/>\n<meta property=\"og:image\" content=\"https:\/\/lightweb.dev\/l\/svm-temp\/wp-content\/uploads\/2024\/07\/Huerto_del_Cura-_MG_9269-1024x683-1.jpg\" \/>\n\t<meta property=\"og:image:width\" content=\"1024\" \/>\n\t<meta property=\"og:image:height\" content=\"683\" \/>\n\t<meta property=\"og:image:type\" content=\"image\/jpeg\" \/>\n<meta name=\"author\" content=\"Robbie Eriksson\" \/>\n<meta name=\"twitter:card\" content=\"summary_large_image\" \/>\n<meta name=\"twitter:creator\" content=\"@SvenskaMagasine\" \/>\n<meta name=\"twitter:site\" content=\"@SvenskaMagasine\" \/>\n<script type=\"application\/ld+json\" class=\"yoast-schema-graph\">{\"@context\":\"https:\\\/\\\/schema.org\",\"@graph\":[{\"@type\":\"Article\",\"@id\":\"https:\\\/\\\/lightweb.dev\\\/l\\\/svm-temp\\\/nyheter\\\/allt-fler-besoker-elche\\\/#article\",\"isPartOf\":{\"@id\":\"https:\\\/\\\/lightweb.dev\\\/l\\\/svm-temp\\\/nyheter\\\/allt-fler-besoker-elche\\\/\"},\"author\":{\"name\":\"Robbie Eriksson\",\"@id\":\"https:\\\/\\\/lightweb.dev\\\/l\\\/svm-temp\\\/#\\\/schema\\\/person\\\/caffe038990d25722f5a04a03c906a2b\"},\"headline\":\"Allt fler bes\u00f6ker Elche\",\"datePublished\":\"2024-07-30T14:10:46+00:00\",\"dateModified\":\"2024-07-30T14:23:14+00:00\",\"mainEntityOfPage\":{\"@id\":\"https:\\\/\\\/lightweb.dev\\\/l\\\/svm-temp\\\/nyheter\\\/allt-fler-besoker-elche\\\/\"},\"wordCount\":308,\"publisher\":{\"@id\":\"https:\\\/\\\/lightweb.dev\\\/l\\\/svm-temp\\\/#organization\"},\"image\":{\"@id\":\"https:\\\/\\\/lightweb.dev\\\/l\\\/svm-temp\\\/nyheter\\\/allt-fler-besoker-elche\\\/#primaryimage\"},\"thumbnailUrl\":\"https:\\\/\\\/lightweb.dev\\\/l\\\/svm-temp\\\/wp-content\\\/uploads\\\/2024\\\/07\\\/Huerto_del_Cura-_MG_9269-1024x683-1.jpg\",\"articleSection\":[\"Arkiv\",\"Nyheter\"],\"inLanguage\":\"sv-SE\"},{\"@type\":\"WebPage\",\"@id\":\"https:\\\/\\\/lightweb.dev\\\/l\\\/svm-temp\\\/nyheter\\\/allt-fler-besoker-elche\\\/\",\"url\":\"https:\\\/\\\/lightweb.dev\\\/l\\\/svm-temp\\\/nyheter\\\/allt-fler-besoker-elche\\\/\",\"name\":\"Allt fler bes\u00f6ker Elche - Svenska Magasinet\",\"isPartOf\":{\"@id\":\"https:\\\/\\\/lightweb.dev\\\/l\\\/svm-temp\\\/#website\"},\"primaryImageOfPage\":{\"@id\":\"https:\\\/\\\/lightweb.dev\\\/l\\\/svm-temp\\\/nyheter\\\/allt-fler-besoker-elche\\\/#primaryimage\"},\"image\":{\"@id\":\"https:\\\/\\\/lightweb.dev\\\/l\\\/svm-temp\\\/nyheter\\\/allt-fler-besoker-elche\\\/#primaryimage\"},\"thumbnailUrl\":\"https:\\\/\\\/lightweb.dev\\\/l\\\/svm-temp\\\/wp-content\\\/uploads\\\/2024\\\/07\\\/Huerto_del_Cura-_MG_9269-1024x683-1.jpg\",\"datePublished\":\"2024-07-30T14:10:46+00:00\",\"dateModified\":\"2024-07-30T14:23:14+00:00\",\"breadcrumb\":{\"@id\":\"https:\\\/\\\/lightweb.dev\\\/l\\\/svm-temp\\\/nyheter\\\/allt-fler-besoker-elche\\\/#breadcrumb\"},\"inLanguage\":\"sv-SE\",\"potentialAction\":[{\"@type\":\"ReadAction\",\"target\":[\"https:\\\/\\\/lightweb.dev\\\/l\\\/svm-temp\\\/nyheter\\\/allt-fler-besoker-elche\\\/\"]}]},{\"@type\":\"ImageObject\",\"inLanguage\":\"sv-SE\",\"@id\":\"https:\\\/\\\/lightweb.dev\\\/l\\\/svm-temp\\\/nyheter\\\/allt-fler-besoker-elche\\\/#primaryimage\",\"url\":\"https:\\\/\\\/lightweb.dev\\\/l\\\/svm-temp\\\/wp-content\\\/uploads\\\/2024\\\/07\\\/Huerto_del_Cura-_MG_9269-1024x683-1.jpg\",\"contentUrl\":\"https:\\\/\\\/lightweb.dev\\\/l\\\/svm-temp\\\/wp-content\\\/uploads\\\/2024\\\/07\\\/Huerto_del_Cura-_MG_9269-1024x683-1.jpg\",\"width\":1024,\"height\":683,\"caption\":\"(Bild: Comunitat Valenciana)\"},{\"@type\":\"BreadcrumbList\",\"@id\":\"https:\\\/\\\/lightweb.dev\\\/l\\\/svm-temp\\\/nyheter\\\/allt-fler-besoker-elche\\\/#breadcrumb\",\"itemListElement\":[{\"@type\":\"ListItem\",\"position\":1,\"name\":\"Hem\",\"item\":\"https:\\\/\\\/lightweb.dev\\\/l\\\/svm-temp\\\/\"},{\"@type\":\"ListItem\",\"position\":2,\"name\":\"Allt fler bes\u00f6ker Elche\"}]},{\"@type\":\"WebSite\",\"@id\":\"https:\\\/\\\/lightweb.dev\\\/l\\\/svm-temp\\\/#website\",\"url\":\"https:\\\/\\\/lightweb.dev\\\/l\\\/svm-temp\\\/\",\"name\":\"Svenska Magasinet\",\"description\":\"Dina Spanska nyheter p&aring; Svenska\",\"publisher\":{\"@id\":\"https:\\\/\\\/lightweb.dev\\\/l\\\/svm-temp\\\/#organization\"},\"potentialAction\":[{\"@type\":\"SearchAction\",\"target\":{\"@type\":\"EntryPoint\",\"urlTemplate\":\"https:\\\/\\\/lightweb.dev\\\/l\\\/svm-temp\\\/?s={search_term_string}\"},\"query-input\":{\"@type\":\"PropertyValueSpecification\",\"valueRequired\":true,\"valueName\":\"search_term_string\"}}],\"inLanguage\":\"sv-SE\"},{\"@type\":\"Organization\",\"@id\":\"https:\\\/\\\/lightweb.dev\\\/l\\\/svm-temp\\\/#organization\",\"name\":\"Melkerson y Nott SL\",\"alternateName\":\"Svenska Magasinet\",\"url\":\"https:\\\/\\\/lightweb.dev\\\/l\\\/svm-temp\\\/\",\"logo\":{\"@type\":\"ImageObject\",\"inLanguage\":\"sv-SE\",\"@id\":\"https:\\\/\\\/lightweb.dev\\\/l\\\/svm-temp\\\/#\\\/schema\\\/logo\\\/image\\\/\",\"url\":\"https:\\\/\\\/lightweb.dev\\\/l\\\/svm-temp\\\/wp-content\\\/uploads\\\/2025\\\/02\\\/SvM-logo-Xtra-Centrerad-SVART.png\",\"contentUrl\":\"https:\\\/\\\/lightweb.dev\\\/l\\\/svm-temp\\\/wp-content\\\/uploads\\\/2025\\\/02\\\/SvM-logo-Xtra-Centrerad-SVART.png\",\"width\":300,\"height\":99,\"caption\":\"Melkerson y Nott SL\"},\"image\":{\"@id\":\"https:\\\/\\\/lightweb.dev\\\/l\\\/svm-temp\\\/#\\\/schema\\\/logo\\\/image\\\/\"},\"sameAs\":[\"https:\\\/\\\/www.facebook.com\\\/svenskamagasinet\",\"https:\\\/\\\/x.com\\\/SvenskaMagasine\"]},{\"@type\":\"Person\",\"@id\":\"https:\\\/\\\/lightweb.dev\\\/l\\\/svm-temp\\\/#\\\/schema\\\/person\\\/caffe038990d25722f5a04a03c906a2b\",\"name\":\"Robbie Eriksson\",\"sameAs\":[\"https:\\\/\\\/lightweb.dev\\\/l\\\/svm-temp\"],\"url\":\"https:\\\/\\\/lightweb.dev\\\/l\\\/svm-temp\\\/reporter\\\/robbie-eriksson\\\/\"}]}<\/script>\n<!-- \/ Yoast SEO Premium plugin. -->","yoast_head_json":{"title":"Allt fler bes\u00f6ker Elche - Svenska Magasinet","robots":{"index":"noindex","follow":"follow","max-snippet":"max-snippet:-1","max-image-preview":"max-image-preview:large","max-video-preview":"max-video-preview:-1"},"og_locale":"sv_SE","og_type":"article","og_title":"Allt fler bes\u00f6ker Elche","og_description":"Hittills har 2024 inneburit rekordsiffror f\u00f6r turismen i Valenciakommunen.\u00a0Nu kommer man att investera s\u00e5 att trenden ska kunna forts\u00e4tta p\u00e5 ett h\u00e5llbart s\u00e4tt.\u00a0","og_url":"https:\/\/lightweb.dev\/l\/svm-temp\/nyheter\/allt-fler-besoker-elche\/","og_site_name":"Svenska Magasinet","article_publisher":"https:\/\/www.facebook.com\/svenskamagasinet","article_published_time":"2024-07-30T14:10:46+00:00","article_modified_time":"2024-07-30T14:23:14+00:00","og_image":[{"width":1024,"height":683,"url":"https:\/\/lightweb.dev\/l\/svm-temp\/wp-content\/uploads\/2024\/07\/Huerto_del_Cura-_MG_9269-1024x683-1.jpg","type":"image\/jpeg"}],"author":"Robbie Eriksson","twitter_card":"summary_large_image","twitter_creator":"@SvenskaMagasine","twitter_site":"@SvenskaMagasine","schema":{"@context":"https:\/\/schema.org","@graph":[{"@type":"Article","@id":"https:\/\/lightweb.dev\/l\/svm-temp\/nyheter\/allt-fler-besoker-elche\/#article","isPartOf":{"@id":"https:\/\/lightweb.dev\/l\/svm-temp\/nyheter\/allt-fler-besoker-elche\/"},"author":{"name":"Robbie Eriksson","@id":"https:\/\/lightweb.dev\/l\/svm-temp\/#\/schema\/person\/caffe038990d25722f5a04a03c906a2b"},"headline":"Allt fler bes\u00f6ker Elche","datePublished":"2024-07-30T14:10:46+00:00","dateModified":"2024-07-30T14:23:14+00:00","mainEntityOfPage":{"@id":"https:\/\/lightweb.dev\/l\/svm-temp\/nyheter\/allt-fler-besoker-elche\/"},"wordCount":308,"publisher":{"@id":"https:\/\/lightweb.dev\/l\/svm-temp\/#organization"},"image":{"@id":"https:\/\/lightweb.dev\/l\/svm-temp\/nyheter\/allt-fler-besoker-elche\/#primaryimage"},"thumbnailUrl":"https:\/\/lightweb.dev\/l\/svm-temp\/wp-content\/uploads\/2024\/07\/Huerto_del_Cura-_MG_9269-1024x683-1.jpg","articleSection":["Arkiv","Nyheter"],"inLanguage":"sv-SE"},{"@type":"WebPage","@id":"https:\/\/lightweb.dev\/l\/svm-temp\/nyheter\/allt-fler-besoker-elche\/","url":"https:\/\/lightweb.dev\/l\/svm-temp\/nyheter\/allt-fler-besoker-elche\/","name":"Allt fler bes\u00f6ker Elche - Svenska Magasinet","isPartOf":{"@id":"https:\/\/lightweb.dev\/l\/svm-temp\/#website"},"primaryImageOfPage":{"@id":"https:\/\/lightweb.dev\/l\/svm-temp\/nyheter\/allt-fler-besoker-elche\/#primaryimage"},"image":{"@id":"https:\/\/lightweb.dev\/l\/svm-temp\/nyheter\/allt-fler-besoker-elche\/#primaryimage"},"thumbnailUrl":"https:\/\/lightweb.dev\/l\/svm-temp\/wp-content\/uploads\/2024\/07\/Huerto_del_Cura-_MG_9269-1024x683-1.jpg","datePublished":"2024-07-30T14:10:46+00:00","dateModified":"2024-07-30T14:23:14+00:00","breadcrumb":{"@id":"https:\/\/lightweb.dev\/l\/svm-temp\/nyheter\/allt-fler-besoker-elche\/#breadcrumb"},"inLanguage":"sv-SE","potentialAction":[{"@type":"ReadAction","target":["https:\/\/lightweb.dev\/l\/svm-temp\/nyheter\/allt-fler-besoker-elche\/"]}]},{"@type":"ImageObject","inLanguage":"sv-SE","@id":"https:\/\/lightweb.dev\/l\/svm-temp\/nyheter\/allt-fler-besoker-elche\/#primaryimage","url":"https:\/\/lightweb.dev\/l\/svm-temp\/wp-content\/uploads\/2024\/07\/Huerto_del_Cura-_MG_9269-1024x683-1.jpg","contentUrl":"https:\/\/lightweb.dev\/l\/svm-temp\/wp-content\/uploads\/2024\/07\/Huerto_del_Cura-_MG_9269-1024x683-1.jpg","width":1024,"height":683,"caption":"(Bild: Comunitat Valenciana)"},{"@type":"BreadcrumbList","@id":"https:\/\/lightweb.dev\/l\/svm-temp\/nyheter\/allt-fler-besoker-elche\/#breadcrumb","itemListElement":[{"@type":"ListItem","position":1,"name":"Hem","item":"https:\/\/lightweb.dev\/l\/svm-temp\/"},{"@type":"ListItem","position":2,"name":"Allt fler bes\u00f6ker Elche"}]},{"@type":"WebSite","@id":"https:\/\/lightweb.dev\/l\/svm-temp\/#website","url":"https:\/\/lightweb.dev\/l\/svm-temp\/","name":"Svenska Magasinet","description":"Dina Spanska nyheter p&aring; Svenska","publisher":{"@id":"https:\/\/lightweb.dev\/l\/svm-temp\/#organization"},"potentialAction":[{"@type":"SearchAction","target":{"@type":"EntryPoint","urlTemplate":"https:\/\/lightweb.dev\/l\/svm-temp\/?s={search_term_string}"},"query-input":{"@type":"PropertyValueSpecification","valueRequired":true,"valueName":"search_term_string"}}],"inLanguage":"sv-SE"},{"@type":"Organization","@id":"https:\/\/lightweb.dev\/l\/svm-temp\/#organization","name":"Melkerson y Nott SL","alternateName":"Svenska Magasinet","url":"https:\/\/lightweb.dev\/l\/svm-temp\/","logo":{"@type":"ImageObject","inLanguage":"sv-SE","@id":"https:\/\/lightweb.dev\/l\/svm-temp\/#\/schema\/logo\/image\/","url":"https:\/\/lightweb.dev\/l\/svm-temp\/wp-content\/uploads\/2025\/02\/SvM-logo-Xtra-Centrerad-SVART.png","contentUrl":"https:\/\/lightweb.dev\/l\/svm-temp\/wp-content\/uploads\/2025\/02\/SvM-logo-Xtra-Centrerad-SVART.png","width":300,"height":99,"caption":"Melkerson y Nott SL"},"image":{"@id":"https:\/\/lightweb.dev\/l\/svm-temp\/#\/schema\/logo\/image\/"},"sameAs":["https:\/\/www.facebook.com\/svenskamagasinet","https:\/\/x.com\/SvenskaMagasine"]},{"@type":"Person","@id":"https:\/\/lightweb.dev\/l\/svm-temp\/#\/schema\/person\/caffe038990d25722f5a04a03c906a2b","name":"Robbie Eriksson","sameAs":["https:\/\/lightweb.dev\/l\/svm-temp"],"url":"https:\/\/lightweb.dev\/l\/svm-temp\/reporter\/robbie-eriksson\/"}]}},"_links":{"self":[{"href":"https:\/\/lightweb.dev\/l\/svm-temp\/wp-json\/wp\/v2\/posts\/73544","targetHints":{"allow":["GET"]}}],"collection":[{"href":"https:\/\/lightweb.dev\/l\/svm-temp\/wp-json\/wp\/v2\/posts"}],"about":[{"href":"https:\/\/lightweb.dev\/l\/svm-temp\/wp-json\/wp\/v2\/types\/post"}],"author":[{"embeddable":true,"href":"https:\/\/lightweb.dev\/l\/svm-temp\/wp-json\/wp\/v2\/users\/14"}],"replies":[{"embeddable":true,"href":"https:\/\/lightweb.dev\/l\/svm-temp\/wp-json\/wp\/v2\/comments?post=73544"}],"version-history":[{"count":0,"href":"https:\/\/lightweb.dev\/l\/svm-temp\/wp-json\/wp\/v2\/posts\/73544\/revisions"}],"wp:featuredmedia":[{"embeddable":true,"href":"https:\/\/lightweb.dev\/l\/svm-temp\/wp-json\/wp\/v2\/media\/73546"}],"wp:attachment":[{"href":"https:\/\/lightweb.dev\/l\/svm-temp\/wp-json\/wp\/v2\/media?parent=73544"}],"wp:term":[{"taxonomy":"category","embeddable":true,"href":"https:\/\/lightweb.dev\/l\/svm-temp\/wp-json\/wp\/v2\/categories?post=73544"},{"taxonomy":"post_tag","embeddable":true,"href":"https:\/\/lightweb.dev\/l\/svm-temp\/wp-json\/wp\/v2\/tags?post=73544"}],"curies":[{"name":"wp","href":"https:\/\/api.w.org\/{rel}","templated":true}]}}