{"id":73557,"date":"2024-07-31T14:10:35","date_gmt":"2024-07-31T12:10:35","guid":{"rendered":"https:\/\/lightweb.dev\/l\/svm-temp\/?p=73557"},"modified":"2024-07-31T15:19:36","modified_gmt":"2024-07-31T13:19:36","slug":"brand-i-mijas","status":"publish","type":"post","link":"https:\/\/lightweb.dev\/l\/svm-temp\/nyheter\/brand-i-mijas\/","title":{"rendered":"Brand i Mijas"},"content":{"rendered":"<p><strong>Tidigare under dagen b\u00f6rjade en brand i samband med en bussolycka.<\/strong><\/p>\n<p><strong>L\u00e5gorna har spridit sig till ett skogsomr\u00e5de och brandm\u00e4n arbetar just nu med att sl\u00e4cka elden.\u00a0<\/strong><\/p>\n<blockquote class=\"twitter-tweet\" data-media-max-width=\"560\">\n<p dir=\"ltr\" lang=\"es\"><a href=\"https:\/\/twitter.com\/hashtag\/IFMijas?src=hash&amp;ref_src=twsrc%5Etfw\">#IFMijas<\/a> | <a href=\"https:\/\/twitter.com\/hashtag\/Mijas?src=hash&amp;ref_src=twsrc%5Etfw\">#Mijas<\/a><br \/>\n\ud83d\ude92\ud83d\udd25 El bus lanzadera provoca un incendio en la Cantera del Puerto<\/p>\n<p>\u25aa\ufe0f El fuego est\u00e1 afectando al monte colindante<\/p>\n<p>\u25aa\ufe0f <a href=\"https:\/\/twitter.com\/bomberosdemijas?ref_src=twsrc%5Etfw\">@bomberosdemijas<\/a> junto a efectivos del <a href=\"https:\/\/twitter.com\/Plan_INFOCA?ref_src=twsrc%5Etfw\">@Plan_INFOCA<\/a> trabajan en la extinci\u00f3n del incendio. <a href=\"https:\/\/t.co\/MfywHl6yXM\">pic.twitter.com\/MfywHl6yXM<\/a><\/p>\n<p>\u2014 Mijas Comunicaci\u00f3n (@MijasCom) <a href=\"https:\/\/twitter.com\/MijasCom\/status\/1818604473377226838?ref_src=twsrc%5Etfw\">July 31, 2024<\/a><\/p><\/blockquote>\n<p><script async src=\"https:\/\/platform.twitter.com\/widgets.js\" charset=\"utf-8\"><\/script><\/p>\n<p><span style=\"font-weight: 400;\">Brandf\u00f6rsvaret i Mijas och Plan Incofa f\u00f6rs\u00f6ker med hj\u00e4lp av tre helikoptrar och en brandbil sl\u00e4cka en brand som just nu drabbar ett skogsomr\u00e5de i Mijas.\u00a0<\/span><\/p>\n<p><span style=\"font-weight: 400;\">Branden b\u00f6rjade i en buss som drabbats av en olycka omkring 12.30 idag. Orsaken till olyckan \u00e4r just nu ok\u00e4nd och enligt r\u00e4ddningstj\u00e4nsten har det inte inkommit n\u00e5gra rapporter om personskador.\u00a0<\/span><\/p>\n<div id=\"attachment_73559\" style=\"width: 310px\" class=\"wp-caption alignnone\"><img loading=\"lazy\" decoding=\"async\" aria-describedby=\"caption-attachment-73559\" class=\"size-medium wp-image-73559\" src=\"https:\/\/lightweb.dev\/l\/svm-temp\/wp-content\/uploads\/2024\/07\/autobus-mijas-U190687681097GcB-R2jg8gS5wUZfbtJ3e3TwKWO-1200x840@Diario-Sur-300x210.webp\" alt=\"\" width=\"300\" height=\"210\" srcset=\"https:\/\/lightweb.dev\/l\/svm-temp\/wp-content\/uploads\/2024\/07\/autobus-mijas-U190687681097GcB-R2jg8gS5wUZfbtJ3e3TwKWO-1200x840@Diario-Sur-300x210.webp 300w, https:\/\/lightweb.dev\/l\/svm-temp\/wp-content\/uploads\/2024\/07\/autobus-mijas-U190687681097GcB-R2jg8gS5wUZfbtJ3e3TwKWO-1200x840@Diario-Sur-900x630.webp 900w, https:\/\/lightweb.dev\/l\/svm-temp\/wp-content\/uploads\/2024\/07\/autobus-mijas-U190687681097GcB-R2jg8gS5wUZfbtJ3e3TwKWO-1200x840@Diario-Sur-768x538.webp 768w, https:\/\/lightweb.dev\/l\/svm-temp\/wp-content\/uploads\/2024\/07\/autobus-mijas-U190687681097GcB-R2jg8gS5wUZfbtJ3e3TwKWO-1200x840@Diario-Sur-610x427.webp 610w, https:\/\/lightweb.dev\/l\/svm-temp\/wp-content\/uploads\/2024\/07\/autobus-mijas-U190687681097GcB-R2jg8gS5wUZfbtJ3e3TwKWO-1200x840@Diario-Sur-1080x756.webp 1080w, https:\/\/lightweb.dev\/l\/svm-temp\/wp-content\/uploads\/2024\/07\/autobus-mijas-U190687681097GcB-R2jg8gS5wUZfbtJ3e3TwKWO-1200x840@Diario-Sur-600x420.webp 600w, https:\/\/lightweb.dev\/l\/svm-temp\/wp-content\/uploads\/2024\/07\/autobus-mijas-U190687681097GcB-R2jg8gS5wUZfbtJ3e3TwKWO-1200x840@Diario-Sur.webp 1200w\" sizes=\"(max-width: 300px) 100vw, 300px\" \/><p id=\"caption-attachment-73559\" class=\"wp-caption-text\">Bussen d\u00e4r branden b\u00f6rjade. (Bild: Mijas Comunicaci\u00f3n)<\/p><\/div>\n<p><span style=\"font-weight: 400;\">L\u00e5gorna har hoppat fr\u00e5n bussen och sprider sig i skogsomr\u00e5det d\u00e4r olyckan intr\u00e4ffade, i Cantera del Puerto. Enligt Plan Infoca g\u00e5r arbetet bra d\u00e5 det inte bl\u00e5ser mycket i omr\u00e5det just nu.\u00a0<\/span><\/p>\n<p><span style=\"font-weight: 400;\">\u00c4ven Guardia Civil och lokalpolisen i Mijas finns p\u00e5 plats f\u00f6r att bevaka utvecklingen. <\/span><\/p>\n","protected":false},"excerpt":{"rendered":"<p>Tidigare under dagen b\u00f6rjade en brand i samband med en bussolycka. L\u00e5gorna har spridit sig till ett skogsomr\u00e5de och brandm\u00e4n arbetar just nu med att sl\u00e4cka elden.\u00a0<\/p>\n","protected":false},"author":14,"featured_media":73558,"comment_status":"closed","ping_status":"closed","sticky":false,"template":"","format":"standard","meta":{"_et_pb_use_builder":"","_et_pb_old_content":"","_et_gb_content_width":"","footnotes":""},"categories":[395,3],"tags":[],"class_list":["post-73557","post","type-post","status-publish","format-standard","has-post-thumbnail","hentry","category-arkiv-nyheter","category-nyheter"],"yoast_head":"<!-- This site is optimized with the Yoast SEO Premium plugin v26.2 (Yoast SEO v27.4) - https:\/\/yoast.com\/product\/yoast-seo-premium-wordpress\/ -->\n<title>Brand i Mijas - Svenska Magasinet<\/title>\n<meta name=\"robots\" content=\"noindex, follow, max-snippet:-1, max-image-preview:large, max-video-preview:-1\" \/>\n<meta property=\"og:locale\" content=\"sv_SE\" \/>\n<meta property=\"og:type\" content=\"article\" \/>\n<meta property=\"og:title\" content=\"Brand i Mijas\" \/>\n<meta property=\"og:description\" content=\"Tidigare under dagen b\u00f6rjade en brand i samband med en bussolycka. L\u00e5gorna har spridit sig till ett skogsomr\u00e5de och brandm\u00e4n arbetar just nu med att sl\u00e4cka elden.\u00a0\" \/>\n<meta property=\"og:url\" content=\"https:\/\/lightweb.dev\/l\/svm-temp\/nyheter\/brand-i-mijas\/\" \/>\n<meta property=\"og:site_name\" content=\"Svenska Magasinet\" \/>\n<meta property=\"article:publisher\" content=\"https:\/\/www.facebook.com\/svenskamagasinet\" \/>\n<meta property=\"article:published_time\" content=\"2024-07-31T12:10:35+00:00\" \/>\n<meta property=\"article:modified_time\" content=\"2024-07-31T13:19:36+00:00\" \/>\n<meta property=\"og:image\" content=\"https:\/\/lightweb.dev\/l\/svm-temp\/wp-content\/uploads\/2024\/07\/infoca-incendio-U190687681097GcB-U220865284168QwC-650x455@Diario-Sur.jpg\" \/>\n\t<meta property=\"og:image:width\" content=\"650\" \/>\n\t<meta property=\"og:image:height\" content=\"455\" \/>\n\t<meta property=\"og:image:type\" content=\"image\/jpeg\" \/>\n<meta name=\"author\" content=\"Robbie Eriksson\" \/>\n<meta name=\"twitter:card\" content=\"summary_large_image\" \/>\n<meta name=\"twitter:creator\" content=\"@SvenskaMagasine\" \/>\n<meta name=\"twitter:site\" content=\"@SvenskaMagasine\" \/>\n<script type=\"application\/ld+json\" class=\"yoast-schema-graph\">{\"@context\":\"https:\\\/\\\/schema.org\",\"@graph\":[{\"@type\":\"Article\",\"@id\":\"https:\\\/\\\/lightweb.dev\\\/l\\\/svm-temp\\\/nyheter\\\/brand-i-mijas\\\/#article\",\"isPartOf\":{\"@id\":\"https:\\\/\\\/lightweb.dev\\\/l\\\/svm-temp\\\/nyheter\\\/brand-i-mijas\\\/\"},\"author\":{\"name\":\"Robbie Eriksson\",\"@id\":\"https:\\\/\\\/lightweb.dev\\\/l\\\/svm-temp\\\/#\\\/schema\\\/person\\\/caffe038990d25722f5a04a03c906a2b\"},\"headline\":\"Brand i Mijas\",\"datePublished\":\"2024-07-31T12:10:35+00:00\",\"dateModified\":\"2024-07-31T13:19:36+00:00\",\"mainEntityOfPage\":{\"@id\":\"https:\\\/\\\/lightweb.dev\\\/l\\\/svm-temp\\\/nyheter\\\/brand-i-mijas\\\/\"},\"wordCount\":218,\"publisher\":{\"@id\":\"https:\\\/\\\/lightweb.dev\\\/l\\\/svm-temp\\\/#organization\"},\"image\":{\"@id\":\"https:\\\/\\\/lightweb.dev\\\/l\\\/svm-temp\\\/nyheter\\\/brand-i-mijas\\\/#primaryimage\"},\"thumbnailUrl\":\"https:\\\/\\\/lightweb.dev\\\/l\\\/svm-temp\\\/wp-content\\\/uploads\\\/2024\\\/07\\\/infoca-incendio-U190687681097GcB-U220865284168QwC-650x455@Diario-Sur.jpg\",\"articleSection\":[\"Arkiv\",\"Nyheter\"],\"inLanguage\":\"sv-SE\"},{\"@type\":\"WebPage\",\"@id\":\"https:\\\/\\\/lightweb.dev\\\/l\\\/svm-temp\\\/nyheter\\\/brand-i-mijas\\\/\",\"url\":\"https:\\\/\\\/lightweb.dev\\\/l\\\/svm-temp\\\/nyheter\\\/brand-i-mijas\\\/\",\"name\":\"Brand i Mijas - Svenska Magasinet\",\"isPartOf\":{\"@id\":\"https:\\\/\\\/lightweb.dev\\\/l\\\/svm-temp\\\/#website\"},\"primaryImageOfPage\":{\"@id\":\"https:\\\/\\\/lightweb.dev\\\/l\\\/svm-temp\\\/nyheter\\\/brand-i-mijas\\\/#primaryimage\"},\"image\":{\"@id\":\"https:\\\/\\\/lightweb.dev\\\/l\\\/svm-temp\\\/nyheter\\\/brand-i-mijas\\\/#primaryimage\"},\"thumbnailUrl\":\"https:\\\/\\\/lightweb.dev\\\/l\\\/svm-temp\\\/wp-content\\\/uploads\\\/2024\\\/07\\\/infoca-incendio-U190687681097GcB-U220865284168QwC-650x455@Diario-Sur.jpg\",\"datePublished\":\"2024-07-31T12:10:35+00:00\",\"dateModified\":\"2024-07-31T13:19:36+00:00\",\"breadcrumb\":{\"@id\":\"https:\\\/\\\/lightweb.dev\\\/l\\\/svm-temp\\\/nyheter\\\/brand-i-mijas\\\/#breadcrumb\"},\"inLanguage\":\"sv-SE\",\"potentialAction\":[{\"@type\":\"ReadAction\",\"target\":[\"https:\\\/\\\/lightweb.dev\\\/l\\\/svm-temp\\\/nyheter\\\/brand-i-mijas\\\/\"]}]},{\"@type\":\"ImageObject\",\"inLanguage\":\"sv-SE\",\"@id\":\"https:\\\/\\\/lightweb.dev\\\/l\\\/svm-temp\\\/nyheter\\\/brand-i-mijas\\\/#primaryimage\",\"url\":\"https:\\\/\\\/lightweb.dev\\\/l\\\/svm-temp\\\/wp-content\\\/uploads\\\/2024\\\/07\\\/infoca-incendio-U190687681097GcB-U220865284168QwC-650x455@Diario-Sur.jpg\",\"contentUrl\":\"https:\\\/\\\/lightweb.dev\\\/l\\\/svm-temp\\\/wp-content\\\/uploads\\\/2024\\\/07\\\/infoca-incendio-U190687681097GcB-U220865284168QwC-650x455@Diario-Sur.jpg\",\"width\":650,\"height\":455,\"caption\":\"(Bild: Plan Infoca)\"},{\"@type\":\"BreadcrumbList\",\"@id\":\"https:\\\/\\\/lightweb.dev\\\/l\\\/svm-temp\\\/nyheter\\\/brand-i-mijas\\\/#breadcrumb\",\"itemListElement\":[{\"@type\":\"ListItem\",\"position\":1,\"name\":\"Hem\",\"item\":\"https:\\\/\\\/lightweb.dev\\\/l\\\/svm-temp\\\/\"},{\"@type\":\"ListItem\",\"position\":2,\"name\":\"Brand i Mijas\"}]},{\"@type\":\"WebSite\",\"@id\":\"https:\\\/\\\/lightweb.dev\\\/l\\\/svm-temp\\\/#website\",\"url\":\"https:\\\/\\\/lightweb.dev\\\/l\\\/svm-temp\\\/\",\"name\":\"Svenska Magasinet\",\"description\":\"Dina Spanska nyheter p&aring; Svenska\",\"publisher\":{\"@id\":\"https:\\\/\\\/lightweb.dev\\\/l\\\/svm-temp\\\/#organization\"},\"potentialAction\":[{\"@type\":\"SearchAction\",\"target\":{\"@type\":\"EntryPoint\",\"urlTemplate\":\"https:\\\/\\\/lightweb.dev\\\/l\\\/svm-temp\\\/?s={search_term_string}\"},\"query-input\":{\"@type\":\"PropertyValueSpecification\",\"valueRequired\":true,\"valueName\":\"search_term_string\"}}],\"inLanguage\":\"sv-SE\"},{\"@type\":\"Organization\",\"@id\":\"https:\\\/\\\/lightweb.dev\\\/l\\\/svm-temp\\\/#organization\",\"name\":\"Melkerson y Nott SL\",\"alternateName\":\"Svenska Magasinet\",\"url\":\"https:\\\/\\\/lightweb.dev\\\/l\\\/svm-temp\\\/\",\"logo\":{\"@type\":\"ImageObject\",\"inLanguage\":\"sv-SE\",\"@id\":\"https:\\\/\\\/lightweb.dev\\\/l\\\/svm-temp\\\/#\\\/schema\\\/logo\\\/image\\\/\",\"url\":\"https:\\\/\\\/lightweb.dev\\\/l\\\/svm-temp\\\/wp-content\\\/uploads\\\/2025\\\/02\\\/SvM-logo-Xtra-Centrerad-SVART.png\",\"contentUrl\":\"https:\\\/\\\/lightweb.dev\\\/l\\\/svm-temp\\\/wp-content\\\/uploads\\\/2025\\\/02\\\/SvM-logo-Xtra-Centrerad-SVART.png\",\"width\":300,\"height\":99,\"caption\":\"Melkerson y Nott SL\"},\"image\":{\"@id\":\"https:\\\/\\\/lightweb.dev\\\/l\\\/svm-temp\\\/#\\\/schema\\\/logo\\\/image\\\/\"},\"sameAs\":[\"https:\\\/\\\/www.facebook.com\\\/svenskamagasinet\",\"https:\\\/\\\/x.com\\\/SvenskaMagasine\"]},{\"@type\":\"Person\",\"@id\":\"https:\\\/\\\/lightweb.dev\\\/l\\\/svm-temp\\\/#\\\/schema\\\/person\\\/caffe038990d25722f5a04a03c906a2b\",\"name\":\"Robbie Eriksson\",\"sameAs\":[\"https:\\\/\\\/lightweb.dev\\\/l\\\/svm-temp\"],\"url\":\"https:\\\/\\\/lightweb.dev\\\/l\\\/svm-temp\\\/reporter\\\/robbie-eriksson\\\/\"}]}<\/script>\n<!-- \/ Yoast SEO Premium plugin. -->","yoast_head_json":{"title":"Brand i Mijas - Svenska Magasinet","robots":{"index":"noindex","follow":"follow","max-snippet":"max-snippet:-1","max-image-preview":"max-image-preview:large","max-video-preview":"max-video-preview:-1"},"og_locale":"sv_SE","og_type":"article","og_title":"Brand i Mijas","og_description":"Tidigare under dagen b\u00f6rjade en brand i samband med en bussolycka. L\u00e5gorna har spridit sig till ett skogsomr\u00e5de och brandm\u00e4n arbetar just nu med att sl\u00e4cka elden.\u00a0","og_url":"https:\/\/lightweb.dev\/l\/svm-temp\/nyheter\/brand-i-mijas\/","og_site_name":"Svenska Magasinet","article_publisher":"https:\/\/www.facebook.com\/svenskamagasinet","article_published_time":"2024-07-31T12:10:35+00:00","article_modified_time":"2024-07-31T13:19:36+00:00","og_image":[{"width":650,"height":455,"url":"https:\/\/lightweb.dev\/l\/svm-temp\/wp-content\/uploads\/2024\/07\/infoca-incendio-U190687681097GcB-U220865284168QwC-650x455@Diario-Sur.jpg","type":"image\/jpeg"}],"author":"Robbie Eriksson","twitter_card":"summary_large_image","twitter_creator":"@SvenskaMagasine","twitter_site":"@SvenskaMagasine","schema":{"@context":"https:\/\/schema.org","@graph":[{"@type":"Article","@id":"https:\/\/lightweb.dev\/l\/svm-temp\/nyheter\/brand-i-mijas\/#article","isPartOf":{"@id":"https:\/\/lightweb.dev\/l\/svm-temp\/nyheter\/brand-i-mijas\/"},"author":{"name":"Robbie Eriksson","@id":"https:\/\/lightweb.dev\/l\/svm-temp\/#\/schema\/person\/caffe038990d25722f5a04a03c906a2b"},"headline":"Brand i Mijas","datePublished":"2024-07-31T12:10:35+00:00","dateModified":"2024-07-31T13:19:36+00:00","mainEntityOfPage":{"@id":"https:\/\/lightweb.dev\/l\/svm-temp\/nyheter\/brand-i-mijas\/"},"wordCount":218,"publisher":{"@id":"https:\/\/lightweb.dev\/l\/svm-temp\/#organization"},"image":{"@id":"https:\/\/lightweb.dev\/l\/svm-temp\/nyheter\/brand-i-mijas\/#primaryimage"},"thumbnailUrl":"https:\/\/lightweb.dev\/l\/svm-temp\/wp-content\/uploads\/2024\/07\/infoca-incendio-U190687681097GcB-U220865284168QwC-650x455@Diario-Sur.jpg","articleSection":["Arkiv","Nyheter"],"inLanguage":"sv-SE"},{"@type":"WebPage","@id":"https:\/\/lightweb.dev\/l\/svm-temp\/nyheter\/brand-i-mijas\/","url":"https:\/\/lightweb.dev\/l\/svm-temp\/nyheter\/brand-i-mijas\/","name":"Brand i Mijas - Svenska Magasinet","isPartOf":{"@id":"https:\/\/lightweb.dev\/l\/svm-temp\/#website"},"primaryImageOfPage":{"@id":"https:\/\/lightweb.dev\/l\/svm-temp\/nyheter\/brand-i-mijas\/#primaryimage"},"image":{"@id":"https:\/\/lightweb.dev\/l\/svm-temp\/nyheter\/brand-i-mijas\/#primaryimage"},"thumbnailUrl":"https:\/\/lightweb.dev\/l\/svm-temp\/wp-content\/uploads\/2024\/07\/infoca-incendio-U190687681097GcB-U220865284168QwC-650x455@Diario-Sur.jpg","datePublished":"2024-07-31T12:10:35+00:00","dateModified":"2024-07-31T13:19:36+00:00","breadcrumb":{"@id":"https:\/\/lightweb.dev\/l\/svm-temp\/nyheter\/brand-i-mijas\/#breadcrumb"},"inLanguage":"sv-SE","potentialAction":[{"@type":"ReadAction","target":["https:\/\/lightweb.dev\/l\/svm-temp\/nyheter\/brand-i-mijas\/"]}]},{"@type":"ImageObject","inLanguage":"sv-SE","@id":"https:\/\/lightweb.dev\/l\/svm-temp\/nyheter\/brand-i-mijas\/#primaryimage","url":"https:\/\/lightweb.dev\/l\/svm-temp\/wp-content\/uploads\/2024\/07\/infoca-incendio-U190687681097GcB-U220865284168QwC-650x455@Diario-Sur.jpg","contentUrl":"https:\/\/lightweb.dev\/l\/svm-temp\/wp-content\/uploads\/2024\/07\/infoca-incendio-U190687681097GcB-U220865284168QwC-650x455@Diario-Sur.jpg","width":650,"height":455,"caption":"(Bild: Plan Infoca)"},{"@type":"BreadcrumbList","@id":"https:\/\/lightweb.dev\/l\/svm-temp\/nyheter\/brand-i-mijas\/#breadcrumb","itemListElement":[{"@type":"ListItem","position":1,"name":"Hem","item":"https:\/\/lightweb.dev\/l\/svm-temp\/"},{"@type":"ListItem","position":2,"name":"Brand i Mijas"}]},{"@type":"WebSite","@id":"https:\/\/lightweb.dev\/l\/svm-temp\/#website","url":"https:\/\/lightweb.dev\/l\/svm-temp\/","name":"Svenska Magasinet","description":"Dina Spanska nyheter p&aring; Svenska","publisher":{"@id":"https:\/\/lightweb.dev\/l\/svm-temp\/#organization"},"potentialAction":[{"@type":"SearchAction","target":{"@type":"EntryPoint","urlTemplate":"https:\/\/lightweb.dev\/l\/svm-temp\/?s={search_term_string}"},"query-input":{"@type":"PropertyValueSpecification","valueRequired":true,"valueName":"search_term_string"}}],"inLanguage":"sv-SE"},{"@type":"Organization","@id":"https:\/\/lightweb.dev\/l\/svm-temp\/#organization","name":"Melkerson y Nott SL","alternateName":"Svenska Magasinet","url":"https:\/\/lightweb.dev\/l\/svm-temp\/","logo":{"@type":"ImageObject","inLanguage":"sv-SE","@id":"https:\/\/lightweb.dev\/l\/svm-temp\/#\/schema\/logo\/image\/","url":"https:\/\/lightweb.dev\/l\/svm-temp\/wp-content\/uploads\/2025\/02\/SvM-logo-Xtra-Centrerad-SVART.png","contentUrl":"https:\/\/lightweb.dev\/l\/svm-temp\/wp-content\/uploads\/2025\/02\/SvM-logo-Xtra-Centrerad-SVART.png","width":300,"height":99,"caption":"Melkerson y Nott SL"},"image":{"@id":"https:\/\/lightweb.dev\/l\/svm-temp\/#\/schema\/logo\/image\/"},"sameAs":["https:\/\/www.facebook.com\/svenskamagasinet","https:\/\/x.com\/SvenskaMagasine"]},{"@type":"Person","@id":"https:\/\/lightweb.dev\/l\/svm-temp\/#\/schema\/person\/caffe038990d25722f5a04a03c906a2b","name":"Robbie Eriksson","sameAs":["https:\/\/lightweb.dev\/l\/svm-temp"],"url":"https:\/\/lightweb.dev\/l\/svm-temp\/reporter\/robbie-eriksson\/"}]}},"_links":{"self":[{"href":"https:\/\/lightweb.dev\/l\/svm-temp\/wp-json\/wp\/v2\/posts\/73557","targetHints":{"allow":["GET"]}}],"collection":[{"href":"https:\/\/lightweb.dev\/l\/svm-temp\/wp-json\/wp\/v2\/posts"}],"about":[{"href":"https:\/\/lightweb.dev\/l\/svm-temp\/wp-json\/wp\/v2\/types\/post"}],"author":[{"embeddable":true,"href":"https:\/\/lightweb.dev\/l\/svm-temp\/wp-json\/wp\/v2\/users\/14"}],"replies":[{"embeddable":true,"href":"https:\/\/lightweb.dev\/l\/svm-temp\/wp-json\/wp\/v2\/comments?post=73557"}],"version-history":[{"count":0,"href":"https:\/\/lightweb.dev\/l\/svm-temp\/wp-json\/wp\/v2\/posts\/73557\/revisions"}],"wp:featuredmedia":[{"embeddable":true,"href":"https:\/\/lightweb.dev\/l\/svm-temp\/wp-json\/wp\/v2\/media\/73558"}],"wp:attachment":[{"href":"https:\/\/lightweb.dev\/l\/svm-temp\/wp-json\/wp\/v2\/media?parent=73557"}],"wp:term":[{"taxonomy":"category","embeddable":true,"href":"https:\/\/lightweb.dev\/l\/svm-temp\/wp-json\/wp\/v2\/categories?post=73557"},{"taxonomy":"post_tag","embeddable":true,"href":"https:\/\/lightweb.dev\/l\/svm-temp\/wp-json\/wp\/v2\/tags?post=73557"}],"curies":[{"name":"wp","href":"https:\/\/api.w.org\/{rel}","templated":true}]}}