{"id":73564,"date":"2024-07-31T15:25:53","date_gmt":"2024-07-31T13:25:53","guid":{"rendered":"https:\/\/lightweb.dev\/l\/svm-temp\/?p=73564"},"modified":"2024-08-03T12:21:32","modified_gmt":"2024-08-03T10:21:32","slug":"regeringen-godkanner-lan-for-att-bygga-billiga-bostader","status":"publish","type":"post","link":"https:\/\/lightweb.dev\/l\/svm-temp\/nyheter\/regeringen-godkanner-lan-for-att-bygga-billiga-bostader\/","title":{"rendered":"Regeringen godk\u00e4nner l\u00e5n f\u00f6r att bygga billiga bost\u00e4der"},"content":{"rendered":"<p><strong>F\u00f6r att \u00f6ka best\u00e5ndet av subventionerade bost\u00e4der har regeringen gett gr\u00f6nt ljus till billiga l\u00e5n f\u00f6r att skapa 43 000 nya hem.\u00a0<\/strong><\/p>\n<p><strong>Totalt r\u00f6r det sig om 6 miljarder euro varav 4 miljarder kommer fr\u00e5n EUs \u00e5terh\u00e4mtningsfonder.\u00a0<\/strong><\/p>\n<p><span style=\"font-weight: 400;\">I m\u00e5ndags skrev den spanska centralregeringen under ett avtal som inneb\u00e4r ett l\u00e5n p\u00e5 6 miljarder euro f\u00f6r att bygga eller renovera 43 000 subventionerade hyresbost\u00e4der. Dessa hem ska hyras ut till l\u00e4gre priser i minst 50 \u00e5r efter att de st\u00e5r klara. Premi\u00e4rminister <\/span><span style=\"font-weight: 400;\">Pedro S\u00e1nchez deltog, tillsammans med flera andra ministrar, vid undertecknandet.\u00a0<\/span><\/p>\n<p><span style=\"font-weight: 400;\">Premi\u00e4rministern p\u00e5minde om att han lovat 180 000 nya hem till \u00f6verkomliga priser i samband med att han svors in som regeringschef. Vid m\u00e5ndagens sammantr\u00e4de sade han att det idag \u201cfinns fler \u00e4n 80 000 bost\u00e4der i olika faser av utveckling\u201d och han kallade situationen p\u00e5 bostadsmarknaden f\u00f6r ett \u201cdrama som upplevs av miljontals medborgare\u201d. Han menade \u00e4ven att marknaden \u201cinte kan erbjuda en l\u00f6sning genom magi. Det \u00e4r ett problem som utmanar alla oss som har makten\u201d.\u00a0<\/span><\/p>\n<p><span style=\"font-weight: 400;\">Den nya \u00f6verenskommelsen inneb\u00e4r att 6 miljarder euro betalas ut i form av l\u00e5n och garantier till olika fastighetsutvecklare, b\u00e5de privata och offentliga. Fyra av dessa miljarder kommer fr\u00e5n EUs \u00e5terh\u00e4mtningsfonder.<\/span><\/p>\n<p><span style=\"font-weight: 400;\">Regeringen har ocks\u00e5 garanterat att 50 procent av de l\u00e5nade pengarna kommer att vara r\u00e4ntefria.\u00a0<\/span><\/p>\n<p><a href=\"https:\/\/lightweb.dev\/l\/svm-temp\/artiklar\/ekonomi\/spanien-far-fjarde-utbetalningen-fran-eus-aterhamtningsfond\/\"><span style=\"font-weight: 400;\">L\u00e4s mer: <\/span><b>Spanien f\u00e5r fj\u00e4rde utbetalningen fr\u00e5n EU:s \u00e5terh\u00e4mtningsfond<\/b><\/a><\/p>\n<h2><span style=\"font-weight: 400;\">20 &#8211; 25 % billigare<\/span><\/h2>\n<p><span style=\"font-weight: 400;\">Hyrorna kommer att s\u00e4ttas av bostadsdepartementet tillsammans med regionerna d\u00e4r de nya bost\u00e4derna byggs. De kommer att ligga omkring 20 &#8211; 25 procent under marknadsv\u00e4rdet.\u00a0<\/span><\/p>\n<p><span style=\"font-weight: 400;\">Enligt departementet v\u00e4ntar redan 16 500 byggprojekt p\u00e5 finansiering fr\u00e5n dessa l\u00e5n, varav 6 500 ligger i Madridregionen.\u00a0<\/span><\/p>\n<p><span style=\"font-weight: 400;\">\u201cRegeringens \u00e5tagande \u00e4r att \u00f6ka tillg\u00e5ngen p\u00e5 offentliga bost\u00e4der till europeisk standard, \u00e5tminstone 9 procent, och vi kommer att uppn\u00e5 detta genom samarbete mellan det offentliga och det privata. Jag tror att detta \u00e4r prototypen f\u00f6r den modell som vi m\u00e5ste ut\u00f6ka f\u00f6r att kunna n\u00e5 m\u00e5let att s\u00e4kerst\u00e4lla fler subventionerade bost\u00e4der,\u201d sade bostadsminister Isabel Rodr\u00edguez.\u00a0<\/span><\/p>\n<p><span style=\"font-weight: 400;\">I dagsl\u00e4get utg\u00f6r denna typ av bost\u00e4der knappt 2,5 procent av de totala bost\u00e4derna i landet. Det europeiska genomsnittet \u00e4r 9,3 procent. Enligt uppgifter fr\u00e5n departementet f\u00f6r transport, r\u00f6rlighet och urban agenda bor dessutom bara 1,6 procent av de spanska hush\u00e5llen i s\u00e5dana hem. <\/span><\/p>\n","protected":false},"excerpt":{"rendered":"<p>F\u00f6r att \u00f6ka best\u00e5ndet av subventionerade bost\u00e4der har regeringen gett gr\u00f6nt ljus till billiga l\u00e5n f\u00f6r att skapa 43 000 nya hem.\u00a0Totalt r\u00f6r det sig om 6 miljarder euro varav 4 miljarder kommer fr\u00e5n EUs \u00e5terh\u00e4mtningsfoder.\u00a0<\/p>\n","protected":false},"author":14,"featured_media":72746,"comment_status":"closed","ping_status":"closed","sticky":false,"template":"","format":"standard","meta":{"_et_pb_use_builder":"","_et_pb_old_content":"","_et_gb_content_width":"","footnotes":""},"categories":[395,3],"tags":[],"class_list":["post-73564","post","type-post","status-publish","format-standard","has-post-thumbnail","hentry","category-arkiv-nyheter","category-nyheter"],"yoast_head":"<!-- This site is optimized with the Yoast SEO Premium plugin v26.2 (Yoast SEO v27.4) - https:\/\/yoast.com\/product\/yoast-seo-premium-wordpress\/ -->\n<title>Regeringen godk\u00e4nner l\u00e5n f\u00f6r att bygga billiga bost\u00e4der - Svenska Magasinet<\/title>\n<meta name=\"description\" content=\"Regeringen godk\u00e4nner l\u00e5n f\u00f6r att skapa \u00f6verkomliga bost\u00e4der. L\u00e4s om satsningen p\u00e5 43 000 subventionerade hem i Sverige.\" \/>\n<meta name=\"robots\" content=\"noindex, follow, max-snippet:-1, max-image-preview:large, max-video-preview:-1\" \/>\n<meta property=\"og:locale\" content=\"sv_SE\" \/>\n<meta property=\"og:type\" content=\"article\" \/>\n<meta property=\"og:title\" content=\"Regeringen godk\u00e4nner l\u00e5n f\u00f6r att bygga billiga bost\u00e4der\" \/>\n<meta property=\"og:description\" content=\"Regeringen godk\u00e4nner l\u00e5n f\u00f6r att skapa \u00f6verkomliga bost\u00e4der. L\u00e4s om satsningen p\u00e5 43 000 subventionerade hem i Sverige.\" \/>\n<meta property=\"og:url\" content=\"https:\/\/lightweb.dev\/l\/svm-temp\/nyheter\/regeringen-godkanner-lan-for-att-bygga-billiga-bostader\/\" \/>\n<meta property=\"og:site_name\" content=\"Svenska Magasinet\" \/>\n<meta property=\"article:publisher\" content=\"https:\/\/www.facebook.com\/svenskamagasinet\" \/>\n<meta property=\"article:published_time\" content=\"2024-07-31T13:25:53+00:00\" \/>\n<meta property=\"article:modified_time\" content=\"2024-08-03T10:21:32+00:00\" \/>\n<meta property=\"og:image\" content=\"https:\/\/lightweb.dev\/l\/svm-temp\/wp-content\/uploads\/2024\/06\/DSC_6197-Stor.jpeg\" \/>\n\t<meta property=\"og:image:width\" content=\"857\" \/>\n\t<meta property=\"og:image:height\" content=\"1280\" \/>\n\t<meta property=\"og:image:type\" content=\"image\/jpeg\" \/>\n<meta name=\"author\" content=\"Robbie Eriksson\" \/>\n<meta name=\"twitter:card\" content=\"summary_large_image\" \/>\n<meta name=\"twitter:creator\" content=\"@SvenskaMagasine\" \/>\n<meta name=\"twitter:site\" content=\"@SvenskaMagasine\" \/>\n<script type=\"application\/ld+json\" class=\"yoast-schema-graph\">{\"@context\":\"https:\\\/\\\/schema.org\",\"@graph\":[{\"@type\":\"Article\",\"@id\":\"https:\\\/\\\/lightweb.dev\\\/l\\\/svm-temp\\\/nyheter\\\/regeringen-godkanner-lan-for-att-bygga-billiga-bostader\\\/#article\",\"isPartOf\":{\"@id\":\"https:\\\/\\\/lightweb.dev\\\/l\\\/svm-temp\\\/nyheter\\\/regeringen-godkanner-lan-for-att-bygga-billiga-bostader\\\/\"},\"author\":{\"name\":\"Robbie Eriksson\",\"@id\":\"https:\\\/\\\/lightweb.dev\\\/l\\\/svm-temp\\\/#\\\/schema\\\/person\\\/caffe038990d25722f5a04a03c906a2b\"},\"headline\":\"Regeringen godk\u00e4nner l\u00e5n f\u00f6r att bygga billiga bost\u00e4der\",\"datePublished\":\"2024-07-31T13:25:53+00:00\",\"dateModified\":\"2024-08-03T10:21:32+00:00\",\"mainEntityOfPage\":{\"@id\":\"https:\\\/\\\/lightweb.dev\\\/l\\\/svm-temp\\\/nyheter\\\/regeringen-godkanner-lan-for-att-bygga-billiga-bostader\\\/\"},\"wordCount\":422,\"publisher\":{\"@id\":\"https:\\\/\\\/lightweb.dev\\\/l\\\/svm-temp\\\/#organization\"},\"image\":{\"@id\":\"https:\\\/\\\/lightweb.dev\\\/l\\\/svm-temp\\\/nyheter\\\/regeringen-godkanner-lan-for-att-bygga-billiga-bostader\\\/#primaryimage\"},\"thumbnailUrl\":\"https:\\\/\\\/lightweb.dev\\\/l\\\/svm-temp\\\/wp-content\\\/uploads\\\/2024\\\/06\\\/DSC_6197-Stor.jpeg\",\"articleSection\":[\"Arkiv\",\"Nyheter\"],\"inLanguage\":\"sv-SE\"},{\"@type\":\"WebPage\",\"@id\":\"https:\\\/\\\/lightweb.dev\\\/l\\\/svm-temp\\\/nyheter\\\/regeringen-godkanner-lan-for-att-bygga-billiga-bostader\\\/\",\"url\":\"https:\\\/\\\/lightweb.dev\\\/l\\\/svm-temp\\\/nyheter\\\/regeringen-godkanner-lan-for-att-bygga-billiga-bostader\\\/\",\"name\":\"Regeringen godk\u00e4nner l\u00e5n f\u00f6r att bygga billiga bost\u00e4der - Svenska Magasinet\",\"isPartOf\":{\"@id\":\"https:\\\/\\\/lightweb.dev\\\/l\\\/svm-temp\\\/#website\"},\"primaryImageOfPage\":{\"@id\":\"https:\\\/\\\/lightweb.dev\\\/l\\\/svm-temp\\\/nyheter\\\/regeringen-godkanner-lan-for-att-bygga-billiga-bostader\\\/#primaryimage\"},\"image\":{\"@id\":\"https:\\\/\\\/lightweb.dev\\\/l\\\/svm-temp\\\/nyheter\\\/regeringen-godkanner-lan-for-att-bygga-billiga-bostader\\\/#primaryimage\"},\"thumbnailUrl\":\"https:\\\/\\\/lightweb.dev\\\/l\\\/svm-temp\\\/wp-content\\\/uploads\\\/2024\\\/06\\\/DSC_6197-Stor.jpeg\",\"datePublished\":\"2024-07-31T13:25:53+00:00\",\"dateModified\":\"2024-08-03T10:21:32+00:00\",\"description\":\"Regeringen godk\u00e4nner l\u00e5n f\u00f6r att skapa \u00f6verkomliga bost\u00e4der. L\u00e4s om satsningen p\u00e5 43 000 subventionerade hem i Sverige.\",\"breadcrumb\":{\"@id\":\"https:\\\/\\\/lightweb.dev\\\/l\\\/svm-temp\\\/nyheter\\\/regeringen-godkanner-lan-for-att-bygga-billiga-bostader\\\/#breadcrumb\"},\"inLanguage\":\"sv-SE\",\"potentialAction\":[{\"@type\":\"ReadAction\",\"target\":[\"https:\\\/\\\/lightweb.dev\\\/l\\\/svm-temp\\\/nyheter\\\/regeringen-godkanner-lan-for-att-bygga-billiga-bostader\\\/\"]}]},{\"@type\":\"ImageObject\",\"inLanguage\":\"sv-SE\",\"@id\":\"https:\\\/\\\/lightweb.dev\\\/l\\\/svm-temp\\\/nyheter\\\/regeringen-godkanner-lan-for-att-bygga-billiga-bostader\\\/#primaryimage\",\"url\":\"https:\\\/\\\/lightweb.dev\\\/l\\\/svm-temp\\\/wp-content\\\/uploads\\\/2024\\\/06\\\/DSC_6197-Stor.jpeg\",\"contentUrl\":\"https:\\\/\\\/lightweb.dev\\\/l\\\/svm-temp\\\/wp-content\\\/uploads\\\/2024\\\/06\\\/DSC_6197-Stor.jpeg\",\"width\":857,\"height\":1280},{\"@type\":\"BreadcrumbList\",\"@id\":\"https:\\\/\\\/lightweb.dev\\\/l\\\/svm-temp\\\/nyheter\\\/regeringen-godkanner-lan-for-att-bygga-billiga-bostader\\\/#breadcrumb\",\"itemListElement\":[{\"@type\":\"ListItem\",\"position\":1,\"name\":\"Hem\",\"item\":\"https:\\\/\\\/lightweb.dev\\\/l\\\/svm-temp\\\/\"},{\"@type\":\"ListItem\",\"position\":2,\"name\":\"Regeringen godk\u00e4nner l\u00e5n f\u00f6r att bygga billiga bost\u00e4der\"}]},{\"@type\":\"WebSite\",\"@id\":\"https:\\\/\\\/lightweb.dev\\\/l\\\/svm-temp\\\/#website\",\"url\":\"https:\\\/\\\/lightweb.dev\\\/l\\\/svm-temp\\\/\",\"name\":\"Svenska Magasinet\",\"description\":\"Dina Spanska nyheter p&aring; Svenska\",\"publisher\":{\"@id\":\"https:\\\/\\\/lightweb.dev\\\/l\\\/svm-temp\\\/#organization\"},\"potentialAction\":[{\"@type\":\"SearchAction\",\"target\":{\"@type\":\"EntryPoint\",\"urlTemplate\":\"https:\\\/\\\/lightweb.dev\\\/l\\\/svm-temp\\\/?s={search_term_string}\"},\"query-input\":{\"@type\":\"PropertyValueSpecification\",\"valueRequired\":true,\"valueName\":\"search_term_string\"}}],\"inLanguage\":\"sv-SE\"},{\"@type\":\"Organization\",\"@id\":\"https:\\\/\\\/lightweb.dev\\\/l\\\/svm-temp\\\/#organization\",\"name\":\"Melkerson y Nott SL\",\"alternateName\":\"Svenska Magasinet\",\"url\":\"https:\\\/\\\/lightweb.dev\\\/l\\\/svm-temp\\\/\",\"logo\":{\"@type\":\"ImageObject\",\"inLanguage\":\"sv-SE\",\"@id\":\"https:\\\/\\\/lightweb.dev\\\/l\\\/svm-temp\\\/#\\\/schema\\\/logo\\\/image\\\/\",\"url\":\"https:\\\/\\\/lightweb.dev\\\/l\\\/svm-temp\\\/wp-content\\\/uploads\\\/2025\\\/02\\\/SvM-logo-Xtra-Centrerad-SVART.png\",\"contentUrl\":\"https:\\\/\\\/lightweb.dev\\\/l\\\/svm-temp\\\/wp-content\\\/uploads\\\/2025\\\/02\\\/SvM-logo-Xtra-Centrerad-SVART.png\",\"width\":300,\"height\":99,\"caption\":\"Melkerson y Nott SL\"},\"image\":{\"@id\":\"https:\\\/\\\/lightweb.dev\\\/l\\\/svm-temp\\\/#\\\/schema\\\/logo\\\/image\\\/\"},\"sameAs\":[\"https:\\\/\\\/www.facebook.com\\\/svenskamagasinet\",\"https:\\\/\\\/x.com\\\/SvenskaMagasine\"]},{\"@type\":\"Person\",\"@id\":\"https:\\\/\\\/lightweb.dev\\\/l\\\/svm-temp\\\/#\\\/schema\\\/person\\\/caffe038990d25722f5a04a03c906a2b\",\"name\":\"Robbie Eriksson\",\"sameAs\":[\"https:\\\/\\\/lightweb.dev\\\/l\\\/svm-temp\"],\"url\":\"https:\\\/\\\/lightweb.dev\\\/l\\\/svm-temp\\\/reporter\\\/robbie-eriksson\\\/\"}]}<\/script>\n<!-- \/ Yoast SEO Premium plugin. -->","yoast_head_json":{"title":"Regeringen godk\u00e4nner l\u00e5n f\u00f6r att bygga billiga bost\u00e4der - Svenska Magasinet","description":"Regeringen godk\u00e4nner l\u00e5n f\u00f6r att skapa \u00f6verkomliga bost\u00e4der. L\u00e4s om satsningen p\u00e5 43 000 subventionerade hem i Sverige.","robots":{"index":"noindex","follow":"follow","max-snippet":"max-snippet:-1","max-image-preview":"max-image-preview:large","max-video-preview":"max-video-preview:-1"},"og_locale":"sv_SE","og_type":"article","og_title":"Regeringen godk\u00e4nner l\u00e5n f\u00f6r att bygga billiga bost\u00e4der","og_description":"Regeringen godk\u00e4nner l\u00e5n f\u00f6r att skapa \u00f6verkomliga bost\u00e4der. L\u00e4s om satsningen p\u00e5 43 000 subventionerade hem i Sverige.","og_url":"https:\/\/lightweb.dev\/l\/svm-temp\/nyheter\/regeringen-godkanner-lan-for-att-bygga-billiga-bostader\/","og_site_name":"Svenska Magasinet","article_publisher":"https:\/\/www.facebook.com\/svenskamagasinet","article_published_time":"2024-07-31T13:25:53+00:00","article_modified_time":"2024-08-03T10:21:32+00:00","og_image":[{"width":857,"height":1280,"url":"https:\/\/lightweb.dev\/l\/svm-temp\/wp-content\/uploads\/2024\/06\/DSC_6197-Stor.jpeg","type":"image\/jpeg"}],"author":"Robbie Eriksson","twitter_card":"summary_large_image","twitter_creator":"@SvenskaMagasine","twitter_site":"@SvenskaMagasine","schema":{"@context":"https:\/\/schema.org","@graph":[{"@type":"Article","@id":"https:\/\/lightweb.dev\/l\/svm-temp\/nyheter\/regeringen-godkanner-lan-for-att-bygga-billiga-bostader\/#article","isPartOf":{"@id":"https:\/\/lightweb.dev\/l\/svm-temp\/nyheter\/regeringen-godkanner-lan-for-att-bygga-billiga-bostader\/"},"author":{"name":"Robbie Eriksson","@id":"https:\/\/lightweb.dev\/l\/svm-temp\/#\/schema\/person\/caffe038990d25722f5a04a03c906a2b"},"headline":"Regeringen godk\u00e4nner l\u00e5n f\u00f6r att bygga billiga bost\u00e4der","datePublished":"2024-07-31T13:25:53+00:00","dateModified":"2024-08-03T10:21:32+00:00","mainEntityOfPage":{"@id":"https:\/\/lightweb.dev\/l\/svm-temp\/nyheter\/regeringen-godkanner-lan-for-att-bygga-billiga-bostader\/"},"wordCount":422,"publisher":{"@id":"https:\/\/lightweb.dev\/l\/svm-temp\/#organization"},"image":{"@id":"https:\/\/lightweb.dev\/l\/svm-temp\/nyheter\/regeringen-godkanner-lan-for-att-bygga-billiga-bostader\/#primaryimage"},"thumbnailUrl":"https:\/\/lightweb.dev\/l\/svm-temp\/wp-content\/uploads\/2024\/06\/DSC_6197-Stor.jpeg","articleSection":["Arkiv","Nyheter"],"inLanguage":"sv-SE"},{"@type":"WebPage","@id":"https:\/\/lightweb.dev\/l\/svm-temp\/nyheter\/regeringen-godkanner-lan-for-att-bygga-billiga-bostader\/","url":"https:\/\/lightweb.dev\/l\/svm-temp\/nyheter\/regeringen-godkanner-lan-for-att-bygga-billiga-bostader\/","name":"Regeringen godk\u00e4nner l\u00e5n f\u00f6r att bygga billiga bost\u00e4der - Svenska Magasinet","isPartOf":{"@id":"https:\/\/lightweb.dev\/l\/svm-temp\/#website"},"primaryImageOfPage":{"@id":"https:\/\/lightweb.dev\/l\/svm-temp\/nyheter\/regeringen-godkanner-lan-for-att-bygga-billiga-bostader\/#primaryimage"},"image":{"@id":"https:\/\/lightweb.dev\/l\/svm-temp\/nyheter\/regeringen-godkanner-lan-for-att-bygga-billiga-bostader\/#primaryimage"},"thumbnailUrl":"https:\/\/lightweb.dev\/l\/svm-temp\/wp-content\/uploads\/2024\/06\/DSC_6197-Stor.jpeg","datePublished":"2024-07-31T13:25:53+00:00","dateModified":"2024-08-03T10:21:32+00:00","description":"Regeringen godk\u00e4nner l\u00e5n f\u00f6r att skapa \u00f6verkomliga bost\u00e4der. L\u00e4s om satsningen p\u00e5 43 000 subventionerade hem i Sverige.","breadcrumb":{"@id":"https:\/\/lightweb.dev\/l\/svm-temp\/nyheter\/regeringen-godkanner-lan-for-att-bygga-billiga-bostader\/#breadcrumb"},"inLanguage":"sv-SE","potentialAction":[{"@type":"ReadAction","target":["https:\/\/lightweb.dev\/l\/svm-temp\/nyheter\/regeringen-godkanner-lan-for-att-bygga-billiga-bostader\/"]}]},{"@type":"ImageObject","inLanguage":"sv-SE","@id":"https:\/\/lightweb.dev\/l\/svm-temp\/nyheter\/regeringen-godkanner-lan-for-att-bygga-billiga-bostader\/#primaryimage","url":"https:\/\/lightweb.dev\/l\/svm-temp\/wp-content\/uploads\/2024\/06\/DSC_6197-Stor.jpeg","contentUrl":"https:\/\/lightweb.dev\/l\/svm-temp\/wp-content\/uploads\/2024\/06\/DSC_6197-Stor.jpeg","width":857,"height":1280},{"@type":"BreadcrumbList","@id":"https:\/\/lightweb.dev\/l\/svm-temp\/nyheter\/regeringen-godkanner-lan-for-att-bygga-billiga-bostader\/#breadcrumb","itemListElement":[{"@type":"ListItem","position":1,"name":"Hem","item":"https:\/\/lightweb.dev\/l\/svm-temp\/"},{"@type":"ListItem","position":2,"name":"Regeringen godk\u00e4nner l\u00e5n f\u00f6r att bygga billiga bost\u00e4der"}]},{"@type":"WebSite","@id":"https:\/\/lightweb.dev\/l\/svm-temp\/#website","url":"https:\/\/lightweb.dev\/l\/svm-temp\/","name":"Svenska Magasinet","description":"Dina Spanska nyheter p&aring; Svenska","publisher":{"@id":"https:\/\/lightweb.dev\/l\/svm-temp\/#organization"},"potentialAction":[{"@type":"SearchAction","target":{"@type":"EntryPoint","urlTemplate":"https:\/\/lightweb.dev\/l\/svm-temp\/?s={search_term_string}"},"query-input":{"@type":"PropertyValueSpecification","valueRequired":true,"valueName":"search_term_string"}}],"inLanguage":"sv-SE"},{"@type":"Organization","@id":"https:\/\/lightweb.dev\/l\/svm-temp\/#organization","name":"Melkerson y Nott SL","alternateName":"Svenska Magasinet","url":"https:\/\/lightweb.dev\/l\/svm-temp\/","logo":{"@type":"ImageObject","inLanguage":"sv-SE","@id":"https:\/\/lightweb.dev\/l\/svm-temp\/#\/schema\/logo\/image\/","url":"https:\/\/lightweb.dev\/l\/svm-temp\/wp-content\/uploads\/2025\/02\/SvM-logo-Xtra-Centrerad-SVART.png","contentUrl":"https:\/\/lightweb.dev\/l\/svm-temp\/wp-content\/uploads\/2025\/02\/SvM-logo-Xtra-Centrerad-SVART.png","width":300,"height":99,"caption":"Melkerson y Nott SL"},"image":{"@id":"https:\/\/lightweb.dev\/l\/svm-temp\/#\/schema\/logo\/image\/"},"sameAs":["https:\/\/www.facebook.com\/svenskamagasinet","https:\/\/x.com\/SvenskaMagasine"]},{"@type":"Person","@id":"https:\/\/lightweb.dev\/l\/svm-temp\/#\/schema\/person\/caffe038990d25722f5a04a03c906a2b","name":"Robbie Eriksson","sameAs":["https:\/\/lightweb.dev\/l\/svm-temp"],"url":"https:\/\/lightweb.dev\/l\/svm-temp\/reporter\/robbie-eriksson\/"}]}},"_links":{"self":[{"href":"https:\/\/lightweb.dev\/l\/svm-temp\/wp-json\/wp\/v2\/posts\/73564","targetHints":{"allow":["GET"]}}],"collection":[{"href":"https:\/\/lightweb.dev\/l\/svm-temp\/wp-json\/wp\/v2\/posts"}],"about":[{"href":"https:\/\/lightweb.dev\/l\/svm-temp\/wp-json\/wp\/v2\/types\/post"}],"author":[{"embeddable":true,"href":"https:\/\/lightweb.dev\/l\/svm-temp\/wp-json\/wp\/v2\/users\/14"}],"replies":[{"embeddable":true,"href":"https:\/\/lightweb.dev\/l\/svm-temp\/wp-json\/wp\/v2\/comments?post=73564"}],"version-history":[{"count":0,"href":"https:\/\/lightweb.dev\/l\/svm-temp\/wp-json\/wp\/v2\/posts\/73564\/revisions"}],"wp:featuredmedia":[{"embeddable":true,"href":"https:\/\/lightweb.dev\/l\/svm-temp\/wp-json\/wp\/v2\/media\/72746"}],"wp:attachment":[{"href":"https:\/\/lightweb.dev\/l\/svm-temp\/wp-json\/wp\/v2\/media?parent=73564"}],"wp:term":[{"taxonomy":"category","embeddable":true,"href":"https:\/\/lightweb.dev\/l\/svm-temp\/wp-json\/wp\/v2\/categories?post=73564"},{"taxonomy":"post_tag","embeddable":true,"href":"https:\/\/lightweb.dev\/l\/svm-temp\/wp-json\/wp\/v2\/tags?post=73564"}],"curies":[{"name":"wp","href":"https:\/\/api.w.org\/{rel}","templated":true}]}}