{"id":73566,"date":"2024-07-31T15:29:56","date_gmt":"2024-07-31T13:29:56","guid":{"rendered":"https:\/\/lightweb.dev\/l\/svm-temp\/?p=73566"},"modified":"2024-07-31T15:29:56","modified_gmt":"2024-07-31T13:29:56","slug":"samre-skord-pa-costa-tropical","status":"publish","type":"post","link":"https:\/\/lightweb.dev\/l\/svm-temp\/nyheter\/samre-skord-pa-costa-tropical\/","title":{"rendered":"S\u00e4mre sk\u00f6rd p\u00e5 Costa Tropical"},"content":{"rendered":"<p><strong>P\u00e5 grund av klimatf\u00f6r\u00e4ndringarna ser \u00e5rets sk\u00f6rd ut att generera 90 procent mindre avokado och mango \u00e4n normalt.\u00a0<\/strong><\/p>\n<p><span style=\"font-weight: 400;\">Det ser ut att bli ytterligare en katastrofal sk\u00f6rd l\u00e4ngs Costa Tropical i Granadaprovinsen. V\u00e4xlande temperaturer i kombination med torkan har gjort att tr\u00e4den knappt gett n\u00e5gon frukt under de senaste fem \u00e5ren. Dessutom \u00f6kar risken f\u00f6r att tr\u00e4den f\u00f6rst\u00f6rs av skadedjur.\u00a0<\/span><\/p>\n<p><span style=\"font-weight: 400;\">I Rio Verde-dalen ser 95 procent av odlarna, fler \u00e4n 2 000 stycken, ut att f\u00f6rlora omkring 90 procent av en normal sk\u00f6rd n\u00e4r det g\u00e4ller gr\u00f6dor som mango och avokado. Detta inneb\u00e4r att Jordbruksf\u00f6reningen ber\u00e4knar att man under \u00e5rets s\u00e4song endast kommer att f\u00e5 in, som mest, 20 procent av vad som varit m\u00f6jligt utan klimatf\u00f6r\u00e4ndringarna.\u00a0<\/span><\/p>\n<p><span style=\"font-weight: 400;\">Den ekonomiska f\u00f6rlusten ser ut att bli i miljonklassen. Ett normalt \u00e5r producerar Costa Tropical omkring 100 000 ton subtropisk frukt. Av det \u00e4r omkring h\u00e4lften avokado eller mango, resten \u00e4r framf\u00f6rallt olika \u00e4ppelsorter som klarar sig b\u00e4ttre.\u00a0<\/span><\/p>\n<p><span style=\"font-weight: 400;\">Enligt Juan Camacho, talesperson p\u00e5 COAG, v\u00e4ntas \u00e5rets sk\u00f6rd bli den s\u00e4msta i historien och betydligt s\u00e4mre \u00e4n de senaste redan svaga \u00e5ren.\u00a0<\/span><\/p>\n<p><span style=\"font-weight: 400;\">\u201cDe drastiska f\u00f6r\u00e4ndringarna i temperaturen som vi har lidit av, med h\u00f6ga toppar och djupa fall, har inneburit att blommorna inte befruktas korrekt och flera av frukterna har inte \u00f6verlevt\u201d, sade Camacho.\u00a0<\/span><\/p>\n<p><span style=\"font-weight: 400;\">N\u00e4r det g\u00e4ller specifikt avokado f\u00f6rv\u00e4rras situationen av skadedjur som svamp som sprids via luften och vita spindelkvalster. Avokadotr\u00e4dens f\u00f6rsvar mot dessa \u00e4r mycket f\u00f6rsvagade efter flera \u00e5r av torka. De tr\u00e4d som drabbats m\u00e5ste huggas ner f\u00f6r att hindra ytterligare spridning.\u00a0<\/span><\/p>\n<p><span style=\"font-weight: 400;\">Enligt ber\u00e4kningarna kommer odlarna att f\u00f6rlora omkring 15 000 euro per hektar n\u00e4r det g\u00e4ller odling av avokado och 16 000 n\u00e4r det g\u00e4ller mango.\u00a0<\/span><\/p>\n<p>&nbsp;<\/p>\n","protected":false},"excerpt":{"rendered":"<p>P\u00e5 grund av klimatf\u00f6r\u00e4ndringarna ser \u00e5rets sk\u00f6rd ut att generera 90 procent mindre avokado och mango \u00e4n normalt.\u00a0<\/p>\n","protected":false},"author":14,"featured_media":60678,"comment_status":"closed","ping_status":"closed","sticky":false,"template":"","format":"standard","meta":{"_et_pb_use_builder":"","_et_pb_old_content":"","_et_gb_content_width":"","footnotes":""},"categories":[395,3],"tags":[],"class_list":["post-73566","post","type-post","status-publish","format-standard","has-post-thumbnail","hentry","category-arkiv-nyheter","category-nyheter"],"yoast_head":"<!-- This site is optimized with the Yoast SEO Premium plugin v26.2 (Yoast SEO v27.4) - https:\/\/yoast.com\/product\/yoast-seo-premium-wordpress\/ -->\n<title>S\u00e4mre sk\u00f6rd p\u00e5 Costa Tropical - Svenska Magasinet<\/title>\n<meta name=\"robots\" content=\"noindex, follow, max-snippet:-1, max-image-preview:large, max-video-preview:-1\" \/>\n<meta property=\"og:locale\" content=\"sv_SE\" \/>\n<meta property=\"og:type\" content=\"article\" \/>\n<meta property=\"og:title\" content=\"S\u00e4mre sk\u00f6rd p\u00e5 Costa Tropical\" \/>\n<meta property=\"og:description\" content=\"P\u00e5 grund av klimatf\u00f6r\u00e4ndringarna ser \u00e5rets sk\u00f6rd ut att generera 90 procent mindre avokado och mango \u00e4n normalt.\u00a0\" \/>\n<meta property=\"og:url\" content=\"https:\/\/lightweb.dev\/l\/svm-temp\/nyheter\/samre-skord-pa-costa-tropical\/\" \/>\n<meta property=\"og:site_name\" content=\"Svenska Magasinet\" \/>\n<meta property=\"article:publisher\" content=\"https:\/\/www.facebook.com\/svenskamagasinet\" \/>\n<meta property=\"article:published_time\" content=\"2024-07-31T13:29:56+00:00\" \/>\n<meta property=\"og:image\" content=\"https:\/\/lightweb.dev\/l\/svm-temp\/wp-content\/uploads\/2023\/01\/woman-s-hands-harvesting-fresh-ripe-organic-hass-avocado-stor.jpeg\" \/>\n\t<meta property=\"og:image:width\" content=\"1280\" \/>\n\t<meta property=\"og:image:height\" content=\"855\" \/>\n\t<meta property=\"og:image:type\" content=\"image\/jpeg\" \/>\n<meta name=\"author\" content=\"Robbie Eriksson\" \/>\n<meta name=\"twitter:card\" content=\"summary_large_image\" \/>\n<meta name=\"twitter:creator\" content=\"@SvenskaMagasine\" \/>\n<meta name=\"twitter:site\" content=\"@SvenskaMagasine\" \/>\n<script type=\"application\/ld+json\" class=\"yoast-schema-graph\">{\"@context\":\"https:\\\/\\\/schema.org\",\"@graph\":[{\"@type\":\"Article\",\"@id\":\"https:\\\/\\\/lightweb.dev\\\/l\\\/svm-temp\\\/nyheter\\\/samre-skord-pa-costa-tropical\\\/#article\",\"isPartOf\":{\"@id\":\"https:\\\/\\\/lightweb.dev\\\/l\\\/svm-temp\\\/nyheter\\\/samre-skord-pa-costa-tropical\\\/\"},\"author\":{\"name\":\"Robbie Eriksson\",\"@id\":\"https:\\\/\\\/lightweb.dev\\\/l\\\/svm-temp\\\/#\\\/schema\\\/person\\\/caffe038990d25722f5a04a03c906a2b\"},\"headline\":\"S\u00e4mre sk\u00f6rd p\u00e5 Costa Tropical\",\"datePublished\":\"2024-07-31T13:29:56+00:00\",\"mainEntityOfPage\":{\"@id\":\"https:\\\/\\\/lightweb.dev\\\/l\\\/svm-temp\\\/nyheter\\\/samre-skord-pa-costa-tropical\\\/\"},\"wordCount\":324,\"publisher\":{\"@id\":\"https:\\\/\\\/lightweb.dev\\\/l\\\/svm-temp\\\/#organization\"},\"image\":{\"@id\":\"https:\\\/\\\/lightweb.dev\\\/l\\\/svm-temp\\\/nyheter\\\/samre-skord-pa-costa-tropical\\\/#primaryimage\"},\"thumbnailUrl\":\"https:\\\/\\\/lightweb.dev\\\/l\\\/svm-temp\\\/wp-content\\\/uploads\\\/2023\\\/01\\\/woman-s-hands-harvesting-fresh-ripe-organic-hass-avocado-stor.jpeg\",\"articleSection\":[\"Arkiv\",\"Nyheter\"],\"inLanguage\":\"sv-SE\"},{\"@type\":\"WebPage\",\"@id\":\"https:\\\/\\\/lightweb.dev\\\/l\\\/svm-temp\\\/nyheter\\\/samre-skord-pa-costa-tropical\\\/\",\"url\":\"https:\\\/\\\/lightweb.dev\\\/l\\\/svm-temp\\\/nyheter\\\/samre-skord-pa-costa-tropical\\\/\",\"name\":\"S\u00e4mre sk\u00f6rd p\u00e5 Costa Tropical - Svenska Magasinet\",\"isPartOf\":{\"@id\":\"https:\\\/\\\/lightweb.dev\\\/l\\\/svm-temp\\\/#website\"},\"primaryImageOfPage\":{\"@id\":\"https:\\\/\\\/lightweb.dev\\\/l\\\/svm-temp\\\/nyheter\\\/samre-skord-pa-costa-tropical\\\/#primaryimage\"},\"image\":{\"@id\":\"https:\\\/\\\/lightweb.dev\\\/l\\\/svm-temp\\\/nyheter\\\/samre-skord-pa-costa-tropical\\\/#primaryimage\"},\"thumbnailUrl\":\"https:\\\/\\\/lightweb.dev\\\/l\\\/svm-temp\\\/wp-content\\\/uploads\\\/2023\\\/01\\\/woman-s-hands-harvesting-fresh-ripe-organic-hass-avocado-stor.jpeg\",\"datePublished\":\"2024-07-31T13:29:56+00:00\",\"breadcrumb\":{\"@id\":\"https:\\\/\\\/lightweb.dev\\\/l\\\/svm-temp\\\/nyheter\\\/samre-skord-pa-costa-tropical\\\/#breadcrumb\"},\"inLanguage\":\"sv-SE\",\"potentialAction\":[{\"@type\":\"ReadAction\",\"target\":[\"https:\\\/\\\/lightweb.dev\\\/l\\\/svm-temp\\\/nyheter\\\/samre-skord-pa-costa-tropical\\\/\"]}]},{\"@type\":\"ImageObject\",\"inLanguage\":\"sv-SE\",\"@id\":\"https:\\\/\\\/lightweb.dev\\\/l\\\/svm-temp\\\/nyheter\\\/samre-skord-pa-costa-tropical\\\/#primaryimage\",\"url\":\"https:\\\/\\\/lightweb.dev\\\/l\\\/svm-temp\\\/wp-content\\\/uploads\\\/2023\\\/01\\\/woman-s-hands-harvesting-fresh-ripe-organic-hass-avocado-stor.jpeg\",\"contentUrl\":\"https:\\\/\\\/lightweb.dev\\\/l\\\/svm-temp\\\/wp-content\\\/uploads\\\/2023\\\/01\\\/woman-s-hands-harvesting-fresh-ripe-organic-hass-avocado-stor.jpeg\",\"width\":1280,\"height\":855},{\"@type\":\"BreadcrumbList\",\"@id\":\"https:\\\/\\\/lightweb.dev\\\/l\\\/svm-temp\\\/nyheter\\\/samre-skord-pa-costa-tropical\\\/#breadcrumb\",\"itemListElement\":[{\"@type\":\"ListItem\",\"position\":1,\"name\":\"Hem\",\"item\":\"https:\\\/\\\/lightweb.dev\\\/l\\\/svm-temp\\\/\"},{\"@type\":\"ListItem\",\"position\":2,\"name\":\"S\u00e4mre sk\u00f6rd p\u00e5 Costa Tropical\"}]},{\"@type\":\"WebSite\",\"@id\":\"https:\\\/\\\/lightweb.dev\\\/l\\\/svm-temp\\\/#website\",\"url\":\"https:\\\/\\\/lightweb.dev\\\/l\\\/svm-temp\\\/\",\"name\":\"Svenska Magasinet\",\"description\":\"Dina Spanska nyheter p&aring; Svenska\",\"publisher\":{\"@id\":\"https:\\\/\\\/lightweb.dev\\\/l\\\/svm-temp\\\/#organization\"},\"potentialAction\":[{\"@type\":\"SearchAction\",\"target\":{\"@type\":\"EntryPoint\",\"urlTemplate\":\"https:\\\/\\\/lightweb.dev\\\/l\\\/svm-temp\\\/?s={search_term_string}\"},\"query-input\":{\"@type\":\"PropertyValueSpecification\",\"valueRequired\":true,\"valueName\":\"search_term_string\"}}],\"inLanguage\":\"sv-SE\"},{\"@type\":\"Organization\",\"@id\":\"https:\\\/\\\/lightweb.dev\\\/l\\\/svm-temp\\\/#organization\",\"name\":\"Melkerson y Nott SL\",\"alternateName\":\"Svenska Magasinet\",\"url\":\"https:\\\/\\\/lightweb.dev\\\/l\\\/svm-temp\\\/\",\"logo\":{\"@type\":\"ImageObject\",\"inLanguage\":\"sv-SE\",\"@id\":\"https:\\\/\\\/lightweb.dev\\\/l\\\/svm-temp\\\/#\\\/schema\\\/logo\\\/image\\\/\",\"url\":\"https:\\\/\\\/lightweb.dev\\\/l\\\/svm-temp\\\/wp-content\\\/uploads\\\/2025\\\/02\\\/SvM-logo-Xtra-Centrerad-SVART.png\",\"contentUrl\":\"https:\\\/\\\/lightweb.dev\\\/l\\\/svm-temp\\\/wp-content\\\/uploads\\\/2025\\\/02\\\/SvM-logo-Xtra-Centrerad-SVART.png\",\"width\":300,\"height\":99,\"caption\":\"Melkerson y Nott SL\"},\"image\":{\"@id\":\"https:\\\/\\\/lightweb.dev\\\/l\\\/svm-temp\\\/#\\\/schema\\\/logo\\\/image\\\/\"},\"sameAs\":[\"https:\\\/\\\/www.facebook.com\\\/svenskamagasinet\",\"https:\\\/\\\/x.com\\\/SvenskaMagasine\"]},{\"@type\":\"Person\",\"@id\":\"https:\\\/\\\/lightweb.dev\\\/l\\\/svm-temp\\\/#\\\/schema\\\/person\\\/caffe038990d25722f5a04a03c906a2b\",\"name\":\"Robbie Eriksson\",\"sameAs\":[\"https:\\\/\\\/lightweb.dev\\\/l\\\/svm-temp\"],\"url\":\"https:\\\/\\\/lightweb.dev\\\/l\\\/svm-temp\\\/reporter\\\/robbie-eriksson\\\/\"}]}<\/script>\n<!-- \/ Yoast SEO Premium plugin. -->","yoast_head_json":{"title":"S\u00e4mre sk\u00f6rd p\u00e5 Costa Tropical - Svenska Magasinet","robots":{"index":"noindex","follow":"follow","max-snippet":"max-snippet:-1","max-image-preview":"max-image-preview:large","max-video-preview":"max-video-preview:-1"},"og_locale":"sv_SE","og_type":"article","og_title":"S\u00e4mre sk\u00f6rd p\u00e5 Costa Tropical","og_description":"P\u00e5 grund av klimatf\u00f6r\u00e4ndringarna ser \u00e5rets sk\u00f6rd ut att generera 90 procent mindre avokado och mango \u00e4n normalt.\u00a0","og_url":"https:\/\/lightweb.dev\/l\/svm-temp\/nyheter\/samre-skord-pa-costa-tropical\/","og_site_name":"Svenska Magasinet","article_publisher":"https:\/\/www.facebook.com\/svenskamagasinet","article_published_time":"2024-07-31T13:29:56+00:00","og_image":[{"width":1280,"height":855,"url":"https:\/\/lightweb.dev\/l\/svm-temp\/wp-content\/uploads\/2023\/01\/woman-s-hands-harvesting-fresh-ripe-organic-hass-avocado-stor.jpeg","type":"image\/jpeg"}],"author":"Robbie Eriksson","twitter_card":"summary_large_image","twitter_creator":"@SvenskaMagasine","twitter_site":"@SvenskaMagasine","schema":{"@context":"https:\/\/schema.org","@graph":[{"@type":"Article","@id":"https:\/\/lightweb.dev\/l\/svm-temp\/nyheter\/samre-skord-pa-costa-tropical\/#article","isPartOf":{"@id":"https:\/\/lightweb.dev\/l\/svm-temp\/nyheter\/samre-skord-pa-costa-tropical\/"},"author":{"name":"Robbie Eriksson","@id":"https:\/\/lightweb.dev\/l\/svm-temp\/#\/schema\/person\/caffe038990d25722f5a04a03c906a2b"},"headline":"S\u00e4mre sk\u00f6rd p\u00e5 Costa Tropical","datePublished":"2024-07-31T13:29:56+00:00","mainEntityOfPage":{"@id":"https:\/\/lightweb.dev\/l\/svm-temp\/nyheter\/samre-skord-pa-costa-tropical\/"},"wordCount":324,"publisher":{"@id":"https:\/\/lightweb.dev\/l\/svm-temp\/#organization"},"image":{"@id":"https:\/\/lightweb.dev\/l\/svm-temp\/nyheter\/samre-skord-pa-costa-tropical\/#primaryimage"},"thumbnailUrl":"https:\/\/lightweb.dev\/l\/svm-temp\/wp-content\/uploads\/2023\/01\/woman-s-hands-harvesting-fresh-ripe-organic-hass-avocado-stor.jpeg","articleSection":["Arkiv","Nyheter"],"inLanguage":"sv-SE"},{"@type":"WebPage","@id":"https:\/\/lightweb.dev\/l\/svm-temp\/nyheter\/samre-skord-pa-costa-tropical\/","url":"https:\/\/lightweb.dev\/l\/svm-temp\/nyheter\/samre-skord-pa-costa-tropical\/","name":"S\u00e4mre sk\u00f6rd p\u00e5 Costa Tropical - Svenska Magasinet","isPartOf":{"@id":"https:\/\/lightweb.dev\/l\/svm-temp\/#website"},"primaryImageOfPage":{"@id":"https:\/\/lightweb.dev\/l\/svm-temp\/nyheter\/samre-skord-pa-costa-tropical\/#primaryimage"},"image":{"@id":"https:\/\/lightweb.dev\/l\/svm-temp\/nyheter\/samre-skord-pa-costa-tropical\/#primaryimage"},"thumbnailUrl":"https:\/\/lightweb.dev\/l\/svm-temp\/wp-content\/uploads\/2023\/01\/woman-s-hands-harvesting-fresh-ripe-organic-hass-avocado-stor.jpeg","datePublished":"2024-07-31T13:29:56+00:00","breadcrumb":{"@id":"https:\/\/lightweb.dev\/l\/svm-temp\/nyheter\/samre-skord-pa-costa-tropical\/#breadcrumb"},"inLanguage":"sv-SE","potentialAction":[{"@type":"ReadAction","target":["https:\/\/lightweb.dev\/l\/svm-temp\/nyheter\/samre-skord-pa-costa-tropical\/"]}]},{"@type":"ImageObject","inLanguage":"sv-SE","@id":"https:\/\/lightweb.dev\/l\/svm-temp\/nyheter\/samre-skord-pa-costa-tropical\/#primaryimage","url":"https:\/\/lightweb.dev\/l\/svm-temp\/wp-content\/uploads\/2023\/01\/woman-s-hands-harvesting-fresh-ripe-organic-hass-avocado-stor.jpeg","contentUrl":"https:\/\/lightweb.dev\/l\/svm-temp\/wp-content\/uploads\/2023\/01\/woman-s-hands-harvesting-fresh-ripe-organic-hass-avocado-stor.jpeg","width":1280,"height":855},{"@type":"BreadcrumbList","@id":"https:\/\/lightweb.dev\/l\/svm-temp\/nyheter\/samre-skord-pa-costa-tropical\/#breadcrumb","itemListElement":[{"@type":"ListItem","position":1,"name":"Hem","item":"https:\/\/lightweb.dev\/l\/svm-temp\/"},{"@type":"ListItem","position":2,"name":"S\u00e4mre sk\u00f6rd p\u00e5 Costa Tropical"}]},{"@type":"WebSite","@id":"https:\/\/lightweb.dev\/l\/svm-temp\/#website","url":"https:\/\/lightweb.dev\/l\/svm-temp\/","name":"Svenska Magasinet","description":"Dina Spanska nyheter p&aring; Svenska","publisher":{"@id":"https:\/\/lightweb.dev\/l\/svm-temp\/#organization"},"potentialAction":[{"@type":"SearchAction","target":{"@type":"EntryPoint","urlTemplate":"https:\/\/lightweb.dev\/l\/svm-temp\/?s={search_term_string}"},"query-input":{"@type":"PropertyValueSpecification","valueRequired":true,"valueName":"search_term_string"}}],"inLanguage":"sv-SE"},{"@type":"Organization","@id":"https:\/\/lightweb.dev\/l\/svm-temp\/#organization","name":"Melkerson y Nott SL","alternateName":"Svenska Magasinet","url":"https:\/\/lightweb.dev\/l\/svm-temp\/","logo":{"@type":"ImageObject","inLanguage":"sv-SE","@id":"https:\/\/lightweb.dev\/l\/svm-temp\/#\/schema\/logo\/image\/","url":"https:\/\/lightweb.dev\/l\/svm-temp\/wp-content\/uploads\/2025\/02\/SvM-logo-Xtra-Centrerad-SVART.png","contentUrl":"https:\/\/lightweb.dev\/l\/svm-temp\/wp-content\/uploads\/2025\/02\/SvM-logo-Xtra-Centrerad-SVART.png","width":300,"height":99,"caption":"Melkerson y Nott SL"},"image":{"@id":"https:\/\/lightweb.dev\/l\/svm-temp\/#\/schema\/logo\/image\/"},"sameAs":["https:\/\/www.facebook.com\/svenskamagasinet","https:\/\/x.com\/SvenskaMagasine"]},{"@type":"Person","@id":"https:\/\/lightweb.dev\/l\/svm-temp\/#\/schema\/person\/caffe038990d25722f5a04a03c906a2b","name":"Robbie Eriksson","sameAs":["https:\/\/lightweb.dev\/l\/svm-temp"],"url":"https:\/\/lightweb.dev\/l\/svm-temp\/reporter\/robbie-eriksson\/"}]}},"_links":{"self":[{"href":"https:\/\/lightweb.dev\/l\/svm-temp\/wp-json\/wp\/v2\/posts\/73566","targetHints":{"allow":["GET"]}}],"collection":[{"href":"https:\/\/lightweb.dev\/l\/svm-temp\/wp-json\/wp\/v2\/posts"}],"about":[{"href":"https:\/\/lightweb.dev\/l\/svm-temp\/wp-json\/wp\/v2\/types\/post"}],"author":[{"embeddable":true,"href":"https:\/\/lightweb.dev\/l\/svm-temp\/wp-json\/wp\/v2\/users\/14"}],"replies":[{"embeddable":true,"href":"https:\/\/lightweb.dev\/l\/svm-temp\/wp-json\/wp\/v2\/comments?post=73566"}],"version-history":[{"count":0,"href":"https:\/\/lightweb.dev\/l\/svm-temp\/wp-json\/wp\/v2\/posts\/73566\/revisions"}],"wp:featuredmedia":[{"embeddable":true,"href":"https:\/\/lightweb.dev\/l\/svm-temp\/wp-json\/wp\/v2\/media\/60678"}],"wp:attachment":[{"href":"https:\/\/lightweb.dev\/l\/svm-temp\/wp-json\/wp\/v2\/media?parent=73566"}],"wp:term":[{"taxonomy":"category","embeddable":true,"href":"https:\/\/lightweb.dev\/l\/svm-temp\/wp-json\/wp\/v2\/categories?post=73566"},{"taxonomy":"post_tag","embeddable":true,"href":"https:\/\/lightweb.dev\/l\/svm-temp\/wp-json\/wp\/v2\/tags?post=73566"}],"curies":[{"name":"wp","href":"https:\/\/api.w.org\/{rel}","templated":true}]}}