{"id":73569,"date":"2024-08-01T10:44:18","date_gmt":"2024-08-01T08:44:18","guid":{"rendered":"https:\/\/lightweb.dev\/l\/svm-temp\/?p=73569"},"modified":"2024-08-01T10:44:18","modified_gmt":"2024-08-01T08:44:18","slug":"intern-kritik-mot-sanchez-som-forrader-psoes-principer","status":"publish","type":"post","link":"https:\/\/lightweb.dev\/l\/svm-temp\/nyheter\/intern-kritik-mot-sanchez-som-forrader-psoes-principer\/","title":{"rendered":"Intern kritik mot S\u00e1nchez som f\u00f6rr\u00e5der PSOE:s principer"},"content":{"rendered":"<p><strong>Han har \u00f6vergett sitt politiska program, sin ideologiska kod och sina \u00f6vertygelser med det obscena skatteavtal f\u00f6r Katalonien som undertecknats med ERC.<\/strong><\/p>\n<p><strong>Det s\u00e4ger Castilla-La Manchas regionpresident Emiliano Garc\u00eda-Page.<\/strong><\/p>\n<p>Den socialistiska regionpresidenten i Castilla-La Macha \u00e4r en av de mest kritiska inom den spanska socialdemokratin. \u00c4ven om Garc\u00eda-Page inte n\u00e4mner S\u00e1nchez vid namn s\u00e5 f\u00f6rst\u00e5r alla att hans budskap. Det \u00e4r s\u00e5 tydligt att det inte g\u00e5r att ta miste p\u00e5 vem det g\u00e4ller och finansieringen f\u00f6r Katalonien.<\/p>\n<h2 class=\"entry-title\">L\u00e4s mer: <a href=\"https:\/\/lightweb.dev\/l\/svm-temp\/nyheter\/sanchez-riskerar-statsbudgeten-for-att-fa-styra\/\">S\u00e1nchez riskerar statsbudgeten f\u00f6r att f\u00e5 styra<\/a><\/h2>\n<p>Emiliano Garc\u00eda-Page gjorde sitt uttalande efter att Pedro S\u00e1nchez framtr\u00e4tt och ber\u00e4ttat om att Katalonien i framtiden ska f\u00e5 beh\u00e5lla sina skattepengar.<\/p>\n<p>Enligt Page har S\u00e1nchez gett efter f\u00f6r sj\u00e4lvst\u00e4ndighetsr\u00f6relsen successivt med ben\u00e5dningarna, ta bort uppvigling fr\u00e5n brottsbalken, f\u00f6rminska brottet f\u00f6rskingring, ge amnestin och senast med skatteavtalet.<\/p>\n<p>Page r\u00e4knar med att tunga namn inom PSOE inte uppskattar det han s\u00e4ger. Han s\u00e4ger att engagemanget f\u00f6r v\u00e4nstern \u00e4r det viktigaste, att PSOE f\u00f6ddes till att bek\u00e4mpa oj\u00e4mlikhet och att inte gynna egoister.<\/p>\n<p>Det nya skatteavtalet med Katalonien kr\u00e4ver ett majoritetsbeslut i det spanska parlamentet med 176 r\u00f6ster. Flera parlamentsledam\u00f6ter fr\u00e5n Spaniens v\u00e4nsterallians har meddelat att de t\u00e4nker r\u00f6sta emot f\u00f6rslaget.<\/p>\n","protected":false},"excerpt":{"rendered":"<p>Han har \u00f6vergett sitt politiska program, sin ideologiska kod och sina \u00f6vertygelser med det obscena skatteavtal f\u00f6r Katalonien som undertecknats med ERC. Det s\u00e4ger Castilla-La Manchas regionpresident Emiliano Garc\u00eda-Page&#8230;<\/p>\n","protected":false},"author":7,"featured_media":69225,"comment_status":"closed","ping_status":"closed","sticky":false,"template":"","format":"standard","meta":{"_et_pb_use_builder":"","_et_pb_old_content":"","_et_gb_content_width":"","footnotes":""},"categories":[395,3],"tags":[],"class_list":["post-73569","post","type-post","status-publish","format-standard","has-post-thumbnail","hentry","category-arkiv-nyheter","category-nyheter"],"yoast_head":"<!-- This site is optimized with the Yoast SEO Premium plugin v26.2 (Yoast SEO v27.4) - https:\/\/yoast.com\/product\/yoast-seo-premium-wordpress\/ -->\n<title>Intern kritik mot S\u00e1nchez som f\u00f6rr\u00e5der PSOE:s principer - Svenska Magasinet<\/title>\n<meta name=\"description\" content=\"Han har \u00f6vergett sitt politiska program, sin ideologiska kod och sina \u00f6vertygelser med det obscena skatteavtal f\u00f6r Katalonien som undertecknats med ERC. Det s\u00e4ger Castilla-La Manchas regionpresident Emiliano Garc\u00eda-Page.\" \/>\n<meta name=\"robots\" content=\"noindex, follow, max-snippet:-1, max-image-preview:large, max-video-preview:-1\" \/>\n<meta property=\"og:locale\" content=\"sv_SE\" \/>\n<meta property=\"og:type\" content=\"article\" \/>\n<meta property=\"og:title\" content=\"Intern kritik mot S\u00e1nchez som f\u00f6rr\u00e5der PSOE:s principer\" \/>\n<meta property=\"og:description\" content=\"Han har \u00f6vergett sitt politiska program, sin ideologiska kod och sina \u00f6vertygelser med det obscena skatteavtal f\u00f6r Katalonien som undertecknats med ERC. Det s\u00e4ger Castilla-La Manchas regionpresident Emiliano Garc\u00eda-Page.\" \/>\n<meta property=\"og:url\" content=\"https:\/\/lightweb.dev\/l\/svm-temp\/nyheter\/intern-kritik-mot-sanchez-som-forrader-psoes-principer\/\" \/>\n<meta property=\"og:site_name\" content=\"Svenska Magasinet\" \/>\n<meta property=\"article:publisher\" content=\"https:\/\/www.facebook.com\/svenskamagasinet\" \/>\n<meta property=\"article:published_time\" content=\"2024-08-01T08:44:18+00:00\" \/>\n<meta property=\"og:image\" content=\"https:\/\/lightweb.dev\/l\/svm-temp\/wp-content\/uploads\/2024\/01\/039a2de6-1f1f-4988-b5eb-ad27c69b9aae_16-9-discover-aspect-ratio_default_0-stor.jpeg\" \/>\n\t<meta property=\"og:image:width\" content=\"1200\" \/>\n\t<meta property=\"og:image:height\" content=\"675\" \/>\n\t<meta property=\"og:image:type\" content=\"image\/jpeg\" \/>\n<meta name=\"author\" content=\"Ola Josefsson\" \/>\n<meta name=\"twitter:card\" content=\"summary_large_image\" \/>\n<meta name=\"twitter:creator\" content=\"@SvenskaMagasine\" \/>\n<meta name=\"twitter:site\" content=\"@SvenskaMagasine\" \/>\n<script type=\"application\/ld+json\" class=\"yoast-schema-graph\">{\"@context\":\"https:\\\/\\\/schema.org\",\"@graph\":[{\"@type\":\"Article\",\"@id\":\"https:\\\/\\\/lightweb.dev\\\/l\\\/svm-temp\\\/nyheter\\\/intern-kritik-mot-sanchez-som-forrader-psoes-principer\\\/#article\",\"isPartOf\":{\"@id\":\"https:\\\/\\\/lightweb.dev\\\/l\\\/svm-temp\\\/nyheter\\\/intern-kritik-mot-sanchez-som-forrader-psoes-principer\\\/\"},\"author\":{\"name\":\"Ola Josefsson\",\"@id\":\"https:\\\/\\\/lightweb.dev\\\/l\\\/svm-temp\\\/#\\\/schema\\\/person\\\/7a82b8a73d171d32360a564b6d03508e\"},\"headline\":\"Intern kritik mot S\u00e1nchez som f\u00f6rr\u00e5der PSOE:s principer\",\"datePublished\":\"2024-08-01T08:44:18+00:00\",\"mainEntityOfPage\":{\"@id\":\"https:\\\/\\\/lightweb.dev\\\/l\\\/svm-temp\\\/nyheter\\\/intern-kritik-mot-sanchez-som-forrader-psoes-principer\\\/\"},\"wordCount\":251,\"publisher\":{\"@id\":\"https:\\\/\\\/lightweb.dev\\\/l\\\/svm-temp\\\/#organization\"},\"image\":{\"@id\":\"https:\\\/\\\/lightweb.dev\\\/l\\\/svm-temp\\\/nyheter\\\/intern-kritik-mot-sanchez-som-forrader-psoes-principer\\\/#primaryimage\"},\"thumbnailUrl\":\"https:\\\/\\\/lightweb.dev\\\/l\\\/svm-temp\\\/wp-content\\\/uploads\\\/2024\\\/01\\\/039a2de6-1f1f-4988-b5eb-ad27c69b9aae_16-9-discover-aspect-ratio_default_0-stor.jpeg\",\"articleSection\":[\"Arkiv\",\"Nyheter\"],\"inLanguage\":\"sv-SE\"},{\"@type\":\"WebPage\",\"@id\":\"https:\\\/\\\/lightweb.dev\\\/l\\\/svm-temp\\\/nyheter\\\/intern-kritik-mot-sanchez-som-forrader-psoes-principer\\\/\",\"url\":\"https:\\\/\\\/lightweb.dev\\\/l\\\/svm-temp\\\/nyheter\\\/intern-kritik-mot-sanchez-som-forrader-psoes-principer\\\/\",\"name\":\"Intern kritik mot S\u00e1nchez som f\u00f6rr\u00e5der PSOE:s principer - Svenska Magasinet\",\"isPartOf\":{\"@id\":\"https:\\\/\\\/lightweb.dev\\\/l\\\/svm-temp\\\/#website\"},\"primaryImageOfPage\":{\"@id\":\"https:\\\/\\\/lightweb.dev\\\/l\\\/svm-temp\\\/nyheter\\\/intern-kritik-mot-sanchez-som-forrader-psoes-principer\\\/#primaryimage\"},\"image\":{\"@id\":\"https:\\\/\\\/lightweb.dev\\\/l\\\/svm-temp\\\/nyheter\\\/intern-kritik-mot-sanchez-som-forrader-psoes-principer\\\/#primaryimage\"},\"thumbnailUrl\":\"https:\\\/\\\/lightweb.dev\\\/l\\\/svm-temp\\\/wp-content\\\/uploads\\\/2024\\\/01\\\/039a2de6-1f1f-4988-b5eb-ad27c69b9aae_16-9-discover-aspect-ratio_default_0-stor.jpeg\",\"datePublished\":\"2024-08-01T08:44:18+00:00\",\"description\":\"Han har \u00f6vergett sitt politiska program, sin ideologiska kod och sina \u00f6vertygelser med det obscena skatteavtal f\u00f6r Katalonien som undertecknats med ERC. Det s\u00e4ger Castilla-La Manchas regionpresident Emiliano Garc\u00eda-Page.\",\"breadcrumb\":{\"@id\":\"https:\\\/\\\/lightweb.dev\\\/l\\\/svm-temp\\\/nyheter\\\/intern-kritik-mot-sanchez-som-forrader-psoes-principer\\\/#breadcrumb\"},\"inLanguage\":\"sv-SE\",\"potentialAction\":[{\"@type\":\"ReadAction\",\"target\":[\"https:\\\/\\\/lightweb.dev\\\/l\\\/svm-temp\\\/nyheter\\\/intern-kritik-mot-sanchez-som-forrader-psoes-principer\\\/\"]}]},{\"@type\":\"ImageObject\",\"inLanguage\":\"sv-SE\",\"@id\":\"https:\\\/\\\/lightweb.dev\\\/l\\\/svm-temp\\\/nyheter\\\/intern-kritik-mot-sanchez-som-forrader-psoes-principer\\\/#primaryimage\",\"url\":\"https:\\\/\\\/lightweb.dev\\\/l\\\/svm-temp\\\/wp-content\\\/uploads\\\/2024\\\/01\\\/039a2de6-1f1f-4988-b5eb-ad27c69b9aae_16-9-discover-aspect-ratio_default_0-stor.jpeg\",\"contentUrl\":\"https:\\\/\\\/lightweb.dev\\\/l\\\/svm-temp\\\/wp-content\\\/uploads\\\/2024\\\/01\\\/039a2de6-1f1f-4988-b5eb-ad27c69b9aae_16-9-discover-aspect-ratio_default_0-stor.jpeg\",\"width\":1200,\"height\":675,\"caption\":\"Emiliano Garc\u00eda-Page\"},{\"@type\":\"BreadcrumbList\",\"@id\":\"https:\\\/\\\/lightweb.dev\\\/l\\\/svm-temp\\\/nyheter\\\/intern-kritik-mot-sanchez-som-forrader-psoes-principer\\\/#breadcrumb\",\"itemListElement\":[{\"@type\":\"ListItem\",\"position\":1,\"name\":\"Hem\",\"item\":\"https:\\\/\\\/lightweb.dev\\\/l\\\/svm-temp\\\/\"},{\"@type\":\"ListItem\",\"position\":2,\"name\":\"Intern kritik mot S\u00e1nchez som f\u00f6rr\u00e5der PSOE:s principer\"}]},{\"@type\":\"WebSite\",\"@id\":\"https:\\\/\\\/lightweb.dev\\\/l\\\/svm-temp\\\/#website\",\"url\":\"https:\\\/\\\/lightweb.dev\\\/l\\\/svm-temp\\\/\",\"name\":\"Svenska Magasinet\",\"description\":\"Dina Spanska nyheter p&aring; Svenska\",\"publisher\":{\"@id\":\"https:\\\/\\\/lightweb.dev\\\/l\\\/svm-temp\\\/#organization\"},\"potentialAction\":[{\"@type\":\"SearchAction\",\"target\":{\"@type\":\"EntryPoint\",\"urlTemplate\":\"https:\\\/\\\/lightweb.dev\\\/l\\\/svm-temp\\\/?s={search_term_string}\"},\"query-input\":{\"@type\":\"PropertyValueSpecification\",\"valueRequired\":true,\"valueName\":\"search_term_string\"}}],\"inLanguage\":\"sv-SE\"},{\"@type\":\"Organization\",\"@id\":\"https:\\\/\\\/lightweb.dev\\\/l\\\/svm-temp\\\/#organization\",\"name\":\"Melkerson y Nott SL\",\"alternateName\":\"Svenska Magasinet\",\"url\":\"https:\\\/\\\/lightweb.dev\\\/l\\\/svm-temp\\\/\",\"logo\":{\"@type\":\"ImageObject\",\"inLanguage\":\"sv-SE\",\"@id\":\"https:\\\/\\\/lightweb.dev\\\/l\\\/svm-temp\\\/#\\\/schema\\\/logo\\\/image\\\/\",\"url\":\"https:\\\/\\\/lightweb.dev\\\/l\\\/svm-temp\\\/wp-content\\\/uploads\\\/2025\\\/02\\\/SvM-logo-Xtra-Centrerad-SVART.png\",\"contentUrl\":\"https:\\\/\\\/lightweb.dev\\\/l\\\/svm-temp\\\/wp-content\\\/uploads\\\/2025\\\/02\\\/SvM-logo-Xtra-Centrerad-SVART.png\",\"width\":300,\"height\":99,\"caption\":\"Melkerson y Nott SL\"},\"image\":{\"@id\":\"https:\\\/\\\/lightweb.dev\\\/l\\\/svm-temp\\\/#\\\/schema\\\/logo\\\/image\\\/\"},\"sameAs\":[\"https:\\\/\\\/www.facebook.com\\\/svenskamagasinet\",\"https:\\\/\\\/x.com\\\/SvenskaMagasine\"]},{\"@type\":\"Person\",\"@id\":\"https:\\\/\\\/lightweb.dev\\\/l\\\/svm-temp\\\/#\\\/schema\\\/person\\\/7a82b8a73d171d32360a564b6d03508e\",\"name\":\"Ola Josefsson\",\"description\":\"Bevakar Solkusten och Spanien sedan 1994.\",\"sameAs\":[\"https:\\\/\\\/lightweb.dev\\\/l\\\/svm-temp\"],\"url\":\"https:\\\/\\\/lightweb.dev\\\/l\\\/svm-temp\\\/reporter\\\/ola-josefsson\\\/\"}]}<\/script>\n<!-- \/ Yoast SEO Premium plugin. -->","yoast_head_json":{"title":"Intern kritik mot S\u00e1nchez som f\u00f6rr\u00e5der PSOE:s principer - Svenska Magasinet","description":"Han har \u00f6vergett sitt politiska program, sin ideologiska kod och sina \u00f6vertygelser med det obscena skatteavtal f\u00f6r Katalonien som undertecknats med ERC. Det s\u00e4ger Castilla-La Manchas regionpresident Emiliano Garc\u00eda-Page.","robots":{"index":"noindex","follow":"follow","max-snippet":"max-snippet:-1","max-image-preview":"max-image-preview:large","max-video-preview":"max-video-preview:-1"},"og_locale":"sv_SE","og_type":"article","og_title":"Intern kritik mot S\u00e1nchez som f\u00f6rr\u00e5der PSOE:s principer","og_description":"Han har \u00f6vergett sitt politiska program, sin ideologiska kod och sina \u00f6vertygelser med det obscena skatteavtal f\u00f6r Katalonien som undertecknats med ERC. Det s\u00e4ger Castilla-La Manchas regionpresident Emiliano Garc\u00eda-Page.","og_url":"https:\/\/lightweb.dev\/l\/svm-temp\/nyheter\/intern-kritik-mot-sanchez-som-forrader-psoes-principer\/","og_site_name":"Svenska Magasinet","article_publisher":"https:\/\/www.facebook.com\/svenskamagasinet","article_published_time":"2024-08-01T08:44:18+00:00","og_image":[{"width":1200,"height":675,"url":"https:\/\/lightweb.dev\/l\/svm-temp\/wp-content\/uploads\/2024\/01\/039a2de6-1f1f-4988-b5eb-ad27c69b9aae_16-9-discover-aspect-ratio_default_0-stor.jpeg","type":"image\/jpeg"}],"author":"Ola Josefsson","twitter_card":"summary_large_image","twitter_creator":"@SvenskaMagasine","twitter_site":"@SvenskaMagasine","schema":{"@context":"https:\/\/schema.org","@graph":[{"@type":"Article","@id":"https:\/\/lightweb.dev\/l\/svm-temp\/nyheter\/intern-kritik-mot-sanchez-som-forrader-psoes-principer\/#article","isPartOf":{"@id":"https:\/\/lightweb.dev\/l\/svm-temp\/nyheter\/intern-kritik-mot-sanchez-som-forrader-psoes-principer\/"},"author":{"name":"Ola Josefsson","@id":"https:\/\/lightweb.dev\/l\/svm-temp\/#\/schema\/person\/7a82b8a73d171d32360a564b6d03508e"},"headline":"Intern kritik mot S\u00e1nchez som f\u00f6rr\u00e5der PSOE:s principer","datePublished":"2024-08-01T08:44:18+00:00","mainEntityOfPage":{"@id":"https:\/\/lightweb.dev\/l\/svm-temp\/nyheter\/intern-kritik-mot-sanchez-som-forrader-psoes-principer\/"},"wordCount":251,"publisher":{"@id":"https:\/\/lightweb.dev\/l\/svm-temp\/#organization"},"image":{"@id":"https:\/\/lightweb.dev\/l\/svm-temp\/nyheter\/intern-kritik-mot-sanchez-som-forrader-psoes-principer\/#primaryimage"},"thumbnailUrl":"https:\/\/lightweb.dev\/l\/svm-temp\/wp-content\/uploads\/2024\/01\/039a2de6-1f1f-4988-b5eb-ad27c69b9aae_16-9-discover-aspect-ratio_default_0-stor.jpeg","articleSection":["Arkiv","Nyheter"],"inLanguage":"sv-SE"},{"@type":"WebPage","@id":"https:\/\/lightweb.dev\/l\/svm-temp\/nyheter\/intern-kritik-mot-sanchez-som-forrader-psoes-principer\/","url":"https:\/\/lightweb.dev\/l\/svm-temp\/nyheter\/intern-kritik-mot-sanchez-som-forrader-psoes-principer\/","name":"Intern kritik mot S\u00e1nchez som f\u00f6rr\u00e5der PSOE:s principer - Svenska Magasinet","isPartOf":{"@id":"https:\/\/lightweb.dev\/l\/svm-temp\/#website"},"primaryImageOfPage":{"@id":"https:\/\/lightweb.dev\/l\/svm-temp\/nyheter\/intern-kritik-mot-sanchez-som-forrader-psoes-principer\/#primaryimage"},"image":{"@id":"https:\/\/lightweb.dev\/l\/svm-temp\/nyheter\/intern-kritik-mot-sanchez-som-forrader-psoes-principer\/#primaryimage"},"thumbnailUrl":"https:\/\/lightweb.dev\/l\/svm-temp\/wp-content\/uploads\/2024\/01\/039a2de6-1f1f-4988-b5eb-ad27c69b9aae_16-9-discover-aspect-ratio_default_0-stor.jpeg","datePublished":"2024-08-01T08:44:18+00:00","description":"Han har \u00f6vergett sitt politiska program, sin ideologiska kod och sina \u00f6vertygelser med det obscena skatteavtal f\u00f6r Katalonien som undertecknats med ERC. Det s\u00e4ger Castilla-La Manchas regionpresident Emiliano Garc\u00eda-Page.","breadcrumb":{"@id":"https:\/\/lightweb.dev\/l\/svm-temp\/nyheter\/intern-kritik-mot-sanchez-som-forrader-psoes-principer\/#breadcrumb"},"inLanguage":"sv-SE","potentialAction":[{"@type":"ReadAction","target":["https:\/\/lightweb.dev\/l\/svm-temp\/nyheter\/intern-kritik-mot-sanchez-som-forrader-psoes-principer\/"]}]},{"@type":"ImageObject","inLanguage":"sv-SE","@id":"https:\/\/lightweb.dev\/l\/svm-temp\/nyheter\/intern-kritik-mot-sanchez-som-forrader-psoes-principer\/#primaryimage","url":"https:\/\/lightweb.dev\/l\/svm-temp\/wp-content\/uploads\/2024\/01\/039a2de6-1f1f-4988-b5eb-ad27c69b9aae_16-9-discover-aspect-ratio_default_0-stor.jpeg","contentUrl":"https:\/\/lightweb.dev\/l\/svm-temp\/wp-content\/uploads\/2024\/01\/039a2de6-1f1f-4988-b5eb-ad27c69b9aae_16-9-discover-aspect-ratio_default_0-stor.jpeg","width":1200,"height":675,"caption":"Emiliano Garc\u00eda-Page"},{"@type":"BreadcrumbList","@id":"https:\/\/lightweb.dev\/l\/svm-temp\/nyheter\/intern-kritik-mot-sanchez-som-forrader-psoes-principer\/#breadcrumb","itemListElement":[{"@type":"ListItem","position":1,"name":"Hem","item":"https:\/\/lightweb.dev\/l\/svm-temp\/"},{"@type":"ListItem","position":2,"name":"Intern kritik mot S\u00e1nchez som f\u00f6rr\u00e5der PSOE:s principer"}]},{"@type":"WebSite","@id":"https:\/\/lightweb.dev\/l\/svm-temp\/#website","url":"https:\/\/lightweb.dev\/l\/svm-temp\/","name":"Svenska Magasinet","description":"Dina Spanska nyheter p&aring; Svenska","publisher":{"@id":"https:\/\/lightweb.dev\/l\/svm-temp\/#organization"},"potentialAction":[{"@type":"SearchAction","target":{"@type":"EntryPoint","urlTemplate":"https:\/\/lightweb.dev\/l\/svm-temp\/?s={search_term_string}"},"query-input":{"@type":"PropertyValueSpecification","valueRequired":true,"valueName":"search_term_string"}}],"inLanguage":"sv-SE"},{"@type":"Organization","@id":"https:\/\/lightweb.dev\/l\/svm-temp\/#organization","name":"Melkerson y Nott SL","alternateName":"Svenska Magasinet","url":"https:\/\/lightweb.dev\/l\/svm-temp\/","logo":{"@type":"ImageObject","inLanguage":"sv-SE","@id":"https:\/\/lightweb.dev\/l\/svm-temp\/#\/schema\/logo\/image\/","url":"https:\/\/lightweb.dev\/l\/svm-temp\/wp-content\/uploads\/2025\/02\/SvM-logo-Xtra-Centrerad-SVART.png","contentUrl":"https:\/\/lightweb.dev\/l\/svm-temp\/wp-content\/uploads\/2025\/02\/SvM-logo-Xtra-Centrerad-SVART.png","width":300,"height":99,"caption":"Melkerson y Nott SL"},"image":{"@id":"https:\/\/lightweb.dev\/l\/svm-temp\/#\/schema\/logo\/image\/"},"sameAs":["https:\/\/www.facebook.com\/svenskamagasinet","https:\/\/x.com\/SvenskaMagasine"]},{"@type":"Person","@id":"https:\/\/lightweb.dev\/l\/svm-temp\/#\/schema\/person\/7a82b8a73d171d32360a564b6d03508e","name":"Ola Josefsson","description":"Bevakar Solkusten och Spanien sedan 1994.","sameAs":["https:\/\/lightweb.dev\/l\/svm-temp"],"url":"https:\/\/lightweb.dev\/l\/svm-temp\/reporter\/ola-josefsson\/"}]}},"_links":{"self":[{"href":"https:\/\/lightweb.dev\/l\/svm-temp\/wp-json\/wp\/v2\/posts\/73569","targetHints":{"allow":["GET"]}}],"collection":[{"href":"https:\/\/lightweb.dev\/l\/svm-temp\/wp-json\/wp\/v2\/posts"}],"about":[{"href":"https:\/\/lightweb.dev\/l\/svm-temp\/wp-json\/wp\/v2\/types\/post"}],"author":[{"embeddable":true,"href":"https:\/\/lightweb.dev\/l\/svm-temp\/wp-json\/wp\/v2\/users\/7"}],"replies":[{"embeddable":true,"href":"https:\/\/lightweb.dev\/l\/svm-temp\/wp-json\/wp\/v2\/comments?post=73569"}],"version-history":[{"count":0,"href":"https:\/\/lightweb.dev\/l\/svm-temp\/wp-json\/wp\/v2\/posts\/73569\/revisions"}],"wp:featuredmedia":[{"embeddable":true,"href":"https:\/\/lightweb.dev\/l\/svm-temp\/wp-json\/wp\/v2\/media\/69225"}],"wp:attachment":[{"href":"https:\/\/lightweb.dev\/l\/svm-temp\/wp-json\/wp\/v2\/media?parent=73569"}],"wp:term":[{"taxonomy":"category","embeddable":true,"href":"https:\/\/lightweb.dev\/l\/svm-temp\/wp-json\/wp\/v2\/categories?post=73569"},{"taxonomy":"post_tag","embeddable":true,"href":"https:\/\/lightweb.dev\/l\/svm-temp\/wp-json\/wp\/v2\/tags?post=73569"}],"curies":[{"name":"wp","href":"https:\/\/api.w.org\/{rel}","templated":true}]}}