{"id":73571,"date":"2024-08-01T15:55:22","date_gmt":"2024-08-01T13:55:22","guid":{"rendered":"https:\/\/lightweb.dev\/l\/svm-temp\/?p=73571"},"modified":"2024-08-01T15:57:16","modified_gmt":"2024-08-01T13:57:16","slug":"mijas-infor-nytt-regelverk-for-elsparkscyklar","status":"publish","type":"post","link":"https:\/\/lightweb.dev\/l\/svm-temp\/nyheter\/mijas-infor-nytt-regelverk-for-elsparkscyklar\/","title":{"rendered":"Mijas inf\u00f6r nytt regelverk f\u00f6r elsparkscyklar"},"content":{"rendered":"<p><strong>N\u00e5gra av reglerna g\u00e4ller \u00e4ven f\u00f6r vanliga cyklar.\u00a0<\/strong><\/p>\n<p><strong>Dessutom introduceras nya b\u00f6tesstraff som kan uppg\u00e5 till 500 euro.\u00a0<\/strong><\/p>\n<p><span style=\"font-weight: 400;\">Stadshuset i Mijas har r\u00f6stat igenom nya regler som g\u00e4ller f\u00f6r att k\u00f6ra elsparkcykel eller cykel. Det blir f\u00f6rbjudet att k\u00f6ra elsparkcykel p\u00e5 trottoarer och vissa g\u00e5gator, man f\u00e5r inte k\u00f6ra efter att ha druckit alkohol, f\u00f6raren m\u00e5ste b\u00e4ra hj\u00e4lm och man f\u00e5r inte anv\u00e4nda sin mobiltelefon samtidigt som man k\u00f6r. Dessutom inf\u00f6rs en \u00e5ldersgr\u00e4ns som inneb\u00e4r att f\u00f6raren m\u00e5ste ha fyllt 15 \u00e5r.\u00a0<\/span><\/p>\n<p><span style=\"font-weight: 400;\">\u00c4ven cyklar blir f\u00f6rbjudna att anv\u00e4nda i omr\u00e5den som \u00e4r avsedda f\u00f6r fotg\u00e4ngare om det inte finns nog med utrymme f\u00f6r att h\u00e5lla en meters avst\u00e5nd till dem som g\u00e5r. Man m\u00e5ste \u00e4ven kliva av cykeln i samband med att man sv\u00e4nger in p\u00e5 en ny gata.\u00a0<\/span><\/p>\n<p><span style=\"font-weight: 400;\">B\u00e5de cyklar och elsparkcyklar m\u00e5ste anv\u00e4nda cykelbanor d\u00e4r de finns.\u00a0<\/span><\/p>\n<h2><span style=\"font-weight: 400;\">B\u00f6tesbelopp<\/span><\/h2>\n<p><span style=\"font-weight: 400;\">I de nya reglerna klassas \u00f6vertr\u00e4delser p\u00e5 en skala mellan ringa och allvarliga. Att k\u00f6ra elsparkcykel n\u00e4r man \u00e4r alkoholp\u00e5verkad ger b\u00f6ter p\u00e5 500 euro. Att anv\u00e4nda sin telefon eller andra apparater som kan distrahera f\u00f6raren ger 200 euro. Och den som inte h\u00e5ller tillr\u00e4ckligt avst\u00e5nd till fotg\u00e4ngare kommer att straffas med 50 euro.\u00a0<\/span><\/p>\n","protected":false},"excerpt":{"rendered":"<p>N\u00e5gra av reglerna g\u00e4ller \u00e4ven f\u00f6r vanliga cyklar.\u00a0Dessutom introduceras nya b\u00f6tesstraff som kan uppg\u00e5 till 500 euro.\u00a0<\/p>\n","protected":false},"author":14,"featured_media":73573,"comment_status":"closed","ping_status":"closed","sticky":false,"template":"","format":"standard","meta":{"_et_pb_use_builder":"","_et_pb_old_content":"","_et_gb_content_width":"","footnotes":""},"categories":[395,3],"tags":[],"class_list":["post-73571","post","type-post","status-publish","format-standard","has-post-thumbnail","hentry","category-arkiv-nyheter","category-nyheter"],"yoast_head":"<!-- This site is optimized with the Yoast SEO Premium plugin v26.2 (Yoast SEO v27.4) - https:\/\/yoast.com\/product\/yoast-seo-premium-wordpress\/ -->\n<title>Mijas inf\u00f6r nytt regelverk f\u00f6r elsparkscyklar - Svenska Magasinet<\/title>\n<meta name=\"robots\" content=\"noindex, follow, max-snippet:-1, max-image-preview:large, max-video-preview:-1\" \/>\n<meta property=\"og:locale\" content=\"sv_SE\" \/>\n<meta property=\"og:type\" content=\"article\" \/>\n<meta property=\"og:title\" content=\"Mijas inf\u00f6r nytt regelverk f\u00f6r elsparkscyklar\" \/>\n<meta property=\"og:description\" content=\"N\u00e5gra av reglerna g\u00e4ller \u00e4ven f\u00f6r vanliga cyklar.\u00a0Dessutom introduceras nya b\u00f6tesstraff som kan uppg\u00e5 till 500 euro.\u00a0\" \/>\n<meta property=\"og:url\" content=\"https:\/\/lightweb.dev\/l\/svm-temp\/nyheter\/mijas-infor-nytt-regelverk-for-elsparkscyklar\/\" \/>\n<meta property=\"og:site_name\" content=\"Svenska Magasinet\" \/>\n<meta property=\"article:publisher\" content=\"https:\/\/www.facebook.com\/svenskamagasinet\" \/>\n<meta property=\"article:published_time\" content=\"2024-08-01T13:55:22+00:00\" \/>\n<meta property=\"article:modified_time\" content=\"2024-08-01T13:57:16+00:00\" \/>\n<meta property=\"og:image\" content=\"https:\/\/lightweb.dev\/l\/svm-temp\/wp-content\/uploads\/2024\/08\/protester-fran-elskoteranvandarna-mot-nya-trafikregler.jpg\" \/>\n\t<meta property=\"og:image:width\" content=\"700\" \/>\n\t<meta property=\"og:image:height\" content=\"420\" \/>\n\t<meta property=\"og:image:type\" content=\"image\/jpeg\" \/>\n<meta name=\"author\" content=\"Robbie Eriksson\" \/>\n<meta name=\"twitter:card\" content=\"summary_large_image\" \/>\n<meta name=\"twitter:creator\" content=\"@SvenskaMagasine\" \/>\n<meta name=\"twitter:site\" content=\"@SvenskaMagasine\" \/>\n<script type=\"application\/ld+json\" class=\"yoast-schema-graph\">{\"@context\":\"https:\\\/\\\/schema.org\",\"@graph\":[{\"@type\":\"Article\",\"@id\":\"https:\\\/\\\/lightweb.dev\\\/l\\\/svm-temp\\\/nyheter\\\/mijas-infor-nytt-regelverk-for-elsparkscyklar\\\/#article\",\"isPartOf\":{\"@id\":\"https:\\\/\\\/lightweb.dev\\\/l\\\/svm-temp\\\/nyheter\\\/mijas-infor-nytt-regelverk-for-elsparkscyklar\\\/\"},\"author\":{\"name\":\"Robbie Eriksson\",\"@id\":\"https:\\\/\\\/lightweb.dev\\\/l\\\/svm-temp\\\/#\\\/schema\\\/person\\\/caffe038990d25722f5a04a03c906a2b\"},\"headline\":\"Mijas inf\u00f6r nytt regelverk f\u00f6r elsparkscyklar\",\"datePublished\":\"2024-08-01T13:55:22+00:00\",\"dateModified\":\"2024-08-01T13:57:16+00:00\",\"mainEntityOfPage\":{\"@id\":\"https:\\\/\\\/lightweb.dev\\\/l\\\/svm-temp\\\/nyheter\\\/mijas-infor-nytt-regelverk-for-elsparkscyklar\\\/\"},\"wordCount\":249,\"publisher\":{\"@id\":\"https:\\\/\\\/lightweb.dev\\\/l\\\/svm-temp\\\/#organization\"},\"image\":{\"@id\":\"https:\\\/\\\/lightweb.dev\\\/l\\\/svm-temp\\\/nyheter\\\/mijas-infor-nytt-regelverk-for-elsparkscyklar\\\/#primaryimage\"},\"thumbnailUrl\":\"https:\\\/\\\/lightweb.dev\\\/l\\\/svm-temp\\\/wp-content\\\/uploads\\\/2024\\\/08\\\/protester-fran-elskoteranvandarna-mot-nya-trafikregler.jpg\",\"articleSection\":[\"Arkiv\",\"Nyheter\"],\"inLanguage\":\"sv-SE\"},{\"@type\":\"WebPage\",\"@id\":\"https:\\\/\\\/lightweb.dev\\\/l\\\/svm-temp\\\/nyheter\\\/mijas-infor-nytt-regelverk-for-elsparkscyklar\\\/\",\"url\":\"https:\\\/\\\/lightweb.dev\\\/l\\\/svm-temp\\\/nyheter\\\/mijas-infor-nytt-regelverk-for-elsparkscyklar\\\/\",\"name\":\"Mijas inf\u00f6r nytt regelverk f\u00f6r elsparkscyklar - Svenska Magasinet\",\"isPartOf\":{\"@id\":\"https:\\\/\\\/lightweb.dev\\\/l\\\/svm-temp\\\/#website\"},\"primaryImageOfPage\":{\"@id\":\"https:\\\/\\\/lightweb.dev\\\/l\\\/svm-temp\\\/nyheter\\\/mijas-infor-nytt-regelverk-for-elsparkscyklar\\\/#primaryimage\"},\"image\":{\"@id\":\"https:\\\/\\\/lightweb.dev\\\/l\\\/svm-temp\\\/nyheter\\\/mijas-infor-nytt-regelverk-for-elsparkscyklar\\\/#primaryimage\"},\"thumbnailUrl\":\"https:\\\/\\\/lightweb.dev\\\/l\\\/svm-temp\\\/wp-content\\\/uploads\\\/2024\\\/08\\\/protester-fran-elskoteranvandarna-mot-nya-trafikregler.jpg\",\"datePublished\":\"2024-08-01T13:55:22+00:00\",\"dateModified\":\"2024-08-01T13:57:16+00:00\",\"breadcrumb\":{\"@id\":\"https:\\\/\\\/lightweb.dev\\\/l\\\/svm-temp\\\/nyheter\\\/mijas-infor-nytt-regelverk-for-elsparkscyklar\\\/#breadcrumb\"},\"inLanguage\":\"sv-SE\",\"potentialAction\":[{\"@type\":\"ReadAction\",\"target\":[\"https:\\\/\\\/lightweb.dev\\\/l\\\/svm-temp\\\/nyheter\\\/mijas-infor-nytt-regelverk-for-elsparkscyklar\\\/\"]}]},{\"@type\":\"ImageObject\",\"inLanguage\":\"sv-SE\",\"@id\":\"https:\\\/\\\/lightweb.dev\\\/l\\\/svm-temp\\\/nyheter\\\/mijas-infor-nytt-regelverk-for-elsparkscyklar\\\/#primaryimage\",\"url\":\"https:\\\/\\\/lightweb.dev\\\/l\\\/svm-temp\\\/wp-content\\\/uploads\\\/2024\\\/08\\\/protester-fran-elskoteranvandarna-mot-nya-trafikregler.jpg\",\"contentUrl\":\"https:\\\/\\\/lightweb.dev\\\/l\\\/svm-temp\\\/wp-content\\\/uploads\\\/2024\\\/08\\\/protester-fran-elskoteranvandarna-mot-nya-trafikregler.jpg\",\"width\":700,\"height\":420},{\"@type\":\"BreadcrumbList\",\"@id\":\"https:\\\/\\\/lightweb.dev\\\/l\\\/svm-temp\\\/nyheter\\\/mijas-infor-nytt-regelverk-for-elsparkscyklar\\\/#breadcrumb\",\"itemListElement\":[{\"@type\":\"ListItem\",\"position\":1,\"name\":\"Hem\",\"item\":\"https:\\\/\\\/lightweb.dev\\\/l\\\/svm-temp\\\/\"},{\"@type\":\"ListItem\",\"position\":2,\"name\":\"Mijas inf\u00f6r nytt regelverk f\u00f6r elsparkscyklar\"}]},{\"@type\":\"WebSite\",\"@id\":\"https:\\\/\\\/lightweb.dev\\\/l\\\/svm-temp\\\/#website\",\"url\":\"https:\\\/\\\/lightweb.dev\\\/l\\\/svm-temp\\\/\",\"name\":\"Svenska Magasinet\",\"description\":\"Dina Spanska nyheter p&aring; Svenska\",\"publisher\":{\"@id\":\"https:\\\/\\\/lightweb.dev\\\/l\\\/svm-temp\\\/#organization\"},\"potentialAction\":[{\"@type\":\"SearchAction\",\"target\":{\"@type\":\"EntryPoint\",\"urlTemplate\":\"https:\\\/\\\/lightweb.dev\\\/l\\\/svm-temp\\\/?s={search_term_string}\"},\"query-input\":{\"@type\":\"PropertyValueSpecification\",\"valueRequired\":true,\"valueName\":\"search_term_string\"}}],\"inLanguage\":\"sv-SE\"},{\"@type\":\"Organization\",\"@id\":\"https:\\\/\\\/lightweb.dev\\\/l\\\/svm-temp\\\/#organization\",\"name\":\"Melkerson y Nott SL\",\"alternateName\":\"Svenska Magasinet\",\"url\":\"https:\\\/\\\/lightweb.dev\\\/l\\\/svm-temp\\\/\",\"logo\":{\"@type\":\"ImageObject\",\"inLanguage\":\"sv-SE\",\"@id\":\"https:\\\/\\\/lightweb.dev\\\/l\\\/svm-temp\\\/#\\\/schema\\\/logo\\\/image\\\/\",\"url\":\"https:\\\/\\\/lightweb.dev\\\/l\\\/svm-temp\\\/wp-content\\\/uploads\\\/2025\\\/02\\\/SvM-logo-Xtra-Centrerad-SVART.png\",\"contentUrl\":\"https:\\\/\\\/lightweb.dev\\\/l\\\/svm-temp\\\/wp-content\\\/uploads\\\/2025\\\/02\\\/SvM-logo-Xtra-Centrerad-SVART.png\",\"width\":300,\"height\":99,\"caption\":\"Melkerson y Nott SL\"},\"image\":{\"@id\":\"https:\\\/\\\/lightweb.dev\\\/l\\\/svm-temp\\\/#\\\/schema\\\/logo\\\/image\\\/\"},\"sameAs\":[\"https:\\\/\\\/www.facebook.com\\\/svenskamagasinet\",\"https:\\\/\\\/x.com\\\/SvenskaMagasine\"]},{\"@type\":\"Person\",\"@id\":\"https:\\\/\\\/lightweb.dev\\\/l\\\/svm-temp\\\/#\\\/schema\\\/person\\\/caffe038990d25722f5a04a03c906a2b\",\"name\":\"Robbie Eriksson\",\"sameAs\":[\"https:\\\/\\\/lightweb.dev\\\/l\\\/svm-temp\"],\"url\":\"https:\\\/\\\/lightweb.dev\\\/l\\\/svm-temp\\\/reporter\\\/robbie-eriksson\\\/\"}]}<\/script>\n<!-- \/ Yoast SEO Premium plugin. -->","yoast_head_json":{"title":"Mijas inf\u00f6r nytt regelverk f\u00f6r elsparkscyklar - Svenska Magasinet","robots":{"index":"noindex","follow":"follow","max-snippet":"max-snippet:-1","max-image-preview":"max-image-preview:large","max-video-preview":"max-video-preview:-1"},"og_locale":"sv_SE","og_type":"article","og_title":"Mijas inf\u00f6r nytt regelverk f\u00f6r elsparkscyklar","og_description":"N\u00e5gra av reglerna g\u00e4ller \u00e4ven f\u00f6r vanliga cyklar.\u00a0Dessutom introduceras nya b\u00f6tesstraff som kan uppg\u00e5 till 500 euro.\u00a0","og_url":"https:\/\/lightweb.dev\/l\/svm-temp\/nyheter\/mijas-infor-nytt-regelverk-for-elsparkscyklar\/","og_site_name":"Svenska Magasinet","article_publisher":"https:\/\/www.facebook.com\/svenskamagasinet","article_published_time":"2024-08-01T13:55:22+00:00","article_modified_time":"2024-08-01T13:57:16+00:00","og_image":[{"width":700,"height":420,"url":"https:\/\/lightweb.dev\/l\/svm-temp\/wp-content\/uploads\/2024\/08\/protester-fran-elskoteranvandarna-mot-nya-trafikregler.jpg","type":"image\/jpeg"}],"author":"Robbie Eriksson","twitter_card":"summary_large_image","twitter_creator":"@SvenskaMagasine","twitter_site":"@SvenskaMagasine","schema":{"@context":"https:\/\/schema.org","@graph":[{"@type":"Article","@id":"https:\/\/lightweb.dev\/l\/svm-temp\/nyheter\/mijas-infor-nytt-regelverk-for-elsparkscyklar\/#article","isPartOf":{"@id":"https:\/\/lightweb.dev\/l\/svm-temp\/nyheter\/mijas-infor-nytt-regelverk-for-elsparkscyklar\/"},"author":{"name":"Robbie Eriksson","@id":"https:\/\/lightweb.dev\/l\/svm-temp\/#\/schema\/person\/caffe038990d25722f5a04a03c906a2b"},"headline":"Mijas inf\u00f6r nytt regelverk f\u00f6r elsparkscyklar","datePublished":"2024-08-01T13:55:22+00:00","dateModified":"2024-08-01T13:57:16+00:00","mainEntityOfPage":{"@id":"https:\/\/lightweb.dev\/l\/svm-temp\/nyheter\/mijas-infor-nytt-regelverk-for-elsparkscyklar\/"},"wordCount":249,"publisher":{"@id":"https:\/\/lightweb.dev\/l\/svm-temp\/#organization"},"image":{"@id":"https:\/\/lightweb.dev\/l\/svm-temp\/nyheter\/mijas-infor-nytt-regelverk-for-elsparkscyklar\/#primaryimage"},"thumbnailUrl":"https:\/\/lightweb.dev\/l\/svm-temp\/wp-content\/uploads\/2024\/08\/protester-fran-elskoteranvandarna-mot-nya-trafikregler.jpg","articleSection":["Arkiv","Nyheter"],"inLanguage":"sv-SE"},{"@type":"WebPage","@id":"https:\/\/lightweb.dev\/l\/svm-temp\/nyheter\/mijas-infor-nytt-regelverk-for-elsparkscyklar\/","url":"https:\/\/lightweb.dev\/l\/svm-temp\/nyheter\/mijas-infor-nytt-regelverk-for-elsparkscyklar\/","name":"Mijas inf\u00f6r nytt regelverk f\u00f6r elsparkscyklar - Svenska Magasinet","isPartOf":{"@id":"https:\/\/lightweb.dev\/l\/svm-temp\/#website"},"primaryImageOfPage":{"@id":"https:\/\/lightweb.dev\/l\/svm-temp\/nyheter\/mijas-infor-nytt-regelverk-for-elsparkscyklar\/#primaryimage"},"image":{"@id":"https:\/\/lightweb.dev\/l\/svm-temp\/nyheter\/mijas-infor-nytt-regelverk-for-elsparkscyklar\/#primaryimage"},"thumbnailUrl":"https:\/\/lightweb.dev\/l\/svm-temp\/wp-content\/uploads\/2024\/08\/protester-fran-elskoteranvandarna-mot-nya-trafikregler.jpg","datePublished":"2024-08-01T13:55:22+00:00","dateModified":"2024-08-01T13:57:16+00:00","breadcrumb":{"@id":"https:\/\/lightweb.dev\/l\/svm-temp\/nyheter\/mijas-infor-nytt-regelverk-for-elsparkscyklar\/#breadcrumb"},"inLanguage":"sv-SE","potentialAction":[{"@type":"ReadAction","target":["https:\/\/lightweb.dev\/l\/svm-temp\/nyheter\/mijas-infor-nytt-regelverk-for-elsparkscyklar\/"]}]},{"@type":"ImageObject","inLanguage":"sv-SE","@id":"https:\/\/lightweb.dev\/l\/svm-temp\/nyheter\/mijas-infor-nytt-regelverk-for-elsparkscyklar\/#primaryimage","url":"https:\/\/lightweb.dev\/l\/svm-temp\/wp-content\/uploads\/2024\/08\/protester-fran-elskoteranvandarna-mot-nya-trafikregler.jpg","contentUrl":"https:\/\/lightweb.dev\/l\/svm-temp\/wp-content\/uploads\/2024\/08\/protester-fran-elskoteranvandarna-mot-nya-trafikregler.jpg","width":700,"height":420},{"@type":"BreadcrumbList","@id":"https:\/\/lightweb.dev\/l\/svm-temp\/nyheter\/mijas-infor-nytt-regelverk-for-elsparkscyklar\/#breadcrumb","itemListElement":[{"@type":"ListItem","position":1,"name":"Hem","item":"https:\/\/lightweb.dev\/l\/svm-temp\/"},{"@type":"ListItem","position":2,"name":"Mijas inf\u00f6r nytt regelverk f\u00f6r elsparkscyklar"}]},{"@type":"WebSite","@id":"https:\/\/lightweb.dev\/l\/svm-temp\/#website","url":"https:\/\/lightweb.dev\/l\/svm-temp\/","name":"Svenska Magasinet","description":"Dina Spanska nyheter p&aring; Svenska","publisher":{"@id":"https:\/\/lightweb.dev\/l\/svm-temp\/#organization"},"potentialAction":[{"@type":"SearchAction","target":{"@type":"EntryPoint","urlTemplate":"https:\/\/lightweb.dev\/l\/svm-temp\/?s={search_term_string}"},"query-input":{"@type":"PropertyValueSpecification","valueRequired":true,"valueName":"search_term_string"}}],"inLanguage":"sv-SE"},{"@type":"Organization","@id":"https:\/\/lightweb.dev\/l\/svm-temp\/#organization","name":"Melkerson y Nott SL","alternateName":"Svenska Magasinet","url":"https:\/\/lightweb.dev\/l\/svm-temp\/","logo":{"@type":"ImageObject","inLanguage":"sv-SE","@id":"https:\/\/lightweb.dev\/l\/svm-temp\/#\/schema\/logo\/image\/","url":"https:\/\/lightweb.dev\/l\/svm-temp\/wp-content\/uploads\/2025\/02\/SvM-logo-Xtra-Centrerad-SVART.png","contentUrl":"https:\/\/lightweb.dev\/l\/svm-temp\/wp-content\/uploads\/2025\/02\/SvM-logo-Xtra-Centrerad-SVART.png","width":300,"height":99,"caption":"Melkerson y Nott SL"},"image":{"@id":"https:\/\/lightweb.dev\/l\/svm-temp\/#\/schema\/logo\/image\/"},"sameAs":["https:\/\/www.facebook.com\/svenskamagasinet","https:\/\/x.com\/SvenskaMagasine"]},{"@type":"Person","@id":"https:\/\/lightweb.dev\/l\/svm-temp\/#\/schema\/person\/caffe038990d25722f5a04a03c906a2b","name":"Robbie Eriksson","sameAs":["https:\/\/lightweb.dev\/l\/svm-temp"],"url":"https:\/\/lightweb.dev\/l\/svm-temp\/reporter\/robbie-eriksson\/"}]}},"_links":{"self":[{"href":"https:\/\/lightweb.dev\/l\/svm-temp\/wp-json\/wp\/v2\/posts\/73571","targetHints":{"allow":["GET"]}}],"collection":[{"href":"https:\/\/lightweb.dev\/l\/svm-temp\/wp-json\/wp\/v2\/posts"}],"about":[{"href":"https:\/\/lightweb.dev\/l\/svm-temp\/wp-json\/wp\/v2\/types\/post"}],"author":[{"embeddable":true,"href":"https:\/\/lightweb.dev\/l\/svm-temp\/wp-json\/wp\/v2\/users\/14"}],"replies":[{"embeddable":true,"href":"https:\/\/lightweb.dev\/l\/svm-temp\/wp-json\/wp\/v2\/comments?post=73571"}],"version-history":[{"count":0,"href":"https:\/\/lightweb.dev\/l\/svm-temp\/wp-json\/wp\/v2\/posts\/73571\/revisions"}],"wp:featuredmedia":[{"embeddable":true,"href":"https:\/\/lightweb.dev\/l\/svm-temp\/wp-json\/wp\/v2\/media\/73573"}],"wp:attachment":[{"href":"https:\/\/lightweb.dev\/l\/svm-temp\/wp-json\/wp\/v2\/media?parent=73571"}],"wp:term":[{"taxonomy":"category","embeddable":true,"href":"https:\/\/lightweb.dev\/l\/svm-temp\/wp-json\/wp\/v2\/categories?post=73571"},{"taxonomy":"post_tag","embeddable":true,"href":"https:\/\/lightweb.dev\/l\/svm-temp\/wp-json\/wp\/v2\/tags?post=73571"}],"curies":[{"name":"wp","href":"https:\/\/api.w.org\/{rel}","templated":true}]}}