{"id":73574,"date":"2024-08-01T16:07:20","date_gmt":"2024-08-01T14:07:20","guid":{"rendered":"https:\/\/lightweb.dev\/l\/svm-temp\/?p=73574"},"modified":"2024-08-01T16:07:20","modified_gmt":"2024-08-01T14:07:20","slug":"battre-skord-kan-ge-billigare-olivolja","status":"publish","type":"post","link":"https:\/\/lightweb.dev\/l\/svm-temp\/nyheter\/battre-skord-kan-ge-billigare-olivolja\/","title":{"rendered":"B\u00e4ttre sk\u00f6rd kan ge billigare olivolja"},"content":{"rendered":"<p><strong>F\u00f6r f\u00f6rsta g\u00e5ngen p\u00e5 l\u00e4nge ser den kommande s\u00e4songens olivsk\u00f6rd i Andalusien ut att bli st\u00f6rre.\u00a0<\/strong><\/p>\n<p><span style=\"font-weight: 400;\"><strong>Det kommer f\u00f6rhoppningsvis att ge l\u00e4gre priser p\u00e5 olivolja i b\u00f6rjan av n\u00e4sta \u00e5r.<\/strong>\u00a0<\/span><\/p>\n<p><span style=\"font-weight: 400;\">Regnet kom i lagom tid f\u00f6r att \u00e4ntligen v\u00e4nda den ned\u00e5tg\u00e5ende trenden i Andalusiens olivproduktion. Prognosen f\u00f6r 2024\/25 ser ljusare ut \u00e4n p\u00e5 flera \u00e5r.\u00a0<\/span><\/p>\n<p><span style=\"font-weight: 400;\">Enligt uppgifter fr\u00e5n olivoljeproducenten Dcoop, som rapporterats i tidningen SUR, kommer sk\u00f6rden fr\u00e5n den kommande s\u00e4songen \u00f6ka med 30 procent. F\u00f6r det Antequerabaserade f\u00f6retaget inneb\u00e4r det att de kommer att f\u00e5 ut 27 000 ton j\u00e4mf\u00f6rt med f\u00f6rra s\u00e4songens 20 000.\u00a0\u00a0<\/span><\/p>\n<p><span style=\"font-weight: 400;\">&#8211; Vi ser en f\u00f6rb\u00e4ttring mot f\u00f6rra \u00e5rets sk\u00f6rd. En trend som g\u00e5r att urskilja i alla Andalusiens provinser. Det har dock regnat lite mindre i M\u00e1laga s\u00e5 produktionen kommer att \u00f6ka n\u00e5got mindre h\u00e4r, s\u00e4ger k\u00e4llor till SUR.\u00a0<\/span><\/p>\n<p><span style=\"font-weight: 400;\">Om man skiftar fokus till hela M\u00e1lagaprovinsen kommer den \u00e5rliga \u00f6kningen g\u00e5 fr\u00e5n 36 000 ton till omkring 46 800.\u00a0<\/span><\/p>\n<p><span style=\"font-weight: 400;\">Detta inneb\u00e4r att sk\u00f6rden kommer att ligga p\u00e5 ungef\u00e4r samma niv\u00e5 som s\u00e4songen 2016\/17. Det \u00e4r fortfarande inga \u00f6nskv\u00e4rda siffror men det v\u00e4nder trenden med minskande sk\u00f6rdar som r\u00e5tt de senaste \u00e5ren. De tv\u00e5 senaste s\u00e4songerna har b\u00e5da slagit rekord som de s\u00e4msta n\u00e5gonsin.\u00a0<\/span><\/p>\n<p><span style=\"font-weight: 400;\">Det \u00e4r fortfarande l\u00e5ngt efter f\u00f6rra \u00e5rtiondets toppsiffror. Den st\u00f6rsta sk\u00f6rden d\u00e5 var s\u00e4songen 2011\/12 n\u00e4r man fick ihop 94 300 ton. M\u00e1laga lider fortfarande av torkan men den stora m\u00e4ngden regn som f\u00f6ll under p\u00e5sken har f\u00f6rb\u00e4ttrat situationen f\u00f6r stunden.\u00a0\u00a0<\/span><\/p>\n<p><span style=\"font-weight: 400;\">\u201cOlivtr\u00e4den m\u00e5r bra just nu. Det \u00e4r ett tr\u00e4d som klarar h\u00f6ga temperaturer mycket bra. Men de var redan f\u00f6rsvagade efter tv\u00e5 \u00e5r utan vatten. P\u00e5skregnen kom vid r\u00e4tt tidpunkt,\u201d sade olivbonden <\/span><span style=\"font-weight: 400;\">Jos\u00e9 Antonio Mata till SUR. <\/span><span style=\"font-weight: 400;\">\u00a0<\/span><\/p>\n<p><span style=\"font-weight: 400;\">Hoppas p\u00e5 mer regn<\/span><\/p>\n<p><span style=\"font-weight: 400;\">Odlarna hoppas att det kommer ytterligare stora regn i h\u00f6st. Detta skulle inneb\u00e4ra att oliverna v\u00e4xer sig st\u00f6rre. Men oavsett kommer sk\u00f6rden att vara b\u00e4ttre \u00e4n p\u00e5 l\u00e4nge.\u00a0<\/span><\/p>\n<p><span style=\"font-weight: 400;\">De svaga sk\u00f6rdarna har kraftigt h\u00f6jt priset p\u00e5 olivolja. Men trots den \u00f6kade kostnaden har konsumtionen av olja varit stabil. Eftersom efterfr\u00e5gan varit fortsatt h\u00f6g men utbudet betydligt mindre st\u00e5r producenternas lager i stort sett tomma. \u201cVi kommer att klara det, men det kommer inte finnas en liter \u00f6ver\u201d, har Dcoopchefen Antonio Loque sagt.\u00a0<\/span><\/p>\n<p><span style=\"font-weight: 400;\">F\u00f6rhoppningen \u00e4r att man tack vare den st\u00f6rre sk\u00f6rden kommer att kunna s\u00e4nka priserna n\u00e5got. Men det dr\u00f6jer till b\u00f6rjan av n\u00e4sta \u00e5r.\u00a0<\/span><\/p>\n<p>&nbsp;<\/p>\n<p><span style=\"font-weight: 400;\">\u00a0<\/span><\/p>\n","protected":false},"excerpt":{"rendered":"<p>F\u00f6r f\u00f6rsta g\u00e5ngen p\u00e5 l\u00e4nge ser den kommande s\u00e4songens olivsk\u00f6rd i Andalusien ut att bli st\u00f6rre.\u00a0Det kommer f\u00f6rhoppningsvis att ge l\u00e4gre priser p\u00e5 olivolja i b\u00f6rjan av n\u00e4sta \u00e5r.<\/p>\n","protected":false},"author":14,"featured_media":70680,"comment_status":"closed","ping_status":"closed","sticky":false,"template":"","format":"standard","meta":{"_et_pb_use_builder":"","_et_pb_old_content":"","_et_gb_content_width":"","footnotes":""},"categories":[395,3],"tags":[],"class_list":["post-73574","post","type-post","status-publish","format-standard","has-post-thumbnail","hentry","category-arkiv-nyheter","category-nyheter"],"yoast_head":"<!-- This site is optimized with the Yoast SEO Premium plugin v26.2 (Yoast SEO v27.4) - https:\/\/yoast.com\/product\/yoast-seo-premium-wordpress\/ -->\n<title>B\u00e4ttre sk\u00f6rd kan ge billigare olivolja - Svenska Magasinet<\/title>\n<meta name=\"robots\" content=\"noindex, follow, max-snippet:-1, max-image-preview:large, max-video-preview:-1\" \/>\n<meta property=\"og:locale\" content=\"sv_SE\" \/>\n<meta property=\"og:type\" content=\"article\" \/>\n<meta property=\"og:title\" content=\"B\u00e4ttre sk\u00f6rd kan ge billigare olivolja\" \/>\n<meta property=\"og:description\" content=\"F\u00f6r f\u00f6rsta g\u00e5ngen p\u00e5 l\u00e4nge ser den kommande s\u00e4songens olivsk\u00f6rd i Andalusien ut att bli st\u00f6rre.\u00a0Det kommer f\u00f6rhoppningsvis att ge l\u00e4gre priser p\u00e5 olivolja i b\u00f6rjan av n\u00e4sta \u00e5r.\" \/>\n<meta property=\"og:url\" content=\"https:\/\/lightweb.dev\/l\/svm-temp\/nyheter\/battre-skord-kan-ge-billigare-olivolja\/\" \/>\n<meta property=\"og:site_name\" content=\"Svenska Magasinet\" \/>\n<meta property=\"article:publisher\" content=\"https:\/\/www.facebook.com\/svenskamagasinet\" \/>\n<meta property=\"article:published_time\" content=\"2024-08-01T14:07:20+00:00\" \/>\n<meta property=\"og:image\" content=\"https:\/\/lightweb.dev\/l\/svm-temp\/wp-content\/uploads\/2024\/03\/DSC_5779-stor.jpeg\" \/>\n\t<meta property=\"og:image:width\" content=\"1280\" \/>\n\t<meta property=\"og:image:height\" content=\"857\" \/>\n\t<meta property=\"og:image:type\" content=\"image\/jpeg\" \/>\n<meta name=\"author\" content=\"Robbie Eriksson\" \/>\n<meta name=\"twitter:card\" content=\"summary_large_image\" \/>\n<meta name=\"twitter:creator\" content=\"@SvenskaMagasine\" \/>\n<meta name=\"twitter:site\" content=\"@SvenskaMagasine\" \/>\n<script type=\"application\/ld+json\" class=\"yoast-schema-graph\">{\"@context\":\"https:\\\/\\\/schema.org\",\"@graph\":[{\"@type\":\"Article\",\"@id\":\"https:\\\/\\\/lightweb.dev\\\/l\\\/svm-temp\\\/nyheter\\\/battre-skord-kan-ge-billigare-olivolja\\\/#article\",\"isPartOf\":{\"@id\":\"https:\\\/\\\/lightweb.dev\\\/l\\\/svm-temp\\\/nyheter\\\/battre-skord-kan-ge-billigare-olivolja\\\/\"},\"author\":{\"name\":\"Robbie Eriksson\",\"@id\":\"https:\\\/\\\/lightweb.dev\\\/l\\\/svm-temp\\\/#\\\/schema\\\/person\\\/caffe038990d25722f5a04a03c906a2b\"},\"headline\":\"B\u00e4ttre sk\u00f6rd kan ge billigare olivolja\",\"datePublished\":\"2024-08-01T14:07:20+00:00\",\"mainEntityOfPage\":{\"@id\":\"https:\\\/\\\/lightweb.dev\\\/l\\\/svm-temp\\\/nyheter\\\/battre-skord-kan-ge-billigare-olivolja\\\/\"},\"wordCount\":472,\"publisher\":{\"@id\":\"https:\\\/\\\/lightweb.dev\\\/l\\\/svm-temp\\\/#organization\"},\"image\":{\"@id\":\"https:\\\/\\\/lightweb.dev\\\/l\\\/svm-temp\\\/nyheter\\\/battre-skord-kan-ge-billigare-olivolja\\\/#primaryimage\"},\"thumbnailUrl\":\"https:\\\/\\\/lightweb.dev\\\/l\\\/svm-temp\\\/wp-content\\\/uploads\\\/2024\\\/03\\\/DSC_5779-stor.jpeg\",\"articleSection\":[\"Arkiv\",\"Nyheter\"],\"inLanguage\":\"sv-SE\"},{\"@type\":\"WebPage\",\"@id\":\"https:\\\/\\\/lightweb.dev\\\/l\\\/svm-temp\\\/nyheter\\\/battre-skord-kan-ge-billigare-olivolja\\\/\",\"url\":\"https:\\\/\\\/lightweb.dev\\\/l\\\/svm-temp\\\/nyheter\\\/battre-skord-kan-ge-billigare-olivolja\\\/\",\"name\":\"B\u00e4ttre sk\u00f6rd kan ge billigare olivolja - Svenska Magasinet\",\"isPartOf\":{\"@id\":\"https:\\\/\\\/lightweb.dev\\\/l\\\/svm-temp\\\/#website\"},\"primaryImageOfPage\":{\"@id\":\"https:\\\/\\\/lightweb.dev\\\/l\\\/svm-temp\\\/nyheter\\\/battre-skord-kan-ge-billigare-olivolja\\\/#primaryimage\"},\"image\":{\"@id\":\"https:\\\/\\\/lightweb.dev\\\/l\\\/svm-temp\\\/nyheter\\\/battre-skord-kan-ge-billigare-olivolja\\\/#primaryimage\"},\"thumbnailUrl\":\"https:\\\/\\\/lightweb.dev\\\/l\\\/svm-temp\\\/wp-content\\\/uploads\\\/2024\\\/03\\\/DSC_5779-stor.jpeg\",\"datePublished\":\"2024-08-01T14:07:20+00:00\",\"breadcrumb\":{\"@id\":\"https:\\\/\\\/lightweb.dev\\\/l\\\/svm-temp\\\/nyheter\\\/battre-skord-kan-ge-billigare-olivolja\\\/#breadcrumb\"},\"inLanguage\":\"sv-SE\",\"potentialAction\":[{\"@type\":\"ReadAction\",\"target\":[\"https:\\\/\\\/lightweb.dev\\\/l\\\/svm-temp\\\/nyheter\\\/battre-skord-kan-ge-billigare-olivolja\\\/\"]}]},{\"@type\":\"ImageObject\",\"inLanguage\":\"sv-SE\",\"@id\":\"https:\\\/\\\/lightweb.dev\\\/l\\\/svm-temp\\\/nyheter\\\/battre-skord-kan-ge-billigare-olivolja\\\/#primaryimage\",\"url\":\"https:\\\/\\\/lightweb.dev\\\/l\\\/svm-temp\\\/wp-content\\\/uploads\\\/2024\\\/03\\\/DSC_5779-stor.jpeg\",\"contentUrl\":\"https:\\\/\\\/lightweb.dev\\\/l\\\/svm-temp\\\/wp-content\\\/uploads\\\/2024\\\/03\\\/DSC_5779-stor.jpeg\",\"width\":1280,\"height\":857},{\"@type\":\"BreadcrumbList\",\"@id\":\"https:\\\/\\\/lightweb.dev\\\/l\\\/svm-temp\\\/nyheter\\\/battre-skord-kan-ge-billigare-olivolja\\\/#breadcrumb\",\"itemListElement\":[{\"@type\":\"ListItem\",\"position\":1,\"name\":\"Hem\",\"item\":\"https:\\\/\\\/lightweb.dev\\\/l\\\/svm-temp\\\/\"},{\"@type\":\"ListItem\",\"position\":2,\"name\":\"B\u00e4ttre sk\u00f6rd kan ge billigare olivolja\"}]},{\"@type\":\"WebSite\",\"@id\":\"https:\\\/\\\/lightweb.dev\\\/l\\\/svm-temp\\\/#website\",\"url\":\"https:\\\/\\\/lightweb.dev\\\/l\\\/svm-temp\\\/\",\"name\":\"Svenska Magasinet\",\"description\":\"Dina Spanska nyheter p&aring; Svenska\",\"publisher\":{\"@id\":\"https:\\\/\\\/lightweb.dev\\\/l\\\/svm-temp\\\/#organization\"},\"potentialAction\":[{\"@type\":\"SearchAction\",\"target\":{\"@type\":\"EntryPoint\",\"urlTemplate\":\"https:\\\/\\\/lightweb.dev\\\/l\\\/svm-temp\\\/?s={search_term_string}\"},\"query-input\":{\"@type\":\"PropertyValueSpecification\",\"valueRequired\":true,\"valueName\":\"search_term_string\"}}],\"inLanguage\":\"sv-SE\"},{\"@type\":\"Organization\",\"@id\":\"https:\\\/\\\/lightweb.dev\\\/l\\\/svm-temp\\\/#organization\",\"name\":\"Melkerson y Nott SL\",\"alternateName\":\"Svenska Magasinet\",\"url\":\"https:\\\/\\\/lightweb.dev\\\/l\\\/svm-temp\\\/\",\"logo\":{\"@type\":\"ImageObject\",\"inLanguage\":\"sv-SE\",\"@id\":\"https:\\\/\\\/lightweb.dev\\\/l\\\/svm-temp\\\/#\\\/schema\\\/logo\\\/image\\\/\",\"url\":\"https:\\\/\\\/lightweb.dev\\\/l\\\/svm-temp\\\/wp-content\\\/uploads\\\/2025\\\/02\\\/SvM-logo-Xtra-Centrerad-SVART.png\",\"contentUrl\":\"https:\\\/\\\/lightweb.dev\\\/l\\\/svm-temp\\\/wp-content\\\/uploads\\\/2025\\\/02\\\/SvM-logo-Xtra-Centrerad-SVART.png\",\"width\":300,\"height\":99,\"caption\":\"Melkerson y Nott SL\"},\"image\":{\"@id\":\"https:\\\/\\\/lightweb.dev\\\/l\\\/svm-temp\\\/#\\\/schema\\\/logo\\\/image\\\/\"},\"sameAs\":[\"https:\\\/\\\/www.facebook.com\\\/svenskamagasinet\",\"https:\\\/\\\/x.com\\\/SvenskaMagasine\"]},{\"@type\":\"Person\",\"@id\":\"https:\\\/\\\/lightweb.dev\\\/l\\\/svm-temp\\\/#\\\/schema\\\/person\\\/caffe038990d25722f5a04a03c906a2b\",\"name\":\"Robbie Eriksson\",\"sameAs\":[\"https:\\\/\\\/lightweb.dev\\\/l\\\/svm-temp\"],\"url\":\"https:\\\/\\\/lightweb.dev\\\/l\\\/svm-temp\\\/reporter\\\/robbie-eriksson\\\/\"}]}<\/script>\n<!-- \/ Yoast SEO Premium plugin. -->","yoast_head_json":{"title":"B\u00e4ttre sk\u00f6rd kan ge billigare olivolja - Svenska Magasinet","robots":{"index":"noindex","follow":"follow","max-snippet":"max-snippet:-1","max-image-preview":"max-image-preview:large","max-video-preview":"max-video-preview:-1"},"og_locale":"sv_SE","og_type":"article","og_title":"B\u00e4ttre sk\u00f6rd kan ge billigare olivolja","og_description":"F\u00f6r f\u00f6rsta g\u00e5ngen p\u00e5 l\u00e4nge ser den kommande s\u00e4songens olivsk\u00f6rd i Andalusien ut att bli st\u00f6rre.\u00a0Det kommer f\u00f6rhoppningsvis att ge l\u00e4gre priser p\u00e5 olivolja i b\u00f6rjan av n\u00e4sta \u00e5r.","og_url":"https:\/\/lightweb.dev\/l\/svm-temp\/nyheter\/battre-skord-kan-ge-billigare-olivolja\/","og_site_name":"Svenska Magasinet","article_publisher":"https:\/\/www.facebook.com\/svenskamagasinet","article_published_time":"2024-08-01T14:07:20+00:00","og_image":[{"width":1280,"height":857,"url":"https:\/\/lightweb.dev\/l\/svm-temp\/wp-content\/uploads\/2024\/03\/DSC_5779-stor.jpeg","type":"image\/jpeg"}],"author":"Robbie Eriksson","twitter_card":"summary_large_image","twitter_creator":"@SvenskaMagasine","twitter_site":"@SvenskaMagasine","schema":{"@context":"https:\/\/schema.org","@graph":[{"@type":"Article","@id":"https:\/\/lightweb.dev\/l\/svm-temp\/nyheter\/battre-skord-kan-ge-billigare-olivolja\/#article","isPartOf":{"@id":"https:\/\/lightweb.dev\/l\/svm-temp\/nyheter\/battre-skord-kan-ge-billigare-olivolja\/"},"author":{"name":"Robbie Eriksson","@id":"https:\/\/lightweb.dev\/l\/svm-temp\/#\/schema\/person\/caffe038990d25722f5a04a03c906a2b"},"headline":"B\u00e4ttre sk\u00f6rd kan ge billigare olivolja","datePublished":"2024-08-01T14:07:20+00:00","mainEntityOfPage":{"@id":"https:\/\/lightweb.dev\/l\/svm-temp\/nyheter\/battre-skord-kan-ge-billigare-olivolja\/"},"wordCount":472,"publisher":{"@id":"https:\/\/lightweb.dev\/l\/svm-temp\/#organization"},"image":{"@id":"https:\/\/lightweb.dev\/l\/svm-temp\/nyheter\/battre-skord-kan-ge-billigare-olivolja\/#primaryimage"},"thumbnailUrl":"https:\/\/lightweb.dev\/l\/svm-temp\/wp-content\/uploads\/2024\/03\/DSC_5779-stor.jpeg","articleSection":["Arkiv","Nyheter"],"inLanguage":"sv-SE"},{"@type":"WebPage","@id":"https:\/\/lightweb.dev\/l\/svm-temp\/nyheter\/battre-skord-kan-ge-billigare-olivolja\/","url":"https:\/\/lightweb.dev\/l\/svm-temp\/nyheter\/battre-skord-kan-ge-billigare-olivolja\/","name":"B\u00e4ttre sk\u00f6rd kan ge billigare olivolja - Svenska Magasinet","isPartOf":{"@id":"https:\/\/lightweb.dev\/l\/svm-temp\/#website"},"primaryImageOfPage":{"@id":"https:\/\/lightweb.dev\/l\/svm-temp\/nyheter\/battre-skord-kan-ge-billigare-olivolja\/#primaryimage"},"image":{"@id":"https:\/\/lightweb.dev\/l\/svm-temp\/nyheter\/battre-skord-kan-ge-billigare-olivolja\/#primaryimage"},"thumbnailUrl":"https:\/\/lightweb.dev\/l\/svm-temp\/wp-content\/uploads\/2024\/03\/DSC_5779-stor.jpeg","datePublished":"2024-08-01T14:07:20+00:00","breadcrumb":{"@id":"https:\/\/lightweb.dev\/l\/svm-temp\/nyheter\/battre-skord-kan-ge-billigare-olivolja\/#breadcrumb"},"inLanguage":"sv-SE","potentialAction":[{"@type":"ReadAction","target":["https:\/\/lightweb.dev\/l\/svm-temp\/nyheter\/battre-skord-kan-ge-billigare-olivolja\/"]}]},{"@type":"ImageObject","inLanguage":"sv-SE","@id":"https:\/\/lightweb.dev\/l\/svm-temp\/nyheter\/battre-skord-kan-ge-billigare-olivolja\/#primaryimage","url":"https:\/\/lightweb.dev\/l\/svm-temp\/wp-content\/uploads\/2024\/03\/DSC_5779-stor.jpeg","contentUrl":"https:\/\/lightweb.dev\/l\/svm-temp\/wp-content\/uploads\/2024\/03\/DSC_5779-stor.jpeg","width":1280,"height":857},{"@type":"BreadcrumbList","@id":"https:\/\/lightweb.dev\/l\/svm-temp\/nyheter\/battre-skord-kan-ge-billigare-olivolja\/#breadcrumb","itemListElement":[{"@type":"ListItem","position":1,"name":"Hem","item":"https:\/\/lightweb.dev\/l\/svm-temp\/"},{"@type":"ListItem","position":2,"name":"B\u00e4ttre sk\u00f6rd kan ge billigare olivolja"}]},{"@type":"WebSite","@id":"https:\/\/lightweb.dev\/l\/svm-temp\/#website","url":"https:\/\/lightweb.dev\/l\/svm-temp\/","name":"Svenska Magasinet","description":"Dina Spanska nyheter p&aring; Svenska","publisher":{"@id":"https:\/\/lightweb.dev\/l\/svm-temp\/#organization"},"potentialAction":[{"@type":"SearchAction","target":{"@type":"EntryPoint","urlTemplate":"https:\/\/lightweb.dev\/l\/svm-temp\/?s={search_term_string}"},"query-input":{"@type":"PropertyValueSpecification","valueRequired":true,"valueName":"search_term_string"}}],"inLanguage":"sv-SE"},{"@type":"Organization","@id":"https:\/\/lightweb.dev\/l\/svm-temp\/#organization","name":"Melkerson y Nott SL","alternateName":"Svenska Magasinet","url":"https:\/\/lightweb.dev\/l\/svm-temp\/","logo":{"@type":"ImageObject","inLanguage":"sv-SE","@id":"https:\/\/lightweb.dev\/l\/svm-temp\/#\/schema\/logo\/image\/","url":"https:\/\/lightweb.dev\/l\/svm-temp\/wp-content\/uploads\/2025\/02\/SvM-logo-Xtra-Centrerad-SVART.png","contentUrl":"https:\/\/lightweb.dev\/l\/svm-temp\/wp-content\/uploads\/2025\/02\/SvM-logo-Xtra-Centrerad-SVART.png","width":300,"height":99,"caption":"Melkerson y Nott SL"},"image":{"@id":"https:\/\/lightweb.dev\/l\/svm-temp\/#\/schema\/logo\/image\/"},"sameAs":["https:\/\/www.facebook.com\/svenskamagasinet","https:\/\/x.com\/SvenskaMagasine"]},{"@type":"Person","@id":"https:\/\/lightweb.dev\/l\/svm-temp\/#\/schema\/person\/caffe038990d25722f5a04a03c906a2b","name":"Robbie Eriksson","sameAs":["https:\/\/lightweb.dev\/l\/svm-temp"],"url":"https:\/\/lightweb.dev\/l\/svm-temp\/reporter\/robbie-eriksson\/"}]}},"_links":{"self":[{"href":"https:\/\/lightweb.dev\/l\/svm-temp\/wp-json\/wp\/v2\/posts\/73574","targetHints":{"allow":["GET"]}}],"collection":[{"href":"https:\/\/lightweb.dev\/l\/svm-temp\/wp-json\/wp\/v2\/posts"}],"about":[{"href":"https:\/\/lightweb.dev\/l\/svm-temp\/wp-json\/wp\/v2\/types\/post"}],"author":[{"embeddable":true,"href":"https:\/\/lightweb.dev\/l\/svm-temp\/wp-json\/wp\/v2\/users\/14"}],"replies":[{"embeddable":true,"href":"https:\/\/lightweb.dev\/l\/svm-temp\/wp-json\/wp\/v2\/comments?post=73574"}],"version-history":[{"count":0,"href":"https:\/\/lightweb.dev\/l\/svm-temp\/wp-json\/wp\/v2\/posts\/73574\/revisions"}],"wp:featuredmedia":[{"embeddable":true,"href":"https:\/\/lightweb.dev\/l\/svm-temp\/wp-json\/wp\/v2\/media\/70680"}],"wp:attachment":[{"href":"https:\/\/lightweb.dev\/l\/svm-temp\/wp-json\/wp\/v2\/media?parent=73574"}],"wp:term":[{"taxonomy":"category","embeddable":true,"href":"https:\/\/lightweb.dev\/l\/svm-temp\/wp-json\/wp\/v2\/categories?post=73574"},{"taxonomy":"post_tag","embeddable":true,"href":"https:\/\/lightweb.dev\/l\/svm-temp\/wp-json\/wp\/v2\/tags?post=73574"}],"curies":[{"name":"wp","href":"https:\/\/api.w.org\/{rel}","templated":true}]}}