{"id":73592,"date":"2024-08-02T15:33:25","date_gmt":"2024-08-02T13:33:25","guid":{"rendered":"https:\/\/lightweb.dev\/l\/svm-temp\/?p=73592"},"modified":"2024-08-02T15:33:25","modified_gmt":"2024-08-02T13:33:25","slug":"fler-an-340-000-hundar-och-katter-overgavs-2023","status":"publish","type":"post","link":"https:\/\/lightweb.dev\/l\/svm-temp\/nyheter\/fler-an-340-000-hundar-och-katter-overgavs-2023\/","title":{"rendered":"Fler \u00e4n 340 000 hundar och katter \u00f6vergavs 2023"},"content":{"rendered":"<p><strong>Spanien \u00e4r det land i Europa d\u00e4r flest m\u00e4nniskor \u00f6verger sina husdjur.\u00a0<\/strong><\/p>\n<p><span style=\"font-weight: 400;\">I Spanien finns omkring 29 miljoner husdjur och de finns i h\u00e4lften av hush\u00e5llen. Nu visar uppgifter fr\u00e5n Fundaci\u00f3n Affinity, affinitetsstiftelsen, att olika r\u00e4ddningsorganisationer plockade upp n\u00e4rmare 300 000 hundar eller katter under 2023. Siffran \u00e4r i stort sett densamma som \u00e5ret innan. Om man l\u00e4gger till alla de djur som l\u00e4mnas in till organisationerna s\u00e5 kommer antalet upp i drygt 340 000. Detta inneb\u00e4r att Spanien \u00e4r det land i Europa d\u00e4r flest djur \u00f6verges.\u00a0<\/span><\/p>\n<p><span style=\"font-weight: 400;\">M\u00e5nga tror att detta beror p\u00e5 de h\u00e5rda karant\u00e4nrestriktionerna som inf\u00f6rdes under pandemin 2020. D\u00e5 skaffade l\u00e5ngt m\u00e5nga fler personer \u00e4n normalt en hund f\u00f6r att det gav m\u00f6jlighet att komma ifr\u00e5n huset, om \u00e4n bara f\u00f6r en kortare stund.\u00a0<\/span><\/p>\n<p><span style=\"font-weight: 400;\">N\u00e4r de nya \u00e4garna s\u00e5 sm\u00e5ningom \u00e5terv\u00e4nde till ett mer normalt liv och kunde g\u00e5 till jobbet igen blev hundarna &#8211; f\u00f6r m\u00e5nga &#8211; mer av en b\u00f6rda \u00e4n en hj\u00e4lp.\u00a0<\/span><\/p>\n<p><span style=\"font-weight: 400;\">En annan stor anledning \u00e4r oansvarig uppf\u00f6dning eller bristande kastrering, framf\u00f6rallt g\u00e4llande hundar. Hemmauppf\u00f6dare t\u00e4nker ofta mer p\u00e5 pengar \u00e4n de g\u00f6r p\u00e5 hundarnas v\u00e4lm\u00e5ende.\u00a0<\/span><\/p>\n<p><span style=\"font-weight: 400;\">Att en person reser mycket, ekonomiska bekymmer, att ett f\u00f6rh\u00e5llande tar slut, att ett par f\u00e5r barn och dyrare veterin\u00e4rkostnader \u00e4r ocks\u00e5 faktorer som g\u00f6r att m\u00e4nniskor \u00f6verger sina husdjur.\u00a0<\/span><\/p>\n<h2><span style=\"font-weight: 400;\">Heml\u00f6sa katter<\/span><\/h2>\n<p><span style=\"font-weight: 400;\">Spanien har ett stort problem med heml\u00f6sa katter. R\u00e4ddningscenter och individer jobbar h\u00e5rt med att f\u00e5nga in och kastrera b\u00f6rdiga honor i snabbare takt \u00e4n de kan f\u00f6r\u00f6ka sig. Men det \u00e4r sv\u00e5rt och katterna blir fler och fler. Katter kan b\u00f6rja f\u00f6r\u00f6ka sig vid fyra m\u00e5naders \u00e5lder och f\u00f6da flera g\u00e5nger per \u00e5r. Det inneb\u00e4r att en hona kan f\u00e5 omkring 16 kattungar per \u00e5r. Om avkommorna inte kastrerats betyder det att 12 000 katter kan f\u00f6das i samma generation p\u00e5 bara fem \u00e5r.<\/span><\/p>\n<h3><span style=\"font-weight: 400;\">Djurskyddslagen<\/span><\/h3>\n<p><span style=\"font-weight: 400;\">I september f\u00f6rra \u00e5ret b\u00f6rjade en ny djurskyddslag att g\u00e4lla i Spanien. Dess m\u00e5l \u00e4r att kraftigt minska antalet \u00f6vergivna och heml\u00f6sa djur i landet. Uppf\u00f6dare m\u00e5ste numera ha licens f\u00f6r att s\u00e4lja hundar eller katter. Redan innan lagen kom p\u00e5 plats var man tvungen att s\u00e4tta ett mikrochip i sin hund men nu g\u00e4ller det \u00e4ven f\u00f6r katter. Dessutom m\u00e5ste katter kastreras efter att de blivit sex m\u00e5nader gamla. <\/span><\/p>\n","protected":false},"excerpt":{"rendered":"<p>Spanien \u00e4r det land i Europa d\u00e4r flest m\u00e4nniskor \u00f6verger sina husdjur.\u00a0<\/p>\n","protected":false},"author":14,"featured_media":918,"comment_status":"closed","ping_status":"closed","sticky":false,"template":"","format":"standard","meta":{"_et_pb_use_builder":"","_et_pb_old_content":"","_et_gb_content_width":"","footnotes":""},"categories":[395,3],"tags":[],"class_list":["post-73592","post","type-post","status-publish","format-standard","has-post-thumbnail","hentry","category-arkiv-nyheter","category-nyheter"],"yoast_head":"<!-- This site is optimized with the Yoast SEO Premium plugin v26.2 (Yoast SEO v27.4) - https:\/\/yoast.com\/product\/yoast-seo-premium-wordpress\/ -->\n<title>Fler \u00e4n 340 000 hundar och katter \u00f6vergavs 2023 - Svenska Magasinet<\/title>\n<meta name=\"robots\" content=\"noindex, follow, max-snippet:-1, max-image-preview:large, max-video-preview:-1\" \/>\n<meta property=\"og:locale\" content=\"sv_SE\" \/>\n<meta property=\"og:type\" content=\"article\" \/>\n<meta property=\"og:title\" content=\"Fler \u00e4n 340 000 hundar och katter \u00f6vergavs 2023\" \/>\n<meta property=\"og:description\" content=\"Spanien \u00e4r det land i Europa d\u00e4r flest m\u00e4nniskor \u00f6verger sina husdjur.\u00a0\" \/>\n<meta property=\"og:url\" content=\"https:\/\/lightweb.dev\/l\/svm-temp\/nyheter\/fler-an-340-000-hundar-och-katter-overgavs-2023\/\" \/>\n<meta property=\"og:site_name\" content=\"Svenska Magasinet\" \/>\n<meta property=\"article:publisher\" content=\"https:\/\/www.facebook.com\/svenskamagasinet\" \/>\n<meta property=\"article:published_time\" content=\"2024-08-02T13:33:25+00:00\" \/>\n<meta property=\"og:image\" content=\"https:\/\/lightweb.dev\/l\/svm-temp\/wp-content\/uploads\/2022\/04\/husdjur-betraktas-nu-som-familjemedlem.png\" \/>\n\t<meta property=\"og:image:width\" content=\"500\" \/>\n\t<meta property=\"og:image:height\" content=\"300\" \/>\n\t<meta property=\"og:image:type\" content=\"image\/png\" \/>\n<meta name=\"author\" content=\"Robbie Eriksson\" \/>\n<meta name=\"twitter:card\" content=\"summary_large_image\" \/>\n<meta name=\"twitter:creator\" content=\"@SvenskaMagasine\" \/>\n<meta name=\"twitter:site\" content=\"@SvenskaMagasine\" \/>\n<script type=\"application\/ld+json\" class=\"yoast-schema-graph\">{\"@context\":\"https:\\\/\\\/schema.org\",\"@graph\":[{\"@type\":\"Article\",\"@id\":\"https:\\\/\\\/lightweb.dev\\\/l\\\/svm-temp\\\/nyheter\\\/fler-an-340-000-hundar-och-katter-overgavs-2023\\\/#article\",\"isPartOf\":{\"@id\":\"https:\\\/\\\/lightweb.dev\\\/l\\\/svm-temp\\\/nyheter\\\/fler-an-340-000-hundar-och-katter-overgavs-2023\\\/\"},\"author\":{\"name\":\"Robbie Eriksson\",\"@id\":\"https:\\\/\\\/lightweb.dev\\\/l\\\/svm-temp\\\/#\\\/schema\\\/person\\\/caffe038990d25722f5a04a03c906a2b\"},\"headline\":\"Fler \u00e4n 340 000 hundar och katter \u00f6vergavs 2023\",\"datePublished\":\"2024-08-02T13:33:25+00:00\",\"mainEntityOfPage\":{\"@id\":\"https:\\\/\\\/lightweb.dev\\\/l\\\/svm-temp\\\/nyheter\\\/fler-an-340-000-hundar-och-katter-overgavs-2023\\\/\"},\"wordCount\":442,\"publisher\":{\"@id\":\"https:\\\/\\\/lightweb.dev\\\/l\\\/svm-temp\\\/#organization\"},\"image\":{\"@id\":\"https:\\\/\\\/lightweb.dev\\\/l\\\/svm-temp\\\/nyheter\\\/fler-an-340-000-hundar-och-katter-overgavs-2023\\\/#primaryimage\"},\"thumbnailUrl\":\"https:\\\/\\\/lightweb.dev\\\/l\\\/svm-temp\\\/wp-content\\\/uploads\\\/2022\\\/04\\\/husdjur-betraktas-nu-som-familjemedlem.png\",\"articleSection\":[\"Arkiv\",\"Nyheter\"],\"inLanguage\":\"sv-SE\"},{\"@type\":\"WebPage\",\"@id\":\"https:\\\/\\\/lightweb.dev\\\/l\\\/svm-temp\\\/nyheter\\\/fler-an-340-000-hundar-och-katter-overgavs-2023\\\/\",\"url\":\"https:\\\/\\\/lightweb.dev\\\/l\\\/svm-temp\\\/nyheter\\\/fler-an-340-000-hundar-och-katter-overgavs-2023\\\/\",\"name\":\"Fler \u00e4n 340 000 hundar och katter \u00f6vergavs 2023 - Svenska Magasinet\",\"isPartOf\":{\"@id\":\"https:\\\/\\\/lightweb.dev\\\/l\\\/svm-temp\\\/#website\"},\"primaryImageOfPage\":{\"@id\":\"https:\\\/\\\/lightweb.dev\\\/l\\\/svm-temp\\\/nyheter\\\/fler-an-340-000-hundar-och-katter-overgavs-2023\\\/#primaryimage\"},\"image\":{\"@id\":\"https:\\\/\\\/lightweb.dev\\\/l\\\/svm-temp\\\/nyheter\\\/fler-an-340-000-hundar-och-katter-overgavs-2023\\\/#primaryimage\"},\"thumbnailUrl\":\"https:\\\/\\\/lightweb.dev\\\/l\\\/svm-temp\\\/wp-content\\\/uploads\\\/2022\\\/04\\\/husdjur-betraktas-nu-som-familjemedlem.png\",\"datePublished\":\"2024-08-02T13:33:25+00:00\",\"breadcrumb\":{\"@id\":\"https:\\\/\\\/lightweb.dev\\\/l\\\/svm-temp\\\/nyheter\\\/fler-an-340-000-hundar-och-katter-overgavs-2023\\\/#breadcrumb\"},\"inLanguage\":\"sv-SE\",\"potentialAction\":[{\"@type\":\"ReadAction\",\"target\":[\"https:\\\/\\\/lightweb.dev\\\/l\\\/svm-temp\\\/nyheter\\\/fler-an-340-000-hundar-och-katter-overgavs-2023\\\/\"]}]},{\"@type\":\"ImageObject\",\"inLanguage\":\"sv-SE\",\"@id\":\"https:\\\/\\\/lightweb.dev\\\/l\\\/svm-temp\\\/nyheter\\\/fler-an-340-000-hundar-och-katter-overgavs-2023\\\/#primaryimage\",\"url\":\"https:\\\/\\\/lightweb.dev\\\/l\\\/svm-temp\\\/wp-content\\\/uploads\\\/2022\\\/04\\\/husdjur-betraktas-nu-som-familjemedlem.png\",\"contentUrl\":\"https:\\\/\\\/lightweb.dev\\\/l\\\/svm-temp\\\/wp-content\\\/uploads\\\/2022\\\/04\\\/husdjur-betraktas-nu-som-familjemedlem.png\",\"width\":500,\"height\":300},{\"@type\":\"BreadcrumbList\",\"@id\":\"https:\\\/\\\/lightweb.dev\\\/l\\\/svm-temp\\\/nyheter\\\/fler-an-340-000-hundar-och-katter-overgavs-2023\\\/#breadcrumb\",\"itemListElement\":[{\"@type\":\"ListItem\",\"position\":1,\"name\":\"Hem\",\"item\":\"https:\\\/\\\/lightweb.dev\\\/l\\\/svm-temp\\\/\"},{\"@type\":\"ListItem\",\"position\":2,\"name\":\"Fler \u00e4n 340 000 hundar och katter \u00f6vergavs 2023\"}]},{\"@type\":\"WebSite\",\"@id\":\"https:\\\/\\\/lightweb.dev\\\/l\\\/svm-temp\\\/#website\",\"url\":\"https:\\\/\\\/lightweb.dev\\\/l\\\/svm-temp\\\/\",\"name\":\"Svenska Magasinet\",\"description\":\"Dina Spanska nyheter p&aring; Svenska\",\"publisher\":{\"@id\":\"https:\\\/\\\/lightweb.dev\\\/l\\\/svm-temp\\\/#organization\"},\"potentialAction\":[{\"@type\":\"SearchAction\",\"target\":{\"@type\":\"EntryPoint\",\"urlTemplate\":\"https:\\\/\\\/lightweb.dev\\\/l\\\/svm-temp\\\/?s={search_term_string}\"},\"query-input\":{\"@type\":\"PropertyValueSpecification\",\"valueRequired\":true,\"valueName\":\"search_term_string\"}}],\"inLanguage\":\"sv-SE\"},{\"@type\":\"Organization\",\"@id\":\"https:\\\/\\\/lightweb.dev\\\/l\\\/svm-temp\\\/#organization\",\"name\":\"Melkerson y Nott SL\",\"alternateName\":\"Svenska Magasinet\",\"url\":\"https:\\\/\\\/lightweb.dev\\\/l\\\/svm-temp\\\/\",\"logo\":{\"@type\":\"ImageObject\",\"inLanguage\":\"sv-SE\",\"@id\":\"https:\\\/\\\/lightweb.dev\\\/l\\\/svm-temp\\\/#\\\/schema\\\/logo\\\/image\\\/\",\"url\":\"https:\\\/\\\/lightweb.dev\\\/l\\\/svm-temp\\\/wp-content\\\/uploads\\\/2025\\\/02\\\/SvM-logo-Xtra-Centrerad-SVART.png\",\"contentUrl\":\"https:\\\/\\\/lightweb.dev\\\/l\\\/svm-temp\\\/wp-content\\\/uploads\\\/2025\\\/02\\\/SvM-logo-Xtra-Centrerad-SVART.png\",\"width\":300,\"height\":99,\"caption\":\"Melkerson y Nott SL\"},\"image\":{\"@id\":\"https:\\\/\\\/lightweb.dev\\\/l\\\/svm-temp\\\/#\\\/schema\\\/logo\\\/image\\\/\"},\"sameAs\":[\"https:\\\/\\\/www.facebook.com\\\/svenskamagasinet\",\"https:\\\/\\\/x.com\\\/SvenskaMagasine\"]},{\"@type\":\"Person\",\"@id\":\"https:\\\/\\\/lightweb.dev\\\/l\\\/svm-temp\\\/#\\\/schema\\\/person\\\/caffe038990d25722f5a04a03c906a2b\",\"name\":\"Robbie Eriksson\",\"sameAs\":[\"https:\\\/\\\/lightweb.dev\\\/l\\\/svm-temp\"],\"url\":\"https:\\\/\\\/lightweb.dev\\\/l\\\/svm-temp\\\/reporter\\\/robbie-eriksson\\\/\"}]}<\/script>\n<!-- \/ Yoast SEO Premium plugin. -->","yoast_head_json":{"title":"Fler \u00e4n 340 000 hundar och katter \u00f6vergavs 2023 - Svenska Magasinet","robots":{"index":"noindex","follow":"follow","max-snippet":"max-snippet:-1","max-image-preview":"max-image-preview:large","max-video-preview":"max-video-preview:-1"},"og_locale":"sv_SE","og_type":"article","og_title":"Fler \u00e4n 340 000 hundar och katter \u00f6vergavs 2023","og_description":"Spanien \u00e4r det land i Europa d\u00e4r flest m\u00e4nniskor \u00f6verger sina husdjur.\u00a0","og_url":"https:\/\/lightweb.dev\/l\/svm-temp\/nyheter\/fler-an-340-000-hundar-och-katter-overgavs-2023\/","og_site_name":"Svenska Magasinet","article_publisher":"https:\/\/www.facebook.com\/svenskamagasinet","article_published_time":"2024-08-02T13:33:25+00:00","og_image":[{"width":500,"height":300,"url":"https:\/\/lightweb.dev\/l\/svm-temp\/wp-content\/uploads\/2022\/04\/husdjur-betraktas-nu-som-familjemedlem.png","type":"image\/png"}],"author":"Robbie Eriksson","twitter_card":"summary_large_image","twitter_creator":"@SvenskaMagasine","twitter_site":"@SvenskaMagasine","schema":{"@context":"https:\/\/schema.org","@graph":[{"@type":"Article","@id":"https:\/\/lightweb.dev\/l\/svm-temp\/nyheter\/fler-an-340-000-hundar-och-katter-overgavs-2023\/#article","isPartOf":{"@id":"https:\/\/lightweb.dev\/l\/svm-temp\/nyheter\/fler-an-340-000-hundar-och-katter-overgavs-2023\/"},"author":{"name":"Robbie Eriksson","@id":"https:\/\/lightweb.dev\/l\/svm-temp\/#\/schema\/person\/caffe038990d25722f5a04a03c906a2b"},"headline":"Fler \u00e4n 340 000 hundar och katter \u00f6vergavs 2023","datePublished":"2024-08-02T13:33:25+00:00","mainEntityOfPage":{"@id":"https:\/\/lightweb.dev\/l\/svm-temp\/nyheter\/fler-an-340-000-hundar-och-katter-overgavs-2023\/"},"wordCount":442,"publisher":{"@id":"https:\/\/lightweb.dev\/l\/svm-temp\/#organization"},"image":{"@id":"https:\/\/lightweb.dev\/l\/svm-temp\/nyheter\/fler-an-340-000-hundar-och-katter-overgavs-2023\/#primaryimage"},"thumbnailUrl":"https:\/\/lightweb.dev\/l\/svm-temp\/wp-content\/uploads\/2022\/04\/husdjur-betraktas-nu-som-familjemedlem.png","articleSection":["Arkiv","Nyheter"],"inLanguage":"sv-SE"},{"@type":"WebPage","@id":"https:\/\/lightweb.dev\/l\/svm-temp\/nyheter\/fler-an-340-000-hundar-och-katter-overgavs-2023\/","url":"https:\/\/lightweb.dev\/l\/svm-temp\/nyheter\/fler-an-340-000-hundar-och-katter-overgavs-2023\/","name":"Fler \u00e4n 340 000 hundar och katter \u00f6vergavs 2023 - Svenska Magasinet","isPartOf":{"@id":"https:\/\/lightweb.dev\/l\/svm-temp\/#website"},"primaryImageOfPage":{"@id":"https:\/\/lightweb.dev\/l\/svm-temp\/nyheter\/fler-an-340-000-hundar-och-katter-overgavs-2023\/#primaryimage"},"image":{"@id":"https:\/\/lightweb.dev\/l\/svm-temp\/nyheter\/fler-an-340-000-hundar-och-katter-overgavs-2023\/#primaryimage"},"thumbnailUrl":"https:\/\/lightweb.dev\/l\/svm-temp\/wp-content\/uploads\/2022\/04\/husdjur-betraktas-nu-som-familjemedlem.png","datePublished":"2024-08-02T13:33:25+00:00","breadcrumb":{"@id":"https:\/\/lightweb.dev\/l\/svm-temp\/nyheter\/fler-an-340-000-hundar-och-katter-overgavs-2023\/#breadcrumb"},"inLanguage":"sv-SE","potentialAction":[{"@type":"ReadAction","target":["https:\/\/lightweb.dev\/l\/svm-temp\/nyheter\/fler-an-340-000-hundar-och-katter-overgavs-2023\/"]}]},{"@type":"ImageObject","inLanguage":"sv-SE","@id":"https:\/\/lightweb.dev\/l\/svm-temp\/nyheter\/fler-an-340-000-hundar-och-katter-overgavs-2023\/#primaryimage","url":"https:\/\/lightweb.dev\/l\/svm-temp\/wp-content\/uploads\/2022\/04\/husdjur-betraktas-nu-som-familjemedlem.png","contentUrl":"https:\/\/lightweb.dev\/l\/svm-temp\/wp-content\/uploads\/2022\/04\/husdjur-betraktas-nu-som-familjemedlem.png","width":500,"height":300},{"@type":"BreadcrumbList","@id":"https:\/\/lightweb.dev\/l\/svm-temp\/nyheter\/fler-an-340-000-hundar-och-katter-overgavs-2023\/#breadcrumb","itemListElement":[{"@type":"ListItem","position":1,"name":"Hem","item":"https:\/\/lightweb.dev\/l\/svm-temp\/"},{"@type":"ListItem","position":2,"name":"Fler \u00e4n 340 000 hundar och katter \u00f6vergavs 2023"}]},{"@type":"WebSite","@id":"https:\/\/lightweb.dev\/l\/svm-temp\/#website","url":"https:\/\/lightweb.dev\/l\/svm-temp\/","name":"Svenska Magasinet","description":"Dina Spanska nyheter p&aring; Svenska","publisher":{"@id":"https:\/\/lightweb.dev\/l\/svm-temp\/#organization"},"potentialAction":[{"@type":"SearchAction","target":{"@type":"EntryPoint","urlTemplate":"https:\/\/lightweb.dev\/l\/svm-temp\/?s={search_term_string}"},"query-input":{"@type":"PropertyValueSpecification","valueRequired":true,"valueName":"search_term_string"}}],"inLanguage":"sv-SE"},{"@type":"Organization","@id":"https:\/\/lightweb.dev\/l\/svm-temp\/#organization","name":"Melkerson y Nott SL","alternateName":"Svenska Magasinet","url":"https:\/\/lightweb.dev\/l\/svm-temp\/","logo":{"@type":"ImageObject","inLanguage":"sv-SE","@id":"https:\/\/lightweb.dev\/l\/svm-temp\/#\/schema\/logo\/image\/","url":"https:\/\/lightweb.dev\/l\/svm-temp\/wp-content\/uploads\/2025\/02\/SvM-logo-Xtra-Centrerad-SVART.png","contentUrl":"https:\/\/lightweb.dev\/l\/svm-temp\/wp-content\/uploads\/2025\/02\/SvM-logo-Xtra-Centrerad-SVART.png","width":300,"height":99,"caption":"Melkerson y Nott SL"},"image":{"@id":"https:\/\/lightweb.dev\/l\/svm-temp\/#\/schema\/logo\/image\/"},"sameAs":["https:\/\/www.facebook.com\/svenskamagasinet","https:\/\/x.com\/SvenskaMagasine"]},{"@type":"Person","@id":"https:\/\/lightweb.dev\/l\/svm-temp\/#\/schema\/person\/caffe038990d25722f5a04a03c906a2b","name":"Robbie Eriksson","sameAs":["https:\/\/lightweb.dev\/l\/svm-temp"],"url":"https:\/\/lightweb.dev\/l\/svm-temp\/reporter\/robbie-eriksson\/"}]}},"_links":{"self":[{"href":"https:\/\/lightweb.dev\/l\/svm-temp\/wp-json\/wp\/v2\/posts\/73592","targetHints":{"allow":["GET"]}}],"collection":[{"href":"https:\/\/lightweb.dev\/l\/svm-temp\/wp-json\/wp\/v2\/posts"}],"about":[{"href":"https:\/\/lightweb.dev\/l\/svm-temp\/wp-json\/wp\/v2\/types\/post"}],"author":[{"embeddable":true,"href":"https:\/\/lightweb.dev\/l\/svm-temp\/wp-json\/wp\/v2\/users\/14"}],"replies":[{"embeddable":true,"href":"https:\/\/lightweb.dev\/l\/svm-temp\/wp-json\/wp\/v2\/comments?post=73592"}],"version-history":[{"count":0,"href":"https:\/\/lightweb.dev\/l\/svm-temp\/wp-json\/wp\/v2\/posts\/73592\/revisions"}],"wp:featuredmedia":[{"embeddable":true,"href":"https:\/\/lightweb.dev\/l\/svm-temp\/wp-json\/wp\/v2\/media\/918"}],"wp:attachment":[{"href":"https:\/\/lightweb.dev\/l\/svm-temp\/wp-json\/wp\/v2\/media?parent=73592"}],"wp:term":[{"taxonomy":"category","embeddable":true,"href":"https:\/\/lightweb.dev\/l\/svm-temp\/wp-json\/wp\/v2\/categories?post=73592"},{"taxonomy":"post_tag","embeddable":true,"href":"https:\/\/lightweb.dev\/l\/svm-temp\/wp-json\/wp\/v2\/tags?post=73592"}],"curies":[{"name":"wp","href":"https:\/\/api.w.org\/{rel}","templated":true}]}}