{"id":73625,"date":"2024-08-05T18:27:42","date_gmt":"2024-08-05T16:27:42","guid":{"rendered":"https:\/\/lightweb.dev\/l\/svm-temp\/?p=73625"},"modified":"2024-08-05T18:43:31","modified_gmt":"2024-08-05T16:43:31","slug":"vald-och-gangkriminalitet-far-var-femte-svensk-att-vilja-lamna-sverige","status":"publish","type":"post","link":"https:\/\/lightweb.dev\/l\/svm-temp\/nyheter\/vald-och-gangkriminalitet-far-var-femte-svensk-att-vilja-lamna-sverige\/","title":{"rendered":"V\u00e5ld och g\u00e4ngkriminalitet f\u00e5r var femte svensk att vilja l\u00e4mna Sverige"},"content":{"rendered":"<p><strong>Var femte svensk kan t\u00e4nka sig att flytta till v\u00e4rmen p\u00e5 grund av \u00f6kat v\u00e5ld och g\u00e4ngkriminalitet. N\u00e4r svenskarna f\u00e5r v\u00e4lja land f\u00f6r ett fritidhusk\u00f6p v\u00e4ljer flest ett annat land \u00e4n Sverige som f\u00f6rstahandsval med varma och sols\u00e4kra Spanien som f\u00f6rsta alternativ.<\/strong><\/p>\n<p>I en ny unders\u00f6kning genomf\u00f6rd av Verian p\u00e5 uppdrag av Fastighetsbyr\u00e5n visar hur olika faktorer i samh\u00e4llet p\u00e5verkar svenskarnas vilja att flytta. 20 procent av svenskarna har funderat p\u00e5 att flytta p\u00e5 grund av det kalla klimatet i Sverige.<\/p>\n<p>Kalla och m\u00f6rka vintrar och ostadiga somrar g\u00f6r att 20 procent av svenskar mellan 18 och 84 \u00e5r under de senaste fyra \u00e5ren har funderat p\u00e5 att flytta till ett nytt omr\u00e5de, ort eller land p\u00e5 grund av det kalla klimatet i Sverige.<\/p>\n<h2>G\u00e4ngkriminalitet<\/h2>\n<p>Men \u00e4ven \u00f6kat v\u00e5ld och g\u00e4ngkriminalitet g\u00f6r att n\u00e4stan lika m\u00e5nga (19 procent) kan t\u00e4nka sig att l\u00e4mna Sverige. Andra sk\u00e4l \u00e4r krig i Europa och sk\u00e4rpt s\u00e4kerhetsl\u00e4ge (8 %), ekonomisk utveckling i Sverige (15 %) och klimatf\u00f6r\u00e4ndringar (6 %).<\/p>\n<p>Att \u00f6kat v\u00e5ld och g\u00e4ngkriminalitet pekas ut som ett av sk\u00e4len till att flytta fr\u00e5n Sverige bekr\u00e4ftar tidigare uppgifter i <a href=\"https:\/\/lightweb.dev\/l\/svm-temp\/artiklar\/hem-bostad\/fler-skal-till-utlandsflytt-med-forandrat-varldslage\/\">Svenska Magasinet.<\/a><\/p>\n<p>Om det tidigare var det varma klimatet som bidragande sk\u00e4l till att svenskar k\u00f6pte boende i utlandet s\u00e5 n\u00e4mns numera fler sk\u00e4l.<\/p>\n<p>&#8211; Vi m\u00e4rker av att folk numera n\u00e4mner andra sk\u00e4l till att flytta som att folkhemmet b\u00f6rjar g\u00e5 p\u00e5 kn\u00e4na. Nu n\u00e4mner man social trygghet, polis, f\u00f6rsvar och att folk inte f\u00e5r det de f\u00f6rv\u00e4ntar sig l\u00e4ngre i Sverige, sa Bj\u00f6rn Simonsson, som arrangerar m\u00e4ssorna K\u00f6pa Hus Utomlands, i en intervju den 13 februari.<\/p>\n<p>Samtidigt visar andra uppgifter att kriminella med kopplingar till Sverige ocks\u00e5 dras till sol och v\u00e4rme i Spanien. Mellan 2018 och 2022 greps cirka 120 svenska medborgare i Spanien varav majoriteten p\u00e5 Solkusten. Och nya gripanden g\u00f6rs regelbundet.<\/p>\n<h2>Semesterboende<\/h2>\n<p>Ett s\u00e4tt att f\u00e5 mer sol och v\u00e4rme, utan att flytta permanent, \u00e4r att k\u00f6pa ett fritidshus p\u00e5 varmare breddgrader. P\u00e5 fr\u00e5gan \u201dOm du skulle k\u00f6pa ett semesterboende, vilket land skulle vara ditt f\u00f6rstahandsval?\u201d svarade 28 % Sverige och 43 % ett annat land. I topp bland andra l\u00e4nder hamnar Spanien med 15 % och d\u00e4refter Italien med 8 %.<\/p>\n<p>Det \u00e4r uppenbart att m\u00e5nga svenskar vill ha mer sol och v\u00e4rme. N\u00e5gra tar steget och flyttar permanent medan en st\u00f6rre grupp satsar p\u00e5 ett semesterboende i solen.<\/p>\n<p>\u00d6kade m\u00f6jligheter till distansarbete har ocks\u00e5 gjort att fler och fler v\u00e4ljer en hybrid d\u00e4r de kan jobba l\u00e4ngre perioder i sitt andra hem. Spanien har l\u00e4nge varit svenskarnas f\u00f6rstaval och h\u00e5ller den positionen.<\/p>\n<p>&#8211; Sol, v\u00e4rme, bad \u00e4r det som lockar mest och m\u00e5nga flygf\u00f6rbindelser g\u00f6r det l\u00e4ttillg\u00e4ngligt, s\u00e4ger Martin Posch, aff\u00e4rsomr\u00e5deschef f\u00f6r Fastighetsbyr\u00e5n utland.<\/p>\n<p>Om du skulle k\u00f6pa ett semesterboende, vilket land skulle vara ditt f\u00f6rstahandsval? Top 10 l\u00e4nder 2024 (2023):<\/p>\n<p>Sverige, 28 % (1)<\/p>\n<p>Spanien, 15 % (2)<\/p>\n<p>Italien, 8 % (3)<\/p>\n<p>Portugal 4 % (6)<\/p>\n<p>Grekland, 3 % (5)<\/p>\n<p>Frankrike, 3 % (4)<\/p>\n<p>Kroatien, 2 % (7)<\/p>\n<p>Thailand, 2 % (8)<\/p>\n<p>USA, 1 % (10)<\/p>\n<p>Norge, 1 % (9)<\/p>\n<p>Annat land \u00e4n Sverige totalt 46 %, ej intresserad av att k\u00f6pa semesterboende 23 %, Tveksam\/vet ej 3 %.<\/p>\n<p><a href=\"https:\/\/news.cision.com\/se\/fastighetsbyran\/r\/ny-undersokning--2-av-10-svenskar-funderar-pa-att-flytta-fran-det-kalla-klimatet,c4018481\">Unders\u00f6kningen<\/a> har genomf\u00f6rts av Verian p\u00e5 uppdrag av Fastighetsbyr\u00e5n. Den bygger p\u00e5 1002 intervjuer med den svenska allm\u00e4nheten 18\u201384 \u00e5r. Datainsamlingen genomf\u00f6rdes i den slumpm\u00e4ssigt rekryterade Sifopanelen mellan 7 juni \u2013 13 juni 2024.<\/p>\n","protected":false},"excerpt":{"rendered":"<p>Var femte svensk kan t\u00e4nka sig att flytta till v\u00e4rmen p\u00e5 grund av \u00f6kat v\u00e5ld och g\u00e4ngkriminalitet. N\u00e4r svenskarna f\u00e5r v\u00e4lja land f\u00f6r ett fritidhusk\u00f6p v\u00e4ljer flest ett annat land \u00e4n Sverige som f\u00f6rstahandsval med varma och sols\u00e4kra Spanien som f\u00f6rsta alternativ&#8230;<\/p>\n","protected":false},"author":7,"featured_media":64373,"comment_status":"closed","ping_status":"closed","sticky":false,"template":"","format":"standard","meta":{"_et_pb_use_builder":"","_et_pb_old_content":"","_et_gb_content_width":"","footnotes":""},"categories":[395,3],"tags":[],"class_list":["post-73625","post","type-post","status-publish","format-standard","has-post-thumbnail","hentry","category-arkiv-nyheter","category-nyheter"],"yoast_head":"<!-- This site is optimized with the Yoast SEO Premium plugin v26.2 (Yoast SEO v27.5) - https:\/\/yoast.com\/product\/yoast-seo-premium-wordpress\/ -->\n<title>V\u00e5ld och g\u00e4ngkriminalitet f\u00e5r var femte svensk att vilja l\u00e4mna Sverige - Svenska Magasinet<\/title>\n<meta name=\"description\" content=\"Var femte svensk kan t\u00e4nka sig att flytta till v\u00e4rmen p\u00e5 grund av \u00f6kat v\u00e5ld och g\u00e4ngkriminalitet. N\u00e4r svenskarna f\u00e5r v\u00e4lja land f\u00f6r ett fritidhusk\u00f6p v\u00e4ljer flest ett annat land \u00e4n Sverige som f\u00f6rstahandsval med varma och sols\u00e4kra Spanien som f\u00f6rsta alternativ.\" \/>\n<meta name=\"robots\" content=\"noindex, follow, max-snippet:-1, max-image-preview:large, max-video-preview:-1\" \/>\n<meta property=\"og:locale\" content=\"sv_SE\" \/>\n<meta property=\"og:type\" content=\"article\" \/>\n<meta property=\"og:title\" content=\"V\u00e5ld och g\u00e4ngkriminalitet f\u00e5r var femte svensk att vilja l\u00e4mna Sverige\" \/>\n<meta property=\"og:description\" content=\"Var femte svensk kan t\u00e4nka sig att flytta till v\u00e4rmen p\u00e5 grund av \u00f6kat v\u00e5ld och g\u00e4ngkriminalitet. N\u00e4r svenskarna f\u00e5r v\u00e4lja land f\u00f6r ett fritidhusk\u00f6p v\u00e4ljer flest ett annat land \u00e4n Sverige som f\u00f6rstahandsval med varma och sols\u00e4kra Spanien som f\u00f6rsta alternativ.\" \/>\n<meta property=\"og:url\" content=\"https:\/\/lightweb.dev\/l\/svm-temp\/artiklar\/hem-bostad\/vald-och-gangkriminalitet-far-var-femte-svensk-att-vilja-lamna-sverige\/\" \/>\n<meta property=\"og:site_name\" content=\"Svenska Magasinet\" \/>\n<meta property=\"article:publisher\" content=\"https:\/\/www.facebook.com\/svenskamagasinet\" \/>\n<meta property=\"article:published_time\" content=\"2024-08-05T16:27:42+00:00\" \/>\n<meta property=\"article:modified_time\" content=\"2024-08-05T16:43:31+00:00\" \/>\n<meta property=\"og:image\" content=\"https:\/\/lightweb.dev\/l\/svm-temp\/wp-content\/uploads\/2023\/06\/DSC_6708-stor.jpeg\" \/>\n\t<meta property=\"og:image:width\" content=\"1280\" \/>\n\t<meta property=\"og:image:height\" content=\"859\" \/>\n\t<meta property=\"og:image:type\" content=\"image\/jpeg\" \/>\n<meta name=\"author\" content=\"Ola Josefsson\" \/>\n<meta name=\"twitter:card\" content=\"summary_large_image\" \/>\n<meta name=\"twitter:creator\" content=\"@SvenskaMagasine\" \/>\n<meta name=\"twitter:site\" content=\"@SvenskaMagasine\" \/>\n<script type=\"application\/ld+json\" class=\"yoast-schema-graph\">{\"@context\":\"https:\\\/\\\/schema.org\",\"@graph\":[{\"@type\":\"Article\",\"@id\":\"https:\\\/\\\/lightweb.dev\\\/l\\\/svm-temp\\\/artiklar\\\/hem-bostad\\\/vald-och-gangkriminalitet-far-var-femte-svensk-att-vilja-lamna-sverige\\\/#article\",\"isPartOf\":{\"@id\":\"https:\\\/\\\/lightweb.dev\\\/l\\\/svm-temp\\\/artiklar\\\/hem-bostad\\\/vald-och-gangkriminalitet-far-var-femte-svensk-att-vilja-lamna-sverige\\\/\"},\"author\":{\"name\":\"Ola Josefsson\",\"@id\":\"https:\\\/\\\/lightweb.dev\\\/l\\\/svm-temp\\\/#\\\/schema\\\/person\\\/7a82b8a73d171d32360a564b6d03508e\"},\"headline\":\"V\u00e5ld och g\u00e4ngkriminalitet f\u00e5r var femte svensk att vilja l\u00e4mna Sverige\",\"datePublished\":\"2024-08-05T16:27:42+00:00\",\"dateModified\":\"2024-08-05T16:43:31+00:00\",\"mainEntityOfPage\":{\"@id\":\"https:\\\/\\\/lightweb.dev\\\/l\\\/svm-temp\\\/artiklar\\\/hem-bostad\\\/vald-och-gangkriminalitet-far-var-femte-svensk-att-vilja-lamna-sverige\\\/\"},\"wordCount\":604,\"publisher\":{\"@id\":\"https:\\\/\\\/lightweb.dev\\\/l\\\/svm-temp\\\/#organization\"},\"image\":{\"@id\":\"https:\\\/\\\/lightweb.dev\\\/l\\\/svm-temp\\\/artiklar\\\/hem-bostad\\\/vald-och-gangkriminalitet-far-var-femte-svensk-att-vilja-lamna-sverige\\\/#primaryimage\"},\"thumbnailUrl\":\"https:\\\/\\\/lightweb.dev\\\/l\\\/svm-temp\\\/wp-content\\\/uploads\\\/2023\\\/06\\\/DSC_6708-stor.jpeg\",\"articleSection\":[\"Arkiv\",\"Nyheter\"],\"inLanguage\":\"sv-SE\"},{\"@type\":\"WebPage\",\"@id\":\"https:\\\/\\\/lightweb.dev\\\/l\\\/svm-temp\\\/artiklar\\\/hem-bostad\\\/vald-och-gangkriminalitet-far-var-femte-svensk-att-vilja-lamna-sverige\\\/\",\"url\":\"https:\\\/\\\/lightweb.dev\\\/l\\\/svm-temp\\\/artiklar\\\/hem-bostad\\\/vald-och-gangkriminalitet-far-var-femte-svensk-att-vilja-lamna-sverige\\\/\",\"name\":\"V\u00e5ld och g\u00e4ngkriminalitet f\u00e5r var femte svensk att vilja l\u00e4mna Sverige - Svenska Magasinet\",\"isPartOf\":{\"@id\":\"https:\\\/\\\/lightweb.dev\\\/l\\\/svm-temp\\\/#website\"},\"primaryImageOfPage\":{\"@id\":\"https:\\\/\\\/lightweb.dev\\\/l\\\/svm-temp\\\/artiklar\\\/hem-bostad\\\/vald-och-gangkriminalitet-far-var-femte-svensk-att-vilja-lamna-sverige\\\/#primaryimage\"},\"image\":{\"@id\":\"https:\\\/\\\/lightweb.dev\\\/l\\\/svm-temp\\\/artiklar\\\/hem-bostad\\\/vald-och-gangkriminalitet-far-var-femte-svensk-att-vilja-lamna-sverige\\\/#primaryimage\"},\"thumbnailUrl\":\"https:\\\/\\\/lightweb.dev\\\/l\\\/svm-temp\\\/wp-content\\\/uploads\\\/2023\\\/06\\\/DSC_6708-stor.jpeg\",\"datePublished\":\"2024-08-05T16:27:42+00:00\",\"dateModified\":\"2024-08-05T16:43:31+00:00\",\"description\":\"Var femte svensk kan t\u00e4nka sig att flytta till v\u00e4rmen p\u00e5 grund av \u00f6kat v\u00e5ld och g\u00e4ngkriminalitet. N\u00e4r svenskarna f\u00e5r v\u00e4lja land f\u00f6r ett fritidhusk\u00f6p v\u00e4ljer flest ett annat land \u00e4n Sverige som f\u00f6rstahandsval med varma och sols\u00e4kra Spanien som f\u00f6rsta alternativ.\",\"breadcrumb\":{\"@id\":\"https:\\\/\\\/lightweb.dev\\\/l\\\/svm-temp\\\/artiklar\\\/hem-bostad\\\/vald-och-gangkriminalitet-far-var-femte-svensk-att-vilja-lamna-sverige\\\/#breadcrumb\"},\"inLanguage\":\"sv-SE\",\"potentialAction\":[{\"@type\":\"ReadAction\",\"target\":[\"https:\\\/\\\/lightweb.dev\\\/l\\\/svm-temp\\\/artiklar\\\/hem-bostad\\\/vald-och-gangkriminalitet-far-var-femte-svensk-att-vilja-lamna-sverige\\\/\"]}]},{\"@type\":\"ImageObject\",\"inLanguage\":\"sv-SE\",\"@id\":\"https:\\\/\\\/lightweb.dev\\\/l\\\/svm-temp\\\/artiklar\\\/hem-bostad\\\/vald-och-gangkriminalitet-far-var-femte-svensk-att-vilja-lamna-sverige\\\/#primaryimage\",\"url\":\"https:\\\/\\\/lightweb.dev\\\/l\\\/svm-temp\\\/wp-content\\\/uploads\\\/2023\\\/06\\\/DSC_6708-stor.jpeg\",\"contentUrl\":\"https:\\\/\\\/lightweb.dev\\\/l\\\/svm-temp\\\/wp-content\\\/uploads\\\/2023\\\/06\\\/DSC_6708-stor.jpeg\",\"width\":1280,\"height\":859},{\"@type\":\"BreadcrumbList\",\"@id\":\"https:\\\/\\\/lightweb.dev\\\/l\\\/svm-temp\\\/artiklar\\\/hem-bostad\\\/vald-och-gangkriminalitet-far-var-femte-svensk-att-vilja-lamna-sverige\\\/#breadcrumb\",\"itemListElement\":[{\"@type\":\"ListItem\",\"position\":1,\"name\":\"Hem\",\"item\":\"https:\\\/\\\/lightweb.dev\\\/l\\\/svm-temp\\\/\"},{\"@type\":\"ListItem\",\"position\":2,\"name\":\"V\u00e5ld och g\u00e4ngkriminalitet f\u00e5r var femte svensk att vilja l\u00e4mna Sverige\"}]},{\"@type\":\"WebSite\",\"@id\":\"https:\\\/\\\/lightweb.dev\\\/l\\\/svm-temp\\\/#website\",\"url\":\"https:\\\/\\\/lightweb.dev\\\/l\\\/svm-temp\\\/\",\"name\":\"Svenska Magasinet\",\"description\":\"Dina Spanska nyheter p&aring; Svenska\",\"publisher\":{\"@id\":\"https:\\\/\\\/lightweb.dev\\\/l\\\/svm-temp\\\/#organization\"},\"potentialAction\":[{\"@type\":\"SearchAction\",\"target\":{\"@type\":\"EntryPoint\",\"urlTemplate\":\"https:\\\/\\\/lightweb.dev\\\/l\\\/svm-temp\\\/?s={search_term_string}\"},\"query-input\":{\"@type\":\"PropertyValueSpecification\",\"valueRequired\":true,\"valueName\":\"search_term_string\"}}],\"inLanguage\":\"sv-SE\"},{\"@type\":\"Organization\",\"@id\":\"https:\\\/\\\/lightweb.dev\\\/l\\\/svm-temp\\\/#organization\",\"name\":\"Melkerson y Nott SL\",\"alternateName\":\"Svenska Magasinet\",\"url\":\"https:\\\/\\\/lightweb.dev\\\/l\\\/svm-temp\\\/\",\"logo\":{\"@type\":\"ImageObject\",\"inLanguage\":\"sv-SE\",\"@id\":\"https:\\\/\\\/lightweb.dev\\\/l\\\/svm-temp\\\/#\\\/schema\\\/logo\\\/image\\\/\",\"url\":\"https:\\\/\\\/lightweb.dev\\\/l\\\/svm-temp\\\/wp-content\\\/uploads\\\/2025\\\/02\\\/SvM-logo-Xtra-Centrerad-SVART.png\",\"contentUrl\":\"https:\\\/\\\/lightweb.dev\\\/l\\\/svm-temp\\\/wp-content\\\/uploads\\\/2025\\\/02\\\/SvM-logo-Xtra-Centrerad-SVART.png\",\"width\":300,\"height\":99,\"caption\":\"Melkerson y Nott SL\"},\"image\":{\"@id\":\"https:\\\/\\\/lightweb.dev\\\/l\\\/svm-temp\\\/#\\\/schema\\\/logo\\\/image\\\/\"},\"sameAs\":[\"https:\\\/\\\/www.facebook.com\\\/svenskamagasinet\",\"https:\\\/\\\/x.com\\\/SvenskaMagasine\"]},{\"@type\":\"Person\",\"@id\":\"https:\\\/\\\/lightweb.dev\\\/l\\\/svm-temp\\\/#\\\/schema\\\/person\\\/7a82b8a73d171d32360a564b6d03508e\",\"name\":\"Ola Josefsson\",\"description\":\"Bevakar Solkusten och Spanien sedan 1994.\",\"sameAs\":[\"https:\\\/\\\/lightweb.dev\\\/l\\\/svm-temp\"],\"url\":\"https:\\\/\\\/lightweb.dev\\\/l\\\/svm-temp\\\/reporter\\\/ola-josefsson\\\/\"}]}<\/script>\n<!-- \/ Yoast SEO Premium plugin. -->","yoast_head_json":{"title":"V\u00e5ld och g\u00e4ngkriminalitet f\u00e5r var femte svensk att vilja l\u00e4mna Sverige - Svenska Magasinet","description":"Var femte svensk kan t\u00e4nka sig att flytta till v\u00e4rmen p\u00e5 grund av \u00f6kat v\u00e5ld och g\u00e4ngkriminalitet. N\u00e4r svenskarna f\u00e5r v\u00e4lja land f\u00f6r ett fritidhusk\u00f6p v\u00e4ljer flest ett annat land \u00e4n Sverige som f\u00f6rstahandsval med varma och sols\u00e4kra Spanien som f\u00f6rsta alternativ.","robots":{"index":"noindex","follow":"follow","max-snippet":"max-snippet:-1","max-image-preview":"max-image-preview:large","max-video-preview":"max-video-preview:-1"},"og_locale":"sv_SE","og_type":"article","og_title":"V\u00e5ld och g\u00e4ngkriminalitet f\u00e5r var femte svensk att vilja l\u00e4mna Sverige","og_description":"Var femte svensk kan t\u00e4nka sig att flytta till v\u00e4rmen p\u00e5 grund av \u00f6kat v\u00e5ld och g\u00e4ngkriminalitet. N\u00e4r svenskarna f\u00e5r v\u00e4lja land f\u00f6r ett fritidhusk\u00f6p v\u00e4ljer flest ett annat land \u00e4n Sverige som f\u00f6rstahandsval med varma och sols\u00e4kra Spanien som f\u00f6rsta alternativ.","og_url":"https:\/\/lightweb.dev\/l\/svm-temp\/artiklar\/hem-bostad\/vald-och-gangkriminalitet-far-var-femte-svensk-att-vilja-lamna-sverige\/","og_site_name":"Svenska Magasinet","article_publisher":"https:\/\/www.facebook.com\/svenskamagasinet","article_published_time":"2024-08-05T16:27:42+00:00","article_modified_time":"2024-08-05T16:43:31+00:00","og_image":[{"width":1280,"height":859,"url":"https:\/\/lightweb.dev\/l\/svm-temp\/wp-content\/uploads\/2023\/06\/DSC_6708-stor.jpeg","type":"image\/jpeg"}],"author":"Ola Josefsson","twitter_card":"summary_large_image","twitter_creator":"@SvenskaMagasine","twitter_site":"@SvenskaMagasine","schema":{"@context":"https:\/\/schema.org","@graph":[{"@type":"Article","@id":"https:\/\/lightweb.dev\/l\/svm-temp\/artiklar\/hem-bostad\/vald-och-gangkriminalitet-far-var-femte-svensk-att-vilja-lamna-sverige\/#article","isPartOf":{"@id":"https:\/\/lightweb.dev\/l\/svm-temp\/artiklar\/hem-bostad\/vald-och-gangkriminalitet-far-var-femte-svensk-att-vilja-lamna-sverige\/"},"author":{"name":"Ola Josefsson","@id":"https:\/\/lightweb.dev\/l\/svm-temp\/#\/schema\/person\/7a82b8a73d171d32360a564b6d03508e"},"headline":"V\u00e5ld och g\u00e4ngkriminalitet f\u00e5r var femte svensk att vilja l\u00e4mna Sverige","datePublished":"2024-08-05T16:27:42+00:00","dateModified":"2024-08-05T16:43:31+00:00","mainEntityOfPage":{"@id":"https:\/\/lightweb.dev\/l\/svm-temp\/artiklar\/hem-bostad\/vald-och-gangkriminalitet-far-var-femte-svensk-att-vilja-lamna-sverige\/"},"wordCount":604,"publisher":{"@id":"https:\/\/lightweb.dev\/l\/svm-temp\/#organization"},"image":{"@id":"https:\/\/lightweb.dev\/l\/svm-temp\/artiklar\/hem-bostad\/vald-och-gangkriminalitet-far-var-femte-svensk-att-vilja-lamna-sverige\/#primaryimage"},"thumbnailUrl":"https:\/\/lightweb.dev\/l\/svm-temp\/wp-content\/uploads\/2023\/06\/DSC_6708-stor.jpeg","articleSection":["Arkiv","Nyheter"],"inLanguage":"sv-SE"},{"@type":"WebPage","@id":"https:\/\/lightweb.dev\/l\/svm-temp\/artiklar\/hem-bostad\/vald-och-gangkriminalitet-far-var-femte-svensk-att-vilja-lamna-sverige\/","url":"https:\/\/lightweb.dev\/l\/svm-temp\/artiklar\/hem-bostad\/vald-och-gangkriminalitet-far-var-femte-svensk-att-vilja-lamna-sverige\/","name":"V\u00e5ld och g\u00e4ngkriminalitet f\u00e5r var femte svensk att vilja l\u00e4mna Sverige - Svenska Magasinet","isPartOf":{"@id":"https:\/\/lightweb.dev\/l\/svm-temp\/#website"},"primaryImageOfPage":{"@id":"https:\/\/lightweb.dev\/l\/svm-temp\/artiklar\/hem-bostad\/vald-och-gangkriminalitet-far-var-femte-svensk-att-vilja-lamna-sverige\/#primaryimage"},"image":{"@id":"https:\/\/lightweb.dev\/l\/svm-temp\/artiklar\/hem-bostad\/vald-och-gangkriminalitet-far-var-femte-svensk-att-vilja-lamna-sverige\/#primaryimage"},"thumbnailUrl":"https:\/\/lightweb.dev\/l\/svm-temp\/wp-content\/uploads\/2023\/06\/DSC_6708-stor.jpeg","datePublished":"2024-08-05T16:27:42+00:00","dateModified":"2024-08-05T16:43:31+00:00","description":"Var femte svensk kan t\u00e4nka sig att flytta till v\u00e4rmen p\u00e5 grund av \u00f6kat v\u00e5ld och g\u00e4ngkriminalitet. N\u00e4r svenskarna f\u00e5r v\u00e4lja land f\u00f6r ett fritidhusk\u00f6p v\u00e4ljer flest ett annat land \u00e4n Sverige som f\u00f6rstahandsval med varma och sols\u00e4kra Spanien som f\u00f6rsta alternativ.","breadcrumb":{"@id":"https:\/\/lightweb.dev\/l\/svm-temp\/artiklar\/hem-bostad\/vald-och-gangkriminalitet-far-var-femte-svensk-att-vilja-lamna-sverige\/#breadcrumb"},"inLanguage":"sv-SE","potentialAction":[{"@type":"ReadAction","target":["https:\/\/lightweb.dev\/l\/svm-temp\/artiklar\/hem-bostad\/vald-och-gangkriminalitet-far-var-femte-svensk-att-vilja-lamna-sverige\/"]}]},{"@type":"ImageObject","inLanguage":"sv-SE","@id":"https:\/\/lightweb.dev\/l\/svm-temp\/artiklar\/hem-bostad\/vald-och-gangkriminalitet-far-var-femte-svensk-att-vilja-lamna-sverige\/#primaryimage","url":"https:\/\/lightweb.dev\/l\/svm-temp\/wp-content\/uploads\/2023\/06\/DSC_6708-stor.jpeg","contentUrl":"https:\/\/lightweb.dev\/l\/svm-temp\/wp-content\/uploads\/2023\/06\/DSC_6708-stor.jpeg","width":1280,"height":859},{"@type":"BreadcrumbList","@id":"https:\/\/lightweb.dev\/l\/svm-temp\/artiklar\/hem-bostad\/vald-och-gangkriminalitet-far-var-femte-svensk-att-vilja-lamna-sverige\/#breadcrumb","itemListElement":[{"@type":"ListItem","position":1,"name":"Hem","item":"https:\/\/lightweb.dev\/l\/svm-temp\/"},{"@type":"ListItem","position":2,"name":"V\u00e5ld och g\u00e4ngkriminalitet f\u00e5r var femte svensk att vilja l\u00e4mna Sverige"}]},{"@type":"WebSite","@id":"https:\/\/lightweb.dev\/l\/svm-temp\/#website","url":"https:\/\/lightweb.dev\/l\/svm-temp\/","name":"Svenska Magasinet","description":"Dina Spanska nyheter p&aring; Svenska","publisher":{"@id":"https:\/\/lightweb.dev\/l\/svm-temp\/#organization"},"potentialAction":[{"@type":"SearchAction","target":{"@type":"EntryPoint","urlTemplate":"https:\/\/lightweb.dev\/l\/svm-temp\/?s={search_term_string}"},"query-input":{"@type":"PropertyValueSpecification","valueRequired":true,"valueName":"search_term_string"}}],"inLanguage":"sv-SE"},{"@type":"Organization","@id":"https:\/\/lightweb.dev\/l\/svm-temp\/#organization","name":"Melkerson y Nott SL","alternateName":"Svenska Magasinet","url":"https:\/\/lightweb.dev\/l\/svm-temp\/","logo":{"@type":"ImageObject","inLanguage":"sv-SE","@id":"https:\/\/lightweb.dev\/l\/svm-temp\/#\/schema\/logo\/image\/","url":"https:\/\/lightweb.dev\/l\/svm-temp\/wp-content\/uploads\/2025\/02\/SvM-logo-Xtra-Centrerad-SVART.png","contentUrl":"https:\/\/lightweb.dev\/l\/svm-temp\/wp-content\/uploads\/2025\/02\/SvM-logo-Xtra-Centrerad-SVART.png","width":300,"height":99,"caption":"Melkerson y Nott SL"},"image":{"@id":"https:\/\/lightweb.dev\/l\/svm-temp\/#\/schema\/logo\/image\/"},"sameAs":["https:\/\/www.facebook.com\/svenskamagasinet","https:\/\/x.com\/SvenskaMagasine"]},{"@type":"Person","@id":"https:\/\/lightweb.dev\/l\/svm-temp\/#\/schema\/person\/7a82b8a73d171d32360a564b6d03508e","name":"Ola Josefsson","description":"Bevakar Solkusten och Spanien sedan 1994.","sameAs":["https:\/\/lightweb.dev\/l\/svm-temp"],"url":"https:\/\/lightweb.dev\/l\/svm-temp\/reporter\/ola-josefsson\/"}]}},"_links":{"self":[{"href":"https:\/\/lightweb.dev\/l\/svm-temp\/wp-json\/wp\/v2\/posts\/73625","targetHints":{"allow":["GET"]}}],"collection":[{"href":"https:\/\/lightweb.dev\/l\/svm-temp\/wp-json\/wp\/v2\/posts"}],"about":[{"href":"https:\/\/lightweb.dev\/l\/svm-temp\/wp-json\/wp\/v2\/types\/post"}],"author":[{"embeddable":true,"href":"https:\/\/lightweb.dev\/l\/svm-temp\/wp-json\/wp\/v2\/users\/7"}],"replies":[{"embeddable":true,"href":"https:\/\/lightweb.dev\/l\/svm-temp\/wp-json\/wp\/v2\/comments?post=73625"}],"version-history":[{"count":0,"href":"https:\/\/lightweb.dev\/l\/svm-temp\/wp-json\/wp\/v2\/posts\/73625\/revisions"}],"wp:featuredmedia":[{"embeddable":true,"href":"https:\/\/lightweb.dev\/l\/svm-temp\/wp-json\/wp\/v2\/media\/64373"}],"wp:attachment":[{"href":"https:\/\/lightweb.dev\/l\/svm-temp\/wp-json\/wp\/v2\/media?parent=73625"}],"wp:term":[{"taxonomy":"category","embeddable":true,"href":"https:\/\/lightweb.dev\/l\/svm-temp\/wp-json\/wp\/v2\/categories?post=73625"},{"taxonomy":"post_tag","embeddable":true,"href":"https:\/\/lightweb.dev\/l\/svm-temp\/wp-json\/wp\/v2\/tags?post=73625"}],"curies":[{"name":"wp","href":"https:\/\/api.w.org\/{rel}","templated":true}]}}