{"id":73676,"date":"2024-08-08T17:40:43","date_gmt":"2024-08-08T15:40:43","guid":{"rendered":"https:\/\/lightweb.dev\/l\/svm-temp\/?p=73676"},"modified":"2024-08-08T17:40:43","modified_gmt":"2024-08-08T15:40:43","slug":"fredagsvinet-vinskorden-ar-inledd","status":"publish","type":"post","link":"https:\/\/lightweb.dev\/l\/svm-temp\/artiklar\/mat-vin\/fredagsvinet-vinskorden-ar-inledd\/","title":{"rendered":"Fredagsvinet: Vinsk\u00f6rden \u00e4r inledd"},"content":{"rendered":"<p><strong>Alicanteprovinsen var f\u00f6rst ut i slutet p\u00e5 juli. Nu har vinsk\u00f6rden \u00e4ven inletts i M\u00e1lagaprovinsen \u00e4ven om den inleds i st\u00f6rre skala f\u00f6rst om tre eller fyra veckor med moscatel.<\/strong><\/p>\n<p><strong>Tack vare regnen runt Semana Santa och en svalare f\u00f6rsommar \u00e4n normalt blir sk\u00f6rden av god kvalitet.<\/strong><\/p>\n<p>F\u00e4rre dagar med extremv\u00e4rme i \u00e5r j\u00e4mf\u00f6rt med ifjol har gjort att druvorna har mognat i en lagom takt, enligt folk fr\u00e5n branschen som La Opini\u00f3n de M\u00e1laga har pratat med.<\/p>\n<p>Men det \u00e4r inte bara torka och det nyckfulla klimatet som g\u00f6r att produktionenb har minskat de senaste \u00e5ren. 2010 hade M\u00e1lagaprovinsen 5.400 hektar vinodlingar. P\u00e5 tio \u00e5r minskade vinarealen till 3.800 hektar.<\/p>\n<h2>20 procent<\/h2>\n<p>\u00c4ven fr\u00e5n \u00f6vriga delar fr\u00e5n Spanien talas det om en st\u00f6rre sk\u00f6rd i \u00e5r j\u00e4mf\u00f6rt med ifjol.<\/p>\n<p>Vinsektorn vid kooperativet Cooperativas Agro-alimentarias r\u00e4knar med 39,7 miljoner hektoliter vin vilket skulle vara en \u00f6kning med 20 procent j\u00e4mf\u00f6rt med ifjol. Det \u00e4r framf\u00f6r allt Castilla La Mancha och Extremadura som skruvar upp f\u00f6rv\u00e4ntningarna om \u00f6kad produktion.<\/p>\n<p>Historiskt hamnar dock \u00e5rets vinsk\u00f6rd under genomsnittet.<\/p>\n<h2>Veckans vintips<\/h2>\n<p><img loading=\"lazy\" decoding=\"async\" class=\"size-medium wp-image-73677 alignleft\" src=\"https:\/\/lightweb.dev\/l\/svm-temp\/wp-content\/uploads\/2024\/08\/IMG_4943-stor-300x225.jpeg\" alt=\"\" width=\"300\" height=\"225\" srcset=\"https:\/\/lightweb.dev\/l\/svm-temp\/wp-content\/uploads\/2024\/08\/IMG_4943-stor-300x225.jpeg 300w, https:\/\/lightweb.dev\/l\/svm-temp\/wp-content\/uploads\/2024\/08\/IMG_4943-stor-900x675.jpeg 900w, https:\/\/lightweb.dev\/l\/svm-temp\/wp-content\/uploads\/2024\/08\/IMG_4943-stor-768x576.jpeg 768w, https:\/\/lightweb.dev\/l\/svm-temp\/wp-content\/uploads\/2024\/08\/IMG_4943-stor-610x458.jpeg 610w, https:\/\/lightweb.dev\/l\/svm-temp\/wp-content\/uploads\/2024\/08\/IMG_4943-stor-1080x810.jpeg 1080w, https:\/\/lightweb.dev\/l\/svm-temp\/wp-content\/uploads\/2024\/08\/IMG_4943-stor-600x450.jpeg 600w, https:\/\/lightweb.dev\/l\/svm-temp\/wp-content\/uploads\/2024\/08\/IMG_4943-stor.jpeg 1280w\" sizes=\"(max-width: 300px) 100vw, 300px\" \/><\/p>\n<p>En trevlig spansk ros\u00e9 <strong>Viore Rosado 2023<\/strong> fr\u00e5n Bodegas Torreduero i distriktet Toro i regionen Castilla y Le\u00f3n. P\u00e5 85% garnacha och 15% tinta de toro. Fruktig, fr\u00e4sch smak med toner av granat\u00e4pple, jordgubbar och k\u00f6rsb\u00e4r. 99 SEK p\u00e5 Systembolaget.<\/p>\n<p>&nbsp;<\/p>\n<p>&nbsp;<\/p>\n<p>&nbsp;<\/p>\n<p><img loading=\"lazy\" decoding=\"async\" class=\"size-medium wp-image-73678 alignleft\" src=\"https:\/\/lightweb.dev\/l\/svm-temp\/wp-content\/uploads\/2024\/08\/GSik4rbWUAEY3a7-stor-300x225.jpeg\" alt=\"\" width=\"300\" height=\"225\" srcset=\"https:\/\/lightweb.dev\/l\/svm-temp\/wp-content\/uploads\/2024\/08\/GSik4rbWUAEY3a7-stor-300x225.jpeg 300w, https:\/\/lightweb.dev\/l\/svm-temp\/wp-content\/uploads\/2024\/08\/GSik4rbWUAEY3a7-stor-900x675.jpeg 900w, https:\/\/lightweb.dev\/l\/svm-temp\/wp-content\/uploads\/2024\/08\/GSik4rbWUAEY3a7-stor-768x576.jpeg 768w, https:\/\/lightweb.dev\/l\/svm-temp\/wp-content\/uploads\/2024\/08\/GSik4rbWUAEY3a7-stor-610x458.jpeg 610w, https:\/\/lightweb.dev\/l\/svm-temp\/wp-content\/uploads\/2024\/08\/GSik4rbWUAEY3a7-stor-1080x810.jpeg 1080w, https:\/\/lightweb.dev\/l\/svm-temp\/wp-content\/uploads\/2024\/08\/GSik4rbWUAEY3a7-stor-600x450.jpeg 600w, https:\/\/lightweb.dev\/l\/svm-temp\/wp-content\/uploads\/2024\/08\/GSik4rbWUAEY3a7-stor.jpeg 1280w\" sizes=\"(max-width: 300px) 100vw, 300px\" \/><\/p>\n<p>H\u00e4rligt att den spanska gr\u00f6na druvan Godello och \u00e4ven Treixadura har hittat till Systembolaget fr\u00e5n Galicien. Denna <strong>Elara<\/strong> fr\u00e5n 2022 produceras vid Bodegas Gallegas \u00e4r trevligt till fisk och skaldjur. Fruktig, mycket frisk smak med inslag av persika och mineraler. 99 SEK.<\/p>\n<p>&nbsp;<\/p>\n<p>&nbsp;<\/p>\n<p>&nbsp;<\/p>\n<p><img loading=\"lazy\" decoding=\"async\" class=\"size-medium wp-image-73679 alignleft\" src=\"https:\/\/lightweb.dev\/l\/svm-temp\/wp-content\/uploads\/2024\/08\/GIfvu1aXEAAIOgY-stor-300x225.jpeg\" alt=\"\" width=\"300\" height=\"225\" srcset=\"https:\/\/lightweb.dev\/l\/svm-temp\/wp-content\/uploads\/2024\/08\/GIfvu1aXEAAIOgY-stor-300x225.jpeg 300w, https:\/\/lightweb.dev\/l\/svm-temp\/wp-content\/uploads\/2024\/08\/GIfvu1aXEAAIOgY-stor-900x675.jpeg 900w, https:\/\/lightweb.dev\/l\/svm-temp\/wp-content\/uploads\/2024\/08\/GIfvu1aXEAAIOgY-stor-768x576.jpeg 768w, https:\/\/lightweb.dev\/l\/svm-temp\/wp-content\/uploads\/2024\/08\/GIfvu1aXEAAIOgY-stor-610x458.jpeg 610w, https:\/\/lightweb.dev\/l\/svm-temp\/wp-content\/uploads\/2024\/08\/GIfvu1aXEAAIOgY-stor-1080x810.jpeg 1080w, https:\/\/lightweb.dev\/l\/svm-temp\/wp-content\/uploads\/2024\/08\/GIfvu1aXEAAIOgY-stor-600x450.jpeg 600w, https:\/\/lightweb.dev\/l\/svm-temp\/wp-content\/uploads\/2024\/08\/GIfvu1aXEAAIOgY-stor.jpeg 1280w\" sizes=\"(max-width: 300px) 100vw, 300px\" \/><\/p>\n<p>I samband med sommarens Sverigeresa blev jag inbjuden till en mindre privat vinprovning. Det \u00e4r alltid trevligt att f\u00e5 stifta bekantskap med buteljer som vin\u00e4lskare har plockat ut f\u00f6r att testa.<\/p>\n<p>Ta med ett vin, uppmanades jag att g\u00f6ra. Jag tog med en butelj av <strong>Aljibes Meninas Cabernet France 2020<\/strong> fr\u00e5n Bodega Aljibes n\u00e4ra Albacete i omr\u00e5det Vino de la Tierra de Castilla. Jag hade provat den tidigare i \u00e5r vid en vinm\u00e4ssa hos Golf y Vinos.<\/p>\n<p>Den f\u00f6ll vins\u00e4llskapet p\u00e5 l\u00e4ppen! I konkurrens med Seghesio Zinfandel Sonoma 2021 (Kalifornien), Quara Malbec 2017 (Argentina) och Domaine de Tourelles Marquis des Beys, 2016 (Libanon).<\/p>\n<p>Aljibes Meninas \u00e4r gjord p\u00e5 Cabernet France, m\u00f6rkr\u00f6d f\u00e4rg, elegant doft, frukt av hallon, jordgubbar. Fyllig med mineraltoner, f\u00e4rska \u00f6rter och s\u00f6ta tanniner. Ca pris 11 euro.<\/p>\n","protected":false},"excerpt":{"rendered":"<p>Alicanteprovinsen var f\u00f6rst ut i slutet p\u00e5 juli. Nu har vinsk\u00f6rden \u00e4ven inletts i M\u00e1lagaprovinsen \u00e4ven om den inleds i st\u00f6rre skala f\u00f6rst om tre eller fyra veckor med moscatel. Tack vare regnen runt Semana Santa och en svalare f\u00f6rsommar \u00e4n normalt blir sk\u00f6rden av god kvalitet&#8230;<\/p>\n","protected":false},"author":7,"featured_media":56281,"comment_status":"closed","ping_status":"closed","sticky":false,"template":"","format":"standard","meta":{"_et_pb_use_builder":"","_et_pb_old_content":"","_et_gb_content_width":"","footnotes":""},"categories":[4,38],"tags":[],"class_list":["post-73676","post","type-post","status-publish","format-standard","has-post-thumbnail","hentry","category-artiklar","category-mat-vin"],"yoast_head":"<!-- This site is optimized with the Yoast SEO Premium plugin v26.2 (Yoast SEO v28.2) - https:\/\/yoast.com\/product\/yoast-seo-premium-wordpress\/ -->\n<title>Fredagsvinet: Vinsk\u00f6rden \u00e4r inledd - Svenska Magasinet<\/title>\n<meta name=\"description\" content=\"Alicanteprovinsen var f\u00f6rst ut i slutet p\u00e5 juli. Nu har vinsk\u00f6rden \u00e4ven inletts i M\u00e1lagaprovinsen \u00e4ven om den inleds i st\u00f6rre skala f\u00f6rst om tre eller fyra veckor med moscatel. Tack vare regnen runt Semana Santa och en svalare f\u00f6rsommar \u00e4n normalt blir sk\u00f6rden av god kvalitet.\" \/>\n<meta name=\"robots\" content=\"noindex, follow, max-snippet:-1, max-image-preview:large, max-video-preview:-1\" \/>\n<meta property=\"og:locale\" content=\"sv_SE\" \/>\n<meta property=\"og:type\" content=\"article\" \/>\n<meta property=\"og:title\" content=\"Fredagsvinet: Vinsk\u00f6rden \u00e4r inledd\" \/>\n<meta property=\"og:description\" content=\"Alicanteprovinsen var f\u00f6rst ut i slutet p\u00e5 juli. Nu har vinsk\u00f6rden \u00e4ven inletts i M\u00e1lagaprovinsen \u00e4ven om den inleds i st\u00f6rre skala f\u00f6rst om tre eller fyra veckor med moscatel. Tack vare regnen runt Semana Santa och en svalare f\u00f6rsommar \u00e4n normalt blir sk\u00f6rden av god kvalitet.\" \/>\n<meta property=\"og:url\" content=\"https:\/\/lightweb.dev\/l\/svm-temp\/artiklar\/mat-vin\/fredagsvinet-vinskorden-ar-inledd\/\" \/>\n<meta property=\"og:site_name\" content=\"Svenska Magasinet\" \/>\n<meta property=\"article:publisher\" content=\"https:\/\/www.facebook.com\/svenskamagasinet\" \/>\n<meta property=\"article:published_time\" content=\"2024-08-08T15:40:43+00:00\" \/>\n<meta property=\"og:image\" content=\"https:\/\/lightweb.dev\/l\/svm-temp\/wp-content\/uploads\/2022\/08\/20220729165456-696x452-Stor.jpeg\" \/>\n\t<meta property=\"og:image:width\" content=\"696\" \/>\n\t<meta property=\"og:image:height\" content=\"452\" \/>\n\t<meta property=\"og:image:type\" content=\"image\/jpeg\" \/>\n<meta name=\"author\" content=\"Ola Josefsson\" \/>\n<meta name=\"twitter:card\" content=\"summary_large_image\" \/>\n<meta name=\"twitter:creator\" content=\"@SvenskaMagasine\" \/>\n<meta name=\"twitter:site\" content=\"@SvenskaMagasine\" \/>\n<script type=\"application\/ld+json\" class=\"yoast-schema-graph\">{\"@context\":\"https:\\\/\\\/schema.org\",\"@graph\":[{\"@type\":\"Article\",\"@id\":\"https:\\\/\\\/lightweb.dev\\\/l\\\/svm-temp\\\/artiklar\\\/mat-vin\\\/fredagsvinet-vinskorden-ar-inledd\\\/#article\",\"isPartOf\":{\"@id\":\"https:\\\/\\\/lightweb.dev\\\/l\\\/svm-temp\\\/artiklar\\\/mat-vin\\\/fredagsvinet-vinskorden-ar-inledd\\\/\"},\"author\":{\"name\":\"Ola Josefsson\",\"@id\":\"https:\\\/\\\/lightweb.dev\\\/l\\\/svm-temp\\\/#\\\/schema\\\/person\\\/7a82b8a73d171d32360a564b6d03508e\"},\"headline\":\"Fredagsvinet: Vinsk\u00f6rden \u00e4r inledd\",\"datePublished\":\"2024-08-08T15:40:43+00:00\",\"mainEntityOfPage\":{\"@id\":\"https:\\\/\\\/lightweb.dev\\\/l\\\/svm-temp\\\/artiklar\\\/mat-vin\\\/fredagsvinet-vinskorden-ar-inledd\\\/\"},\"wordCount\":437,\"publisher\":{\"@id\":\"https:\\\/\\\/lightweb.dev\\\/l\\\/svm-temp\\\/#organization\"},\"image\":{\"@id\":\"https:\\\/\\\/lightweb.dev\\\/l\\\/svm-temp\\\/artiklar\\\/mat-vin\\\/fredagsvinet-vinskorden-ar-inledd\\\/#primaryimage\"},\"thumbnailUrl\":\"https:\\\/\\\/lightweb.dev\\\/l\\\/svm-temp\\\/wp-content\\\/uploads\\\/2022\\\/08\\\/20220729165456-696x452-Stor.jpeg\",\"articleSection\":[\"Artiklar\",\"Mat &amp; vin\"],\"inLanguage\":\"sv-SE\"},{\"@type\":\"WebPage\",\"@id\":\"https:\\\/\\\/lightweb.dev\\\/l\\\/svm-temp\\\/artiklar\\\/mat-vin\\\/fredagsvinet-vinskorden-ar-inledd\\\/\",\"url\":\"https:\\\/\\\/lightweb.dev\\\/l\\\/svm-temp\\\/artiklar\\\/mat-vin\\\/fredagsvinet-vinskorden-ar-inledd\\\/\",\"name\":\"Fredagsvinet: Vinsk\u00f6rden \u00e4r inledd - Svenska Magasinet\",\"isPartOf\":{\"@id\":\"https:\\\/\\\/lightweb.dev\\\/l\\\/svm-temp\\\/#website\"},\"primaryImageOfPage\":{\"@id\":\"https:\\\/\\\/lightweb.dev\\\/l\\\/svm-temp\\\/artiklar\\\/mat-vin\\\/fredagsvinet-vinskorden-ar-inledd\\\/#primaryimage\"},\"image\":{\"@id\":\"https:\\\/\\\/lightweb.dev\\\/l\\\/svm-temp\\\/artiklar\\\/mat-vin\\\/fredagsvinet-vinskorden-ar-inledd\\\/#primaryimage\"},\"thumbnailUrl\":\"https:\\\/\\\/lightweb.dev\\\/l\\\/svm-temp\\\/wp-content\\\/uploads\\\/2022\\\/08\\\/20220729165456-696x452-Stor.jpeg\",\"datePublished\":\"2024-08-08T15:40:43+00:00\",\"description\":\"Alicanteprovinsen var f\u00f6rst ut i slutet p\u00e5 juli. Nu har vinsk\u00f6rden \u00e4ven inletts i M\u00e1lagaprovinsen \u00e4ven om den inleds i st\u00f6rre skala f\u00f6rst om tre eller fyra veckor med moscatel. Tack vare regnen runt Semana Santa och en svalare f\u00f6rsommar \u00e4n normalt blir sk\u00f6rden av god kvalitet.\",\"breadcrumb\":{\"@id\":\"https:\\\/\\\/lightweb.dev\\\/l\\\/svm-temp\\\/artiklar\\\/mat-vin\\\/fredagsvinet-vinskorden-ar-inledd\\\/#breadcrumb\"},\"inLanguage\":\"sv-SE\",\"potentialAction\":[{\"@type\":\"ReadAction\",\"target\":[\"https:\\\/\\\/lightweb.dev\\\/l\\\/svm-temp\\\/artiklar\\\/mat-vin\\\/fredagsvinet-vinskorden-ar-inledd\\\/\"]}]},{\"@type\":\"ImageObject\",\"inLanguage\":\"sv-SE\",\"@id\":\"https:\\\/\\\/lightweb.dev\\\/l\\\/svm-temp\\\/artiklar\\\/mat-vin\\\/fredagsvinet-vinskorden-ar-inledd\\\/#primaryimage\",\"url\":\"https:\\\/\\\/lightweb.dev\\\/l\\\/svm-temp\\\/wp-content\\\/uploads\\\/2022\\\/08\\\/20220729165456-696x452-Stor.jpeg\",\"contentUrl\":\"https:\\\/\\\/lightweb.dev\\\/l\\\/svm-temp\\\/wp-content\\\/uploads\\\/2022\\\/08\\\/20220729165456-696x452-Stor.jpeg\",\"width\":696,\"height\":452,\"caption\":\"Nu inleds sk\u00f6rden av Moscatel de Alejandr\u00eda och Moscatel Morisco i M\u00e1lagaprovinsen. (Foto: CRDO M\u00c1LAGA, SIERRAS DE M\u00c1LAGA Y PASAS DE M\u00c1LAGA)\"},{\"@type\":\"BreadcrumbList\",\"@id\":\"https:\\\/\\\/lightweb.dev\\\/l\\\/svm-temp\\\/artiklar\\\/mat-vin\\\/fredagsvinet-vinskorden-ar-inledd\\\/#breadcrumb\",\"itemListElement\":[{\"@type\":\"ListItem\",\"position\":1,\"name\":\"Hem\",\"item\":\"https:\\\/\\\/lightweb.dev\\\/l\\\/svm-temp\\\/\"},{\"@type\":\"ListItem\",\"position\":2,\"name\":\"Fredagsvinet: Vinsk\u00f6rden \u00e4r inledd\"}]},{\"@type\":\"WebSite\",\"@id\":\"https:\\\/\\\/lightweb.dev\\\/l\\\/svm-temp\\\/#website\",\"url\":\"https:\\\/\\\/lightweb.dev\\\/l\\\/svm-temp\\\/\",\"name\":\"Svenska Magasinet\",\"description\":\"Dina Spanska nyheter p&aring; Svenska\",\"publisher\":{\"@id\":\"https:\\\/\\\/lightweb.dev\\\/l\\\/svm-temp\\\/#organization\"},\"potentialAction\":[{\"@type\":\"SearchAction\",\"target\":{\"@type\":\"EntryPoint\",\"urlTemplate\":\"https:\\\/\\\/lightweb.dev\\\/l\\\/svm-temp\\\/?s={search_term_string}\"},\"query-input\":{\"@type\":\"PropertyValueSpecification\",\"valueRequired\":true,\"valueName\":\"search_term_string\"}}],\"inLanguage\":\"sv-SE\"},{\"@type\":\"Organization\",\"@id\":\"https:\\\/\\\/lightweb.dev\\\/l\\\/svm-temp\\\/#organization\",\"name\":\"Melkerson y Nott SL\",\"alternateName\":\"Svenska Magasinet\",\"url\":\"https:\\\/\\\/lightweb.dev\\\/l\\\/svm-temp\\\/\",\"logo\":{\"@type\":\"ImageObject\",\"inLanguage\":\"sv-SE\",\"@id\":\"https:\\\/\\\/lightweb.dev\\\/l\\\/svm-temp\\\/#\\\/schema\\\/logo\\\/image\\\/\",\"url\":\"https:\\\/\\\/lightweb.dev\\\/l\\\/svm-temp\\\/wp-content\\\/uploads\\\/2025\\\/02\\\/SvM-logo-Xtra-Centrerad-SVART.png\",\"contentUrl\":\"https:\\\/\\\/lightweb.dev\\\/l\\\/svm-temp\\\/wp-content\\\/uploads\\\/2025\\\/02\\\/SvM-logo-Xtra-Centrerad-SVART.png\",\"width\":300,\"height\":99,\"caption\":\"Melkerson y Nott SL\"},\"image\":{\"@id\":\"https:\\\/\\\/lightweb.dev\\\/l\\\/svm-temp\\\/#\\\/schema\\\/logo\\\/image\\\/\"},\"sameAs\":[\"https:\\\/\\\/www.facebook.com\\\/svenskamagasinet\",\"https:\\\/\\\/x.com\\\/SvenskaMagasine\"]},{\"@type\":\"Person\",\"@id\":\"https:\\\/\\\/lightweb.dev\\\/l\\\/svm-temp\\\/#\\\/schema\\\/person\\\/7a82b8a73d171d32360a564b6d03508e\",\"name\":\"Ola Josefsson\",\"description\":\"Bevakar Solkusten och Spanien sedan 1994.\",\"sameAs\":[\"https:\\\/\\\/lightweb.dev\\\/l\\\/svm-temp\"],\"url\":\"https:\\\/\\\/lightweb.dev\\\/l\\\/svm-temp\\\/reporter\\\/ola-josefsson\\\/\"}]}<\/script>\n<!-- \/ Yoast SEO Premium plugin. -->","yoast_head_json":{"title":"Fredagsvinet: Vinsk\u00f6rden \u00e4r inledd - Svenska Magasinet","description":"Alicanteprovinsen var f\u00f6rst ut i slutet p\u00e5 juli. Nu har vinsk\u00f6rden \u00e4ven inletts i M\u00e1lagaprovinsen \u00e4ven om den inleds i st\u00f6rre skala f\u00f6rst om tre eller fyra veckor med moscatel. Tack vare regnen runt Semana Santa och en svalare f\u00f6rsommar \u00e4n normalt blir sk\u00f6rden av god kvalitet.","robots":{"index":"noindex","follow":"follow","max-snippet":"max-snippet:-1","max-image-preview":"max-image-preview:large","max-video-preview":"max-video-preview:-1"},"og_locale":"sv_SE","og_type":"article","og_title":"Fredagsvinet: Vinsk\u00f6rden \u00e4r inledd","og_description":"Alicanteprovinsen var f\u00f6rst ut i slutet p\u00e5 juli. Nu har vinsk\u00f6rden \u00e4ven inletts i M\u00e1lagaprovinsen \u00e4ven om den inleds i st\u00f6rre skala f\u00f6rst om tre eller fyra veckor med moscatel. Tack vare regnen runt Semana Santa och en svalare f\u00f6rsommar \u00e4n normalt blir sk\u00f6rden av god kvalitet.","og_url":"https:\/\/lightweb.dev\/l\/svm-temp\/artiklar\/mat-vin\/fredagsvinet-vinskorden-ar-inledd\/","og_site_name":"Svenska Magasinet","article_publisher":"https:\/\/www.facebook.com\/svenskamagasinet","article_published_time":"2024-08-08T15:40:43+00:00","og_image":[{"width":696,"height":452,"url":"https:\/\/lightweb.dev\/l\/svm-temp\/wp-content\/uploads\/2022\/08\/20220729165456-696x452-Stor.jpeg","type":"image\/jpeg"}],"author":"Ola Josefsson","twitter_card":"summary_large_image","twitter_creator":"@SvenskaMagasine","twitter_site":"@SvenskaMagasine","schema":{"@context":"https:\/\/schema.org","@graph":[{"@type":"Article","@id":"https:\/\/lightweb.dev\/l\/svm-temp\/artiklar\/mat-vin\/fredagsvinet-vinskorden-ar-inledd\/#article","isPartOf":{"@id":"https:\/\/lightweb.dev\/l\/svm-temp\/artiklar\/mat-vin\/fredagsvinet-vinskorden-ar-inledd\/"},"author":{"name":"Ola Josefsson","@id":"https:\/\/lightweb.dev\/l\/svm-temp\/#\/schema\/person\/7a82b8a73d171d32360a564b6d03508e"},"headline":"Fredagsvinet: Vinsk\u00f6rden \u00e4r inledd","datePublished":"2024-08-08T15:40:43+00:00","mainEntityOfPage":{"@id":"https:\/\/lightweb.dev\/l\/svm-temp\/artiklar\/mat-vin\/fredagsvinet-vinskorden-ar-inledd\/"},"wordCount":437,"publisher":{"@id":"https:\/\/lightweb.dev\/l\/svm-temp\/#organization"},"image":{"@id":"https:\/\/lightweb.dev\/l\/svm-temp\/artiklar\/mat-vin\/fredagsvinet-vinskorden-ar-inledd\/#primaryimage"},"thumbnailUrl":"https:\/\/lightweb.dev\/l\/svm-temp\/wp-content\/uploads\/2022\/08\/20220729165456-696x452-Stor.jpeg","articleSection":["Artiklar","Mat &amp; vin"],"inLanguage":"sv-SE"},{"@type":"WebPage","@id":"https:\/\/lightweb.dev\/l\/svm-temp\/artiklar\/mat-vin\/fredagsvinet-vinskorden-ar-inledd\/","url":"https:\/\/lightweb.dev\/l\/svm-temp\/artiklar\/mat-vin\/fredagsvinet-vinskorden-ar-inledd\/","name":"Fredagsvinet: Vinsk\u00f6rden \u00e4r inledd - Svenska Magasinet","isPartOf":{"@id":"https:\/\/lightweb.dev\/l\/svm-temp\/#website"},"primaryImageOfPage":{"@id":"https:\/\/lightweb.dev\/l\/svm-temp\/artiklar\/mat-vin\/fredagsvinet-vinskorden-ar-inledd\/#primaryimage"},"image":{"@id":"https:\/\/lightweb.dev\/l\/svm-temp\/artiklar\/mat-vin\/fredagsvinet-vinskorden-ar-inledd\/#primaryimage"},"thumbnailUrl":"https:\/\/lightweb.dev\/l\/svm-temp\/wp-content\/uploads\/2022\/08\/20220729165456-696x452-Stor.jpeg","datePublished":"2024-08-08T15:40:43+00:00","description":"Alicanteprovinsen var f\u00f6rst ut i slutet p\u00e5 juli. Nu har vinsk\u00f6rden \u00e4ven inletts i M\u00e1lagaprovinsen \u00e4ven om den inleds i st\u00f6rre skala f\u00f6rst om tre eller fyra veckor med moscatel. Tack vare regnen runt Semana Santa och en svalare f\u00f6rsommar \u00e4n normalt blir sk\u00f6rden av god kvalitet.","breadcrumb":{"@id":"https:\/\/lightweb.dev\/l\/svm-temp\/artiklar\/mat-vin\/fredagsvinet-vinskorden-ar-inledd\/#breadcrumb"},"inLanguage":"sv-SE","potentialAction":[{"@type":"ReadAction","target":["https:\/\/lightweb.dev\/l\/svm-temp\/artiklar\/mat-vin\/fredagsvinet-vinskorden-ar-inledd\/"]}]},{"@type":"ImageObject","inLanguage":"sv-SE","@id":"https:\/\/lightweb.dev\/l\/svm-temp\/artiklar\/mat-vin\/fredagsvinet-vinskorden-ar-inledd\/#primaryimage","url":"https:\/\/lightweb.dev\/l\/svm-temp\/wp-content\/uploads\/2022\/08\/20220729165456-696x452-Stor.jpeg","contentUrl":"https:\/\/lightweb.dev\/l\/svm-temp\/wp-content\/uploads\/2022\/08\/20220729165456-696x452-Stor.jpeg","width":696,"height":452,"caption":"Nu inleds sk\u00f6rden av Moscatel de Alejandr\u00eda och Moscatel Morisco i M\u00e1lagaprovinsen. (Foto: CRDO M\u00c1LAGA, SIERRAS DE M\u00c1LAGA Y PASAS DE M\u00c1LAGA)"},{"@type":"BreadcrumbList","@id":"https:\/\/lightweb.dev\/l\/svm-temp\/artiklar\/mat-vin\/fredagsvinet-vinskorden-ar-inledd\/#breadcrumb","itemListElement":[{"@type":"ListItem","position":1,"name":"Hem","item":"https:\/\/lightweb.dev\/l\/svm-temp\/"},{"@type":"ListItem","position":2,"name":"Fredagsvinet: Vinsk\u00f6rden \u00e4r inledd"}]},{"@type":"WebSite","@id":"https:\/\/lightweb.dev\/l\/svm-temp\/#website","url":"https:\/\/lightweb.dev\/l\/svm-temp\/","name":"Svenska Magasinet","description":"Dina Spanska nyheter p&aring; Svenska","publisher":{"@id":"https:\/\/lightweb.dev\/l\/svm-temp\/#organization"},"potentialAction":[{"@type":"SearchAction","target":{"@type":"EntryPoint","urlTemplate":"https:\/\/lightweb.dev\/l\/svm-temp\/?s={search_term_string}"},"query-input":{"@type":"PropertyValueSpecification","valueRequired":true,"valueName":"search_term_string"}}],"inLanguage":"sv-SE"},{"@type":"Organization","@id":"https:\/\/lightweb.dev\/l\/svm-temp\/#organization","name":"Melkerson y Nott SL","alternateName":"Svenska Magasinet","url":"https:\/\/lightweb.dev\/l\/svm-temp\/","logo":{"@type":"ImageObject","inLanguage":"sv-SE","@id":"https:\/\/lightweb.dev\/l\/svm-temp\/#\/schema\/logo\/image\/","url":"https:\/\/lightweb.dev\/l\/svm-temp\/wp-content\/uploads\/2025\/02\/SvM-logo-Xtra-Centrerad-SVART.png","contentUrl":"https:\/\/lightweb.dev\/l\/svm-temp\/wp-content\/uploads\/2025\/02\/SvM-logo-Xtra-Centrerad-SVART.png","width":300,"height":99,"caption":"Melkerson y Nott SL"},"image":{"@id":"https:\/\/lightweb.dev\/l\/svm-temp\/#\/schema\/logo\/image\/"},"sameAs":["https:\/\/www.facebook.com\/svenskamagasinet","https:\/\/x.com\/SvenskaMagasine"]},{"@type":"Person","@id":"https:\/\/lightweb.dev\/l\/svm-temp\/#\/schema\/person\/7a82b8a73d171d32360a564b6d03508e","name":"Ola Josefsson","description":"Bevakar Solkusten och Spanien sedan 1994.","sameAs":["https:\/\/lightweb.dev\/l\/svm-temp"],"url":"https:\/\/lightweb.dev\/l\/svm-temp\/reporter\/ola-josefsson\/"}]}},"_links":{"self":[{"href":"https:\/\/lightweb.dev\/l\/svm-temp\/wp-json\/wp\/v2\/posts\/73676","targetHints":{"allow":["GET"]}}],"collection":[{"href":"https:\/\/lightweb.dev\/l\/svm-temp\/wp-json\/wp\/v2\/posts"}],"about":[{"href":"https:\/\/lightweb.dev\/l\/svm-temp\/wp-json\/wp\/v2\/types\/post"}],"author":[{"embeddable":true,"href":"https:\/\/lightweb.dev\/l\/svm-temp\/wp-json\/wp\/v2\/users\/7"}],"replies":[{"embeddable":true,"href":"https:\/\/lightweb.dev\/l\/svm-temp\/wp-json\/wp\/v2\/comments?post=73676"}],"version-history":[{"count":0,"href":"https:\/\/lightweb.dev\/l\/svm-temp\/wp-json\/wp\/v2\/posts\/73676\/revisions"}],"wp:featuredmedia":[{"embeddable":true,"href":"https:\/\/lightweb.dev\/l\/svm-temp\/wp-json\/wp\/v2\/media\/56281"}],"wp:attachment":[{"href":"https:\/\/lightweb.dev\/l\/svm-temp\/wp-json\/wp\/v2\/media?parent=73676"}],"wp:term":[{"taxonomy":"category","embeddable":true,"href":"https:\/\/lightweb.dev\/l\/svm-temp\/wp-json\/wp\/v2\/categories?post=73676"},{"taxonomy":"post_tag","embeddable":true,"href":"https:\/\/lightweb.dev\/l\/svm-temp\/wp-json\/wp\/v2\/tags?post=73676"}],"curies":[{"name":"wp","href":"https:\/\/api.w.org\/{rel}","templated":true}]}}