{"id":7402,"date":"2020-03-10T00:00:00","date_gmt":"2020-03-09T23:00:00","guid":{"rendered":"https:\/\/lightweb.dev\/l\/svm-temp\/spanien-just-nu-600-procent-dyrare-jordbruksprodukter\/"},"modified":"2020-03-10T00:00:00","modified_gmt":"2020-03-09T23:00:00","slug":"spanien-just-nu-600-procent-dyrare-jordbruksprodukter","status":"publish","type":"post","link":"https:\/\/lightweb.dev\/l\/svm-temp\/artiklar\/spanien-just-nu-600-procent-dyrare-jordbruksprodukter\/","title":{"rendered":"Spanien just nu \u2013 600 procent dyrare jordbruksprodukter"},"content":{"rendered":"<p> Vi har sett bilder fr\u00e5n Frankrike med lantbrukare som protesterar mot d\u00e5liga f\u00f6rh\u00e5llanden genom att helt blockera motorv\u00e4gar. Nu h\u00e4nder samma sak i Andalusien och \u00f6vriga Spanien som betraktas som Europas skafferi. Lantbrukare \u00e4r p\u00e5 krigsstigen n\u00e4r skillnaden mellan ink\u00f6pspris och f\u00f6rs\u00e4ljningspris i butik \u00f6kar till 600 procent. Av Ola Josefsson<br \/>\nP\u00e5 Twitter: @JosefssonOla<\/p>\n<p>Det b\u00f6rjade i h\u00f6stas med att hundratusentals lantbrukare protesterade mot l\u00e5ga ink\u00f6pspriser p\u00e5 jordbruksprodukter och har fortsatt efter ny\u00e5ret med h\u00f6jningen av minimil\u00f6nen f\u00f6r de anst\u00e4llda till 950 euro i m\u00e5naden. Lantbrukare fr\u00e5n olika delar av Spanien t\u00e5gade till Madrid och protesterade vid Jordbruksdepartementet under parollen #AgricultoresAlL\u00edmite<br \/>\nUnder v\u00e5ren v\u00e4ntas manifestationerna forts\u00e4tta om inget g\u00f6rs f\u00f6r att g\u00f6ra livet l\u00e4ttare f\u00f6r dem som v\u00e4ljer att leva och arbeta p\u00e5 landsbygden.<\/p>\n<p>Under fjol\u00e5ret sj\u00f6nk l\u00f6nsamheten i jordbruket med 8,6 procent. Och EU meddelar att st\u00f6det till lantbruket s\u00e4nks. F\u00f6rbund som Asaja, COAG, UPA, Infaoliva och olika kooperativ uppmanar till manifestationer.<br \/>\nJordbruksdepartementet har lovat \u00e5tg\u00e4rder och den ansvarige ministern Luis Planas vill f\u00e5 igenom en lag som hindrar detaljhandeln att s\u00e4lja jordbruksprodukter till underpris.<\/p>\n<p>Den spanska landsbygden ber\u00f6r. Jag f\u00e5r h\u00e4rliga intryck n\u00e4r jag sluter \u00f6gonen och dagdr\u00f6mmer om f\u00e5r\u2013 och gethjordar, och odlingar av alla de slag. Det \u00f6ppna landskapet, vinden mot kinden och dofterna. Vad \u00e4r b\u00e4ttre \u00e4n att resa runt p\u00e5 landsbygden, k\u00f6pa frukt och gr\u00f6nsaker av en lantbrukare, stanna till vid en ostproducent eller k\u00f6pa n\u00e5gra trevliga buteljer vid en g\u00e5rdsf\u00f6rs\u00e4ljning j\u00e4mte en bodega. Vi har det bra i Spanien.<\/p>\n<p>I provinsen M\u00e1laga st\u00e5r jordbruket och boskapssk\u00f6tseln f\u00f6r 5,74 procent av BNP och syssels\u00e4tter cirka 18.000 personer. Provinsens lantbrukare \u00e4r p\u00e5 krigsstigen n\u00e4r avst\u00e5ndet mellan ink\u00f6pspriset och f\u00f6rs\u00e4ljningspriset i butik vidgas. I provinsen \u00f6kar priset p\u00e5 varan generellt n\u00e4ra fem g\u00e5nger genom olika mellanh\u00e4nder fr\u00e5n producent till konsument.<\/p>\n<p>Siffror fr\u00e5n Junta de Andaluc\u00eda visar att under fjol\u00e5ret fick lantbrukaren i genomsnitt 1,32 euro f\u00f6r ett kilo vitl\u00f6k, tomater 0,62 c\u00e9ntimos\/Kg, avokado 2,62\u20ac\/Kg, gul l\u00f6k 0,42 c\u00e9ntimos\/Kg, apelsiner 0,18 c\u00e9ntimos\/Kg och mj\u00f6lk 0,34 c\u00e9ntimos\/liter.<br \/>\nI butik betalade vi konsumenter i genomsnitt f\u00f6r vitl\u00f6ken 4,07\u20ac\/Kg, tomater 1,70\u20ac\/Kg, avokado 3,51\u20ac\/Kg, gul l\u00f6k 1,30\u20ac\/Kg, apelsiner 0,88 c\u00e9ntimos\/Kg och mj\u00f6lk 0,68 c\u00e9ntimos\/liter. Det finns exempel d\u00e4r varan \u00f6kar 600 procent i pris.<br \/>\nI januari var jordbruksprodukterna fyra s\u00e5 g\u00e5nger dyra om vi j\u00e4mf\u00f6r ink\u00f6pspriset hos lantbrukaren med f\u00f6rs\u00e4ljningspriset i butik. Andra produkter som vitl\u00f6k, k\u00e5l, mandariner och apelsiner var sex g\u00e5nger dyrare i butik \u00e4n ink\u00f6pspriset hos producenten.<\/p>\n<p>Jordbruket st\u00e5r inf\u00f6r enorma utmaningar. Det \u00e4r inte bara ett nyckfullt v\u00e4der med torka och klimatf\u00f6r\u00e4ndringar. Det \u00e4r ocks\u00e5 handelstullar, Brexit och ryskt embargo mot jordbruksprodukter fr\u00e5n EU.<br \/>\nLantbrukarna vill ha en lag som fastst\u00e4ller vad som \u00e4r ett rimligt minipris p\u00e5 jordbruksprodukter i f\u00f6rh\u00e5llande till produktionskostnader, en kedja fr\u00e5n produktion till f\u00f6rs\u00e4ljning i butik.<\/p>\n<p>Vi som \u00e4r bosatta i Spanien betalar betydligt mindre f\u00f6r en korg med olika livsmedel j\u00e4mf\u00f6rt med andra l\u00e4nder i Europa. Trots kontroversen om de l\u00e5ga ink\u00f6pspriserna hos b\u00f6nderna och medan regeringen skyller p\u00e5 de stora kedjorna visar en unders\u00f6kning om konkurrenskraften att Spanien ligger p\u00e5 plats 22.<br \/>\nEnligt uppgifter fr\u00e5n EU:s statistikbyr\u00e5 Eurostat fr\u00e5n december s\u00e5 l\u00e5g de spanska priserna p\u00e5 livsmedel p\u00e5 95,6 punkter och 90,9 f\u00f6r alkoholfria drycker. Genomsnittet f\u00f6r Europa var 107 respektive 100,1.<\/p>\n<p>J\u00e4mf\u00f6r vi siffrorna med Holland som ligger i topp med index 191,1 f\u00f6ljt av Schweiz, 163,6, Norge, 160,8, Island, 149,6 och Danmark med 129,9 s\u00e5 kan vi konstatera att livsmedel i Spanien \u00e4r betydligt billigare. Sverige f\u00e5r index 118, 1 medan Spanien f\u00e5r 95,6.<br \/>\nHur blir det om vi bara plockar ner frukt och gr\u00f6nsaker i v\u00e5r korg? \u00c4ven d\u00e5 finns det en stor prisskillnad mellan butiker i Spanien och andra l\u00e4nder. Spanien f\u00e5r index 84,2. Det r\u00e4cker att g\u00e5 till grannlandet Portugal som f\u00e5r 105,6 s\u00e5 blir jordbruksprodukter betydligt dyrare. \u00c4nnu dyrare \u00e4r det i Grekland med index 118,7 och Norge med 146.<\/p>\n<p>Vilka vinster g\u00f6r de stora kedjorna med tanke p\u00e5 vad lantbrukaren f\u00e5r i sin hand till f\u00f6rs\u00e4ljningspriset i butik? Enligt en studie av konsultfirman Future Retail \u00f6ver de tio st\u00f6rsta livsmedelskedjorna i Spanien s\u00e5 ligger vinstmarginalen generellt p\u00e5 2,85 procent.<br \/>\nMercadona som \u00e4r st\u00f6rst har en vinstmarginal p\u00e5 2,66 procent medan Carrefour ligger p\u00e5 hela 7,6 procent.<\/p>\n<p>S\u00e5 vem \u00e4r d\u00e5 orsak till lantbrukarnas missn\u00f6je? Fr\u00e5gan \u00e4r komplicerad och det \u00e4r en l\u00e5ng kedja fr\u00e5n produktion, livsmedelsindustri och distribution med flera mellanh\u00e4nder som var och en ska t\u00e4cka sina kostnader.<br \/>\nBeroende p\u00e5 vem vi fr\u00e5gar f\u00e5r vi olika svar varf\u00f6r prisskillnaden \u00e4r s\u00e5 stor. F\u00f6rbundet COAG pekar p\u00e5 distributionssektorn och deras dominerande st\u00e4llning. Enligt Fepex b\u00e4r globaliseringen skulden d\u00e4r frukt- och gr\u00f6nsaksodlingar uts\u00e4tts f\u00f6r starkt press fr\u00e5n konkurrenter som Marocko eller Tunisien med l\u00e4gre produktionskostnader.<\/p>\n<p>Or\u00e4ttvis konkurrens, l\u00e5ga priser, stigande kostnader f\u00f6r g\u00f6dsel och bek\u00e4mpningsmedel mot skadeinsekter, klimatf\u00f6r\u00e4ndringar, nedsk\u00e4rningar av EU-st\u00f6d bland mycket annat. Jordbruket g\u00e5r sin tuffaste tid till m\u00f6tes.<\/p>\n<p>Det kr\u00e4vs j\u00e4mvikt och en r\u00e4ttvis f\u00f6rdelning som svarar p\u00e5 en fungerande marknadsekonomi i kedjan fr\u00e5n att potatisen v\u00e4xer i jorden till att den hamnar p\u00e5 tallriken. Samtidigt som kedjans konkurrenskraft s\u00e4kerst\u00e4lls.<\/p>\n","protected":false},"excerpt":{"rendered":"<p>Vi har sett bilder fr\u00e5n Frankrike med lantbrukare som protesterar mot d\u00e5liga f\u00f6rh\u00e5llanden genom att helt blockera motorv\u00e4gar. Nu h\u00e4nder samma sak i Andalusien och \u00f6vriga Spanien som betraktas som Europas skafferi. Lantbrukare \u00e4r p\u00e5 krigsstigen n\u00e4r skillnaden mellan ink\u00f6pspris och f\u00f6rs\u00e4ljningspris i butik \u00f6kar till 600 procent. Av Ola Josefsson P\u00e5 Twitter: @JosefssonOla Det [&hellip;]<\/p>\n","protected":false},"author":8,"featured_media":7403,"comment_status":"open","ping_status":"open","sticky":false,"template":"","format":"standard","meta":{"_et_pb_use_builder":"","_et_pb_old_content":"","_et_gb_content_width":"","footnotes":""},"categories":[4,36],"tags":[],"class_list":["post-7402","post","type-post","status-publish","format-standard","has-post-thumbnail","hentry","category-artiklar","category-spanien-just-nu"],"yoast_head":"<!-- This site is optimized with the Yoast SEO Premium plugin v26.2 (Yoast SEO v28.2) - https:\/\/yoast.com\/product\/yoast-seo-premium-wordpress\/ -->\n<title>Spanien just nu \u2013 600 procent dyrare jordbruksprodukter - Svenska Magasinet<\/title>\n<meta name=\"robots\" content=\"noindex, follow, max-snippet:-1, max-image-preview:large, max-video-preview:-1\" \/>\n<meta property=\"og:locale\" content=\"sv_SE\" \/>\n<meta property=\"og:type\" content=\"article\" \/>\n<meta property=\"og:title\" content=\"Spanien just nu \u2013 600 procent dyrare jordbruksprodukter\" \/>\n<meta property=\"og:description\" content=\"Vi har sett bilder fr\u00e5n Frankrike med lantbrukare som protesterar mot d\u00e5liga f\u00f6rh\u00e5llanden genom att helt blockera motorv\u00e4gar. Nu h\u00e4nder samma sak i Andalusien och \u00f6vriga Spanien som betraktas som Europas skafferi. Lantbrukare \u00e4r p\u00e5 krigsstigen n\u00e4r skillnaden mellan ink\u00f6pspris och f\u00f6rs\u00e4ljningspris i butik \u00f6kar till 600 procent. Av Ola Josefsson P\u00e5 Twitter: @JosefssonOla Det [&hellip;]\" \/>\n<meta property=\"og:url\" content=\"https:\/\/lightweb.dev\/l\/svm-temp\/artiklar\/spanien-just-nu-600-procent-dyrare-jordbruksprodukter\/\" \/>\n<meta property=\"og:site_name\" content=\"Svenska Magasinet\" \/>\n<meta property=\"article:publisher\" content=\"https:\/\/www.facebook.com\/svenskamagasinet\" \/>\n<meta property=\"article:published_time\" content=\"2020-03-09T23:00:00+00:00\" \/>\n<meta property=\"og:image\" content=\"https:\/\/lightweb.dev\/l\/svm-temp\/wp-content\/uploads\/2022\/04\/spanien-just-nu-600-procent-dyrare-jordbruksprodukter.png\" \/>\n\t<meta property=\"og:image:width\" content=\"514\" \/>\n\t<meta property=\"og:image:height\" content=\"200\" \/>\n\t<meta property=\"og:image:type\" content=\"image\/png\" \/>\n<meta name=\"author\" content=\"Redaktionen SvM\" \/>\n<meta name=\"twitter:card\" content=\"summary_large_image\" \/>\n<meta name=\"twitter:creator\" content=\"@SvenskaMagasine\" \/>\n<meta name=\"twitter:site\" content=\"@SvenskaMagasine\" \/>\n<script type=\"application\/ld+json\" class=\"yoast-schema-graph\">{\"@context\":\"https:\\\/\\\/schema.org\",\"@graph\":[{\"@type\":\"Article\",\"@id\":\"https:\\\/\\\/lightweb.dev\\\/l\\\/svm-temp\\\/artiklar\\\/spanien-just-nu-600-procent-dyrare-jordbruksprodukter\\\/#article\",\"isPartOf\":{\"@id\":\"https:\\\/\\\/lightweb.dev\\\/l\\\/svm-temp\\\/artiklar\\\/spanien-just-nu-600-procent-dyrare-jordbruksprodukter\\\/\"},\"author\":{\"name\":\"Redaktionen SvM\",\"@id\":\"https:\\\/\\\/lightweb.dev\\\/l\\\/svm-temp\\\/#\\\/schema\\\/person\\\/206a3bda5b607b0c25e1749191e4d837\"},\"headline\":\"Spanien just nu \u2013 600 procent dyrare jordbruksprodukter\",\"datePublished\":\"2020-03-09T23:00:00+00:00\",\"mainEntityOfPage\":{\"@id\":\"https:\\\/\\\/lightweb.dev\\\/l\\\/svm-temp\\\/artiklar\\\/spanien-just-nu-600-procent-dyrare-jordbruksprodukter\\\/\"},\"wordCount\":985,\"commentCount\":0,\"publisher\":{\"@id\":\"https:\\\/\\\/lightweb.dev\\\/l\\\/svm-temp\\\/#organization\"},\"image\":{\"@id\":\"https:\\\/\\\/lightweb.dev\\\/l\\\/svm-temp\\\/artiklar\\\/spanien-just-nu-600-procent-dyrare-jordbruksprodukter\\\/#primaryimage\"},\"thumbnailUrl\":\"https:\\\/\\\/lightweb.dev\\\/l\\\/svm-temp\\\/wp-content\\\/uploads\\\/2022\\\/04\\\/spanien-just-nu-600-procent-dyrare-jordbruksprodukter.png\",\"articleSection\":[\"Artiklar\",\"Spanien just nu\"],\"inLanguage\":\"sv-SE\"},{\"@type\":\"WebPage\",\"@id\":\"https:\\\/\\\/lightweb.dev\\\/l\\\/svm-temp\\\/artiklar\\\/spanien-just-nu-600-procent-dyrare-jordbruksprodukter\\\/\",\"url\":\"https:\\\/\\\/lightweb.dev\\\/l\\\/svm-temp\\\/artiklar\\\/spanien-just-nu-600-procent-dyrare-jordbruksprodukter\\\/\",\"name\":\"Spanien just nu \u2013 600 procent dyrare jordbruksprodukter - Svenska Magasinet\",\"isPartOf\":{\"@id\":\"https:\\\/\\\/lightweb.dev\\\/l\\\/svm-temp\\\/#website\"},\"primaryImageOfPage\":{\"@id\":\"https:\\\/\\\/lightweb.dev\\\/l\\\/svm-temp\\\/artiklar\\\/spanien-just-nu-600-procent-dyrare-jordbruksprodukter\\\/#primaryimage\"},\"image\":{\"@id\":\"https:\\\/\\\/lightweb.dev\\\/l\\\/svm-temp\\\/artiklar\\\/spanien-just-nu-600-procent-dyrare-jordbruksprodukter\\\/#primaryimage\"},\"thumbnailUrl\":\"https:\\\/\\\/lightweb.dev\\\/l\\\/svm-temp\\\/wp-content\\\/uploads\\\/2022\\\/04\\\/spanien-just-nu-600-procent-dyrare-jordbruksprodukter.png\",\"datePublished\":\"2020-03-09T23:00:00+00:00\",\"breadcrumb\":{\"@id\":\"https:\\\/\\\/lightweb.dev\\\/l\\\/svm-temp\\\/artiklar\\\/spanien-just-nu-600-procent-dyrare-jordbruksprodukter\\\/#breadcrumb\"},\"inLanguage\":\"sv-SE\",\"potentialAction\":[{\"@type\":\"ReadAction\",\"target\":[\"https:\\\/\\\/lightweb.dev\\\/l\\\/svm-temp\\\/artiklar\\\/spanien-just-nu-600-procent-dyrare-jordbruksprodukter\\\/\"]}]},{\"@type\":\"ImageObject\",\"inLanguage\":\"sv-SE\",\"@id\":\"https:\\\/\\\/lightweb.dev\\\/l\\\/svm-temp\\\/artiklar\\\/spanien-just-nu-600-procent-dyrare-jordbruksprodukter\\\/#primaryimage\",\"url\":\"https:\\\/\\\/lightweb.dev\\\/l\\\/svm-temp\\\/wp-content\\\/uploads\\\/2022\\\/04\\\/spanien-just-nu-600-procent-dyrare-jordbruksprodukter.png\",\"contentUrl\":\"https:\\\/\\\/lightweb.dev\\\/l\\\/svm-temp\\\/wp-content\\\/uploads\\\/2022\\\/04\\\/spanien-just-nu-600-procent-dyrare-jordbruksprodukter.png\",\"width\":514,\"height\":200},{\"@type\":\"BreadcrumbList\",\"@id\":\"https:\\\/\\\/lightweb.dev\\\/l\\\/svm-temp\\\/artiklar\\\/spanien-just-nu-600-procent-dyrare-jordbruksprodukter\\\/#breadcrumb\",\"itemListElement\":[{\"@type\":\"ListItem\",\"position\":1,\"name\":\"Hem\",\"item\":\"https:\\\/\\\/lightweb.dev\\\/l\\\/svm-temp\\\/\"},{\"@type\":\"ListItem\",\"position\":2,\"name\":\"Spanien just nu \u2013 600 procent dyrare jordbruksprodukter\"}]},{\"@type\":\"WebSite\",\"@id\":\"https:\\\/\\\/lightweb.dev\\\/l\\\/svm-temp\\\/#website\",\"url\":\"https:\\\/\\\/lightweb.dev\\\/l\\\/svm-temp\\\/\",\"name\":\"Svenska Magasinet\",\"description\":\"Dina Spanska nyheter p&aring; Svenska\",\"publisher\":{\"@id\":\"https:\\\/\\\/lightweb.dev\\\/l\\\/svm-temp\\\/#organization\"},\"potentialAction\":[{\"@type\":\"SearchAction\",\"target\":{\"@type\":\"EntryPoint\",\"urlTemplate\":\"https:\\\/\\\/lightweb.dev\\\/l\\\/svm-temp\\\/?s={search_term_string}\"},\"query-input\":{\"@type\":\"PropertyValueSpecification\",\"valueRequired\":true,\"valueName\":\"search_term_string\"}}],\"inLanguage\":\"sv-SE\"},{\"@type\":\"Organization\",\"@id\":\"https:\\\/\\\/lightweb.dev\\\/l\\\/svm-temp\\\/#organization\",\"name\":\"Melkerson y Nott SL\",\"alternateName\":\"Svenska Magasinet\",\"url\":\"https:\\\/\\\/lightweb.dev\\\/l\\\/svm-temp\\\/\",\"logo\":{\"@type\":\"ImageObject\",\"inLanguage\":\"sv-SE\",\"@id\":\"https:\\\/\\\/lightweb.dev\\\/l\\\/svm-temp\\\/#\\\/schema\\\/logo\\\/image\\\/\",\"url\":\"https:\\\/\\\/lightweb.dev\\\/l\\\/svm-temp\\\/wp-content\\\/uploads\\\/2025\\\/02\\\/SvM-logo-Xtra-Centrerad-SVART.png\",\"contentUrl\":\"https:\\\/\\\/lightweb.dev\\\/l\\\/svm-temp\\\/wp-content\\\/uploads\\\/2025\\\/02\\\/SvM-logo-Xtra-Centrerad-SVART.png\",\"width\":300,\"height\":99,\"caption\":\"Melkerson y Nott SL\"},\"image\":{\"@id\":\"https:\\\/\\\/lightweb.dev\\\/l\\\/svm-temp\\\/#\\\/schema\\\/logo\\\/image\\\/\"},\"sameAs\":[\"https:\\\/\\\/www.facebook.com\\\/svenskamagasinet\",\"https:\\\/\\\/x.com\\\/SvenskaMagasine\"]},{\"@type\":\"Person\",\"@id\":\"https:\\\/\\\/lightweb.dev\\\/l\\\/svm-temp\\\/#\\\/schema\\\/person\\\/206a3bda5b607b0c25e1749191e4d837\",\"name\":\"Redaktionen SvM\",\"description\":\"Redaktionen\",\"sameAs\":[\"https:\\\/\\\/lightweb.dev\\\/l\\\/svm-temp\"],\"url\":\"https:\\\/\\\/lightweb.dev\\\/l\\\/svm-temp\\\/reporter\\\/redaktionen\\\/\"}]}<\/script>\n<!-- \/ Yoast SEO Premium plugin. -->","yoast_head_json":{"title":"Spanien just nu \u2013 600 procent dyrare jordbruksprodukter - Svenska Magasinet","robots":{"index":"noindex","follow":"follow","max-snippet":"max-snippet:-1","max-image-preview":"max-image-preview:large","max-video-preview":"max-video-preview:-1"},"og_locale":"sv_SE","og_type":"article","og_title":"Spanien just nu \u2013 600 procent dyrare jordbruksprodukter","og_description":"Vi har sett bilder fr\u00e5n Frankrike med lantbrukare som protesterar mot d\u00e5liga f\u00f6rh\u00e5llanden genom att helt blockera motorv\u00e4gar. Nu h\u00e4nder samma sak i Andalusien och \u00f6vriga Spanien som betraktas som Europas skafferi. Lantbrukare \u00e4r p\u00e5 krigsstigen n\u00e4r skillnaden mellan ink\u00f6pspris och f\u00f6rs\u00e4ljningspris i butik \u00f6kar till 600 procent. Av Ola Josefsson P\u00e5 Twitter: @JosefssonOla Det [&hellip;]","og_url":"https:\/\/lightweb.dev\/l\/svm-temp\/artiklar\/spanien-just-nu-600-procent-dyrare-jordbruksprodukter\/","og_site_name":"Svenska Magasinet","article_publisher":"https:\/\/www.facebook.com\/svenskamagasinet","article_published_time":"2020-03-09T23:00:00+00:00","og_image":[{"width":514,"height":200,"url":"https:\/\/lightweb.dev\/l\/svm-temp\/wp-content\/uploads\/2022\/04\/spanien-just-nu-600-procent-dyrare-jordbruksprodukter.png","type":"image\/png"}],"author":"Redaktionen SvM","twitter_card":"summary_large_image","twitter_creator":"@SvenskaMagasine","twitter_site":"@SvenskaMagasine","schema":{"@context":"https:\/\/schema.org","@graph":[{"@type":"Article","@id":"https:\/\/lightweb.dev\/l\/svm-temp\/artiklar\/spanien-just-nu-600-procent-dyrare-jordbruksprodukter\/#article","isPartOf":{"@id":"https:\/\/lightweb.dev\/l\/svm-temp\/artiklar\/spanien-just-nu-600-procent-dyrare-jordbruksprodukter\/"},"author":{"name":"Redaktionen SvM","@id":"https:\/\/lightweb.dev\/l\/svm-temp\/#\/schema\/person\/206a3bda5b607b0c25e1749191e4d837"},"headline":"Spanien just nu \u2013 600 procent dyrare jordbruksprodukter","datePublished":"2020-03-09T23:00:00+00:00","mainEntityOfPage":{"@id":"https:\/\/lightweb.dev\/l\/svm-temp\/artiklar\/spanien-just-nu-600-procent-dyrare-jordbruksprodukter\/"},"wordCount":985,"commentCount":0,"publisher":{"@id":"https:\/\/lightweb.dev\/l\/svm-temp\/#organization"},"image":{"@id":"https:\/\/lightweb.dev\/l\/svm-temp\/artiklar\/spanien-just-nu-600-procent-dyrare-jordbruksprodukter\/#primaryimage"},"thumbnailUrl":"https:\/\/lightweb.dev\/l\/svm-temp\/wp-content\/uploads\/2022\/04\/spanien-just-nu-600-procent-dyrare-jordbruksprodukter.png","articleSection":["Artiklar","Spanien just nu"],"inLanguage":"sv-SE"},{"@type":"WebPage","@id":"https:\/\/lightweb.dev\/l\/svm-temp\/artiklar\/spanien-just-nu-600-procent-dyrare-jordbruksprodukter\/","url":"https:\/\/lightweb.dev\/l\/svm-temp\/artiklar\/spanien-just-nu-600-procent-dyrare-jordbruksprodukter\/","name":"Spanien just nu \u2013 600 procent dyrare jordbruksprodukter - Svenska Magasinet","isPartOf":{"@id":"https:\/\/lightweb.dev\/l\/svm-temp\/#website"},"primaryImageOfPage":{"@id":"https:\/\/lightweb.dev\/l\/svm-temp\/artiklar\/spanien-just-nu-600-procent-dyrare-jordbruksprodukter\/#primaryimage"},"image":{"@id":"https:\/\/lightweb.dev\/l\/svm-temp\/artiklar\/spanien-just-nu-600-procent-dyrare-jordbruksprodukter\/#primaryimage"},"thumbnailUrl":"https:\/\/lightweb.dev\/l\/svm-temp\/wp-content\/uploads\/2022\/04\/spanien-just-nu-600-procent-dyrare-jordbruksprodukter.png","datePublished":"2020-03-09T23:00:00+00:00","breadcrumb":{"@id":"https:\/\/lightweb.dev\/l\/svm-temp\/artiklar\/spanien-just-nu-600-procent-dyrare-jordbruksprodukter\/#breadcrumb"},"inLanguage":"sv-SE","potentialAction":[{"@type":"ReadAction","target":["https:\/\/lightweb.dev\/l\/svm-temp\/artiklar\/spanien-just-nu-600-procent-dyrare-jordbruksprodukter\/"]}]},{"@type":"ImageObject","inLanguage":"sv-SE","@id":"https:\/\/lightweb.dev\/l\/svm-temp\/artiklar\/spanien-just-nu-600-procent-dyrare-jordbruksprodukter\/#primaryimage","url":"https:\/\/lightweb.dev\/l\/svm-temp\/wp-content\/uploads\/2022\/04\/spanien-just-nu-600-procent-dyrare-jordbruksprodukter.png","contentUrl":"https:\/\/lightweb.dev\/l\/svm-temp\/wp-content\/uploads\/2022\/04\/spanien-just-nu-600-procent-dyrare-jordbruksprodukter.png","width":514,"height":200},{"@type":"BreadcrumbList","@id":"https:\/\/lightweb.dev\/l\/svm-temp\/artiklar\/spanien-just-nu-600-procent-dyrare-jordbruksprodukter\/#breadcrumb","itemListElement":[{"@type":"ListItem","position":1,"name":"Hem","item":"https:\/\/lightweb.dev\/l\/svm-temp\/"},{"@type":"ListItem","position":2,"name":"Spanien just nu \u2013 600 procent dyrare jordbruksprodukter"}]},{"@type":"WebSite","@id":"https:\/\/lightweb.dev\/l\/svm-temp\/#website","url":"https:\/\/lightweb.dev\/l\/svm-temp\/","name":"Svenska Magasinet","description":"Dina Spanska nyheter p&aring; Svenska","publisher":{"@id":"https:\/\/lightweb.dev\/l\/svm-temp\/#organization"},"potentialAction":[{"@type":"SearchAction","target":{"@type":"EntryPoint","urlTemplate":"https:\/\/lightweb.dev\/l\/svm-temp\/?s={search_term_string}"},"query-input":{"@type":"PropertyValueSpecification","valueRequired":true,"valueName":"search_term_string"}}],"inLanguage":"sv-SE"},{"@type":"Organization","@id":"https:\/\/lightweb.dev\/l\/svm-temp\/#organization","name":"Melkerson y Nott SL","alternateName":"Svenska Magasinet","url":"https:\/\/lightweb.dev\/l\/svm-temp\/","logo":{"@type":"ImageObject","inLanguage":"sv-SE","@id":"https:\/\/lightweb.dev\/l\/svm-temp\/#\/schema\/logo\/image\/","url":"https:\/\/lightweb.dev\/l\/svm-temp\/wp-content\/uploads\/2025\/02\/SvM-logo-Xtra-Centrerad-SVART.png","contentUrl":"https:\/\/lightweb.dev\/l\/svm-temp\/wp-content\/uploads\/2025\/02\/SvM-logo-Xtra-Centrerad-SVART.png","width":300,"height":99,"caption":"Melkerson y Nott SL"},"image":{"@id":"https:\/\/lightweb.dev\/l\/svm-temp\/#\/schema\/logo\/image\/"},"sameAs":["https:\/\/www.facebook.com\/svenskamagasinet","https:\/\/x.com\/SvenskaMagasine"]},{"@type":"Person","@id":"https:\/\/lightweb.dev\/l\/svm-temp\/#\/schema\/person\/206a3bda5b607b0c25e1749191e4d837","name":"Redaktionen SvM","description":"Redaktionen","sameAs":["https:\/\/lightweb.dev\/l\/svm-temp"],"url":"https:\/\/lightweb.dev\/l\/svm-temp\/reporter\/redaktionen\/"}]}},"_links":{"self":[{"href":"https:\/\/lightweb.dev\/l\/svm-temp\/wp-json\/wp\/v2\/posts\/7402","targetHints":{"allow":["GET"]}}],"collection":[{"href":"https:\/\/lightweb.dev\/l\/svm-temp\/wp-json\/wp\/v2\/posts"}],"about":[{"href":"https:\/\/lightweb.dev\/l\/svm-temp\/wp-json\/wp\/v2\/types\/post"}],"author":[{"embeddable":true,"href":"https:\/\/lightweb.dev\/l\/svm-temp\/wp-json\/wp\/v2\/users\/8"}],"replies":[{"embeddable":true,"href":"https:\/\/lightweb.dev\/l\/svm-temp\/wp-json\/wp\/v2\/comments?post=7402"}],"version-history":[{"count":0,"href":"https:\/\/lightweb.dev\/l\/svm-temp\/wp-json\/wp\/v2\/posts\/7402\/revisions"}],"wp:featuredmedia":[{"embeddable":true,"href":"https:\/\/lightweb.dev\/l\/svm-temp\/wp-json\/wp\/v2\/media\/7403"}],"wp:attachment":[{"href":"https:\/\/lightweb.dev\/l\/svm-temp\/wp-json\/wp\/v2\/media?parent=7402"}],"wp:term":[{"taxonomy":"category","embeddable":true,"href":"https:\/\/lightweb.dev\/l\/svm-temp\/wp-json\/wp\/v2\/categories?post=7402"},{"taxonomy":"post_tag","embeddable":true,"href":"https:\/\/lightweb.dev\/l\/svm-temp\/wp-json\/wp\/v2\/tags?post=7402"}],"curies":[{"name":"wp","href":"https:\/\/api.w.org\/{rel}","templated":true}]}}