{"id":74326,"date":"2024-09-13T13:20:16","date_gmt":"2024-09-13T11:20:16","guid":{"rendered":"https:\/\/lightweb.dev\/l\/svm-temp\/?p=74326"},"modified":"2024-09-13T13:20:16","modified_gmt":"2024-09-13T11:20:16","slug":"malaga-har-hogre-inflationen-an-det-spanska-genomsnittet","status":"publish","type":"post","link":"https:\/\/lightweb.dev\/l\/svm-temp\/nyheter\/malaga-har-hogre-inflationen-an-det-spanska-genomsnittet\/","title":{"rendered":"M\u00e1laga har h\u00f6gre inflationen \u00e4n det spanska genomsnittet"},"content":{"rendered":"<p><strong>Trots att priserna p\u00e5 mat och alkoholfria drycker \u00f6kar mindre \u00e4n i resten av Spanien har Malagaprovinsen bland de h\u00f6gsta inflationerna i landet.<\/strong><\/p>\n<p><strong>De fr\u00e4msta orsakerna till detta \u00e4r \u00f6kade bostadspriser och dyrare restaurangnotor.\u00a0<\/strong><\/p>\n<p><span style=\"font-weight: 400;\">M\u00e1lagaprovinsen har l\u00e4gre inflation \u00e4n det nationella genomsnittet n\u00e4r det g\u00e4ller matpriser och drycker utan alkohol. I augusti var dessa varor 2,5 procent dyrare \u00e4n f\u00f6r ett \u00e5r sedan om man ser till hela landet medan M\u00e1laga hade en \u00f6kning p\u00e5 2,1 procent.\u00a0<\/span><\/p>\n<p><span style=\"font-weight: 400;\">I juli var inflationen p\u00e5 mat 2,9 procent i M\u00e1laga vilket inneb\u00e4r att den sjunkit med 8 procentenheter. Samtidigt har den nationella inflationen g\u00e5tt fr\u00e5n 3,1 till 2,5 procent under samma period.\u00a0<\/span><\/p>\n<p><span style=\"font-weight: 400;\">Augustis notering p\u00e5 2,1 procent \u00e4r den l\u00e4gsta som uppm\u00e4tts i M\u00e1laga sedan september 2021. Det \u00e4r framf\u00f6rallt maten som bidrar till att s\u00e4nka inflationen d\u00e5 den st\u00e5r p\u00e5 1,8 procent medan icke alkoholhaltiga drycker ligger p\u00e5 4,4.\u00a0\u00a0<\/span><\/p>\n<p><span style=\"font-weight: 400;\">Om man r\u00e4knar in alla varor och tj\u00e4nster har inflationen g\u00e5tt fr\u00e5n 3,4 procent till 2,6 i M\u00e1laga medan de nationella siffrorna sj\u00f6nk fr\u00e5n 2,8 till 2,3 procent mellan juli och augusti.<\/span><\/p>\n<p><span style=\"font-weight: 400;\">Att den totala inflationen ligger p\u00e5 2,6 procent inneb\u00e4r att M\u00e1laga \u00e4r en av de provinser med h\u00f6gst pris\u00f6kning i hela landet. Bara Vizcaya (2,9 procent) och Las Palmas (2,7) har h\u00f6gre. Om man ser till hela Andalusien l\u00e5g inflationen i augusti p\u00e5 2,1 procent.\u00a0<\/span><\/p>\n<h2><span style=\"font-weight: 400;\">Bost\u00e4der och hotell\u00a0<\/span><\/h2>\n<p><span style=\"font-weight: 400;\">Varf\u00f6r \u00f6kar priserna mer i M\u00e1laga \u00e4n p\u00e5 de flesta andra platserna i Spanien? Den starkast bidragande orsaken \u00e4r att bostadspriserna \u00f6kar kraftigt. N\u00e5got som \u00e4r ett stort problem f\u00f6r M\u00e1lagaborna. Den \u00e5rliga \u00f6kningen i augusti var hela 8,4 procent. I juli var den 7,6 procent. Snittet f\u00f6r hela Spanien var 4 respektive 3,2 procent.\u00a0<\/span><\/p>\n<p><span style=\"font-weight: 400;\">Om man bara ser till hyresbost\u00e4der s\u00e5 \u00f6kade priserna i M\u00e1laga med 4,1 procent i augusti j\u00e4mf\u00f6rt med 2023 men bara 2,2 procent i hela landet.\u00a0<\/span><\/p>\n<p><span style=\"font-weight: 400;\">\u00c4ven turistsektorn bidrar till att dra upp priserna. Under f\u00f6rra m\u00e5naden var varor och tj\u00e4nster kopplade till turism i M\u00e1laga 5,2 procent dyrare \u00e4n \u00e5ret innan. I hela Spanien \u00f6kade priserna med 4,6 procent. Det \u00e4r framf\u00f6rallt restaurangpriserna som p\u00e5verkat siffrorna.\u00a0<\/span><\/p>\n<p><span style=\"font-weight: 400;\">Andra faktorer som drar upp inflationen \u00e4r \u00f6kade kostnader p\u00e5 vattentillf\u00f6rsel (+14,5 procent) och fossila br\u00e4nslen (+7,6).<\/span><\/p>\n","protected":false},"excerpt":{"rendered":"<p>Trots att priserna p\u00e5 mat och alkoholfria drycker \u00f6kar mindre \u00e4n i resten av Spanien har Malagaprovinsen bland de h\u00f6gsta inflationerna i landet. De fr\u00e4msta orsakerna till detta \u00e4r \u00f6kade bostadspriser och dyrare restaurangnotor.\u00a0<\/p>\n","protected":false},"author":14,"featured_media":74327,"comment_status":"closed","ping_status":"closed","sticky":false,"template":"","format":"standard","meta":{"_et_pb_use_builder":"","_et_pb_old_content":"","_et_gb_content_width":"","footnotes":""},"categories":[351,3],"tags":[],"class_list":["post-74326","post","type-post","status-publish","format-standard","has-post-thumbnail","hentry","category-ekonomi-nyheter","category-nyheter"],"yoast_head":"<!-- This site is optimized with the Yoast SEO Premium plugin v26.2 (Yoast SEO v27.4) - https:\/\/yoast.com\/product\/yoast-seo-premium-wordpress\/ -->\n<title>M\u00e1laga har h\u00f6gre inflationen \u00e4n det spanska genomsnittet - Svenska Magasinet<\/title>\n<meta name=\"robots\" content=\"noindex, follow, max-snippet:-1, max-image-preview:large, max-video-preview:-1\" \/>\n<meta property=\"og:locale\" content=\"sv_SE\" \/>\n<meta property=\"og:type\" content=\"article\" \/>\n<meta property=\"og:title\" content=\"M\u00e1laga har h\u00f6gre inflationen \u00e4n det spanska genomsnittet\" \/>\n<meta property=\"og:description\" content=\"Trots att priserna p\u00e5 mat och alkoholfria drycker \u00f6kar mindre \u00e4n i resten av Spanien har Malagaprovinsen bland de h\u00f6gsta inflationerna i landet. De fr\u00e4msta orsakerna till detta \u00e4r \u00f6kade bostadspriser och dyrare restaurangnotor.\u00a0\" \/>\n<meta property=\"og:url\" content=\"https:\/\/lightweb.dev\/l\/svm-temp\/artiklar\/ekonomi\/malaga-har-hogre-inflationen-an-det-spanska-genomsnittet\/\" \/>\n<meta property=\"og:site_name\" content=\"Svenska Magasinet\" \/>\n<meta property=\"article:publisher\" content=\"https:\/\/www.facebook.com\/svenskamagasinet\" \/>\n<meta property=\"article:published_time\" content=\"2024-09-13T11:20:16+00:00\" \/>\n<meta property=\"og:image\" content=\"https:\/\/lightweb.dev\/l\/svm-temp\/wp-content\/uploads\/2024\/09\/2022-11-02-11.11.46-stor-1280x640-1.jpeg\" \/>\n\t<meta property=\"og:image:width\" content=\"1280\" \/>\n\t<meta property=\"og:image:height\" content=\"640\" \/>\n\t<meta property=\"og:image:type\" content=\"image\/jpeg\" \/>\n<meta name=\"author\" content=\"Robbie Eriksson\" \/>\n<meta name=\"twitter:card\" content=\"summary_large_image\" \/>\n<meta name=\"twitter:creator\" content=\"@SvenskaMagasine\" \/>\n<meta name=\"twitter:site\" content=\"@SvenskaMagasine\" \/>\n<script type=\"application\/ld+json\" class=\"yoast-schema-graph\">{\"@context\":\"https:\\\/\\\/schema.org\",\"@graph\":[{\"@type\":\"Article\",\"@id\":\"https:\\\/\\\/lightweb.dev\\\/l\\\/svm-temp\\\/artiklar\\\/ekonomi\\\/malaga-har-hogre-inflationen-an-det-spanska-genomsnittet\\\/#article\",\"isPartOf\":{\"@id\":\"https:\\\/\\\/lightweb.dev\\\/l\\\/svm-temp\\\/artiklar\\\/ekonomi\\\/malaga-har-hogre-inflationen-an-det-spanska-genomsnittet\\\/\"},\"author\":{\"name\":\"Robbie Eriksson\",\"@id\":\"https:\\\/\\\/lightweb.dev\\\/l\\\/svm-temp\\\/#\\\/schema\\\/person\\\/caffe038990d25722f5a04a03c906a2b\"},\"headline\":\"M\u00e1laga har h\u00f6gre inflationen \u00e4n det spanska genomsnittet\",\"datePublished\":\"2024-09-13T11:20:16+00:00\",\"mainEntityOfPage\":{\"@id\":\"https:\\\/\\\/lightweb.dev\\\/l\\\/svm-temp\\\/artiklar\\\/ekonomi\\\/malaga-har-hogre-inflationen-an-det-spanska-genomsnittet\\\/\"},\"wordCount\":397,\"publisher\":{\"@id\":\"https:\\\/\\\/lightweb.dev\\\/l\\\/svm-temp\\\/#organization\"},\"image\":{\"@id\":\"https:\\\/\\\/lightweb.dev\\\/l\\\/svm-temp\\\/artiklar\\\/ekonomi\\\/malaga-har-hogre-inflationen-an-det-spanska-genomsnittet\\\/#primaryimage\"},\"thumbnailUrl\":\"https:\\\/\\\/lightweb.dev\\\/l\\\/svm-temp\\\/wp-content\\\/uploads\\\/2024\\\/09\\\/2022-11-02-11.11.46-stor-1280x640-1.jpeg\",\"articleSection\":[\"Ekonomi\",\"Nyheter\"],\"inLanguage\":\"sv-SE\"},{\"@type\":\"WebPage\",\"@id\":\"https:\\\/\\\/lightweb.dev\\\/l\\\/svm-temp\\\/artiklar\\\/ekonomi\\\/malaga-har-hogre-inflationen-an-det-spanska-genomsnittet\\\/\",\"url\":\"https:\\\/\\\/lightweb.dev\\\/l\\\/svm-temp\\\/artiklar\\\/ekonomi\\\/malaga-har-hogre-inflationen-an-det-spanska-genomsnittet\\\/\",\"name\":\"M\u00e1laga har h\u00f6gre inflationen \u00e4n det spanska genomsnittet - Svenska Magasinet\",\"isPartOf\":{\"@id\":\"https:\\\/\\\/lightweb.dev\\\/l\\\/svm-temp\\\/#website\"},\"primaryImageOfPage\":{\"@id\":\"https:\\\/\\\/lightweb.dev\\\/l\\\/svm-temp\\\/artiklar\\\/ekonomi\\\/malaga-har-hogre-inflationen-an-det-spanska-genomsnittet\\\/#primaryimage\"},\"image\":{\"@id\":\"https:\\\/\\\/lightweb.dev\\\/l\\\/svm-temp\\\/artiklar\\\/ekonomi\\\/malaga-har-hogre-inflationen-an-det-spanska-genomsnittet\\\/#primaryimage\"},\"thumbnailUrl\":\"https:\\\/\\\/lightweb.dev\\\/l\\\/svm-temp\\\/wp-content\\\/uploads\\\/2024\\\/09\\\/2022-11-02-11.11.46-stor-1280x640-1.jpeg\",\"datePublished\":\"2024-09-13T11:20:16+00:00\",\"breadcrumb\":{\"@id\":\"https:\\\/\\\/lightweb.dev\\\/l\\\/svm-temp\\\/artiklar\\\/ekonomi\\\/malaga-har-hogre-inflationen-an-det-spanska-genomsnittet\\\/#breadcrumb\"},\"inLanguage\":\"sv-SE\",\"potentialAction\":[{\"@type\":\"ReadAction\",\"target\":[\"https:\\\/\\\/lightweb.dev\\\/l\\\/svm-temp\\\/artiklar\\\/ekonomi\\\/malaga-har-hogre-inflationen-an-det-spanska-genomsnittet\\\/\"]}]},{\"@type\":\"ImageObject\",\"inLanguage\":\"sv-SE\",\"@id\":\"https:\\\/\\\/lightweb.dev\\\/l\\\/svm-temp\\\/artiklar\\\/ekonomi\\\/malaga-har-hogre-inflationen-an-det-spanska-genomsnittet\\\/#primaryimage\",\"url\":\"https:\\\/\\\/lightweb.dev\\\/l\\\/svm-temp\\\/wp-content\\\/uploads\\\/2024\\\/09\\\/2022-11-02-11.11.46-stor-1280x640-1.jpeg\",\"contentUrl\":\"https:\\\/\\\/lightweb.dev\\\/l\\\/svm-temp\\\/wp-content\\\/uploads\\\/2024\\\/09\\\/2022-11-02-11.11.46-stor-1280x640-1.jpeg\",\"width\":1280,\"height\":640},{\"@type\":\"BreadcrumbList\",\"@id\":\"https:\\\/\\\/lightweb.dev\\\/l\\\/svm-temp\\\/artiklar\\\/ekonomi\\\/malaga-har-hogre-inflationen-an-det-spanska-genomsnittet\\\/#breadcrumb\",\"itemListElement\":[{\"@type\":\"ListItem\",\"position\":1,\"name\":\"Hem\",\"item\":\"https:\\\/\\\/lightweb.dev\\\/l\\\/svm-temp\\\/\"},{\"@type\":\"ListItem\",\"position\":2,\"name\":\"M\u00e1laga har h\u00f6gre inflationen \u00e4n det spanska genomsnittet\"}]},{\"@type\":\"WebSite\",\"@id\":\"https:\\\/\\\/lightweb.dev\\\/l\\\/svm-temp\\\/#website\",\"url\":\"https:\\\/\\\/lightweb.dev\\\/l\\\/svm-temp\\\/\",\"name\":\"Svenska Magasinet\",\"description\":\"Dina Spanska nyheter p&aring; Svenska\",\"publisher\":{\"@id\":\"https:\\\/\\\/lightweb.dev\\\/l\\\/svm-temp\\\/#organization\"},\"potentialAction\":[{\"@type\":\"SearchAction\",\"target\":{\"@type\":\"EntryPoint\",\"urlTemplate\":\"https:\\\/\\\/lightweb.dev\\\/l\\\/svm-temp\\\/?s={search_term_string}\"},\"query-input\":{\"@type\":\"PropertyValueSpecification\",\"valueRequired\":true,\"valueName\":\"search_term_string\"}}],\"inLanguage\":\"sv-SE\"},{\"@type\":\"Organization\",\"@id\":\"https:\\\/\\\/lightweb.dev\\\/l\\\/svm-temp\\\/#organization\",\"name\":\"Melkerson y Nott SL\",\"alternateName\":\"Svenska Magasinet\",\"url\":\"https:\\\/\\\/lightweb.dev\\\/l\\\/svm-temp\\\/\",\"logo\":{\"@type\":\"ImageObject\",\"inLanguage\":\"sv-SE\",\"@id\":\"https:\\\/\\\/lightweb.dev\\\/l\\\/svm-temp\\\/#\\\/schema\\\/logo\\\/image\\\/\",\"url\":\"https:\\\/\\\/lightweb.dev\\\/l\\\/svm-temp\\\/wp-content\\\/uploads\\\/2025\\\/02\\\/SvM-logo-Xtra-Centrerad-SVART.png\",\"contentUrl\":\"https:\\\/\\\/lightweb.dev\\\/l\\\/svm-temp\\\/wp-content\\\/uploads\\\/2025\\\/02\\\/SvM-logo-Xtra-Centrerad-SVART.png\",\"width\":300,\"height\":99,\"caption\":\"Melkerson y Nott SL\"},\"image\":{\"@id\":\"https:\\\/\\\/lightweb.dev\\\/l\\\/svm-temp\\\/#\\\/schema\\\/logo\\\/image\\\/\"},\"sameAs\":[\"https:\\\/\\\/www.facebook.com\\\/svenskamagasinet\",\"https:\\\/\\\/x.com\\\/SvenskaMagasine\"]},{\"@type\":\"Person\",\"@id\":\"https:\\\/\\\/lightweb.dev\\\/l\\\/svm-temp\\\/#\\\/schema\\\/person\\\/caffe038990d25722f5a04a03c906a2b\",\"name\":\"Robbie Eriksson\",\"sameAs\":[\"https:\\\/\\\/lightweb.dev\\\/l\\\/svm-temp\"],\"url\":\"https:\\\/\\\/lightweb.dev\\\/l\\\/svm-temp\\\/reporter\\\/robbie-eriksson\\\/\"}]}<\/script>\n<!-- \/ Yoast SEO Premium plugin. -->","yoast_head_json":{"title":"M\u00e1laga har h\u00f6gre inflationen \u00e4n det spanska genomsnittet - Svenska Magasinet","robots":{"index":"noindex","follow":"follow","max-snippet":"max-snippet:-1","max-image-preview":"max-image-preview:large","max-video-preview":"max-video-preview:-1"},"og_locale":"sv_SE","og_type":"article","og_title":"M\u00e1laga har h\u00f6gre inflationen \u00e4n det spanska genomsnittet","og_description":"Trots att priserna p\u00e5 mat och alkoholfria drycker \u00f6kar mindre \u00e4n i resten av Spanien har Malagaprovinsen bland de h\u00f6gsta inflationerna i landet. De fr\u00e4msta orsakerna till detta \u00e4r \u00f6kade bostadspriser och dyrare restaurangnotor.\u00a0","og_url":"https:\/\/lightweb.dev\/l\/svm-temp\/artiklar\/ekonomi\/malaga-har-hogre-inflationen-an-det-spanska-genomsnittet\/","og_site_name":"Svenska Magasinet","article_publisher":"https:\/\/www.facebook.com\/svenskamagasinet","article_published_time":"2024-09-13T11:20:16+00:00","og_image":[{"width":1280,"height":640,"url":"https:\/\/lightweb.dev\/l\/svm-temp\/wp-content\/uploads\/2024\/09\/2022-11-02-11.11.46-stor-1280x640-1.jpeg","type":"image\/jpeg"}],"author":"Robbie Eriksson","twitter_card":"summary_large_image","twitter_creator":"@SvenskaMagasine","twitter_site":"@SvenskaMagasine","schema":{"@context":"https:\/\/schema.org","@graph":[{"@type":"Article","@id":"https:\/\/lightweb.dev\/l\/svm-temp\/artiklar\/ekonomi\/malaga-har-hogre-inflationen-an-det-spanska-genomsnittet\/#article","isPartOf":{"@id":"https:\/\/lightweb.dev\/l\/svm-temp\/artiklar\/ekonomi\/malaga-har-hogre-inflationen-an-det-spanska-genomsnittet\/"},"author":{"name":"Robbie Eriksson","@id":"https:\/\/lightweb.dev\/l\/svm-temp\/#\/schema\/person\/caffe038990d25722f5a04a03c906a2b"},"headline":"M\u00e1laga har h\u00f6gre inflationen \u00e4n det spanska genomsnittet","datePublished":"2024-09-13T11:20:16+00:00","mainEntityOfPage":{"@id":"https:\/\/lightweb.dev\/l\/svm-temp\/artiklar\/ekonomi\/malaga-har-hogre-inflationen-an-det-spanska-genomsnittet\/"},"wordCount":397,"publisher":{"@id":"https:\/\/lightweb.dev\/l\/svm-temp\/#organization"},"image":{"@id":"https:\/\/lightweb.dev\/l\/svm-temp\/artiklar\/ekonomi\/malaga-har-hogre-inflationen-an-det-spanska-genomsnittet\/#primaryimage"},"thumbnailUrl":"https:\/\/lightweb.dev\/l\/svm-temp\/wp-content\/uploads\/2024\/09\/2022-11-02-11.11.46-stor-1280x640-1.jpeg","articleSection":["Ekonomi","Nyheter"],"inLanguage":"sv-SE"},{"@type":"WebPage","@id":"https:\/\/lightweb.dev\/l\/svm-temp\/artiklar\/ekonomi\/malaga-har-hogre-inflationen-an-det-spanska-genomsnittet\/","url":"https:\/\/lightweb.dev\/l\/svm-temp\/artiklar\/ekonomi\/malaga-har-hogre-inflationen-an-det-spanska-genomsnittet\/","name":"M\u00e1laga har h\u00f6gre inflationen \u00e4n det spanska genomsnittet - Svenska Magasinet","isPartOf":{"@id":"https:\/\/lightweb.dev\/l\/svm-temp\/#website"},"primaryImageOfPage":{"@id":"https:\/\/lightweb.dev\/l\/svm-temp\/artiklar\/ekonomi\/malaga-har-hogre-inflationen-an-det-spanska-genomsnittet\/#primaryimage"},"image":{"@id":"https:\/\/lightweb.dev\/l\/svm-temp\/artiklar\/ekonomi\/malaga-har-hogre-inflationen-an-det-spanska-genomsnittet\/#primaryimage"},"thumbnailUrl":"https:\/\/lightweb.dev\/l\/svm-temp\/wp-content\/uploads\/2024\/09\/2022-11-02-11.11.46-stor-1280x640-1.jpeg","datePublished":"2024-09-13T11:20:16+00:00","breadcrumb":{"@id":"https:\/\/lightweb.dev\/l\/svm-temp\/artiklar\/ekonomi\/malaga-har-hogre-inflationen-an-det-spanska-genomsnittet\/#breadcrumb"},"inLanguage":"sv-SE","potentialAction":[{"@type":"ReadAction","target":["https:\/\/lightweb.dev\/l\/svm-temp\/artiklar\/ekonomi\/malaga-har-hogre-inflationen-an-det-spanska-genomsnittet\/"]}]},{"@type":"ImageObject","inLanguage":"sv-SE","@id":"https:\/\/lightweb.dev\/l\/svm-temp\/artiklar\/ekonomi\/malaga-har-hogre-inflationen-an-det-spanska-genomsnittet\/#primaryimage","url":"https:\/\/lightweb.dev\/l\/svm-temp\/wp-content\/uploads\/2024\/09\/2022-11-02-11.11.46-stor-1280x640-1.jpeg","contentUrl":"https:\/\/lightweb.dev\/l\/svm-temp\/wp-content\/uploads\/2024\/09\/2022-11-02-11.11.46-stor-1280x640-1.jpeg","width":1280,"height":640},{"@type":"BreadcrumbList","@id":"https:\/\/lightweb.dev\/l\/svm-temp\/artiklar\/ekonomi\/malaga-har-hogre-inflationen-an-det-spanska-genomsnittet\/#breadcrumb","itemListElement":[{"@type":"ListItem","position":1,"name":"Hem","item":"https:\/\/lightweb.dev\/l\/svm-temp\/"},{"@type":"ListItem","position":2,"name":"M\u00e1laga har h\u00f6gre inflationen \u00e4n det spanska genomsnittet"}]},{"@type":"WebSite","@id":"https:\/\/lightweb.dev\/l\/svm-temp\/#website","url":"https:\/\/lightweb.dev\/l\/svm-temp\/","name":"Svenska Magasinet","description":"Dina Spanska nyheter p&aring; Svenska","publisher":{"@id":"https:\/\/lightweb.dev\/l\/svm-temp\/#organization"},"potentialAction":[{"@type":"SearchAction","target":{"@type":"EntryPoint","urlTemplate":"https:\/\/lightweb.dev\/l\/svm-temp\/?s={search_term_string}"},"query-input":{"@type":"PropertyValueSpecification","valueRequired":true,"valueName":"search_term_string"}}],"inLanguage":"sv-SE"},{"@type":"Organization","@id":"https:\/\/lightweb.dev\/l\/svm-temp\/#organization","name":"Melkerson y Nott SL","alternateName":"Svenska Magasinet","url":"https:\/\/lightweb.dev\/l\/svm-temp\/","logo":{"@type":"ImageObject","inLanguage":"sv-SE","@id":"https:\/\/lightweb.dev\/l\/svm-temp\/#\/schema\/logo\/image\/","url":"https:\/\/lightweb.dev\/l\/svm-temp\/wp-content\/uploads\/2025\/02\/SvM-logo-Xtra-Centrerad-SVART.png","contentUrl":"https:\/\/lightweb.dev\/l\/svm-temp\/wp-content\/uploads\/2025\/02\/SvM-logo-Xtra-Centrerad-SVART.png","width":300,"height":99,"caption":"Melkerson y Nott SL"},"image":{"@id":"https:\/\/lightweb.dev\/l\/svm-temp\/#\/schema\/logo\/image\/"},"sameAs":["https:\/\/www.facebook.com\/svenskamagasinet","https:\/\/x.com\/SvenskaMagasine"]},{"@type":"Person","@id":"https:\/\/lightweb.dev\/l\/svm-temp\/#\/schema\/person\/caffe038990d25722f5a04a03c906a2b","name":"Robbie Eriksson","sameAs":["https:\/\/lightweb.dev\/l\/svm-temp"],"url":"https:\/\/lightweb.dev\/l\/svm-temp\/reporter\/robbie-eriksson\/"}]}},"_links":{"self":[{"href":"https:\/\/lightweb.dev\/l\/svm-temp\/wp-json\/wp\/v2\/posts\/74326","targetHints":{"allow":["GET"]}}],"collection":[{"href":"https:\/\/lightweb.dev\/l\/svm-temp\/wp-json\/wp\/v2\/posts"}],"about":[{"href":"https:\/\/lightweb.dev\/l\/svm-temp\/wp-json\/wp\/v2\/types\/post"}],"author":[{"embeddable":true,"href":"https:\/\/lightweb.dev\/l\/svm-temp\/wp-json\/wp\/v2\/users\/14"}],"replies":[{"embeddable":true,"href":"https:\/\/lightweb.dev\/l\/svm-temp\/wp-json\/wp\/v2\/comments?post=74326"}],"version-history":[{"count":0,"href":"https:\/\/lightweb.dev\/l\/svm-temp\/wp-json\/wp\/v2\/posts\/74326\/revisions"}],"wp:featuredmedia":[{"embeddable":true,"href":"https:\/\/lightweb.dev\/l\/svm-temp\/wp-json\/wp\/v2\/media\/74327"}],"wp:attachment":[{"href":"https:\/\/lightweb.dev\/l\/svm-temp\/wp-json\/wp\/v2\/media?parent=74326"}],"wp:term":[{"taxonomy":"category","embeddable":true,"href":"https:\/\/lightweb.dev\/l\/svm-temp\/wp-json\/wp\/v2\/categories?post=74326"},{"taxonomy":"post_tag","embeddable":true,"href":"https:\/\/lightweb.dev\/l\/svm-temp\/wp-json\/wp\/v2\/tags?post=74326"}],"curies":[{"name":"wp","href":"https:\/\/api.w.org\/{rel}","templated":true}]}}