{"id":74330,"date":"2024-09-13T15:23:53","date_gmt":"2024-09-13T13:23:53","guid":{"rendered":"https:\/\/lightweb.dev\/l\/svm-temp\/?p=74330"},"modified":"2024-09-13T15:27:37","modified_gmt":"2024-09-13T13:27:37","slug":"fler-valjer-kollektivtrafiken","status":"publish","type":"post","link":"https:\/\/lightweb.dev\/l\/svm-temp\/nyheter\/fler-valjer-kollektivtrafiken\/","title":{"rendered":"Fler v\u00e4ljer kollektivtrafiken"},"content":{"rendered":"<p><strong>Antalet anv\u00e4ndare av den spanska kollektivtrafiken \u00f6kade kraftigt under juli.\u00a0<\/strong><\/p>\n<p><strong>B\u00e5de p\u00e5 lokal niv\u00e5 och f\u00f6r l\u00e4ngre resor mellan st\u00e4der.\u00a0<\/strong><\/p>\n<p><span style=\"font-weight: 400;\">P\u00e5 grund av \u00f6kande antal alternativ och reor valde fler personer \u00e4n n\u00e5gonsin att resa med Spaniens h\u00f6ghastighetst\u00e5g under semesters\u00e4songen. Enligt det nationella institutet f\u00f6r statistik (INE) gjordes 3,65 miljoner t\u00e5gresor mellan landets st\u00e4der under juli m\u00e5nad, 23,5 procent fler \u00e4n samma period ifjol. Antalet resor med medeldistanst\u00e5g var samtidigt 6,6 miljoner, en \u00f6kning med 47,7 procent.\u00a0<\/span><\/p>\n<p><span style=\"font-weight: 400;\">T\u00e5gen var den typ av transportmedel som \u00f6kade mest i juli. Om man ser till hela j\u00e4rnv\u00e4gsn\u00e4tet betj\u00e4nade det 58,3 miljoner m\u00e4nniskor vilket motsvarar en \u00e5rlig \u00f6kning p\u00e5 12 procent.\u00a0<\/span><\/p>\n<p><span style=\"font-weight: 400;\">Uppgifterna fr\u00e5n INE visar ocks\u00e5 att lite mer \u00e4n 422 miljoner personer anv\u00e4nde sig av kollektivtrafiken under juli. Det \u00e4r 7,6 procent fler \u00e4n f\u00f6r ett \u00e5r sedan. 136 miljoner m\u00e4nniskor anv\u00e4nde sig av kollektiva f\u00e4rdmedel f\u00f6r att resa mellan st\u00e4der, \u00e4ven det en tydlig \u00f6kning p\u00e5 9,5 procent.\u00a0<\/span><\/p>\n<h2><span style=\"font-weight: 400;\">Bussar<\/span><\/h2>\n<p><span style=\"font-weight: 400;\">\u00c4ven busstrafiken mellan st\u00e4derna v\u00e4xer. Fler \u00e4n 2,2 miljoner passagerare valde bussen f\u00f6r l\u00e5ngdistansresor medan 714 miljoner bussresor gjordes totalt.\u00a0<\/span><\/p>\n<p><span style=\"font-weight: 400;\">Busstrafiken \u00f6kar mest i Extremadura (+24 procent), Murcia (+23,1) och Castilla y Leon (+19,4). Den enda regionen d\u00e4r f\u00e4rre v\u00e4ljer att \u00e5ka buss \u00e4r Madrid d\u00e4r siffran minskade med 3 procent.\u00a0<\/span><\/p>\n<p><span style=\"font-weight: 400;\">INEs uppgifter visar ocks\u00e5 att tunnelbanan v\u00e4xer i alla st\u00e4der d\u00e4r det finns. Den st\u00f6rsta \u00f6kningen var i M\u00e1laga (+29,9 procent) medan Barcelona \u00f6kade minst (+7,6).<\/span><\/p>\n<p><span style=\"font-weight: 400;\">Det gjordes \u00e4ven 4,8 miljoner inrikesflygningar i Spanien under m\u00e5naden vilket \u00e4r 3,3 procent fler \u00e4n 2023. <\/span><\/p>\n","protected":false},"excerpt":{"rendered":"<p>Antalet anv\u00e4ndare av den spanska kollektivtrafiken \u00f6kade kraftigt under juli.\u00a0B\u00e5de p\u00e5 lokal niv\u00e5 och f\u00f6r l\u00e4ngre resor mellan st\u00e4der.\u00a0<\/p>\n","protected":false},"author":14,"featured_media":70668,"comment_status":"closed","ping_status":"closed","sticky":false,"template":"","format":"standard","meta":{"_et_pb_use_builder":"","_et_pb_old_content":"","_et_gb_content_width":"","footnotes":""},"categories":[395,3],"tags":[],"class_list":["post-74330","post","type-post","status-publish","format-standard","has-post-thumbnail","hentry","category-arkiv-nyheter","category-nyheter"],"yoast_head":"<!-- This site is optimized with the Yoast SEO Premium plugin v26.2 (Yoast SEO v27.4) - https:\/\/yoast.com\/product\/yoast-seo-premium-wordpress\/ -->\n<title>Fler v\u00e4ljer kollektivtrafiken - Svenska Magasinet<\/title>\n<meta name=\"robots\" content=\"noindex, follow, max-snippet:-1, max-image-preview:large, max-video-preview:-1\" \/>\n<meta property=\"og:locale\" content=\"sv_SE\" \/>\n<meta property=\"og:type\" content=\"article\" \/>\n<meta property=\"og:title\" content=\"Fler v\u00e4ljer kollektivtrafiken\" \/>\n<meta property=\"og:description\" content=\"Antalet anv\u00e4ndare av den spanska kollektivtrafiken \u00f6kade kraftigt under juli.\u00a0B\u00e5de p\u00e5 lokal niv\u00e5 och f\u00f6r l\u00e4ngre resor mellan st\u00e4der.\u00a0\" \/>\n<meta property=\"og:url\" content=\"https:\/\/lightweb.dev\/l\/svm-temp\/nyheter\/fler-valjer-kollektivtrafiken\/\" \/>\n<meta property=\"og:site_name\" content=\"Svenska Magasinet\" \/>\n<meta property=\"article:publisher\" content=\"https:\/\/www.facebook.com\/svenskamagasinet\" \/>\n<meta property=\"article:published_time\" content=\"2024-09-13T13:23:53+00:00\" \/>\n<meta property=\"article:modified_time\" content=\"2024-09-13T13:27:37+00:00\" \/>\n<meta property=\"og:image\" content=\"https:\/\/lightweb.dev\/l\/svm-temp\/wp-content\/uploads\/2024\/03\/hoghastighetstag.webp\" \/>\n\t<meta property=\"og:image:width\" content=\"1200\" \/>\n\t<meta property=\"og:image:height\" content=\"840\" \/>\n\t<meta property=\"og:image:type\" content=\"image\/webp\" \/>\n<meta name=\"author\" content=\"Robbie Eriksson\" \/>\n<meta name=\"twitter:card\" content=\"summary_large_image\" \/>\n<meta name=\"twitter:creator\" content=\"@SvenskaMagasine\" \/>\n<meta name=\"twitter:site\" content=\"@SvenskaMagasine\" \/>\n<script type=\"application\/ld+json\" class=\"yoast-schema-graph\">{\"@context\":\"https:\\\/\\\/schema.org\",\"@graph\":[{\"@type\":\"Article\",\"@id\":\"https:\\\/\\\/lightweb.dev\\\/l\\\/svm-temp\\\/nyheter\\\/fler-valjer-kollektivtrafiken\\\/#article\",\"isPartOf\":{\"@id\":\"https:\\\/\\\/lightweb.dev\\\/l\\\/svm-temp\\\/nyheter\\\/fler-valjer-kollektivtrafiken\\\/\"},\"author\":{\"name\":\"Robbie Eriksson\",\"@id\":\"https:\\\/\\\/lightweb.dev\\\/l\\\/svm-temp\\\/#\\\/schema\\\/person\\\/caffe038990d25722f5a04a03c906a2b\"},\"headline\":\"Fler v\u00e4ljer kollektivtrafiken\",\"datePublished\":\"2024-09-13T13:23:53+00:00\",\"dateModified\":\"2024-09-13T13:27:37+00:00\",\"mainEntityOfPage\":{\"@id\":\"https:\\\/\\\/lightweb.dev\\\/l\\\/svm-temp\\\/nyheter\\\/fler-valjer-kollektivtrafiken\\\/\"},\"wordCount\":276,\"publisher\":{\"@id\":\"https:\\\/\\\/lightweb.dev\\\/l\\\/svm-temp\\\/#organization\"},\"image\":{\"@id\":\"https:\\\/\\\/lightweb.dev\\\/l\\\/svm-temp\\\/nyheter\\\/fler-valjer-kollektivtrafiken\\\/#primaryimage\"},\"thumbnailUrl\":\"https:\\\/\\\/lightweb.dev\\\/l\\\/svm-temp\\\/wp-content\\\/uploads\\\/2024\\\/03\\\/hoghastighetstag.webp\",\"articleSection\":[\"Arkiv\",\"Nyheter\"],\"inLanguage\":\"sv-SE\"},{\"@type\":\"WebPage\",\"@id\":\"https:\\\/\\\/lightweb.dev\\\/l\\\/svm-temp\\\/nyheter\\\/fler-valjer-kollektivtrafiken\\\/\",\"url\":\"https:\\\/\\\/lightweb.dev\\\/l\\\/svm-temp\\\/nyheter\\\/fler-valjer-kollektivtrafiken\\\/\",\"name\":\"Fler v\u00e4ljer kollektivtrafiken - Svenska Magasinet\",\"isPartOf\":{\"@id\":\"https:\\\/\\\/lightweb.dev\\\/l\\\/svm-temp\\\/#website\"},\"primaryImageOfPage\":{\"@id\":\"https:\\\/\\\/lightweb.dev\\\/l\\\/svm-temp\\\/nyheter\\\/fler-valjer-kollektivtrafiken\\\/#primaryimage\"},\"image\":{\"@id\":\"https:\\\/\\\/lightweb.dev\\\/l\\\/svm-temp\\\/nyheter\\\/fler-valjer-kollektivtrafiken\\\/#primaryimage\"},\"thumbnailUrl\":\"https:\\\/\\\/lightweb.dev\\\/l\\\/svm-temp\\\/wp-content\\\/uploads\\\/2024\\\/03\\\/hoghastighetstag.webp\",\"datePublished\":\"2024-09-13T13:23:53+00:00\",\"dateModified\":\"2024-09-13T13:27:37+00:00\",\"breadcrumb\":{\"@id\":\"https:\\\/\\\/lightweb.dev\\\/l\\\/svm-temp\\\/nyheter\\\/fler-valjer-kollektivtrafiken\\\/#breadcrumb\"},\"inLanguage\":\"sv-SE\",\"potentialAction\":[{\"@type\":\"ReadAction\",\"target\":[\"https:\\\/\\\/lightweb.dev\\\/l\\\/svm-temp\\\/nyheter\\\/fler-valjer-kollektivtrafiken\\\/\"]}]},{\"@type\":\"ImageObject\",\"inLanguage\":\"sv-SE\",\"@id\":\"https:\\\/\\\/lightweb.dev\\\/l\\\/svm-temp\\\/nyheter\\\/fler-valjer-kollektivtrafiken\\\/#primaryimage\",\"url\":\"https:\\\/\\\/lightweb.dev\\\/l\\\/svm-temp\\\/wp-content\\\/uploads\\\/2024\\\/03\\\/hoghastighetstag.webp\",\"contentUrl\":\"https:\\\/\\\/lightweb.dev\\\/l\\\/svm-temp\\\/wp-content\\\/uploads\\\/2024\\\/03\\\/hoghastighetstag.webp\",\"width\":1200,\"height\":840,\"caption\":\"(Bild: EFE)\"},{\"@type\":\"BreadcrumbList\",\"@id\":\"https:\\\/\\\/lightweb.dev\\\/l\\\/svm-temp\\\/nyheter\\\/fler-valjer-kollektivtrafiken\\\/#breadcrumb\",\"itemListElement\":[{\"@type\":\"ListItem\",\"position\":1,\"name\":\"Hem\",\"item\":\"https:\\\/\\\/lightweb.dev\\\/l\\\/svm-temp\\\/\"},{\"@type\":\"ListItem\",\"position\":2,\"name\":\"Fler v\u00e4ljer kollektivtrafiken\"}]},{\"@type\":\"WebSite\",\"@id\":\"https:\\\/\\\/lightweb.dev\\\/l\\\/svm-temp\\\/#website\",\"url\":\"https:\\\/\\\/lightweb.dev\\\/l\\\/svm-temp\\\/\",\"name\":\"Svenska Magasinet\",\"description\":\"Dina Spanska nyheter p&aring; Svenska\",\"publisher\":{\"@id\":\"https:\\\/\\\/lightweb.dev\\\/l\\\/svm-temp\\\/#organization\"},\"potentialAction\":[{\"@type\":\"SearchAction\",\"target\":{\"@type\":\"EntryPoint\",\"urlTemplate\":\"https:\\\/\\\/lightweb.dev\\\/l\\\/svm-temp\\\/?s={search_term_string}\"},\"query-input\":{\"@type\":\"PropertyValueSpecification\",\"valueRequired\":true,\"valueName\":\"search_term_string\"}}],\"inLanguage\":\"sv-SE\"},{\"@type\":\"Organization\",\"@id\":\"https:\\\/\\\/lightweb.dev\\\/l\\\/svm-temp\\\/#organization\",\"name\":\"Melkerson y Nott SL\",\"alternateName\":\"Svenska Magasinet\",\"url\":\"https:\\\/\\\/lightweb.dev\\\/l\\\/svm-temp\\\/\",\"logo\":{\"@type\":\"ImageObject\",\"inLanguage\":\"sv-SE\",\"@id\":\"https:\\\/\\\/lightweb.dev\\\/l\\\/svm-temp\\\/#\\\/schema\\\/logo\\\/image\\\/\",\"url\":\"https:\\\/\\\/lightweb.dev\\\/l\\\/svm-temp\\\/wp-content\\\/uploads\\\/2025\\\/02\\\/SvM-logo-Xtra-Centrerad-SVART.png\",\"contentUrl\":\"https:\\\/\\\/lightweb.dev\\\/l\\\/svm-temp\\\/wp-content\\\/uploads\\\/2025\\\/02\\\/SvM-logo-Xtra-Centrerad-SVART.png\",\"width\":300,\"height\":99,\"caption\":\"Melkerson y Nott SL\"},\"image\":{\"@id\":\"https:\\\/\\\/lightweb.dev\\\/l\\\/svm-temp\\\/#\\\/schema\\\/logo\\\/image\\\/\"},\"sameAs\":[\"https:\\\/\\\/www.facebook.com\\\/svenskamagasinet\",\"https:\\\/\\\/x.com\\\/SvenskaMagasine\"]},{\"@type\":\"Person\",\"@id\":\"https:\\\/\\\/lightweb.dev\\\/l\\\/svm-temp\\\/#\\\/schema\\\/person\\\/caffe038990d25722f5a04a03c906a2b\",\"name\":\"Robbie Eriksson\",\"sameAs\":[\"https:\\\/\\\/lightweb.dev\\\/l\\\/svm-temp\"],\"url\":\"https:\\\/\\\/lightweb.dev\\\/l\\\/svm-temp\\\/reporter\\\/robbie-eriksson\\\/\"}]}<\/script>\n<!-- \/ Yoast SEO Premium plugin. -->","yoast_head_json":{"title":"Fler v\u00e4ljer kollektivtrafiken - Svenska Magasinet","robots":{"index":"noindex","follow":"follow","max-snippet":"max-snippet:-1","max-image-preview":"max-image-preview:large","max-video-preview":"max-video-preview:-1"},"og_locale":"sv_SE","og_type":"article","og_title":"Fler v\u00e4ljer kollektivtrafiken","og_description":"Antalet anv\u00e4ndare av den spanska kollektivtrafiken \u00f6kade kraftigt under juli.\u00a0B\u00e5de p\u00e5 lokal niv\u00e5 och f\u00f6r l\u00e4ngre resor mellan st\u00e4der.\u00a0","og_url":"https:\/\/lightweb.dev\/l\/svm-temp\/nyheter\/fler-valjer-kollektivtrafiken\/","og_site_name":"Svenska Magasinet","article_publisher":"https:\/\/www.facebook.com\/svenskamagasinet","article_published_time":"2024-09-13T13:23:53+00:00","article_modified_time":"2024-09-13T13:27:37+00:00","og_image":[{"width":1200,"height":840,"url":"https:\/\/lightweb.dev\/l\/svm-temp\/wp-content\/uploads\/2024\/03\/hoghastighetstag.webp","type":"image\/webp"}],"author":"Robbie Eriksson","twitter_card":"summary_large_image","twitter_creator":"@SvenskaMagasine","twitter_site":"@SvenskaMagasine","schema":{"@context":"https:\/\/schema.org","@graph":[{"@type":"Article","@id":"https:\/\/lightweb.dev\/l\/svm-temp\/nyheter\/fler-valjer-kollektivtrafiken\/#article","isPartOf":{"@id":"https:\/\/lightweb.dev\/l\/svm-temp\/nyheter\/fler-valjer-kollektivtrafiken\/"},"author":{"name":"Robbie Eriksson","@id":"https:\/\/lightweb.dev\/l\/svm-temp\/#\/schema\/person\/caffe038990d25722f5a04a03c906a2b"},"headline":"Fler v\u00e4ljer kollektivtrafiken","datePublished":"2024-09-13T13:23:53+00:00","dateModified":"2024-09-13T13:27:37+00:00","mainEntityOfPage":{"@id":"https:\/\/lightweb.dev\/l\/svm-temp\/nyheter\/fler-valjer-kollektivtrafiken\/"},"wordCount":276,"publisher":{"@id":"https:\/\/lightweb.dev\/l\/svm-temp\/#organization"},"image":{"@id":"https:\/\/lightweb.dev\/l\/svm-temp\/nyheter\/fler-valjer-kollektivtrafiken\/#primaryimage"},"thumbnailUrl":"https:\/\/lightweb.dev\/l\/svm-temp\/wp-content\/uploads\/2024\/03\/hoghastighetstag.webp","articleSection":["Arkiv","Nyheter"],"inLanguage":"sv-SE"},{"@type":"WebPage","@id":"https:\/\/lightweb.dev\/l\/svm-temp\/nyheter\/fler-valjer-kollektivtrafiken\/","url":"https:\/\/lightweb.dev\/l\/svm-temp\/nyheter\/fler-valjer-kollektivtrafiken\/","name":"Fler v\u00e4ljer kollektivtrafiken - Svenska Magasinet","isPartOf":{"@id":"https:\/\/lightweb.dev\/l\/svm-temp\/#website"},"primaryImageOfPage":{"@id":"https:\/\/lightweb.dev\/l\/svm-temp\/nyheter\/fler-valjer-kollektivtrafiken\/#primaryimage"},"image":{"@id":"https:\/\/lightweb.dev\/l\/svm-temp\/nyheter\/fler-valjer-kollektivtrafiken\/#primaryimage"},"thumbnailUrl":"https:\/\/lightweb.dev\/l\/svm-temp\/wp-content\/uploads\/2024\/03\/hoghastighetstag.webp","datePublished":"2024-09-13T13:23:53+00:00","dateModified":"2024-09-13T13:27:37+00:00","breadcrumb":{"@id":"https:\/\/lightweb.dev\/l\/svm-temp\/nyheter\/fler-valjer-kollektivtrafiken\/#breadcrumb"},"inLanguage":"sv-SE","potentialAction":[{"@type":"ReadAction","target":["https:\/\/lightweb.dev\/l\/svm-temp\/nyheter\/fler-valjer-kollektivtrafiken\/"]}]},{"@type":"ImageObject","inLanguage":"sv-SE","@id":"https:\/\/lightweb.dev\/l\/svm-temp\/nyheter\/fler-valjer-kollektivtrafiken\/#primaryimage","url":"https:\/\/lightweb.dev\/l\/svm-temp\/wp-content\/uploads\/2024\/03\/hoghastighetstag.webp","contentUrl":"https:\/\/lightweb.dev\/l\/svm-temp\/wp-content\/uploads\/2024\/03\/hoghastighetstag.webp","width":1200,"height":840,"caption":"(Bild: EFE)"},{"@type":"BreadcrumbList","@id":"https:\/\/lightweb.dev\/l\/svm-temp\/nyheter\/fler-valjer-kollektivtrafiken\/#breadcrumb","itemListElement":[{"@type":"ListItem","position":1,"name":"Hem","item":"https:\/\/lightweb.dev\/l\/svm-temp\/"},{"@type":"ListItem","position":2,"name":"Fler v\u00e4ljer kollektivtrafiken"}]},{"@type":"WebSite","@id":"https:\/\/lightweb.dev\/l\/svm-temp\/#website","url":"https:\/\/lightweb.dev\/l\/svm-temp\/","name":"Svenska Magasinet","description":"Dina Spanska nyheter p&aring; Svenska","publisher":{"@id":"https:\/\/lightweb.dev\/l\/svm-temp\/#organization"},"potentialAction":[{"@type":"SearchAction","target":{"@type":"EntryPoint","urlTemplate":"https:\/\/lightweb.dev\/l\/svm-temp\/?s={search_term_string}"},"query-input":{"@type":"PropertyValueSpecification","valueRequired":true,"valueName":"search_term_string"}}],"inLanguage":"sv-SE"},{"@type":"Organization","@id":"https:\/\/lightweb.dev\/l\/svm-temp\/#organization","name":"Melkerson y Nott SL","alternateName":"Svenska Magasinet","url":"https:\/\/lightweb.dev\/l\/svm-temp\/","logo":{"@type":"ImageObject","inLanguage":"sv-SE","@id":"https:\/\/lightweb.dev\/l\/svm-temp\/#\/schema\/logo\/image\/","url":"https:\/\/lightweb.dev\/l\/svm-temp\/wp-content\/uploads\/2025\/02\/SvM-logo-Xtra-Centrerad-SVART.png","contentUrl":"https:\/\/lightweb.dev\/l\/svm-temp\/wp-content\/uploads\/2025\/02\/SvM-logo-Xtra-Centrerad-SVART.png","width":300,"height":99,"caption":"Melkerson y Nott SL"},"image":{"@id":"https:\/\/lightweb.dev\/l\/svm-temp\/#\/schema\/logo\/image\/"},"sameAs":["https:\/\/www.facebook.com\/svenskamagasinet","https:\/\/x.com\/SvenskaMagasine"]},{"@type":"Person","@id":"https:\/\/lightweb.dev\/l\/svm-temp\/#\/schema\/person\/caffe038990d25722f5a04a03c906a2b","name":"Robbie Eriksson","sameAs":["https:\/\/lightweb.dev\/l\/svm-temp"],"url":"https:\/\/lightweb.dev\/l\/svm-temp\/reporter\/robbie-eriksson\/"}]}},"_links":{"self":[{"href":"https:\/\/lightweb.dev\/l\/svm-temp\/wp-json\/wp\/v2\/posts\/74330","targetHints":{"allow":["GET"]}}],"collection":[{"href":"https:\/\/lightweb.dev\/l\/svm-temp\/wp-json\/wp\/v2\/posts"}],"about":[{"href":"https:\/\/lightweb.dev\/l\/svm-temp\/wp-json\/wp\/v2\/types\/post"}],"author":[{"embeddable":true,"href":"https:\/\/lightweb.dev\/l\/svm-temp\/wp-json\/wp\/v2\/users\/14"}],"replies":[{"embeddable":true,"href":"https:\/\/lightweb.dev\/l\/svm-temp\/wp-json\/wp\/v2\/comments?post=74330"}],"version-history":[{"count":0,"href":"https:\/\/lightweb.dev\/l\/svm-temp\/wp-json\/wp\/v2\/posts\/74330\/revisions"}],"wp:featuredmedia":[{"embeddable":true,"href":"https:\/\/lightweb.dev\/l\/svm-temp\/wp-json\/wp\/v2\/media\/70668"}],"wp:attachment":[{"href":"https:\/\/lightweb.dev\/l\/svm-temp\/wp-json\/wp\/v2\/media?parent=74330"}],"wp:term":[{"taxonomy":"category","embeddable":true,"href":"https:\/\/lightweb.dev\/l\/svm-temp\/wp-json\/wp\/v2\/categories?post=74330"},{"taxonomy":"post_tag","embeddable":true,"href":"https:\/\/lightweb.dev\/l\/svm-temp\/wp-json\/wp\/v2\/tags?post=74330"}],"curies":[{"name":"wp","href":"https:\/\/api.w.org\/{rel}","templated":true}]}}