{"id":74339,"date":"2024-09-15T11:19:45","date_gmt":"2024-09-15T09:19:45","guid":{"rendered":"https:\/\/lightweb.dev\/l\/svm-temp\/?p=74339"},"modified":"2024-09-15T11:31:55","modified_gmt":"2024-09-15T09:31:55","slug":"tio-diplomatiska-konflikter-med-sanchezregeringen","status":"publish","type":"post","link":"https:\/\/lightweb.dev\/l\/svm-temp\/nyheter\/tio-diplomatiska-konflikter-med-sanchezregeringen\/","title":{"rendered":"Tio diplomatiska konflikter med S\u00e1nchezregeringen"},"content":{"rendered":"<p><strong>Hj\u00e4lper Spanien Venezuela att bli av med en oppositionspolitiker eller hj\u00e4lper Spanien oppositionen? Och \u00e4r Venezuela en diktatur?<\/strong><\/p>\n<p><strong>Den spanska utrikespolitiken skapar en del fr\u00e5gor.<\/strong><\/p>\n<p>Tidigare i veckan sa Venezuelas vicepresident Delcy Rodr\u00edguez att Spanien inte har \u201dr\u00e4ddat\u201d oppositionspolitikern Edmundo Gonz\u00e1lez Urrutia n\u00e4r denne kom till Spanien. Han flydde inte, betonade Rodr\u00edguez, utan fick resa efter f\u00f6rhandlingar med den spanska regeringen.<\/p>\n<h2 class=\"entry-title\">L\u00e4s mer: <a href=\"https:\/\/lightweb.dev\/l\/svm-temp\/nyheter\/120-000-venezuelaner-har-sokt-asyl-sedan-2018\/\">120.000 venezuelaner har s\u00f6kt asyl sedan 2018<\/a><\/h2>\n<p>D\u00e5 hade den spanske utrikesministern Jos\u00e9 Manuel Albares beskrivit Gonz\u00e1lez resa till Spanien som ett resultat av den spanska regeringens insatser vilket man hoppades skulle ge appl\u00e5der.<\/p>\n<h2>Ny version<\/h2>\n<p>I efterhand har Albares kommit med en ny version att myndigheterna gav tillst\u00e5nd f\u00f6r Edmundo Gonz\u00e1lez plan att landa i Madrid. Gonz\u00e1lez hade dessf\u00f6rinnan uppeh\u00e5llet sig p\u00e5 Nederl\u00e4ndernas ambassad och inte p\u00e5 Spaniens som det f\u00f6rst sades.<\/p>\n<p>Den gamle sosseledaren i Spanien, Jos\u00e9 Luis Rodr\u00edguez Zapatero, som har haft n\u00e4ra relationer med Nicol\u00e1s Maduro ska ha varit n\u00e5gon form av medlare. F\u00f6r att hj\u00e4lpa Maduro f\u00f6r att bli av med en oppositionsledare eller f\u00f6r att hj\u00e4lpa Edmundo Gonz\u00e1lez att l\u00e4mna Venezuela, ja h\u00e4r g\u00e5r \u00e5sikterna is\u00e4r.<\/p>\n<p class=\"v-a-t\">Leopoldo L\u00f3pez Gil, en tidigare oppositionspolitiker i Venezuela och EU-ledamot s\u00e4ger i en intervju p\u00e5 s\u00f6ndagen i <a href=\"https:\/\/www.diariosur.es\/nacional\/leopoldo-lopez-papel-zapatero-polemico-identifica-intereses-20240913000100-virc.html\">Diario Sur<\/a> att &#8221;Zapateros roll \u00e4r mycket kontroversiell, han identifierar sig med Maduros intressen.<\/p>\n<p class=\"v-a-t\">Att f\u00e5 i v\u00e4g obekv\u00e4ma oppositionspolitiker fr\u00e5n Venezuela \u00e4r n\u00e5got som regimen d\u00e4r tidigare har prioriterat.<\/p>\n<h2>Nederlag<\/h2>\n<p>Den spanske oppositionsledaren Alberto Nu\u00f1ez Feijoo fick igenom i veckan att kongressen skulle r\u00f6sta f\u00f6r att Edmundo Gonz\u00e1lez \u00e4r Venezuelas valde president och att valet den 28 juli var fusk.<\/p>\n<p>Med st\u00f6d av de annars S\u00e1nchezv\u00e4nliga regionala partierna PNV och Coalici\u00f3n Canaria r\u00f6stade kongressen ja till f\u00f6rslaget som var ett nederlag f\u00f6r S\u00e1nchez och flera av dess st\u00f6dpartier p\u00e5 yttersta v\u00e4nsterkanten.<\/p>\n<p>Den som har st\u00e5tt upp \u00e4r f\u00f6rsvarsministern Margarita Robles som i veckan kallade Venezuela f\u00f6r en diktatur. Det har i sin tur bidragit till en ny diplomatisk konflikt mellan Venezuela och Spanien.<\/p>\n<p>Omkring 400.000 venezuelaner lever i Spanien varav flera oppositionspolitiker.<\/p>\n<h2>H\u00e4r \u00e4r samtliga diplomatiska konflikter sedan 2019<\/h2>\n<p><strong>December 2019, Bolivia<\/strong><\/p>\n<p>Regeringen i Bolivia \u00f6nskar de tv\u00e5 spanska diplomaterna Cristina Borreguero och \u00c1lvaro Fern\u00e1ndez som icke \u00f6nskv\u00e4rda, \u201dnon gratas\u201d, anklagats f\u00f6r att ha f\u00f6rs\u00f6kt smuggla ut ex-presidenten Evo Morales tidigare regeringsministrar som tagit sin tillflykt till Mexikos ambassad i La Paz. Spanien svarade med att \u00f6nska tre bolivianska diplomater som icke \u00f6nskv\u00e4rda.<\/p>\n<p><strong>Februari 2020, Marocko<\/strong><\/p>\n<p>Vice regeringschefen Pablo Iglesias och statssekreteraren i socialdepartementet, Nacho \u00c1lvarez, tog emot Suilma Hay Emhamed Salem, \u201dsocialminister\u201d i Saharawi Arab Democratic Republic (SADR), i V\u00e4stsahara, en stat som Spanien officiellt erk\u00e4nner, vilket bidrog till att Marocko surnade till.<\/p>\n<p><strong>November 2020 Marocko<\/strong><\/p>\n<p>Pablo Iglesias twittrar om att det utan dr\u00f6jsm\u00e5l b\u00f6r h\u00e5llas en fri, r\u00e4ttvis och opartisk folkomr\u00f6stning V\u00e4stsaharas sj\u00e4lvbest\u00e4mmande. En tweet som v\u00e4ckte ilska i Marocko, som v\u00e4grade tr\u00e4ffa Pedro S\u00e1nchez i december.<\/p>\n<p><strong>April 2021 Marocko<\/strong><\/p>\n<p>V\u00e4stsaharas befrielser\u00f6relse Polisario och ledaren Brahim Ghali landade p\u00e5 milit\u00e4rbasen i Zaragoza den 18 april med ett sjukv\u00e5rdsplan fr\u00e5n Algeriet. Senare lades han in p\u00e5 sjukhuset San Pedro de Logro\u00f1o under falskt namn.<\/p>\n<p><strong>Februari 2022 Mexiko<\/strong><\/p>\n<p>I b\u00f6rjan av 2022 tryckte Mexikos president Juan Manuel L\u00f3pez Obrador p\u00e5 pausknappen f\u00f6r de diplomatiska f\u00f6rbindelserna mellan b\u00e5da l\u00e4nderna. Den diplomatiska nedkylningen varade i m\u00e5nader med kraftiga ordalag fr\u00e5n den mexikanske presidenten d\u00e4r han attackerade kung Felipe VI, regeringen i Pedro S\u00e1nchez och \u201dplundringen\u201d som spanska f\u00f6retag utf\u00f6r.<\/p>\n<p><strong>Mars 2022 Algeriet<\/strong><\/p>\n<p>Den bilaterala krisen b\u00f6rjade i mars 2022 efter brevet fr\u00e5n Pedro S\u00e1nchez till kungen av Marocko, Mohamed VI, d\u00e4r han var positiv till en autonom plan f\u00f6r Sahara och indirekt sa att V\u00e4stsahara tillh\u00f6r Marocko. Algeriets president, Abdelmajid Tebboune, beordrade att Said Moussi, hans ambassad\u00f6r i Spanien skulle kallas hem. Algeriet g\u00f6r ocks\u00e5 anspr\u00e5k p\u00e5 V\u00e4stsahara.<\/p>\n<p><strong>November 2023 Israel<\/strong><\/p>\n<p>Israel kallar hem sin ambassad\u00f6r i Madrid f\u00f6r samr\u00e5d och f\u00f6rv\u00e4rrar den diplomatiska krisen med Spanien. Benjamin Netanyahus regering beskrivs som \u201dskamlig\u201d och S\u00e1nchez uttrycker \u201duppriktiga tvivel\u201d om att offensiven mot Gaza respekterar internationell humanit\u00e4r r\u00e4tt.<\/p>\n<p><strong>December 2023 Italien<\/strong><\/p>\n<p>Den spanska regeringschefen Pedro S\u00e1nchez viftar med det r\u00f6rda korten och s\u00e4ger att i Italien \u00e4r det extremh\u00f6gern som styr. Med uttalandet p\u00e5 spansk statstelevision \u00f6ppnade Pedro S\u00e1nchez en ny diplomatisk konflikt. Italiens vicepresident och utrikesminister Antonio Tajani svarade med viss ilska och ifr\u00e5gasatte om r\u00e4ttsstatsprincipen respekteras i Spanien. Italienska medier talade om en diplomatisk kris, \u00e4ven om sp\u00e4nningen inte eskalerade.<\/p>\n<p><strong>Maj 2024 Argentina<\/strong><\/p>\n<p>I maj spr\u00e4ngdes broarna mellan Madrid och Buenos Aires efter att transportministern \u00d3scar Puente antytt att Milei intagit \u201d\u00e4mnen\u201d. N\u00e5gra anklagelser som regeringen i Argentina att g\u00e5 i taket och som i sin tur riktade anklagelser mot S\u00e1nchezregeringens uppg\u00f6relser med katalanska separatister.<\/p>\n<p><strong>Maj 2024 Israel<\/strong><\/p>\n<p>I maj godk\u00e4nde den spanska regeringen Palestina som en stat. De f\u00f6rs\u00e4mrade diplomatiska banden med Tel Aviv f\u00f6rsvagades ytterligare efter att ytterv\u00e4nsteralliansen Sumars partiledare och landets andre vice regeringschef Yolanda D\u00edaz sagt att hon vill se en palestinsk stat i frihet \u201dfr\u00e5n floden till havet\u201d, en gammal proklamation om ett nytt arabiskt land som str\u00e4ckte sig fr\u00e5n Jordanien till Medelhavet.<\/p>\n","protected":false},"excerpt":{"rendered":"<p>Hj\u00e4lper Spanien Venezuela att bli av med en oppositionspolitiker eller hj\u00e4lper Spanien oppositionen? Och \u00e4r Venezuela en diktatur? Den spanska utrikespolitiken skapar en del fr\u00e5gor&#8230;<\/p>\n","protected":false},"author":7,"featured_media":72110,"comment_status":"closed","ping_status":"closed","sticky":false,"template":"","format":"standard","meta":{"_et_pb_use_builder":"","_et_pb_old_content":"","_et_gb_content_width":"","footnotes":""},"categories":[395,3],"tags":[],"class_list":["post-74339","post","type-post","status-publish","format-standard","has-post-thumbnail","hentry","category-arkiv-nyheter","category-nyheter"],"yoast_head":"<!-- This site is optimized with the Yoast SEO Premium plugin v26.2 (Yoast SEO v27.4) - https:\/\/yoast.com\/product\/yoast-seo-premium-wordpress\/ -->\n<title>Tio diplomatiska konflikter med S\u00e1nchezregeringen - Svenska Magasinet<\/title>\n<meta name=\"description\" content=\"Hj\u00e4lper Spanien Venezuela att bli av med en oppositionspolitiker eller hj\u00e4lper Spanien oppositionen? Och \u00e4r Venezuela en diktatur? Den spanska utrikespolitiken skapar en del fr\u00e5gor.\" \/>\n<meta name=\"robots\" content=\"noindex, follow, max-snippet:-1, max-image-preview:large, max-video-preview:-1\" \/>\n<meta property=\"og:locale\" content=\"sv_SE\" \/>\n<meta property=\"og:type\" content=\"article\" \/>\n<meta property=\"og:title\" content=\"Tio diplomatiska konflikter med S\u00e1nchezregeringen\" \/>\n<meta property=\"og:description\" content=\"Hj\u00e4lper Spanien Venezuela att bli av med en oppositionspolitiker eller hj\u00e4lper Spanien oppositionen? Och \u00e4r Venezuela en diktatur? Den spanska utrikespolitiken skapar en del fr\u00e5gor.\" \/>\n<meta property=\"og:url\" content=\"https:\/\/lightweb.dev\/l\/svm-temp\/nyheter\/tio-diplomatiska-konflikter-med-sanchezregeringen\/\" \/>\n<meta property=\"og:site_name\" content=\"Svenska Magasinet\" \/>\n<meta property=\"article:publisher\" content=\"https:\/\/www.facebook.com\/svenskamagasinet\" \/>\n<meta property=\"article:published_time\" content=\"2024-09-15T09:19:45+00:00\" \/>\n<meta property=\"article:modified_time\" content=\"2024-09-15T09:31:55+00:00\" \/>\n<meta property=\"og:image\" content=\"https:\/\/lightweb.dev\/l\/svm-temp\/wp-content\/uploads\/2024\/05\/Skarmavbild-2024-05-22-kl.-10.25.05-stor.jpeg\" \/>\n\t<meta property=\"og:image:width\" content=\"1280\" \/>\n\t<meta property=\"og:image:height\" content=\"640\" \/>\n\t<meta property=\"og:image:type\" content=\"image\/jpeg\" \/>\n<meta name=\"author\" content=\"Ola Josefsson\" \/>\n<meta name=\"twitter:card\" content=\"summary_large_image\" \/>\n<meta name=\"twitter:creator\" content=\"@SvenskaMagasine\" \/>\n<meta name=\"twitter:site\" content=\"@SvenskaMagasine\" \/>\n<script type=\"application\/ld+json\" class=\"yoast-schema-graph\">{\"@context\":\"https:\\\/\\\/schema.org\",\"@graph\":[{\"@type\":\"Article\",\"@id\":\"https:\\\/\\\/lightweb.dev\\\/l\\\/svm-temp\\\/nyheter\\\/tio-diplomatiska-konflikter-med-sanchezregeringen\\\/#article\",\"isPartOf\":{\"@id\":\"https:\\\/\\\/lightweb.dev\\\/l\\\/svm-temp\\\/nyheter\\\/tio-diplomatiska-konflikter-med-sanchezregeringen\\\/\"},\"author\":{\"name\":\"Ola Josefsson\",\"@id\":\"https:\\\/\\\/lightweb.dev\\\/l\\\/svm-temp\\\/#\\\/schema\\\/person\\\/7a82b8a73d171d32360a564b6d03508e\"},\"headline\":\"Tio diplomatiska konflikter med S\u00e1nchezregeringen\",\"datePublished\":\"2024-09-15T09:19:45+00:00\",\"dateModified\":\"2024-09-15T09:31:55+00:00\",\"mainEntityOfPage\":{\"@id\":\"https:\\\/\\\/lightweb.dev\\\/l\\\/svm-temp\\\/nyheter\\\/tio-diplomatiska-konflikter-med-sanchezregeringen\\\/\"},\"wordCount\":958,\"publisher\":{\"@id\":\"https:\\\/\\\/lightweb.dev\\\/l\\\/svm-temp\\\/#organization\"},\"image\":{\"@id\":\"https:\\\/\\\/lightweb.dev\\\/l\\\/svm-temp\\\/nyheter\\\/tio-diplomatiska-konflikter-med-sanchezregeringen\\\/#primaryimage\"},\"thumbnailUrl\":\"https:\\\/\\\/lightweb.dev\\\/l\\\/svm-temp\\\/wp-content\\\/uploads\\\/2024\\\/05\\\/Skarmavbild-2024-05-22-kl.-10.25.05-stor.jpeg\",\"articleSection\":[\"Arkiv\",\"Nyheter\"],\"inLanguage\":\"sv-SE\"},{\"@type\":\"WebPage\",\"@id\":\"https:\\\/\\\/lightweb.dev\\\/l\\\/svm-temp\\\/nyheter\\\/tio-diplomatiska-konflikter-med-sanchezregeringen\\\/\",\"url\":\"https:\\\/\\\/lightweb.dev\\\/l\\\/svm-temp\\\/nyheter\\\/tio-diplomatiska-konflikter-med-sanchezregeringen\\\/\",\"name\":\"Tio diplomatiska konflikter med S\u00e1nchezregeringen - Svenska Magasinet\",\"isPartOf\":{\"@id\":\"https:\\\/\\\/lightweb.dev\\\/l\\\/svm-temp\\\/#website\"},\"primaryImageOfPage\":{\"@id\":\"https:\\\/\\\/lightweb.dev\\\/l\\\/svm-temp\\\/nyheter\\\/tio-diplomatiska-konflikter-med-sanchezregeringen\\\/#primaryimage\"},\"image\":{\"@id\":\"https:\\\/\\\/lightweb.dev\\\/l\\\/svm-temp\\\/nyheter\\\/tio-diplomatiska-konflikter-med-sanchezregeringen\\\/#primaryimage\"},\"thumbnailUrl\":\"https:\\\/\\\/lightweb.dev\\\/l\\\/svm-temp\\\/wp-content\\\/uploads\\\/2024\\\/05\\\/Skarmavbild-2024-05-22-kl.-10.25.05-stor.jpeg\",\"datePublished\":\"2024-09-15T09:19:45+00:00\",\"dateModified\":\"2024-09-15T09:31:55+00:00\",\"description\":\"Hj\u00e4lper Spanien Venezuela att bli av med en oppositionspolitiker eller hj\u00e4lper Spanien oppositionen? Och \u00e4r Venezuela en diktatur? Den spanska utrikespolitiken skapar en del fr\u00e5gor.\",\"breadcrumb\":{\"@id\":\"https:\\\/\\\/lightweb.dev\\\/l\\\/svm-temp\\\/nyheter\\\/tio-diplomatiska-konflikter-med-sanchezregeringen\\\/#breadcrumb\"},\"inLanguage\":\"sv-SE\",\"potentialAction\":[{\"@type\":\"ReadAction\",\"target\":[\"https:\\\/\\\/lightweb.dev\\\/l\\\/svm-temp\\\/nyheter\\\/tio-diplomatiska-konflikter-med-sanchezregeringen\\\/\"]}]},{\"@type\":\"ImageObject\",\"inLanguage\":\"sv-SE\",\"@id\":\"https:\\\/\\\/lightweb.dev\\\/l\\\/svm-temp\\\/nyheter\\\/tio-diplomatiska-konflikter-med-sanchezregeringen\\\/#primaryimage\",\"url\":\"https:\\\/\\\/lightweb.dev\\\/l\\\/svm-temp\\\/wp-content\\\/uploads\\\/2024\\\/05\\\/Skarmavbild-2024-05-22-kl.-10.25.05-stor.jpeg\",\"contentUrl\":\"https:\\\/\\\/lightweb.dev\\\/l\\\/svm-temp\\\/wp-content\\\/uploads\\\/2024\\\/05\\\/Skarmavbild-2024-05-22-kl.-10.25.05-stor.jpeg\",\"width\":1280,\"height\":640,\"caption\":\"Pedro S\u00e1nchez\"},{\"@type\":\"BreadcrumbList\",\"@id\":\"https:\\\/\\\/lightweb.dev\\\/l\\\/svm-temp\\\/nyheter\\\/tio-diplomatiska-konflikter-med-sanchezregeringen\\\/#breadcrumb\",\"itemListElement\":[{\"@type\":\"ListItem\",\"position\":1,\"name\":\"Hem\",\"item\":\"https:\\\/\\\/lightweb.dev\\\/l\\\/svm-temp\\\/\"},{\"@type\":\"ListItem\",\"position\":2,\"name\":\"Tio diplomatiska konflikter med S\u00e1nchezregeringen\"}]},{\"@type\":\"WebSite\",\"@id\":\"https:\\\/\\\/lightweb.dev\\\/l\\\/svm-temp\\\/#website\",\"url\":\"https:\\\/\\\/lightweb.dev\\\/l\\\/svm-temp\\\/\",\"name\":\"Svenska Magasinet\",\"description\":\"Dina Spanska nyheter p&aring; Svenska\",\"publisher\":{\"@id\":\"https:\\\/\\\/lightweb.dev\\\/l\\\/svm-temp\\\/#organization\"},\"potentialAction\":[{\"@type\":\"SearchAction\",\"target\":{\"@type\":\"EntryPoint\",\"urlTemplate\":\"https:\\\/\\\/lightweb.dev\\\/l\\\/svm-temp\\\/?s={search_term_string}\"},\"query-input\":{\"@type\":\"PropertyValueSpecification\",\"valueRequired\":true,\"valueName\":\"search_term_string\"}}],\"inLanguage\":\"sv-SE\"},{\"@type\":\"Organization\",\"@id\":\"https:\\\/\\\/lightweb.dev\\\/l\\\/svm-temp\\\/#organization\",\"name\":\"Melkerson y Nott SL\",\"alternateName\":\"Svenska Magasinet\",\"url\":\"https:\\\/\\\/lightweb.dev\\\/l\\\/svm-temp\\\/\",\"logo\":{\"@type\":\"ImageObject\",\"inLanguage\":\"sv-SE\",\"@id\":\"https:\\\/\\\/lightweb.dev\\\/l\\\/svm-temp\\\/#\\\/schema\\\/logo\\\/image\\\/\",\"url\":\"https:\\\/\\\/lightweb.dev\\\/l\\\/svm-temp\\\/wp-content\\\/uploads\\\/2025\\\/02\\\/SvM-logo-Xtra-Centrerad-SVART.png\",\"contentUrl\":\"https:\\\/\\\/lightweb.dev\\\/l\\\/svm-temp\\\/wp-content\\\/uploads\\\/2025\\\/02\\\/SvM-logo-Xtra-Centrerad-SVART.png\",\"width\":300,\"height\":99,\"caption\":\"Melkerson y Nott SL\"},\"image\":{\"@id\":\"https:\\\/\\\/lightweb.dev\\\/l\\\/svm-temp\\\/#\\\/schema\\\/logo\\\/image\\\/\"},\"sameAs\":[\"https:\\\/\\\/www.facebook.com\\\/svenskamagasinet\",\"https:\\\/\\\/x.com\\\/SvenskaMagasine\"]},{\"@type\":\"Person\",\"@id\":\"https:\\\/\\\/lightweb.dev\\\/l\\\/svm-temp\\\/#\\\/schema\\\/person\\\/7a82b8a73d171d32360a564b6d03508e\",\"name\":\"Ola Josefsson\",\"description\":\"Bevakar Solkusten och Spanien sedan 1994.\",\"sameAs\":[\"https:\\\/\\\/lightweb.dev\\\/l\\\/svm-temp\"],\"url\":\"https:\\\/\\\/lightweb.dev\\\/l\\\/svm-temp\\\/reporter\\\/ola-josefsson\\\/\"}]}<\/script>\n<!-- \/ Yoast SEO Premium plugin. -->","yoast_head_json":{"title":"Tio diplomatiska konflikter med S\u00e1nchezregeringen - Svenska Magasinet","description":"Hj\u00e4lper Spanien Venezuela att bli av med en oppositionspolitiker eller hj\u00e4lper Spanien oppositionen? Och \u00e4r Venezuela en diktatur? Den spanska utrikespolitiken skapar en del fr\u00e5gor.","robots":{"index":"noindex","follow":"follow","max-snippet":"max-snippet:-1","max-image-preview":"max-image-preview:large","max-video-preview":"max-video-preview:-1"},"og_locale":"sv_SE","og_type":"article","og_title":"Tio diplomatiska konflikter med S\u00e1nchezregeringen","og_description":"Hj\u00e4lper Spanien Venezuela att bli av med en oppositionspolitiker eller hj\u00e4lper Spanien oppositionen? Och \u00e4r Venezuela en diktatur? Den spanska utrikespolitiken skapar en del fr\u00e5gor.","og_url":"https:\/\/lightweb.dev\/l\/svm-temp\/nyheter\/tio-diplomatiska-konflikter-med-sanchezregeringen\/","og_site_name":"Svenska Magasinet","article_publisher":"https:\/\/www.facebook.com\/svenskamagasinet","article_published_time":"2024-09-15T09:19:45+00:00","article_modified_time":"2024-09-15T09:31:55+00:00","og_image":[{"width":1280,"height":640,"url":"https:\/\/lightweb.dev\/l\/svm-temp\/wp-content\/uploads\/2024\/05\/Skarmavbild-2024-05-22-kl.-10.25.05-stor.jpeg","type":"image\/jpeg"}],"author":"Ola Josefsson","twitter_card":"summary_large_image","twitter_creator":"@SvenskaMagasine","twitter_site":"@SvenskaMagasine","schema":{"@context":"https:\/\/schema.org","@graph":[{"@type":"Article","@id":"https:\/\/lightweb.dev\/l\/svm-temp\/nyheter\/tio-diplomatiska-konflikter-med-sanchezregeringen\/#article","isPartOf":{"@id":"https:\/\/lightweb.dev\/l\/svm-temp\/nyheter\/tio-diplomatiska-konflikter-med-sanchezregeringen\/"},"author":{"name":"Ola Josefsson","@id":"https:\/\/lightweb.dev\/l\/svm-temp\/#\/schema\/person\/7a82b8a73d171d32360a564b6d03508e"},"headline":"Tio diplomatiska konflikter med S\u00e1nchezregeringen","datePublished":"2024-09-15T09:19:45+00:00","dateModified":"2024-09-15T09:31:55+00:00","mainEntityOfPage":{"@id":"https:\/\/lightweb.dev\/l\/svm-temp\/nyheter\/tio-diplomatiska-konflikter-med-sanchezregeringen\/"},"wordCount":958,"publisher":{"@id":"https:\/\/lightweb.dev\/l\/svm-temp\/#organization"},"image":{"@id":"https:\/\/lightweb.dev\/l\/svm-temp\/nyheter\/tio-diplomatiska-konflikter-med-sanchezregeringen\/#primaryimage"},"thumbnailUrl":"https:\/\/lightweb.dev\/l\/svm-temp\/wp-content\/uploads\/2024\/05\/Skarmavbild-2024-05-22-kl.-10.25.05-stor.jpeg","articleSection":["Arkiv","Nyheter"],"inLanguage":"sv-SE"},{"@type":"WebPage","@id":"https:\/\/lightweb.dev\/l\/svm-temp\/nyheter\/tio-diplomatiska-konflikter-med-sanchezregeringen\/","url":"https:\/\/lightweb.dev\/l\/svm-temp\/nyheter\/tio-diplomatiska-konflikter-med-sanchezregeringen\/","name":"Tio diplomatiska konflikter med S\u00e1nchezregeringen - Svenska Magasinet","isPartOf":{"@id":"https:\/\/lightweb.dev\/l\/svm-temp\/#website"},"primaryImageOfPage":{"@id":"https:\/\/lightweb.dev\/l\/svm-temp\/nyheter\/tio-diplomatiska-konflikter-med-sanchezregeringen\/#primaryimage"},"image":{"@id":"https:\/\/lightweb.dev\/l\/svm-temp\/nyheter\/tio-diplomatiska-konflikter-med-sanchezregeringen\/#primaryimage"},"thumbnailUrl":"https:\/\/lightweb.dev\/l\/svm-temp\/wp-content\/uploads\/2024\/05\/Skarmavbild-2024-05-22-kl.-10.25.05-stor.jpeg","datePublished":"2024-09-15T09:19:45+00:00","dateModified":"2024-09-15T09:31:55+00:00","description":"Hj\u00e4lper Spanien Venezuela att bli av med en oppositionspolitiker eller hj\u00e4lper Spanien oppositionen? Och \u00e4r Venezuela en diktatur? Den spanska utrikespolitiken skapar en del fr\u00e5gor.","breadcrumb":{"@id":"https:\/\/lightweb.dev\/l\/svm-temp\/nyheter\/tio-diplomatiska-konflikter-med-sanchezregeringen\/#breadcrumb"},"inLanguage":"sv-SE","potentialAction":[{"@type":"ReadAction","target":["https:\/\/lightweb.dev\/l\/svm-temp\/nyheter\/tio-diplomatiska-konflikter-med-sanchezregeringen\/"]}]},{"@type":"ImageObject","inLanguage":"sv-SE","@id":"https:\/\/lightweb.dev\/l\/svm-temp\/nyheter\/tio-diplomatiska-konflikter-med-sanchezregeringen\/#primaryimage","url":"https:\/\/lightweb.dev\/l\/svm-temp\/wp-content\/uploads\/2024\/05\/Skarmavbild-2024-05-22-kl.-10.25.05-stor.jpeg","contentUrl":"https:\/\/lightweb.dev\/l\/svm-temp\/wp-content\/uploads\/2024\/05\/Skarmavbild-2024-05-22-kl.-10.25.05-stor.jpeg","width":1280,"height":640,"caption":"Pedro S\u00e1nchez"},{"@type":"BreadcrumbList","@id":"https:\/\/lightweb.dev\/l\/svm-temp\/nyheter\/tio-diplomatiska-konflikter-med-sanchezregeringen\/#breadcrumb","itemListElement":[{"@type":"ListItem","position":1,"name":"Hem","item":"https:\/\/lightweb.dev\/l\/svm-temp\/"},{"@type":"ListItem","position":2,"name":"Tio diplomatiska konflikter med S\u00e1nchezregeringen"}]},{"@type":"WebSite","@id":"https:\/\/lightweb.dev\/l\/svm-temp\/#website","url":"https:\/\/lightweb.dev\/l\/svm-temp\/","name":"Svenska Magasinet","description":"Dina Spanska nyheter p&aring; Svenska","publisher":{"@id":"https:\/\/lightweb.dev\/l\/svm-temp\/#organization"},"potentialAction":[{"@type":"SearchAction","target":{"@type":"EntryPoint","urlTemplate":"https:\/\/lightweb.dev\/l\/svm-temp\/?s={search_term_string}"},"query-input":{"@type":"PropertyValueSpecification","valueRequired":true,"valueName":"search_term_string"}}],"inLanguage":"sv-SE"},{"@type":"Organization","@id":"https:\/\/lightweb.dev\/l\/svm-temp\/#organization","name":"Melkerson y Nott SL","alternateName":"Svenska Magasinet","url":"https:\/\/lightweb.dev\/l\/svm-temp\/","logo":{"@type":"ImageObject","inLanguage":"sv-SE","@id":"https:\/\/lightweb.dev\/l\/svm-temp\/#\/schema\/logo\/image\/","url":"https:\/\/lightweb.dev\/l\/svm-temp\/wp-content\/uploads\/2025\/02\/SvM-logo-Xtra-Centrerad-SVART.png","contentUrl":"https:\/\/lightweb.dev\/l\/svm-temp\/wp-content\/uploads\/2025\/02\/SvM-logo-Xtra-Centrerad-SVART.png","width":300,"height":99,"caption":"Melkerson y Nott SL"},"image":{"@id":"https:\/\/lightweb.dev\/l\/svm-temp\/#\/schema\/logo\/image\/"},"sameAs":["https:\/\/www.facebook.com\/svenskamagasinet","https:\/\/x.com\/SvenskaMagasine"]},{"@type":"Person","@id":"https:\/\/lightweb.dev\/l\/svm-temp\/#\/schema\/person\/7a82b8a73d171d32360a564b6d03508e","name":"Ola Josefsson","description":"Bevakar Solkusten och Spanien sedan 1994.","sameAs":["https:\/\/lightweb.dev\/l\/svm-temp"],"url":"https:\/\/lightweb.dev\/l\/svm-temp\/reporter\/ola-josefsson\/"}]}},"_links":{"self":[{"href":"https:\/\/lightweb.dev\/l\/svm-temp\/wp-json\/wp\/v2\/posts\/74339","targetHints":{"allow":["GET"]}}],"collection":[{"href":"https:\/\/lightweb.dev\/l\/svm-temp\/wp-json\/wp\/v2\/posts"}],"about":[{"href":"https:\/\/lightweb.dev\/l\/svm-temp\/wp-json\/wp\/v2\/types\/post"}],"author":[{"embeddable":true,"href":"https:\/\/lightweb.dev\/l\/svm-temp\/wp-json\/wp\/v2\/users\/7"}],"replies":[{"embeddable":true,"href":"https:\/\/lightweb.dev\/l\/svm-temp\/wp-json\/wp\/v2\/comments?post=74339"}],"version-history":[{"count":0,"href":"https:\/\/lightweb.dev\/l\/svm-temp\/wp-json\/wp\/v2\/posts\/74339\/revisions"}],"wp:featuredmedia":[{"embeddable":true,"href":"https:\/\/lightweb.dev\/l\/svm-temp\/wp-json\/wp\/v2\/media\/72110"}],"wp:attachment":[{"href":"https:\/\/lightweb.dev\/l\/svm-temp\/wp-json\/wp\/v2\/media?parent=74339"}],"wp:term":[{"taxonomy":"category","embeddable":true,"href":"https:\/\/lightweb.dev\/l\/svm-temp\/wp-json\/wp\/v2\/categories?post=74339"},{"taxonomy":"post_tag","embeddable":true,"href":"https:\/\/lightweb.dev\/l\/svm-temp\/wp-json\/wp\/v2\/tags?post=74339"}],"curies":[{"name":"wp","href":"https:\/\/api.w.org\/{rel}","templated":true}]}}