{"id":74351,"date":"2024-09-16T16:15:45","date_gmt":"2024-09-16T14:15:45","guid":{"rendered":"https:\/\/lightweb.dev\/l\/svm-temp\/?p=74351"},"modified":"2024-09-16T16:15:45","modified_gmt":"2024-09-16T14:15:45","slug":"konserter-pa-santiago-bernabeu-bokas-om","status":"publish","type":"post","link":"https:\/\/lightweb.dev\/l\/svm-temp\/artiklar\/kultur\/konserter-pa-santiago-bernabeu-bokas-om\/","title":{"rendered":"Konserter p\u00e5 Santiago Bernabeu bokas om"},"content":{"rendered":"<p><strong>Efter flera klagom\u00e5l p\u00e5 bland annat h\u00f6gt ljud har Real Madrid beslutat att planera om konsertschemat p\u00e5 sin hemmaarena.\u00a0<\/strong><\/p>\n<p><span style=\"font-weight: 400;\">Fotbollsklubben Real Madrid har beslutat att st\u00e4lla in eller skjuta upp alla planerade konserter p\u00e5 sin hemmaarena Santiago Bernabeu. Man g\u00f6r det p\u00e5 grund av flera klagom\u00e5l p\u00e5 h\u00f6gljudda spelningar som p\u00e5g\u00e5tt sent p\u00e5 kv\u00e4llen som kommit in fr\u00e5n de boende i omr\u00e5det.\u00a0<\/span><\/p>\n<p><span style=\"font-weight: 400;\">Arenan \u00e4r framf\u00f6rallt k\u00e4nd f\u00f6r fotbollen och har precis genomg\u00e5tt en l\u00e5ng renovering som kostade 900 miljoner euro. Men flera stora konserter g\u00e5r ocks\u00e5 d\u00e4r. Under v\u00e5ren och sommaren har bland andra Taylor Swift och Luis Miguel upptr\u00e4tt.<\/span><\/p>\n<p><span style=\"font-weight: 400;\">Spelningarna har varit uppskattade av fansen men inte hos de som bor i n\u00e4rheten av arenan. Under den senaste tiden har klagom\u00e5l kommit in p\u00e5 grund av ljudniv\u00e5er som \u00e4r flera decibel \u00f6ver den lagliga gr\u00e4nsen, sluttider runt midnatt, fans som t\u00e4ltar p\u00e5 gatorna utanf\u00f6r och i parker runt omkring och berusade personer som urinerar p\u00e5 gatorna.\u00a0<\/span><\/p>\n<h2>Planerar om schemat<\/h2>\n<p><span style=\"font-weight: 400;\">Det hela ledde till att ett flertal personer gick ihop och tog r\u00e4ttsliga \u00e5tg\u00e4rder mot de som ansvarade f\u00f6r konserterna. Nu har Real Madrid svarat och i fredags kom ett uttalande som uppger att de kommer att planera om sitt konsertschema.\u00a0<\/span><\/p>\n<p><span style=\"font-weight: 400;\">\u201cReal Madrid FC meddelar att man kommer provisoriskt boka om alla planerade event och konserter p\u00e5 Santiago Bernabeu. Beslutet \u00e4r en av flera \u00e5tg\u00e4rder som klubben vidtar f\u00f6r att s\u00e4kerst\u00e4lla att konserterna f\u00f6ljer de relevanta kommunala reglerna,\u201d sade man.\u00a0<\/span><\/p>\n<p><span style=\"font-weight: 400;\">Real Madrid menar att trots att flera ljudd\u00e4mpande \u00e5tg\u00e4rder tagits har flera av konsertarrang\u00f6rerna haft sv\u00e5rt att f\u00f6lja de kommunala regelverket.\u00a0<\/span><\/p>\n<p><span style=\"font-weight: 400;\">Man lovar nu att arbeta f\u00f6r att arenan ska kunna leva upp till och f\u00f6lja reglerna s\u00e5 att konserter kan h\u00e5llas d\u00e4r i framtiden.\u00a0<\/span><\/p>\n<p><span style=\"font-weight: 400;\">Man ber\u00e4ttade ocks\u00e5 att de planerade spelningarna med de spanska artisterna Dellafuente och Aitana, som skulle g\u00e5 i november och december, kommer att bokas om. Detsamma g\u00e4ller konserten med Lola Indigo, som skulle vara i mars n\u00e4sta \u00e5r, medan ett event med K-pop-artister i oktober har st\u00e4llts in.\u00a0<\/span><\/p>\n<p><span style=\"font-weight: 400;\">En talesperson f\u00f6r den grupp som formades bland arenans grannar sade att: \u201cVi har lyckats stoppa situationen fr\u00e5n att bli v\u00e4rre under de kommande sex m\u00e5nadenra, s\u00e5 saker \u00e4r b\u00e4ttre\u201d. Han tillade dock att han inte tror att arenan n\u00e5gonsin kommer att vara l\u00e4mplig f\u00f6r konserter.\u00a0<\/span><\/p>\n","protected":false},"excerpt":{"rendered":"<p>Efter flera klagom\u00e5l p\u00e5 bland annat h\u00f6gt ljud har Real Madrid beslutat att planera om konsertschemat p\u00e5 sin hemmaarena.\u00a0<\/p>\n","protected":false},"author":14,"featured_media":74352,"comment_status":"closed","ping_status":"closed","sticky":false,"template":"","format":"standard","meta":{"_et_pb_use_builder":"","_et_pb_old_content":"","_et_gb_content_width":"","footnotes":""},"categories":[4,45],"tags":[],"class_list":["post-74351","post","type-post","status-publish","format-standard","has-post-thumbnail","hentry","category-artiklar","category-kultur"],"yoast_head":"<!-- This site is optimized with the Yoast SEO Premium plugin v26.2 (Yoast SEO v28.2) - https:\/\/yoast.com\/product\/yoast-seo-premium-wordpress\/ -->\n<title>Konserter p\u00e5 Santiago Bernabeu bokas om - Svenska Magasinet<\/title>\n<meta name=\"robots\" content=\"noindex, follow, max-snippet:-1, max-image-preview:large, max-video-preview:-1\" \/>\n<meta property=\"og:locale\" content=\"sv_SE\" \/>\n<meta property=\"og:type\" content=\"article\" \/>\n<meta property=\"og:title\" content=\"Konserter p\u00e5 Santiago Bernabeu bokas om\" \/>\n<meta property=\"og:description\" content=\"Efter flera klagom\u00e5l p\u00e5 bland annat h\u00f6gt ljud har Real Madrid beslutat att planera om konsertschemat p\u00e5 sin hemmaarena.\u00a0\" \/>\n<meta property=\"og:url\" content=\"https:\/\/lightweb.dev\/l\/svm-temp\/artiklar\/kultur\/konserter-pa-santiago-bernabeu-bokas-om\/\" \/>\n<meta property=\"og:site_name\" content=\"Svenska Magasinet\" \/>\n<meta property=\"article:publisher\" content=\"https:\/\/www.facebook.com\/svenskamagasinet\" \/>\n<meta property=\"article:published_time\" content=\"2024-09-16T14:15:45+00:00\" \/>\n<meta property=\"og:image\" content=\"https:\/\/lightweb.dev\/l\/svm-temp\/wp-content\/uploads\/2024\/09\/17262501671139.webp\" \/>\n\t<meta property=\"og:image:width\" content=\"660\" \/>\n\t<meta property=\"og:image:height\" content=\"440\" \/>\n\t<meta property=\"og:image:type\" content=\"image\/webp\" \/>\n<meta name=\"author\" content=\"Robbie Eriksson\" \/>\n<meta name=\"twitter:card\" content=\"summary_large_image\" \/>\n<meta name=\"twitter:creator\" content=\"@SvenskaMagasine\" \/>\n<meta name=\"twitter:site\" content=\"@SvenskaMagasine\" \/>\n<script type=\"application\/ld+json\" class=\"yoast-schema-graph\">{\"@context\":\"https:\\\/\\\/schema.org\",\"@graph\":[{\"@type\":\"Article\",\"@id\":\"https:\\\/\\\/lightweb.dev\\\/l\\\/svm-temp\\\/artiklar\\\/kultur\\\/konserter-pa-santiago-bernabeu-bokas-om\\\/#article\",\"isPartOf\":{\"@id\":\"https:\\\/\\\/lightweb.dev\\\/l\\\/svm-temp\\\/artiklar\\\/kultur\\\/konserter-pa-santiago-bernabeu-bokas-om\\\/\"},\"author\":{\"name\":\"Robbie Eriksson\",\"@id\":\"https:\\\/\\\/lightweb.dev\\\/l\\\/svm-temp\\\/#\\\/schema\\\/person\\\/caffe038990d25722f5a04a03c906a2b\"},\"headline\":\"Konserter p\u00e5 Santiago Bernabeu bokas om\",\"datePublished\":\"2024-09-16T14:15:45+00:00\",\"mainEntityOfPage\":{\"@id\":\"https:\\\/\\\/lightweb.dev\\\/l\\\/svm-temp\\\/artiklar\\\/kultur\\\/konserter-pa-santiago-bernabeu-bokas-om\\\/\"},\"wordCount\":439,\"publisher\":{\"@id\":\"https:\\\/\\\/lightweb.dev\\\/l\\\/svm-temp\\\/#organization\"},\"image\":{\"@id\":\"https:\\\/\\\/lightweb.dev\\\/l\\\/svm-temp\\\/artiklar\\\/kultur\\\/konserter-pa-santiago-bernabeu-bokas-om\\\/#primaryimage\"},\"thumbnailUrl\":\"https:\\\/\\\/lightweb.dev\\\/l\\\/svm-temp\\\/wp-content\\\/uploads\\\/2024\\\/09\\\/17262501671139.webp\",\"articleSection\":[\"Artiklar\",\"Kultur &amp; historia\"],\"inLanguage\":\"sv-SE\"},{\"@type\":\"WebPage\",\"@id\":\"https:\\\/\\\/lightweb.dev\\\/l\\\/svm-temp\\\/artiklar\\\/kultur\\\/konserter-pa-santiago-bernabeu-bokas-om\\\/\",\"url\":\"https:\\\/\\\/lightweb.dev\\\/l\\\/svm-temp\\\/artiklar\\\/kultur\\\/konserter-pa-santiago-bernabeu-bokas-om\\\/\",\"name\":\"Konserter p\u00e5 Santiago Bernabeu bokas om - Svenska Magasinet\",\"isPartOf\":{\"@id\":\"https:\\\/\\\/lightweb.dev\\\/l\\\/svm-temp\\\/#website\"},\"primaryImageOfPage\":{\"@id\":\"https:\\\/\\\/lightweb.dev\\\/l\\\/svm-temp\\\/artiklar\\\/kultur\\\/konserter-pa-santiago-bernabeu-bokas-om\\\/#primaryimage\"},\"image\":{\"@id\":\"https:\\\/\\\/lightweb.dev\\\/l\\\/svm-temp\\\/artiklar\\\/kultur\\\/konserter-pa-santiago-bernabeu-bokas-om\\\/#primaryimage\"},\"thumbnailUrl\":\"https:\\\/\\\/lightweb.dev\\\/l\\\/svm-temp\\\/wp-content\\\/uploads\\\/2024\\\/09\\\/17262501671139.webp\",\"datePublished\":\"2024-09-16T14:15:45+00:00\",\"breadcrumb\":{\"@id\":\"https:\\\/\\\/lightweb.dev\\\/l\\\/svm-temp\\\/artiklar\\\/kultur\\\/konserter-pa-santiago-bernabeu-bokas-om\\\/#breadcrumb\"},\"inLanguage\":\"sv-SE\",\"potentialAction\":[{\"@type\":\"ReadAction\",\"target\":[\"https:\\\/\\\/lightweb.dev\\\/l\\\/svm-temp\\\/artiklar\\\/kultur\\\/konserter-pa-santiago-bernabeu-bokas-om\\\/\"]}]},{\"@type\":\"ImageObject\",\"inLanguage\":\"sv-SE\",\"@id\":\"https:\\\/\\\/lightweb.dev\\\/l\\\/svm-temp\\\/artiklar\\\/kultur\\\/konserter-pa-santiago-bernabeu-bokas-om\\\/#primaryimage\",\"url\":\"https:\\\/\\\/lightweb.dev\\\/l\\\/svm-temp\\\/wp-content\\\/uploads\\\/2024\\\/09\\\/17262501671139.webp\",\"contentUrl\":\"https:\\\/\\\/lightweb.dev\\\/l\\\/svm-temp\\\/wp-content\\\/uploads\\\/2024\\\/09\\\/17262501671139.webp\",\"width\":660,\"height\":440,\"caption\":\"Santiago Bernabeu under presentationen av Kylian Mbappe. (Bild: EFE).\"},{\"@type\":\"BreadcrumbList\",\"@id\":\"https:\\\/\\\/lightweb.dev\\\/l\\\/svm-temp\\\/artiklar\\\/kultur\\\/konserter-pa-santiago-bernabeu-bokas-om\\\/#breadcrumb\",\"itemListElement\":[{\"@type\":\"ListItem\",\"position\":1,\"name\":\"Hem\",\"item\":\"https:\\\/\\\/lightweb.dev\\\/l\\\/svm-temp\\\/\"},{\"@type\":\"ListItem\",\"position\":2,\"name\":\"Konserter p\u00e5 Santiago Bernabeu bokas om\"}]},{\"@type\":\"WebSite\",\"@id\":\"https:\\\/\\\/lightweb.dev\\\/l\\\/svm-temp\\\/#website\",\"url\":\"https:\\\/\\\/lightweb.dev\\\/l\\\/svm-temp\\\/\",\"name\":\"Svenska Magasinet\",\"description\":\"Dina Spanska nyheter p&aring; Svenska\",\"publisher\":{\"@id\":\"https:\\\/\\\/lightweb.dev\\\/l\\\/svm-temp\\\/#organization\"},\"potentialAction\":[{\"@type\":\"SearchAction\",\"target\":{\"@type\":\"EntryPoint\",\"urlTemplate\":\"https:\\\/\\\/lightweb.dev\\\/l\\\/svm-temp\\\/?s={search_term_string}\"},\"query-input\":{\"@type\":\"PropertyValueSpecification\",\"valueRequired\":true,\"valueName\":\"search_term_string\"}}],\"inLanguage\":\"sv-SE\"},{\"@type\":\"Organization\",\"@id\":\"https:\\\/\\\/lightweb.dev\\\/l\\\/svm-temp\\\/#organization\",\"name\":\"Melkerson y Nott SL\",\"alternateName\":\"Svenska Magasinet\",\"url\":\"https:\\\/\\\/lightweb.dev\\\/l\\\/svm-temp\\\/\",\"logo\":{\"@type\":\"ImageObject\",\"inLanguage\":\"sv-SE\",\"@id\":\"https:\\\/\\\/lightweb.dev\\\/l\\\/svm-temp\\\/#\\\/schema\\\/logo\\\/image\\\/\",\"url\":\"https:\\\/\\\/lightweb.dev\\\/l\\\/svm-temp\\\/wp-content\\\/uploads\\\/2025\\\/02\\\/SvM-logo-Xtra-Centrerad-SVART.png\",\"contentUrl\":\"https:\\\/\\\/lightweb.dev\\\/l\\\/svm-temp\\\/wp-content\\\/uploads\\\/2025\\\/02\\\/SvM-logo-Xtra-Centrerad-SVART.png\",\"width\":300,\"height\":99,\"caption\":\"Melkerson y Nott SL\"},\"image\":{\"@id\":\"https:\\\/\\\/lightweb.dev\\\/l\\\/svm-temp\\\/#\\\/schema\\\/logo\\\/image\\\/\"},\"sameAs\":[\"https:\\\/\\\/www.facebook.com\\\/svenskamagasinet\",\"https:\\\/\\\/x.com\\\/SvenskaMagasine\"]},{\"@type\":\"Person\",\"@id\":\"https:\\\/\\\/lightweb.dev\\\/l\\\/svm-temp\\\/#\\\/schema\\\/person\\\/caffe038990d25722f5a04a03c906a2b\",\"name\":\"Robbie Eriksson\",\"sameAs\":[\"https:\\\/\\\/lightweb.dev\\\/l\\\/svm-temp\"],\"url\":\"https:\\\/\\\/lightweb.dev\\\/l\\\/svm-temp\\\/reporter\\\/robbie-eriksson\\\/\"}]}<\/script>\n<!-- \/ Yoast SEO Premium plugin. -->","yoast_head_json":{"title":"Konserter p\u00e5 Santiago Bernabeu bokas om - Svenska Magasinet","robots":{"index":"noindex","follow":"follow","max-snippet":"max-snippet:-1","max-image-preview":"max-image-preview:large","max-video-preview":"max-video-preview:-1"},"og_locale":"sv_SE","og_type":"article","og_title":"Konserter p\u00e5 Santiago Bernabeu bokas om","og_description":"Efter flera klagom\u00e5l p\u00e5 bland annat h\u00f6gt ljud har Real Madrid beslutat att planera om konsertschemat p\u00e5 sin hemmaarena.\u00a0","og_url":"https:\/\/lightweb.dev\/l\/svm-temp\/artiklar\/kultur\/konserter-pa-santiago-bernabeu-bokas-om\/","og_site_name":"Svenska Magasinet","article_publisher":"https:\/\/www.facebook.com\/svenskamagasinet","article_published_time":"2024-09-16T14:15:45+00:00","og_image":[{"width":660,"height":440,"url":"https:\/\/lightweb.dev\/l\/svm-temp\/wp-content\/uploads\/2024\/09\/17262501671139.webp","type":"image\/webp"}],"author":"Robbie Eriksson","twitter_card":"summary_large_image","twitter_creator":"@SvenskaMagasine","twitter_site":"@SvenskaMagasine","schema":{"@context":"https:\/\/schema.org","@graph":[{"@type":"Article","@id":"https:\/\/lightweb.dev\/l\/svm-temp\/artiklar\/kultur\/konserter-pa-santiago-bernabeu-bokas-om\/#article","isPartOf":{"@id":"https:\/\/lightweb.dev\/l\/svm-temp\/artiklar\/kultur\/konserter-pa-santiago-bernabeu-bokas-om\/"},"author":{"name":"Robbie Eriksson","@id":"https:\/\/lightweb.dev\/l\/svm-temp\/#\/schema\/person\/caffe038990d25722f5a04a03c906a2b"},"headline":"Konserter p\u00e5 Santiago Bernabeu bokas om","datePublished":"2024-09-16T14:15:45+00:00","mainEntityOfPage":{"@id":"https:\/\/lightweb.dev\/l\/svm-temp\/artiklar\/kultur\/konserter-pa-santiago-bernabeu-bokas-om\/"},"wordCount":439,"publisher":{"@id":"https:\/\/lightweb.dev\/l\/svm-temp\/#organization"},"image":{"@id":"https:\/\/lightweb.dev\/l\/svm-temp\/artiklar\/kultur\/konserter-pa-santiago-bernabeu-bokas-om\/#primaryimage"},"thumbnailUrl":"https:\/\/lightweb.dev\/l\/svm-temp\/wp-content\/uploads\/2024\/09\/17262501671139.webp","articleSection":["Artiklar","Kultur &amp; historia"],"inLanguage":"sv-SE"},{"@type":"WebPage","@id":"https:\/\/lightweb.dev\/l\/svm-temp\/artiklar\/kultur\/konserter-pa-santiago-bernabeu-bokas-om\/","url":"https:\/\/lightweb.dev\/l\/svm-temp\/artiklar\/kultur\/konserter-pa-santiago-bernabeu-bokas-om\/","name":"Konserter p\u00e5 Santiago Bernabeu bokas om - Svenska Magasinet","isPartOf":{"@id":"https:\/\/lightweb.dev\/l\/svm-temp\/#website"},"primaryImageOfPage":{"@id":"https:\/\/lightweb.dev\/l\/svm-temp\/artiklar\/kultur\/konserter-pa-santiago-bernabeu-bokas-om\/#primaryimage"},"image":{"@id":"https:\/\/lightweb.dev\/l\/svm-temp\/artiklar\/kultur\/konserter-pa-santiago-bernabeu-bokas-om\/#primaryimage"},"thumbnailUrl":"https:\/\/lightweb.dev\/l\/svm-temp\/wp-content\/uploads\/2024\/09\/17262501671139.webp","datePublished":"2024-09-16T14:15:45+00:00","breadcrumb":{"@id":"https:\/\/lightweb.dev\/l\/svm-temp\/artiklar\/kultur\/konserter-pa-santiago-bernabeu-bokas-om\/#breadcrumb"},"inLanguage":"sv-SE","potentialAction":[{"@type":"ReadAction","target":["https:\/\/lightweb.dev\/l\/svm-temp\/artiklar\/kultur\/konserter-pa-santiago-bernabeu-bokas-om\/"]}]},{"@type":"ImageObject","inLanguage":"sv-SE","@id":"https:\/\/lightweb.dev\/l\/svm-temp\/artiklar\/kultur\/konserter-pa-santiago-bernabeu-bokas-om\/#primaryimage","url":"https:\/\/lightweb.dev\/l\/svm-temp\/wp-content\/uploads\/2024\/09\/17262501671139.webp","contentUrl":"https:\/\/lightweb.dev\/l\/svm-temp\/wp-content\/uploads\/2024\/09\/17262501671139.webp","width":660,"height":440,"caption":"Santiago Bernabeu under presentationen av Kylian Mbappe. (Bild: EFE)."},{"@type":"BreadcrumbList","@id":"https:\/\/lightweb.dev\/l\/svm-temp\/artiklar\/kultur\/konserter-pa-santiago-bernabeu-bokas-om\/#breadcrumb","itemListElement":[{"@type":"ListItem","position":1,"name":"Hem","item":"https:\/\/lightweb.dev\/l\/svm-temp\/"},{"@type":"ListItem","position":2,"name":"Konserter p\u00e5 Santiago Bernabeu bokas om"}]},{"@type":"WebSite","@id":"https:\/\/lightweb.dev\/l\/svm-temp\/#website","url":"https:\/\/lightweb.dev\/l\/svm-temp\/","name":"Svenska Magasinet","description":"Dina Spanska nyheter p&aring; Svenska","publisher":{"@id":"https:\/\/lightweb.dev\/l\/svm-temp\/#organization"},"potentialAction":[{"@type":"SearchAction","target":{"@type":"EntryPoint","urlTemplate":"https:\/\/lightweb.dev\/l\/svm-temp\/?s={search_term_string}"},"query-input":{"@type":"PropertyValueSpecification","valueRequired":true,"valueName":"search_term_string"}}],"inLanguage":"sv-SE"},{"@type":"Organization","@id":"https:\/\/lightweb.dev\/l\/svm-temp\/#organization","name":"Melkerson y Nott SL","alternateName":"Svenska Magasinet","url":"https:\/\/lightweb.dev\/l\/svm-temp\/","logo":{"@type":"ImageObject","inLanguage":"sv-SE","@id":"https:\/\/lightweb.dev\/l\/svm-temp\/#\/schema\/logo\/image\/","url":"https:\/\/lightweb.dev\/l\/svm-temp\/wp-content\/uploads\/2025\/02\/SvM-logo-Xtra-Centrerad-SVART.png","contentUrl":"https:\/\/lightweb.dev\/l\/svm-temp\/wp-content\/uploads\/2025\/02\/SvM-logo-Xtra-Centrerad-SVART.png","width":300,"height":99,"caption":"Melkerson y Nott SL"},"image":{"@id":"https:\/\/lightweb.dev\/l\/svm-temp\/#\/schema\/logo\/image\/"},"sameAs":["https:\/\/www.facebook.com\/svenskamagasinet","https:\/\/x.com\/SvenskaMagasine"]},{"@type":"Person","@id":"https:\/\/lightweb.dev\/l\/svm-temp\/#\/schema\/person\/caffe038990d25722f5a04a03c906a2b","name":"Robbie Eriksson","sameAs":["https:\/\/lightweb.dev\/l\/svm-temp"],"url":"https:\/\/lightweb.dev\/l\/svm-temp\/reporter\/robbie-eriksson\/"}]}},"_links":{"self":[{"href":"https:\/\/lightweb.dev\/l\/svm-temp\/wp-json\/wp\/v2\/posts\/74351","targetHints":{"allow":["GET"]}}],"collection":[{"href":"https:\/\/lightweb.dev\/l\/svm-temp\/wp-json\/wp\/v2\/posts"}],"about":[{"href":"https:\/\/lightweb.dev\/l\/svm-temp\/wp-json\/wp\/v2\/types\/post"}],"author":[{"embeddable":true,"href":"https:\/\/lightweb.dev\/l\/svm-temp\/wp-json\/wp\/v2\/users\/14"}],"replies":[{"embeddable":true,"href":"https:\/\/lightweb.dev\/l\/svm-temp\/wp-json\/wp\/v2\/comments?post=74351"}],"version-history":[{"count":0,"href":"https:\/\/lightweb.dev\/l\/svm-temp\/wp-json\/wp\/v2\/posts\/74351\/revisions"}],"wp:featuredmedia":[{"embeddable":true,"href":"https:\/\/lightweb.dev\/l\/svm-temp\/wp-json\/wp\/v2\/media\/74352"}],"wp:attachment":[{"href":"https:\/\/lightweb.dev\/l\/svm-temp\/wp-json\/wp\/v2\/media?parent=74351"}],"wp:term":[{"taxonomy":"category","embeddable":true,"href":"https:\/\/lightweb.dev\/l\/svm-temp\/wp-json\/wp\/v2\/categories?post=74351"},{"taxonomy":"post_tag","embeddable":true,"href":"https:\/\/lightweb.dev\/l\/svm-temp\/wp-json\/wp\/v2\/tags?post=74351"}],"curies":[{"name":"wp","href":"https:\/\/api.w.org\/{rel}","templated":true}]}}