{"id":74762,"date":"2024-10-01T11:39:08","date_gmt":"2024-10-01T09:39:08","guid":{"rendered":"https:\/\/lightweb.dev\/l\/svm-temp\/?p=74762"},"modified":"2024-10-02T17:20:32","modified_gmt":"2024-10-02T15:20:32","slug":"johan-stengard-ger-fem-konserter-pa-kusten-my-way-50-ar-pa-mitt-satt","status":"publish","type":"post","link":"https:\/\/lightweb.dev\/l\/svm-temp\/artiklar\/kultur\/johan-stengard-ger-fem-konserter-pa-kusten-my-way-50-ar-pa-mitt-satt\/","title":{"rendered":"Johan Steng\u00e5rd ger fem konserter p\u00e5 kusten: \u201dMy way\u201d \u2013 50 \u00e5r p\u00e5 mitt s\u00e4tt!&#8221;"},"content":{"rendered":"<p><strong>Saxofonisten Johan Steng\u00e5rd \u00e4r tillbaka med fem konserter p\u00e5 Solkusten tillsammans med Joakim Niehof (piano) och Patrik Lundstr\u00f6m (s\u00e5ng och gitarr).<\/strong><\/p>\n<p><strong>Det blir mina 50 \u00e5r som artist med massor av anekdoter och sk\u00f6na upplevelser, s\u00e4ger Johan Steng\u00e5rd som p\u00e5 tisdagen fyller 69 \u00e5r.<\/strong><\/p>\n<p>Johan Steng\u00e5rd har Nerja som sin fasta punkt i livet tillsammans med Elisabeth K\u00fcntzel som driver ett \u201dg\u00e4sthem\u201d i sitt eget hem, El Escondite Spain.<\/p>\n<p>Som v\u00e4lk\u00e4nd saxofonist har Steng\u00e5rd en imponerande karri\u00e4r med inspelningar av 25 solo album och tusentals konserter jorden runt. Han har spelat med ABBA, Sammy Davis J.r, Michael Bolton, Tommy K\u00f6rberg, Bj\u00f6rn Skifs, Celine Dion och Phil Collins bland annat.<\/p>\n<p><img loading=\"lazy\" decoding=\"async\" class=\"size-medium wp-image-74764 alignleft\" src=\"https:\/\/lightweb.dev\/l\/svm-temp\/wp-content\/uploads\/2024\/10\/MY-WAY-2024-stor-300x214.jpeg\" alt=\"\" width=\"300\" height=\"214\" srcset=\"https:\/\/lightweb.dev\/l\/svm-temp\/wp-content\/uploads\/2024\/10\/MY-WAY-2024-stor-300x214.jpeg 300w, https:\/\/lightweb.dev\/l\/svm-temp\/wp-content\/uploads\/2024\/10\/MY-WAY-2024-stor-768x548.jpeg 768w, https:\/\/lightweb.dev\/l\/svm-temp\/wp-content\/uploads\/2024\/10\/MY-WAY-2024-stor-610x436.jpeg 610w, https:\/\/lightweb.dev\/l\/svm-temp\/wp-content\/uploads\/2024\/10\/MY-WAY-2024-stor-400x284.jpeg 400w, https:\/\/lightweb.dev\/l\/svm-temp\/wp-content\/uploads\/2024\/10\/MY-WAY-2024-stor-600x428.jpeg 600w, https:\/\/lightweb.dev\/l\/svm-temp\/wp-content\/uploads\/2024\/10\/MY-WAY-2024-stor.jpeg 888w\" sizes=\"(max-width: 300px) 100vw, 300px\" \/><\/p>\n<h2>Vad kan vi f\u00f6rv\u00e4nta oss under konserterna?<\/h2>\n<p>&#8211; Uppl\u00e4gget \u00e4r ganska likt fr\u00e5n f\u00f6rra g\u00e5ngen men det ing\u00e5r \u00e4ven en del nytt.<\/p>\n<h2>Det \u00e4r dina 50 \u00e5r som artist. N\u00e4mn tre saker som sticker ut?<\/h2>\n<p>&#8211; F\u00f6rsta showen \u00e4r ju alltid en stor grej. Jag gl\u00f6mmer aldrig mitt f\u00f6rsta tv-jobb som musiker. Det var vid Bj\u00f6rns Skifs f\u00f6rsta egna tv-show d\u00e4r Anders Berglund gjorde sitt f\u00f6rsta framtr\u00e4dande som kapellm\u00e4stare 1974.<\/p>\n<p>&#8211; N\u00e4r jag spelade med Sammy Davis p\u00e5 Hamburger b\u00f6rs, Skandinavium, Oslo och Tyskland 1976. Och spelningen n\u00e4r svenska kungaparet var p\u00e5 officiellt statsbes\u00f6k i Thailand och vi upptr\u00e4dde p\u00e5 thail\u00e4ndska palatset.<\/p>\n<p>&#8211; Sedan kan jag inte gl\u00f6mma bort mitt f\u00f6rsta gage med Leif Kronlunds orkester i b\u00f6rjan p\u00e5 1970-talet. 175 SEK varav 70 i skatt s\u00e5 det blev 105 kvar.<\/p>\n<p>Under spelningarna p\u00e5 Solkusten i h\u00f6st blir det en hel del mellansnack och anekdoter.<\/p>\n<p>Johan Steng\u00e5rd \u00e4lskar och f\u00e5 spela inf\u00f6r publik oavsett om det \u00e4r st\u00f6rre eller mindre spelningar.<\/p>\n<p>-Det \u00e4r samma publik h\u00e4r som jag har hemma i Sverige. Det fungerar lika bra, de gillar saxofon, repertoaren och mitt s\u00e4tt att spela. Ibland spelar jag f\u00f6r n\u00e5gra middagsg\u00e4ster.<\/p>\n<h2>&#8221;Barcelona&#8221;<\/h2>\n<p>Till konserterna 30 och 31 oktober i Nerja medverkar den svensk sopranen Clarice Granado som \u00e4r dotter till chilensk flyktingfamilj. Hon tilldelades nyligen Anders Walls Giresta-stipendium p\u00e5 125.000 SEK.<\/p>\n<p>-Det blir ofattbart bra d\u00e5 hon tillsammans med Patrik Lundstr\u00f6m framf\u00f6r \u201dBarcelona\u201d som Montserrat Caball\u00e9 sj\u00f6ng med Queen-s\u00e5ngaren Freddie Mercury som var ledmotiv f\u00f6r OS 1992 i Barcelona.<\/p>\n<p>-Vid spelningen i Nerja p\u00e5 elesconditespain.com st\u00e5r entr\u00e9plan \u00f6ppet till v\u00e5r bostad s\u00e5 att alla k\u00e4nner att de kommer hem till oss, h\u00e4lsar Johan som f\u00f6r \u00f6vrigt planerar f\u00f6r nya konserter n\u00e4sta \u00e5r med flabbamenco, ABBA-musik som framf\u00f6rs som flamenco.<\/p>\n<p>-Just nu letar jag efter duktiga spanska dansare. Det ska vara \u00e4kta vara, s\u00e4ger Johan som \u00e4ven planerar att k\u00f6ra f\u00f6rest\u00e4llningar i Sverige.<\/p>\n<h2>Fem konserter under kv\u00e4llstid p\u00e5 Solkusten i m\u00e5nadsskiftet oktober\/november.<\/h2>\n<p><strong>Biljettpris: 35 euro.<\/strong><\/p>\n<p>30-31 oktober i Nerja, i tr\u00e4dg\u00e5rden hemma p\u00e5 elesconditespain.com<\/p>\n<p>1 november Fuengirola, Svenska kyrkan<\/p>\n<p>2 november Almu\u00f1\u00e9car, Chinasol<\/p>\n<p>3 november, Estepona N\u00f3rdico (lokal ej klar)<\/p>\n<h2>OBS! Biljettbokning och info p\u00e5 e-post: <a href=\"mailto:stengardmusic@outlook.com\">stengardmusic@outlook.com<\/a><\/h2>\n<p>&#8211; Du betalar p\u00e5 plats n\u00e4r du kommer. Alla biljettbokare f\u00e5r info om exakt tid och plats via e-post, ber\u00e4ttar Johan Steng\u00e5rd.<\/p>\n","protected":false},"excerpt":{"rendered":"<p>Saxofonisten Johan Steng\u00e5rd \u00e4r tillbaka med fem konserter p\u00e5 Solkusten tillsammans med Joakim Niehof (piano) och Patrik Lundstr\u00f6m (s\u00e5ng och gitarr). Det blir mina 50 \u00e5r som artist med massor av anekdoter och sk\u00f6na upplevelser&#8230;<\/p>\n","protected":false},"author":7,"featured_media":74763,"comment_status":"closed","ping_status":"closed","sticky":false,"template":"","format":"standard","meta":{"_et_pb_use_builder":"","_et_pb_old_content":"","_et_gb_content_width":"","footnotes":""},"categories":[4,45],"tags":[],"class_list":["post-74762","post","type-post","status-publish","format-standard","has-post-thumbnail","hentry","category-artiklar","category-kultur"],"yoast_head":"<!-- This site is optimized with the Yoast SEO Premium plugin v26.2 (Yoast SEO v28.2) - https:\/\/yoast.com\/product\/yoast-seo-premium-wordpress\/ -->\n<title>Johan Steng\u00e5rd ger fem konserter p\u00e5 kusten: \u201dMy way\u201d \u2013 50 \u00e5r p\u00e5 mitt s\u00e4tt!&quot; - Svenska Magasinet<\/title>\n<meta name=\"description\" content=\"Saxofonisten Johan Steng\u00e5rd \u00e4r tillbaka med fem konserter p\u00e5 Solkusten tillsammans med Joakim Niehof (piano) och Patrik Lundstr\u00f6m (s\u00e5ng och gitarr). Det blir mina 50 \u00e5r som artist med massor av anekdoter och sk\u00f6na upplevelser, s\u00e4ger Johan Steng\u00e5rd som p\u00e5 tisdagen fyller 69 \u00e5r.\" \/>\n<meta name=\"robots\" content=\"noindex, follow, max-snippet:-1, max-image-preview:large, max-video-preview:-1\" \/>\n<meta property=\"og:locale\" content=\"sv_SE\" \/>\n<meta property=\"og:type\" content=\"article\" \/>\n<meta property=\"og:title\" content=\"Johan Steng\u00e5rd ger fem konserter p\u00e5 kusten: \u201dMy way\u201d \u2013 50 \u00e5r p\u00e5 mitt s\u00e4tt!&quot;\" \/>\n<meta property=\"og:description\" content=\"Saxofonisten Johan Steng\u00e5rd \u00e4r tillbaka med fem konserter p\u00e5 Solkusten tillsammans med Joakim Niehof (piano) och Patrik Lundstr\u00f6m (s\u00e5ng och gitarr). Det blir mina 50 \u00e5r som artist med massor av anekdoter och sk\u00f6na upplevelser, s\u00e4ger Johan Steng\u00e5rd som p\u00e5 tisdagen fyller 69 \u00e5r.\" \/>\n<meta property=\"og:url\" content=\"https:\/\/lightweb.dev\/l\/svm-temp\/artiklar\/kultur\/johan-stengard-ger-fem-konserter-pa-kusten-my-way-50-ar-pa-mitt-satt\/\" \/>\n<meta property=\"og:site_name\" content=\"Svenska Magasinet\" \/>\n<meta property=\"article:publisher\" content=\"https:\/\/www.facebook.com\/svenskamagasinet\" \/>\n<meta property=\"article:published_time\" content=\"2024-10-01T09:39:08+00:00\" \/>\n<meta property=\"article:modified_time\" content=\"2024-10-02T15:20:32+00:00\" \/>\n<meta property=\"og:image\" content=\"https:\/\/lightweb.dev\/l\/svm-temp\/wp-content\/uploads\/2024\/10\/Stengard-My-Way-stor.jpeg\" \/>\n\t<meta property=\"og:image:width\" content=\"1280\" \/>\n\t<meta property=\"og:image:height\" content=\"800\" \/>\n\t<meta property=\"og:image:type\" content=\"image\/jpeg\" \/>\n<meta name=\"author\" content=\"Ola Josefsson\" \/>\n<meta name=\"twitter:card\" content=\"summary_large_image\" \/>\n<meta name=\"twitter:creator\" content=\"@SvenskaMagasine\" \/>\n<meta name=\"twitter:site\" content=\"@SvenskaMagasine\" \/>\n<script type=\"application\/ld+json\" class=\"yoast-schema-graph\">{\"@context\":\"https:\\\/\\\/schema.org\",\"@graph\":[{\"@type\":\"Article\",\"@id\":\"https:\\\/\\\/lightweb.dev\\\/l\\\/svm-temp\\\/artiklar\\\/kultur\\\/johan-stengard-ger-fem-konserter-pa-kusten-my-way-50-ar-pa-mitt-satt\\\/#article\",\"isPartOf\":{\"@id\":\"https:\\\/\\\/lightweb.dev\\\/l\\\/svm-temp\\\/artiklar\\\/kultur\\\/johan-stengard-ger-fem-konserter-pa-kusten-my-way-50-ar-pa-mitt-satt\\\/\"},\"author\":{\"name\":\"Ola Josefsson\",\"@id\":\"https:\\\/\\\/lightweb.dev\\\/l\\\/svm-temp\\\/#\\\/schema\\\/person\\\/7a82b8a73d171d32360a564b6d03508e\"},\"headline\":\"Johan Steng\u00e5rd ger fem konserter p\u00e5 kusten: \u201dMy way\u201d \u2013 50 \u00e5r p\u00e5 mitt s\u00e4tt!&#8221;\",\"datePublished\":\"2024-10-01T09:39:08+00:00\",\"dateModified\":\"2024-10-02T15:20:32+00:00\",\"mainEntityOfPage\":{\"@id\":\"https:\\\/\\\/lightweb.dev\\\/l\\\/svm-temp\\\/artiklar\\\/kultur\\\/johan-stengard-ger-fem-konserter-pa-kusten-my-way-50-ar-pa-mitt-satt\\\/\"},\"wordCount\":569,\"publisher\":{\"@id\":\"https:\\\/\\\/lightweb.dev\\\/l\\\/svm-temp\\\/#organization\"},\"image\":{\"@id\":\"https:\\\/\\\/lightweb.dev\\\/l\\\/svm-temp\\\/artiklar\\\/kultur\\\/johan-stengard-ger-fem-konserter-pa-kusten-my-way-50-ar-pa-mitt-satt\\\/#primaryimage\"},\"thumbnailUrl\":\"https:\\\/\\\/lightweb.dev\\\/l\\\/svm-temp\\\/wp-content\\\/uploads\\\/2024\\\/10\\\/Stengard-My-Way-stor.jpeg\",\"articleSection\":[\"Artiklar\",\"Kultur &amp; historia\"],\"inLanguage\":\"sv-SE\"},{\"@type\":\"WebPage\",\"@id\":\"https:\\\/\\\/lightweb.dev\\\/l\\\/svm-temp\\\/artiklar\\\/kultur\\\/johan-stengard-ger-fem-konserter-pa-kusten-my-way-50-ar-pa-mitt-satt\\\/\",\"url\":\"https:\\\/\\\/lightweb.dev\\\/l\\\/svm-temp\\\/artiklar\\\/kultur\\\/johan-stengard-ger-fem-konserter-pa-kusten-my-way-50-ar-pa-mitt-satt\\\/\",\"name\":\"Johan Steng\u00e5rd ger fem konserter p\u00e5 kusten: \u201dMy way\u201d \u2013 50 \u00e5r p\u00e5 mitt s\u00e4tt!\\\" - Svenska Magasinet\",\"isPartOf\":{\"@id\":\"https:\\\/\\\/lightweb.dev\\\/l\\\/svm-temp\\\/#website\"},\"primaryImageOfPage\":{\"@id\":\"https:\\\/\\\/lightweb.dev\\\/l\\\/svm-temp\\\/artiklar\\\/kultur\\\/johan-stengard-ger-fem-konserter-pa-kusten-my-way-50-ar-pa-mitt-satt\\\/#primaryimage\"},\"image\":{\"@id\":\"https:\\\/\\\/lightweb.dev\\\/l\\\/svm-temp\\\/artiklar\\\/kultur\\\/johan-stengard-ger-fem-konserter-pa-kusten-my-way-50-ar-pa-mitt-satt\\\/#primaryimage\"},\"thumbnailUrl\":\"https:\\\/\\\/lightweb.dev\\\/l\\\/svm-temp\\\/wp-content\\\/uploads\\\/2024\\\/10\\\/Stengard-My-Way-stor.jpeg\",\"datePublished\":\"2024-10-01T09:39:08+00:00\",\"dateModified\":\"2024-10-02T15:20:32+00:00\",\"description\":\"Saxofonisten Johan Steng\u00e5rd \u00e4r tillbaka med fem konserter p\u00e5 Solkusten tillsammans med Joakim Niehof (piano) och Patrik Lundstr\u00f6m (s\u00e5ng och gitarr). Det blir mina 50 \u00e5r som artist med massor av anekdoter och sk\u00f6na upplevelser, s\u00e4ger Johan Steng\u00e5rd som p\u00e5 tisdagen fyller 69 \u00e5r.\",\"breadcrumb\":{\"@id\":\"https:\\\/\\\/lightweb.dev\\\/l\\\/svm-temp\\\/artiklar\\\/kultur\\\/johan-stengard-ger-fem-konserter-pa-kusten-my-way-50-ar-pa-mitt-satt\\\/#breadcrumb\"},\"inLanguage\":\"sv-SE\",\"potentialAction\":[{\"@type\":\"ReadAction\",\"target\":[\"https:\\\/\\\/lightweb.dev\\\/l\\\/svm-temp\\\/artiklar\\\/kultur\\\/johan-stengard-ger-fem-konserter-pa-kusten-my-way-50-ar-pa-mitt-satt\\\/\"]}]},{\"@type\":\"ImageObject\",\"inLanguage\":\"sv-SE\",\"@id\":\"https:\\\/\\\/lightweb.dev\\\/l\\\/svm-temp\\\/artiklar\\\/kultur\\\/johan-stengard-ger-fem-konserter-pa-kusten-my-way-50-ar-pa-mitt-satt\\\/#primaryimage\",\"url\":\"https:\\\/\\\/lightweb.dev\\\/l\\\/svm-temp\\\/wp-content\\\/uploads\\\/2024\\\/10\\\/Stengard-My-Way-stor.jpeg\",\"contentUrl\":\"https:\\\/\\\/lightweb.dev\\\/l\\\/svm-temp\\\/wp-content\\\/uploads\\\/2024\\\/10\\\/Stengard-My-Way-stor.jpeg\",\"width\":1280,\"height\":800},{\"@type\":\"BreadcrumbList\",\"@id\":\"https:\\\/\\\/lightweb.dev\\\/l\\\/svm-temp\\\/artiklar\\\/kultur\\\/johan-stengard-ger-fem-konserter-pa-kusten-my-way-50-ar-pa-mitt-satt\\\/#breadcrumb\",\"itemListElement\":[{\"@type\":\"ListItem\",\"position\":1,\"name\":\"Hem\",\"item\":\"https:\\\/\\\/lightweb.dev\\\/l\\\/svm-temp\\\/\"},{\"@type\":\"ListItem\",\"position\":2,\"name\":\"Johan Steng\u00e5rd ger fem konserter p\u00e5 kusten: \u201dMy way\u201d \u2013 50 \u00e5r p\u00e5 mitt s\u00e4tt!&#8221;\"}]},{\"@type\":\"WebSite\",\"@id\":\"https:\\\/\\\/lightweb.dev\\\/l\\\/svm-temp\\\/#website\",\"url\":\"https:\\\/\\\/lightweb.dev\\\/l\\\/svm-temp\\\/\",\"name\":\"Svenska Magasinet\",\"description\":\"Dina Spanska nyheter p&aring; Svenska\",\"publisher\":{\"@id\":\"https:\\\/\\\/lightweb.dev\\\/l\\\/svm-temp\\\/#organization\"},\"potentialAction\":[{\"@type\":\"SearchAction\",\"target\":{\"@type\":\"EntryPoint\",\"urlTemplate\":\"https:\\\/\\\/lightweb.dev\\\/l\\\/svm-temp\\\/?s={search_term_string}\"},\"query-input\":{\"@type\":\"PropertyValueSpecification\",\"valueRequired\":true,\"valueName\":\"search_term_string\"}}],\"inLanguage\":\"sv-SE\"},{\"@type\":\"Organization\",\"@id\":\"https:\\\/\\\/lightweb.dev\\\/l\\\/svm-temp\\\/#organization\",\"name\":\"Melkerson y Nott SL\",\"alternateName\":\"Svenska Magasinet\",\"url\":\"https:\\\/\\\/lightweb.dev\\\/l\\\/svm-temp\\\/\",\"logo\":{\"@type\":\"ImageObject\",\"inLanguage\":\"sv-SE\",\"@id\":\"https:\\\/\\\/lightweb.dev\\\/l\\\/svm-temp\\\/#\\\/schema\\\/logo\\\/image\\\/\",\"url\":\"https:\\\/\\\/lightweb.dev\\\/l\\\/svm-temp\\\/wp-content\\\/uploads\\\/2025\\\/02\\\/SvM-logo-Xtra-Centrerad-SVART.png\",\"contentUrl\":\"https:\\\/\\\/lightweb.dev\\\/l\\\/svm-temp\\\/wp-content\\\/uploads\\\/2025\\\/02\\\/SvM-logo-Xtra-Centrerad-SVART.png\",\"width\":300,\"height\":99,\"caption\":\"Melkerson y Nott SL\"},\"image\":{\"@id\":\"https:\\\/\\\/lightweb.dev\\\/l\\\/svm-temp\\\/#\\\/schema\\\/logo\\\/image\\\/\"},\"sameAs\":[\"https:\\\/\\\/www.facebook.com\\\/svenskamagasinet\",\"https:\\\/\\\/x.com\\\/SvenskaMagasine\"]},{\"@type\":\"Person\",\"@id\":\"https:\\\/\\\/lightweb.dev\\\/l\\\/svm-temp\\\/#\\\/schema\\\/person\\\/7a82b8a73d171d32360a564b6d03508e\",\"name\":\"Ola Josefsson\",\"description\":\"Bevakar Solkusten och Spanien sedan 1994.\",\"sameAs\":[\"https:\\\/\\\/lightweb.dev\\\/l\\\/svm-temp\"],\"url\":\"https:\\\/\\\/lightweb.dev\\\/l\\\/svm-temp\\\/reporter\\\/ola-josefsson\\\/\"}]}<\/script>\n<!-- \/ Yoast SEO Premium plugin. -->","yoast_head_json":{"title":"Johan Steng\u00e5rd ger fem konserter p\u00e5 kusten: \u201dMy way\u201d \u2013 50 \u00e5r p\u00e5 mitt s\u00e4tt!\" - Svenska Magasinet","description":"Saxofonisten Johan Steng\u00e5rd \u00e4r tillbaka med fem konserter p\u00e5 Solkusten tillsammans med Joakim Niehof (piano) och Patrik Lundstr\u00f6m (s\u00e5ng och gitarr). Det blir mina 50 \u00e5r som artist med massor av anekdoter och sk\u00f6na upplevelser, s\u00e4ger Johan Steng\u00e5rd som p\u00e5 tisdagen fyller 69 \u00e5r.","robots":{"index":"noindex","follow":"follow","max-snippet":"max-snippet:-1","max-image-preview":"max-image-preview:large","max-video-preview":"max-video-preview:-1"},"og_locale":"sv_SE","og_type":"article","og_title":"Johan Steng\u00e5rd ger fem konserter p\u00e5 kusten: \u201dMy way\u201d \u2013 50 \u00e5r p\u00e5 mitt s\u00e4tt!\"","og_description":"Saxofonisten Johan Steng\u00e5rd \u00e4r tillbaka med fem konserter p\u00e5 Solkusten tillsammans med Joakim Niehof (piano) och Patrik Lundstr\u00f6m (s\u00e5ng och gitarr). Det blir mina 50 \u00e5r som artist med massor av anekdoter och sk\u00f6na upplevelser, s\u00e4ger Johan Steng\u00e5rd som p\u00e5 tisdagen fyller 69 \u00e5r.","og_url":"https:\/\/lightweb.dev\/l\/svm-temp\/artiklar\/kultur\/johan-stengard-ger-fem-konserter-pa-kusten-my-way-50-ar-pa-mitt-satt\/","og_site_name":"Svenska Magasinet","article_publisher":"https:\/\/www.facebook.com\/svenskamagasinet","article_published_time":"2024-10-01T09:39:08+00:00","article_modified_time":"2024-10-02T15:20:32+00:00","og_image":[{"width":1280,"height":800,"url":"https:\/\/lightweb.dev\/l\/svm-temp\/wp-content\/uploads\/2024\/10\/Stengard-My-Way-stor.jpeg","type":"image\/jpeg"}],"author":"Ola Josefsson","twitter_card":"summary_large_image","twitter_creator":"@SvenskaMagasine","twitter_site":"@SvenskaMagasine","schema":{"@context":"https:\/\/schema.org","@graph":[{"@type":"Article","@id":"https:\/\/lightweb.dev\/l\/svm-temp\/artiklar\/kultur\/johan-stengard-ger-fem-konserter-pa-kusten-my-way-50-ar-pa-mitt-satt\/#article","isPartOf":{"@id":"https:\/\/lightweb.dev\/l\/svm-temp\/artiklar\/kultur\/johan-stengard-ger-fem-konserter-pa-kusten-my-way-50-ar-pa-mitt-satt\/"},"author":{"name":"Ola Josefsson","@id":"https:\/\/lightweb.dev\/l\/svm-temp\/#\/schema\/person\/7a82b8a73d171d32360a564b6d03508e"},"headline":"Johan Steng\u00e5rd ger fem konserter p\u00e5 kusten: \u201dMy way\u201d \u2013 50 \u00e5r p\u00e5 mitt s\u00e4tt!&#8221;","datePublished":"2024-10-01T09:39:08+00:00","dateModified":"2024-10-02T15:20:32+00:00","mainEntityOfPage":{"@id":"https:\/\/lightweb.dev\/l\/svm-temp\/artiklar\/kultur\/johan-stengard-ger-fem-konserter-pa-kusten-my-way-50-ar-pa-mitt-satt\/"},"wordCount":569,"publisher":{"@id":"https:\/\/lightweb.dev\/l\/svm-temp\/#organization"},"image":{"@id":"https:\/\/lightweb.dev\/l\/svm-temp\/artiklar\/kultur\/johan-stengard-ger-fem-konserter-pa-kusten-my-way-50-ar-pa-mitt-satt\/#primaryimage"},"thumbnailUrl":"https:\/\/lightweb.dev\/l\/svm-temp\/wp-content\/uploads\/2024\/10\/Stengard-My-Way-stor.jpeg","articleSection":["Artiklar","Kultur &amp; historia"],"inLanguage":"sv-SE"},{"@type":"WebPage","@id":"https:\/\/lightweb.dev\/l\/svm-temp\/artiklar\/kultur\/johan-stengard-ger-fem-konserter-pa-kusten-my-way-50-ar-pa-mitt-satt\/","url":"https:\/\/lightweb.dev\/l\/svm-temp\/artiklar\/kultur\/johan-stengard-ger-fem-konserter-pa-kusten-my-way-50-ar-pa-mitt-satt\/","name":"Johan Steng\u00e5rd ger fem konserter p\u00e5 kusten: \u201dMy way\u201d \u2013 50 \u00e5r p\u00e5 mitt s\u00e4tt!\" - Svenska Magasinet","isPartOf":{"@id":"https:\/\/lightweb.dev\/l\/svm-temp\/#website"},"primaryImageOfPage":{"@id":"https:\/\/lightweb.dev\/l\/svm-temp\/artiklar\/kultur\/johan-stengard-ger-fem-konserter-pa-kusten-my-way-50-ar-pa-mitt-satt\/#primaryimage"},"image":{"@id":"https:\/\/lightweb.dev\/l\/svm-temp\/artiklar\/kultur\/johan-stengard-ger-fem-konserter-pa-kusten-my-way-50-ar-pa-mitt-satt\/#primaryimage"},"thumbnailUrl":"https:\/\/lightweb.dev\/l\/svm-temp\/wp-content\/uploads\/2024\/10\/Stengard-My-Way-stor.jpeg","datePublished":"2024-10-01T09:39:08+00:00","dateModified":"2024-10-02T15:20:32+00:00","description":"Saxofonisten Johan Steng\u00e5rd \u00e4r tillbaka med fem konserter p\u00e5 Solkusten tillsammans med Joakim Niehof (piano) och Patrik Lundstr\u00f6m (s\u00e5ng och gitarr). Det blir mina 50 \u00e5r som artist med massor av anekdoter och sk\u00f6na upplevelser, s\u00e4ger Johan Steng\u00e5rd som p\u00e5 tisdagen fyller 69 \u00e5r.","breadcrumb":{"@id":"https:\/\/lightweb.dev\/l\/svm-temp\/artiklar\/kultur\/johan-stengard-ger-fem-konserter-pa-kusten-my-way-50-ar-pa-mitt-satt\/#breadcrumb"},"inLanguage":"sv-SE","potentialAction":[{"@type":"ReadAction","target":["https:\/\/lightweb.dev\/l\/svm-temp\/artiklar\/kultur\/johan-stengard-ger-fem-konserter-pa-kusten-my-way-50-ar-pa-mitt-satt\/"]}]},{"@type":"ImageObject","inLanguage":"sv-SE","@id":"https:\/\/lightweb.dev\/l\/svm-temp\/artiklar\/kultur\/johan-stengard-ger-fem-konserter-pa-kusten-my-way-50-ar-pa-mitt-satt\/#primaryimage","url":"https:\/\/lightweb.dev\/l\/svm-temp\/wp-content\/uploads\/2024\/10\/Stengard-My-Way-stor.jpeg","contentUrl":"https:\/\/lightweb.dev\/l\/svm-temp\/wp-content\/uploads\/2024\/10\/Stengard-My-Way-stor.jpeg","width":1280,"height":800},{"@type":"BreadcrumbList","@id":"https:\/\/lightweb.dev\/l\/svm-temp\/artiklar\/kultur\/johan-stengard-ger-fem-konserter-pa-kusten-my-way-50-ar-pa-mitt-satt\/#breadcrumb","itemListElement":[{"@type":"ListItem","position":1,"name":"Hem","item":"https:\/\/lightweb.dev\/l\/svm-temp\/"},{"@type":"ListItem","position":2,"name":"Johan Steng\u00e5rd ger fem konserter p\u00e5 kusten: \u201dMy way\u201d \u2013 50 \u00e5r p\u00e5 mitt s\u00e4tt!&#8221;"}]},{"@type":"WebSite","@id":"https:\/\/lightweb.dev\/l\/svm-temp\/#website","url":"https:\/\/lightweb.dev\/l\/svm-temp\/","name":"Svenska Magasinet","description":"Dina Spanska nyheter p&aring; Svenska","publisher":{"@id":"https:\/\/lightweb.dev\/l\/svm-temp\/#organization"},"potentialAction":[{"@type":"SearchAction","target":{"@type":"EntryPoint","urlTemplate":"https:\/\/lightweb.dev\/l\/svm-temp\/?s={search_term_string}"},"query-input":{"@type":"PropertyValueSpecification","valueRequired":true,"valueName":"search_term_string"}}],"inLanguage":"sv-SE"},{"@type":"Organization","@id":"https:\/\/lightweb.dev\/l\/svm-temp\/#organization","name":"Melkerson y Nott SL","alternateName":"Svenska Magasinet","url":"https:\/\/lightweb.dev\/l\/svm-temp\/","logo":{"@type":"ImageObject","inLanguage":"sv-SE","@id":"https:\/\/lightweb.dev\/l\/svm-temp\/#\/schema\/logo\/image\/","url":"https:\/\/lightweb.dev\/l\/svm-temp\/wp-content\/uploads\/2025\/02\/SvM-logo-Xtra-Centrerad-SVART.png","contentUrl":"https:\/\/lightweb.dev\/l\/svm-temp\/wp-content\/uploads\/2025\/02\/SvM-logo-Xtra-Centrerad-SVART.png","width":300,"height":99,"caption":"Melkerson y Nott SL"},"image":{"@id":"https:\/\/lightweb.dev\/l\/svm-temp\/#\/schema\/logo\/image\/"},"sameAs":["https:\/\/www.facebook.com\/svenskamagasinet","https:\/\/x.com\/SvenskaMagasine"]},{"@type":"Person","@id":"https:\/\/lightweb.dev\/l\/svm-temp\/#\/schema\/person\/7a82b8a73d171d32360a564b6d03508e","name":"Ola Josefsson","description":"Bevakar Solkusten och Spanien sedan 1994.","sameAs":["https:\/\/lightweb.dev\/l\/svm-temp"],"url":"https:\/\/lightweb.dev\/l\/svm-temp\/reporter\/ola-josefsson\/"}]}},"_links":{"self":[{"href":"https:\/\/lightweb.dev\/l\/svm-temp\/wp-json\/wp\/v2\/posts\/74762","targetHints":{"allow":["GET"]}}],"collection":[{"href":"https:\/\/lightweb.dev\/l\/svm-temp\/wp-json\/wp\/v2\/posts"}],"about":[{"href":"https:\/\/lightweb.dev\/l\/svm-temp\/wp-json\/wp\/v2\/types\/post"}],"author":[{"embeddable":true,"href":"https:\/\/lightweb.dev\/l\/svm-temp\/wp-json\/wp\/v2\/users\/7"}],"replies":[{"embeddable":true,"href":"https:\/\/lightweb.dev\/l\/svm-temp\/wp-json\/wp\/v2\/comments?post=74762"}],"version-history":[{"count":0,"href":"https:\/\/lightweb.dev\/l\/svm-temp\/wp-json\/wp\/v2\/posts\/74762\/revisions"}],"wp:featuredmedia":[{"embeddable":true,"href":"https:\/\/lightweb.dev\/l\/svm-temp\/wp-json\/wp\/v2\/media\/74763"}],"wp:attachment":[{"href":"https:\/\/lightweb.dev\/l\/svm-temp\/wp-json\/wp\/v2\/media?parent=74762"}],"wp:term":[{"taxonomy":"category","embeddable":true,"href":"https:\/\/lightweb.dev\/l\/svm-temp\/wp-json\/wp\/v2\/categories?post=74762"},{"taxonomy":"post_tag","embeddable":true,"href":"https:\/\/lightweb.dev\/l\/svm-temp\/wp-json\/wp\/v2\/tags?post=74762"}],"curies":[{"name":"wp","href":"https:\/\/api.w.org\/{rel}","templated":true}]}}