{"id":75036,"date":"2024-10-21T21:30:47","date_gmt":"2024-10-21T19:30:47","guid":{"rendered":"https:\/\/lightweb.dev\/l\/svm-temp\/?p=75036"},"modified":"2024-10-21T22:19:46","modified_gmt":"2024-10-21T20:19:46","slug":"inger-enkvist-demokrati-utan-demokrater-upptakten-till-spanska-inbordeskriget","status":"publish","type":"post","link":"https:\/\/lightweb.dev\/l\/svm-temp\/nyheter\/inger-enkvist-demokrati-utan-demokrater-upptakten-till-spanska-inbordeskriget\/","title":{"rendered":"Inger Enkvist: Demokrati utan demokrater \u2013 upptakten till spanska inb\u00f6rdeskriget"},"content":{"rendered":"<p><strong>Med Lad Ley de Memoria Democr\u00e1tica, eller Lagen om det historiska minnet har den spanska socialismen f\u00e4rgat historien f\u00f6r att passa sin egen ideologi.<\/strong><\/p>\n<p><strong>Den som kritiserar den andra republiken som har f\u00e5tt ikonstatus riskerar bli st\u00e4mplad som Francosympatis\u00f6r, fascist eller revisionist.<\/strong><\/p>\n<p>Spanienk\u00e4nnaren, pedagogen och professorn i spanska Inger Enkvist har unders\u00f6kt och granskat den spanska historien. Inte vilken period som helst. Den mellan 14 april 1931 och 17 juli 1936. Som utmynnade i ett inb\u00f6rdeskrig.<\/p>\n<p>Boken \u201dDemokrati utan demokrater \u2013 upptakten till spanska inb\u00f6rdeskriget\u201d (Bokf\u00f6rlaget Augusti) utgavs p\u00e5 svenska f\u00f6r ett \u00e5r sedan. Den ges nu ut \u00e4ven p\u00e5 spanska. F\u00f6r svenskar med anknytning till Spanien som vill l\u00e4ra sig varf\u00f6r Spanien \u00e4r som det \u00e4r idag \u00e4r boken en guldgruva.<\/p>\n<p>&#8211; Den \u00e4r relevant hur det politiska livet fungerar. Jag tror att en svensk med anknytning och intresse i Spanien har stor beh\u00e5llning av boken. Det finns ett intresse av Spanien men kunskapen om landet saknas ibland. Det brister i proportion mellan antalet Spanienresen\u00e4rer och kunskap i historia, s\u00e4ger Inger Enkvist.<\/p>\n<h2><strong>Folkligt missn\u00f6je<\/strong><\/h2>\n<p>Upptakten till det spanska inb\u00f6rdeskriget (1936-1939) b\u00f6rjade redan 1931 n\u00e4r republiken utropades och kung Alfons XIII l\u00e4mnade landet. Under den fem \u00e5r l\u00e5nga perioden ledde misslyckade reformer och \u00f6kande folkligt missn\u00f6je till en allt st\u00f6rre polarisering i det spanska samh\u00e4llet, konflikter som 1936 utmynnade i \u00f6ppet krig.<\/p>\n<div id=\"attachment_75038\" style=\"width: 310px\" class=\"wp-caption alignleft\"><img loading=\"lazy\" decoding=\"async\" aria-describedby=\"caption-attachment-75038\" class=\"size-medium wp-image-75038\" src=\"https:\/\/lightweb.dev\/l\/svm-temp\/wp-content\/uploads\/2024\/10\/01-Inger-Enkvist-stor-300x200.jpeg\" alt=\"\" width=\"300\" height=\"200\" srcset=\"https:\/\/lightweb.dev\/l\/svm-temp\/wp-content\/uploads\/2024\/10\/01-Inger-Enkvist-stor-300x200.jpeg 300w, https:\/\/lightweb.dev\/l\/svm-temp\/wp-content\/uploads\/2024\/10\/01-Inger-Enkvist-stor-900x600.jpeg 900w, https:\/\/lightweb.dev\/l\/svm-temp\/wp-content\/uploads\/2024\/10\/01-Inger-Enkvist-stor-768x512.jpeg 768w, https:\/\/lightweb.dev\/l\/svm-temp\/wp-content\/uploads\/2024\/10\/01-Inger-Enkvist-stor-610x407.jpeg 610w, https:\/\/lightweb.dev\/l\/svm-temp\/wp-content\/uploads\/2024\/10\/01-Inger-Enkvist-stor-1080x721.jpeg 1080w, https:\/\/lightweb.dev\/l\/svm-temp\/wp-content\/uploads\/2024\/10\/01-Inger-Enkvist-stor-600x400.jpeg 600w, https:\/\/lightweb.dev\/l\/svm-temp\/wp-content\/uploads\/2024\/10\/01-Inger-Enkvist-stor.jpeg 1280w\" sizes=\"(max-width: 300px) 100vw, 300px\" \/><p id=\"caption-attachment-75038\" class=\"wp-caption-text\">Det var en orolig och brutal tid, med of\u00f6rsonlig v\u00e5ldsamhet. Det sl\u00e5r mig som felaktigt att Lagen om demokratiskt minne framst\u00e4ller den andra republiken som ett exempel p\u00e5 demokrati, s\u00e4ger Inger Enkvist. (Foto: Andreas Eriksson)<\/p><\/div>\n<p>Den spanska socialistregeringen under Pedro S\u00e1nchez har ingripit i den spanska historieskrivningen genom att i den nya lagen best\u00e4mma hur man ska se p\u00e5 spansk historia, n\u00e5got mycket ovanligt. Det \u00e4r ok\u00e4nt f\u00f6r m\u00e5nga svenskar att det finns en s\u00e5dan lag.<\/p>\n<p>Spanienk\u00e4nnaren, pedagogen och professorn i spanska, Inger Enkvist, skildrar i boken \u201dEn demokrati utan demokrater\u201d de dramatiska h\u00e4ndelser som ledde fram till inb\u00f6rdeskriget.<\/p>\n<p>Med hj\u00e4lp av nya r\u00f6n fr\u00e5n spanska och utl\u00e4ndska historiker och eget forskningsarbete i Spanien, f\u00f6rs\u00f6ker hon klarg\u00f6ra vad som egentligen h\u00e4nde under dessa \u00e5r n\u00e4r allt som kunde g\u00e5 fel ocks\u00e5 gick fel.<\/p>\n<p>I boken rivs de kulisser som de olika sidorna velat resa kring sitt eget efterm\u00e4le.<\/p>\n<p>&#8211; Det var en orolig och brutal tid, med of\u00f6rsonlig v\u00e5ldsamhet. Det sl\u00e5r mig som felaktigt att Lagen om demokratiskt minne framst\u00e4ller den andra republiken som ett exempel p\u00e5 demokrati.<\/p>\n<p>Ingen Enkvist \u00e4r professor emerita i spanska vid Lunds universitet. Hon har tidigare (p\u00e5 annat f\u00f6rlag) bland andra utkommit med boken Er\u00f6vringen av Amerika. Spanien och nya v\u00e4rlden 14921600 (NoK) och Spanska t\u00e4nkare under 1900-talet (Thales). En demokrati utan demokrater \u00e4r hennes f\u00f6rsta bok p\u00e5 Bokf\u00f6rlaget Augusti.<\/p>\n<h2><strong>\u00c4r det ideologi som f\u00e4rgar Spanien nutidshistoria fr\u00e5n 1930-talet och fram\u00e5t?<\/strong><\/h2>\n<p>&#8211; Den nuvarande regeringschefen Pedro S\u00e1nchez f\u00f6ljer i f\u00f6reg\u00e5ngaren Jos\u00e9 Luis Rodr\u00edguez Zapateros fotsp\u00e5r och framst\u00e4ller den andra republiken som en slags demokratisk f\u00f6reg\u00e5ngsperiod. Men det \u00e4r v\u00e4ldigt tveksamt n\u00e4r man verkligen ser och studerar vad som h\u00e4nde. Perioden visar ist\u00e4llet p\u00e5 verkliga problem ur demokratisk synpunkt.<\/p>\n<p>I v\u00e5ra dagars l\u00e4rob\u00f6cker i Spanien ger man ocks\u00e5 en h\u00e5rt redigerad framst\u00e4llning av det som h\u00e4nde, vilket ger en tillr\u00e4ttalagd beskrivning av historien, vilket passar regeringens syfte.<\/p>\n<p><img loading=\"lazy\" decoding=\"async\" class=\"size-medium wp-image-75041 alignleft\" src=\"https:\/\/lightweb.dev\/l\/svm-temp\/wp-content\/uploads\/2024\/10\/IMG_0733-stor-225x300.jpeg\" alt=\"\" width=\"225\" height=\"300\" srcset=\"https:\/\/lightweb.dev\/l\/svm-temp\/wp-content\/uploads\/2024\/10\/IMG_0733-stor-225x300.jpeg 225w, https:\/\/lightweb.dev\/l\/svm-temp\/wp-content\/uploads\/2024\/10\/IMG_0733-stor-675x900.jpeg 675w, https:\/\/lightweb.dev\/l\/svm-temp\/wp-content\/uploads\/2024\/10\/IMG_0733-stor-768x1024.jpeg 768w, https:\/\/lightweb.dev\/l\/svm-temp\/wp-content\/uploads\/2024\/10\/IMG_0733-stor-610x813.jpeg 610w, https:\/\/lightweb.dev\/l\/svm-temp\/wp-content\/uploads\/2024\/10\/IMG_0733-stor-600x800.jpeg 600w, https:\/\/lightweb.dev\/l\/svm-temp\/wp-content\/uploads\/2024\/10\/IMG_0733-stor.jpeg 960w\" sizes=\"(max-width: 225px) 100vw, 225px\" \/><\/p>\n<p>Mitt under den andra republiken, 1934, intr\u00e4ffade ett fullskaligt uppror mot en demokratiskt vald regering. Den tidigare v\u00e4nsterregeringen hade f\u00f6rlorat valet.<\/p>\n<p>&#8211; V\u00e4nstern kunde inte acceptera valresultatet. Bland annat deltog tv\u00e5 tidigare ministrar i planeringen f\u00f6r det milit\u00e4ra upproret. Det viktigaste var makten, och om den kom via demokratiska val eller vapenmakt spelade ingen roll.<\/p>\n<p>Boken \u201dDemokrati utan demokrater \u2013 upptakten till spanska inb\u00f6rdeskriget\u201d best\u00e5r av tre delar. Den st\u00f6rsta delen \u00e4r en beskrivning om vad som verkligen h\u00e4nde.<\/p>\n<p>&#8211; Det \u00e4r en sv\u00e5r och f\u00f6rvirrad tid som jag f\u00f6rs\u00f6ker f\u00f6rklara. Den andra republiken skildras snedvridet i dagens historieskrivning &#8211; av ideologiska sk\u00e4l.<\/p>\n<h2><strong>Viktig r\u00f6st<\/strong><\/h2>\n<p>Inger Enkvist har tidigare medverkat och blivit intervjuad i Svenska Magasinet. Enkvist \u00e4r en viktig r\u00f6st i samh\u00e4llsdebatten n\u00e4r det kommer till utbildning och historia.<\/p>\n<div id=\"attachment_75040\" style=\"width: 310px\" class=\"wp-caption alignleft\"><img loading=\"lazy\" decoding=\"async\" aria-describedby=\"caption-attachment-75040\" class=\"size-medium wp-image-75040\" src=\"https:\/\/lightweb.dev\/l\/svm-temp\/wp-content\/uploads\/2024\/10\/Inger-Fuengirola-stor-300x225.jpeg\" alt=\"\" width=\"300\" height=\"225\" srcset=\"https:\/\/lightweb.dev\/l\/svm-temp\/wp-content\/uploads\/2024\/10\/Inger-Fuengirola-stor-300x225.jpeg 300w, https:\/\/lightweb.dev\/l\/svm-temp\/wp-content\/uploads\/2024\/10\/Inger-Fuengirola-stor-900x675.jpeg 900w, https:\/\/lightweb.dev\/l\/svm-temp\/wp-content\/uploads\/2024\/10\/Inger-Fuengirola-stor-768x576.jpeg 768w, https:\/\/lightweb.dev\/l\/svm-temp\/wp-content\/uploads\/2024\/10\/Inger-Fuengirola-stor-610x458.jpeg 610w, https:\/\/lightweb.dev\/l\/svm-temp\/wp-content\/uploads\/2024\/10\/Inger-Fuengirola-stor-1080x810.jpeg 1080w, https:\/\/lightweb.dev\/l\/svm-temp\/wp-content\/uploads\/2024\/10\/Inger-Fuengirola-stor-600x450.jpeg 600w, https:\/\/lightweb.dev\/l\/svm-temp\/wp-content\/uploads\/2024\/10\/Inger-Fuengirola-stor.jpeg 1280w\" sizes=\"(max-width: 300px) 100vw, 300px\" \/><p id=\"caption-attachment-75040\" class=\"wp-caption-text\">Inger Enkvist har tidigare medverkat och blivit intervjuad i Svenska Magasinet. Hon har \u00e4ven f\u00f6rel\u00e4st vid Svenska skolan i Fuengirola<\/p><\/div>\n<p>Inte minst i v\u00e5ra dagar n\u00e4r ideologier riskerar att s\u00e4tta dagordningen \u00f6ver vad som ska vara politiskt korrekt och vad som ska g\u00e4lla vid utbildning.<\/p>\n<p>Att det blev en bok var resultatet av f\u00f6rel\u00e4sningar som Inger Enkvist h\u00f6ll f\u00f6r studenter.<\/p>\n<p>&#8211; Jag fick ett uppdrag av Europastudier att f\u00f6r studenter som inte specialiserade sig p\u00e5 Spanien kort ber\u00e4tta det viktigaste. Jag valde att ber\u00e4tta om den muslimska tiden och \u00e5terer\u00f6vringen, uppt\u00e4ckten av Nya v\u00e4rlden och Spanien under 1930-talet.<\/p>\n<p>&#8211; Senare blev jag ombedd att g\u00f6ra en podd om 1930-talet och andra republiken. En f\u00f6rl\u00e4ggare h\u00f6rde av sig. Det l\u00e5ter som att du har material f\u00f6r en bok, sa f\u00f6rl\u00e4ggaren till mig.<\/p>\n<p>Inger Enkvist fokuserar p\u00e5 perioden ur b\u00e5de ett historiskt och ett statsvetenskapligt perspektiv. Vilka villkor som ska g\u00e4lla om demokrati ska fungera? Det \u00e4r tydligt att lagar m\u00e5ste uppr\u00e4tth\u00e5llas och att politiker m\u00e5ste respektera valresultatet \u00e4ven n\u00e4r motst\u00e5ndaren vinner.<\/p>\n<p>Om demokrati ska fungera i verkligheten m\u00e5ste det finnas partier f\u00f6r olika \u00e5siktsyttringar. S\u00e4tter man upp en demokrati utan att de h\u00e4r omst\u00e4ndigheterna f\u00f6religger kan det bli farligt. Det kan skena iv\u00e4g utan att n\u00e5gon har kontroll, menar Inger Enkvist.<\/p>\n<p>Efter att den andra republiken hade utropats kom en regering till makten som styrde p\u00e5 ett s\u00e4tt som inte i f\u00f6rsta hand byggde p\u00e5 inv\u00e5narnas vilja. Regeringen menade sig sl\u00e5 vakt om demokrati men fattade beslut utifr\u00e5n sina egna kriterier utan att lyssna p\u00e5 v\u00e4ljarna.<\/p>\n<h2><strong>F\u00f6rvr\u00e4ngning<\/strong><\/h2>\n<p>Enligt Inger Enkvist \u00e4r forskningen om den andra republiken delad i tv\u00e5 grenar. En gren som bygger p\u00e5 nya fakta som tagits fram, men den motarbetas, medan den andra pr\u00e4glas av ideologi och finansieras med offentliga medel.<\/p>\n<p>&#8211; Regeringen under Jos\u00e9 Luis Rodr\u00edguez Zapatero inf\u00f6rde Lagen om det historiska minnet som kom f\u00f6re den om demokratiskt minne. D\u00e4r avsattes pengar till de historiker och filmskapare som ger den version som regeringen ville ha. Pengarna gjorde och g\u00f6r att det finns en frestelse att tacka ja.<\/p>\n<p>Det leder till en f\u00f6rvr\u00e4ngd historieskrivning som g\u00f6r att spanjorerna har sv\u00e5rt att f\u00f6rst\u00e5 om det \u00e4r sant som s\u00e4gs idag.<\/p>\n<p>Enkvist menar att det \u00e4r viktigt f\u00f6r b\u00e5de m\u00e4nniskor och l\u00e4nder att inte ljuga f\u00f6r varandra. Det finns ett samband mellan god utbildning, ekonomi, m\u00e4nniskors utveckling och en riktig beskrivning av landets historia.<\/p>\n<p>&#8211; Det bekr\u00e4ftar bara varf\u00f6r det ser ut som det g\u00f6r i Spanien idag. Det \u00e4r splittrat och polariserat. Det \u00e4r mycket som inte \u00e4r bra.<\/p>\n<h2><strong>Manipulationer och v\u00e5ld<\/strong><\/h2>\n<p>Den andra republiken ledde till \u00f6kat gatuv\u00e5ld, manipulation och politiskt hat. Det var en period som grusade det spanska folkets f\u00f6rhoppningar och ledde landet till inb\u00f6rdeskrig.<\/p>\n<div id=\"attachment_75039\" style=\"width: 310px\" class=\"wp-caption alignleft\"><img loading=\"lazy\" decoding=\"async\" aria-describedby=\"caption-attachment-75039\" class=\"size-medium wp-image-75039\" src=\"https:\/\/lightweb.dev\/l\/svm-temp\/wp-content\/uploads\/2024\/10\/02-stor-1-300x193.jpeg\" alt=\"\" width=\"300\" height=\"193\" srcset=\"https:\/\/lightweb.dev\/l\/svm-temp\/wp-content\/uploads\/2024\/10\/02-stor-1-300x193.jpeg 300w, https:\/\/lightweb.dev\/l\/svm-temp\/wp-content\/uploads\/2024\/10\/02-stor-1-768x493.jpeg 768w, https:\/\/lightweb.dev\/l\/svm-temp\/wp-content\/uploads\/2024\/10\/02-stor-1-610x392.jpeg 610w, https:\/\/lightweb.dev\/l\/svm-temp\/wp-content\/uploads\/2024\/10\/02-stor-1-600x386.jpeg 600w, https:\/\/lightweb.dev\/l\/svm-temp\/wp-content\/uploads\/2024\/10\/02-stor-1.jpeg 800w\" sizes=\"(max-width: 300px) 100vw, 300px\" \/><p id=\"caption-attachment-75039\" class=\"wp-caption-text\">Den andra republiken utropas och firas i Barcelona. Den skulle utmynna i spanska inb\u00f6rdeskriget. (Foto: Wikipedia)<\/p><\/div>\n<p>&#8211; Den som har makten kan skriva l\u00e4roplan f\u00f6r skolan. De kan tills\u00e4tta personer som g\u00f6r att deras version av historien n\u00e5r ut till befolkningen. Det sker via l\u00e4roplan, utbildning, grundskola och gymnasium.<\/p>\n<p>&#8211; D\u00e5 \u00e4r det viktigt med forskare och historiker som f\u00f6rs\u00f6ker vara s\u00e5 objektiva som m\u00f6jligt och som kan j\u00e4mf\u00f6ra olika k\u00e4llor och kan bed\u00f6ma vilka som \u00e4r mest tillf\u00f6rlitliga.<\/p>\n<p>En del har inst\u00e4llningen att man inte kan n\u00e5 100 procent sanning, s\u00e5 det spelar ingen roll. Granskning och j\u00e4mf\u00f6relser upph\u00f6r och man krymper den tid som l\u00e4ggs p\u00e5 historia.<\/p>\n<p>&#8211; Granska och j\u00e4mf\u00f6ra g\u00f6r v\u00e4nsterhistoriker nerv\u00f6sa, de gillar inte att prata om den andra republikens svagheter. De undviker att n\u00e4mna v\u00e4nsterns politiska v\u00e5ld och de vill inte att spanjorerna ska associera republiken med d\u00f6d och oordning.<\/p>\n<h2><strong>Samh\u00e4llskunskap<\/strong><\/h2>\n<p>&#8211; I st\u00e4llet sv\u00e4ller samh\u00e4llskunskap, vad som g\u00e4ller nu och vad som ska inf\u00f6ras i framtiden. Man byter fokus f\u00f6r unga och l\u00e4r inte ut historia och varifr\u00e5n de kommer utan att de unga \u00e4r medborgare i ett samh\u00e4lle som f\u00f6r\u00e4ndras. D\u00e5 finns det en fara att man inte l\u00e4r sig av historien.<\/p>\n<p>Den andra republiken orsakade det som senare skulle intr\u00e4ffa \u2013 spanska inb\u00f6rdeskriget. Inb\u00f6rdeskriget hade kunnat undvikas. Men den politiska eliten med Alcal\u00e1 Zamora och Manuel Aza\u00f1a hade enormt inflytande men var oansvariga.<\/p>\n<p>Aza\u00f1a ville ha ett sekul\u00e4rt republikanskt Spanien. Indalecio Prieto gjorde allt f\u00f6r att socialismen skulle beh\u00e5lla makten genom att k\u00f6pa vapen till oktoberrevolutionen 1934, och Largo Caballero ville ha en socialistisk enpartistat och uppmanade allt \u00f6ppnare till inb\u00f6rdeskrig.<\/p>\n<p>&#8211; Den andra republiken \u00e4r en varningsklocka \u00f6ver vad som kan h\u00e4nda om politiker med makt fattar beslut utifr\u00e5n sin egen \u00f6nskan och vilja bara f\u00f6r att beh\u00e5lla makten snarare \u00e4n att t\u00e4nka p\u00e5 landets b\u00e4sta.<\/p>\n<h2><strong>Moraliskt misskreditera<\/strong><\/h2>\n<p>Den andra republiken var en period som pr\u00e4glades av brist p\u00e5 fredlig samexistens mellan v\u00e4nster och h\u00f6ger, och hur v\u00e4nstern moraliskt ville eliminera h\u00f6gern. Boken \u00e4gnar flera sidor \u00e5t att analysera hur v\u00e4nstern moraliskt misskrediterade motst\u00e5ndaren.<\/p>\n<p>&#8211; Det som h\u00e4nde d\u00e5 g\u00f6r att man f\u00e5r en djupare f\u00f6rst\u00e5else f\u00f6r v\u00e5r tid. De som inte h\u00f6ll med om republikens id\u00e9er kallades automatiskt f\u00f6r fascister. Det har f\u00f6rts \u00f6ver till nutid.<\/p>\n<p>&#8211; Det \u00e4r ofta i samh\u00e4llsdebatten fascistkortet \u00e5ker upp och \u00e4ven termer som h\u00f6gerextrem, homofob och islamofob anv\u00e4nds. Avsikten \u00e4r att misst\u00e4nkligg\u00f6ra och eliminera motst\u00e5ndaren fr\u00e5n det offentliga rummet, inte fysiskt utan moraliskt.<\/p>\n<p>&#8211; Det \u00e4r anm\u00e4rkningsv\u00e4rt att den andra sidan inte svarar p\u00e5 samma s\u00e4tt.<\/p>\n<p>Det fanns ingen demokratisk grundsyn. N\u00e4r vi vet hur 30-talet slutade \u00e4r det oroande att vi inte l\u00e4rt oss n\u00e5got, nu forts\u00e4tter det p\u00e5 samma aggressiva s\u00e4tt.<\/p>\n<p>&#8211; Om elever l\u00e4r i skolan varf\u00f6r det gick s\u00e5 galet, hj\u00e4lper det dem vara vaksamma och alerta n\u00e4r samma metoder anv\u00e4nds idag.<\/p>\n<h2><strong>\u201dLa Ley de Memoria Hist\u00f3rica och la Ley de Memoria Democr\u00e1tica\u201d<\/strong><\/h2>\n<p>Den f\u00f6rsta lagen inf\u00f6rdes av Jos\u00e9 Luis Rodr\u00edguez Zapatero och den andra av Pedro S\u00e1nchez. De uttrycker en politisk vilja att skriva historien. Regeringen manipulerar sina inv\u00e5nare.<\/p>\n<p>&#8211; De g\u00f6mmer undan det som inte \u00e4r positivt fr\u00e5n perioden med republik p\u00e5 30-talet.<\/p>\n<p>Inger Enkvist har studerat l\u00e4rob\u00f6ckerna vid skolor i Spanien och kan konstatera att det inte alltid \u00e4r sanningen som l\u00e4rs ut. Att utel\u00e4mna information och fakta \u00e4r lika allvarligt som att l\u00e4gga till felaktiga uppgifter.<\/p>\n<h2><strong>Ge ett exempel?<\/strong><\/h2>\n<p>&#8211; Vi kan se p\u00e5 v\u00e5ra dagars l\u00e4rob\u00f6cker. Det handlar inte om att bl\u00e5ljuga utan att utel\u00e4mna fakta och uppgifter som upproret 1934. Samtidigt inf\u00f6rdes kvinnlig r\u00f6str\u00e4tt och ett stort foto p\u00e5 kvinnor \u00e4r publicerat. Men n\u00e5got foto fr\u00e5n upproret finns inte. H\u00e4r styrs elevernas uppm\u00e4rksamhet n\u00e4r man utel\u00e4mnar vissa fakta.<\/p>\n<p>Unders\u00f6kningar visar att det bara \u00e4r de yngsta bland Spaniens befolkning, de mellan 18 och 29 \u00e5r, som ser sig vara republikaner.<\/p>\n<p>&#8211; S\u00e5 blir det n\u00e4r skolb\u00f6cker f\u00f6rvr\u00e4nger den andra republikens historia och utel\u00e4mnar fakta som oktoberrevolutionen 1934 d\u00e4r v\u00e4nstern tog till vapen mot den legitima och demokratiskt valda regeringen.<\/p>\n<p>Det manipuleras p\u00e5 andra s\u00e4tt genom att undvika att s\u00e4ga att det fanns censur under den andra republiken, att kyrkor och kloster br\u00e4ndes och att regeringen inte gjorde n\u00e5got f\u00f6r att f\u00f6rhindra det eller straffa dem som utf\u00f6rde v\u00e5ldsd\u00e5den. Och det n\u00e4mns inte heller att de friheter som fastst\u00e4lldes i 1931 \u00e5rs konstitution samtidigt togs bort.<\/p>\n<p>&#8211; Det \u00e4r en manipulativ del, d\u00e4r v\u00e4nstern i st\u00e4llet framst\u00e4lls som offer. Lagen om det demokratiska minnet \u00e4r manipulativ. Det \u00e4r mycket ovanligt i Europa i v\u00e5ra dagar att en regering styr historieskrivningen p\u00e5 det s\u00e4tt som sker i Spanien, menar Inger Enkvist.<\/p>\n<h2><strong>PP r\u00e4dda f\u00f6r sitt f\u00f6rflutna<\/strong><\/h2>\n<p>Spaniens nuvarande opposition med liberalkonservativa Partido Popular i spetsen engagerar sig inte i fr\u00e5gan.\u00a0Kanske \u00e4r de r\u00e4dda f\u00f6r vad som skulle komma fram, inte fr\u00e5n andra republiken men fr\u00e5n inb\u00f6rdeskriget och Francotiden.<\/p>\n<p>&#8211; Under flera decennier har de l\u00e5tit bli att ta itu med fr\u00e5gan samtidigt som det varit ett starkt tryck fr\u00e5n v\u00e4nstern. Min gissning \u00e4r att trycket fr\u00e5n v\u00e4nstern har gjort att h\u00f6gern tigit och att enskilda historiker inte har velat studera perioden d\u00e4rf\u00f6r att de \u00e4r r\u00e4dda f\u00f6r p\u00e5hopp, om de tar fram fakta som inte passar v\u00e4nstern.<\/p>\n<p>Inger Enkvist menar att det finns ett f\u00e5tal utm\u00e4rkta historiker som ber\u00e4ttar hur valen gick till och vad som intr\u00e4ffade under 1930-talet och den andra republiken. Det finns allt mer bra forskning om perioden. Kanske det \u00e4r dags att skriva om historien. Det beh\u00f6vs mer fri forskning om Spaniens samtidshistoria, s\u00e4ger Inger Enkvist och n\u00e4mner Stanley Payne, Roberto Villa Garc\u00eda och Manuel \u00c1lvarez Tard\u00edo.<\/p>\n<p>Andra f\u00f6rfattare \u00e4r ocks\u00e5 Sergio Campos Cacho och Jos\u00e9 Antonio Mart\u00edn Ot\u00edn och boken \u201dViolencia roja antes de la Guerra Civil\u201d (Espasa), Det r\u00f6da v\u00e5ldet f\u00f6re inb\u00f6rdeskriget identifierar och beskriver v\u00e4nsterextrema personer som k\u00f6r ut nunnor ur klosterbyggnader och hur tortyr utf\u00f6rdes p\u00e5 politiska motst\u00e5ndare, redan innan milit\u00e4rupproret kom.<\/p>\n<h2><strong>S\u00e5 var det en kamp mellan demokrater och fascister som utspelade sig i 1930-talets Spanien?<\/strong><\/h2>\n<p>&#8211; Nej det var det inte. Spanska inb\u00f6rdeskriget var inte en kamp d\u00e4r h\u00f6gern var fascister och v\u00e4nstern var demokrater. Det var en kamp mellan revolution\u00e4rer som vill ha en sovjetliknande revolution och antirevolution\u00e4rer.<\/p>\n<p>&nbsp;<\/p>\n<h2><strong>M\u00e1laga under den andra republiken<\/strong><\/h2>\n<p>Det \u00e4r en dramatisk historia som utspelat sig i kvarteren runt Teatro Cervantes i M\u00e1laga. H\u00e4r l\u00e5g tidigare klostret Convento de Nuestra Se\u00f1ora de la Merced fr\u00e5n 1507.<\/p>\n<p><img loading=\"lazy\" decoding=\"async\" class=\"size-medium wp-image-75042 alignleft\" src=\"https:\/\/lightweb.dev\/l\/svm-temp\/wp-content\/uploads\/2024\/10\/sin-tc3adtulo-stor-213x300.jpeg\" alt=\"\" width=\"213\" height=\"300\" srcset=\"https:\/\/lightweb.dev\/l\/svm-temp\/wp-content\/uploads\/2024\/10\/sin-tc3adtulo-stor-213x300.jpeg 213w, https:\/\/lightweb.dev\/l\/svm-temp\/wp-content\/uploads\/2024\/10\/sin-tc3adtulo-stor.jpeg 455w\" sizes=\"(max-width: 213px) 100vw, 213px\" \/><\/p>\n<p>Det var bland de kloster i Spanien som drabbades h\u00e5rdast av den v\u00e5ldskampanj som p\u00e5gick mot kyrkor och kloster som eldh\u00e4rjades den 10 till 13 maj 1931, bara n\u00e5gra veckor efter att den andra republiken hade utropats. Det har kommit att kallas \u201dLa quema de conventos\u201d.<\/p>\n<p>M\u00e1laga var bland de st\u00e4der i Spanien som p\u00e5verkades mest n\u00e4r anarkister och v\u00e4nsterradikala mordbr\u00e4nnare t\u00e4nde p\u00e5 religi\u00f6sa byggnader. Konstn\u00e4rlig, kulturellt och historiskt arv f\u00f6rst\u00f6rdes f\u00f6r alltid. M\u00e4ngder av ov\u00e4rderliga, historiska, konstn\u00e4rliga skatter gick f\u00f6rlorade.<\/p>\n<p>&#8211; Bara efter en m\u00e5nad med republik startade en v\u00e5ldsv\u00e5g. Regeringen satte inte stopp f\u00f6r v\u00e5ldsv\u00e5gen och de s\u00f6kte inte efter de ansvariga. Allm\u00e4nheten f\u00f6rstod att republiken inte t\u00e4nkte se till att lag och ordning uppr\u00e4tth\u00f6lls, s\u00e4ger Inger Enkvist.<\/p>\n","protected":false},"excerpt":{"rendered":"<p>Med Lad Ley de Memoria Democr\u00e1tica, eller Lagen om det historiska minnet har den spanska socialismen f\u00e4rgat historien f\u00f6r att passa sin egen ideologi. Den som kritiserar den andra republiken som har f\u00e5tt ikonstatus riskerar bli st\u00e4mplad som Francosympatis\u00f6r, fascist eller revisionist&#8230;<\/p>\n","protected":false},"author":7,"featured_media":75037,"comment_status":"closed","ping_status":"closed","sticky":false,"template":"","format":"standard","meta":{"_et_pb_use_builder":"","_et_pb_old_content":"","_et_gb_content_width":"","footnotes":""},"categories":[395,3],"tags":[],"class_list":["post-75036","post","type-post","status-publish","format-standard","has-post-thumbnail","hentry","category-arkiv-nyheter","category-nyheter"],"yoast_head":"<!-- This site is optimized with the Yoast SEO Premium plugin v26.2 (Yoast SEO v27.4) - https:\/\/yoast.com\/product\/yoast-seo-premium-wordpress\/ -->\n<title>Inger Enkvist: Demokrati utan demokrater \u2013 upptakten till spanska inb\u00f6rdeskriget - Svenska Magasinet<\/title>\n<meta name=\"description\" content=\"Med Lad Ley de Memoria Democr\u00e1tica, eller Lagen om det historiska minnet har den spanska socialismen f\u00e4rgat historien f\u00f6r att passa sin egen ideologi. Den som kritiserar den andra republiken som har f\u00e5tt ikonstatus riskerar bli st\u00e4mplad som Francosympatis\u00f6r, fascist eller revisionist.\" \/>\n<meta name=\"robots\" content=\"noindex, follow, max-snippet:-1, max-image-preview:large, max-video-preview:-1\" \/>\n<meta property=\"og:locale\" content=\"sv_SE\" \/>\n<meta property=\"og:type\" content=\"article\" \/>\n<meta property=\"og:title\" content=\"Inger Enkvist: Demokrati utan demokrater \u2013 upptakten till spanska inb\u00f6rdeskriget\" \/>\n<meta property=\"og:description\" content=\"Med Lad Ley de Memoria Democr\u00e1tica, eller Lagen om det historiska minnet har den spanska socialismen f\u00e4rgat historien f\u00f6r att passa sin egen ideologi. Den som kritiserar den andra republiken som har f\u00e5tt ikonstatus riskerar bli st\u00e4mplad som Francosympatis\u00f6r, fascist eller revisionist.\" \/>\n<meta property=\"og:url\" content=\"https:\/\/lightweb.dev\/l\/svm-temp\/artiklar\/reportage\/inger-enkvist-demokrati-utan-demokrater-upptakten-till-spanska-inbordeskriget\/\" \/>\n<meta property=\"og:site_name\" content=\"Svenska Magasinet\" \/>\n<meta property=\"article:publisher\" content=\"https:\/\/www.facebook.com\/svenskamagasinet\" \/>\n<meta property=\"article:published_time\" content=\"2024-10-21T19:30:47+00:00\" \/>\n<meta property=\"article:modified_time\" content=\"2024-10-21T20:19:46+00:00\" \/>\n<meta property=\"og:image\" content=\"https:\/\/lightweb.dev\/l\/svm-temp\/wp-content\/uploads\/2024\/10\/Bok-friklipp-IMG_0732-stor.jpeg\" \/>\n\t<meta property=\"og:image:width\" content=\"960\" \/>\n\t<meta property=\"og:image:height\" content=\"1280\" \/>\n\t<meta property=\"og:image:type\" content=\"image\/jpeg\" \/>\n<meta name=\"author\" content=\"Ola Josefsson\" \/>\n<meta name=\"twitter:card\" content=\"summary_large_image\" \/>\n<meta name=\"twitter:creator\" content=\"@SvenskaMagasine\" \/>\n<meta name=\"twitter:site\" content=\"@SvenskaMagasine\" \/>\n<script type=\"application\/ld+json\" class=\"yoast-schema-graph\">{\"@context\":\"https:\\\/\\\/schema.org\",\"@graph\":[{\"@type\":\"Article\",\"@id\":\"https:\\\/\\\/lightweb.dev\\\/l\\\/svm-temp\\\/artiklar\\\/reportage\\\/inger-enkvist-demokrati-utan-demokrater-upptakten-till-spanska-inbordeskriget\\\/#article\",\"isPartOf\":{\"@id\":\"https:\\\/\\\/lightweb.dev\\\/l\\\/svm-temp\\\/artiklar\\\/reportage\\\/inger-enkvist-demokrati-utan-demokrater-upptakten-till-spanska-inbordeskriget\\\/\"},\"author\":{\"name\":\"Ola Josefsson\",\"@id\":\"https:\\\/\\\/lightweb.dev\\\/l\\\/svm-temp\\\/#\\\/schema\\\/person\\\/7a82b8a73d171d32360a564b6d03508e\"},\"headline\":\"Inger Enkvist: Demokrati utan demokrater \u2013 upptakten till spanska inb\u00f6rdeskriget\",\"datePublished\":\"2024-10-21T19:30:47+00:00\",\"dateModified\":\"2024-10-21T20:19:46+00:00\",\"mainEntityOfPage\":{\"@id\":\"https:\\\/\\\/lightweb.dev\\\/l\\\/svm-temp\\\/artiklar\\\/reportage\\\/inger-enkvist-demokrati-utan-demokrater-upptakten-till-spanska-inbordeskriget\\\/\"},\"wordCount\":2716,\"publisher\":{\"@id\":\"https:\\\/\\\/lightweb.dev\\\/l\\\/svm-temp\\\/#organization\"},\"image\":{\"@id\":\"https:\\\/\\\/lightweb.dev\\\/l\\\/svm-temp\\\/artiklar\\\/reportage\\\/inger-enkvist-demokrati-utan-demokrater-upptakten-till-spanska-inbordeskriget\\\/#primaryimage\"},\"thumbnailUrl\":\"https:\\\/\\\/lightweb.dev\\\/l\\\/svm-temp\\\/wp-content\\\/uploads\\\/2024\\\/10\\\/Bok-friklipp-IMG_0732-stor.jpeg\",\"articleSection\":[\"Arkiv\",\"Nyheter\"],\"inLanguage\":\"sv-SE\"},{\"@type\":\"WebPage\",\"@id\":\"https:\\\/\\\/lightweb.dev\\\/l\\\/svm-temp\\\/artiklar\\\/reportage\\\/inger-enkvist-demokrati-utan-demokrater-upptakten-till-spanska-inbordeskriget\\\/\",\"url\":\"https:\\\/\\\/lightweb.dev\\\/l\\\/svm-temp\\\/artiklar\\\/reportage\\\/inger-enkvist-demokrati-utan-demokrater-upptakten-till-spanska-inbordeskriget\\\/\",\"name\":\"Inger Enkvist: Demokrati utan demokrater \u2013 upptakten till spanska inb\u00f6rdeskriget - Svenska Magasinet\",\"isPartOf\":{\"@id\":\"https:\\\/\\\/lightweb.dev\\\/l\\\/svm-temp\\\/#website\"},\"primaryImageOfPage\":{\"@id\":\"https:\\\/\\\/lightweb.dev\\\/l\\\/svm-temp\\\/artiklar\\\/reportage\\\/inger-enkvist-demokrati-utan-demokrater-upptakten-till-spanska-inbordeskriget\\\/#primaryimage\"},\"image\":{\"@id\":\"https:\\\/\\\/lightweb.dev\\\/l\\\/svm-temp\\\/artiklar\\\/reportage\\\/inger-enkvist-demokrati-utan-demokrater-upptakten-till-spanska-inbordeskriget\\\/#primaryimage\"},\"thumbnailUrl\":\"https:\\\/\\\/lightweb.dev\\\/l\\\/svm-temp\\\/wp-content\\\/uploads\\\/2024\\\/10\\\/Bok-friklipp-IMG_0732-stor.jpeg\",\"datePublished\":\"2024-10-21T19:30:47+00:00\",\"dateModified\":\"2024-10-21T20:19:46+00:00\",\"description\":\"Med Lad Ley de Memoria Democr\u00e1tica, eller Lagen om det historiska minnet har den spanska socialismen f\u00e4rgat historien f\u00f6r att passa sin egen ideologi. Den som kritiserar den andra republiken som har f\u00e5tt ikonstatus riskerar bli st\u00e4mplad som Francosympatis\u00f6r, fascist eller revisionist.\",\"breadcrumb\":{\"@id\":\"https:\\\/\\\/lightweb.dev\\\/l\\\/svm-temp\\\/artiklar\\\/reportage\\\/inger-enkvist-demokrati-utan-demokrater-upptakten-till-spanska-inbordeskriget\\\/#breadcrumb\"},\"inLanguage\":\"sv-SE\",\"potentialAction\":[{\"@type\":\"ReadAction\",\"target\":[\"https:\\\/\\\/lightweb.dev\\\/l\\\/svm-temp\\\/artiklar\\\/reportage\\\/inger-enkvist-demokrati-utan-demokrater-upptakten-till-spanska-inbordeskriget\\\/\"]}]},{\"@type\":\"ImageObject\",\"inLanguage\":\"sv-SE\",\"@id\":\"https:\\\/\\\/lightweb.dev\\\/l\\\/svm-temp\\\/artiklar\\\/reportage\\\/inger-enkvist-demokrati-utan-demokrater-upptakten-till-spanska-inbordeskriget\\\/#primaryimage\",\"url\":\"https:\\\/\\\/lightweb.dev\\\/l\\\/svm-temp\\\/wp-content\\\/uploads\\\/2024\\\/10\\\/Bok-friklipp-IMG_0732-stor.jpeg\",\"contentUrl\":\"https:\\\/\\\/lightweb.dev\\\/l\\\/svm-temp\\\/wp-content\\\/uploads\\\/2024\\\/10\\\/Bok-friklipp-IMG_0732-stor.jpeg\",\"width\":960,\"height\":1280},{\"@type\":\"BreadcrumbList\",\"@id\":\"https:\\\/\\\/lightweb.dev\\\/l\\\/svm-temp\\\/artiklar\\\/reportage\\\/inger-enkvist-demokrati-utan-demokrater-upptakten-till-spanska-inbordeskriget\\\/#breadcrumb\",\"itemListElement\":[{\"@type\":\"ListItem\",\"position\":1,\"name\":\"Hem\",\"item\":\"https:\\\/\\\/lightweb.dev\\\/l\\\/svm-temp\\\/\"},{\"@type\":\"ListItem\",\"position\":2,\"name\":\"Inger Enkvist: Demokrati utan demokrater \u2013 upptakten till spanska inb\u00f6rdeskriget\"}]},{\"@type\":\"WebSite\",\"@id\":\"https:\\\/\\\/lightweb.dev\\\/l\\\/svm-temp\\\/#website\",\"url\":\"https:\\\/\\\/lightweb.dev\\\/l\\\/svm-temp\\\/\",\"name\":\"Svenska Magasinet\",\"description\":\"Dina Spanska nyheter p&aring; Svenska\",\"publisher\":{\"@id\":\"https:\\\/\\\/lightweb.dev\\\/l\\\/svm-temp\\\/#organization\"},\"potentialAction\":[{\"@type\":\"SearchAction\",\"target\":{\"@type\":\"EntryPoint\",\"urlTemplate\":\"https:\\\/\\\/lightweb.dev\\\/l\\\/svm-temp\\\/?s={search_term_string}\"},\"query-input\":{\"@type\":\"PropertyValueSpecification\",\"valueRequired\":true,\"valueName\":\"search_term_string\"}}],\"inLanguage\":\"sv-SE\"},{\"@type\":\"Organization\",\"@id\":\"https:\\\/\\\/lightweb.dev\\\/l\\\/svm-temp\\\/#organization\",\"name\":\"Melkerson y Nott SL\",\"alternateName\":\"Svenska Magasinet\",\"url\":\"https:\\\/\\\/lightweb.dev\\\/l\\\/svm-temp\\\/\",\"logo\":{\"@type\":\"ImageObject\",\"inLanguage\":\"sv-SE\",\"@id\":\"https:\\\/\\\/lightweb.dev\\\/l\\\/svm-temp\\\/#\\\/schema\\\/logo\\\/image\\\/\",\"url\":\"https:\\\/\\\/lightweb.dev\\\/l\\\/svm-temp\\\/wp-content\\\/uploads\\\/2025\\\/02\\\/SvM-logo-Xtra-Centrerad-SVART.png\",\"contentUrl\":\"https:\\\/\\\/lightweb.dev\\\/l\\\/svm-temp\\\/wp-content\\\/uploads\\\/2025\\\/02\\\/SvM-logo-Xtra-Centrerad-SVART.png\",\"width\":300,\"height\":99,\"caption\":\"Melkerson y Nott SL\"},\"image\":{\"@id\":\"https:\\\/\\\/lightweb.dev\\\/l\\\/svm-temp\\\/#\\\/schema\\\/logo\\\/image\\\/\"},\"sameAs\":[\"https:\\\/\\\/www.facebook.com\\\/svenskamagasinet\",\"https:\\\/\\\/x.com\\\/SvenskaMagasine\"]},{\"@type\":\"Person\",\"@id\":\"https:\\\/\\\/lightweb.dev\\\/l\\\/svm-temp\\\/#\\\/schema\\\/person\\\/7a82b8a73d171d32360a564b6d03508e\",\"name\":\"Ola Josefsson\",\"description\":\"Bevakar Solkusten och Spanien sedan 1994.\",\"sameAs\":[\"https:\\\/\\\/lightweb.dev\\\/l\\\/svm-temp\"],\"url\":\"https:\\\/\\\/lightweb.dev\\\/l\\\/svm-temp\\\/reporter\\\/ola-josefsson\\\/\"}]}<\/script>\n<!-- \/ Yoast SEO Premium plugin. -->","yoast_head_json":{"title":"Inger Enkvist: Demokrati utan demokrater \u2013 upptakten till spanska inb\u00f6rdeskriget - Svenska Magasinet","description":"Med Lad Ley de Memoria Democr\u00e1tica, eller Lagen om det historiska minnet har den spanska socialismen f\u00e4rgat historien f\u00f6r att passa sin egen ideologi. Den som kritiserar den andra republiken som har f\u00e5tt ikonstatus riskerar bli st\u00e4mplad som Francosympatis\u00f6r, fascist eller revisionist.","robots":{"index":"noindex","follow":"follow","max-snippet":"max-snippet:-1","max-image-preview":"max-image-preview:large","max-video-preview":"max-video-preview:-1"},"og_locale":"sv_SE","og_type":"article","og_title":"Inger Enkvist: Demokrati utan demokrater \u2013 upptakten till spanska inb\u00f6rdeskriget","og_description":"Med Lad Ley de Memoria Democr\u00e1tica, eller Lagen om det historiska minnet har den spanska socialismen f\u00e4rgat historien f\u00f6r att passa sin egen ideologi. Den som kritiserar den andra republiken som har f\u00e5tt ikonstatus riskerar bli st\u00e4mplad som Francosympatis\u00f6r, fascist eller revisionist.","og_url":"https:\/\/lightweb.dev\/l\/svm-temp\/artiklar\/reportage\/inger-enkvist-demokrati-utan-demokrater-upptakten-till-spanska-inbordeskriget\/","og_site_name":"Svenska Magasinet","article_publisher":"https:\/\/www.facebook.com\/svenskamagasinet","article_published_time":"2024-10-21T19:30:47+00:00","article_modified_time":"2024-10-21T20:19:46+00:00","og_image":[{"width":960,"height":1280,"url":"https:\/\/lightweb.dev\/l\/svm-temp\/wp-content\/uploads\/2024\/10\/Bok-friklipp-IMG_0732-stor.jpeg","type":"image\/jpeg"}],"author":"Ola Josefsson","twitter_card":"summary_large_image","twitter_creator":"@SvenskaMagasine","twitter_site":"@SvenskaMagasine","schema":{"@context":"https:\/\/schema.org","@graph":[{"@type":"Article","@id":"https:\/\/lightweb.dev\/l\/svm-temp\/artiklar\/reportage\/inger-enkvist-demokrati-utan-demokrater-upptakten-till-spanska-inbordeskriget\/#article","isPartOf":{"@id":"https:\/\/lightweb.dev\/l\/svm-temp\/artiklar\/reportage\/inger-enkvist-demokrati-utan-demokrater-upptakten-till-spanska-inbordeskriget\/"},"author":{"name":"Ola Josefsson","@id":"https:\/\/lightweb.dev\/l\/svm-temp\/#\/schema\/person\/7a82b8a73d171d32360a564b6d03508e"},"headline":"Inger Enkvist: Demokrati utan demokrater \u2013 upptakten till spanska inb\u00f6rdeskriget","datePublished":"2024-10-21T19:30:47+00:00","dateModified":"2024-10-21T20:19:46+00:00","mainEntityOfPage":{"@id":"https:\/\/lightweb.dev\/l\/svm-temp\/artiklar\/reportage\/inger-enkvist-demokrati-utan-demokrater-upptakten-till-spanska-inbordeskriget\/"},"wordCount":2716,"publisher":{"@id":"https:\/\/lightweb.dev\/l\/svm-temp\/#organization"},"image":{"@id":"https:\/\/lightweb.dev\/l\/svm-temp\/artiklar\/reportage\/inger-enkvist-demokrati-utan-demokrater-upptakten-till-spanska-inbordeskriget\/#primaryimage"},"thumbnailUrl":"https:\/\/lightweb.dev\/l\/svm-temp\/wp-content\/uploads\/2024\/10\/Bok-friklipp-IMG_0732-stor.jpeg","articleSection":["Arkiv","Nyheter"],"inLanguage":"sv-SE"},{"@type":"WebPage","@id":"https:\/\/lightweb.dev\/l\/svm-temp\/artiklar\/reportage\/inger-enkvist-demokrati-utan-demokrater-upptakten-till-spanska-inbordeskriget\/","url":"https:\/\/lightweb.dev\/l\/svm-temp\/artiklar\/reportage\/inger-enkvist-demokrati-utan-demokrater-upptakten-till-spanska-inbordeskriget\/","name":"Inger Enkvist: Demokrati utan demokrater \u2013 upptakten till spanska inb\u00f6rdeskriget - Svenska Magasinet","isPartOf":{"@id":"https:\/\/lightweb.dev\/l\/svm-temp\/#website"},"primaryImageOfPage":{"@id":"https:\/\/lightweb.dev\/l\/svm-temp\/artiklar\/reportage\/inger-enkvist-demokrati-utan-demokrater-upptakten-till-spanska-inbordeskriget\/#primaryimage"},"image":{"@id":"https:\/\/lightweb.dev\/l\/svm-temp\/artiklar\/reportage\/inger-enkvist-demokrati-utan-demokrater-upptakten-till-spanska-inbordeskriget\/#primaryimage"},"thumbnailUrl":"https:\/\/lightweb.dev\/l\/svm-temp\/wp-content\/uploads\/2024\/10\/Bok-friklipp-IMG_0732-stor.jpeg","datePublished":"2024-10-21T19:30:47+00:00","dateModified":"2024-10-21T20:19:46+00:00","description":"Med Lad Ley de Memoria Democr\u00e1tica, eller Lagen om det historiska minnet har den spanska socialismen f\u00e4rgat historien f\u00f6r att passa sin egen ideologi. Den som kritiserar den andra republiken som har f\u00e5tt ikonstatus riskerar bli st\u00e4mplad som Francosympatis\u00f6r, fascist eller revisionist.","breadcrumb":{"@id":"https:\/\/lightweb.dev\/l\/svm-temp\/artiklar\/reportage\/inger-enkvist-demokrati-utan-demokrater-upptakten-till-spanska-inbordeskriget\/#breadcrumb"},"inLanguage":"sv-SE","potentialAction":[{"@type":"ReadAction","target":["https:\/\/lightweb.dev\/l\/svm-temp\/artiklar\/reportage\/inger-enkvist-demokrati-utan-demokrater-upptakten-till-spanska-inbordeskriget\/"]}]},{"@type":"ImageObject","inLanguage":"sv-SE","@id":"https:\/\/lightweb.dev\/l\/svm-temp\/artiklar\/reportage\/inger-enkvist-demokrati-utan-demokrater-upptakten-till-spanska-inbordeskriget\/#primaryimage","url":"https:\/\/lightweb.dev\/l\/svm-temp\/wp-content\/uploads\/2024\/10\/Bok-friklipp-IMG_0732-stor.jpeg","contentUrl":"https:\/\/lightweb.dev\/l\/svm-temp\/wp-content\/uploads\/2024\/10\/Bok-friklipp-IMG_0732-stor.jpeg","width":960,"height":1280},{"@type":"BreadcrumbList","@id":"https:\/\/lightweb.dev\/l\/svm-temp\/artiklar\/reportage\/inger-enkvist-demokrati-utan-demokrater-upptakten-till-spanska-inbordeskriget\/#breadcrumb","itemListElement":[{"@type":"ListItem","position":1,"name":"Hem","item":"https:\/\/lightweb.dev\/l\/svm-temp\/"},{"@type":"ListItem","position":2,"name":"Inger Enkvist: Demokrati utan demokrater \u2013 upptakten till spanska inb\u00f6rdeskriget"}]},{"@type":"WebSite","@id":"https:\/\/lightweb.dev\/l\/svm-temp\/#website","url":"https:\/\/lightweb.dev\/l\/svm-temp\/","name":"Svenska Magasinet","description":"Dina Spanska nyheter p&aring; Svenska","publisher":{"@id":"https:\/\/lightweb.dev\/l\/svm-temp\/#organization"},"potentialAction":[{"@type":"SearchAction","target":{"@type":"EntryPoint","urlTemplate":"https:\/\/lightweb.dev\/l\/svm-temp\/?s={search_term_string}"},"query-input":{"@type":"PropertyValueSpecification","valueRequired":true,"valueName":"search_term_string"}}],"inLanguage":"sv-SE"},{"@type":"Organization","@id":"https:\/\/lightweb.dev\/l\/svm-temp\/#organization","name":"Melkerson y Nott SL","alternateName":"Svenska Magasinet","url":"https:\/\/lightweb.dev\/l\/svm-temp\/","logo":{"@type":"ImageObject","inLanguage":"sv-SE","@id":"https:\/\/lightweb.dev\/l\/svm-temp\/#\/schema\/logo\/image\/","url":"https:\/\/lightweb.dev\/l\/svm-temp\/wp-content\/uploads\/2025\/02\/SvM-logo-Xtra-Centrerad-SVART.png","contentUrl":"https:\/\/lightweb.dev\/l\/svm-temp\/wp-content\/uploads\/2025\/02\/SvM-logo-Xtra-Centrerad-SVART.png","width":300,"height":99,"caption":"Melkerson y Nott SL"},"image":{"@id":"https:\/\/lightweb.dev\/l\/svm-temp\/#\/schema\/logo\/image\/"},"sameAs":["https:\/\/www.facebook.com\/svenskamagasinet","https:\/\/x.com\/SvenskaMagasine"]},{"@type":"Person","@id":"https:\/\/lightweb.dev\/l\/svm-temp\/#\/schema\/person\/7a82b8a73d171d32360a564b6d03508e","name":"Ola Josefsson","description":"Bevakar Solkusten och Spanien sedan 1994.","sameAs":["https:\/\/lightweb.dev\/l\/svm-temp"],"url":"https:\/\/lightweb.dev\/l\/svm-temp\/reporter\/ola-josefsson\/"}]}},"_links":{"self":[{"href":"https:\/\/lightweb.dev\/l\/svm-temp\/wp-json\/wp\/v2\/posts\/75036","targetHints":{"allow":["GET"]}}],"collection":[{"href":"https:\/\/lightweb.dev\/l\/svm-temp\/wp-json\/wp\/v2\/posts"}],"about":[{"href":"https:\/\/lightweb.dev\/l\/svm-temp\/wp-json\/wp\/v2\/types\/post"}],"author":[{"embeddable":true,"href":"https:\/\/lightweb.dev\/l\/svm-temp\/wp-json\/wp\/v2\/users\/7"}],"replies":[{"embeddable":true,"href":"https:\/\/lightweb.dev\/l\/svm-temp\/wp-json\/wp\/v2\/comments?post=75036"}],"version-history":[{"count":0,"href":"https:\/\/lightweb.dev\/l\/svm-temp\/wp-json\/wp\/v2\/posts\/75036\/revisions"}],"wp:featuredmedia":[{"embeddable":true,"href":"https:\/\/lightweb.dev\/l\/svm-temp\/wp-json\/wp\/v2\/media\/75037"}],"wp:attachment":[{"href":"https:\/\/lightweb.dev\/l\/svm-temp\/wp-json\/wp\/v2\/media?parent=75036"}],"wp:term":[{"taxonomy":"category","embeddable":true,"href":"https:\/\/lightweb.dev\/l\/svm-temp\/wp-json\/wp\/v2\/categories?post=75036"},{"taxonomy":"post_tag","embeddable":true,"href":"https:\/\/lightweb.dev\/l\/svm-temp\/wp-json\/wp\/v2\/tags?post=75036"}],"curies":[{"name":"wp","href":"https:\/\/api.w.org\/{rel}","templated":true}]}}