{"id":75204,"date":"2024-10-16T15:01:18","date_gmt":"2024-10-16T13:01:18","guid":{"rendered":"https:\/\/lightweb.dev\/l\/svm-temp\/?p=75204"},"modified":"2024-10-16T15:01:18","modified_gmt":"2024-10-16T13:01:18","slug":"regeringen-infor-nytt-register-for-turistbostader","status":"publish","type":"post","link":"https:\/\/lightweb.dev\/l\/svm-temp\/nyheter\/regeringen-infor-nytt-register-for-turistbostader\/","title":{"rendered":"Regeringen inf\u00f6r nytt register f\u00f6r turistbost\u00e4der"},"content":{"rendered":"<p><strong>Den spanska regeringen f\u00f6rs\u00f6ker lugna de demonstrationer och protester som uppst\u00e5tt p\u00e5 grund av den nationella bostadskrisen.<\/strong><\/p>\n<p><strong>Man g\u00f6r det genom att ge gr\u00f6nt ljus till tv\u00e5 \u00e5tg\u00e4rder som har utvecklats sedan en tid tillbaka.<\/strong><\/p>\n<p><strong>En av dessa har lett till konflikt med koalitionspartnern Sumar.\u00a0<\/strong><\/p>\n<p><span style=\"font-weight: 400;\">Bostads- och stadsplaneringsminister, Isabel Rodr\u00edguez, meddelade under tisdagens regeringssammantr\u00e4de om ett beslut att reglera uthyrning av turistbost\u00e4der och korttidskontrakt f\u00f6r boenden. Regleringen kommer att tr\u00e4da i kraft fr\u00e5n och med den 2 januari n\u00e4sta \u00e5r. Det inneb\u00e4r att alla som hyr ut sina bost\u00e4der till turister eller p\u00e5 korttidskontrakt m\u00e5ste registrera sin fastighet p\u00e5 en ny lista. Efter att bostaden lagts till i registret f\u00e5r \u00e4garen en kod. Det kommer inte vara till\u00e5tet att marknadsf\u00f6ra sin bostad p\u00e5 n\u00e5gon digital plattform (exempelvis Airbnb eller Booking.com) f\u00f6rr\u00e4n man har f\u00e5tt denna kod.<\/span><\/p>\n<p><span style=\"font-weight: 400;\">De digitala plattformarna m\u00e5ste se till att hyresv\u00e4rdarna identifierar sig med denna kod och att den \u00e4r synlig i deras annonser. Processen att registrera sig och s\u00f6ka koden kommer att ske elektroniskt via Colegio de Registradores.\u00a0<\/span><\/p>\n<p><span style=\"font-weight: 400;\">Till att b\u00f6rja med kommer regleringen att inf\u00f6ras under en testfas som \u00e4nnu inte \u00e4r tidsbest\u00e4md.\u00a0<\/span><\/p>\n<p><span style=\"font-weight: 400;\">Denna \u00e5tg\u00e4rd har varit planerad och redan arbetats p\u00e5 under en tid men den blev formellt framlagd denna vecka efter p\u00e5tryckningar fr\u00e5n folket och organisationer.\u00a0<\/span><\/p>\n<p><span style=\"font-weight: 400;\">N\u00e4r den som vill hyra ut har f\u00e5tt sin kod \u00e4r den giltig i 12 m\u00e5nader. D\u00e4refter m\u00e5ste man f\u00f6rnya den och d\u00e5 uppge alla uthyrningar som gjorts under det senaste \u00e5ret.\u00a0<\/span><\/p>\n<p><span style=\"font-weight: 400;\">I de fall det r\u00f6r sig om korttidskontrakt m\u00e5ste man dessutom uppge ett juridiskt yttrande som st\u00e4rker anledningen till den begr\u00e4nsade kontraktsl\u00e4ngden. Om man till exempel hyr ut till en student under ett akademiskt \u00e5r kan det vara okej att skriva kontraktet p\u00e5 nio m\u00e5nader medan tillf\u00e4lliga anst\u00e4llningar eller en flytt f\u00f6r att f\u00e5 specialiserad sjukv\u00e5rd kan ge andra tidsbegr\u00e4nsningar.\u00a0<\/span><\/p>\n<p><span style=\"font-weight: 400;\">\u201cRegistret kommer att s\u00e4kerst\u00e4lla att fastigheter f\u00f6ljer lokala och nationella regler och att boendef\u00f6reningen har godk\u00e4nt att det finns turistl\u00e4genheter i byggnaden,\u201d f\u00f6rklarade Rodr\u00edguez. Hon pekar p\u00e5 att denna \u00e5tg\u00e4rd kan l\u00f6sa tv\u00e5 problem. Delvis att se till att inga olagliga uthyrningar sker samt att det frig\u00f6rs utrymme f\u00f6r personer som s\u00f6ker l\u00e5ngtidsboenden.\u00a0<\/span><\/p>\n<h1><span style=\"font-weight: 400;\">Medborgarkontor<\/span><\/h1>\n<p><span style=\"font-weight: 400;\">Den spanska regeringens plan \u00e4r att etablera ett digitalt medborgarkontor f\u00f6r hyresfastigheter. Genom det ska man kunna samla och byta uppgifter om alla typer av hyresbost\u00e4der. Samtidigt som det l\u00e4nkar samman digitala plattformar, hyresv\u00e4rdar, register och de ber\u00f6rda myndigheterna. Spanien blir f\u00f6rst ut av EU-l\u00e4nderna att ta fram n\u00e5got liknande.\u00a0\u00a0<\/span><\/p>\n<p><span style=\"font-weight: 400;\">N\u00e4r registreringen tas emot har myndigheterna 15 dagar p\u00e5 sig att kontrollera fastigheten. Om det finns n\u00e5gra oegentligheter har sedan \u00e4garen sju dagar p\u00e5 sig att \u00e5tg\u00e4rda dessa. Ansvaret f\u00f6r att sanktionera eller straffa hyresv\u00e4rdar som hyr ut utan att ha registrerat sig faller p\u00e5 de regionala eller lokala myndigheterna.\u00a0<\/span><\/p>\n<h2><span style=\"font-weight: 400;\">Bono Alquiler Joven<\/span><\/h2>\n<p><span style=\"font-weight: 400;\">Ut\u00f6ver detta har regeringen godk\u00e4nt en f\u00f6rl\u00e4ngning p\u00e5 tv\u00e5 \u00e5r av Bono Alquiler Joven, ett bidragssystem som ger ungdomar upp till 250 euro i m\u00e5naden f\u00f6r att hj\u00e4lpa med hyran under de tv\u00e5 f\u00f6rsta \u00e5ren som de har ett eget hush\u00e5ll. Budgeten f\u00f6r detta ligger p\u00e5 200 miljoner euro, vilket \u00e4r samma siffra som de tv\u00e5 senaste \u00e5ren.\u00a0<\/span><\/p>\n<p><span style=\"font-weight: 400;\">Detta kom man \u00f6verens om tillsammans med alla regionala bostadsministrar under veckan men beslutet f\u00e5r inte st\u00f6d av partiet Sumar, som \u00e4r regeringens samarbetspartner i parlamentet.<\/span><\/p>\n<p><span style=\"font-weight: 400;\">Sumar menar att dessa subventioner endast gynnar de som hyr ut bost\u00e4der d\u00e5 de h\u00f6jer priserna i vetskap om att unga m\u00e4nniskor f\u00e5r ekonomiskt st\u00f6d. <\/span><\/p>\n","protected":false},"excerpt":{"rendered":"<p>Den spanska regeringen f\u00f6rs\u00f6ker lugna de demonstrationer och protester som uppst\u00e5tt p\u00e5 grund av den nationella bostadskrisen. Man g\u00f6r det genom att ge gr\u00f6nt ljus till tv\u00e5 \u00e5tg\u00e4rder som har utvecklats sedan en tid tillbaka. En av dessa har lett till konflikt med koalitionspartnern Sumar.\u00a0<\/p>\n","protected":false},"author":14,"featured_media":72654,"comment_status":"closed","ping_status":"closed","sticky":false,"template":"","format":"standard","meta":{"_et_pb_use_builder":"","_et_pb_old_content":"","_et_gb_content_width":"","footnotes":""},"categories":[395,3],"tags":[],"class_list":["post-75204","post","type-post","status-publish","format-standard","has-post-thumbnail","hentry","category-arkiv-nyheter","category-nyheter"],"yoast_head":"<!-- This site is optimized with the Yoast SEO Premium plugin v26.2 (Yoast SEO v27.4) - https:\/\/yoast.com\/product\/yoast-seo-premium-wordpress\/ -->\n<title>Regeringen inf\u00f6r nytt register f\u00f6r turistbost\u00e4der - Svenska Magasinet<\/title>\n<meta name=\"robots\" content=\"noindex, follow, max-snippet:-1, max-image-preview:large, max-video-preview:-1\" \/>\n<meta property=\"og:locale\" content=\"sv_SE\" \/>\n<meta property=\"og:type\" content=\"article\" \/>\n<meta property=\"og:title\" content=\"Regeringen inf\u00f6r nytt register f\u00f6r turistbost\u00e4der\" \/>\n<meta property=\"og:description\" content=\"Den spanska regeringen f\u00f6rs\u00f6ker lugna de demonstrationer och protester som uppst\u00e5tt p\u00e5 grund av den nationella bostadskrisen. Man g\u00f6r det genom att ge gr\u00f6nt ljus till tv\u00e5 \u00e5tg\u00e4rder som har utvecklats sedan en tid tillbaka. En av dessa har lett till konflikt med koalitionspartnern Sumar.\u00a0\" \/>\n<meta property=\"og:url\" content=\"https:\/\/lightweb.dev\/l\/svm-temp\/nyheter\/regeringen-infor-nytt-register-for-turistbostader\/\" \/>\n<meta property=\"og:site_name\" content=\"Svenska Magasinet\" \/>\n<meta property=\"article:publisher\" content=\"https:\/\/www.facebook.com\/svenskamagasinet\" \/>\n<meta property=\"article:published_time\" content=\"2024-10-16T13:01:18+00:00\" \/>\n<meta property=\"og:image\" content=\"https:\/\/lightweb.dev\/l\/svm-temp\/wp-content\/uploads\/2024\/06\/turist-bostader.jpg\" \/>\n\t<meta property=\"og:image:width\" content=\"1024\" \/>\n\t<meta property=\"og:image:height\" content=\"560\" \/>\n\t<meta property=\"og:image:type\" content=\"image\/jpeg\" \/>\n<meta name=\"author\" content=\"Robbie Eriksson\" \/>\n<meta name=\"twitter:card\" content=\"summary_large_image\" \/>\n<meta name=\"twitter:creator\" content=\"@SvenskaMagasine\" \/>\n<meta name=\"twitter:site\" content=\"@SvenskaMagasine\" \/>\n<script type=\"application\/ld+json\" class=\"yoast-schema-graph\">{\"@context\":\"https:\\\/\\\/schema.org\",\"@graph\":[{\"@type\":\"Article\",\"@id\":\"https:\\\/\\\/lightweb.dev\\\/l\\\/svm-temp\\\/nyheter\\\/regeringen-infor-nytt-register-for-turistbostader\\\/#article\",\"isPartOf\":{\"@id\":\"https:\\\/\\\/lightweb.dev\\\/l\\\/svm-temp\\\/nyheter\\\/regeringen-infor-nytt-register-for-turistbostader\\\/\"},\"author\":{\"name\":\"Robbie Eriksson\",\"@id\":\"https:\\\/\\\/lightweb.dev\\\/l\\\/svm-temp\\\/#\\\/schema\\\/person\\\/caffe038990d25722f5a04a03c906a2b\"},\"headline\":\"Regeringen inf\u00f6r nytt register f\u00f6r turistbost\u00e4der\",\"datePublished\":\"2024-10-16T13:01:18+00:00\",\"mainEntityOfPage\":{\"@id\":\"https:\\\/\\\/lightweb.dev\\\/l\\\/svm-temp\\\/nyheter\\\/regeringen-infor-nytt-register-for-turistbostader\\\/\"},\"wordCount\":669,\"publisher\":{\"@id\":\"https:\\\/\\\/lightweb.dev\\\/l\\\/svm-temp\\\/#organization\"},\"image\":{\"@id\":\"https:\\\/\\\/lightweb.dev\\\/l\\\/svm-temp\\\/nyheter\\\/regeringen-infor-nytt-register-for-turistbostader\\\/#primaryimage\"},\"thumbnailUrl\":\"https:\\\/\\\/lightweb.dev\\\/l\\\/svm-temp\\\/wp-content\\\/uploads\\\/2024\\\/06\\\/turist-bostader.jpg\",\"articleSection\":[\"Arkiv\",\"Nyheter\"],\"inLanguage\":\"sv-SE\"},{\"@type\":\"WebPage\",\"@id\":\"https:\\\/\\\/lightweb.dev\\\/l\\\/svm-temp\\\/nyheter\\\/regeringen-infor-nytt-register-for-turistbostader\\\/\",\"url\":\"https:\\\/\\\/lightweb.dev\\\/l\\\/svm-temp\\\/nyheter\\\/regeringen-infor-nytt-register-for-turistbostader\\\/\",\"name\":\"Regeringen inf\u00f6r nytt register f\u00f6r turistbost\u00e4der - Svenska Magasinet\",\"isPartOf\":{\"@id\":\"https:\\\/\\\/lightweb.dev\\\/l\\\/svm-temp\\\/#website\"},\"primaryImageOfPage\":{\"@id\":\"https:\\\/\\\/lightweb.dev\\\/l\\\/svm-temp\\\/nyheter\\\/regeringen-infor-nytt-register-for-turistbostader\\\/#primaryimage\"},\"image\":{\"@id\":\"https:\\\/\\\/lightweb.dev\\\/l\\\/svm-temp\\\/nyheter\\\/regeringen-infor-nytt-register-for-turistbostader\\\/#primaryimage\"},\"thumbnailUrl\":\"https:\\\/\\\/lightweb.dev\\\/l\\\/svm-temp\\\/wp-content\\\/uploads\\\/2024\\\/06\\\/turist-bostader.jpg\",\"datePublished\":\"2024-10-16T13:01:18+00:00\",\"breadcrumb\":{\"@id\":\"https:\\\/\\\/lightweb.dev\\\/l\\\/svm-temp\\\/nyheter\\\/regeringen-infor-nytt-register-for-turistbostader\\\/#breadcrumb\"},\"inLanguage\":\"sv-SE\",\"potentialAction\":[{\"@type\":\"ReadAction\",\"target\":[\"https:\\\/\\\/lightweb.dev\\\/l\\\/svm-temp\\\/nyheter\\\/regeringen-infor-nytt-register-for-turistbostader\\\/\"]}]},{\"@type\":\"ImageObject\",\"inLanguage\":\"sv-SE\",\"@id\":\"https:\\\/\\\/lightweb.dev\\\/l\\\/svm-temp\\\/nyheter\\\/regeringen-infor-nytt-register-for-turistbostader\\\/#primaryimage\",\"url\":\"https:\\\/\\\/lightweb.dev\\\/l\\\/svm-temp\\\/wp-content\\\/uploads\\\/2024\\\/06\\\/turist-bostader.jpg\",\"contentUrl\":\"https:\\\/\\\/lightweb.dev\\\/l\\\/svm-temp\\\/wp-content\\\/uploads\\\/2024\\\/06\\\/turist-bostader.jpg\",\"width\":1024,\"height\":560,\"caption\":\"(Bild: Shutterstock \\\/ AlenKadr)\"},{\"@type\":\"BreadcrumbList\",\"@id\":\"https:\\\/\\\/lightweb.dev\\\/l\\\/svm-temp\\\/nyheter\\\/regeringen-infor-nytt-register-for-turistbostader\\\/#breadcrumb\",\"itemListElement\":[{\"@type\":\"ListItem\",\"position\":1,\"name\":\"Hem\",\"item\":\"https:\\\/\\\/lightweb.dev\\\/l\\\/svm-temp\\\/\"},{\"@type\":\"ListItem\",\"position\":2,\"name\":\"Regeringen inf\u00f6r nytt register f\u00f6r turistbost\u00e4der\"}]},{\"@type\":\"WebSite\",\"@id\":\"https:\\\/\\\/lightweb.dev\\\/l\\\/svm-temp\\\/#website\",\"url\":\"https:\\\/\\\/lightweb.dev\\\/l\\\/svm-temp\\\/\",\"name\":\"Svenska Magasinet\",\"description\":\"Dina Spanska nyheter p&aring; Svenska\",\"publisher\":{\"@id\":\"https:\\\/\\\/lightweb.dev\\\/l\\\/svm-temp\\\/#organization\"},\"potentialAction\":[{\"@type\":\"SearchAction\",\"target\":{\"@type\":\"EntryPoint\",\"urlTemplate\":\"https:\\\/\\\/lightweb.dev\\\/l\\\/svm-temp\\\/?s={search_term_string}\"},\"query-input\":{\"@type\":\"PropertyValueSpecification\",\"valueRequired\":true,\"valueName\":\"search_term_string\"}}],\"inLanguage\":\"sv-SE\"},{\"@type\":\"Organization\",\"@id\":\"https:\\\/\\\/lightweb.dev\\\/l\\\/svm-temp\\\/#organization\",\"name\":\"Melkerson y Nott SL\",\"alternateName\":\"Svenska Magasinet\",\"url\":\"https:\\\/\\\/lightweb.dev\\\/l\\\/svm-temp\\\/\",\"logo\":{\"@type\":\"ImageObject\",\"inLanguage\":\"sv-SE\",\"@id\":\"https:\\\/\\\/lightweb.dev\\\/l\\\/svm-temp\\\/#\\\/schema\\\/logo\\\/image\\\/\",\"url\":\"https:\\\/\\\/lightweb.dev\\\/l\\\/svm-temp\\\/wp-content\\\/uploads\\\/2025\\\/02\\\/SvM-logo-Xtra-Centrerad-SVART.png\",\"contentUrl\":\"https:\\\/\\\/lightweb.dev\\\/l\\\/svm-temp\\\/wp-content\\\/uploads\\\/2025\\\/02\\\/SvM-logo-Xtra-Centrerad-SVART.png\",\"width\":300,\"height\":99,\"caption\":\"Melkerson y Nott SL\"},\"image\":{\"@id\":\"https:\\\/\\\/lightweb.dev\\\/l\\\/svm-temp\\\/#\\\/schema\\\/logo\\\/image\\\/\"},\"sameAs\":[\"https:\\\/\\\/www.facebook.com\\\/svenskamagasinet\",\"https:\\\/\\\/x.com\\\/SvenskaMagasine\"]},{\"@type\":\"Person\",\"@id\":\"https:\\\/\\\/lightweb.dev\\\/l\\\/svm-temp\\\/#\\\/schema\\\/person\\\/caffe038990d25722f5a04a03c906a2b\",\"name\":\"Robbie Eriksson\",\"sameAs\":[\"https:\\\/\\\/lightweb.dev\\\/l\\\/svm-temp\"],\"url\":\"https:\\\/\\\/lightweb.dev\\\/l\\\/svm-temp\\\/reporter\\\/robbie-eriksson\\\/\"}]}<\/script>\n<!-- \/ Yoast SEO Premium plugin. -->","yoast_head_json":{"title":"Regeringen inf\u00f6r nytt register f\u00f6r turistbost\u00e4der - Svenska Magasinet","robots":{"index":"noindex","follow":"follow","max-snippet":"max-snippet:-1","max-image-preview":"max-image-preview:large","max-video-preview":"max-video-preview:-1"},"og_locale":"sv_SE","og_type":"article","og_title":"Regeringen inf\u00f6r nytt register f\u00f6r turistbost\u00e4der","og_description":"Den spanska regeringen f\u00f6rs\u00f6ker lugna de demonstrationer och protester som uppst\u00e5tt p\u00e5 grund av den nationella bostadskrisen. Man g\u00f6r det genom att ge gr\u00f6nt ljus till tv\u00e5 \u00e5tg\u00e4rder som har utvecklats sedan en tid tillbaka. En av dessa har lett till konflikt med koalitionspartnern Sumar.\u00a0","og_url":"https:\/\/lightweb.dev\/l\/svm-temp\/nyheter\/regeringen-infor-nytt-register-for-turistbostader\/","og_site_name":"Svenska Magasinet","article_publisher":"https:\/\/www.facebook.com\/svenskamagasinet","article_published_time":"2024-10-16T13:01:18+00:00","og_image":[{"width":1024,"height":560,"url":"https:\/\/lightweb.dev\/l\/svm-temp\/wp-content\/uploads\/2024\/06\/turist-bostader.jpg","type":"image\/jpeg"}],"author":"Robbie Eriksson","twitter_card":"summary_large_image","twitter_creator":"@SvenskaMagasine","twitter_site":"@SvenskaMagasine","schema":{"@context":"https:\/\/schema.org","@graph":[{"@type":"Article","@id":"https:\/\/lightweb.dev\/l\/svm-temp\/nyheter\/regeringen-infor-nytt-register-for-turistbostader\/#article","isPartOf":{"@id":"https:\/\/lightweb.dev\/l\/svm-temp\/nyheter\/regeringen-infor-nytt-register-for-turistbostader\/"},"author":{"name":"Robbie Eriksson","@id":"https:\/\/lightweb.dev\/l\/svm-temp\/#\/schema\/person\/caffe038990d25722f5a04a03c906a2b"},"headline":"Regeringen inf\u00f6r nytt register f\u00f6r turistbost\u00e4der","datePublished":"2024-10-16T13:01:18+00:00","mainEntityOfPage":{"@id":"https:\/\/lightweb.dev\/l\/svm-temp\/nyheter\/regeringen-infor-nytt-register-for-turistbostader\/"},"wordCount":669,"publisher":{"@id":"https:\/\/lightweb.dev\/l\/svm-temp\/#organization"},"image":{"@id":"https:\/\/lightweb.dev\/l\/svm-temp\/nyheter\/regeringen-infor-nytt-register-for-turistbostader\/#primaryimage"},"thumbnailUrl":"https:\/\/lightweb.dev\/l\/svm-temp\/wp-content\/uploads\/2024\/06\/turist-bostader.jpg","articleSection":["Arkiv","Nyheter"],"inLanguage":"sv-SE"},{"@type":"WebPage","@id":"https:\/\/lightweb.dev\/l\/svm-temp\/nyheter\/regeringen-infor-nytt-register-for-turistbostader\/","url":"https:\/\/lightweb.dev\/l\/svm-temp\/nyheter\/regeringen-infor-nytt-register-for-turistbostader\/","name":"Regeringen inf\u00f6r nytt register f\u00f6r turistbost\u00e4der - Svenska Magasinet","isPartOf":{"@id":"https:\/\/lightweb.dev\/l\/svm-temp\/#website"},"primaryImageOfPage":{"@id":"https:\/\/lightweb.dev\/l\/svm-temp\/nyheter\/regeringen-infor-nytt-register-for-turistbostader\/#primaryimage"},"image":{"@id":"https:\/\/lightweb.dev\/l\/svm-temp\/nyheter\/regeringen-infor-nytt-register-for-turistbostader\/#primaryimage"},"thumbnailUrl":"https:\/\/lightweb.dev\/l\/svm-temp\/wp-content\/uploads\/2024\/06\/turist-bostader.jpg","datePublished":"2024-10-16T13:01:18+00:00","breadcrumb":{"@id":"https:\/\/lightweb.dev\/l\/svm-temp\/nyheter\/regeringen-infor-nytt-register-for-turistbostader\/#breadcrumb"},"inLanguage":"sv-SE","potentialAction":[{"@type":"ReadAction","target":["https:\/\/lightweb.dev\/l\/svm-temp\/nyheter\/regeringen-infor-nytt-register-for-turistbostader\/"]}]},{"@type":"ImageObject","inLanguage":"sv-SE","@id":"https:\/\/lightweb.dev\/l\/svm-temp\/nyheter\/regeringen-infor-nytt-register-for-turistbostader\/#primaryimage","url":"https:\/\/lightweb.dev\/l\/svm-temp\/wp-content\/uploads\/2024\/06\/turist-bostader.jpg","contentUrl":"https:\/\/lightweb.dev\/l\/svm-temp\/wp-content\/uploads\/2024\/06\/turist-bostader.jpg","width":1024,"height":560,"caption":"(Bild: Shutterstock \/ AlenKadr)"},{"@type":"BreadcrumbList","@id":"https:\/\/lightweb.dev\/l\/svm-temp\/nyheter\/regeringen-infor-nytt-register-for-turistbostader\/#breadcrumb","itemListElement":[{"@type":"ListItem","position":1,"name":"Hem","item":"https:\/\/lightweb.dev\/l\/svm-temp\/"},{"@type":"ListItem","position":2,"name":"Regeringen inf\u00f6r nytt register f\u00f6r turistbost\u00e4der"}]},{"@type":"WebSite","@id":"https:\/\/lightweb.dev\/l\/svm-temp\/#website","url":"https:\/\/lightweb.dev\/l\/svm-temp\/","name":"Svenska Magasinet","description":"Dina Spanska nyheter p&aring; Svenska","publisher":{"@id":"https:\/\/lightweb.dev\/l\/svm-temp\/#organization"},"potentialAction":[{"@type":"SearchAction","target":{"@type":"EntryPoint","urlTemplate":"https:\/\/lightweb.dev\/l\/svm-temp\/?s={search_term_string}"},"query-input":{"@type":"PropertyValueSpecification","valueRequired":true,"valueName":"search_term_string"}}],"inLanguage":"sv-SE"},{"@type":"Organization","@id":"https:\/\/lightweb.dev\/l\/svm-temp\/#organization","name":"Melkerson y Nott SL","alternateName":"Svenska Magasinet","url":"https:\/\/lightweb.dev\/l\/svm-temp\/","logo":{"@type":"ImageObject","inLanguage":"sv-SE","@id":"https:\/\/lightweb.dev\/l\/svm-temp\/#\/schema\/logo\/image\/","url":"https:\/\/lightweb.dev\/l\/svm-temp\/wp-content\/uploads\/2025\/02\/SvM-logo-Xtra-Centrerad-SVART.png","contentUrl":"https:\/\/lightweb.dev\/l\/svm-temp\/wp-content\/uploads\/2025\/02\/SvM-logo-Xtra-Centrerad-SVART.png","width":300,"height":99,"caption":"Melkerson y Nott SL"},"image":{"@id":"https:\/\/lightweb.dev\/l\/svm-temp\/#\/schema\/logo\/image\/"},"sameAs":["https:\/\/www.facebook.com\/svenskamagasinet","https:\/\/x.com\/SvenskaMagasine"]},{"@type":"Person","@id":"https:\/\/lightweb.dev\/l\/svm-temp\/#\/schema\/person\/caffe038990d25722f5a04a03c906a2b","name":"Robbie Eriksson","sameAs":["https:\/\/lightweb.dev\/l\/svm-temp"],"url":"https:\/\/lightweb.dev\/l\/svm-temp\/reporter\/robbie-eriksson\/"}]}},"_links":{"self":[{"href":"https:\/\/lightweb.dev\/l\/svm-temp\/wp-json\/wp\/v2\/posts\/75204","targetHints":{"allow":["GET"]}}],"collection":[{"href":"https:\/\/lightweb.dev\/l\/svm-temp\/wp-json\/wp\/v2\/posts"}],"about":[{"href":"https:\/\/lightweb.dev\/l\/svm-temp\/wp-json\/wp\/v2\/types\/post"}],"author":[{"embeddable":true,"href":"https:\/\/lightweb.dev\/l\/svm-temp\/wp-json\/wp\/v2\/users\/14"}],"replies":[{"embeddable":true,"href":"https:\/\/lightweb.dev\/l\/svm-temp\/wp-json\/wp\/v2\/comments?post=75204"}],"version-history":[{"count":0,"href":"https:\/\/lightweb.dev\/l\/svm-temp\/wp-json\/wp\/v2\/posts\/75204\/revisions"}],"wp:featuredmedia":[{"embeddable":true,"href":"https:\/\/lightweb.dev\/l\/svm-temp\/wp-json\/wp\/v2\/media\/72654"}],"wp:attachment":[{"href":"https:\/\/lightweb.dev\/l\/svm-temp\/wp-json\/wp\/v2\/media?parent=75204"}],"wp:term":[{"taxonomy":"category","embeddable":true,"href":"https:\/\/lightweb.dev\/l\/svm-temp\/wp-json\/wp\/v2\/categories?post=75204"},{"taxonomy":"post_tag","embeddable":true,"href":"https:\/\/lightweb.dev\/l\/svm-temp\/wp-json\/wp\/v2\/tags?post=75204"}],"curies":[{"name":"wp","href":"https:\/\/api.w.org\/{rel}","templated":true}]}}