{"id":75208,"date":"2024-10-16T15:22:45","date_gmt":"2024-10-16T13:22:45","guid":{"rendered":"https:\/\/lightweb.dev\/l\/svm-temp\/?p=75208"},"modified":"2024-10-16T15:22:45","modified_gmt":"2024-10-16T13:22:45","slug":"sa-lurar-vissa-resenarer-till-sig-en-sittplats-pa-pendeltaget","status":"publish","type":"post","link":"https:\/\/lightweb.dev\/l\/svm-temp\/nyheter\/sa-lurar-vissa-resenarer-till-sig-en-sittplats-pa-pendeltaget\/","title":{"rendered":"S\u00e5 lurar vissa resen\u00e4rer till sig en sittplats p\u00e5 pendelt\u00e5get"},"content":{"rendered":"<p><strong>Det blir sv\u00e5rare och sv\u00e5rare att f\u00e5 en sittplats p\u00e5 pendelt\u00e5get, Cercan\u00edas, som g\u00e5r l\u00e4ngs Solkusten mellan M\u00e1laga och Fuengirola.<\/strong><\/p>\n<p><strong>P\u00e5 grund av detta har flera resen\u00e4rer b\u00f6rjat med ett nytt trick.\u00a0\u00a0<\/strong><\/p>\n<p><span style=\"font-weight: 400;\">Sedan den spanska regeringen inf\u00f6rde de subventionerade s\u00e4songsbiljetterna p\u00e5 pendelt\u00e5gen beh\u00f6ver resen\u00e4rerna inte kliva av p\u00e5 t\u00e5gens slutstation. Tidigare var man tvungen att kliva ut ur vagnen och om man ville resa igen och g\u00e5 ut genom sp\u00e4rren innan man fick v\u00e4nda.\u00a0<\/span><\/p>\n<p><span style=\"font-weight: 400;\">Numera kan de som reser gratis med regeringens kort sitta kvar n\u00e4r t\u00e5get v\u00e4nder. Detta har lett till ett beteende som den statliga j\u00e4rnv\u00e4gsoperat\u00f6ren kallar \u201coh\u00f6vligt\u201d.\u00a0<\/span><\/p>\n<p><span style=\"font-weight: 400;\">Flera passagerare som ska resa v\u00e4sterut kliver idag p\u00e5 vid Maria Zambrano f\u00f6r att \u00e5ka en station till M\u00e1laga Centro-Alameda (d\u00e4r t\u00e5get v\u00e4nder). N\u00e4r t\u00e5get sedan n\u00e5r sin slutdestination stannar de kvar och tar en sittplats n\u00e4r merparten av resen\u00e4rerna kliver av t\u00e5get och kan d\u00e4rmed garantera att f\u00e5 en stol. Detta \u00e4r enligt tidningen SUR vanligt under rusningstid.\u00a0<\/span><\/p>\n<p><span style=\"font-weight: 400;\">Francisco Moya, som pendlar med t\u00e5get varje dag, sade till SUR att detta har blivit vanligare de senaste veckorna och sammanfaller med att ungdomar reser hem fr\u00e5n universitet och skolor.\u00a0<\/span><\/p>\n<p><span style=\"font-weight: 400;\">Respekt f\u00f6r de \u00e4ldre<\/span><\/p>\n<p><span style=\"font-weight: 400;\">\u201cM\u00e5nga kliver p\u00e5 vid Maria Zambrano i f\u00e4rdriktning mot centrum.. Och de stannar sedan kvar f\u00f6r att s\u00e4tta sig p\u00e5 ett ledigt s\u00e4te,\u201d sade han n\u00e4r han ber\u00e4ttade om sin upplevelse av att resa till Alameda. \u201cS\u00e5 n\u00e4r vi som kliver p\u00e5 i centrum kommer p\u00e5 t\u00e5get \u00e4r upp till 50 procent av s\u00e4ten redan upptagna,\u201d tillade han.\u00a0<\/span><\/p>\n<p><span style=\"font-weight: 400;\">Detta beteende drabbar mer s\u00e5rbara anv\u00e4ndare av tj\u00e4nsten som \u00e4ldre m\u00e4nniskor, gravida kvinnor och familjer med sm\u00e5 barn. \u201cDet v\u00e4rsta \u00e4r att det oftast inte finns n\u00e5gon respekt f\u00f6r dessa m\u00e4nniskor och de som redan sitter ger s\u00e4llan upp sin plats till de som beh\u00f6ver den mer, trots att de kan vara s\u00e4rskilt avsedda f\u00f6r dessa,\u201d sade Moya.\u00a0<\/span><\/p>\n<p><span style=\"font-weight: 400;\">Han vill se att Renfes s\u00e4kerhetspersonal ser till att t\u00e5gen t\u00f6ms n\u00e4r de anl\u00e4nder till Centro-Alameda s\u00e5 att \u00e5tkomsten till vagnarna blir r\u00e4ttvis och s\u00e4ten kan anv\u00e4ndas av de som beh\u00f6ver dem mest.\u00a0<\/span><\/p>\n","protected":false},"excerpt":{"rendered":"<p>Det blir sv\u00e5rare och sv\u00e5rare att f\u00e5 en sittplats p\u00e5 pendelt\u00e5get, Cercan\u00edas, som g\u00e5r l\u00e4ngs Solkusten mellan M\u00e1laga och Fuengirola. P\u00e5 grund av detta har flera resen\u00e4rer b\u00f6rjat med ett nytt trick.\u00a0\u00a0<\/p>\n","protected":false},"author":14,"featured_media":73435,"comment_status":"closed","ping_status":"closed","sticky":false,"template":"","format":"standard","meta":{"_et_pb_use_builder":"","_et_pb_old_content":"","_et_gb_content_width":"","footnotes":""},"categories":[395,3],"tags":[],"class_list":["post-75208","post","type-post","status-publish","format-standard","has-post-thumbnail","hentry","category-arkiv-nyheter","category-nyheter"],"yoast_head":"<!-- This site is optimized with the Yoast SEO Premium plugin v26.2 (Yoast SEO v27.4) - https:\/\/yoast.com\/product\/yoast-seo-premium-wordpress\/ -->\n<title>S\u00e5 lurar vissa resen\u00e4rer till sig en sittplats p\u00e5 pendelt\u00e5get - Svenska Magasinet<\/title>\n<meta name=\"robots\" content=\"noindex, follow, max-snippet:-1, max-image-preview:large, max-video-preview:-1\" \/>\n<meta property=\"og:locale\" content=\"sv_SE\" \/>\n<meta property=\"og:type\" content=\"article\" \/>\n<meta property=\"og:title\" content=\"S\u00e5 lurar vissa resen\u00e4rer till sig en sittplats p\u00e5 pendelt\u00e5get\" \/>\n<meta property=\"og:description\" content=\"Det blir sv\u00e5rare och sv\u00e5rare att f\u00e5 en sittplats p\u00e5 pendelt\u00e5get, Cercan\u00edas, som g\u00e5r l\u00e4ngs Solkusten mellan M\u00e1laga och Fuengirola. P\u00e5 grund av detta har flera resen\u00e4rer b\u00f6rjat med ett nytt trick.\u00a0\u00a0\" \/>\n<meta property=\"og:url\" content=\"https:\/\/lightweb.dev\/l\/svm-temp\/nyheter\/sa-lurar-vissa-resenarer-till-sig-en-sittplats-pa-pendeltaget\/\" \/>\n<meta property=\"og:site_name\" content=\"Svenska Magasinet\" \/>\n<meta property=\"article:publisher\" content=\"https:\/\/www.facebook.com\/svenskamagasinet\" \/>\n<meta property=\"article:published_time\" content=\"2024-10-16T13:22:45+00:00\" \/>\n<meta property=\"og:image\" content=\"https:\/\/lightweb.dev\/l\/svm-temp\/wp-content\/uploads\/2024\/07\/utokad-pendeltagstrafik-bollen-ligger-hos-renfe.jpg\" \/>\n\t<meta property=\"og:image:width\" content=\"700\" \/>\n\t<meta property=\"og:image:height\" content=\"420\" \/>\n\t<meta property=\"og:image:type\" content=\"image\/jpeg\" \/>\n<meta name=\"author\" content=\"Robbie Eriksson\" \/>\n<meta name=\"twitter:card\" content=\"summary_large_image\" \/>\n<meta name=\"twitter:creator\" content=\"@SvenskaMagasine\" \/>\n<meta name=\"twitter:site\" content=\"@SvenskaMagasine\" \/>\n<script type=\"application\/ld+json\" class=\"yoast-schema-graph\">{\"@context\":\"https:\\\/\\\/schema.org\",\"@graph\":[{\"@type\":\"Article\",\"@id\":\"https:\\\/\\\/lightweb.dev\\\/l\\\/svm-temp\\\/nyheter\\\/sa-lurar-vissa-resenarer-till-sig-en-sittplats-pa-pendeltaget\\\/#article\",\"isPartOf\":{\"@id\":\"https:\\\/\\\/lightweb.dev\\\/l\\\/svm-temp\\\/nyheter\\\/sa-lurar-vissa-resenarer-till-sig-en-sittplats-pa-pendeltaget\\\/\"},\"author\":{\"name\":\"Robbie Eriksson\",\"@id\":\"https:\\\/\\\/lightweb.dev\\\/l\\\/svm-temp\\\/#\\\/schema\\\/person\\\/caffe038990d25722f5a04a03c906a2b\"},\"headline\":\"S\u00e5 lurar vissa resen\u00e4rer till sig en sittplats p\u00e5 pendelt\u00e5get\",\"datePublished\":\"2024-10-16T13:22:45+00:00\",\"mainEntityOfPage\":{\"@id\":\"https:\\\/\\\/lightweb.dev\\\/l\\\/svm-temp\\\/nyheter\\\/sa-lurar-vissa-resenarer-till-sig-en-sittplats-pa-pendeltaget\\\/\"},\"wordCount\":424,\"publisher\":{\"@id\":\"https:\\\/\\\/lightweb.dev\\\/l\\\/svm-temp\\\/#organization\"},\"image\":{\"@id\":\"https:\\\/\\\/lightweb.dev\\\/l\\\/svm-temp\\\/nyheter\\\/sa-lurar-vissa-resenarer-till-sig-en-sittplats-pa-pendeltaget\\\/#primaryimage\"},\"thumbnailUrl\":\"https:\\\/\\\/lightweb.dev\\\/l\\\/svm-temp\\\/wp-content\\\/uploads\\\/2024\\\/07\\\/utokad-pendeltagstrafik-bollen-ligger-hos-renfe.jpg\",\"articleSection\":[\"Arkiv\",\"Nyheter\"],\"inLanguage\":\"sv-SE\"},{\"@type\":\"WebPage\",\"@id\":\"https:\\\/\\\/lightweb.dev\\\/l\\\/svm-temp\\\/nyheter\\\/sa-lurar-vissa-resenarer-till-sig-en-sittplats-pa-pendeltaget\\\/\",\"url\":\"https:\\\/\\\/lightweb.dev\\\/l\\\/svm-temp\\\/nyheter\\\/sa-lurar-vissa-resenarer-till-sig-en-sittplats-pa-pendeltaget\\\/\",\"name\":\"S\u00e5 lurar vissa resen\u00e4rer till sig en sittplats p\u00e5 pendelt\u00e5get - Svenska Magasinet\",\"isPartOf\":{\"@id\":\"https:\\\/\\\/lightweb.dev\\\/l\\\/svm-temp\\\/#website\"},\"primaryImageOfPage\":{\"@id\":\"https:\\\/\\\/lightweb.dev\\\/l\\\/svm-temp\\\/nyheter\\\/sa-lurar-vissa-resenarer-till-sig-en-sittplats-pa-pendeltaget\\\/#primaryimage\"},\"image\":{\"@id\":\"https:\\\/\\\/lightweb.dev\\\/l\\\/svm-temp\\\/nyheter\\\/sa-lurar-vissa-resenarer-till-sig-en-sittplats-pa-pendeltaget\\\/#primaryimage\"},\"thumbnailUrl\":\"https:\\\/\\\/lightweb.dev\\\/l\\\/svm-temp\\\/wp-content\\\/uploads\\\/2024\\\/07\\\/utokad-pendeltagstrafik-bollen-ligger-hos-renfe.jpg\",\"datePublished\":\"2024-10-16T13:22:45+00:00\",\"breadcrumb\":{\"@id\":\"https:\\\/\\\/lightweb.dev\\\/l\\\/svm-temp\\\/nyheter\\\/sa-lurar-vissa-resenarer-till-sig-en-sittplats-pa-pendeltaget\\\/#breadcrumb\"},\"inLanguage\":\"sv-SE\",\"potentialAction\":[{\"@type\":\"ReadAction\",\"target\":[\"https:\\\/\\\/lightweb.dev\\\/l\\\/svm-temp\\\/nyheter\\\/sa-lurar-vissa-resenarer-till-sig-en-sittplats-pa-pendeltaget\\\/\"]}]},{\"@type\":\"ImageObject\",\"inLanguage\":\"sv-SE\",\"@id\":\"https:\\\/\\\/lightweb.dev\\\/l\\\/svm-temp\\\/nyheter\\\/sa-lurar-vissa-resenarer-till-sig-en-sittplats-pa-pendeltaget\\\/#primaryimage\",\"url\":\"https:\\\/\\\/lightweb.dev\\\/l\\\/svm-temp\\\/wp-content\\\/uploads\\\/2024\\\/07\\\/utokad-pendeltagstrafik-bollen-ligger-hos-renfe.jpg\",\"contentUrl\":\"https:\\\/\\\/lightweb.dev\\\/l\\\/svm-temp\\\/wp-content\\\/uploads\\\/2024\\\/07\\\/utokad-pendeltagstrafik-bollen-ligger-hos-renfe.jpg\",\"width\":700,\"height\":420},{\"@type\":\"BreadcrumbList\",\"@id\":\"https:\\\/\\\/lightweb.dev\\\/l\\\/svm-temp\\\/nyheter\\\/sa-lurar-vissa-resenarer-till-sig-en-sittplats-pa-pendeltaget\\\/#breadcrumb\",\"itemListElement\":[{\"@type\":\"ListItem\",\"position\":1,\"name\":\"Hem\",\"item\":\"https:\\\/\\\/lightweb.dev\\\/l\\\/svm-temp\\\/\"},{\"@type\":\"ListItem\",\"position\":2,\"name\":\"S\u00e5 lurar vissa resen\u00e4rer till sig en sittplats p\u00e5 pendelt\u00e5get\"}]},{\"@type\":\"WebSite\",\"@id\":\"https:\\\/\\\/lightweb.dev\\\/l\\\/svm-temp\\\/#website\",\"url\":\"https:\\\/\\\/lightweb.dev\\\/l\\\/svm-temp\\\/\",\"name\":\"Svenska Magasinet\",\"description\":\"Dina Spanska nyheter p&aring; Svenska\",\"publisher\":{\"@id\":\"https:\\\/\\\/lightweb.dev\\\/l\\\/svm-temp\\\/#organization\"},\"potentialAction\":[{\"@type\":\"SearchAction\",\"target\":{\"@type\":\"EntryPoint\",\"urlTemplate\":\"https:\\\/\\\/lightweb.dev\\\/l\\\/svm-temp\\\/?s={search_term_string}\"},\"query-input\":{\"@type\":\"PropertyValueSpecification\",\"valueRequired\":true,\"valueName\":\"search_term_string\"}}],\"inLanguage\":\"sv-SE\"},{\"@type\":\"Organization\",\"@id\":\"https:\\\/\\\/lightweb.dev\\\/l\\\/svm-temp\\\/#organization\",\"name\":\"Melkerson y Nott SL\",\"alternateName\":\"Svenska Magasinet\",\"url\":\"https:\\\/\\\/lightweb.dev\\\/l\\\/svm-temp\\\/\",\"logo\":{\"@type\":\"ImageObject\",\"inLanguage\":\"sv-SE\",\"@id\":\"https:\\\/\\\/lightweb.dev\\\/l\\\/svm-temp\\\/#\\\/schema\\\/logo\\\/image\\\/\",\"url\":\"https:\\\/\\\/lightweb.dev\\\/l\\\/svm-temp\\\/wp-content\\\/uploads\\\/2025\\\/02\\\/SvM-logo-Xtra-Centrerad-SVART.png\",\"contentUrl\":\"https:\\\/\\\/lightweb.dev\\\/l\\\/svm-temp\\\/wp-content\\\/uploads\\\/2025\\\/02\\\/SvM-logo-Xtra-Centrerad-SVART.png\",\"width\":300,\"height\":99,\"caption\":\"Melkerson y Nott SL\"},\"image\":{\"@id\":\"https:\\\/\\\/lightweb.dev\\\/l\\\/svm-temp\\\/#\\\/schema\\\/logo\\\/image\\\/\"},\"sameAs\":[\"https:\\\/\\\/www.facebook.com\\\/svenskamagasinet\",\"https:\\\/\\\/x.com\\\/SvenskaMagasine\"]},{\"@type\":\"Person\",\"@id\":\"https:\\\/\\\/lightweb.dev\\\/l\\\/svm-temp\\\/#\\\/schema\\\/person\\\/caffe038990d25722f5a04a03c906a2b\",\"name\":\"Robbie Eriksson\",\"sameAs\":[\"https:\\\/\\\/lightweb.dev\\\/l\\\/svm-temp\"],\"url\":\"https:\\\/\\\/lightweb.dev\\\/l\\\/svm-temp\\\/reporter\\\/robbie-eriksson\\\/\"}]}<\/script>\n<!-- \/ Yoast SEO Premium plugin. -->","yoast_head_json":{"title":"S\u00e5 lurar vissa resen\u00e4rer till sig en sittplats p\u00e5 pendelt\u00e5get - Svenska Magasinet","robots":{"index":"noindex","follow":"follow","max-snippet":"max-snippet:-1","max-image-preview":"max-image-preview:large","max-video-preview":"max-video-preview:-1"},"og_locale":"sv_SE","og_type":"article","og_title":"S\u00e5 lurar vissa resen\u00e4rer till sig en sittplats p\u00e5 pendelt\u00e5get","og_description":"Det blir sv\u00e5rare och sv\u00e5rare att f\u00e5 en sittplats p\u00e5 pendelt\u00e5get, Cercan\u00edas, som g\u00e5r l\u00e4ngs Solkusten mellan M\u00e1laga och Fuengirola. P\u00e5 grund av detta har flera resen\u00e4rer b\u00f6rjat med ett nytt trick.\u00a0\u00a0","og_url":"https:\/\/lightweb.dev\/l\/svm-temp\/nyheter\/sa-lurar-vissa-resenarer-till-sig-en-sittplats-pa-pendeltaget\/","og_site_name":"Svenska Magasinet","article_publisher":"https:\/\/www.facebook.com\/svenskamagasinet","article_published_time":"2024-10-16T13:22:45+00:00","og_image":[{"width":700,"height":420,"url":"https:\/\/lightweb.dev\/l\/svm-temp\/wp-content\/uploads\/2024\/07\/utokad-pendeltagstrafik-bollen-ligger-hos-renfe.jpg","type":"image\/jpeg"}],"author":"Robbie Eriksson","twitter_card":"summary_large_image","twitter_creator":"@SvenskaMagasine","twitter_site":"@SvenskaMagasine","schema":{"@context":"https:\/\/schema.org","@graph":[{"@type":"Article","@id":"https:\/\/lightweb.dev\/l\/svm-temp\/nyheter\/sa-lurar-vissa-resenarer-till-sig-en-sittplats-pa-pendeltaget\/#article","isPartOf":{"@id":"https:\/\/lightweb.dev\/l\/svm-temp\/nyheter\/sa-lurar-vissa-resenarer-till-sig-en-sittplats-pa-pendeltaget\/"},"author":{"name":"Robbie Eriksson","@id":"https:\/\/lightweb.dev\/l\/svm-temp\/#\/schema\/person\/caffe038990d25722f5a04a03c906a2b"},"headline":"S\u00e5 lurar vissa resen\u00e4rer till sig en sittplats p\u00e5 pendelt\u00e5get","datePublished":"2024-10-16T13:22:45+00:00","mainEntityOfPage":{"@id":"https:\/\/lightweb.dev\/l\/svm-temp\/nyheter\/sa-lurar-vissa-resenarer-till-sig-en-sittplats-pa-pendeltaget\/"},"wordCount":424,"publisher":{"@id":"https:\/\/lightweb.dev\/l\/svm-temp\/#organization"},"image":{"@id":"https:\/\/lightweb.dev\/l\/svm-temp\/nyheter\/sa-lurar-vissa-resenarer-till-sig-en-sittplats-pa-pendeltaget\/#primaryimage"},"thumbnailUrl":"https:\/\/lightweb.dev\/l\/svm-temp\/wp-content\/uploads\/2024\/07\/utokad-pendeltagstrafik-bollen-ligger-hos-renfe.jpg","articleSection":["Arkiv","Nyheter"],"inLanguage":"sv-SE"},{"@type":"WebPage","@id":"https:\/\/lightweb.dev\/l\/svm-temp\/nyheter\/sa-lurar-vissa-resenarer-till-sig-en-sittplats-pa-pendeltaget\/","url":"https:\/\/lightweb.dev\/l\/svm-temp\/nyheter\/sa-lurar-vissa-resenarer-till-sig-en-sittplats-pa-pendeltaget\/","name":"S\u00e5 lurar vissa resen\u00e4rer till sig en sittplats p\u00e5 pendelt\u00e5get - Svenska Magasinet","isPartOf":{"@id":"https:\/\/lightweb.dev\/l\/svm-temp\/#website"},"primaryImageOfPage":{"@id":"https:\/\/lightweb.dev\/l\/svm-temp\/nyheter\/sa-lurar-vissa-resenarer-till-sig-en-sittplats-pa-pendeltaget\/#primaryimage"},"image":{"@id":"https:\/\/lightweb.dev\/l\/svm-temp\/nyheter\/sa-lurar-vissa-resenarer-till-sig-en-sittplats-pa-pendeltaget\/#primaryimage"},"thumbnailUrl":"https:\/\/lightweb.dev\/l\/svm-temp\/wp-content\/uploads\/2024\/07\/utokad-pendeltagstrafik-bollen-ligger-hos-renfe.jpg","datePublished":"2024-10-16T13:22:45+00:00","breadcrumb":{"@id":"https:\/\/lightweb.dev\/l\/svm-temp\/nyheter\/sa-lurar-vissa-resenarer-till-sig-en-sittplats-pa-pendeltaget\/#breadcrumb"},"inLanguage":"sv-SE","potentialAction":[{"@type":"ReadAction","target":["https:\/\/lightweb.dev\/l\/svm-temp\/nyheter\/sa-lurar-vissa-resenarer-till-sig-en-sittplats-pa-pendeltaget\/"]}]},{"@type":"ImageObject","inLanguage":"sv-SE","@id":"https:\/\/lightweb.dev\/l\/svm-temp\/nyheter\/sa-lurar-vissa-resenarer-till-sig-en-sittplats-pa-pendeltaget\/#primaryimage","url":"https:\/\/lightweb.dev\/l\/svm-temp\/wp-content\/uploads\/2024\/07\/utokad-pendeltagstrafik-bollen-ligger-hos-renfe.jpg","contentUrl":"https:\/\/lightweb.dev\/l\/svm-temp\/wp-content\/uploads\/2024\/07\/utokad-pendeltagstrafik-bollen-ligger-hos-renfe.jpg","width":700,"height":420},{"@type":"BreadcrumbList","@id":"https:\/\/lightweb.dev\/l\/svm-temp\/nyheter\/sa-lurar-vissa-resenarer-till-sig-en-sittplats-pa-pendeltaget\/#breadcrumb","itemListElement":[{"@type":"ListItem","position":1,"name":"Hem","item":"https:\/\/lightweb.dev\/l\/svm-temp\/"},{"@type":"ListItem","position":2,"name":"S\u00e5 lurar vissa resen\u00e4rer till sig en sittplats p\u00e5 pendelt\u00e5get"}]},{"@type":"WebSite","@id":"https:\/\/lightweb.dev\/l\/svm-temp\/#website","url":"https:\/\/lightweb.dev\/l\/svm-temp\/","name":"Svenska Magasinet","description":"Dina Spanska nyheter p&aring; Svenska","publisher":{"@id":"https:\/\/lightweb.dev\/l\/svm-temp\/#organization"},"potentialAction":[{"@type":"SearchAction","target":{"@type":"EntryPoint","urlTemplate":"https:\/\/lightweb.dev\/l\/svm-temp\/?s={search_term_string}"},"query-input":{"@type":"PropertyValueSpecification","valueRequired":true,"valueName":"search_term_string"}}],"inLanguage":"sv-SE"},{"@type":"Organization","@id":"https:\/\/lightweb.dev\/l\/svm-temp\/#organization","name":"Melkerson y Nott SL","alternateName":"Svenska Magasinet","url":"https:\/\/lightweb.dev\/l\/svm-temp\/","logo":{"@type":"ImageObject","inLanguage":"sv-SE","@id":"https:\/\/lightweb.dev\/l\/svm-temp\/#\/schema\/logo\/image\/","url":"https:\/\/lightweb.dev\/l\/svm-temp\/wp-content\/uploads\/2025\/02\/SvM-logo-Xtra-Centrerad-SVART.png","contentUrl":"https:\/\/lightweb.dev\/l\/svm-temp\/wp-content\/uploads\/2025\/02\/SvM-logo-Xtra-Centrerad-SVART.png","width":300,"height":99,"caption":"Melkerson y Nott SL"},"image":{"@id":"https:\/\/lightweb.dev\/l\/svm-temp\/#\/schema\/logo\/image\/"},"sameAs":["https:\/\/www.facebook.com\/svenskamagasinet","https:\/\/x.com\/SvenskaMagasine"]},{"@type":"Person","@id":"https:\/\/lightweb.dev\/l\/svm-temp\/#\/schema\/person\/caffe038990d25722f5a04a03c906a2b","name":"Robbie Eriksson","sameAs":["https:\/\/lightweb.dev\/l\/svm-temp"],"url":"https:\/\/lightweb.dev\/l\/svm-temp\/reporter\/robbie-eriksson\/"}]}},"_links":{"self":[{"href":"https:\/\/lightweb.dev\/l\/svm-temp\/wp-json\/wp\/v2\/posts\/75208","targetHints":{"allow":["GET"]}}],"collection":[{"href":"https:\/\/lightweb.dev\/l\/svm-temp\/wp-json\/wp\/v2\/posts"}],"about":[{"href":"https:\/\/lightweb.dev\/l\/svm-temp\/wp-json\/wp\/v2\/types\/post"}],"author":[{"embeddable":true,"href":"https:\/\/lightweb.dev\/l\/svm-temp\/wp-json\/wp\/v2\/users\/14"}],"replies":[{"embeddable":true,"href":"https:\/\/lightweb.dev\/l\/svm-temp\/wp-json\/wp\/v2\/comments?post=75208"}],"version-history":[{"count":0,"href":"https:\/\/lightweb.dev\/l\/svm-temp\/wp-json\/wp\/v2\/posts\/75208\/revisions"}],"wp:featuredmedia":[{"embeddable":true,"href":"https:\/\/lightweb.dev\/l\/svm-temp\/wp-json\/wp\/v2\/media\/73435"}],"wp:attachment":[{"href":"https:\/\/lightweb.dev\/l\/svm-temp\/wp-json\/wp\/v2\/media?parent=75208"}],"wp:term":[{"taxonomy":"category","embeddable":true,"href":"https:\/\/lightweb.dev\/l\/svm-temp\/wp-json\/wp\/v2\/categories?post=75208"},{"taxonomy":"post_tag","embeddable":true,"href":"https:\/\/lightweb.dev\/l\/svm-temp\/wp-json\/wp\/v2\/tags?post=75208"}],"curies":[{"name":"wp","href":"https:\/\/api.w.org\/{rel}","templated":true}]}}