{"id":75216,"date":"2024-10-16T18:16:19","date_gmt":"2024-10-16T16:16:19","guid":{"rendered":"https:\/\/lightweb.dev\/l\/svm-temp\/?p=75216"},"modified":"2024-10-21T09:38:14","modified_gmt":"2024-10-21T07:38:14","slug":"nu-laggs-isen-i-solkustens-ishall","status":"publish","type":"post","link":"https:\/\/lightweb.dev\/l\/svm-temp\/nyheter\/nu-laggs-isen-i-solkustens-ishall\/","title":{"rendered":"Nu l\u00e4ggs isen i Solkustens ishall"},"content":{"rendered":"<p><strong>Den som kikar in i Palacio Deportes i Arroyo de la Miel i Benalm\u00e1dena kan se hur ismakare l\u00e4gger s\u00e4songens f\u00f6rsta is.<\/strong><\/p>\n<p><strong>Redan p\u00e5 fredag den 18 oktober \u00e4r det s\u00e4songspremi\u00e4r.<\/strong><\/p>\n<div id=\"attachment_75214\" style=\"width: 910px\" class=\"wp-caption alignnone\"><img loading=\"lazy\" decoding=\"async\" aria-describedby=\"caption-attachment-75214\" class=\"wp-image-75214 size-full\" src=\"https:\/\/lightweb.dev\/l\/svm-temp\/wp-content\/uploads\/2024\/10\/svm20241016161254.webp\" alt=\"\" width=\"900\" height=\"400\" srcset=\"https:\/\/lightweb.dev\/l\/svm-temp\/wp-content\/uploads\/2024\/10\/svm20241016161254.webp 900w, https:\/\/lightweb.dev\/l\/svm-temp\/wp-content\/uploads\/2024\/10\/svm20241016161254-300x133.webp 300w, https:\/\/lightweb.dev\/l\/svm-temp\/wp-content\/uploads\/2024\/10\/svm20241016161254-768x341.webp 768w, https:\/\/lightweb.dev\/l\/svm-temp\/wp-content\/uploads\/2024\/10\/svm20241016161254-610x271.webp 610w, https:\/\/lightweb.dev\/l\/svm-temp\/wp-content\/uploads\/2024\/10\/svm20241016161254-600x267.webp 600w\" sizes=\"(max-width: 900px) 100vw, 900px\" \/><p id=\"caption-attachment-75214\" class=\"wp-caption-text\">I \u00e5r hoppas vi p\u00e5 fler ishockeyspelare, s\u00e4ger Jonathan Granda.<\/p><\/div>\n<p>&#8211; Fr\u00e5n torsdag den 24 oktober blir det \u00e4ven ishockey. Tyv\u00e4rr har vi f\u00f6rlorat tisdagens ishockey f\u00f6r vuxna fr\u00e5n 15 \u00e5r p\u00e5 grund av sviktande intresse sedan ifjol, s\u00e4ger Jonathan Granda som \u00e4r ansvarig f\u00f6r ishockeyverksamheten.<\/p>\n<h2>Vuxna och barn<\/h2>\n<p>P\u00e5 torsdagar klockan 21 till 22.20 \u00e4r det ishockey f\u00f6r vuxna p\u00e5 programmet.<\/p>\n<p>Tisdagar och torsdagar klockan 17.10 till 18 f\u00f6r barn upp till 14 \u00e5r.<\/p>\n<p>I \u00f6vrigt arrangeras det b\u00e5de skridskodisco och konst\u00e5kning f\u00f6rutom att ishallen anv\u00e4nds i samband med att skolor p\u00e5 kusten har fritidsdagar.<\/p>\n<p>Anl\u00e4ggningen har funnits i \u00f6ver 20 \u00e5r.<\/p>\n<p>Palacio Deportes som ligger i centrala Arroyo de la Miel har b\u00e5de gym, pool och ishall.<\/p>\n<p>Fredagen den 18 oktober invigs \u00e5rets iss\u00e4song med borgm\u00e4staren Juan Antonio Lara p\u00e5 plats tillsammans med kommunalr\u00e5det f\u00f6r idrott Alejandro Carretero och presidenten f\u00f6r Andalusiens vintersportf\u00f6rbund (Federaci\u00f3n Andaluza de Deportes de Invierno) Carlos Santandreu.<\/p>\n<p>Cristian Vaquero som ing\u00e5r i Spaniens landslag f\u00f6r konst\u00e5kning har uppvisning.<\/p>\n<p class=\"v-p\">Adress: Av. Ciudad de Melilla, s\/n, 29631 Benalm\u00e1dena, (M\u00e1laga).<\/p>\n<p class=\"v-p\">Telefon: (+34) 951 135 931.<\/p>\n<p class=\"v-p\">L\u00e4s mer: <a title=\"pistadehielobenalmadena.com\" href=\"https:\/\/pistadehielobenalmadena.com\/\" target=\"_blank\" rel=\"nofollow noopener\" data-voc-vtm-id=\"in-text-traffic\" data-mrf-link=\"pistadehielobenalmadena.com\">https:\/\/pistadehielobenalmadena.com\/<\/a><\/p>\n","protected":false},"excerpt":{"rendered":"<p>Den som kikar in i Palacio Deportes i Arroyo de la Miel i Benalm\u00e1dena kan se hur ismakare l\u00e4gger s\u00e4songens f\u00f6rsta is. Redan p\u00e5 fredag den 18 oktober \u00e4r det s\u00e4songspremi\u00e4r&#8230;<\/p>\n","protected":false},"author":7,"featured_media":75215,"comment_status":"closed","ping_status":"closed","sticky":false,"template":"","format":"standard","meta":{"_et_pb_use_builder":"","_et_pb_old_content":"","_et_gb_content_width":"","footnotes":""},"categories":[3,352],"tags":[],"class_list":["post-75216","post","type-post","status-publish","format-standard","has-post-thumbnail","hentry","category-nyheter","category-sport"],"yoast_head":"<!-- This site is optimized with the Yoast SEO Premium plugin v26.2 (Yoast SEO v27.4) - https:\/\/yoast.com\/product\/yoast-seo-premium-wordpress\/ -->\n<title>Nu l\u00e4ggs isen i Solkustens ishall - Svenska Magasinet<\/title>\n<meta name=\"description\" content=\"Den som kikar in i Palacio Deportes i Arroyo de la Miel i Benalm\u00e1dena kan se hur ismakare l\u00e4gger s\u00e4songens f\u00f6rsta is. Redan p\u00e5 fredag den 18 oktober \u00e4r det s\u00e4songspremi\u00e4r.\" \/>\n<meta name=\"robots\" content=\"noindex, follow, max-snippet:-1, max-image-preview:large, max-video-preview:-1\" \/>\n<meta property=\"og:locale\" content=\"sv_SE\" \/>\n<meta property=\"og:type\" content=\"article\" \/>\n<meta property=\"og:title\" content=\"Nu l\u00e4ggs isen i Solkustens ishall\" \/>\n<meta property=\"og:description\" content=\"Den som kikar in i Palacio Deportes i Arroyo de la Miel i Benalm\u00e1dena kan se hur ismakare l\u00e4gger s\u00e4songens f\u00f6rsta is. Redan p\u00e5 fredag den 18 oktober \u00e4r det s\u00e4songspremi\u00e4r.\" \/>\n<meta property=\"og:url\" content=\"https:\/\/lightweb.dev\/l\/svm-temp\/nyheter\/nu-laggs-isen-i-solkustens-ishall\/\" \/>\n<meta property=\"og:site_name\" content=\"Svenska Magasinet\" \/>\n<meta property=\"article:publisher\" content=\"https:\/\/www.facebook.com\/svenskamagasinet\" \/>\n<meta property=\"article:published_time\" content=\"2024-10-16T16:16:19+00:00\" \/>\n<meta property=\"article:modified_time\" content=\"2024-10-21T07:38:14+00:00\" \/>\n<meta property=\"og:image\" content=\"https:\/\/lightweb.dev\/l\/svm-temp\/wp-content\/uploads\/2024\/10\/svm20241016161311.webp\" \/>\n\t<meta property=\"og:image:width\" content=\"900\" \/>\n\t<meta property=\"og:image:height\" content=\"400\" \/>\n\t<meta property=\"og:image:type\" content=\"image\/webp\" \/>\n<meta name=\"author\" content=\"Ola Josefsson\" \/>\n<meta name=\"twitter:card\" content=\"summary_large_image\" \/>\n<meta name=\"twitter:creator\" content=\"@SvenskaMagasine\" \/>\n<meta name=\"twitter:site\" content=\"@SvenskaMagasine\" \/>\n<script type=\"application\/ld+json\" class=\"yoast-schema-graph\">{\"@context\":\"https:\\\/\\\/schema.org\",\"@graph\":[{\"@type\":\"Article\",\"@id\":\"https:\\\/\\\/lightweb.dev\\\/l\\\/svm-temp\\\/nyheter\\\/nu-laggs-isen-i-solkustens-ishall\\\/#article\",\"isPartOf\":{\"@id\":\"https:\\\/\\\/lightweb.dev\\\/l\\\/svm-temp\\\/nyheter\\\/nu-laggs-isen-i-solkustens-ishall\\\/\"},\"author\":{\"name\":\"Ola Josefsson\",\"@id\":\"https:\\\/\\\/lightweb.dev\\\/l\\\/svm-temp\\\/#\\\/schema\\\/person\\\/7a82b8a73d171d32360a564b6d03508e\"},\"headline\":\"Nu l\u00e4ggs isen i Solkustens ishall\",\"datePublished\":\"2024-10-16T16:16:19+00:00\",\"dateModified\":\"2024-10-21T07:38:14+00:00\",\"mainEntityOfPage\":{\"@id\":\"https:\\\/\\\/lightweb.dev\\\/l\\\/svm-temp\\\/nyheter\\\/nu-laggs-isen-i-solkustens-ishall\\\/\"},\"wordCount\":249,\"publisher\":{\"@id\":\"https:\\\/\\\/lightweb.dev\\\/l\\\/svm-temp\\\/#organization\"},\"image\":{\"@id\":\"https:\\\/\\\/lightweb.dev\\\/l\\\/svm-temp\\\/nyheter\\\/nu-laggs-isen-i-solkustens-ishall\\\/#primaryimage\"},\"thumbnailUrl\":\"https:\\\/\\\/lightweb.dev\\\/l\\\/svm-temp\\\/wp-content\\\/uploads\\\/2024\\\/10\\\/svm20241016161311.webp\",\"articleSection\":[\"Nyheter\",\"Sport\"],\"inLanguage\":\"sv-SE\"},{\"@type\":\"WebPage\",\"@id\":\"https:\\\/\\\/lightweb.dev\\\/l\\\/svm-temp\\\/nyheter\\\/nu-laggs-isen-i-solkustens-ishall\\\/\",\"url\":\"https:\\\/\\\/lightweb.dev\\\/l\\\/svm-temp\\\/nyheter\\\/nu-laggs-isen-i-solkustens-ishall\\\/\",\"name\":\"Nu l\u00e4ggs isen i Solkustens ishall - Svenska Magasinet\",\"isPartOf\":{\"@id\":\"https:\\\/\\\/lightweb.dev\\\/l\\\/svm-temp\\\/#website\"},\"primaryImageOfPage\":{\"@id\":\"https:\\\/\\\/lightweb.dev\\\/l\\\/svm-temp\\\/nyheter\\\/nu-laggs-isen-i-solkustens-ishall\\\/#primaryimage\"},\"image\":{\"@id\":\"https:\\\/\\\/lightweb.dev\\\/l\\\/svm-temp\\\/nyheter\\\/nu-laggs-isen-i-solkustens-ishall\\\/#primaryimage\"},\"thumbnailUrl\":\"https:\\\/\\\/lightweb.dev\\\/l\\\/svm-temp\\\/wp-content\\\/uploads\\\/2024\\\/10\\\/svm20241016161311.webp\",\"datePublished\":\"2024-10-16T16:16:19+00:00\",\"dateModified\":\"2024-10-21T07:38:14+00:00\",\"description\":\"Den som kikar in i Palacio Deportes i Arroyo de la Miel i Benalm\u00e1dena kan se hur ismakare l\u00e4gger s\u00e4songens f\u00f6rsta is. Redan p\u00e5 fredag den 18 oktober \u00e4r det s\u00e4songspremi\u00e4r.\",\"breadcrumb\":{\"@id\":\"https:\\\/\\\/lightweb.dev\\\/l\\\/svm-temp\\\/nyheter\\\/nu-laggs-isen-i-solkustens-ishall\\\/#breadcrumb\"},\"inLanguage\":\"sv-SE\",\"potentialAction\":[{\"@type\":\"ReadAction\",\"target\":[\"https:\\\/\\\/lightweb.dev\\\/l\\\/svm-temp\\\/nyheter\\\/nu-laggs-isen-i-solkustens-ishall\\\/\"]}]},{\"@type\":\"ImageObject\",\"inLanguage\":\"sv-SE\",\"@id\":\"https:\\\/\\\/lightweb.dev\\\/l\\\/svm-temp\\\/nyheter\\\/nu-laggs-isen-i-solkustens-ishall\\\/#primaryimage\",\"url\":\"https:\\\/\\\/lightweb.dev\\\/l\\\/svm-temp\\\/wp-content\\\/uploads\\\/2024\\\/10\\\/svm20241016161311.webp\",\"contentUrl\":\"https:\\\/\\\/lightweb.dev\\\/l\\\/svm-temp\\\/wp-content\\\/uploads\\\/2024\\\/10\\\/svm20241016161311.webp\",\"width\":900,\"height\":400},{\"@type\":\"BreadcrumbList\",\"@id\":\"https:\\\/\\\/lightweb.dev\\\/l\\\/svm-temp\\\/nyheter\\\/nu-laggs-isen-i-solkustens-ishall\\\/#breadcrumb\",\"itemListElement\":[{\"@type\":\"ListItem\",\"position\":1,\"name\":\"Hem\",\"item\":\"https:\\\/\\\/lightweb.dev\\\/l\\\/svm-temp\\\/\"},{\"@type\":\"ListItem\",\"position\":2,\"name\":\"Nu l\u00e4ggs isen i Solkustens ishall\"}]},{\"@type\":\"WebSite\",\"@id\":\"https:\\\/\\\/lightweb.dev\\\/l\\\/svm-temp\\\/#website\",\"url\":\"https:\\\/\\\/lightweb.dev\\\/l\\\/svm-temp\\\/\",\"name\":\"Svenska Magasinet\",\"description\":\"Dina Spanska nyheter p&aring; Svenska\",\"publisher\":{\"@id\":\"https:\\\/\\\/lightweb.dev\\\/l\\\/svm-temp\\\/#organization\"},\"potentialAction\":[{\"@type\":\"SearchAction\",\"target\":{\"@type\":\"EntryPoint\",\"urlTemplate\":\"https:\\\/\\\/lightweb.dev\\\/l\\\/svm-temp\\\/?s={search_term_string}\"},\"query-input\":{\"@type\":\"PropertyValueSpecification\",\"valueRequired\":true,\"valueName\":\"search_term_string\"}}],\"inLanguage\":\"sv-SE\"},{\"@type\":\"Organization\",\"@id\":\"https:\\\/\\\/lightweb.dev\\\/l\\\/svm-temp\\\/#organization\",\"name\":\"Melkerson y Nott SL\",\"alternateName\":\"Svenska Magasinet\",\"url\":\"https:\\\/\\\/lightweb.dev\\\/l\\\/svm-temp\\\/\",\"logo\":{\"@type\":\"ImageObject\",\"inLanguage\":\"sv-SE\",\"@id\":\"https:\\\/\\\/lightweb.dev\\\/l\\\/svm-temp\\\/#\\\/schema\\\/logo\\\/image\\\/\",\"url\":\"https:\\\/\\\/lightweb.dev\\\/l\\\/svm-temp\\\/wp-content\\\/uploads\\\/2025\\\/02\\\/SvM-logo-Xtra-Centrerad-SVART.png\",\"contentUrl\":\"https:\\\/\\\/lightweb.dev\\\/l\\\/svm-temp\\\/wp-content\\\/uploads\\\/2025\\\/02\\\/SvM-logo-Xtra-Centrerad-SVART.png\",\"width\":300,\"height\":99,\"caption\":\"Melkerson y Nott SL\"},\"image\":{\"@id\":\"https:\\\/\\\/lightweb.dev\\\/l\\\/svm-temp\\\/#\\\/schema\\\/logo\\\/image\\\/\"},\"sameAs\":[\"https:\\\/\\\/www.facebook.com\\\/svenskamagasinet\",\"https:\\\/\\\/x.com\\\/SvenskaMagasine\"]},{\"@type\":\"Person\",\"@id\":\"https:\\\/\\\/lightweb.dev\\\/l\\\/svm-temp\\\/#\\\/schema\\\/person\\\/7a82b8a73d171d32360a564b6d03508e\",\"name\":\"Ola Josefsson\",\"description\":\"Bevakar Solkusten och Spanien sedan 1994.\",\"sameAs\":[\"https:\\\/\\\/lightweb.dev\\\/l\\\/svm-temp\"],\"url\":\"https:\\\/\\\/lightweb.dev\\\/l\\\/svm-temp\\\/reporter\\\/ola-josefsson\\\/\"}]}<\/script>\n<!-- \/ Yoast SEO Premium plugin. -->","yoast_head_json":{"title":"Nu l\u00e4ggs isen i Solkustens ishall - Svenska Magasinet","description":"Den som kikar in i Palacio Deportes i Arroyo de la Miel i Benalm\u00e1dena kan se hur ismakare l\u00e4gger s\u00e4songens f\u00f6rsta is. Redan p\u00e5 fredag den 18 oktober \u00e4r det s\u00e4songspremi\u00e4r.","robots":{"index":"noindex","follow":"follow","max-snippet":"max-snippet:-1","max-image-preview":"max-image-preview:large","max-video-preview":"max-video-preview:-1"},"og_locale":"sv_SE","og_type":"article","og_title":"Nu l\u00e4ggs isen i Solkustens ishall","og_description":"Den som kikar in i Palacio Deportes i Arroyo de la Miel i Benalm\u00e1dena kan se hur ismakare l\u00e4gger s\u00e4songens f\u00f6rsta is. Redan p\u00e5 fredag den 18 oktober \u00e4r det s\u00e4songspremi\u00e4r.","og_url":"https:\/\/lightweb.dev\/l\/svm-temp\/nyheter\/nu-laggs-isen-i-solkustens-ishall\/","og_site_name":"Svenska Magasinet","article_publisher":"https:\/\/www.facebook.com\/svenskamagasinet","article_published_time":"2024-10-16T16:16:19+00:00","article_modified_time":"2024-10-21T07:38:14+00:00","og_image":[{"width":900,"height":400,"url":"https:\/\/lightweb.dev\/l\/svm-temp\/wp-content\/uploads\/2024\/10\/svm20241016161311.webp","type":"image\/webp"}],"author":"Ola Josefsson","twitter_card":"summary_large_image","twitter_creator":"@SvenskaMagasine","twitter_site":"@SvenskaMagasine","schema":{"@context":"https:\/\/schema.org","@graph":[{"@type":"Article","@id":"https:\/\/lightweb.dev\/l\/svm-temp\/nyheter\/nu-laggs-isen-i-solkustens-ishall\/#article","isPartOf":{"@id":"https:\/\/lightweb.dev\/l\/svm-temp\/nyheter\/nu-laggs-isen-i-solkustens-ishall\/"},"author":{"name":"Ola Josefsson","@id":"https:\/\/lightweb.dev\/l\/svm-temp\/#\/schema\/person\/7a82b8a73d171d32360a564b6d03508e"},"headline":"Nu l\u00e4ggs isen i Solkustens ishall","datePublished":"2024-10-16T16:16:19+00:00","dateModified":"2024-10-21T07:38:14+00:00","mainEntityOfPage":{"@id":"https:\/\/lightweb.dev\/l\/svm-temp\/nyheter\/nu-laggs-isen-i-solkustens-ishall\/"},"wordCount":249,"publisher":{"@id":"https:\/\/lightweb.dev\/l\/svm-temp\/#organization"},"image":{"@id":"https:\/\/lightweb.dev\/l\/svm-temp\/nyheter\/nu-laggs-isen-i-solkustens-ishall\/#primaryimage"},"thumbnailUrl":"https:\/\/lightweb.dev\/l\/svm-temp\/wp-content\/uploads\/2024\/10\/svm20241016161311.webp","articleSection":["Nyheter","Sport"],"inLanguage":"sv-SE"},{"@type":"WebPage","@id":"https:\/\/lightweb.dev\/l\/svm-temp\/nyheter\/nu-laggs-isen-i-solkustens-ishall\/","url":"https:\/\/lightweb.dev\/l\/svm-temp\/nyheter\/nu-laggs-isen-i-solkustens-ishall\/","name":"Nu l\u00e4ggs isen i Solkustens ishall - Svenska Magasinet","isPartOf":{"@id":"https:\/\/lightweb.dev\/l\/svm-temp\/#website"},"primaryImageOfPage":{"@id":"https:\/\/lightweb.dev\/l\/svm-temp\/nyheter\/nu-laggs-isen-i-solkustens-ishall\/#primaryimage"},"image":{"@id":"https:\/\/lightweb.dev\/l\/svm-temp\/nyheter\/nu-laggs-isen-i-solkustens-ishall\/#primaryimage"},"thumbnailUrl":"https:\/\/lightweb.dev\/l\/svm-temp\/wp-content\/uploads\/2024\/10\/svm20241016161311.webp","datePublished":"2024-10-16T16:16:19+00:00","dateModified":"2024-10-21T07:38:14+00:00","description":"Den som kikar in i Palacio Deportes i Arroyo de la Miel i Benalm\u00e1dena kan se hur ismakare l\u00e4gger s\u00e4songens f\u00f6rsta is. Redan p\u00e5 fredag den 18 oktober \u00e4r det s\u00e4songspremi\u00e4r.","breadcrumb":{"@id":"https:\/\/lightweb.dev\/l\/svm-temp\/nyheter\/nu-laggs-isen-i-solkustens-ishall\/#breadcrumb"},"inLanguage":"sv-SE","potentialAction":[{"@type":"ReadAction","target":["https:\/\/lightweb.dev\/l\/svm-temp\/nyheter\/nu-laggs-isen-i-solkustens-ishall\/"]}]},{"@type":"ImageObject","inLanguage":"sv-SE","@id":"https:\/\/lightweb.dev\/l\/svm-temp\/nyheter\/nu-laggs-isen-i-solkustens-ishall\/#primaryimage","url":"https:\/\/lightweb.dev\/l\/svm-temp\/wp-content\/uploads\/2024\/10\/svm20241016161311.webp","contentUrl":"https:\/\/lightweb.dev\/l\/svm-temp\/wp-content\/uploads\/2024\/10\/svm20241016161311.webp","width":900,"height":400},{"@type":"BreadcrumbList","@id":"https:\/\/lightweb.dev\/l\/svm-temp\/nyheter\/nu-laggs-isen-i-solkustens-ishall\/#breadcrumb","itemListElement":[{"@type":"ListItem","position":1,"name":"Hem","item":"https:\/\/lightweb.dev\/l\/svm-temp\/"},{"@type":"ListItem","position":2,"name":"Nu l\u00e4ggs isen i Solkustens ishall"}]},{"@type":"WebSite","@id":"https:\/\/lightweb.dev\/l\/svm-temp\/#website","url":"https:\/\/lightweb.dev\/l\/svm-temp\/","name":"Svenska Magasinet","description":"Dina Spanska nyheter p&aring; Svenska","publisher":{"@id":"https:\/\/lightweb.dev\/l\/svm-temp\/#organization"},"potentialAction":[{"@type":"SearchAction","target":{"@type":"EntryPoint","urlTemplate":"https:\/\/lightweb.dev\/l\/svm-temp\/?s={search_term_string}"},"query-input":{"@type":"PropertyValueSpecification","valueRequired":true,"valueName":"search_term_string"}}],"inLanguage":"sv-SE"},{"@type":"Organization","@id":"https:\/\/lightweb.dev\/l\/svm-temp\/#organization","name":"Melkerson y Nott SL","alternateName":"Svenska Magasinet","url":"https:\/\/lightweb.dev\/l\/svm-temp\/","logo":{"@type":"ImageObject","inLanguage":"sv-SE","@id":"https:\/\/lightweb.dev\/l\/svm-temp\/#\/schema\/logo\/image\/","url":"https:\/\/lightweb.dev\/l\/svm-temp\/wp-content\/uploads\/2025\/02\/SvM-logo-Xtra-Centrerad-SVART.png","contentUrl":"https:\/\/lightweb.dev\/l\/svm-temp\/wp-content\/uploads\/2025\/02\/SvM-logo-Xtra-Centrerad-SVART.png","width":300,"height":99,"caption":"Melkerson y Nott SL"},"image":{"@id":"https:\/\/lightweb.dev\/l\/svm-temp\/#\/schema\/logo\/image\/"},"sameAs":["https:\/\/www.facebook.com\/svenskamagasinet","https:\/\/x.com\/SvenskaMagasine"]},{"@type":"Person","@id":"https:\/\/lightweb.dev\/l\/svm-temp\/#\/schema\/person\/7a82b8a73d171d32360a564b6d03508e","name":"Ola Josefsson","description":"Bevakar Solkusten och Spanien sedan 1994.","sameAs":["https:\/\/lightweb.dev\/l\/svm-temp"],"url":"https:\/\/lightweb.dev\/l\/svm-temp\/reporter\/ola-josefsson\/"}]}},"_links":{"self":[{"href":"https:\/\/lightweb.dev\/l\/svm-temp\/wp-json\/wp\/v2\/posts\/75216","targetHints":{"allow":["GET"]}}],"collection":[{"href":"https:\/\/lightweb.dev\/l\/svm-temp\/wp-json\/wp\/v2\/posts"}],"about":[{"href":"https:\/\/lightweb.dev\/l\/svm-temp\/wp-json\/wp\/v2\/types\/post"}],"author":[{"embeddable":true,"href":"https:\/\/lightweb.dev\/l\/svm-temp\/wp-json\/wp\/v2\/users\/7"}],"replies":[{"embeddable":true,"href":"https:\/\/lightweb.dev\/l\/svm-temp\/wp-json\/wp\/v2\/comments?post=75216"}],"version-history":[{"count":0,"href":"https:\/\/lightweb.dev\/l\/svm-temp\/wp-json\/wp\/v2\/posts\/75216\/revisions"}],"wp:featuredmedia":[{"embeddable":true,"href":"https:\/\/lightweb.dev\/l\/svm-temp\/wp-json\/wp\/v2\/media\/75215"}],"wp:attachment":[{"href":"https:\/\/lightweb.dev\/l\/svm-temp\/wp-json\/wp\/v2\/media?parent=75216"}],"wp:term":[{"taxonomy":"category","embeddable":true,"href":"https:\/\/lightweb.dev\/l\/svm-temp\/wp-json\/wp\/v2\/categories?post=75216"},{"taxonomy":"post_tag","embeddable":true,"href":"https:\/\/lightweb.dev\/l\/svm-temp\/wp-json\/wp\/v2\/tags?post=75216"}],"curies":[{"name":"wp","href":"https:\/\/api.w.org\/{rel}","templated":true}]}}