{"id":75226,"date":"2024-10-17T10:09:30","date_gmt":"2024-10-17T08:09:30","guid":{"rendered":"https:\/\/lightweb.dev\/l\/svm-temp\/?p=75226"},"modified":"2024-10-17T10:14:05","modified_gmt":"2024-10-17T08:14:05","slug":"flygfaltet-i-velez-malaga-vaxer","status":"publish","type":"post","link":"https:\/\/lightweb.dev\/l\/svm-temp\/nyheter\/flygfaltet-i-velez-malaga-vaxer\/","title":{"rendered":"Flygf\u00e4ltet i V\u00e9lez-M\u00e1laga v\u00e4xer"},"content":{"rendered":"<p><strong>\u00d6ver 20.000 flyg per \u00e5r och ett v\u00e4xande antal kommersiella flyg. Det g\u00f6r att flygf\u00e4ltet Leoni Benab\u00fa i Axarqu\u00eda \u00f6ster om M\u00e1laga v\u00e4xer till ytan.<\/strong><\/p>\n<p><strong>V\u00e9lez-M\u00e1laga kommunfullm\u00e4ktige har k\u00f6pt en tomt p\u00e5 16.599 kvadratmeter norr om flygf\u00e4ltet s\u00e5 att fler flyg kan parkera.<\/strong><\/p>\n<div id=\"attachment_75224\" style=\"width: 910px\" class=\"wp-caption alignnone\"><img loading=\"lazy\" decoding=\"async\" aria-describedby=\"caption-attachment-75224\" class=\"wp-image-75224 size-full\" src=\"https:\/\/lightweb.dev\/l\/svm-temp\/wp-content\/uploads\/2024\/10\/svm20241017080609.webp\" alt=\"\" width=\"900\" height=\"400\" srcset=\"https:\/\/lightweb.dev\/l\/svm-temp\/wp-content\/uploads\/2024\/10\/svm20241017080609.webp 900w, https:\/\/lightweb.dev\/l\/svm-temp\/wp-content\/uploads\/2024\/10\/svm20241017080609-300x133.webp 300w, https:\/\/lightweb.dev\/l\/svm-temp\/wp-content\/uploads\/2024\/10\/svm20241017080609-768x341.webp 768w, https:\/\/lightweb.dev\/l\/svm-temp\/wp-content\/uploads\/2024\/10\/svm20241017080609-610x271.webp 610w, https:\/\/lightweb.dev\/l\/svm-temp\/wp-content\/uploads\/2024\/10\/svm20241017080609-600x267.webp 600w\" sizes=\"(max-width: 900px) 100vw, 900px\" \/><p id=\"caption-attachment-75224\" class=\"wp-caption-text\">\u00d6verenskommelsen undertecknades nyligen av borgm\u00e4staren Jes\u00fas Lupi\u00e1\u00f1ez (PP) och presidenten i flygklubben Real Aeroclub de M\u00e1laga, Jes\u00fas Guerrero.<\/p><\/div>\n<p>Som Svenska Magasinet tidigare har ber\u00e4ttat finns det en flygskola i anslutning till flygf\u00e4ltet. Samtidigt f\u00f6rv\u00e4ntas b\u00e5de det kommersiella och privatflyget att \u00f6ka.<\/p>\n<h2 class=\"entry-title\">L\u00e4s mer: <a href=\"https:\/\/lightweb.dev\/l\/svm-temp\/nyheter\/framtidens-piloter-och-kabinpersonal-utbildas-i-velez\/\">Framtidens piloter och kabinpersonal utbildas i V\u00e9lez<\/a><\/h2>\n<p>M\u00e5let \u00e4r att det mindre flygf\u00e4ltet \u00f6ster om M\u00e1laga ska bli ett seri\u00f6st alternativ till M\u00e1laga flygplats f\u00f6r privatflyget. Trafiken har \u00f6kat de senaste \u00e5ren mycket tack vare den skola f\u00f6r piloter och kabinpersonal, Aerodynamics, som ligger i den teknologiska parken Parque Tecnoalimentario i anslutning till flygf\u00e4ltet.<\/p>\n<p>\u00c4ven flygskolan One Air i M\u00e1laga stad anv\u00e4nder sig av flygf\u00e4ltet.<\/p>\n<p>M\u00e5let att \u00e4ven start- och landningsbanan ut\u00f6kas med 500 meter fr\u00e5n nuvarande 1.150 meter.<\/p>\n<p>&#8211; Vi \u00e4r mycket glada f\u00f6r utvecklingen och ut\u00f6kningen av den nya tomten vilket blir ett viktigt lyft f\u00f6r ut\u00f6kad flygtrafik, b\u00e5de privat och kommersiell, d\u00e5 fler flyg kan parkera vilket bidrar till mer trafik. I framtiden ska rullbanan f\u00f6rl\u00e4ngas s\u00e5 att st\u00f6rre flyg kan landa, s\u00e4ger borgm\u00e4staren Jes\u00fas Lupi\u00e1\u00f1ez i ett pressmeddelande.<\/p>\n<p>&#8211; V\u00e5r bed\u00f6mning \u00e4r att flygf\u00e4ltet fungerar som en viktig ekonomisk motor i omr\u00e5det.<\/p>\n","protected":false},"excerpt":{"rendered":"<p>\u00d6ver 20.000 flyg per \u00e5r och ett v\u00e4xande antal kommersiella flyg. Det g\u00f6r att flygf\u00e4ltet Leoni Benab\u00fa i Axarqu\u00eda \u00f6ster om M\u00e1laga v\u00e4xer till ytan. V\u00e9lez-M\u00e1laga kommunfullm\u00e4ktige har k\u00f6pt en tomt p\u00e5 16.599 kvadratmeter norr om flygf\u00e4ltet&#8230;<\/p>\n","protected":false},"author":7,"featured_media":75225,"comment_status":"closed","ping_status":"closed","sticky":false,"template":"","format":"standard","meta":{"_et_pb_use_builder":"","_et_pb_old_content":"","_et_gb_content_width":"","footnotes":""},"categories":[351,3],"tags":[],"class_list":["post-75226","post","type-post","status-publish","format-standard","has-post-thumbnail","hentry","category-ekonomi-nyheter","category-nyheter"],"yoast_head":"<!-- This site is optimized with the Yoast SEO Premium plugin v26.2 (Yoast SEO v27.4) - https:\/\/yoast.com\/product\/yoast-seo-premium-wordpress\/ -->\n<title>Flygf\u00e4ltet i V\u00e9lez-M\u00e1laga v\u00e4xer - Svenska Magasinet<\/title>\n<meta name=\"description\" content=\"\u00d6ver 20.000 flyg per \u00e5r och ett v\u00e4xande antal kommersiella flyg. Det g\u00f6r att flygf\u00e4ltet Leoni Benab\u00fa i Axarqu\u00eda \u00f6ster om M\u00e1laga v\u00e4xer till ytan. V\u00e9lez-M\u00e1laga kommunfullm\u00e4ktige har k\u00f6pt en tomt p\u00e5 16.599 kvadratmeter norr om flygf\u00e4ltet s\u00e5 att fler flyg kan parkera.\" \/>\n<meta name=\"robots\" content=\"noindex, follow, max-snippet:-1, max-image-preview:large, max-video-preview:-1\" \/>\n<meta property=\"og:locale\" content=\"sv_SE\" \/>\n<meta property=\"og:type\" content=\"article\" \/>\n<meta property=\"og:title\" content=\"Flygf\u00e4ltet i V\u00e9lez-M\u00e1laga v\u00e4xer\" \/>\n<meta property=\"og:description\" content=\"\u00d6ver 20.000 flyg per \u00e5r och ett v\u00e4xande antal kommersiella flyg. Det g\u00f6r att flygf\u00e4ltet Leoni Benab\u00fa i Axarqu\u00eda \u00f6ster om M\u00e1laga v\u00e4xer till ytan. V\u00e9lez-M\u00e1laga kommunfullm\u00e4ktige har k\u00f6pt en tomt p\u00e5 16.599 kvadratmeter norr om flygf\u00e4ltet s\u00e5 att fler flyg kan parkera.\" \/>\n<meta property=\"og:url\" content=\"https:\/\/lightweb.dev\/l\/svm-temp\/nyheter\/flygfaltet-i-velez-malaga-vaxer\/\" \/>\n<meta property=\"og:site_name\" content=\"Svenska Magasinet\" \/>\n<meta property=\"article:publisher\" content=\"https:\/\/www.facebook.com\/svenskamagasinet\" \/>\n<meta property=\"article:published_time\" content=\"2024-10-17T08:09:30+00:00\" \/>\n<meta property=\"article:modified_time\" content=\"2024-10-17T08:14:05+00:00\" \/>\n<meta property=\"og:image\" content=\"https:\/\/lightweb.dev\/l\/svm-temp\/wp-content\/uploads\/2024\/10\/svm20241017080653.webp\" \/>\n\t<meta property=\"og:image:width\" content=\"900\" \/>\n\t<meta property=\"og:image:height\" content=\"400\" \/>\n\t<meta property=\"og:image:type\" content=\"image\/webp\" \/>\n<meta name=\"author\" content=\"Ola Josefsson\" \/>\n<meta name=\"twitter:card\" content=\"summary_large_image\" \/>\n<meta name=\"twitter:creator\" content=\"@SvenskaMagasine\" \/>\n<meta name=\"twitter:site\" content=\"@SvenskaMagasine\" \/>\n<script type=\"application\/ld+json\" class=\"yoast-schema-graph\">{\"@context\":\"https:\\\/\\\/schema.org\",\"@graph\":[{\"@type\":\"Article\",\"@id\":\"https:\\\/\\\/lightweb.dev\\\/l\\\/svm-temp\\\/nyheter\\\/flygfaltet-i-velez-malaga-vaxer\\\/#article\",\"isPartOf\":{\"@id\":\"https:\\\/\\\/lightweb.dev\\\/l\\\/svm-temp\\\/nyheter\\\/flygfaltet-i-velez-malaga-vaxer\\\/\"},\"author\":{\"name\":\"Ola Josefsson\",\"@id\":\"https:\\\/\\\/lightweb.dev\\\/l\\\/svm-temp\\\/#\\\/schema\\\/person\\\/7a82b8a73d171d32360a564b6d03508e\"},\"headline\":\"Flygf\u00e4ltet i V\u00e9lez-M\u00e1laga v\u00e4xer\",\"datePublished\":\"2024-10-17T08:09:30+00:00\",\"dateModified\":\"2024-10-17T08:14:05+00:00\",\"mainEntityOfPage\":{\"@id\":\"https:\\\/\\\/lightweb.dev\\\/l\\\/svm-temp\\\/nyheter\\\/flygfaltet-i-velez-malaga-vaxer\\\/\"},\"wordCount\":296,\"publisher\":{\"@id\":\"https:\\\/\\\/lightweb.dev\\\/l\\\/svm-temp\\\/#organization\"},\"image\":{\"@id\":\"https:\\\/\\\/lightweb.dev\\\/l\\\/svm-temp\\\/nyheter\\\/flygfaltet-i-velez-malaga-vaxer\\\/#primaryimage\"},\"thumbnailUrl\":\"https:\\\/\\\/lightweb.dev\\\/l\\\/svm-temp\\\/wp-content\\\/uploads\\\/2024\\\/10\\\/svm20241017080653.webp\",\"articleSection\":[\"Ekonomi\",\"Nyheter\"],\"inLanguage\":\"sv-SE\"},{\"@type\":\"WebPage\",\"@id\":\"https:\\\/\\\/lightweb.dev\\\/l\\\/svm-temp\\\/nyheter\\\/flygfaltet-i-velez-malaga-vaxer\\\/\",\"url\":\"https:\\\/\\\/lightweb.dev\\\/l\\\/svm-temp\\\/nyheter\\\/flygfaltet-i-velez-malaga-vaxer\\\/\",\"name\":\"Flygf\u00e4ltet i V\u00e9lez-M\u00e1laga v\u00e4xer - Svenska Magasinet\",\"isPartOf\":{\"@id\":\"https:\\\/\\\/lightweb.dev\\\/l\\\/svm-temp\\\/#website\"},\"primaryImageOfPage\":{\"@id\":\"https:\\\/\\\/lightweb.dev\\\/l\\\/svm-temp\\\/nyheter\\\/flygfaltet-i-velez-malaga-vaxer\\\/#primaryimage\"},\"image\":{\"@id\":\"https:\\\/\\\/lightweb.dev\\\/l\\\/svm-temp\\\/nyheter\\\/flygfaltet-i-velez-malaga-vaxer\\\/#primaryimage\"},\"thumbnailUrl\":\"https:\\\/\\\/lightweb.dev\\\/l\\\/svm-temp\\\/wp-content\\\/uploads\\\/2024\\\/10\\\/svm20241017080653.webp\",\"datePublished\":\"2024-10-17T08:09:30+00:00\",\"dateModified\":\"2024-10-17T08:14:05+00:00\",\"description\":\"\u00d6ver 20.000 flyg per \u00e5r och ett v\u00e4xande antal kommersiella flyg. Det g\u00f6r att flygf\u00e4ltet Leoni Benab\u00fa i Axarqu\u00eda \u00f6ster om M\u00e1laga v\u00e4xer till ytan. V\u00e9lez-M\u00e1laga kommunfullm\u00e4ktige har k\u00f6pt en tomt p\u00e5 16.599 kvadratmeter norr om flygf\u00e4ltet s\u00e5 att fler flyg kan parkera.\",\"breadcrumb\":{\"@id\":\"https:\\\/\\\/lightweb.dev\\\/l\\\/svm-temp\\\/nyheter\\\/flygfaltet-i-velez-malaga-vaxer\\\/#breadcrumb\"},\"inLanguage\":\"sv-SE\",\"potentialAction\":[{\"@type\":\"ReadAction\",\"target\":[\"https:\\\/\\\/lightweb.dev\\\/l\\\/svm-temp\\\/nyheter\\\/flygfaltet-i-velez-malaga-vaxer\\\/\"]}]},{\"@type\":\"ImageObject\",\"inLanguage\":\"sv-SE\",\"@id\":\"https:\\\/\\\/lightweb.dev\\\/l\\\/svm-temp\\\/nyheter\\\/flygfaltet-i-velez-malaga-vaxer\\\/#primaryimage\",\"url\":\"https:\\\/\\\/lightweb.dev\\\/l\\\/svm-temp\\\/wp-content\\\/uploads\\\/2024\\\/10\\\/svm20241017080653.webp\",\"contentUrl\":\"https:\\\/\\\/lightweb.dev\\\/l\\\/svm-temp\\\/wp-content\\\/uploads\\\/2024\\\/10\\\/svm20241017080653.webp\",\"width\":900,\"height\":400},{\"@type\":\"BreadcrumbList\",\"@id\":\"https:\\\/\\\/lightweb.dev\\\/l\\\/svm-temp\\\/nyheter\\\/flygfaltet-i-velez-malaga-vaxer\\\/#breadcrumb\",\"itemListElement\":[{\"@type\":\"ListItem\",\"position\":1,\"name\":\"Hem\",\"item\":\"https:\\\/\\\/lightweb.dev\\\/l\\\/svm-temp\\\/\"},{\"@type\":\"ListItem\",\"position\":2,\"name\":\"Flygf\u00e4ltet i V\u00e9lez-M\u00e1laga v\u00e4xer\"}]},{\"@type\":\"WebSite\",\"@id\":\"https:\\\/\\\/lightweb.dev\\\/l\\\/svm-temp\\\/#website\",\"url\":\"https:\\\/\\\/lightweb.dev\\\/l\\\/svm-temp\\\/\",\"name\":\"Svenska Magasinet\",\"description\":\"Dina Spanska nyheter p&aring; Svenska\",\"publisher\":{\"@id\":\"https:\\\/\\\/lightweb.dev\\\/l\\\/svm-temp\\\/#organization\"},\"potentialAction\":[{\"@type\":\"SearchAction\",\"target\":{\"@type\":\"EntryPoint\",\"urlTemplate\":\"https:\\\/\\\/lightweb.dev\\\/l\\\/svm-temp\\\/?s={search_term_string}\"},\"query-input\":{\"@type\":\"PropertyValueSpecification\",\"valueRequired\":true,\"valueName\":\"search_term_string\"}}],\"inLanguage\":\"sv-SE\"},{\"@type\":\"Organization\",\"@id\":\"https:\\\/\\\/lightweb.dev\\\/l\\\/svm-temp\\\/#organization\",\"name\":\"Melkerson y Nott SL\",\"alternateName\":\"Svenska Magasinet\",\"url\":\"https:\\\/\\\/lightweb.dev\\\/l\\\/svm-temp\\\/\",\"logo\":{\"@type\":\"ImageObject\",\"inLanguage\":\"sv-SE\",\"@id\":\"https:\\\/\\\/lightweb.dev\\\/l\\\/svm-temp\\\/#\\\/schema\\\/logo\\\/image\\\/\",\"url\":\"https:\\\/\\\/lightweb.dev\\\/l\\\/svm-temp\\\/wp-content\\\/uploads\\\/2025\\\/02\\\/SvM-logo-Xtra-Centrerad-SVART.png\",\"contentUrl\":\"https:\\\/\\\/lightweb.dev\\\/l\\\/svm-temp\\\/wp-content\\\/uploads\\\/2025\\\/02\\\/SvM-logo-Xtra-Centrerad-SVART.png\",\"width\":300,\"height\":99,\"caption\":\"Melkerson y Nott SL\"},\"image\":{\"@id\":\"https:\\\/\\\/lightweb.dev\\\/l\\\/svm-temp\\\/#\\\/schema\\\/logo\\\/image\\\/\"},\"sameAs\":[\"https:\\\/\\\/www.facebook.com\\\/svenskamagasinet\",\"https:\\\/\\\/x.com\\\/SvenskaMagasine\"]},{\"@type\":\"Person\",\"@id\":\"https:\\\/\\\/lightweb.dev\\\/l\\\/svm-temp\\\/#\\\/schema\\\/person\\\/7a82b8a73d171d32360a564b6d03508e\",\"name\":\"Ola Josefsson\",\"description\":\"Bevakar Solkusten och Spanien sedan 1994.\",\"sameAs\":[\"https:\\\/\\\/lightweb.dev\\\/l\\\/svm-temp\"],\"url\":\"https:\\\/\\\/lightweb.dev\\\/l\\\/svm-temp\\\/reporter\\\/ola-josefsson\\\/\"}]}<\/script>\n<!-- \/ Yoast SEO Premium plugin. -->","yoast_head_json":{"title":"Flygf\u00e4ltet i V\u00e9lez-M\u00e1laga v\u00e4xer - Svenska Magasinet","description":"\u00d6ver 20.000 flyg per \u00e5r och ett v\u00e4xande antal kommersiella flyg. Det g\u00f6r att flygf\u00e4ltet Leoni Benab\u00fa i Axarqu\u00eda \u00f6ster om M\u00e1laga v\u00e4xer till ytan. V\u00e9lez-M\u00e1laga kommunfullm\u00e4ktige har k\u00f6pt en tomt p\u00e5 16.599 kvadratmeter norr om flygf\u00e4ltet s\u00e5 att fler flyg kan parkera.","robots":{"index":"noindex","follow":"follow","max-snippet":"max-snippet:-1","max-image-preview":"max-image-preview:large","max-video-preview":"max-video-preview:-1"},"og_locale":"sv_SE","og_type":"article","og_title":"Flygf\u00e4ltet i V\u00e9lez-M\u00e1laga v\u00e4xer","og_description":"\u00d6ver 20.000 flyg per \u00e5r och ett v\u00e4xande antal kommersiella flyg. Det g\u00f6r att flygf\u00e4ltet Leoni Benab\u00fa i Axarqu\u00eda \u00f6ster om M\u00e1laga v\u00e4xer till ytan. V\u00e9lez-M\u00e1laga kommunfullm\u00e4ktige har k\u00f6pt en tomt p\u00e5 16.599 kvadratmeter norr om flygf\u00e4ltet s\u00e5 att fler flyg kan parkera.","og_url":"https:\/\/lightweb.dev\/l\/svm-temp\/nyheter\/flygfaltet-i-velez-malaga-vaxer\/","og_site_name":"Svenska Magasinet","article_publisher":"https:\/\/www.facebook.com\/svenskamagasinet","article_published_time":"2024-10-17T08:09:30+00:00","article_modified_time":"2024-10-17T08:14:05+00:00","og_image":[{"width":900,"height":400,"url":"https:\/\/lightweb.dev\/l\/svm-temp\/wp-content\/uploads\/2024\/10\/svm20241017080653.webp","type":"image\/webp"}],"author":"Ola Josefsson","twitter_card":"summary_large_image","twitter_creator":"@SvenskaMagasine","twitter_site":"@SvenskaMagasine","schema":{"@context":"https:\/\/schema.org","@graph":[{"@type":"Article","@id":"https:\/\/lightweb.dev\/l\/svm-temp\/nyheter\/flygfaltet-i-velez-malaga-vaxer\/#article","isPartOf":{"@id":"https:\/\/lightweb.dev\/l\/svm-temp\/nyheter\/flygfaltet-i-velez-malaga-vaxer\/"},"author":{"name":"Ola Josefsson","@id":"https:\/\/lightweb.dev\/l\/svm-temp\/#\/schema\/person\/7a82b8a73d171d32360a564b6d03508e"},"headline":"Flygf\u00e4ltet i V\u00e9lez-M\u00e1laga v\u00e4xer","datePublished":"2024-10-17T08:09:30+00:00","dateModified":"2024-10-17T08:14:05+00:00","mainEntityOfPage":{"@id":"https:\/\/lightweb.dev\/l\/svm-temp\/nyheter\/flygfaltet-i-velez-malaga-vaxer\/"},"wordCount":296,"publisher":{"@id":"https:\/\/lightweb.dev\/l\/svm-temp\/#organization"},"image":{"@id":"https:\/\/lightweb.dev\/l\/svm-temp\/nyheter\/flygfaltet-i-velez-malaga-vaxer\/#primaryimage"},"thumbnailUrl":"https:\/\/lightweb.dev\/l\/svm-temp\/wp-content\/uploads\/2024\/10\/svm20241017080653.webp","articleSection":["Ekonomi","Nyheter"],"inLanguage":"sv-SE"},{"@type":"WebPage","@id":"https:\/\/lightweb.dev\/l\/svm-temp\/nyheter\/flygfaltet-i-velez-malaga-vaxer\/","url":"https:\/\/lightweb.dev\/l\/svm-temp\/nyheter\/flygfaltet-i-velez-malaga-vaxer\/","name":"Flygf\u00e4ltet i V\u00e9lez-M\u00e1laga v\u00e4xer - Svenska Magasinet","isPartOf":{"@id":"https:\/\/lightweb.dev\/l\/svm-temp\/#website"},"primaryImageOfPage":{"@id":"https:\/\/lightweb.dev\/l\/svm-temp\/nyheter\/flygfaltet-i-velez-malaga-vaxer\/#primaryimage"},"image":{"@id":"https:\/\/lightweb.dev\/l\/svm-temp\/nyheter\/flygfaltet-i-velez-malaga-vaxer\/#primaryimage"},"thumbnailUrl":"https:\/\/lightweb.dev\/l\/svm-temp\/wp-content\/uploads\/2024\/10\/svm20241017080653.webp","datePublished":"2024-10-17T08:09:30+00:00","dateModified":"2024-10-17T08:14:05+00:00","description":"\u00d6ver 20.000 flyg per \u00e5r och ett v\u00e4xande antal kommersiella flyg. Det g\u00f6r att flygf\u00e4ltet Leoni Benab\u00fa i Axarqu\u00eda \u00f6ster om M\u00e1laga v\u00e4xer till ytan. V\u00e9lez-M\u00e1laga kommunfullm\u00e4ktige har k\u00f6pt en tomt p\u00e5 16.599 kvadratmeter norr om flygf\u00e4ltet s\u00e5 att fler flyg kan parkera.","breadcrumb":{"@id":"https:\/\/lightweb.dev\/l\/svm-temp\/nyheter\/flygfaltet-i-velez-malaga-vaxer\/#breadcrumb"},"inLanguage":"sv-SE","potentialAction":[{"@type":"ReadAction","target":["https:\/\/lightweb.dev\/l\/svm-temp\/nyheter\/flygfaltet-i-velez-malaga-vaxer\/"]}]},{"@type":"ImageObject","inLanguage":"sv-SE","@id":"https:\/\/lightweb.dev\/l\/svm-temp\/nyheter\/flygfaltet-i-velez-malaga-vaxer\/#primaryimage","url":"https:\/\/lightweb.dev\/l\/svm-temp\/wp-content\/uploads\/2024\/10\/svm20241017080653.webp","contentUrl":"https:\/\/lightweb.dev\/l\/svm-temp\/wp-content\/uploads\/2024\/10\/svm20241017080653.webp","width":900,"height":400},{"@type":"BreadcrumbList","@id":"https:\/\/lightweb.dev\/l\/svm-temp\/nyheter\/flygfaltet-i-velez-malaga-vaxer\/#breadcrumb","itemListElement":[{"@type":"ListItem","position":1,"name":"Hem","item":"https:\/\/lightweb.dev\/l\/svm-temp\/"},{"@type":"ListItem","position":2,"name":"Flygf\u00e4ltet i V\u00e9lez-M\u00e1laga v\u00e4xer"}]},{"@type":"WebSite","@id":"https:\/\/lightweb.dev\/l\/svm-temp\/#website","url":"https:\/\/lightweb.dev\/l\/svm-temp\/","name":"Svenska Magasinet","description":"Dina Spanska nyheter p&aring; Svenska","publisher":{"@id":"https:\/\/lightweb.dev\/l\/svm-temp\/#organization"},"potentialAction":[{"@type":"SearchAction","target":{"@type":"EntryPoint","urlTemplate":"https:\/\/lightweb.dev\/l\/svm-temp\/?s={search_term_string}"},"query-input":{"@type":"PropertyValueSpecification","valueRequired":true,"valueName":"search_term_string"}}],"inLanguage":"sv-SE"},{"@type":"Organization","@id":"https:\/\/lightweb.dev\/l\/svm-temp\/#organization","name":"Melkerson y Nott SL","alternateName":"Svenska Magasinet","url":"https:\/\/lightweb.dev\/l\/svm-temp\/","logo":{"@type":"ImageObject","inLanguage":"sv-SE","@id":"https:\/\/lightweb.dev\/l\/svm-temp\/#\/schema\/logo\/image\/","url":"https:\/\/lightweb.dev\/l\/svm-temp\/wp-content\/uploads\/2025\/02\/SvM-logo-Xtra-Centrerad-SVART.png","contentUrl":"https:\/\/lightweb.dev\/l\/svm-temp\/wp-content\/uploads\/2025\/02\/SvM-logo-Xtra-Centrerad-SVART.png","width":300,"height":99,"caption":"Melkerson y Nott SL"},"image":{"@id":"https:\/\/lightweb.dev\/l\/svm-temp\/#\/schema\/logo\/image\/"},"sameAs":["https:\/\/www.facebook.com\/svenskamagasinet","https:\/\/x.com\/SvenskaMagasine"]},{"@type":"Person","@id":"https:\/\/lightweb.dev\/l\/svm-temp\/#\/schema\/person\/7a82b8a73d171d32360a564b6d03508e","name":"Ola Josefsson","description":"Bevakar Solkusten och Spanien sedan 1994.","sameAs":["https:\/\/lightweb.dev\/l\/svm-temp"],"url":"https:\/\/lightweb.dev\/l\/svm-temp\/reporter\/ola-josefsson\/"}]}},"_links":{"self":[{"href":"https:\/\/lightweb.dev\/l\/svm-temp\/wp-json\/wp\/v2\/posts\/75226","targetHints":{"allow":["GET"]}}],"collection":[{"href":"https:\/\/lightweb.dev\/l\/svm-temp\/wp-json\/wp\/v2\/posts"}],"about":[{"href":"https:\/\/lightweb.dev\/l\/svm-temp\/wp-json\/wp\/v2\/types\/post"}],"author":[{"embeddable":true,"href":"https:\/\/lightweb.dev\/l\/svm-temp\/wp-json\/wp\/v2\/users\/7"}],"replies":[{"embeddable":true,"href":"https:\/\/lightweb.dev\/l\/svm-temp\/wp-json\/wp\/v2\/comments?post=75226"}],"version-history":[{"count":0,"href":"https:\/\/lightweb.dev\/l\/svm-temp\/wp-json\/wp\/v2\/posts\/75226\/revisions"}],"wp:featuredmedia":[{"embeddable":true,"href":"https:\/\/lightweb.dev\/l\/svm-temp\/wp-json\/wp\/v2\/media\/75225"}],"wp:attachment":[{"href":"https:\/\/lightweb.dev\/l\/svm-temp\/wp-json\/wp\/v2\/media?parent=75226"}],"wp:term":[{"taxonomy":"category","embeddable":true,"href":"https:\/\/lightweb.dev\/l\/svm-temp\/wp-json\/wp\/v2\/categories?post=75226"},{"taxonomy":"post_tag","embeddable":true,"href":"https:\/\/lightweb.dev\/l\/svm-temp\/wp-json\/wp\/v2\/tags?post=75226"}],"curies":[{"name":"wp","href":"https:\/\/api.w.org\/{rel}","templated":true}]}}