{"id":75235,"date":"2024-10-17T12:00:01","date_gmt":"2024-10-17T10:00:01","guid":{"rendered":"https:\/\/lightweb.dev\/l\/svm-temp\/?p=75235"},"modified":"2024-10-17T12:00:01","modified_gmt":"2024-10-17T10:00:01","slug":"fler-utlanningar-koper-eller-saljer-bostader-i-spanien","status":"publish","type":"post","link":"https:\/\/lightweb.dev\/l\/svm-temp\/nyheter\/fler-utlanningar-koper-eller-saljer-bostader-i-spanien\/","title":{"rendered":"Fler utl\u00e4nningar k\u00f6per eller s\u00e4ljer bost\u00e4der i Spanien"},"content":{"rendered":"<p><strong>Antalet utl\u00e4nningar som k\u00f6pte eller s\u00e5lde en bostad i Spanien \u00f6kade med 2 procent under den f\u00f6rsta halvan av 2024.<\/strong><\/p>\n<p><strong>\u00d6kningen sker mitt i den nationella bostadskrisen och st\u00e5r i stark kontrast till fjol\u00e5ret d\u00e5 antalet bostadsaff\u00e4rer som involverade andra l\u00e4nders medborgare minskade med 10 procent, enligt det nationella generalr\u00e5det f\u00f6r notarier.\u00a0<\/strong><\/p>\n<p><span style=\"font-weight: 400;\">Totalt sett var personer fr\u00e5n andra l\u00e4nder inblandade i 69 412 bostadsaff\u00e4rer &#8211; antingen som k\u00f6pare eller s\u00e4ljare &#8211; i Spanien under \u00e5rets f\u00f6rsta sex m\u00e5nader. Det \u00e4r den h\u00f6gsta siffran p\u00e5 tv\u00e5 \u00e5r och ganska n\u00e4ra toppnoteringen f\u00f6r perioden (73 467) som n\u00e5ddes 2022.\u00a0<\/span><\/p>\n<p><span style=\"font-weight: 400;\">Noteringen \u00e4r dessutom betydligt h\u00f6gre \u00e4n 2016 n\u00e4r generalr\u00e5det b\u00f6rjade f\u00f6ra statistik \u00f6ver denna siffra. D\u00e5 \u00f6versteg den inte 45 000.\u00a0\u00a0<\/span><\/p>\n<p><span style=\"font-weight: 400;\">Om man tittar p\u00e5 alla bostadsaff\u00e4rer som g\u00f6rs i Spanien s\u00e5 \u00e4r utl\u00e4ndska medborgare inblandade i drygt 20 procent. 58 procent av dessa \u00e4r dock skrivna i Spanien, ungef\u00e4r fyra procent fler \u00e4n 2023.\u00a0<\/span><\/p>\n<p><span style=\"font-weight: 400;\">Utanf\u00f6r storst\u00e4derna<\/span><\/p>\n<p><span style=\"font-weight: 400;\">Antalet bostadsaff\u00e4rer med en utl\u00e4ndsk part \u00f6kade i 14 av Spaniens 17 autonoma regioner mellan januari och juni i \u00e5r j\u00e4mf\u00f6rt med ifjol. Den st\u00f6rsta \u00e5rliga \u00f6kningen noterades i La Rioja (24 procent). D\u00e4refter f\u00f6ljer Extremadura (23), Castilla y Le\u00f3n (19), Asturien (15), Baskien (13), Castilla-La Mancha (12) och Galicien (12).<\/span><\/p>\n<p><span style=\"font-weight: 400;\">Faktum \u00e4r att de mindre \u00f6kningarna skedde i regioner som Madrid (9 procent), Kantabrien (7), Navarro (6), Murcia (5), Aragonien (2) och Valencia och Katalonien (1).\u00a0<\/span><\/p>\n<p><span style=\"font-weight: 400;\">I tre av Spaniens regioner minskade siffran. Dessa var Kanarie\u00f6arna (-12 procent), Balearerna (-0,7) och Andalusien (-0,2).\u00a0<\/span><\/p>\n<p><span style=\"font-weight: 400;\">Utl\u00e4nningar betalar mer<\/span><\/p>\n<p><span style=\"font-weight: 400;\">N\u00e4r det g\u00e4ller aff\u00e4rer d\u00e4r en icke-spansk part var inblandad under \u00e5rets f\u00f6rsta h\u00e4lft l\u00e5g det genomsnittliga priset p\u00e5 2 249 euro per kvadratmeter, vilket \u00e4r 7,4 procent h\u00f6gre \u00e4n samma period 2023. Om man endast ser till utl\u00e4nningar som \u00e4r skrivna utanf\u00f6r Spanien l\u00e5g \u00f6kningen p\u00e5 11 procent (2,895 euro\/m2). Samma siffra f\u00f6r k\u00f6p eller f\u00f6rs\u00e4ljningar d\u00e4r endast spanjorer var med i aff\u00e4ren l\u00e5g p\u00e5 1,659 euro\/m2.<\/span><\/p>\n<p><span style=\"font-weight: 400;\">Britter utg\u00f6r den st\u00f6rsta gruppen utl\u00e4nningar som k\u00f6per eller s\u00e4ljer bost\u00e4der i Spanien och st\u00e5r f\u00f6r 8,4 procent av totalen, eller 5 864 aff\u00e4rer. P\u00e5 andra plats hittar vi marockanerna (7,9 procent) och trea kommer tyskarna (6,8).\u00a0<\/span><\/p>\n","protected":false},"excerpt":{"rendered":"<p>Antalet utl\u00e4nningar som k\u00f6pte eller s\u00e5lde en bostad i Spanien \u00f6kade med 2 procent under den f\u00f6rsta halvan av 2024.<\/p>\n","protected":false},"author":14,"featured_media":70684,"comment_status":"closed","ping_status":"closed","sticky":false,"template":"","format":"standard","meta":{"_et_pb_use_builder":"","_et_pb_old_content":"","_et_gb_content_width":"","footnotes":""},"categories":[351,3],"tags":[],"class_list":["post-75235","post","type-post","status-publish","format-standard","has-post-thumbnail","hentry","category-ekonomi-nyheter","category-nyheter"],"yoast_head":"<!-- This site is optimized with the Yoast SEO Premium plugin v26.2 (Yoast SEO v27.4) - https:\/\/yoast.com\/product\/yoast-seo-premium-wordpress\/ -->\n<title>Fler utl\u00e4nningar k\u00f6per eller s\u00e4ljer bost\u00e4der i Spanien - Svenska Magasinet<\/title>\n<meta name=\"robots\" content=\"noindex, follow, max-snippet:-1, max-image-preview:large, max-video-preview:-1\" \/>\n<meta property=\"og:locale\" content=\"sv_SE\" \/>\n<meta property=\"og:type\" content=\"article\" \/>\n<meta property=\"og:title\" content=\"Fler utl\u00e4nningar k\u00f6per eller s\u00e4ljer bost\u00e4der i Spanien\" \/>\n<meta property=\"og:description\" content=\"Antalet utl\u00e4nningar som k\u00f6pte eller s\u00e5lde en bostad i Spanien \u00f6kade med 2 procent under den f\u00f6rsta halvan av 2024.\" \/>\n<meta property=\"og:url\" content=\"https:\/\/lightweb.dev\/l\/svm-temp\/artiklar\/ekonomi\/fler-utlanningar-koper-eller-saljer-bostader-i-spanien\/\" \/>\n<meta property=\"og:site_name\" content=\"Svenska Magasinet\" \/>\n<meta property=\"article:publisher\" content=\"https:\/\/www.facebook.com\/svenskamagasinet\" \/>\n<meta property=\"article:published_time\" content=\"2024-10-17T10:00:01+00:00\" \/>\n<meta property=\"og:image\" content=\"https:\/\/lightweb.dev\/l\/svm-temp\/wp-content\/uploads\/2024\/03\/unnamed-stor.jpeg\" \/>\n\t<meta property=\"og:image:width\" content=\"1280\" \/>\n\t<meta property=\"og:image:height\" content=\"853\" \/>\n\t<meta property=\"og:image:type\" content=\"image\/jpeg\" \/>\n<meta name=\"author\" content=\"Robbie Eriksson\" \/>\n<meta name=\"twitter:card\" content=\"summary_large_image\" \/>\n<meta name=\"twitter:creator\" content=\"@SvenskaMagasine\" \/>\n<meta name=\"twitter:site\" content=\"@SvenskaMagasine\" \/>\n<script type=\"application\/ld+json\" class=\"yoast-schema-graph\">{\"@context\":\"https:\\\/\\\/schema.org\",\"@graph\":[{\"@type\":\"Article\",\"@id\":\"https:\\\/\\\/lightweb.dev\\\/l\\\/svm-temp\\\/artiklar\\\/ekonomi\\\/fler-utlanningar-koper-eller-saljer-bostader-i-spanien\\\/#article\",\"isPartOf\":{\"@id\":\"https:\\\/\\\/lightweb.dev\\\/l\\\/svm-temp\\\/artiklar\\\/ekonomi\\\/fler-utlanningar-koper-eller-saljer-bostader-i-spanien\\\/\"},\"author\":{\"name\":\"Robbie Eriksson\",\"@id\":\"https:\\\/\\\/lightweb.dev\\\/l\\\/svm-temp\\\/#\\\/schema\\\/person\\\/caffe038990d25722f5a04a03c906a2b\"},\"headline\":\"Fler utl\u00e4nningar k\u00f6per eller s\u00e4ljer bost\u00e4der i Spanien\",\"datePublished\":\"2024-10-17T10:00:01+00:00\",\"mainEntityOfPage\":{\"@id\":\"https:\\\/\\\/lightweb.dev\\\/l\\\/svm-temp\\\/artiklar\\\/ekonomi\\\/fler-utlanningar-koper-eller-saljer-bostader-i-spanien\\\/\"},\"wordCount\":398,\"publisher\":{\"@id\":\"https:\\\/\\\/lightweb.dev\\\/l\\\/svm-temp\\\/#organization\"},\"image\":{\"@id\":\"https:\\\/\\\/lightweb.dev\\\/l\\\/svm-temp\\\/artiklar\\\/ekonomi\\\/fler-utlanningar-koper-eller-saljer-bostader-i-spanien\\\/#primaryimage\"},\"thumbnailUrl\":\"https:\\\/\\\/lightweb.dev\\\/l\\\/svm-temp\\\/wp-content\\\/uploads\\\/2024\\\/03\\\/unnamed-stor.jpeg\",\"articleSection\":[\"Ekonomi\",\"Nyheter\"],\"inLanguage\":\"sv-SE\"},{\"@type\":\"WebPage\",\"@id\":\"https:\\\/\\\/lightweb.dev\\\/l\\\/svm-temp\\\/artiklar\\\/ekonomi\\\/fler-utlanningar-koper-eller-saljer-bostader-i-spanien\\\/\",\"url\":\"https:\\\/\\\/lightweb.dev\\\/l\\\/svm-temp\\\/artiklar\\\/ekonomi\\\/fler-utlanningar-koper-eller-saljer-bostader-i-spanien\\\/\",\"name\":\"Fler utl\u00e4nningar k\u00f6per eller s\u00e4ljer bost\u00e4der i Spanien - Svenska Magasinet\",\"isPartOf\":{\"@id\":\"https:\\\/\\\/lightweb.dev\\\/l\\\/svm-temp\\\/#website\"},\"primaryImageOfPage\":{\"@id\":\"https:\\\/\\\/lightweb.dev\\\/l\\\/svm-temp\\\/artiklar\\\/ekonomi\\\/fler-utlanningar-koper-eller-saljer-bostader-i-spanien\\\/#primaryimage\"},\"image\":{\"@id\":\"https:\\\/\\\/lightweb.dev\\\/l\\\/svm-temp\\\/artiklar\\\/ekonomi\\\/fler-utlanningar-koper-eller-saljer-bostader-i-spanien\\\/#primaryimage\"},\"thumbnailUrl\":\"https:\\\/\\\/lightweb.dev\\\/l\\\/svm-temp\\\/wp-content\\\/uploads\\\/2024\\\/03\\\/unnamed-stor.jpeg\",\"datePublished\":\"2024-10-17T10:00:01+00:00\",\"breadcrumb\":{\"@id\":\"https:\\\/\\\/lightweb.dev\\\/l\\\/svm-temp\\\/artiklar\\\/ekonomi\\\/fler-utlanningar-koper-eller-saljer-bostader-i-spanien\\\/#breadcrumb\"},\"inLanguage\":\"sv-SE\",\"potentialAction\":[{\"@type\":\"ReadAction\",\"target\":[\"https:\\\/\\\/lightweb.dev\\\/l\\\/svm-temp\\\/artiklar\\\/ekonomi\\\/fler-utlanningar-koper-eller-saljer-bostader-i-spanien\\\/\"]}]},{\"@type\":\"ImageObject\",\"inLanguage\":\"sv-SE\",\"@id\":\"https:\\\/\\\/lightweb.dev\\\/l\\\/svm-temp\\\/artiklar\\\/ekonomi\\\/fler-utlanningar-koper-eller-saljer-bostader-i-spanien\\\/#primaryimage\",\"url\":\"https:\\\/\\\/lightweb.dev\\\/l\\\/svm-temp\\\/wp-content\\\/uploads\\\/2024\\\/03\\\/unnamed-stor.jpeg\",\"contentUrl\":\"https:\\\/\\\/lightweb.dev\\\/l\\\/svm-temp\\\/wp-content\\\/uploads\\\/2024\\\/03\\\/unnamed-stor.jpeg\",\"width\":1280,\"height\":853},{\"@type\":\"BreadcrumbList\",\"@id\":\"https:\\\/\\\/lightweb.dev\\\/l\\\/svm-temp\\\/artiklar\\\/ekonomi\\\/fler-utlanningar-koper-eller-saljer-bostader-i-spanien\\\/#breadcrumb\",\"itemListElement\":[{\"@type\":\"ListItem\",\"position\":1,\"name\":\"Hem\",\"item\":\"https:\\\/\\\/lightweb.dev\\\/l\\\/svm-temp\\\/\"},{\"@type\":\"ListItem\",\"position\":2,\"name\":\"Fler utl\u00e4nningar k\u00f6per eller s\u00e4ljer bost\u00e4der i Spanien\"}]},{\"@type\":\"WebSite\",\"@id\":\"https:\\\/\\\/lightweb.dev\\\/l\\\/svm-temp\\\/#website\",\"url\":\"https:\\\/\\\/lightweb.dev\\\/l\\\/svm-temp\\\/\",\"name\":\"Svenska Magasinet\",\"description\":\"Dina Spanska nyheter p&aring; Svenska\",\"publisher\":{\"@id\":\"https:\\\/\\\/lightweb.dev\\\/l\\\/svm-temp\\\/#organization\"},\"potentialAction\":[{\"@type\":\"SearchAction\",\"target\":{\"@type\":\"EntryPoint\",\"urlTemplate\":\"https:\\\/\\\/lightweb.dev\\\/l\\\/svm-temp\\\/?s={search_term_string}\"},\"query-input\":{\"@type\":\"PropertyValueSpecification\",\"valueRequired\":true,\"valueName\":\"search_term_string\"}}],\"inLanguage\":\"sv-SE\"},{\"@type\":\"Organization\",\"@id\":\"https:\\\/\\\/lightweb.dev\\\/l\\\/svm-temp\\\/#organization\",\"name\":\"Melkerson y Nott SL\",\"alternateName\":\"Svenska Magasinet\",\"url\":\"https:\\\/\\\/lightweb.dev\\\/l\\\/svm-temp\\\/\",\"logo\":{\"@type\":\"ImageObject\",\"inLanguage\":\"sv-SE\",\"@id\":\"https:\\\/\\\/lightweb.dev\\\/l\\\/svm-temp\\\/#\\\/schema\\\/logo\\\/image\\\/\",\"url\":\"https:\\\/\\\/lightweb.dev\\\/l\\\/svm-temp\\\/wp-content\\\/uploads\\\/2025\\\/02\\\/SvM-logo-Xtra-Centrerad-SVART.png\",\"contentUrl\":\"https:\\\/\\\/lightweb.dev\\\/l\\\/svm-temp\\\/wp-content\\\/uploads\\\/2025\\\/02\\\/SvM-logo-Xtra-Centrerad-SVART.png\",\"width\":300,\"height\":99,\"caption\":\"Melkerson y Nott SL\"},\"image\":{\"@id\":\"https:\\\/\\\/lightweb.dev\\\/l\\\/svm-temp\\\/#\\\/schema\\\/logo\\\/image\\\/\"},\"sameAs\":[\"https:\\\/\\\/www.facebook.com\\\/svenskamagasinet\",\"https:\\\/\\\/x.com\\\/SvenskaMagasine\"]},{\"@type\":\"Person\",\"@id\":\"https:\\\/\\\/lightweb.dev\\\/l\\\/svm-temp\\\/#\\\/schema\\\/person\\\/caffe038990d25722f5a04a03c906a2b\",\"name\":\"Robbie Eriksson\",\"sameAs\":[\"https:\\\/\\\/lightweb.dev\\\/l\\\/svm-temp\"],\"url\":\"https:\\\/\\\/lightweb.dev\\\/l\\\/svm-temp\\\/reporter\\\/robbie-eriksson\\\/\"}]}<\/script>\n<!-- \/ Yoast SEO Premium plugin. -->","yoast_head_json":{"title":"Fler utl\u00e4nningar k\u00f6per eller s\u00e4ljer bost\u00e4der i Spanien - Svenska Magasinet","robots":{"index":"noindex","follow":"follow","max-snippet":"max-snippet:-1","max-image-preview":"max-image-preview:large","max-video-preview":"max-video-preview:-1"},"og_locale":"sv_SE","og_type":"article","og_title":"Fler utl\u00e4nningar k\u00f6per eller s\u00e4ljer bost\u00e4der i Spanien","og_description":"Antalet utl\u00e4nningar som k\u00f6pte eller s\u00e5lde en bostad i Spanien \u00f6kade med 2 procent under den f\u00f6rsta halvan av 2024.","og_url":"https:\/\/lightweb.dev\/l\/svm-temp\/artiklar\/ekonomi\/fler-utlanningar-koper-eller-saljer-bostader-i-spanien\/","og_site_name":"Svenska Magasinet","article_publisher":"https:\/\/www.facebook.com\/svenskamagasinet","article_published_time":"2024-10-17T10:00:01+00:00","og_image":[{"width":1280,"height":853,"url":"https:\/\/lightweb.dev\/l\/svm-temp\/wp-content\/uploads\/2024\/03\/unnamed-stor.jpeg","type":"image\/jpeg"}],"author":"Robbie Eriksson","twitter_card":"summary_large_image","twitter_creator":"@SvenskaMagasine","twitter_site":"@SvenskaMagasine","schema":{"@context":"https:\/\/schema.org","@graph":[{"@type":"Article","@id":"https:\/\/lightweb.dev\/l\/svm-temp\/artiklar\/ekonomi\/fler-utlanningar-koper-eller-saljer-bostader-i-spanien\/#article","isPartOf":{"@id":"https:\/\/lightweb.dev\/l\/svm-temp\/artiklar\/ekonomi\/fler-utlanningar-koper-eller-saljer-bostader-i-spanien\/"},"author":{"name":"Robbie Eriksson","@id":"https:\/\/lightweb.dev\/l\/svm-temp\/#\/schema\/person\/caffe038990d25722f5a04a03c906a2b"},"headline":"Fler utl\u00e4nningar k\u00f6per eller s\u00e4ljer bost\u00e4der i Spanien","datePublished":"2024-10-17T10:00:01+00:00","mainEntityOfPage":{"@id":"https:\/\/lightweb.dev\/l\/svm-temp\/artiklar\/ekonomi\/fler-utlanningar-koper-eller-saljer-bostader-i-spanien\/"},"wordCount":398,"publisher":{"@id":"https:\/\/lightweb.dev\/l\/svm-temp\/#organization"},"image":{"@id":"https:\/\/lightweb.dev\/l\/svm-temp\/artiklar\/ekonomi\/fler-utlanningar-koper-eller-saljer-bostader-i-spanien\/#primaryimage"},"thumbnailUrl":"https:\/\/lightweb.dev\/l\/svm-temp\/wp-content\/uploads\/2024\/03\/unnamed-stor.jpeg","articleSection":["Ekonomi","Nyheter"],"inLanguage":"sv-SE"},{"@type":"WebPage","@id":"https:\/\/lightweb.dev\/l\/svm-temp\/artiklar\/ekonomi\/fler-utlanningar-koper-eller-saljer-bostader-i-spanien\/","url":"https:\/\/lightweb.dev\/l\/svm-temp\/artiklar\/ekonomi\/fler-utlanningar-koper-eller-saljer-bostader-i-spanien\/","name":"Fler utl\u00e4nningar k\u00f6per eller s\u00e4ljer bost\u00e4der i Spanien - Svenska Magasinet","isPartOf":{"@id":"https:\/\/lightweb.dev\/l\/svm-temp\/#website"},"primaryImageOfPage":{"@id":"https:\/\/lightweb.dev\/l\/svm-temp\/artiklar\/ekonomi\/fler-utlanningar-koper-eller-saljer-bostader-i-spanien\/#primaryimage"},"image":{"@id":"https:\/\/lightweb.dev\/l\/svm-temp\/artiklar\/ekonomi\/fler-utlanningar-koper-eller-saljer-bostader-i-spanien\/#primaryimage"},"thumbnailUrl":"https:\/\/lightweb.dev\/l\/svm-temp\/wp-content\/uploads\/2024\/03\/unnamed-stor.jpeg","datePublished":"2024-10-17T10:00:01+00:00","breadcrumb":{"@id":"https:\/\/lightweb.dev\/l\/svm-temp\/artiklar\/ekonomi\/fler-utlanningar-koper-eller-saljer-bostader-i-spanien\/#breadcrumb"},"inLanguage":"sv-SE","potentialAction":[{"@type":"ReadAction","target":["https:\/\/lightweb.dev\/l\/svm-temp\/artiklar\/ekonomi\/fler-utlanningar-koper-eller-saljer-bostader-i-spanien\/"]}]},{"@type":"ImageObject","inLanguage":"sv-SE","@id":"https:\/\/lightweb.dev\/l\/svm-temp\/artiklar\/ekonomi\/fler-utlanningar-koper-eller-saljer-bostader-i-spanien\/#primaryimage","url":"https:\/\/lightweb.dev\/l\/svm-temp\/wp-content\/uploads\/2024\/03\/unnamed-stor.jpeg","contentUrl":"https:\/\/lightweb.dev\/l\/svm-temp\/wp-content\/uploads\/2024\/03\/unnamed-stor.jpeg","width":1280,"height":853},{"@type":"BreadcrumbList","@id":"https:\/\/lightweb.dev\/l\/svm-temp\/artiklar\/ekonomi\/fler-utlanningar-koper-eller-saljer-bostader-i-spanien\/#breadcrumb","itemListElement":[{"@type":"ListItem","position":1,"name":"Hem","item":"https:\/\/lightweb.dev\/l\/svm-temp\/"},{"@type":"ListItem","position":2,"name":"Fler utl\u00e4nningar k\u00f6per eller s\u00e4ljer bost\u00e4der i Spanien"}]},{"@type":"WebSite","@id":"https:\/\/lightweb.dev\/l\/svm-temp\/#website","url":"https:\/\/lightweb.dev\/l\/svm-temp\/","name":"Svenska Magasinet","description":"Dina Spanska nyheter p&aring; Svenska","publisher":{"@id":"https:\/\/lightweb.dev\/l\/svm-temp\/#organization"},"potentialAction":[{"@type":"SearchAction","target":{"@type":"EntryPoint","urlTemplate":"https:\/\/lightweb.dev\/l\/svm-temp\/?s={search_term_string}"},"query-input":{"@type":"PropertyValueSpecification","valueRequired":true,"valueName":"search_term_string"}}],"inLanguage":"sv-SE"},{"@type":"Organization","@id":"https:\/\/lightweb.dev\/l\/svm-temp\/#organization","name":"Melkerson y Nott SL","alternateName":"Svenska Magasinet","url":"https:\/\/lightweb.dev\/l\/svm-temp\/","logo":{"@type":"ImageObject","inLanguage":"sv-SE","@id":"https:\/\/lightweb.dev\/l\/svm-temp\/#\/schema\/logo\/image\/","url":"https:\/\/lightweb.dev\/l\/svm-temp\/wp-content\/uploads\/2025\/02\/SvM-logo-Xtra-Centrerad-SVART.png","contentUrl":"https:\/\/lightweb.dev\/l\/svm-temp\/wp-content\/uploads\/2025\/02\/SvM-logo-Xtra-Centrerad-SVART.png","width":300,"height":99,"caption":"Melkerson y Nott SL"},"image":{"@id":"https:\/\/lightweb.dev\/l\/svm-temp\/#\/schema\/logo\/image\/"},"sameAs":["https:\/\/www.facebook.com\/svenskamagasinet","https:\/\/x.com\/SvenskaMagasine"]},{"@type":"Person","@id":"https:\/\/lightweb.dev\/l\/svm-temp\/#\/schema\/person\/caffe038990d25722f5a04a03c906a2b","name":"Robbie Eriksson","sameAs":["https:\/\/lightweb.dev\/l\/svm-temp"],"url":"https:\/\/lightweb.dev\/l\/svm-temp\/reporter\/robbie-eriksson\/"}]}},"_links":{"self":[{"href":"https:\/\/lightweb.dev\/l\/svm-temp\/wp-json\/wp\/v2\/posts\/75235","targetHints":{"allow":["GET"]}}],"collection":[{"href":"https:\/\/lightweb.dev\/l\/svm-temp\/wp-json\/wp\/v2\/posts"}],"about":[{"href":"https:\/\/lightweb.dev\/l\/svm-temp\/wp-json\/wp\/v2\/types\/post"}],"author":[{"embeddable":true,"href":"https:\/\/lightweb.dev\/l\/svm-temp\/wp-json\/wp\/v2\/users\/14"}],"replies":[{"embeddable":true,"href":"https:\/\/lightweb.dev\/l\/svm-temp\/wp-json\/wp\/v2\/comments?post=75235"}],"version-history":[{"count":0,"href":"https:\/\/lightweb.dev\/l\/svm-temp\/wp-json\/wp\/v2\/posts\/75235\/revisions"}],"wp:featuredmedia":[{"embeddable":true,"href":"https:\/\/lightweb.dev\/l\/svm-temp\/wp-json\/wp\/v2\/media\/70684"}],"wp:attachment":[{"href":"https:\/\/lightweb.dev\/l\/svm-temp\/wp-json\/wp\/v2\/media?parent=75235"}],"wp:term":[{"taxonomy":"category","embeddable":true,"href":"https:\/\/lightweb.dev\/l\/svm-temp\/wp-json\/wp\/v2\/categories?post=75235"},{"taxonomy":"post_tag","embeddable":true,"href":"https:\/\/lightweb.dev\/l\/svm-temp\/wp-json\/wp\/v2\/tags?post=75235"}],"curies":[{"name":"wp","href":"https:\/\/api.w.org\/{rel}","templated":true}]}}